{"id":166972,"date":"2026-04-27T13:58:35","date_gmt":"2026-04-27T10:58:35","guid":{"rendered":"https:\/\/epochtimestr.com\/?p=166972"},"modified":"2026-04-27T14:00:31","modified_gmt":"2026-04-27T11:00:31","slug":"malide-cunta-gucleri-isyancilar-ve-islamci-teroristlerle-catisti","status":"publish","type":"post","link":"https:\/\/epochtimestr.com\/index.php\/malide-cunta-gucleri-isyancilar-ve-islamci-teroristlerle-catisti","title":{"rendered":"Mali\u2019de Cunta G\u00fc\u00e7leri \u0130syanc\u0131lar ve \u0130slamc\u0131 Ter\u00f6ristlerle \u00c7at\u0131\u015ft\u0131"},"content":{"rendered":"<div class=\"wp-block-image\">\n<figure class=\"aligncenter size-full is-resized\"><img loading=\"lazy\" decoding=\"async\" width=\"1200\" height=\"800\" src=\"https:\/\/epochtimestr.com\/wp-content\/uploads\/2011y\/1000037406.webp\" alt=\"Azawad Kurtulu\u015f Cephesi (FLA) militanlar\u0131, 28 A\u011fustos 2022'de Mali'nin Kidal b\u00f6lgesinde Hareketlerin Birle\u015fme Kongresi s\u0131ras\u0131nda devriye geziyor. (Foto\u011fraf: Souleymane Ag Anara\/AFP\/Getty Images)\" class=\"wp-image-166975\" style=\"width:840px;height:auto\" srcset=\"https:\/\/epochtimestr.com\/wp-content\/uploads\/2011y\/1000037406.webp 1200w, https:\/\/epochtimestr.com\/wp-content\/uploads\/2011y\/1000037406-300x200.webp 300w, https:\/\/epochtimestr.com\/wp-content\/uploads\/2011y\/1000037406-150x100.webp 150w, https:\/\/epochtimestr.com\/wp-content\/uploads\/2011y\/1000037406-768x512.webp 768w\" sizes=\"(max-width: 1200px) 100vw, 1200px\" \/><figcaption class=\"wp-element-caption\">Mali\u2019de 25 Nisan\u2019da Tuareg isyanc\u0131lar\u0131 ve I\u015e\u0130D ba\u011flant\u0131l\u0131 islamc\u0131 ter\u00f6ristler, h\u00fck\u00fcmet g\u00fc\u00e7lerine sald\u0131rd\u0131. \u00c7at\u0131\u015fmalar, \u00fclkede g\u00fcvenlik krizine yol a\u00e7t\u0131. Azawad Kurtulu\u015f Cephesi (FLA) militanlar\u0131, Hareketlerin Birle\u015fme Kongresi s\u0131ras\u0131nda devriye gezerken. 28 A\u011fustos 2022, Kidal b\u00f6lgesi, Mali. (Foto\u011fraf: S\u00fcleyman Ag Anara, AFP &#8211; Getty Images, The Epoch Times arac\u0131l\u0131\u011f\u0131yla)<\/figcaption><\/figure><\/div>\n\n\n<p>Mali\u2019de etnik Tuareg isyanc\u0131lar ve El Kaide ba\u011flant\u0131l\u0131 islamc\u0131 ter\u00f6rist \u00f6rg\u00fctler koordineli sald\u0131r\u0131lar d\u00fczenledi. 25 Nisan\u2019da ba\u015flayan sald\u0131r\u0131lar, \u00fclkenin h\u00fck\u00fcmet g\u00fc\u00e7leriyle Cemaat Nusrat al-Islam wal-Muslimin <a href=\"https:\/\/www.theepochtimes.com\/world\/junta-forces-clash-with-rebels-and-islamic-terrorists-in-mali-6017113\" target=\"_blank\" rel=\"noreferrer noopener\">(JNIM)<\/a> \u00fcyeleri ve etnik Tuareg isyanc\u0131lar aras\u0131nda yo\u011fun \u00e7at\u0131\u015fmalara yol a\u00e7t\u0131. Sald\u0131r\u0131lar, farkl\u0131 b\u00f6lgelerdeki askeri \u00fcsler ve sivil yerle\u015fim yerlerine y\u00f6neldi.<\/p>\n\n\n\n<p>Azawad b\u00f6lgesi i\u00e7in ba\u011f\u0131ms\u0131zl\u0131k arayan etnik Tuaregler, 1960&#8217;lardan beri h\u00fck\u00fcmetle aral\u0131kl\u0131 \u00e7at\u0131\u015f\u0131yor. FLA (Azawad Kurtulu\u015f Cephesi) ve JNIM, bu \u00e7at\u0131\u015fmalarda birlikte hareket ettiklerini belirttiler. Sald\u0131r\u0131lar\u0131n ard\u0131ndan, Mali h\u00fck\u00fcmeti \u00e7at\u0131\u015fmalar\u0131 kontrol alt\u0131na almak i\u00e7in b\u00fcy\u00fck bir operasyon ba\u015flatt\u0131.<\/p>\n\n\n\n<p><strong>Uluslararas\u0131 Tepkiler ve ABD\u2019nin A\u00e7\u0131klamas\u0131<\/strong><\/p>\n\n\n\n<p>\u00c7at\u0131\u015fmalar yay\u0131ld\u0131k\u00e7a, Mali&#8217;deki ABD B\u00fcy\u00fckel\u00e7ili\u011fi bir g\u00fcvenlik uyar\u0131s\u0131 yay\u0131nlayarak ABD vatanda\u015flar\u0131na s\u0131\u011f\u0131nmalar\u0131n\u0131 tavsiye etti. <a href=\"https:\/\/epochtimestr.com\/index.php\/abdden-3-afrika-ulkesi-icin-seyahat-uyarisi\" target=\"_blank\" rel=\"noreferrer noopener\">ABD D\u0131\u015fi\u015fleri Bakanl\u0131\u011f\u0131<\/a>, ter\u00f6rist sald\u0131r\u0131lar\u0131 g\u00fc\u00e7l\u00fc bir \u015fekilde k\u0131nayarak, \u201cter\u00f6rist sald\u0131r\u0131lar\u201d olarak nitelendirdi. Bakanl\u0131k olaylarda ya\u015fam\u0131n\u0131 yitirenler i\u00e7in ba\u015fsa\u011fl\u0131\u011f\u0131 mesaj\u0131 yay\u0131mlad\u0131. Ayr\u0131ca, Mali halk\u0131 ve h\u00fck\u00fcmetiyle dayan\u0131\u015fma i\u00e7inde olduklar\u0131n\u0131 belirtti.<\/p>\n\n\n\n<p>Mali h\u00fck\u00fcmeti, sald\u0131r\u0131lar\u0131n ba\u015fta ba\u015fkent Bamako olmak \u00fczere \u00fclke \u00e7ap\u0131nda ciddi tahribat yaratt\u0131\u011f\u0131n\u0131 a\u00e7\u0131klad\u0131. H\u00fck\u00fcmet g\u00fc\u00e7leri, olaylar\u0131n yay\u0131lmas\u0131n\u0131n ard\u0131ndan b\u00fcy\u00fck bir temizlik operasyonu ba\u015flatt\u0131. \u00d6zellikle \u00fclke genelinde g\u00fcvenli\u011fi sa\u011flamay\u0131 ama\u00e7lad\u0131. Ancak FLA ve JNIM birliklerinin, h\u00fck\u00fcmetin kontrol\u00fcndeki Kidal\u2019daki askeri \u00fcsse girdi\u011fi bildirildi. \u0130syanc\u0131lar burada Rus paral\u0131 askerlerinin de bulundu\u011fu alanlarda \u00e7at\u0131\u015fmalara girdi.<\/p>\n\n\n\n<p>H\u00fck\u00fcmet, yapt\u0131\u011f\u0131 a\u00e7\u0131klamada, g\u00fcvenlik durumunun kontrol alt\u0131na al\u0131nd\u0131\u011f\u0131n\u0131, ancak operasyonlar\u0131n devam etti\u011fini belirtti. Mali h\u00fck\u00fcmetinin a\u00e7\u0131klamalar\u0131na g\u00f6re, isyanc\u0131lar\u0131n sald\u0131r\u0131lar\u0131n\u0131n ard\u0131ndan \u00e7ok say\u0131da ter\u00f6rist etkisiz hale getirildi. \u00c7at\u0131\u015fmalarda, h\u00fck\u00fcmet g\u00fc\u00e7lerinin g\u00f6sterdi\u011fi direncin ard\u0131ndan b\u00f6lgedeki g\u00fcvenlik durumu stabil hale gelmeye ba\u015flad\u0131.<\/p>\n","protected":false},"excerpt":{"rendered":"<p>Mali\u2019de etnik Tuareg isyanc\u0131lar ve El Kaide ba\u011flant\u0131l\u0131 islamc\u0131 ter\u00f6rist \u00f6rg\u00fctler koordineli sald\u0131r\u0131lar d\u00fczenledi. 25 Nisan\u2019da ba\u015flayan sald\u0131r\u0131lar, \u00fclkenin h\u00fck\u00fcmet g\u00fc\u00e7leriyle Cemaat Nusrat al-Islam wal-Muslimin (JNIM) \u00fcyeleri ve etnik Tuareg isyanc\u0131lar aras\u0131nda yo\u011fun \u00e7at\u0131\u015fmalara yol a\u00e7t\u0131. Sald\u0131r\u0131lar, farkl\u0131 b\u00f6lgelerdeki askeri \u00fcsler ve sivil yerle\u015fim yerlerine y\u00f6neldi. Azawad b\u00f6lgesi i\u00e7in ba\u011f\u0131ms\u0131zl\u0131k arayan etnik Tuaregler, 1960&#8217;lardan beri [&hellip;]<\/p>\n","protected":false},"author":13996,"featured_media":166975,"comment_status":"open","ping_status":"open","sticky":false,"template":"","format":"standard","meta":{"_yoast_wpseo_focuskw":"Mali'de - islamc\u0131","_yoast_wpseo_title":"","_yoast_wpseo_metadesc":"Mali\u2019de 25 Nisan\u2019da etnik Tuareg isyanc\u0131lar\u0131 ve I\u015e\u0130D ba\u011flant\u0131l\u0131 islamc\u0131 ter\u00f6rist \u00f6rg\u00fctler h\u00fck\u00fcmet g\u00fc\u00e7lerine sald\u0131rd\u0131.","_bbp_topic_count":0,"_bbp_reply_count":0,"_bbp_total_topic_count":0,"_bbp_total_reply_count":0,"_bbp_voice_count":0,"_bbp_anonymous_reply_count":0,"_bbp_topic_count_hidden":0,"_bbp_reply_count_hidden":0,"_bbp_forum_subforum_count":0,"footnotes":"","_yoast_wpseo_focuskw_text_input":""},"categories":[5,1,8138],"tags":[407,228,11303,229,4242,11309,11311,11304,5410,11305,11310],"yoast_head":"<!-- This site is optimized with the Yoast SEO plugin v23.0 - https:\/\/yoast.com\/wordpress\/plugins\/seo\/ -->\n<title>Mali\u2019de Cunta G\u00fc\u00e7leri \u0130syanc\u0131lar ve \u0130slamc\u0131 Ter\u00f6ristlerle \u00c7at\u0131\u015ft\u0131 - The Epoch Times TR<\/title>\n<meta name=\"description\" content=\"Mali\u2019de 25 Nisan\u2019da etnik Tuareg isyanc\u0131lar\u0131 ve I\u015e\u0130D ba\u011flant\u0131l\u0131 islamc\u0131 ter\u00f6rist \u00f6rg\u00fctler h\u00fck\u00fcmet g\u00fc\u00e7lerine sald\u0131rd\u0131.\" \/>\n<meta name=\"robots\" content=\"index, follow, max-snippet:-1, max-image-preview:large, max-video-preview:-1\" \/>\n<link rel=\"canonical\" href=\"https:\/\/epochtimestr.com\/index.php\/malide-cunta-gucleri-isyancilar-ve-islamci-teroristlerle-catisti\" \/>\n<meta property=\"og:locale\" content=\"tr_TR\" \/>\n<meta property=\"og:type\" content=\"article\" \/>\n<meta property=\"og:title\" content=\"Mali\u2019de Cunta G\u00fc\u00e7leri \u0130syanc\u0131lar ve \u0130slamc\u0131 Ter\u00f6ristlerle \u00c7at\u0131\u015ft\u0131 - The Epoch Times TR\" \/>\n<meta property=\"og:description\" content=\"Mali\u2019de 25 Nisan\u2019da etnik Tuareg isyanc\u0131lar\u0131 ve I\u015e\u0130D ba\u011flant\u0131l\u0131 islamc\u0131 ter\u00f6rist \u00f6rg\u00fctler h\u00fck\u00fcmet g\u00fc\u00e7lerine sald\u0131rd\u0131.\" \/>\n<meta property=\"og:url\" content=\"https:\/\/epochtimestr.com\/index.php\/malide-cunta-gucleri-isyancilar-ve-islamci-teroristlerle-catisti\" \/>\n<meta property=\"og:site_name\" content=\"The Epoch Times TR\" \/>\n<meta property=\"article:publisher\" content=\"https:\/\/www.facebook.com\/theepochtimestr\" \/>\n<meta property=\"article:published_time\" content=\"2026-04-27T10:58:35+00:00\" \/>\n<meta property=\"article:modified_time\" content=\"2026-04-27T11:00:31+00:00\" \/>\n<meta property=\"og:image\" content=\"https:\/\/epochtimestr.com\/wp-content\/uploads\/2011y\/1000037406.webp\" \/>\n\t<meta property=\"og:image:width\" content=\"1200\" \/>\n\t<meta property=\"og:image:height\" content=\"800\" \/>\n\t<meta property=\"og:image:type\" content=\"image\/webp\" \/>\n<meta name=\"author\" content=\"Leo Bajelan\" \/>\n<meta name=\"twitter:card\" content=\"summary_large_image\" \/>\n<meta name=\"twitter:creator\" content=\"@TheEpochTimesTR\" \/>\n<meta name=\"twitter:site\" content=\"@TheEpochTimesTR\" \/>\n<meta name=\"twitter:label1\" content=\"Yazan:\" \/>\n\t<meta name=\"twitter:data1\" content=\"Leo Bajelan\" \/>\n\t<meta name=\"twitter:label2\" content=\"Tahmini okuma s\u00fcresi\" \/>\n\t<meta name=\"twitter:data2\" content=\"3 dakika\" \/>\n<script type=\"application\/ld+json\" class=\"yoast-schema-graph\">{\"@context\":\"https:\/\/schema.org\",\"@graph\":[{\"@type\":\"Article\",\"@id\":\"https:\/\/epochtimestr.com\/index.php\/malide-cunta-gucleri-isyancilar-ve-islamci-teroristlerle-catisti#article\",\"isPartOf\":{\"@id\":\"https:\/\/epochtimestr.com\/index.php\/malide-cunta-gucleri-isyancilar-ve-islamci-teroristlerle-catisti\"},\"author\":{\"name\":\"Leo Bajelan\",\"@id\":\"https:\/\/epochtimestr.com\/#\/schema\/person\/5fef218711d76d8f232b0e1f1d7e4c0d\"},\"headline\":\"Mali\u2019de Cunta G\u00fc\u00e7leri \u0130syanc\u0131lar ve \u0130slamc\u0131 Ter\u00f6ristlerle \u00c7at\u0131\u015ft\u0131\",\"datePublished\":\"2026-04-27T10:58:35+00:00\",\"dateModified\":\"2026-04-27T11:00:31+00:00\",\"mainEntityOfPage\":{\"@id\":\"https:\/\/epochtimestr.com\/index.php\/malide-cunta-gucleri-isyancilar-ve-islamci-teroristlerle-catisti\"},\"wordCount\":457,\"commentCount\":0,\"publisher\":{\"@id\":\"https:\/\/epochtimestr.com\/#organization\"},\"image\":{\"@id\":\"https:\/\/epochtimestr.com\/index.php\/malide-cunta-gucleri-isyancilar-ve-islamci-teroristlerle-catisti#primaryimage\"},\"thumbnailUrl\":\"https:\/\/epochtimestr.com\/wp-content\/uploads\/2011y\/1000037406.webp\",\"keywords\":[\"ABD\",\"Afrika\",\"Cunta G\u00fc\u00e7leri\",\"El Kaide\",\"I\u015e\u0130D\",\"islamc\u0131 ter\u00f6rist \u00f6rg\u00fctler\",\"JNIM\",\"Mali\",\"seyahat uyar\u0131s\u0131\",\"ter\u00f6rist sald\u0131r\u0131lar\",\"Tuareg isyanc\u0131lar\"],\"articleSection\":[\"D\u00dcNYA\",\"G\u00dcNDEM\",\"Man\u015fet\"],\"inLanguage\":\"tr\",\"potentialAction\":[{\"@type\":\"CommentAction\",\"name\":\"Comment\",\"target\":[\"https:\/\/epochtimestr.com\/index.php\/malide-cunta-gucleri-isyancilar-ve-islamci-teroristlerle-catisti#respond\"]}]},{\"@type\":\"WebPage\",\"@id\":\"https:\/\/epochtimestr.com\/index.php\/malide-cunta-gucleri-isyancilar-ve-islamci-teroristlerle-catisti\",\"url\":\"https:\/\/epochtimestr.com\/index.php\/malide-cunta-gucleri-isyancilar-ve-islamci-teroristlerle-catisti\",\"name\":\"Mali\u2019de Cunta G\u00fc\u00e7leri \u0130syanc\u0131lar ve \u0130slamc\u0131 Ter\u00f6ristlerle \u00c7at\u0131\u015ft\u0131 - The Epoch Times TR\",\"isPartOf\":{\"@id\":\"https:\/\/epochtimestr.com\/#website\"},\"primaryImageOfPage\":{\"@id\":\"https:\/\/epochtimestr.com\/index.php\/malide-cunta-gucleri-isyancilar-ve-islamci-teroristlerle-catisti#primaryimage\"},\"image\":{\"@id\":\"https:\/\/epochtimestr.com\/index.php\/malide-cunta-gucleri-isyancilar-ve-islamci-teroristlerle-catisti#primaryimage\"},\"thumbnailUrl\":\"https:\/\/epochtimestr.com\/wp-content\/uploads\/2011y\/1000037406.webp\",\"datePublished\":\"2026-04-27T10:58:35+00:00\",\"dateModified\":\"2026-04-27T11:00:31+00:00\",\"description\":\"Mali\u2019de 25 Nisan\u2019da etnik Tuareg isyanc\u0131lar\u0131 ve I\u015e\u0130D ba\u011flant\u0131l\u0131 islamc\u0131 ter\u00f6rist \u00f6rg\u00fctler h\u00fck\u00fcmet g\u00fc\u00e7lerine sald\u0131rd\u0131.\",\"inLanguage\":\"tr\",\"potentialAction\":[{\"@type\":\"ReadAction\",\"target\":[\"https:\/\/epochtimestr.com\/index.php\/malide-cunta-gucleri-isyancilar-ve-islamci-teroristlerle-catisti\"]}]},{\"@type\":\"ImageObject\",\"inLanguage\":\"tr\",\"@id\":\"https:\/\/epochtimestr.com\/index.php\/malide-cunta-gucleri-isyancilar-ve-islamci-teroristlerle-catisti#primaryimage\",\"url\":\"https:\/\/epochtimestr.com\/wp-content\/uploads\/2011y\/1000037406.webp\",\"contentUrl\":\"https:\/\/epochtimestr.com\/wp-content\/uploads\/2011y\/1000037406.webp\",\"width\":1200,\"height\":800},{\"@type\":\"WebSite\",\"@id\":\"https:\/\/epochtimestr.com\/#website\",\"url\":\"https:\/\/epochtimestr.com\/\",\"name\":\"The Epoch Times TR\",\"description\":\"De\u011fi\u015fen D\u00fcnyam\u0131za Taze Bir Bak\u0131\u015f\",\"publisher\":{\"@id\":\"https:\/\/epochtimestr.com\/#organization\"},\"potentialAction\":[{\"@type\":\"SearchAction\",\"target\":{\"@type\":\"EntryPoint\",\"urlTemplate\":\"https:\/\/epochtimestr.com\/?s={search_term_string}\"},\"query-input\":\"required name=search_term_string\"}],\"inLanguage\":\"tr\"},{\"@type\":\"Organization\",\"@id\":\"https:\/\/epochtimestr.com\/#organization\",\"name\":\"The EpochTimes T\u00fcrkiye\",\"url\":\"https:\/\/epochtimestr.com\/\",\"logo\":{\"@type\":\"ImageObject\",\"inLanguage\":\"tr\",\"@id\":\"https:\/\/epochtimestr.com\/#\/schema\/logo\/image\/\",\"url\":\"https:\/\/epochtimestr.com\/wp-content\/uploads\/2011y\/ET-Logo-YG.jpg\",\"contentUrl\":\"https:\/\/epochtimestr.com\/wp-content\/uploads\/2011y\/ET-Logo-YG.jpg\",\"width\":346,\"height\":29,\"caption\":\"The EpochTimes T\u00fcrkiye\"},\"image\":{\"@id\":\"https:\/\/epochtimestr.com\/#\/schema\/logo\/image\/\"},\"sameAs\":[\"https:\/\/www.facebook.com\/theepochtimestr\",\"https:\/\/x.com\/TheEpochTimesTR\",\"https:\/\/www.instagram.com\/epochtimestr\"]},{\"@type\":\"Person\",\"@id\":\"https:\/\/epochtimestr.com\/#\/schema\/person\/5fef218711d76d8f232b0e1f1d7e4c0d\",\"name\":\"Leo Bajelan\",\"image\":{\"@type\":\"ImageObject\",\"inLanguage\":\"tr\",\"@id\":\"https:\/\/epochtimestr.com\/#\/schema\/person\/image\/\",\"url\":\"https:\/\/secure.gravatar.com\/avatar\/917669146f489549e548a2e9af272df5?s=96&d=mm&r=g\",\"contentUrl\":\"https:\/\/secure.gravatar.com\/avatar\/917669146f489549e548a2e9af272df5?s=96&d=mm&r=g\",\"caption\":\"Leo Bajelan\"},\"url\":\"https:\/\/epochtimestr.com\/index.php\/author\/leo\"}]}<\/script>\n<!-- \/ Yoast SEO plugin. -->","yoast_head_json":{"title":"Mali\u2019de Cunta G\u00fc\u00e7leri \u0130syanc\u0131lar ve \u0130slamc\u0131 Ter\u00f6ristlerle \u00c7at\u0131\u015ft\u0131 - The Epoch Times TR","description":"Mali\u2019de 25 Nisan\u2019da etnik Tuareg isyanc\u0131lar\u0131 ve I\u015e\u0130D ba\u011flant\u0131l\u0131 islamc\u0131 ter\u00f6rist \u00f6rg\u00fctler h\u00fck\u00fcmet g\u00fc\u00e7lerine sald\u0131rd\u0131.","robots":{"index":"index","follow":"follow","max-snippet":"max-snippet:-1","max-image-preview":"max-image-preview:large","max-video-preview":"max-video-preview:-1"},"canonical":"https:\/\/epochtimestr.com\/index.php\/malide-cunta-gucleri-isyancilar-ve-islamci-teroristlerle-catisti","og_locale":"tr_TR","og_type":"article","og_title":"Mali\u2019de Cunta G\u00fc\u00e7leri \u0130syanc\u0131lar ve \u0130slamc\u0131 Ter\u00f6ristlerle \u00c7at\u0131\u015ft\u0131 - The Epoch Times TR","og_description":"Mali\u2019de 25 Nisan\u2019da etnik Tuareg isyanc\u0131lar\u0131 ve I\u015e\u0130D ba\u011flant\u0131l\u0131 islamc\u0131 ter\u00f6rist \u00f6rg\u00fctler h\u00fck\u00fcmet g\u00fc\u00e7lerine sald\u0131rd\u0131.","og_url":"https:\/\/epochtimestr.com\/index.php\/malide-cunta-gucleri-isyancilar-ve-islamci-teroristlerle-catisti","og_site_name":"The Epoch Times TR","article_publisher":"https:\/\/www.facebook.com\/theepochtimestr","article_published_time":"2026-04-27T10:58:35+00:00","article_modified_time":"2026-04-27T11:00:31+00:00","og_image":[{"width":1200,"height":800,"url":"https:\/\/epochtimestr.com\/wp-content\/uploads\/2011y\/1000037406.webp","type":"image\/webp"}],"author":"Leo Bajelan","twitter_card":"summary_large_image","twitter_creator":"@TheEpochTimesTR","twitter_site":"@TheEpochTimesTR","twitter_misc":{"Yazan:":"Leo Bajelan","Tahmini okuma s\u00fcresi":"3 dakika"},"schema":{"@context":"https:\/\/schema.org","@graph":[{"@type":"Article","@id":"https:\/\/epochtimestr.com\/index.php\/malide-cunta-gucleri-isyancilar-ve-islamci-teroristlerle-catisti#article","isPartOf":{"@id":"https:\/\/epochtimestr.com\/index.php\/malide-cunta-gucleri-isyancilar-ve-islamci-teroristlerle-catisti"},"author":{"name":"Leo Bajelan","@id":"https:\/\/epochtimestr.com\/#\/schema\/person\/5fef218711d76d8f232b0e1f1d7e4c0d"},"headline":"Mali\u2019de Cunta G\u00fc\u00e7leri \u0130syanc\u0131lar ve \u0130slamc\u0131 Ter\u00f6ristlerle \u00c7at\u0131\u015ft\u0131","datePublished":"2026-04-27T10:58:35+00:00","dateModified":"2026-04-27T11:00:31+00:00","mainEntityOfPage":{"@id":"https:\/\/epochtimestr.com\/index.php\/malide-cunta-gucleri-isyancilar-ve-islamci-teroristlerle-catisti"},"wordCount":457,"commentCount":0,"publisher":{"@id":"https:\/\/epochtimestr.com\/#organization"},"image":{"@id":"https:\/\/epochtimestr.com\/index.php\/malide-cunta-gucleri-isyancilar-ve-islamci-teroristlerle-catisti#primaryimage"},"thumbnailUrl":"https:\/\/epochtimestr.com\/wp-content\/uploads\/2011y\/1000037406.webp","keywords":["ABD","Afrika","Cunta G\u00fc\u00e7leri","El Kaide","I\u015e\u0130D","islamc\u0131 ter\u00f6rist \u00f6rg\u00fctler","JNIM","Mali","seyahat uyar\u0131s\u0131","ter\u00f6rist sald\u0131r\u0131lar","Tuareg isyanc\u0131lar"],"articleSection":["D\u00dcNYA","G\u00dcNDEM","Man\u015fet"],"inLanguage":"tr","potentialAction":[{"@type":"CommentAction","name":"Comment","target":["https:\/\/epochtimestr.com\/index.php\/malide-cunta-gucleri-isyancilar-ve-islamci-teroristlerle-catisti#respond"]}]},{"@type":"WebPage","@id":"https:\/\/epochtimestr.com\/index.php\/malide-cunta-gucleri-isyancilar-ve-islamci-teroristlerle-catisti","url":"https:\/\/epochtimestr.com\/index.php\/malide-cunta-gucleri-isyancilar-ve-islamci-teroristlerle-catisti","name":"Mali\u2019de Cunta G\u00fc\u00e7leri \u0130syanc\u0131lar ve \u0130slamc\u0131 Ter\u00f6ristlerle \u00c7at\u0131\u015ft\u0131 - The Epoch Times TR","isPartOf":{"@id":"https:\/\/epochtimestr.com\/#website"},"primaryImageOfPage":{"@id":"https:\/\/epochtimestr.com\/index.php\/malide-cunta-gucleri-isyancilar-ve-islamci-teroristlerle-catisti#primaryimage"},"image":{"@id":"https:\/\/epochtimestr.com\/index.php\/malide-cunta-gucleri-isyancilar-ve-islamci-teroristlerle-catisti#primaryimage"},"thumbnailUrl":"https:\/\/epochtimestr.com\/wp-content\/uploads\/2011y\/1000037406.webp","datePublished":"2026-04-27T10:58:35+00:00","dateModified":"2026-04-27T11:00:31+00:00","description":"Mali\u2019de 25 Nisan\u2019da etnik Tuareg isyanc\u0131lar\u0131 ve I\u015e\u0130D ba\u011flant\u0131l\u0131 islamc\u0131 ter\u00f6rist \u00f6rg\u00fctler h\u00fck\u00fcmet g\u00fc\u00e7lerine sald\u0131rd\u0131.","inLanguage":"tr","potentialAction":[{"@type":"ReadAction","target":["https:\/\/epochtimestr.com\/index.php\/malide-cunta-gucleri-isyancilar-ve-islamci-teroristlerle-catisti"]}]},{"@type":"ImageObject","inLanguage":"tr","@id":"https:\/\/epochtimestr.com\/index.php\/malide-cunta-gucleri-isyancilar-ve-islamci-teroristlerle-catisti#primaryimage","url":"https:\/\/epochtimestr.com\/wp-content\/uploads\/2011y\/1000037406.webp","contentUrl":"https:\/\/epochtimestr.com\/wp-content\/uploads\/2011y\/1000037406.webp","width":1200,"height":800},{"@type":"WebSite","@id":"https:\/\/epochtimestr.com\/#website","url":"https:\/\/epochtimestr.com\/","name":"The Epoch Times TR","description":"De\u011fi\u015fen D\u00fcnyam\u0131za Taze Bir Bak\u0131\u015f","publisher":{"@id":"https:\/\/epochtimestr.com\/#organization"},"potentialAction":[{"@type":"SearchAction","target":{"@type":"EntryPoint","urlTemplate":"https:\/\/epochtimestr.com\/?s={search_term_string}"},"query-input":"required name=search_term_string"}],"inLanguage":"tr"},{"@type":"Organization","@id":"https:\/\/epochtimestr.com\/#organization","name":"The EpochTimes T\u00fcrkiye","url":"https:\/\/epochtimestr.com\/","logo":{"@type":"ImageObject","inLanguage":"tr","@id":"https:\/\/epochtimestr.com\/#\/schema\/logo\/image\/","url":"https:\/\/epochtimestr.com\/wp-content\/uploads\/2011y\/ET-Logo-YG.jpg","contentUrl":"https:\/\/epochtimestr.com\/wp-content\/uploads\/2011y\/ET-Logo-YG.jpg","width":346,"height":29,"caption":"The EpochTimes T\u00fcrkiye"},"image":{"@id":"https:\/\/epochtimestr.com\/#\/schema\/logo\/image\/"},"sameAs":["https:\/\/www.facebook.com\/theepochtimestr","https:\/\/x.com\/TheEpochTimesTR","https:\/\/www.instagram.com\/epochtimestr"]},{"@type":"Person","@id":"https:\/\/epochtimestr.com\/#\/schema\/person\/5fef218711d76d8f232b0e1f1d7e4c0d","name":"Leo Bajelan","image":{"@type":"ImageObject","inLanguage":"tr","@id":"https:\/\/epochtimestr.com\/#\/schema\/person\/image\/","url":"https:\/\/secure.gravatar.com\/avatar\/917669146f489549e548a2e9af272df5?s=96&d=mm&r=g","contentUrl":"https:\/\/secure.gravatar.com\/avatar\/917669146f489549e548a2e9af272df5?s=96&d=mm&r=g","caption":"Leo Bajelan"},"url":"https:\/\/epochtimestr.com\/index.php\/author\/leo"}]}},"_links":{"self":[{"href":"https:\/\/epochtimestr.com\/index.php\/wp-json\/wp\/v2\/posts\/166972"}],"collection":[{"href":"https:\/\/epochtimestr.com\/index.php\/wp-json\/wp\/v2\/posts"}],"about":[{"href":"https:\/\/epochtimestr.com\/index.php\/wp-json\/wp\/v2\/types\/post"}],"author":[{"embeddable":true,"href":"https:\/\/epochtimestr.com\/index.php\/wp-json\/wp\/v2\/users\/13996"}],"replies":[{"embeddable":true,"href":"https:\/\/epochtimestr.com\/index.php\/wp-json\/wp\/v2\/comments?post=166972"}],"version-history":[{"count":3,"href":"https:\/\/epochtimestr.com\/index.php\/wp-json\/wp\/v2\/posts\/166972\/revisions"}],"predecessor-version":[{"id":166980,"href":"https:\/\/epochtimestr.com\/index.php\/wp-json\/wp\/v2\/posts\/166972\/revisions\/166980"}],"wp:featuredmedia":[{"embeddable":true,"href":"https:\/\/epochtimestr.com\/index.php\/wp-json\/wp\/v2\/media\/166975"}],"wp:attachment":[{"href":"https:\/\/epochtimestr.com\/index.php\/wp-json\/wp\/v2\/media?parent=166972"}],"wp:term":[{"taxonomy":"category","embeddable":true,"href":"https:\/\/epochtimestr.com\/index.php\/wp-json\/wp\/v2\/categories?post=166972"},{"taxonomy":"post_tag","embeddable":true,"href":"https:\/\/epochtimestr.com\/index.php\/wp-json\/wp\/v2\/tags?post=166972"}],"curies":[{"name":"wp","href":"https:\/\/api.w.org\/{rel}","templated":true}]}}