{"id":166982,"date":"2026-04-27T16:32:56","date_gmt":"2026-04-27T13:32:56","guid":{"rendered":"https:\/\/epochtimestr.com\/?p=166982"},"modified":"2026-04-27T18:52:28","modified_gmt":"2026-04-27T15:52:28","slug":"hatayda-bir-gazetecilik-orgutunun-basina-ilk-defa-kadin-bir-baskan-secildi","status":"publish","type":"post","link":"https:\/\/epochtimestr.com\/index.php\/hatayda-bir-gazetecilik-orgutunun-basina-ilk-defa-kadin-bir-baskan-secildi","title":{"rendered":"Hatay&#8217;da Bir Gazetecilik \u00d6rg\u00fct\u00fcn\u00fcn Ba\u015f\u0131na \u0130lk Defa Kad\u0131n Bir Ba\u015fkan Se\u00e7ildi"},"content":{"rendered":"<div class=\"wp-block-image\">\n<figure class=\"aligncenter size-full\"><img loading=\"lazy\" decoding=\"async\" width=\"1200\" height=\"800\" src=\"https:\/\/epochtimestr.com\/wp-content\/uploads\/2011y\/Suna-Zeytun.jpeg\" alt=\"\" class=\"wp-image-166983\" srcset=\"https:\/\/epochtimestr.com\/wp-content\/uploads\/2011y\/Suna-Zeytun.jpeg 1200w, https:\/\/epochtimestr.com\/wp-content\/uploads\/2011y\/Suna-Zeytun-300x200.jpeg 300w, https:\/\/epochtimestr.com\/wp-content\/uploads\/2011y\/Suna-Zeytun-150x100.jpeg 150w, https:\/\/epochtimestr.com\/wp-content\/uploads\/2011y\/Suna-Zeytun-768x512.jpeg 768w\" sizes=\"(max-width: 1200px) 100vw, 1200px\" \/><figcaption class=\"wp-element-caption\">Uluslararas\u0131 Gazeteciler Cemiyeti Hatay \u015eubesi Ba\u015fkan\u0131 Suna Zeytun<\/figcaption><\/figure><\/div>\n\n\n<p>Uluslararas\u0131 Gazeteciler Cemiyeti (UGC) Hatay \u015eubesi\u2019nin 2. Ola\u011fan\u00fcst\u00fc Genel Kurulu\u2019nda Suna Zeytun ba\u015fkanl\u0131\u011fa se\u00e7ildi. Zeytun\u2019un se\u00e7ilmesiyle ilk defa Hatay\u2019da bir gazetecilik \u00f6rg\u00fct\u00fcn\u00fcn ba\u015f\u0131na kad\u0131n bir ba\u015fkan ge\u00e7ti.<\/p>\n\n\n\n<p>Genel kurul toplant\u0131s\u0131, \u00c7ekmece Mahallesi \u00c7evreyolu Caddesi \u00fczerinde bulunan K\u00fclt\u00fcr Sanat \u00c7ar\u015f\u0131s\u0131 Toplant\u0131 Salonu\u2019nda ger\u00e7ekle\u015fti. Saat 12.00\u2019de ba\u015flayan toplant\u0131da salt \u00e7o\u011funlu\u011fun sa\u011flanmas\u0131yla birlikte genel kurul s\u00fcreci resmiyet kazand\u0131. Cemiyet \u00fcyeleri ve davetlilerin kat\u0131l\u0131m\u0131yla yap\u0131lan toplant\u0131da, yeni d\u00f6neme ili\u015fkin kararlar da ele al\u0131nd\u0131.<\/p>\n\n\n\n<p><strong>Ba\u015fkan \u00d6z\u2019den Yeni D\u00f6nem Mesaj\u0131<\/strong><\/p>\n\n\n\n<p>Toplant\u0131ya bir tebrik mesaj\u0131 g\u00f6nderen\u00a0UGC Genel Ba\u015fkan\u0131 Ahmet \u00d6z, genel kurula kat\u0131l\u0131m sa\u011flayan \u00fcyelere te\u015fekk\u00fcr ederek, cemiyetin kurumsal yap\u0131s\u0131n\u0131 g\u00fc\u00e7lendirmeye y\u00f6nelik \u00e7al\u0131\u015fmalar\u0131n s\u00fcrece\u011fini ifade etti. \u00d6z, yeni se\u00e7ilen y\u00f6netime ba\u015far\u0131 dileklerini ileterek yeni Ba\u015fkan Suna Zeytun\u2019u kutlad\u0131.<\/p>\n\n\n<div class=\"wp-block-image\">\n<figure class=\"aligncenter size-full\"><img loading=\"lazy\" decoding=\"async\" width=\"1600\" height=\"1200\" src=\"https:\/\/epochtimestr.com\/wp-content\/uploads\/2011y\/WhatsApp-Image-2026-04-27-at-15.42.06.jpeg\" alt=\"\" class=\"wp-image-166985\" srcset=\"https:\/\/epochtimestr.com\/wp-content\/uploads\/2011y\/WhatsApp-Image-2026-04-27-at-15.42.06.jpeg 1600w, https:\/\/epochtimestr.com\/wp-content\/uploads\/2011y\/WhatsApp-Image-2026-04-27-at-15.42.06-300x225.jpeg 300w, https:\/\/epochtimestr.com\/wp-content\/uploads\/2011y\/WhatsApp-Image-2026-04-27-at-15.42.06-150x113.jpeg 150w, https:\/\/epochtimestr.com\/wp-content\/uploads\/2011y\/WhatsApp-Image-2026-04-27-at-15.42.06-768x576.jpeg 768w, https:\/\/epochtimestr.com\/wp-content\/uploads\/2011y\/WhatsApp-Image-2026-04-27-at-15.42.06-1536x1152.jpeg 1536w, https:\/\/epochtimestr.com\/wp-content\/uploads\/2011y\/WhatsApp-Image-2026-04-27-at-15.42.06-86x64.jpeg 86w\" sizes=\"(max-width: 1600px) 100vw, 1600px\" \/><\/figure><\/div>\n\n\n<p><strong>Yeni Y\u00f6netim \u015eekillendi<\/strong><\/p>\n\n\n\n<p>Ger\u00e7ekle\u015ftirilen se\u00e7im sonucunda UGC Hatay \u015eubesi\u2019nin yeni y\u00f6netimi de belirlendi. Y\u00f6netim Kurulu asil \u00fcyeleri Suna Zeytun, Ali Arslan, Duygu Erta\u015f, H. \u00d6mer Nemutlu ve Aykut Y\u0131lmazlar oldu. Yedek \u00fcyeler ise Zehra Y\u0131lmaz, Abdullah Kuru, Murat Y\u0131lmaz, Ahmet Faiz ve Mehmet Artar oldu.<\/p>\n\n\n\n<p>Denetim Kurulu asil \u00fcyeliklerine ise \u015fu isimler geldi: Erdal Y\u0131lmaz \u00c7elik, Sevsem Cemali ve Emsal Sultano\u011flu se\u00e7ilirken; yedek \u00fcyeliklere Sibel Arslan, Serkan Aslan ve Enis Kap\u0131 se\u00e7ildi.<\/p>\n\n\n\n<p>Yeni Ba\u015fkan Suna Zeytun, yapt\u0131\u011f\u0131 k\u0131sa konu\u015fmada t\u00fcm \u00fcyelere takdirleri i\u00e7in te\u015fekk\u00fcr etti.<\/p>\n\n\n\n<p>Yeni y\u00f6netimin \u00f6n\u00fcm\u00fczdeki s\u00fcre\u00e7te cemiyet faaliyetlerini daha etkin hale getirmesi ve mesleki dayan\u0131\u015fmay\u0131 g\u00fc\u00e7lendirmesi bekleniyor.<\/p>\n","protected":false},"excerpt":{"rendered":"<p>Uluslararas\u0131 Gazeteciler Cemiyeti (UGC) Hatay \u015eubesi\u2019nin 2. Ola\u011fan\u00fcst\u00fc Genel Kurulu\u2019nda Suna Zeytun ba\u015fkanl\u0131\u011fa se\u00e7ildi. Zeytun\u2019un se\u00e7ilmesiyle ilk defa Hatay\u2019da bir gazetecilik \u00f6rg\u00fct\u00fcn\u00fcn ba\u015f\u0131na kad\u0131n bir ba\u015fkan ge\u00e7ti. Genel kurul toplant\u0131s\u0131, \u00c7ekmece Mahallesi \u00c7evreyolu Caddesi \u00fczerinde bulunan K\u00fclt\u00fcr Sanat \u00c7ar\u015f\u0131s\u0131 Toplant\u0131 Salonu\u2019nda ger\u00e7ekle\u015fti. Saat 12.00\u2019de ba\u015flayan toplant\u0131da salt \u00e7o\u011funlu\u011fun sa\u011flanmas\u0131yla birlikte genel kurul s\u00fcreci resmiyet kazand\u0131. [&hellip;]<\/p>\n","protected":false},"author":12791,"featured_media":166983,"comment_status":"open","ping_status":"open","sticky":false,"template":"","format":"standard","meta":{"_yoast_wpseo_focuskw":"Gazetecilik - Kad\u0131n","_yoast_wpseo_title":"","_yoast_wpseo_metadesc":"Uluslararas\u0131 Gazeteciler Cemiyeti (UGC) Hatay \u015eubesi\u2019nin 2. Ola\u011fan\u00fcst\u00fc Genel Kurulu\u2019nda ba\u015fkanl\u0131\u011fa Suna Zeytun se\u00e7ildi.","_bbp_topic_count":0,"_bbp_reply_count":0,"_bbp_total_topic_count":0,"_bbp_total_reply_count":0,"_bbp_voice_count":0,"_bbp_anonymous_reply_count":0,"_bbp_topic_count_hidden":0,"_bbp_reply_count_hidden":0,"_bbp_forum_subforum_count":0,"footnotes":"","_yoast_wpseo_focuskw_text_input":""},"categories":[1,8419],"tags":[],"yoast_head":"<!-- This site is optimized with the Yoast SEO plugin v23.0 - https:\/\/yoast.com\/wordpress\/plugins\/seo\/ -->\n<title>Hatay&#039;da Bir Gazetecilik \u00d6rg\u00fct\u00fcn\u00fcn Ba\u015f\u0131na \u0130lk Defa Kad\u0131n Bir Ba\u015fkan Se\u00e7ildi - The Epoch Times TR<\/title>\n<meta name=\"description\" content=\"Uluslararas\u0131 Gazeteciler Cemiyeti (UGC) Hatay \u015eubesi\u2019nin 2. Ola\u011fan\u00fcst\u00fc Genel Kurulu\u2019nda ba\u015fkanl\u0131\u011fa Suna Zeytun se\u00e7ildi.\" \/>\n<meta name=\"robots\" content=\"index, follow, max-snippet:-1, max-image-preview:large, max-video-preview:-1\" \/>\n<link rel=\"canonical\" href=\"https:\/\/epochtimestr.com\/index.php\/hatayda-bir-gazetecilik-orgutunun-basina-ilk-defa-kadin-bir-baskan-secildi\" \/>\n<meta property=\"og:locale\" content=\"tr_TR\" \/>\n<meta property=\"og:type\" content=\"article\" \/>\n<meta property=\"og:title\" content=\"Hatay&#039;da Bir Gazetecilik \u00d6rg\u00fct\u00fcn\u00fcn Ba\u015f\u0131na \u0130lk Defa Kad\u0131n Bir Ba\u015fkan Se\u00e7ildi - The Epoch Times TR\" \/>\n<meta property=\"og:description\" content=\"Uluslararas\u0131 Gazeteciler Cemiyeti (UGC) Hatay \u015eubesi\u2019nin 2. Ola\u011fan\u00fcst\u00fc Genel Kurulu\u2019nda ba\u015fkanl\u0131\u011fa Suna Zeytun se\u00e7ildi.\" \/>\n<meta property=\"og:url\" content=\"https:\/\/epochtimestr.com\/index.php\/hatayda-bir-gazetecilik-orgutunun-basina-ilk-defa-kadin-bir-baskan-secildi\" \/>\n<meta property=\"og:site_name\" content=\"The Epoch Times TR\" \/>\n<meta property=\"article:publisher\" content=\"https:\/\/www.facebook.com\/theepochtimestr\" \/>\n<meta property=\"article:published_time\" content=\"2026-04-27T13:32:56+00:00\" \/>\n<meta property=\"article:modified_time\" content=\"2026-04-27T15:52:28+00:00\" \/>\n<meta property=\"og:image\" content=\"https:\/\/epochtimestr.com\/wp-content\/uploads\/2011y\/Suna-Zeytun.jpeg\" \/>\n\t<meta property=\"og:image:width\" content=\"1200\" \/>\n\t<meta property=\"og:image:height\" content=\"800\" \/>\n\t<meta property=\"og:image:type\" content=\"image\/jpeg\" \/>\n<meta name=\"author\" content=\"Haber Merkezi\" \/>\n<meta name=\"twitter:card\" content=\"summary_large_image\" \/>\n<meta name=\"twitter:creator\" content=\"@TheEpochTimesTR\" \/>\n<meta name=\"twitter:site\" content=\"@TheEpochTimesTR\" \/>\n<meta name=\"twitter:label1\" content=\"Yazan:\" \/>\n\t<meta name=\"twitter:data1\" content=\"Haber Merkezi\" \/>\n\t<meta name=\"twitter:label2\" content=\"Tahmini okuma s\u00fcresi\" \/>\n\t<meta name=\"twitter:data2\" content=\"2 dakika\" \/>\n<script type=\"application\/ld+json\" class=\"yoast-schema-graph\">{\"@context\":\"https:\/\/schema.org\",\"@graph\":[{\"@type\":\"Article\",\"@id\":\"https:\/\/epochtimestr.com\/index.php\/hatayda-bir-gazetecilik-orgutunun-basina-ilk-defa-kadin-bir-baskan-secildi#article\",\"isPartOf\":{\"@id\":\"https:\/\/epochtimestr.com\/index.php\/hatayda-bir-gazetecilik-orgutunun-basina-ilk-defa-kadin-bir-baskan-secildi\"},\"author\":{\"name\":\"Haber Merkezi\",\"@id\":\"https:\/\/epochtimestr.com\/#\/schema\/person\/3dc5c3adeb9f43923c5aa85889172fdd\"},\"headline\":\"Hatay&#8217;da Bir Gazetecilik \u00d6rg\u00fct\u00fcn\u00fcn Ba\u015f\u0131na \u0130lk Defa Kad\u0131n Bir Ba\u015fkan Se\u00e7ildi\",\"datePublished\":\"2026-04-27T13:32:56+00:00\",\"dateModified\":\"2026-04-27T15:52:28+00:00\",\"mainEntityOfPage\":{\"@id\":\"https:\/\/epochtimestr.com\/index.php\/hatayda-bir-gazetecilik-orgutunun-basina-ilk-defa-kadin-bir-baskan-secildi\"},\"wordCount\":329,\"commentCount\":0,\"publisher\":{\"@id\":\"https:\/\/epochtimestr.com\/#organization\"},\"image\":{\"@id\":\"https:\/\/epochtimestr.com\/index.php\/hatayda-bir-gazetecilik-orgutunun-basina-ilk-defa-kadin-bir-baskan-secildi#primaryimage\"},\"thumbnailUrl\":\"https:\/\/epochtimestr.com\/wp-content\/uploads\/2011y\/Suna-Zeytun.jpeg\",\"articleSection\":[\"G\u00dcNDEM\",\"Ya\u015fam\"],\"inLanguage\":\"tr\",\"potentialAction\":[{\"@type\":\"CommentAction\",\"name\":\"Comment\",\"target\":[\"https:\/\/epochtimestr.com\/index.php\/hatayda-bir-gazetecilik-orgutunun-basina-ilk-defa-kadin-bir-baskan-secildi#respond\"]}]},{\"@type\":\"WebPage\",\"@id\":\"https:\/\/epochtimestr.com\/index.php\/hatayda-bir-gazetecilik-orgutunun-basina-ilk-defa-kadin-bir-baskan-secildi\",\"url\":\"https:\/\/epochtimestr.com\/index.php\/hatayda-bir-gazetecilik-orgutunun-basina-ilk-defa-kadin-bir-baskan-secildi\",\"name\":\"Hatay'da Bir Gazetecilik \u00d6rg\u00fct\u00fcn\u00fcn Ba\u015f\u0131na \u0130lk Defa Kad\u0131n Bir Ba\u015fkan Se\u00e7ildi - The Epoch Times TR\",\"isPartOf\":{\"@id\":\"https:\/\/epochtimestr.com\/#website\"},\"primaryImageOfPage\":{\"@id\":\"https:\/\/epochtimestr.com\/index.php\/hatayda-bir-gazetecilik-orgutunun-basina-ilk-defa-kadin-bir-baskan-secildi#primaryimage\"},\"image\":{\"@id\":\"https:\/\/epochtimestr.com\/index.php\/hatayda-bir-gazetecilik-orgutunun-basina-ilk-defa-kadin-bir-baskan-secildi#primaryimage\"},\"thumbnailUrl\":\"https:\/\/epochtimestr.com\/wp-content\/uploads\/2011y\/Suna-Zeytun.jpeg\",\"datePublished\":\"2026-04-27T13:32:56+00:00\",\"dateModified\":\"2026-04-27T15:52:28+00:00\",\"description\":\"Uluslararas\u0131 Gazeteciler Cemiyeti (UGC) Hatay \u015eubesi\u2019nin 2. Ola\u011fan\u00fcst\u00fc Genel Kurulu\u2019nda ba\u015fkanl\u0131\u011fa Suna Zeytun se\u00e7ildi.\",\"inLanguage\":\"tr\",\"potentialAction\":[{\"@type\":\"ReadAction\",\"target\":[\"https:\/\/epochtimestr.com\/index.php\/hatayda-bir-gazetecilik-orgutunun-basina-ilk-defa-kadin-bir-baskan-secildi\"]}]},{\"@type\":\"ImageObject\",\"inLanguage\":\"tr\",\"@id\":\"https:\/\/epochtimestr.com\/index.php\/hatayda-bir-gazetecilik-orgutunun-basina-ilk-defa-kadin-bir-baskan-secildi#primaryimage\",\"url\":\"https:\/\/epochtimestr.com\/wp-content\/uploads\/2011y\/Suna-Zeytun.jpeg\",\"contentUrl\":\"https:\/\/epochtimestr.com\/wp-content\/uploads\/2011y\/Suna-Zeytun.jpeg\",\"width\":1200,\"height\":800},{\"@type\":\"WebSite\",\"@id\":\"https:\/\/epochtimestr.com\/#website\",\"url\":\"https:\/\/epochtimestr.com\/\",\"name\":\"The Epoch Times TR\",\"description\":\"De\u011fi\u015fen D\u00fcnyam\u0131za Taze Bir Bak\u0131\u015f\",\"publisher\":{\"@id\":\"https:\/\/epochtimestr.com\/#organization\"},\"potentialAction\":[{\"@type\":\"SearchAction\",\"target\":{\"@type\":\"EntryPoint\",\"urlTemplate\":\"https:\/\/epochtimestr.com\/?s={search_term_string}\"},\"query-input\":\"required name=search_term_string\"}],\"inLanguage\":\"tr\"},{\"@type\":\"Organization\",\"@id\":\"https:\/\/epochtimestr.com\/#organization\",\"name\":\"The EpochTimes T\u00fcrkiye\",\"url\":\"https:\/\/epochtimestr.com\/\",\"logo\":{\"@type\":\"ImageObject\",\"inLanguage\":\"tr\",\"@id\":\"https:\/\/epochtimestr.com\/#\/schema\/logo\/image\/\",\"url\":\"https:\/\/epochtimestr.com\/wp-content\/uploads\/2011y\/ET-Logo-YG.jpg\",\"contentUrl\":\"https:\/\/epochtimestr.com\/wp-content\/uploads\/2011y\/ET-Logo-YG.jpg\",\"width\":346,\"height\":29,\"caption\":\"The EpochTimes T\u00fcrkiye\"},\"image\":{\"@id\":\"https:\/\/epochtimestr.com\/#\/schema\/logo\/image\/\"},\"sameAs\":[\"https:\/\/www.facebook.com\/theepochtimestr\",\"https:\/\/x.com\/TheEpochTimesTR\",\"https:\/\/www.instagram.com\/epochtimestr\"]},{\"@type\":\"Person\",\"@id\":\"https:\/\/epochtimestr.com\/#\/schema\/person\/3dc5c3adeb9f43923c5aa85889172fdd\",\"name\":\"Haber Merkezi\",\"image\":{\"@type\":\"ImageObject\",\"inLanguage\":\"tr\",\"@id\":\"https:\/\/epochtimestr.com\/#\/schema\/person\/image\/\",\"url\":\"https:\/\/secure.gravatar.com\/avatar\/d73f772ba5a74f28601361e17c2f93e6?s=96&d=mm&r=g\",\"contentUrl\":\"https:\/\/secure.gravatar.com\/avatar\/d73f772ba5a74f28601361e17c2f93e6?s=96&d=mm&r=g\",\"caption\":\"Haber Merkezi\"},\"url\":\"https:\/\/epochtimestr.com\/index.php\/author\/sendag\"}]}<\/script>\n<!-- \/ Yoast SEO plugin. -->","yoast_head_json":{"title":"Hatay'da Bir Gazetecilik \u00d6rg\u00fct\u00fcn\u00fcn Ba\u015f\u0131na \u0130lk Defa Kad\u0131n Bir Ba\u015fkan Se\u00e7ildi - The Epoch Times TR","description":"Uluslararas\u0131 Gazeteciler Cemiyeti (UGC) Hatay \u015eubesi\u2019nin 2. Ola\u011fan\u00fcst\u00fc Genel Kurulu\u2019nda ba\u015fkanl\u0131\u011fa Suna Zeytun se\u00e7ildi.","robots":{"index":"index","follow":"follow","max-snippet":"max-snippet:-1","max-image-preview":"max-image-preview:large","max-video-preview":"max-video-preview:-1"},"canonical":"https:\/\/epochtimestr.com\/index.php\/hatayda-bir-gazetecilik-orgutunun-basina-ilk-defa-kadin-bir-baskan-secildi","og_locale":"tr_TR","og_type":"article","og_title":"Hatay'da Bir Gazetecilik \u00d6rg\u00fct\u00fcn\u00fcn Ba\u015f\u0131na \u0130lk Defa Kad\u0131n Bir Ba\u015fkan Se\u00e7ildi - The Epoch Times TR","og_description":"Uluslararas\u0131 Gazeteciler Cemiyeti (UGC) Hatay \u015eubesi\u2019nin 2. Ola\u011fan\u00fcst\u00fc Genel Kurulu\u2019nda ba\u015fkanl\u0131\u011fa Suna Zeytun se\u00e7ildi.","og_url":"https:\/\/epochtimestr.com\/index.php\/hatayda-bir-gazetecilik-orgutunun-basina-ilk-defa-kadin-bir-baskan-secildi","og_site_name":"The Epoch Times TR","article_publisher":"https:\/\/www.facebook.com\/theepochtimestr","article_published_time":"2026-04-27T13:32:56+00:00","article_modified_time":"2026-04-27T15:52:28+00:00","og_image":[{"width":1200,"height":800,"url":"https:\/\/epochtimestr.com\/wp-content\/uploads\/2011y\/Suna-Zeytun.jpeg","type":"image\/jpeg"}],"author":"Haber Merkezi","twitter_card":"summary_large_image","twitter_creator":"@TheEpochTimesTR","twitter_site":"@TheEpochTimesTR","twitter_misc":{"Yazan:":"Haber Merkezi","Tahmini okuma s\u00fcresi":"2 dakika"},"schema":{"@context":"https:\/\/schema.org","@graph":[{"@type":"Article","@id":"https:\/\/epochtimestr.com\/index.php\/hatayda-bir-gazetecilik-orgutunun-basina-ilk-defa-kadin-bir-baskan-secildi#article","isPartOf":{"@id":"https:\/\/epochtimestr.com\/index.php\/hatayda-bir-gazetecilik-orgutunun-basina-ilk-defa-kadin-bir-baskan-secildi"},"author":{"name":"Haber Merkezi","@id":"https:\/\/epochtimestr.com\/#\/schema\/person\/3dc5c3adeb9f43923c5aa85889172fdd"},"headline":"Hatay&#8217;da Bir Gazetecilik \u00d6rg\u00fct\u00fcn\u00fcn Ba\u015f\u0131na \u0130lk Defa Kad\u0131n Bir Ba\u015fkan Se\u00e7ildi","datePublished":"2026-04-27T13:32:56+00:00","dateModified":"2026-04-27T15:52:28+00:00","mainEntityOfPage":{"@id":"https:\/\/epochtimestr.com\/index.php\/hatayda-bir-gazetecilik-orgutunun-basina-ilk-defa-kadin-bir-baskan-secildi"},"wordCount":329,"commentCount":0,"publisher":{"@id":"https:\/\/epochtimestr.com\/#organization"},"image":{"@id":"https:\/\/epochtimestr.com\/index.php\/hatayda-bir-gazetecilik-orgutunun-basina-ilk-defa-kadin-bir-baskan-secildi#primaryimage"},"thumbnailUrl":"https:\/\/epochtimestr.com\/wp-content\/uploads\/2011y\/Suna-Zeytun.jpeg","articleSection":["G\u00dcNDEM","Ya\u015fam"],"inLanguage":"tr","potentialAction":[{"@type":"CommentAction","name":"Comment","target":["https:\/\/epochtimestr.com\/index.php\/hatayda-bir-gazetecilik-orgutunun-basina-ilk-defa-kadin-bir-baskan-secildi#respond"]}]},{"@type":"WebPage","@id":"https:\/\/epochtimestr.com\/index.php\/hatayda-bir-gazetecilik-orgutunun-basina-ilk-defa-kadin-bir-baskan-secildi","url":"https:\/\/epochtimestr.com\/index.php\/hatayda-bir-gazetecilik-orgutunun-basina-ilk-defa-kadin-bir-baskan-secildi","name":"Hatay'da Bir Gazetecilik \u00d6rg\u00fct\u00fcn\u00fcn Ba\u015f\u0131na \u0130lk Defa Kad\u0131n Bir Ba\u015fkan Se\u00e7ildi - The Epoch Times TR","isPartOf":{"@id":"https:\/\/epochtimestr.com\/#website"},"primaryImageOfPage":{"@id":"https:\/\/epochtimestr.com\/index.php\/hatayda-bir-gazetecilik-orgutunun-basina-ilk-defa-kadin-bir-baskan-secildi#primaryimage"},"image":{"@id":"https:\/\/epochtimestr.com\/index.php\/hatayda-bir-gazetecilik-orgutunun-basina-ilk-defa-kadin-bir-baskan-secildi#primaryimage"},"thumbnailUrl":"https:\/\/epochtimestr.com\/wp-content\/uploads\/2011y\/Suna-Zeytun.jpeg","datePublished":"2026-04-27T13:32:56+00:00","dateModified":"2026-04-27T15:52:28+00:00","description":"Uluslararas\u0131 Gazeteciler Cemiyeti (UGC) Hatay \u015eubesi\u2019nin 2. Ola\u011fan\u00fcst\u00fc Genel Kurulu\u2019nda ba\u015fkanl\u0131\u011fa Suna Zeytun se\u00e7ildi.","inLanguage":"tr","potentialAction":[{"@type":"ReadAction","target":["https:\/\/epochtimestr.com\/index.php\/hatayda-bir-gazetecilik-orgutunun-basina-ilk-defa-kadin-bir-baskan-secildi"]}]},{"@type":"ImageObject","inLanguage":"tr","@id":"https:\/\/epochtimestr.com\/index.php\/hatayda-bir-gazetecilik-orgutunun-basina-ilk-defa-kadin-bir-baskan-secildi#primaryimage","url":"https:\/\/epochtimestr.com\/wp-content\/uploads\/2011y\/Suna-Zeytun.jpeg","contentUrl":"https:\/\/epochtimestr.com\/wp-content\/uploads\/2011y\/Suna-Zeytun.jpeg","width":1200,"height":800},{"@type":"WebSite","@id":"https:\/\/epochtimestr.com\/#website","url":"https:\/\/epochtimestr.com\/","name":"The Epoch Times TR","description":"De\u011fi\u015fen D\u00fcnyam\u0131za Taze Bir Bak\u0131\u015f","publisher":{"@id":"https:\/\/epochtimestr.com\/#organization"},"potentialAction":[{"@type":"SearchAction","target":{"@type":"EntryPoint","urlTemplate":"https:\/\/epochtimestr.com\/?s={search_term_string}"},"query-input":"required name=search_term_string"}],"inLanguage":"tr"},{"@type":"Organization","@id":"https:\/\/epochtimestr.com\/#organization","name":"The EpochTimes T\u00fcrkiye","url":"https:\/\/epochtimestr.com\/","logo":{"@type":"ImageObject","inLanguage":"tr","@id":"https:\/\/epochtimestr.com\/#\/schema\/logo\/image\/","url":"https:\/\/epochtimestr.com\/wp-content\/uploads\/2011y\/ET-Logo-YG.jpg","contentUrl":"https:\/\/epochtimestr.com\/wp-content\/uploads\/2011y\/ET-Logo-YG.jpg","width":346,"height":29,"caption":"The EpochTimes T\u00fcrkiye"},"image":{"@id":"https:\/\/epochtimestr.com\/#\/schema\/logo\/image\/"},"sameAs":["https:\/\/www.facebook.com\/theepochtimestr","https:\/\/x.com\/TheEpochTimesTR","https:\/\/www.instagram.com\/epochtimestr"]},{"@type":"Person","@id":"https:\/\/epochtimestr.com\/#\/schema\/person\/3dc5c3adeb9f43923c5aa85889172fdd","name":"Haber Merkezi","image":{"@type":"ImageObject","inLanguage":"tr","@id":"https:\/\/epochtimestr.com\/#\/schema\/person\/image\/","url":"https:\/\/secure.gravatar.com\/avatar\/d73f772ba5a74f28601361e17c2f93e6?s=96&d=mm&r=g","contentUrl":"https:\/\/secure.gravatar.com\/avatar\/d73f772ba5a74f28601361e17c2f93e6?s=96&d=mm&r=g","caption":"Haber Merkezi"},"url":"https:\/\/epochtimestr.com\/index.php\/author\/sendag"}]}},"_links":{"self":[{"href":"https:\/\/epochtimestr.com\/index.php\/wp-json\/wp\/v2\/posts\/166982"}],"collection":[{"href":"https:\/\/epochtimestr.com\/index.php\/wp-json\/wp\/v2\/posts"}],"about":[{"href":"https:\/\/epochtimestr.com\/index.php\/wp-json\/wp\/v2\/types\/post"}],"author":[{"embeddable":true,"href":"https:\/\/epochtimestr.com\/index.php\/wp-json\/wp\/v2\/users\/12791"}],"replies":[{"embeddable":true,"href":"https:\/\/epochtimestr.com\/index.php\/wp-json\/wp\/v2\/comments?post=166982"}],"version-history":[{"count":4,"href":"https:\/\/epochtimestr.com\/index.php\/wp-json\/wp\/v2\/posts\/166982\/revisions"}],"predecessor-version":[{"id":166990,"href":"https:\/\/epochtimestr.com\/index.php\/wp-json\/wp\/v2\/posts\/166982\/revisions\/166990"}],"wp:featuredmedia":[{"embeddable":true,"href":"https:\/\/epochtimestr.com\/index.php\/wp-json\/wp\/v2\/media\/166983"}],"wp:attachment":[{"href":"https:\/\/epochtimestr.com\/index.php\/wp-json\/wp\/v2\/media?parent=166982"}],"wp:term":[{"taxonomy":"category","embeddable":true,"href":"https:\/\/epochtimestr.com\/index.php\/wp-json\/wp\/v2\/categories?post=166982"},{"taxonomy":"post_tag","embeddable":true,"href":"https:\/\/epochtimestr.com\/index.php\/wp-json\/wp\/v2\/tags?post=166982"}],"curies":[{"name":"wp","href":"https:\/\/api.w.org\/{rel}","templated":true}]}}