{"id":167005,"date":"2026-04-29T14:07:25","date_gmt":"2026-04-29T11:07:25","guid":{"rendered":"https:\/\/epochtimestr.com\/?p=167005"},"modified":"2026-04-29T18:10:13","modified_gmt":"2026-04-29T15:10:13","slug":"mersinli-muhtarlardan-yetkililere-siiddeti-durdurun-cagrisi","status":"publish","type":"post","link":"https:\/\/epochtimestr.com\/index.php\/mersinli-muhtarlardan-yetkililere-siiddeti-durdurun-cagrisi","title":{"rendered":"Mersinli Muhtarlardan Yetkililere \u015eiddeti Durdurun \u00c7a\u011fr\u0131s\u0131"},"content":{"rendered":"<div class=\"wp-block-image\">\n<figure class=\"aligncenter size-large\"><img loading=\"lazy\" decoding=\"async\" width=\"1600\" height=\"1200\" src=\"https:\/\/epochtimestr.com\/wp-content\/uploads\/2011y\/Muhtarlar-1600x1200.jpeg\" alt=\"Mersin muhtar dernekleri, artan \u015fiddet olaylar\u0131na kar\u015f\u0131 ortak bas\u0131n a\u00e7\u0131klamas\u0131 yapt\u0131.\" class=\"wp-image-167006\" srcset=\"https:\/\/epochtimestr.com\/wp-content\/uploads\/2011y\/Muhtarlar-1600x1200.jpeg 1600w, https:\/\/epochtimestr.com\/wp-content\/uploads\/2011y\/Muhtarlar-300x225.jpeg 300w, https:\/\/epochtimestr.com\/wp-content\/uploads\/2011y\/Muhtarlar-150x113.jpeg 150w, https:\/\/epochtimestr.com\/wp-content\/uploads\/2011y\/Muhtarlar-768x576.jpeg 768w, https:\/\/epochtimestr.com\/wp-content\/uploads\/2011y\/Muhtarlar-1536x1152.jpeg 1536w, https:\/\/epochtimestr.com\/wp-content\/uploads\/2011y\/Muhtarlar-86x64.jpeg 86w, https:\/\/epochtimestr.com\/wp-content\/uploads\/2011y\/Muhtarlar.jpeg 2048w\" sizes=\"(max-width: 1600px) 100vw, 1600px\" \/><figcaption class=\"wp-element-caption\">Mersin muhtar dernekleri, artan \u015fiddet olaylar\u0131na kar\u015f\u0131 ortak bas\u0131n a\u00e7\u0131klamas\u0131 yapt\u0131.<\/figcaption><\/figure><\/div>\n\n\n<h2 class=\"wp-block-heading\"><strong>Mersin muhtar dernekleri, artan \u015fiddet olaylar\u0131na kar\u015f\u0131 ortak bas\u0131n a\u00e7\u0131klamas\u0131 yapt\u0131. A\u00e7\u0131klamada, medya i\u00e7erikleri, akran zorbal\u0131\u011f\u0131 ve toplumsal \u015fiddet konusunda yetkililere acil \u00f6nlem \u00e7a\u011fr\u0131s\u0131 yap\u0131ld\u0131.<\/strong><\/h2>\n\n\n\n<p>Mersin\u2019de faaliyet g\u00f6steren muhtar dernekleri, son d\u00f6nemde artan \u015fiddet olaylar\u0131na dikkat \u00e7ekerek kapsaml\u0131 bir bas\u0131n a\u00e7\u0131klamas\u0131 ger\u00e7ekle\u015ftirdi. <strong>Akdeniz Muhtarlar Birli\u011fi, Akdeniz Muhtarlar\u0131 Birlik, Beraberlik ve Dayan\u0131\u015fma Grubu, Mersin Toroslar Muhtarlar Derne\u011fi, Mersin Akdeniz Muhtarlar Derne\u011fi, Mezitli Muhtarlar Derne\u011fi ve \u015eehir Muhtarlar Derne\u011fi<\/strong> ortak a\u00e7\u0131klama yapt\u0131.<\/p>\n\n\n\n<p>Bas\u0131n a\u00e7\u0131klamas\u0131n\u0131 \u0130hsaniye Mahallesi Muhtar\u0131 Zehra Y\u0131lmaz ile T\u00fcrkiye Muhtarlar Konfederasyonu y\u00f6netim kurulu \u00fcyesi, Yeni\u015fehir il\u00e7esi \u0130n\u00f6n\u00fc Mahalle Muhtar\u0131 Adnan Giray Atilla ve Mersin Toroslar Muhtarlar Derne\u011fi ad\u0131na Toroslar il\u00e7esi Akbelen Mahalle Muhtar\u0131 Merve Meral \u0130nce beraber okudu. A\u00e7\u0131klamada \u015fiddetin yaln\u0131zca bireysel de\u011fil, toplumsal bir sorun haline geldi\u011fi vurguland\u0131.<\/p>\n\n\n\n<p><strong>Mersin\u2019de \u015fiddet olaylar\u0131 art\u0131yor<\/strong><\/p>\n\n\n\n<p>Yap\u0131lan a\u00e7\u0131klamada, T\u00fcrkiye genelinde ve Mersin\u2019de sokakta, evde ve \u00f6zellikle okullarda ya\u015fanan \u015fiddet olaylar\u0131n\u0131n artt\u0131\u011f\u0131 belirtildi. Bu durumun \u00f6zellikle \u00e7ocuklar ve gen\u00e7ler \u00fczerinde ciddi etkiler yaratt\u0131\u011f\u0131 ifade edildi. A\u00e7\u0131klamada, \u201c\u015eiddet art\u0131k m\u00fcnferit bir olay de\u011fil, toplumsal bir ger\u00e7eklik haline gelmi\u015ftir\u201d denildi.<\/p>\n\n\n\n<h2 class=\"wp-block-heading\"><strong>Akran zorbal\u0131\u011f\u0131 ve medya etkisi \u00f6ne \u00e7\u0131kt\u0131<\/strong><\/h2>\n\n\n\n<p><a href=\"https:\/\/epochtimestr.com\/index.php\/mersin-muhtarlari-uyusturucu-ile-mucadele-icin-harekete-gecti\" target=\"_blank\" rel=\"noreferrer noopener\">Muhtarlar<\/a>, \u00f6zellikle <strong>akran zorbal\u0131\u011f\u0131<\/strong>, televizyon dizileri, g\u00fcnd\u00fcz ku\u015fa\u011f\u0131 programlar\u0131 ve <strong>sosyal medya i\u00e7erikleri<\/strong>nin \u015fiddeti normalle\u015ftirdi\u011fine dikkat \u00e7ekti. \u015eiddeti \u00f6zendiren yay\u0131nlar\u0131n \u00e7ocuklar ve gen\u00e7ler \u00fczerinde olumsuz rol model olu\u015fturdu\u011fu ifade edilirken, bu i\u00e7eriklerin sald\u0131rgan davran\u0131\u015flar\u0131 art\u0131rd\u0131\u011f\u0131 vurguland\u0131.<\/p>\n\n\n\n<p><strong>RT\u00dcK ve ilgili kurumlara \u00e7a\u011fr\u0131<\/strong><\/p>\n\n\n\n<p>Bas\u0131n a\u00e7\u0131klamas\u0131nda, ba\u015fta RT\u00dcK olmak \u00fczere ilgili kurumlar\u0131n denetim mekanizmalar\u0131n\u0131 daha etkin kullanmas\u0131 gerekti\u011fi belirtildi. Muhtarlar, <strong>medya denetimi<\/strong>, <strong>\u015fiddet i\u00e7erikli yay\u0131nlar<\/strong> ve <strong>\u00e7ocuklar\u0131n korunmas\u0131<\/strong> konular\u0131nda daha s\u0131k\u0131 d\u00fczenlemeler yap\u0131lmas\u0131n\u0131 talep etti.<\/p>\n\n\n\n<p><strong>Yetkililere acil eylem \u00e7a\u011fr\u0131s\u0131<\/strong><\/p>\n\n\n\n<p>Mersinli muhtarlar, RT\u00dcK, Aile ve Sosyal Hizmetler Bakanl\u0131\u011f\u0131, Milli E\u011fitim Bakanl\u0131\u011f\u0131 ve \u0130\u00e7i\u015fleri Bakanl\u0131\u011f\u0131\u2019na seslenerek <strong>acil eylem plan\u0131<\/strong> haz\u0131rlanmas\u0131 gerekti\u011fini belirtti. Kurumlar aras\u0131 i\u015f birli\u011fiyle \u015fiddetle m\u00fccadele konusunda yeni medya etik ilkeleri olu\u015fturulmas\u0131 talep edildi.<\/p>\n\n\n\n<p>Muhtarlar, \u015fiddetin yaln\u0131zca bireysel bir problem olmad\u0131\u011f\u0131n\u0131, ayn\u0131 zamanda bir <strong>toplumsal g\u00fcvenlik ve gelecek meselesi<\/strong> oldu\u011funu vurgularken \u00e7ocuklar\u0131n g\u00fcvenli bir ortamda b\u00fcy\u00fcmesinin herkesin ortak sorumlulu\u011fu oldu\u011fu ifade edildi ve \u015fiddetin azalt\u0131lmas\u0131 i\u00e7in \u015fu \u00f6neriler s\u0131raland\u0131:<\/p>\n\n\n\n<ul>\n<li>\u015eiddet i\u00e7erikli yay\u0131nlara y\u00f6nelik yapt\u0131r\u0131mlar art\u0131r\u0131lmal\u0131<\/li>\n\n\n\n<li>G\u00fcnd\u00fcz ku\u015fa\u011f\u0131 programlar\u0131 i\u00e7in \u00f6zel denetim uygulanmal\u0131<\/li>\n\n\n\n<li>Sosyal medya platformlar\u0131nda \u00e7ocuk g\u00fcvenli\u011fi g\u00fc\u00e7lendirilmeli<\/li>\n\n\n\n<li>Okullarda akran zorbal\u0131\u011f\u0131na kar\u015f\u0131 e\u011fitim programlar\u0131 ba\u015flat\u0131lmal\u0131<\/li>\n\n\n\n<li>Ailelere medya okuryazarl\u0131\u011f\u0131 ve \u015fiddetsiz ileti\u015fim e\u011fitimi verilmeli<\/li>\n<\/ul>\n","protected":false},"excerpt":{"rendered":"<p>Mersin muhtar dernekleri, artan \u015fiddet olaylar\u0131na kar\u015f\u0131 ortak bas\u0131n a\u00e7\u0131klamas\u0131 yapt\u0131. A\u00e7\u0131klamada, medya i\u00e7erikleri, akran zorbal\u0131\u011f\u0131 ve toplumsal \u015fiddet konusunda yetkililere acil \u00f6nlem \u00e7a\u011fr\u0131s\u0131 yap\u0131ld\u0131. Mersin\u2019de faaliyet g\u00f6steren muhtar dernekleri, son d\u00f6nemde artan \u015fiddet olaylar\u0131na dikkat \u00e7ekerek kapsaml\u0131 bir bas\u0131n a\u00e7\u0131klamas\u0131 ger\u00e7ekle\u015ftirdi. Akdeniz Muhtarlar Birli\u011fi, Akdeniz Muhtarlar\u0131 Birlik, Beraberlik ve Dayan\u0131\u015fma Grubu, Mersin Toroslar Muhtarlar [&hellip;]<\/p>\n","protected":false},"author":22,"featured_media":167006,"comment_status":"open","ping_status":"open","sticky":false,"template":"","format":"standard","meta":{"_yoast_wpseo_focuskw":"Mersin - \u015fiddet","_yoast_wpseo_title":"","_yoast_wpseo_metadesc":"Mersin muhtar dernekleri, artan \u015fiddet, medya i\u00e7erikleri, akran zorbal\u0131\u011f\u0131 ve toplumsal \u015fiddet olaylar\u0131na kar\u015f\u0131 ortak bas\u0131n a\u00e7\u0131klamas\u0131 yapt\u0131.","_bbp_topic_count":0,"_bbp_reply_count":0,"_bbp_total_topic_count":0,"_bbp_total_reply_count":0,"_bbp_voice_count":0,"_bbp_anonymous_reply_count":0,"_bbp_topic_count_hidden":0,"_bbp_reply_count_hidden":0,"_bbp_forum_subforum_count":0,"footnotes":"","_yoast_wpseo_focuskw_text_input":""},"categories":[1,8419],"tags":[],"yoast_head":"<!-- This site is optimized with the Yoast SEO plugin v23.0 - https:\/\/yoast.com\/wordpress\/plugins\/seo\/ -->\n<title>Mersinli Muhtarlardan Yetkililere \u015eiddeti Durdurun \u00c7a\u011fr\u0131s\u0131 - The Epoch Times TR<\/title>\n<meta name=\"description\" content=\"Mersin muhtar dernekleri, artan \u015fiddet, medya i\u00e7erikleri, akran zorbal\u0131\u011f\u0131 ve toplumsal \u015fiddet olaylar\u0131na kar\u015f\u0131 ortak bas\u0131n a\u00e7\u0131klamas\u0131 yapt\u0131.\" \/>\n<meta name=\"robots\" content=\"index, follow, max-snippet:-1, max-image-preview:large, max-video-preview:-1\" \/>\n<link rel=\"canonical\" href=\"https:\/\/epochtimestr.com\/index.php\/mersinli-muhtarlardan-yetkililere-siiddeti-durdurun-cagrisi\" \/>\n<meta property=\"og:locale\" content=\"tr_TR\" \/>\n<meta property=\"og:type\" content=\"article\" \/>\n<meta property=\"og:title\" content=\"Mersinli Muhtarlardan Yetkililere \u015eiddeti Durdurun \u00c7a\u011fr\u0131s\u0131 - The Epoch Times TR\" \/>\n<meta property=\"og:description\" content=\"Mersin muhtar dernekleri, artan \u015fiddet, medya i\u00e7erikleri, akran zorbal\u0131\u011f\u0131 ve toplumsal \u015fiddet olaylar\u0131na kar\u015f\u0131 ortak bas\u0131n a\u00e7\u0131klamas\u0131 yapt\u0131.\" \/>\n<meta property=\"og:url\" content=\"https:\/\/epochtimestr.com\/index.php\/mersinli-muhtarlardan-yetkililere-siiddeti-durdurun-cagrisi\" \/>\n<meta property=\"og:site_name\" content=\"The Epoch Times TR\" \/>\n<meta property=\"article:publisher\" content=\"https:\/\/www.facebook.com\/theepochtimestr\" \/>\n<meta property=\"article:published_time\" content=\"2026-04-29T11:07:25+00:00\" \/>\n<meta property=\"article:modified_time\" content=\"2026-04-29T15:10:13+00:00\" \/>\n<meta property=\"og:image\" content=\"https:\/\/epochtimestr.com\/wp-content\/uploads\/2011y\/Muhtarlar.jpeg\" \/>\n\t<meta property=\"og:image:width\" content=\"2048\" \/>\n\t<meta property=\"og:image:height\" content=\"1536\" \/>\n\t<meta property=\"og:image:type\" content=\"image\/jpeg\" \/>\n<meta name=\"author\" content=\"G.Hakan Ko\u00e7man\" \/>\n<meta name=\"twitter:card\" content=\"summary_large_image\" \/>\n<meta name=\"twitter:creator\" content=\"@TheEpochTimesTR\" \/>\n<meta name=\"twitter:site\" content=\"@TheEpochTimesTR\" \/>\n<meta name=\"twitter:label1\" content=\"Yazan:\" \/>\n\t<meta name=\"twitter:data1\" content=\"G.Hakan Ko\u00e7man\" \/>\n\t<meta name=\"twitter:label2\" content=\"Tahmini okuma s\u00fcresi\" \/>\n\t<meta name=\"twitter:data2\" content=\"3 dakika\" \/>\n<script type=\"application\/ld+json\" class=\"yoast-schema-graph\">{\"@context\":\"https:\/\/schema.org\",\"@graph\":[{\"@type\":\"Article\",\"@id\":\"https:\/\/epochtimestr.com\/index.php\/mersinli-muhtarlardan-yetkililere-siiddeti-durdurun-cagrisi#article\",\"isPartOf\":{\"@id\":\"https:\/\/epochtimestr.com\/index.php\/mersinli-muhtarlardan-yetkililere-siiddeti-durdurun-cagrisi\"},\"author\":{\"name\":\"G.Hakan Ko\u00e7man\",\"@id\":\"https:\/\/epochtimestr.com\/#\/schema\/person\/b5509977c9a6cd729a3e74d9743d035b\"},\"headline\":\"Mersinli Muhtarlardan Yetkililere \u015eiddeti Durdurun \u00c7a\u011fr\u0131s\u0131\",\"datePublished\":\"2026-04-29T11:07:25+00:00\",\"dateModified\":\"2026-04-29T15:10:13+00:00\",\"mainEntityOfPage\":{\"@id\":\"https:\/\/epochtimestr.com\/index.php\/mersinli-muhtarlardan-yetkililere-siiddeti-durdurun-cagrisi\"},\"wordCount\":506,\"commentCount\":0,\"publisher\":{\"@id\":\"https:\/\/epochtimestr.com\/#organization\"},\"image\":{\"@id\":\"https:\/\/epochtimestr.com\/index.php\/mersinli-muhtarlardan-yetkililere-siiddeti-durdurun-cagrisi#primaryimage\"},\"thumbnailUrl\":\"https:\/\/epochtimestr.com\/wp-content\/uploads\/2011y\/Muhtarlar.jpeg\",\"articleSection\":[\"G\u00dcNDEM\",\"Ya\u015fam\"],\"inLanguage\":\"tr\",\"potentialAction\":[{\"@type\":\"CommentAction\",\"name\":\"Comment\",\"target\":[\"https:\/\/epochtimestr.com\/index.php\/mersinli-muhtarlardan-yetkililere-siiddeti-durdurun-cagrisi#respond\"]}]},{\"@type\":\"WebPage\",\"@id\":\"https:\/\/epochtimestr.com\/index.php\/mersinli-muhtarlardan-yetkililere-siiddeti-durdurun-cagrisi\",\"url\":\"https:\/\/epochtimestr.com\/index.php\/mersinli-muhtarlardan-yetkililere-siiddeti-durdurun-cagrisi\",\"name\":\"Mersinli Muhtarlardan Yetkililere \u015eiddeti Durdurun \u00c7a\u011fr\u0131s\u0131 - The Epoch Times TR\",\"isPartOf\":{\"@id\":\"https:\/\/epochtimestr.com\/#website\"},\"primaryImageOfPage\":{\"@id\":\"https:\/\/epochtimestr.com\/index.php\/mersinli-muhtarlardan-yetkililere-siiddeti-durdurun-cagrisi#primaryimage\"},\"image\":{\"@id\":\"https:\/\/epochtimestr.com\/index.php\/mersinli-muhtarlardan-yetkililere-siiddeti-durdurun-cagrisi#primaryimage\"},\"thumbnailUrl\":\"https:\/\/epochtimestr.com\/wp-content\/uploads\/2011y\/Muhtarlar.jpeg\",\"datePublished\":\"2026-04-29T11:07:25+00:00\",\"dateModified\":\"2026-04-29T15:10:13+00:00\",\"description\":\"Mersin muhtar dernekleri, artan \u015fiddet, medya i\u00e7erikleri, akran zorbal\u0131\u011f\u0131 ve toplumsal \u015fiddet olaylar\u0131na kar\u015f\u0131 ortak bas\u0131n a\u00e7\u0131klamas\u0131 yapt\u0131.\",\"inLanguage\":\"tr\",\"potentialAction\":[{\"@type\":\"ReadAction\",\"target\":[\"https:\/\/epochtimestr.com\/index.php\/mersinli-muhtarlardan-yetkililere-siiddeti-durdurun-cagrisi\"]}]},{\"@type\":\"ImageObject\",\"inLanguage\":\"tr\",\"@id\":\"https:\/\/epochtimestr.com\/index.php\/mersinli-muhtarlardan-yetkililere-siiddeti-durdurun-cagrisi#primaryimage\",\"url\":\"https:\/\/epochtimestr.com\/wp-content\/uploads\/2011y\/Muhtarlar.jpeg\",\"contentUrl\":\"https:\/\/epochtimestr.com\/wp-content\/uploads\/2011y\/Muhtarlar.jpeg\",\"width\":2048,\"height\":1536},{\"@type\":\"WebSite\",\"@id\":\"https:\/\/epochtimestr.com\/#website\",\"url\":\"https:\/\/epochtimestr.com\/\",\"name\":\"The Epoch Times TR\",\"description\":\"De\u011fi\u015fen D\u00fcnyam\u0131za Taze Bir Bak\u0131\u015f\",\"publisher\":{\"@id\":\"https:\/\/epochtimestr.com\/#organization\"},\"potentialAction\":[{\"@type\":\"SearchAction\",\"target\":{\"@type\":\"EntryPoint\",\"urlTemplate\":\"https:\/\/epochtimestr.com\/?s={search_term_string}\"},\"query-input\":\"required name=search_term_string\"}],\"inLanguage\":\"tr\"},{\"@type\":\"Organization\",\"@id\":\"https:\/\/epochtimestr.com\/#organization\",\"name\":\"The EpochTimes T\u00fcrkiye\",\"url\":\"https:\/\/epochtimestr.com\/\",\"logo\":{\"@type\":\"ImageObject\",\"inLanguage\":\"tr\",\"@id\":\"https:\/\/epochtimestr.com\/#\/schema\/logo\/image\/\",\"url\":\"https:\/\/epochtimestr.com\/wp-content\/uploads\/2011y\/ET-Logo-YG.jpg\",\"contentUrl\":\"https:\/\/epochtimestr.com\/wp-content\/uploads\/2011y\/ET-Logo-YG.jpg\",\"width\":346,\"height\":29,\"caption\":\"The EpochTimes T\u00fcrkiye\"},\"image\":{\"@id\":\"https:\/\/epochtimestr.com\/#\/schema\/logo\/image\/\"},\"sameAs\":[\"https:\/\/www.facebook.com\/theepochtimestr\",\"https:\/\/x.com\/TheEpochTimesTR\",\"https:\/\/www.instagram.com\/epochtimestr\"]},{\"@type\":\"Person\",\"@id\":\"https:\/\/epochtimestr.com\/#\/schema\/person\/b5509977c9a6cd729a3e74d9743d035b\",\"name\":\"G.Hakan Ko\u00e7man\",\"image\":{\"@type\":\"ImageObject\",\"inLanguage\":\"tr\",\"@id\":\"https:\/\/epochtimestr.com\/#\/schema\/person\/image\/\",\"url\":\"https:\/\/secure.gravatar.com\/avatar\/e4eafee1ab5d1f4015c3930376b22ca8?s=96&d=mm&r=g\",\"contentUrl\":\"https:\/\/secure.gravatar.com\/avatar\/e4eafee1ab5d1f4015c3930376b22ca8?s=96&d=mm&r=g\",\"caption\":\"G.Hakan Ko\u00e7man\"},\"url\":\"https:\/\/epochtimestr.com\/index.php\/author\/hakan\"}]}<\/script>\n<!-- \/ Yoast SEO plugin. -->","yoast_head_json":{"title":"Mersinli Muhtarlardan Yetkililere \u015eiddeti Durdurun \u00c7a\u011fr\u0131s\u0131 - The Epoch Times TR","description":"Mersin muhtar dernekleri, artan \u015fiddet, medya i\u00e7erikleri, akran zorbal\u0131\u011f\u0131 ve toplumsal \u015fiddet olaylar\u0131na kar\u015f\u0131 ortak bas\u0131n a\u00e7\u0131klamas\u0131 yapt\u0131.","robots":{"index":"index","follow":"follow","max-snippet":"max-snippet:-1","max-image-preview":"max-image-preview:large","max-video-preview":"max-video-preview:-1"},"canonical":"https:\/\/epochtimestr.com\/index.php\/mersinli-muhtarlardan-yetkililere-siiddeti-durdurun-cagrisi","og_locale":"tr_TR","og_type":"article","og_title":"Mersinli Muhtarlardan Yetkililere \u015eiddeti Durdurun \u00c7a\u011fr\u0131s\u0131 - The Epoch Times TR","og_description":"Mersin muhtar dernekleri, artan \u015fiddet, medya i\u00e7erikleri, akran zorbal\u0131\u011f\u0131 ve toplumsal \u015fiddet olaylar\u0131na kar\u015f\u0131 ortak bas\u0131n a\u00e7\u0131klamas\u0131 yapt\u0131.","og_url":"https:\/\/epochtimestr.com\/index.php\/mersinli-muhtarlardan-yetkililere-siiddeti-durdurun-cagrisi","og_site_name":"The Epoch Times TR","article_publisher":"https:\/\/www.facebook.com\/theepochtimestr","article_published_time":"2026-04-29T11:07:25+00:00","article_modified_time":"2026-04-29T15:10:13+00:00","og_image":[{"width":2048,"height":1536,"url":"https:\/\/epochtimestr.com\/wp-content\/uploads\/2011y\/Muhtarlar.jpeg","type":"image\/jpeg"}],"author":"G.Hakan Ko\u00e7man","twitter_card":"summary_large_image","twitter_creator":"@TheEpochTimesTR","twitter_site":"@TheEpochTimesTR","twitter_misc":{"Yazan:":"G.Hakan Ko\u00e7man","Tahmini okuma s\u00fcresi":"3 dakika"},"schema":{"@context":"https:\/\/schema.org","@graph":[{"@type":"Article","@id":"https:\/\/epochtimestr.com\/index.php\/mersinli-muhtarlardan-yetkililere-siiddeti-durdurun-cagrisi#article","isPartOf":{"@id":"https:\/\/epochtimestr.com\/index.php\/mersinli-muhtarlardan-yetkililere-siiddeti-durdurun-cagrisi"},"author":{"name":"G.Hakan Ko\u00e7man","@id":"https:\/\/epochtimestr.com\/#\/schema\/person\/b5509977c9a6cd729a3e74d9743d035b"},"headline":"Mersinli Muhtarlardan Yetkililere \u015eiddeti Durdurun \u00c7a\u011fr\u0131s\u0131","datePublished":"2026-04-29T11:07:25+00:00","dateModified":"2026-04-29T15:10:13+00:00","mainEntityOfPage":{"@id":"https:\/\/epochtimestr.com\/index.php\/mersinli-muhtarlardan-yetkililere-siiddeti-durdurun-cagrisi"},"wordCount":506,"commentCount":0,"publisher":{"@id":"https:\/\/epochtimestr.com\/#organization"},"image":{"@id":"https:\/\/epochtimestr.com\/index.php\/mersinli-muhtarlardan-yetkililere-siiddeti-durdurun-cagrisi#primaryimage"},"thumbnailUrl":"https:\/\/epochtimestr.com\/wp-content\/uploads\/2011y\/Muhtarlar.jpeg","articleSection":["G\u00dcNDEM","Ya\u015fam"],"inLanguage":"tr","potentialAction":[{"@type":"CommentAction","name":"Comment","target":["https:\/\/epochtimestr.com\/index.php\/mersinli-muhtarlardan-yetkililere-siiddeti-durdurun-cagrisi#respond"]}]},{"@type":"WebPage","@id":"https:\/\/epochtimestr.com\/index.php\/mersinli-muhtarlardan-yetkililere-siiddeti-durdurun-cagrisi","url":"https:\/\/epochtimestr.com\/index.php\/mersinli-muhtarlardan-yetkililere-siiddeti-durdurun-cagrisi","name":"Mersinli Muhtarlardan Yetkililere \u015eiddeti Durdurun \u00c7a\u011fr\u0131s\u0131 - The Epoch Times TR","isPartOf":{"@id":"https:\/\/epochtimestr.com\/#website"},"primaryImageOfPage":{"@id":"https:\/\/epochtimestr.com\/index.php\/mersinli-muhtarlardan-yetkililere-siiddeti-durdurun-cagrisi#primaryimage"},"image":{"@id":"https:\/\/epochtimestr.com\/index.php\/mersinli-muhtarlardan-yetkililere-siiddeti-durdurun-cagrisi#primaryimage"},"thumbnailUrl":"https:\/\/epochtimestr.com\/wp-content\/uploads\/2011y\/Muhtarlar.jpeg","datePublished":"2026-04-29T11:07:25+00:00","dateModified":"2026-04-29T15:10:13+00:00","description":"Mersin muhtar dernekleri, artan \u015fiddet, medya i\u00e7erikleri, akran zorbal\u0131\u011f\u0131 ve toplumsal \u015fiddet olaylar\u0131na kar\u015f\u0131 ortak bas\u0131n a\u00e7\u0131klamas\u0131 yapt\u0131.","inLanguage":"tr","potentialAction":[{"@type":"ReadAction","target":["https:\/\/epochtimestr.com\/index.php\/mersinli-muhtarlardan-yetkililere-siiddeti-durdurun-cagrisi"]}]},{"@type":"ImageObject","inLanguage":"tr","@id":"https:\/\/epochtimestr.com\/index.php\/mersinli-muhtarlardan-yetkililere-siiddeti-durdurun-cagrisi#primaryimage","url":"https:\/\/epochtimestr.com\/wp-content\/uploads\/2011y\/Muhtarlar.jpeg","contentUrl":"https:\/\/epochtimestr.com\/wp-content\/uploads\/2011y\/Muhtarlar.jpeg","width":2048,"height":1536},{"@type":"WebSite","@id":"https:\/\/epochtimestr.com\/#website","url":"https:\/\/epochtimestr.com\/","name":"The Epoch Times TR","description":"De\u011fi\u015fen D\u00fcnyam\u0131za Taze Bir Bak\u0131\u015f","publisher":{"@id":"https:\/\/epochtimestr.com\/#organization"},"potentialAction":[{"@type":"SearchAction","target":{"@type":"EntryPoint","urlTemplate":"https:\/\/epochtimestr.com\/?s={search_term_string}"},"query-input":"required name=search_term_string"}],"inLanguage":"tr"},{"@type":"Organization","@id":"https:\/\/epochtimestr.com\/#organization","name":"The EpochTimes T\u00fcrkiye","url":"https:\/\/epochtimestr.com\/","logo":{"@type":"ImageObject","inLanguage":"tr","@id":"https:\/\/epochtimestr.com\/#\/schema\/logo\/image\/","url":"https:\/\/epochtimestr.com\/wp-content\/uploads\/2011y\/ET-Logo-YG.jpg","contentUrl":"https:\/\/epochtimestr.com\/wp-content\/uploads\/2011y\/ET-Logo-YG.jpg","width":346,"height":29,"caption":"The EpochTimes T\u00fcrkiye"},"image":{"@id":"https:\/\/epochtimestr.com\/#\/schema\/logo\/image\/"},"sameAs":["https:\/\/www.facebook.com\/theepochtimestr","https:\/\/x.com\/TheEpochTimesTR","https:\/\/www.instagram.com\/epochtimestr"]},{"@type":"Person","@id":"https:\/\/epochtimestr.com\/#\/schema\/person\/b5509977c9a6cd729a3e74d9743d035b","name":"G.Hakan Ko\u00e7man","image":{"@type":"ImageObject","inLanguage":"tr","@id":"https:\/\/epochtimestr.com\/#\/schema\/person\/image\/","url":"https:\/\/secure.gravatar.com\/avatar\/e4eafee1ab5d1f4015c3930376b22ca8?s=96&d=mm&r=g","contentUrl":"https:\/\/secure.gravatar.com\/avatar\/e4eafee1ab5d1f4015c3930376b22ca8?s=96&d=mm&r=g","caption":"G.Hakan Ko\u00e7man"},"url":"https:\/\/epochtimestr.com\/index.php\/author\/hakan"}]}},"_links":{"self":[{"href":"https:\/\/epochtimestr.com\/index.php\/wp-json\/wp\/v2\/posts\/167005"}],"collection":[{"href":"https:\/\/epochtimestr.com\/index.php\/wp-json\/wp\/v2\/posts"}],"about":[{"href":"https:\/\/epochtimestr.com\/index.php\/wp-json\/wp\/v2\/types\/post"}],"author":[{"embeddable":true,"href":"https:\/\/epochtimestr.com\/index.php\/wp-json\/wp\/v2\/users\/22"}],"replies":[{"embeddable":true,"href":"https:\/\/epochtimestr.com\/index.php\/wp-json\/wp\/v2\/comments?post=167005"}],"version-history":[{"count":4,"href":"https:\/\/epochtimestr.com\/index.php\/wp-json\/wp\/v2\/posts\/167005\/revisions"}],"predecessor-version":[{"id":167013,"href":"https:\/\/epochtimestr.com\/index.php\/wp-json\/wp\/v2\/posts\/167005\/revisions\/167013"}],"wp:featuredmedia":[{"embeddable":true,"href":"https:\/\/epochtimestr.com\/index.php\/wp-json\/wp\/v2\/media\/167006"}],"wp:attachment":[{"href":"https:\/\/epochtimestr.com\/index.php\/wp-json\/wp\/v2\/media?parent=167005"}],"wp:term":[{"taxonomy":"category","embeddable":true,"href":"https:\/\/epochtimestr.com\/index.php\/wp-json\/wp\/v2\/categories?post=167005"},{"taxonomy":"post_tag","embeddable":true,"href":"https:\/\/epochtimestr.com\/index.php\/wp-json\/wp\/v2\/tags?post=167005"}],"curies":[{"name":"wp","href":"https:\/\/api.w.org\/{rel}","templated":true}]}}