{"id":167014,"date":"2026-04-30T08:30:00","date_gmt":"2026-04-30T05:30:00","guid":{"rendered":"https:\/\/epochtimestr.com\/?p=167014"},"modified":"2026-04-29T22:31:43","modified_gmt":"2026-04-29T19:31:43","slug":"etiket-icerigin-onunde-gider","status":"publish","type":"post","link":"https:\/\/epochtimestr.com\/index.php\/etiket-icerigin-onunde-gider","title":{"rendered":"Etiket \u0130\u00e7eri\u011fin \u00d6n\u00fcnde Gider"},"content":{"rendered":"\n<p class=\"has-text-align-right\">\u201cSenin \u00e7ana\u011f\u0131nda bal\u0131n olsun, ar\u0131s\u0131 Ba\u011fdat\u2019tan gelir\u201d<\/p>\n\n\n\n<p>G\u00fcn\u00fcm\u00fczde i\u00e7erik bombard\u0131man\u0131 alt\u0131nday\u0131z. \u00d6yle ki istemedi\u011fimiz ve de takip edemedi\u011fimiz kadar i\u00e7erik var \u00f6n\u00fcm\u00fczde. \u0130\u00e7erik dedi\u011fimiz zaman, i\u00e7inde haber, bilgi, g\u00f6rsel, yaz\u0131, m\u00fczik, e\u011flence ne derseniz d\u00e2hildir. Art\u0131k \u00f6n\u00fcm\u00fcze d\u00fc\u015fen hemen her \u015feye \u2018i\u00e7erik\u2019 denmeye ba\u015flad\u0131.<\/p>\n\n\n\n<p>Elbette i\u00e7erik \u00e7o\u011fal\u0131nca i\u00e7erik \u00fcreticileri de \u00e7o\u011fald\u0131. Eskiden payla\u015f\u0131mc\u0131 dedi\u011fimiz ki\u015filer art\u0131k i\u00e7erik \u00fcretici diye an\u0131l\u0131yor -ki ben de kendimi zaman zaman \u00f6yle tarif ediyorum. 2014 y\u0131l\u0131na de\u011fin sosyal medya kullanmayan ben, bug\u00fcnlerde t\u00fcm tu\u015flara basm\u0131\u015f durumday\u0131m. Facebook, WhatsApp, Instagram, X platformu, YouTube, TikTok hepsi birden var.<\/p>\n\n\n\n<p>Sosyal medyaya ge\u00e7 ad\u0131m att\u0131\u011f\u0131m\u0131 d\u00fc\u015f\u00fcn\u00fcyorum ama yine de bir sosyal medya kurdu say\u0131lmam; zira fazla teknik bilgim yok. Palyatif \u00e7\u00f6z\u00fcmlerle yol almaya \u00e7al\u0131\u015f\u0131yorum sadece.<\/p>\n\n\n\n<p>Ger\u00e7i ben daha \u00e7ok duyuru niyetine oraday\u0131m. Faal kullan\u0131c\u0131 de\u011filim, asl\u0131nda duyuruyu b\u0131rak\u0131p \u00e7\u0131k\u0131yorum. Ama her \u015feye ra\u011fmen alt\u0131 platformda birden at ko\u015fturmak zaman al\u0131yor. Benim sosyal medyaya bu denli angaje olmam, konjonkt\u00fcrel durumla alakal\u0131d\u0131r. Zira art\u0131k insanlar y\u00fcz y\u00fcze g\u00f6r\u00fc\u015fmelerden, kalabal\u0131klardan imtina eder oldular. Daha \u00e7ok sosyal medyada var olmaya \u00e7al\u0131\u015f\u0131l\u0131yor -ki ben de bu yolu b\u00fcnyeme daha uygun buldum.<\/p>\n\n\n\n<p>Yaz\u0131, anlat\u0131m yoluyla var olmak g\u00fcnden g\u00fcne g\u00fc\u00e7le\u015fiyor. Zira neyin \u00f6zg\u00fcn, neyin intihal oldu\u011fu ya da yapay zek\u00e2 \u00fcr\u00fcn\u00fc olup olmad\u0131\u011f\u0131 bulan\u0131kla\u015f\u0131yor. O bak\u0131mdan \u00f6zg\u00fcn i\u00e7erik \u00fcretmeye, yaz\u0131 yazmaya, &nbsp;kendi m\u00fchr\u00fcn\u00fcz\u00fc vurman\u0131z gerekir. Misal, \u00f6n\u00fcm\u00fczde d\u00fcnya \u00e7ap\u0131nda kutlanan 1 May\u0131s var. 1 May\u0131s ile ilgili yaz\u0131 payla\u015fmak isteyenler i\u00e7in y\u00fcz binlerce se\u00e7enek vard\u0131r sosyal medyada. Kopyala, kes, montajla, i\u015fte sana \u015fahane bir 1 May\u0131s yaz\u0131s\u0131. Kim yazd\u0131? Belli de\u011fil, oradan buradan al\u0131nt\u0131lad\u0131n\u0131z; alt\u0131na ad\u0131n\u0131z\u0131 yazd\u0131n\u0131z, kim nereden bilecek?<\/p>\n\n\n\n<p>Fakat yaz\u0131da, kendi tarz\u0131n\u0131 yaratanlar da var. Bak\u0131nca \u015f\u0131p diye anlars\u0131n\u0131z. Zira yazar\u0131n bir nevi gizli imzas\u0131 vard\u0131r orada. Her sat\u0131ra yans\u0131yan&#8230;<\/p>\n\n\n\n<p>G\u00fcn\u00fcm\u00fczde i\u00e7erik \u00fcretmek mesele de\u011fil ama \u00f6zg\u00fcn i\u00e7erik \u00fcretmek mesele. Yani kendiniz olmak \u00f6nemli. Yoksa kes-yap\u0131\u015ft\u0131r, yapay zek\u00e2ya y\u00f6nlendir, bir \u015feyler \u00e7\u0131kar ortaya ama o sizin \u00fcr\u00fcn\u00fcn\u00fcz de\u011fildir. Bir\u00e7oklar\u0131 bu yapay \u00fcr\u00fcnlerin fark\u0131ndad\u0131r. Kim ne kadar \u00f6zg\u00fcn kalabilir, bilirler. B\u0131y\u0131k alt\u0131ndan hafif\u00e7e g\u00fcl\u00fcmserler; fakat genellikle hat\u0131ra binaen ses \u00e7\u0131kartmazlar. Arada hat\u0131r yoksa bile ba\u015flar\u0131na dert a\u00e7mak istemezler ya da muhatap olmay\u0131 kendilerine yak\u0131\u015ft\u0131rmazlar.<\/p>\n\n\n\n<p>Hani ne demi\u015fler \u201cbiz k\u0131rk ki\u015fiyiz, birbirimizi biliriz\u201d i\u015fte o hesap. Bir de \u2018\u00fcnl\u00fc-etiketli\u2019 payla\u015f\u0131mc\u0131 meselesi var. \u2018\u00dcnl\u00fc etiketli\u2019 veyahut kartviziti kalabal\u0131k ki\u015fi, \u2018yellense\u2019 g\u00fcndem oluyor. Hemen do\u011fru ve yararl\u0131 kabul ediliyor. Fakat \u2018\u00fcns\u00fcz\u2019 ki\u015fi y\u0131rt\u0131nsa ve hatta \u00fczerine benzin d\u00f6k\u00fcp yaksa bile kimsenin umurunda de\u011fildir. Zira onun \u00fcrettikleri duyulmaz, bilinmez.<\/p>\n\n\n\n<p>Burada hemen \u015fu soru g\u00fcndeme gelir. Etiket mi \u00f6nemlidir yoksa i\u00e7erik mi? Bence etiket \u00f6nemlidir. Zira etiketin yoksa \u00fcretti\u011fin i\u00e7erikten kimsenin haberi olmaz. Etiketin varsa i\u00e7eri\u011fin fazla \u00f6nemi yoktur. \u2018Yellensen\u2019 i\u00e7erik de\u011feri ta\u015f\u0131r.<\/p>\n\n\n\n<p>Eskiden bilgiye ula\u015fmak zordu. Ad\u0131n\u0131 duyurmak zordu. \u015eimdi kolayca milyonlarca bilgiye ula\u015f\u0131yorsunuz ve de belki k\u0131sa s\u00fcreli\u011fine me\u015fhur oluyorsunuz. Ama sorun kal\u0131c\u0131 olmakta. Milyonlarca payla\u015f\u0131mc\u0131, i\u00e7erik \u00fcreticisi aras\u0131ndan s\u0131yr\u0131lmak \u00f6nemli.<\/p>\n\n\n\n<p>Kaliteli i\u00e7erik, etiketli ki\u015fi taraf\u0131ndan m\u0131 \u00e7\u0131kar yoksa etiketli ki\u015fi, \u00fcretti\u011fi i\u00e7eriklerden mi \u00e7\u0131kar? Galiba insan \u00f6nce mesle\u011finde zirve yapacak, az \u00e7ok tan\u0131nacak, sonra da i\u00e7erik \u00fcretmeye ba\u015flayacak. San\u0131yorum en ideali bu. Ama tabii istisnalar her zaman m\u00fcmk\u00fcnd\u00fcr.<\/p>\n","protected":false},"excerpt":{"rendered":"<p>\u201cSenin \u00e7ana\u011f\u0131nda bal\u0131n olsun, ar\u0131s\u0131 Ba\u011fdat\u2019tan gelir\u201d G\u00fcn\u00fcm\u00fczde i\u00e7erik bombard\u0131man\u0131 alt\u0131nday\u0131z. \u00d6yle ki istemedi\u011fimiz ve de takip edemedi\u011fimiz kadar i\u00e7erik var \u00f6n\u00fcm\u00fczde. \u0130\u00e7erik dedi\u011fimiz zaman, i\u00e7inde haber, bilgi, g\u00f6rsel, yaz\u0131, m\u00fczik, e\u011flence ne derseniz d\u00e2hildir. Art\u0131k \u00f6n\u00fcm\u00fcze d\u00fc\u015fen hemen her \u015feye \u2018i\u00e7erik\u2019 denmeye ba\u015flad\u0131. Elbette i\u00e7erik \u00e7o\u011fal\u0131nca i\u00e7erik \u00fcreticileri de \u00e7o\u011fald\u0131. Eskiden payla\u015f\u0131mc\u0131 dedi\u011fimiz ki\u015filer [&hellip;]<\/p>\n","protected":false},"author":14001,"featured_media":161038,"comment_status":"open","ping_status":"open","sticky":false,"template":"","format":"standard","meta":{"_yoast_wpseo_focuskw":"i\u00e7erik","_yoast_wpseo_title":"","_yoast_wpseo_metadesc":"G\u00fcn\u00fcm\u00fczde i\u00e7erik bombard\u0131man\u0131 alt\u0131nday\u0131z. \u00d6yle ki istemedi\u011fimiz ve de takip edemedi\u011fimiz kadar i\u00e7erik var \u00f6n\u00fcm\u00fczde.","_bbp_topic_count":0,"_bbp_reply_count":0,"_bbp_total_topic_count":0,"_bbp_total_reply_count":0,"_bbp_voice_count":0,"_bbp_anonymous_reply_count":0,"_bbp_topic_count_hidden":0,"_bbp_reply_count_hidden":0,"_bbp_forum_subforum_count":0,"footnotes":"","_yoast_wpseo_focuskw_text_input":""},"categories":[9170],"tags":[],"yoast_head":"<!-- This site is optimized with the Yoast SEO plugin v23.0 - https:\/\/yoast.com\/wordpress\/plugins\/seo\/ -->\n<title>Etiket \u0130\u00e7eri\u011fin \u00d6n\u00fcnde Gider - The Epoch Times TR<\/title>\n<meta name=\"description\" content=\"G\u00fcn\u00fcm\u00fczde i\u00e7erik bombard\u0131man\u0131 alt\u0131nday\u0131z. \u00d6yle ki istemedi\u011fimiz ve de takip edemedi\u011fimiz kadar i\u00e7erik var \u00f6n\u00fcm\u00fczde.\" \/>\n<meta name=\"robots\" content=\"index, follow, max-snippet:-1, max-image-preview:large, max-video-preview:-1\" \/>\n<link rel=\"canonical\" href=\"https:\/\/epochtimestr.com\/index.php\/etiket-icerigin-onunde-gider\" \/>\n<meta property=\"og:locale\" content=\"tr_TR\" \/>\n<meta property=\"og:type\" content=\"article\" \/>\n<meta property=\"og:title\" content=\"Etiket \u0130\u00e7eri\u011fin \u00d6n\u00fcnde Gider - The Epoch Times TR\" \/>\n<meta property=\"og:description\" content=\"G\u00fcn\u00fcm\u00fczde i\u00e7erik bombard\u0131man\u0131 alt\u0131nday\u0131z. \u00d6yle ki istemedi\u011fimiz ve de takip edemedi\u011fimiz kadar i\u00e7erik var \u00f6n\u00fcm\u00fczde.\" \/>\n<meta property=\"og:url\" content=\"https:\/\/epochtimestr.com\/index.php\/etiket-icerigin-onunde-gider\" \/>\n<meta property=\"og:site_name\" content=\"The Epoch Times TR\" \/>\n<meta property=\"article:publisher\" content=\"https:\/\/www.facebook.com\/theepochtimestr\" \/>\n<meta property=\"article:published_time\" content=\"2026-04-30T05:30:00+00:00\" \/>\n<meta property=\"article:modified_time\" content=\"2026-04-29T19:31:43+00:00\" \/>\n<meta property=\"og:image\" content=\"https:\/\/epochtimestr.com\/wp-content\/uploads\/2011y\/BEKIR-ZORBA-SM-2.png\" \/>\n\t<meta property=\"og:image:width\" content=\"1200\" \/>\n\t<meta property=\"og:image:height\" content=\"630\" \/>\n\t<meta property=\"og:image:type\" content=\"image\/png\" \/>\n<meta name=\"author\" content=\"Bekir Zorba\" \/>\n<meta name=\"twitter:card\" content=\"summary_large_image\" \/>\n<meta name=\"twitter:creator\" content=\"@TheEpochTimesTR\" \/>\n<meta name=\"twitter:site\" content=\"@TheEpochTimesTR\" \/>\n<meta name=\"twitter:label1\" content=\"Yazan:\" \/>\n\t<meta name=\"twitter:data1\" content=\"Bekir Zorba\" \/>\n\t<meta name=\"twitter:label2\" content=\"Tahmini okuma s\u00fcresi\" \/>\n\t<meta name=\"twitter:data2\" content=\"4 dakika\" \/>\n<script type=\"application\/ld+json\" class=\"yoast-schema-graph\">{\"@context\":\"https:\/\/schema.org\",\"@graph\":[{\"@type\":\"Article\",\"@id\":\"https:\/\/epochtimestr.com\/index.php\/etiket-icerigin-onunde-gider#article\",\"isPartOf\":{\"@id\":\"https:\/\/epochtimestr.com\/index.php\/etiket-icerigin-onunde-gider\"},\"author\":{\"name\":\"Bekir Zorba\",\"@id\":\"https:\/\/epochtimestr.com\/#\/schema\/person\/da1ad104599611965442ed3e7e9acb2b\"},\"headline\":\"Etiket \u0130\u00e7eri\u011fin \u00d6n\u00fcnde Gider\",\"datePublished\":\"2026-04-30T05:30:00+00:00\",\"dateModified\":\"2026-04-29T19:31:43+00:00\",\"mainEntityOfPage\":{\"@id\":\"https:\/\/epochtimestr.com\/index.php\/etiket-icerigin-onunde-gider\"},\"wordCount\":709,\"commentCount\":0,\"publisher\":{\"@id\":\"https:\/\/epochtimestr.com\/#organization\"},\"image\":{\"@id\":\"https:\/\/epochtimestr.com\/index.php\/etiket-icerigin-onunde-gider#primaryimage\"},\"thumbnailUrl\":\"https:\/\/epochtimestr.com\/wp-content\/uploads\/2011y\/Bekir-Zorba.png\",\"articleSection\":[\"K\u00f6\u015fe Yaz\u0131lar\u0131 Bekir Zorba\"],\"inLanguage\":\"tr\",\"potentialAction\":[{\"@type\":\"CommentAction\",\"name\":\"Comment\",\"target\":[\"https:\/\/epochtimestr.com\/index.php\/etiket-icerigin-onunde-gider#respond\"]}]},{\"@type\":\"WebPage\",\"@id\":\"https:\/\/epochtimestr.com\/index.php\/etiket-icerigin-onunde-gider\",\"url\":\"https:\/\/epochtimestr.com\/index.php\/etiket-icerigin-onunde-gider\",\"name\":\"Etiket \u0130\u00e7eri\u011fin \u00d6n\u00fcnde Gider - The Epoch Times TR\",\"isPartOf\":{\"@id\":\"https:\/\/epochtimestr.com\/#website\"},\"primaryImageOfPage\":{\"@id\":\"https:\/\/epochtimestr.com\/index.php\/etiket-icerigin-onunde-gider#primaryimage\"},\"image\":{\"@id\":\"https:\/\/epochtimestr.com\/index.php\/etiket-icerigin-onunde-gider#primaryimage\"},\"thumbnailUrl\":\"https:\/\/epochtimestr.com\/wp-content\/uploads\/2011y\/Bekir-Zorba.png\",\"datePublished\":\"2026-04-30T05:30:00+00:00\",\"dateModified\":\"2026-04-29T19:31:43+00:00\",\"description\":\"G\u00fcn\u00fcm\u00fczde i\u00e7erik bombard\u0131man\u0131 alt\u0131nday\u0131z. \u00d6yle ki istemedi\u011fimiz ve de takip edemedi\u011fimiz kadar i\u00e7erik var \u00f6n\u00fcm\u00fczde.\",\"inLanguage\":\"tr\",\"potentialAction\":[{\"@type\":\"ReadAction\",\"target\":[\"https:\/\/epochtimestr.com\/index.php\/etiket-icerigin-onunde-gider\"]}]},{\"@type\":\"ImageObject\",\"inLanguage\":\"tr\",\"@id\":\"https:\/\/epochtimestr.com\/index.php\/etiket-icerigin-onunde-gider#primaryimage\",\"url\":\"https:\/\/epochtimestr.com\/wp-content\/uploads\/2011y\/Bekir-Zorba.png\",\"contentUrl\":\"https:\/\/epochtimestr.com\/wp-content\/uploads\/2011y\/Bekir-Zorba.png\",\"width\":600,\"height\":600},{\"@type\":\"WebSite\",\"@id\":\"https:\/\/epochtimestr.com\/#website\",\"url\":\"https:\/\/epochtimestr.com\/\",\"name\":\"The Epoch Times TR\",\"description\":\"De\u011fi\u015fen D\u00fcnyam\u0131za Taze Bir Bak\u0131\u015f\",\"publisher\":{\"@id\":\"https:\/\/epochtimestr.com\/#organization\"},\"potentialAction\":[{\"@type\":\"SearchAction\",\"target\":{\"@type\":\"EntryPoint\",\"urlTemplate\":\"https:\/\/epochtimestr.com\/?s={search_term_string}\"},\"query-input\":\"required name=search_term_string\"}],\"inLanguage\":\"tr\"},{\"@type\":\"Organization\",\"@id\":\"https:\/\/epochtimestr.com\/#organization\",\"name\":\"The EpochTimes T\u00fcrkiye\",\"url\":\"https:\/\/epochtimestr.com\/\",\"logo\":{\"@type\":\"ImageObject\",\"inLanguage\":\"tr\",\"@id\":\"https:\/\/epochtimestr.com\/#\/schema\/logo\/image\/\",\"url\":\"https:\/\/epochtimestr.com\/wp-content\/uploads\/2011y\/ET-Logo-YG.jpg\",\"contentUrl\":\"https:\/\/epochtimestr.com\/wp-content\/uploads\/2011y\/ET-Logo-YG.jpg\",\"width\":346,\"height\":29,\"caption\":\"The EpochTimes T\u00fcrkiye\"},\"image\":{\"@id\":\"https:\/\/epochtimestr.com\/#\/schema\/logo\/image\/\"},\"sameAs\":[\"https:\/\/www.facebook.com\/theepochtimestr\",\"https:\/\/x.com\/TheEpochTimesTR\",\"https:\/\/www.instagram.com\/epochtimestr\"]},{\"@type\":\"Person\",\"@id\":\"https:\/\/epochtimestr.com\/#\/schema\/person\/da1ad104599611965442ed3e7e9acb2b\",\"name\":\"Bekir Zorba\",\"image\":{\"@type\":\"ImageObject\",\"inLanguage\":\"tr\",\"@id\":\"https:\/\/epochtimestr.com\/#\/schema\/person\/image\/\",\"url\":\"https:\/\/secure.gravatar.com\/avatar\/eafd40d9b77b1fbf7c565a3d4916b79c?s=96&d=mm&r=g\",\"contentUrl\":\"https:\/\/secure.gravatar.com\/avatar\/eafd40d9b77b1fbf7c565a3d4916b79c?s=96&d=mm&r=g\",\"caption\":\"Bekir Zorba\"},\"url\":\"https:\/\/epochtimestr.com\/index.php\/author\/bekir\"}]}<\/script>\n<!-- \/ Yoast SEO plugin. -->","yoast_head_json":{"title":"Etiket \u0130\u00e7eri\u011fin \u00d6n\u00fcnde Gider - The Epoch Times TR","description":"G\u00fcn\u00fcm\u00fczde i\u00e7erik bombard\u0131man\u0131 alt\u0131nday\u0131z. \u00d6yle ki istemedi\u011fimiz ve de takip edemedi\u011fimiz kadar i\u00e7erik var \u00f6n\u00fcm\u00fczde.","robots":{"index":"index","follow":"follow","max-snippet":"max-snippet:-1","max-image-preview":"max-image-preview:large","max-video-preview":"max-video-preview:-1"},"canonical":"https:\/\/epochtimestr.com\/index.php\/etiket-icerigin-onunde-gider","og_locale":"tr_TR","og_type":"article","og_title":"Etiket \u0130\u00e7eri\u011fin \u00d6n\u00fcnde Gider - The Epoch Times TR","og_description":"G\u00fcn\u00fcm\u00fczde i\u00e7erik bombard\u0131man\u0131 alt\u0131nday\u0131z. \u00d6yle ki istemedi\u011fimiz ve de takip edemedi\u011fimiz kadar i\u00e7erik var \u00f6n\u00fcm\u00fczde.","og_url":"https:\/\/epochtimestr.com\/index.php\/etiket-icerigin-onunde-gider","og_site_name":"The Epoch Times TR","article_publisher":"https:\/\/www.facebook.com\/theepochtimestr","article_published_time":"2026-04-30T05:30:00+00:00","article_modified_time":"2026-04-29T19:31:43+00:00","og_image":[{"width":1200,"height":630,"url":"https:\/\/epochtimestr.com\/wp-content\/uploads\/2011y\/BEKIR-ZORBA-SM-2.png","type":"image\/png"}],"author":"Bekir Zorba","twitter_card":"summary_large_image","twitter_creator":"@TheEpochTimesTR","twitter_site":"@TheEpochTimesTR","twitter_misc":{"Yazan:":"Bekir Zorba","Tahmini okuma s\u00fcresi":"4 dakika"},"schema":{"@context":"https:\/\/schema.org","@graph":[{"@type":"Article","@id":"https:\/\/epochtimestr.com\/index.php\/etiket-icerigin-onunde-gider#article","isPartOf":{"@id":"https:\/\/epochtimestr.com\/index.php\/etiket-icerigin-onunde-gider"},"author":{"name":"Bekir Zorba","@id":"https:\/\/epochtimestr.com\/#\/schema\/person\/da1ad104599611965442ed3e7e9acb2b"},"headline":"Etiket \u0130\u00e7eri\u011fin \u00d6n\u00fcnde Gider","datePublished":"2026-04-30T05:30:00+00:00","dateModified":"2026-04-29T19:31:43+00:00","mainEntityOfPage":{"@id":"https:\/\/epochtimestr.com\/index.php\/etiket-icerigin-onunde-gider"},"wordCount":709,"commentCount":0,"publisher":{"@id":"https:\/\/epochtimestr.com\/#organization"},"image":{"@id":"https:\/\/epochtimestr.com\/index.php\/etiket-icerigin-onunde-gider#primaryimage"},"thumbnailUrl":"https:\/\/epochtimestr.com\/wp-content\/uploads\/2011y\/Bekir-Zorba.png","articleSection":["K\u00f6\u015fe Yaz\u0131lar\u0131 Bekir Zorba"],"inLanguage":"tr","potentialAction":[{"@type":"CommentAction","name":"Comment","target":["https:\/\/epochtimestr.com\/index.php\/etiket-icerigin-onunde-gider#respond"]}]},{"@type":"WebPage","@id":"https:\/\/epochtimestr.com\/index.php\/etiket-icerigin-onunde-gider","url":"https:\/\/epochtimestr.com\/index.php\/etiket-icerigin-onunde-gider","name":"Etiket \u0130\u00e7eri\u011fin \u00d6n\u00fcnde Gider - The Epoch Times TR","isPartOf":{"@id":"https:\/\/epochtimestr.com\/#website"},"primaryImageOfPage":{"@id":"https:\/\/epochtimestr.com\/index.php\/etiket-icerigin-onunde-gider#primaryimage"},"image":{"@id":"https:\/\/epochtimestr.com\/index.php\/etiket-icerigin-onunde-gider#primaryimage"},"thumbnailUrl":"https:\/\/epochtimestr.com\/wp-content\/uploads\/2011y\/Bekir-Zorba.png","datePublished":"2026-04-30T05:30:00+00:00","dateModified":"2026-04-29T19:31:43+00:00","description":"G\u00fcn\u00fcm\u00fczde i\u00e7erik bombard\u0131man\u0131 alt\u0131nday\u0131z. \u00d6yle ki istemedi\u011fimiz ve de takip edemedi\u011fimiz kadar i\u00e7erik var \u00f6n\u00fcm\u00fczde.","inLanguage":"tr","potentialAction":[{"@type":"ReadAction","target":["https:\/\/epochtimestr.com\/index.php\/etiket-icerigin-onunde-gider"]}]},{"@type":"ImageObject","inLanguage":"tr","@id":"https:\/\/epochtimestr.com\/index.php\/etiket-icerigin-onunde-gider#primaryimage","url":"https:\/\/epochtimestr.com\/wp-content\/uploads\/2011y\/Bekir-Zorba.png","contentUrl":"https:\/\/epochtimestr.com\/wp-content\/uploads\/2011y\/Bekir-Zorba.png","width":600,"height":600},{"@type":"WebSite","@id":"https:\/\/epochtimestr.com\/#website","url":"https:\/\/epochtimestr.com\/","name":"The Epoch Times TR","description":"De\u011fi\u015fen D\u00fcnyam\u0131za Taze Bir Bak\u0131\u015f","publisher":{"@id":"https:\/\/epochtimestr.com\/#organization"},"potentialAction":[{"@type":"SearchAction","target":{"@type":"EntryPoint","urlTemplate":"https:\/\/epochtimestr.com\/?s={search_term_string}"},"query-input":"required name=search_term_string"}],"inLanguage":"tr"},{"@type":"Organization","@id":"https:\/\/epochtimestr.com\/#organization","name":"The EpochTimes T\u00fcrkiye","url":"https:\/\/epochtimestr.com\/","logo":{"@type":"ImageObject","inLanguage":"tr","@id":"https:\/\/epochtimestr.com\/#\/schema\/logo\/image\/","url":"https:\/\/epochtimestr.com\/wp-content\/uploads\/2011y\/ET-Logo-YG.jpg","contentUrl":"https:\/\/epochtimestr.com\/wp-content\/uploads\/2011y\/ET-Logo-YG.jpg","width":346,"height":29,"caption":"The EpochTimes T\u00fcrkiye"},"image":{"@id":"https:\/\/epochtimestr.com\/#\/schema\/logo\/image\/"},"sameAs":["https:\/\/www.facebook.com\/theepochtimestr","https:\/\/x.com\/TheEpochTimesTR","https:\/\/www.instagram.com\/epochtimestr"]},{"@type":"Person","@id":"https:\/\/epochtimestr.com\/#\/schema\/person\/da1ad104599611965442ed3e7e9acb2b","name":"Bekir Zorba","image":{"@type":"ImageObject","inLanguage":"tr","@id":"https:\/\/epochtimestr.com\/#\/schema\/person\/image\/","url":"https:\/\/secure.gravatar.com\/avatar\/eafd40d9b77b1fbf7c565a3d4916b79c?s=96&d=mm&r=g","contentUrl":"https:\/\/secure.gravatar.com\/avatar\/eafd40d9b77b1fbf7c565a3d4916b79c?s=96&d=mm&r=g","caption":"Bekir Zorba"},"url":"https:\/\/epochtimestr.com\/index.php\/author\/bekir"}]}},"_links":{"self":[{"href":"https:\/\/epochtimestr.com\/index.php\/wp-json\/wp\/v2\/posts\/167014"}],"collection":[{"href":"https:\/\/epochtimestr.com\/index.php\/wp-json\/wp\/v2\/posts"}],"about":[{"href":"https:\/\/epochtimestr.com\/index.php\/wp-json\/wp\/v2\/types\/post"}],"author":[{"embeddable":true,"href":"https:\/\/epochtimestr.com\/index.php\/wp-json\/wp\/v2\/users\/14001"}],"replies":[{"embeddable":true,"href":"https:\/\/epochtimestr.com\/index.php\/wp-json\/wp\/v2\/comments?post=167014"}],"version-history":[{"count":1,"href":"https:\/\/epochtimestr.com\/index.php\/wp-json\/wp\/v2\/posts\/167014\/revisions"}],"predecessor-version":[{"id":167015,"href":"https:\/\/epochtimestr.com\/index.php\/wp-json\/wp\/v2\/posts\/167014\/revisions\/167015"}],"wp:featuredmedia":[{"embeddable":true,"href":"https:\/\/epochtimestr.com\/index.php\/wp-json\/wp\/v2\/media\/161038"}],"wp:attachment":[{"href":"https:\/\/epochtimestr.com\/index.php\/wp-json\/wp\/v2\/media?parent=167014"}],"wp:term":[{"taxonomy":"category","embeddable":true,"href":"https:\/\/epochtimestr.com\/index.php\/wp-json\/wp\/v2\/categories?post=167014"},{"taxonomy":"post_tag","embeddable":true,"href":"https:\/\/epochtimestr.com\/index.php\/wp-json\/wp\/v2\/tags?post=167014"}],"curies":[{"name":"wp","href":"https:\/\/api.w.org\/{rel}","templated":true}]}}