{"id":167016,"date":"2026-04-30T19:15:13","date_gmt":"2026-04-30T16:15:13","guid":{"rendered":"https:\/\/epochtimestr.com\/?p=167016"},"modified":"2026-04-30T19:15:15","modified_gmt":"2026-04-30T16:15:15","slug":"trump-iran-ablukasini-surduruyor","status":"publish","type":"post","link":"https:\/\/epochtimestr.com\/index.php\/trump-iran-ablukasini-surduruyor","title":{"rendered":"Trump \u0130ran Ablukas\u0131n\u0131 S\u00fcrd\u00fcr\u00fcyor"},"content":{"rendered":"<div class=\"wp-block-image\">\n<figure class=\"aligncenter size-full\"><img loading=\"lazy\" decoding=\"async\" width=\"1536\" height=\"982\" src=\"https:\/\/epochtimestr.com\/wp-content\/uploads\/2011y\/1000037654.jpg\" alt=\"Trump \u0130ran ablukas\u0131 karar\u0131n\u0131 s\u00fcrd\u00fcr\u00fcyor. ABD, \u0130ran\u2019a y\u00f6nelik deniz ablukas\u0131n\u0131 n\u00fckleer anla\u015fma sa\u011flanana kadar kald\u0131rmayaca\u011f\u0131n\u0131 a\u00e7\u0131klad\u0131.\u00a0Abraham Lincoln Muharebe Grubu. (Foto\u011fraf: Wikimedia)\" class=\"wp-image-167017\" srcset=\"https:\/\/epochtimestr.com\/wp-content\/uploads\/2011y\/1000037654.jpg 1536w, https:\/\/epochtimestr.com\/wp-content\/uploads\/2011y\/1000037654-300x192.jpg 300w, https:\/\/epochtimestr.com\/wp-content\/uploads\/2011y\/1000037654-150x96.jpg 150w, https:\/\/epochtimestr.com\/wp-content\/uploads\/2011y\/1000037654-768x491.jpg 768w\" sizes=\"(max-width: 1536px) 100vw, 1536px\" \/><figcaption class=\"wp-element-caption\">Trump \u0130ran ablukas\u0131 karar\u0131n\u0131 s\u00fcrd\u00fcr\u00fcyor. ABD, \u0130ran\u2019a y\u00f6nelik deniz ablukas\u0131n\u0131 n\u00fckleer anla\u015fma sa\u011flanana kadar kald\u0131rmayaca\u011f\u0131n\u0131 a\u00e7\u0131klad\u0131.<em>&nbsp;Abraham Lincoln Muharebe Grubu. (Foto\u011fraf: Wikimedia)<\/em><\/figcaption><\/figure><\/div>\n\n\n<p>ABD Ba\u015fkan\u0131 Donald Trump 29 Nisan&#8217;da, \u0130ran\u2019a y\u00f6nelik deniz ablukas\u0131n\u0131 s\u00fcrd\u00fcrece\u011fini a\u00e7\u0131klad\u0131. Trump, Axios\u2019a yapt\u0131\u011f\u0131 a\u00e7\u0131klamada ablukay\u0131 n\u00fckleer anla\u015fma sa\u011flanana kadar kald\u0131rmayaca\u011f\u0131n\u0131 s\u00f6yledi. Bununla birlikte ABD y\u00f6netimi, \u0130ran&#8217;\u0131n H\u00fcrm\u00fcz Bo\u011faz\u0131\u2019n\u0131 a\u00e7ma teklifini reddetti.<\/p>\n\n\n\n<p>Trump, ablukan\u0131n bombard\u0131mandan daha etkili oldu\u011funu, ayr\u0131ca \u0130ran\u2019\u0131n ekonomik olarak zorland\u0131\u011f\u0131n\u0131 ifade etti. \u201c\u0130ran <a href=\"https:\/\/www.theepochtimes.com\/world\/trump-rejects-irans-offer-to-open-strait-says-blockade-stays-until-nuclear-deal-reached-6019095\" target=\"_blank\" rel=\"noreferrer noopener\">n\u00fckleer silaha<\/a> sahip olamaz\u201d dedi. \u0130ran, n\u00fckleer program\u0131n\u0131n sivil ama\u00e7l\u0131 oldu\u011funu iddia ederken buna kar\u015f\u0131l\u0131k ABD ve \u0130srail, Tahran\u2019\u0131 silah geli\u015ftirmekle su\u00e7luyor.<\/p>\n\n\n\n<p>ABD Merkez Kuvvetler Komutanl\u0131\u011f\u0131 yetkilileri, 42\u2019nci geminin ablukay\u0131 a\u015fmaya \u00e7al\u0131\u015f\u0131rken durduruldu\u011funu a\u00e7\u0131klad\u0131. Sat\u0131\u015f yapamayan 41 tankerle birlikte \u0130ran\u2019\u0131n yakla\u015f\u0131k 6 milyar dolarl\u0131k geliri engelleniyor.<\/p>\n\n\n\n<p>Brent petrol ve WTI&#8217;daki \u00f6nemli art\u0131\u015flar\u0131n ard\u0131ndan petrol fiyatlar\u0131 yeniden y\u00fckseldi. Dolay\u0131s\u0131yla k\u00fcresel enerji piyasas\u0131 etkilenmeye devam ediyor. Buna ek olarak ABD\u2019nin <a href=\"https:\/\/epochtimestr.com\/index.php\/abd-orta-doguda-uc-ucak-gemisi-konuslandirdi\" target=\"_blank\" rel=\"noreferrer noopener\">askeri operasyon<\/a> maliyeti de 25 milyar dolara ula\u015ft\u0131.<\/p>\n\n\n\n<p>Trump, \u0130ran ile anla\u015fma \u00e7a\u011fr\u0131s\u0131n\u0131 yinelerken ablukan\u0131n kald\u0131r\u0131lmas\u0131 i\u00e7in \u015fartlar \u00f6ne s\u00fcrd\u00fc. Ayr\u0131ca Rusya Devlet Ba\u015fkan\u0131 Vladimir Putin\u2019in arabuluculuk teklifinden bahsetti. Buna cevap olarak, \u00f6nceli\u011fin Ukrayna sava\u015f\u0131n\u0131n sona ermesi oldu\u011funu s\u00f6yledi.<\/p>\n\n\n\n<p>Pentagon, savunma b\u00fct\u00e7esinin art\u0131r\u0131lmas\u0131n\u0131 ve 2027 y\u0131l\u0131 i\u00e7in 1.5 trilyon dolar olmas\u0131n\u0131 talep etti. M\u00fchimmat ve operasyon giderlerinin \u00f6ne \u00e7\u0131kmas\u0131na ra\u011fmen bu rakam, \u00f6nceki y\u0131la g\u00f6re ciddi bir art\u0131\u015f anlam\u0131na geliyor. Son olarak Trump, \u0130ran\u2019\u0131n f\u00fcze kapasitesinin b\u00fcy\u00fck k\u0131sm\u0131n\u0131n yok edildi\u011fini iddia etti.<\/p>\n\n\n\n<p>Trump \u0130ran ablukas\u0131 politikas\u0131n\u0131 s\u00fcrd\u00fcrme kararl\u0131l\u0131\u011f\u0131n\u0131 vurgulad\u0131. Bu nedenle diplomatik \u00e7\u00f6z\u00fcm aray\u0131\u015f\u0131 devam ediyor. <\/p>\n","protected":false},"excerpt":{"rendered":"<p>ABD Ba\u015fkan\u0131 Donald Trump 29 Nisan&#8217;da, \u0130ran\u2019a y\u00f6nelik deniz ablukas\u0131n\u0131 s\u00fcrd\u00fcrece\u011fini a\u00e7\u0131klad\u0131. Trump, Axios\u2019a yapt\u0131\u011f\u0131 a\u00e7\u0131klamada ablukay\u0131 n\u00fckleer anla\u015fma sa\u011flanana kadar kald\u0131rmayaca\u011f\u0131n\u0131 s\u00f6yledi. Bununla birlikte ABD y\u00f6netimi, \u0130ran&#8217;\u0131n H\u00fcrm\u00fcz Bo\u011faz\u0131\u2019n\u0131 a\u00e7ma teklifini reddetti. Trump, ablukan\u0131n bombard\u0131mandan daha etkili oldu\u011funu, ayr\u0131ca \u0130ran\u2019\u0131n ekonomik olarak zorland\u0131\u011f\u0131n\u0131 ifade etti. \u201c\u0130ran n\u00fckleer silaha sahip olamaz\u201d dedi. \u0130ran, n\u00fckleer program\u0131n\u0131n [&hellip;]<\/p>\n","protected":false},"author":13996,"featured_media":167017,"comment_status":"open","ping_status":"open","sticky":false,"template":"","format":"standard","meta":{"_yoast_wpseo_focuskw":"Trump - \u0130ran","_yoast_wpseo_title":"","_yoast_wpseo_metadesc":"Trump \u0130ran ablukas\u0131 karar\u0131n\u0131 s\u00fcrd\u00fcr\u00fcyor. ABD, \u0130ran\u2019a y\u00f6nelik deniz ablukas\u0131n\u0131 n\u00fckleer anla\u015fma sa\u011flanana kadar kald\u0131rmayaca\u011f\u0131n\u0131 a\u00e7\u0131klad\u0131.","_bbp_topic_count":0,"_bbp_reply_count":0,"_bbp_total_topic_count":0,"_bbp_total_reply_count":0,"_bbp_voice_count":0,"_bbp_anonymous_reply_count":0,"_bbp_topic_count_hidden":0,"_bbp_reply_count_hidden":0,"_bbp_forum_subforum_count":0,"footnotes":"","_yoast_wpseo_focuskw_text_input":""},"categories":[5,1,8138],"tags":[10503,10522,11319,11143,5764],"yoast_head":"<!-- This site is optimized with the Yoast SEO plugin v23.0 - https:\/\/yoast.com\/wordpress\/plugins\/seo\/ -->\n<title>Trump \u0130ran Ablukas\u0131n\u0131 S\u00fcrd\u00fcr\u00fcyor - The Epoch Times TR<\/title>\n<meta name=\"description\" content=\"Trump \u0130ran ablukas\u0131 karar\u0131n\u0131 s\u00fcrd\u00fcr\u00fcyor. ABD, \u0130ran\u2019a y\u00f6nelik deniz ablukas\u0131n\u0131 n\u00fckleer anla\u015fma sa\u011flanana kadar kald\u0131rmayaca\u011f\u0131n\u0131 a\u00e7\u0131klad\u0131.\" \/>\n<meta name=\"robots\" content=\"index, follow, max-snippet:-1, max-image-preview:large, max-video-preview:-1\" \/>\n<link rel=\"canonical\" href=\"https:\/\/epochtimestr.com\/index.php\/trump-iran-ablukasini-surduruyor\" \/>\n<meta property=\"og:locale\" content=\"tr_TR\" \/>\n<meta property=\"og:type\" content=\"article\" \/>\n<meta property=\"og:title\" content=\"Trump \u0130ran Ablukas\u0131n\u0131 S\u00fcrd\u00fcr\u00fcyor - The Epoch Times TR\" \/>\n<meta property=\"og:description\" content=\"Trump \u0130ran ablukas\u0131 karar\u0131n\u0131 s\u00fcrd\u00fcr\u00fcyor. ABD, \u0130ran\u2019a y\u00f6nelik deniz ablukas\u0131n\u0131 n\u00fckleer anla\u015fma sa\u011flanana kadar kald\u0131rmayaca\u011f\u0131n\u0131 a\u00e7\u0131klad\u0131.\" \/>\n<meta property=\"og:url\" content=\"https:\/\/epochtimestr.com\/index.php\/trump-iran-ablukasini-surduruyor\" \/>\n<meta property=\"og:site_name\" content=\"The Epoch Times TR\" \/>\n<meta property=\"article:publisher\" content=\"https:\/\/www.facebook.com\/theepochtimestr\" \/>\n<meta property=\"article:published_time\" content=\"2026-04-30T16:15:13+00:00\" \/>\n<meta property=\"article:modified_time\" content=\"2026-04-30T16:15:15+00:00\" \/>\n<meta property=\"og:image\" content=\"https:\/\/epochtimestr.com\/wp-content\/uploads\/2011y\/1000037654.jpg\" \/>\n\t<meta property=\"og:image:width\" content=\"1536\" \/>\n\t<meta property=\"og:image:height\" content=\"982\" \/>\n\t<meta property=\"og:image:type\" content=\"image\/jpeg\" \/>\n<meta name=\"author\" content=\"Leo Bajelan\" \/>\n<meta name=\"twitter:card\" content=\"summary_large_image\" \/>\n<meta name=\"twitter:creator\" content=\"@TheEpochTimesTR\" \/>\n<meta name=\"twitter:site\" content=\"@TheEpochTimesTR\" \/>\n<meta name=\"twitter:label1\" content=\"Yazan:\" \/>\n\t<meta name=\"twitter:data1\" content=\"Leo Bajelan\" \/>\n\t<meta name=\"twitter:label2\" content=\"Tahmini okuma s\u00fcresi\" \/>\n\t<meta name=\"twitter:data2\" content=\"2 dakika\" \/>\n<script type=\"application\/ld+json\" class=\"yoast-schema-graph\">{\"@context\":\"https:\/\/schema.org\",\"@graph\":[{\"@type\":\"Article\",\"@id\":\"https:\/\/epochtimestr.com\/index.php\/trump-iran-ablukasini-surduruyor#article\",\"isPartOf\":{\"@id\":\"https:\/\/epochtimestr.com\/index.php\/trump-iran-ablukasini-surduruyor\"},\"author\":{\"name\":\"Leo Bajelan\",\"@id\":\"https:\/\/epochtimestr.com\/#\/schema\/person\/5fef218711d76d8f232b0e1f1d7e4c0d\"},\"headline\":\"Trump \u0130ran Ablukas\u0131n\u0131 S\u00fcrd\u00fcr\u00fcyor\",\"datePublished\":\"2026-04-30T16:15:13+00:00\",\"dateModified\":\"2026-04-30T16:15:15+00:00\",\"mainEntityOfPage\":{\"@id\":\"https:\/\/epochtimestr.com\/index.php\/trump-iran-ablukasini-surduruyor\"},\"wordCount\":350,\"commentCount\":0,\"publisher\":{\"@id\":\"https:\/\/epochtimestr.com\/#organization\"},\"image\":{\"@id\":\"https:\/\/epochtimestr.com\/index.php\/trump-iran-ablukasini-surduruyor#primaryimage\"},\"thumbnailUrl\":\"https:\/\/epochtimestr.com\/wp-content\/uploads\/2011y\/1000037654.jpg\",\"keywords\":[\"ABD \u0130ran sava\u015f\u0131\",\"H\u00fcrm\u00fcz bo\u011faz\u0131\",\"\u0130ran ablukas\u0131\",\"\u0130ran m\u00fczakereleri\",\"Trump\"],\"articleSection\":[\"D\u00dcNYA\",\"G\u00dcNDEM\",\"Man\u015fet\"],\"inLanguage\":\"tr\",\"potentialAction\":[{\"@type\":\"CommentAction\",\"name\":\"Comment\",\"target\":[\"https:\/\/epochtimestr.com\/index.php\/trump-iran-ablukasini-surduruyor#respond\"]}]},{\"@type\":\"WebPage\",\"@id\":\"https:\/\/epochtimestr.com\/index.php\/trump-iran-ablukasini-surduruyor\",\"url\":\"https:\/\/epochtimestr.com\/index.php\/trump-iran-ablukasini-surduruyor\",\"name\":\"Trump \u0130ran Ablukas\u0131n\u0131 S\u00fcrd\u00fcr\u00fcyor - The Epoch Times TR\",\"isPartOf\":{\"@id\":\"https:\/\/epochtimestr.com\/#website\"},\"primaryImageOfPage\":{\"@id\":\"https:\/\/epochtimestr.com\/index.php\/trump-iran-ablukasini-surduruyor#primaryimage\"},\"image\":{\"@id\":\"https:\/\/epochtimestr.com\/index.php\/trump-iran-ablukasini-surduruyor#primaryimage\"},\"thumbnailUrl\":\"https:\/\/epochtimestr.com\/wp-content\/uploads\/2011y\/1000037654.jpg\",\"datePublished\":\"2026-04-30T16:15:13+00:00\",\"dateModified\":\"2026-04-30T16:15:15+00:00\",\"description\":\"Trump \u0130ran ablukas\u0131 karar\u0131n\u0131 s\u00fcrd\u00fcr\u00fcyor. ABD, \u0130ran\u2019a y\u00f6nelik deniz ablukas\u0131n\u0131 n\u00fckleer anla\u015fma sa\u011flanana kadar kald\u0131rmayaca\u011f\u0131n\u0131 a\u00e7\u0131klad\u0131.\",\"inLanguage\":\"tr\",\"potentialAction\":[{\"@type\":\"ReadAction\",\"target\":[\"https:\/\/epochtimestr.com\/index.php\/trump-iran-ablukasini-surduruyor\"]}]},{\"@type\":\"ImageObject\",\"inLanguage\":\"tr\",\"@id\":\"https:\/\/epochtimestr.com\/index.php\/trump-iran-ablukasini-surduruyor#primaryimage\",\"url\":\"https:\/\/epochtimestr.com\/wp-content\/uploads\/2011y\/1000037654.jpg\",\"contentUrl\":\"https:\/\/epochtimestr.com\/wp-content\/uploads\/2011y\/1000037654.jpg\",\"width\":1536,\"height\":982},{\"@type\":\"WebSite\",\"@id\":\"https:\/\/epochtimestr.com\/#website\",\"url\":\"https:\/\/epochtimestr.com\/\",\"name\":\"The Epoch Times TR\",\"description\":\"De\u011fi\u015fen D\u00fcnyam\u0131za Taze Bir Bak\u0131\u015f\",\"publisher\":{\"@id\":\"https:\/\/epochtimestr.com\/#organization\"},\"potentialAction\":[{\"@type\":\"SearchAction\",\"target\":{\"@type\":\"EntryPoint\",\"urlTemplate\":\"https:\/\/epochtimestr.com\/?s={search_term_string}\"},\"query-input\":\"required name=search_term_string\"}],\"inLanguage\":\"tr\"},{\"@type\":\"Organization\",\"@id\":\"https:\/\/epochtimestr.com\/#organization\",\"name\":\"The EpochTimes T\u00fcrkiye\",\"url\":\"https:\/\/epochtimestr.com\/\",\"logo\":{\"@type\":\"ImageObject\",\"inLanguage\":\"tr\",\"@id\":\"https:\/\/epochtimestr.com\/#\/schema\/logo\/image\/\",\"url\":\"https:\/\/epochtimestr.com\/wp-content\/uploads\/2011y\/ET-Logo-YG.jpg\",\"contentUrl\":\"https:\/\/epochtimestr.com\/wp-content\/uploads\/2011y\/ET-Logo-YG.jpg\",\"width\":346,\"height\":29,\"caption\":\"The EpochTimes T\u00fcrkiye\"},\"image\":{\"@id\":\"https:\/\/epochtimestr.com\/#\/schema\/logo\/image\/\"},\"sameAs\":[\"https:\/\/www.facebook.com\/theepochtimestr\",\"https:\/\/x.com\/TheEpochTimesTR\",\"https:\/\/www.instagram.com\/epochtimestr\"]},{\"@type\":\"Person\",\"@id\":\"https:\/\/epochtimestr.com\/#\/schema\/person\/5fef218711d76d8f232b0e1f1d7e4c0d\",\"name\":\"Leo Bajelan\",\"image\":{\"@type\":\"ImageObject\",\"inLanguage\":\"tr\",\"@id\":\"https:\/\/epochtimestr.com\/#\/schema\/person\/image\/\",\"url\":\"https:\/\/secure.gravatar.com\/avatar\/917669146f489549e548a2e9af272df5?s=96&d=mm&r=g\",\"contentUrl\":\"https:\/\/secure.gravatar.com\/avatar\/917669146f489549e548a2e9af272df5?s=96&d=mm&r=g\",\"caption\":\"Leo Bajelan\"},\"url\":\"https:\/\/epochtimestr.com\/index.php\/author\/leo\"}]}<\/script>\n<!-- \/ Yoast SEO plugin. -->","yoast_head_json":{"title":"Trump \u0130ran Ablukas\u0131n\u0131 S\u00fcrd\u00fcr\u00fcyor - The Epoch Times TR","description":"Trump \u0130ran ablukas\u0131 karar\u0131n\u0131 s\u00fcrd\u00fcr\u00fcyor. ABD, \u0130ran\u2019a y\u00f6nelik deniz ablukas\u0131n\u0131 n\u00fckleer anla\u015fma sa\u011flanana kadar kald\u0131rmayaca\u011f\u0131n\u0131 a\u00e7\u0131klad\u0131.","robots":{"index":"index","follow":"follow","max-snippet":"max-snippet:-1","max-image-preview":"max-image-preview:large","max-video-preview":"max-video-preview:-1"},"canonical":"https:\/\/epochtimestr.com\/index.php\/trump-iran-ablukasini-surduruyor","og_locale":"tr_TR","og_type":"article","og_title":"Trump \u0130ran Ablukas\u0131n\u0131 S\u00fcrd\u00fcr\u00fcyor - The Epoch Times TR","og_description":"Trump \u0130ran ablukas\u0131 karar\u0131n\u0131 s\u00fcrd\u00fcr\u00fcyor. ABD, \u0130ran\u2019a y\u00f6nelik deniz ablukas\u0131n\u0131 n\u00fckleer anla\u015fma sa\u011flanana kadar kald\u0131rmayaca\u011f\u0131n\u0131 a\u00e7\u0131klad\u0131.","og_url":"https:\/\/epochtimestr.com\/index.php\/trump-iran-ablukasini-surduruyor","og_site_name":"The Epoch Times TR","article_publisher":"https:\/\/www.facebook.com\/theepochtimestr","article_published_time":"2026-04-30T16:15:13+00:00","article_modified_time":"2026-04-30T16:15:15+00:00","og_image":[{"width":1536,"height":982,"url":"https:\/\/epochtimestr.com\/wp-content\/uploads\/2011y\/1000037654.jpg","type":"image\/jpeg"}],"author":"Leo Bajelan","twitter_card":"summary_large_image","twitter_creator":"@TheEpochTimesTR","twitter_site":"@TheEpochTimesTR","twitter_misc":{"Yazan:":"Leo Bajelan","Tahmini okuma s\u00fcresi":"2 dakika"},"schema":{"@context":"https:\/\/schema.org","@graph":[{"@type":"Article","@id":"https:\/\/epochtimestr.com\/index.php\/trump-iran-ablukasini-surduruyor#article","isPartOf":{"@id":"https:\/\/epochtimestr.com\/index.php\/trump-iran-ablukasini-surduruyor"},"author":{"name":"Leo Bajelan","@id":"https:\/\/epochtimestr.com\/#\/schema\/person\/5fef218711d76d8f232b0e1f1d7e4c0d"},"headline":"Trump \u0130ran Ablukas\u0131n\u0131 S\u00fcrd\u00fcr\u00fcyor","datePublished":"2026-04-30T16:15:13+00:00","dateModified":"2026-04-30T16:15:15+00:00","mainEntityOfPage":{"@id":"https:\/\/epochtimestr.com\/index.php\/trump-iran-ablukasini-surduruyor"},"wordCount":350,"commentCount":0,"publisher":{"@id":"https:\/\/epochtimestr.com\/#organization"},"image":{"@id":"https:\/\/epochtimestr.com\/index.php\/trump-iran-ablukasini-surduruyor#primaryimage"},"thumbnailUrl":"https:\/\/epochtimestr.com\/wp-content\/uploads\/2011y\/1000037654.jpg","keywords":["ABD \u0130ran sava\u015f\u0131","H\u00fcrm\u00fcz bo\u011faz\u0131","\u0130ran ablukas\u0131","\u0130ran m\u00fczakereleri","Trump"],"articleSection":["D\u00dcNYA","G\u00dcNDEM","Man\u015fet"],"inLanguage":"tr","potentialAction":[{"@type":"CommentAction","name":"Comment","target":["https:\/\/epochtimestr.com\/index.php\/trump-iran-ablukasini-surduruyor#respond"]}]},{"@type":"WebPage","@id":"https:\/\/epochtimestr.com\/index.php\/trump-iran-ablukasini-surduruyor","url":"https:\/\/epochtimestr.com\/index.php\/trump-iran-ablukasini-surduruyor","name":"Trump \u0130ran Ablukas\u0131n\u0131 S\u00fcrd\u00fcr\u00fcyor - The Epoch Times TR","isPartOf":{"@id":"https:\/\/epochtimestr.com\/#website"},"primaryImageOfPage":{"@id":"https:\/\/epochtimestr.com\/index.php\/trump-iran-ablukasini-surduruyor#primaryimage"},"image":{"@id":"https:\/\/epochtimestr.com\/index.php\/trump-iran-ablukasini-surduruyor#primaryimage"},"thumbnailUrl":"https:\/\/epochtimestr.com\/wp-content\/uploads\/2011y\/1000037654.jpg","datePublished":"2026-04-30T16:15:13+00:00","dateModified":"2026-04-30T16:15:15+00:00","description":"Trump \u0130ran ablukas\u0131 karar\u0131n\u0131 s\u00fcrd\u00fcr\u00fcyor. ABD, \u0130ran\u2019a y\u00f6nelik deniz ablukas\u0131n\u0131 n\u00fckleer anla\u015fma sa\u011flanana kadar kald\u0131rmayaca\u011f\u0131n\u0131 a\u00e7\u0131klad\u0131.","inLanguage":"tr","potentialAction":[{"@type":"ReadAction","target":["https:\/\/epochtimestr.com\/index.php\/trump-iran-ablukasini-surduruyor"]}]},{"@type":"ImageObject","inLanguage":"tr","@id":"https:\/\/epochtimestr.com\/index.php\/trump-iran-ablukasini-surduruyor#primaryimage","url":"https:\/\/epochtimestr.com\/wp-content\/uploads\/2011y\/1000037654.jpg","contentUrl":"https:\/\/epochtimestr.com\/wp-content\/uploads\/2011y\/1000037654.jpg","width":1536,"height":982},{"@type":"WebSite","@id":"https:\/\/epochtimestr.com\/#website","url":"https:\/\/epochtimestr.com\/","name":"The Epoch Times TR","description":"De\u011fi\u015fen D\u00fcnyam\u0131za Taze Bir Bak\u0131\u015f","publisher":{"@id":"https:\/\/epochtimestr.com\/#organization"},"potentialAction":[{"@type":"SearchAction","target":{"@type":"EntryPoint","urlTemplate":"https:\/\/epochtimestr.com\/?s={search_term_string}"},"query-input":"required name=search_term_string"}],"inLanguage":"tr"},{"@type":"Organization","@id":"https:\/\/epochtimestr.com\/#organization","name":"The EpochTimes T\u00fcrkiye","url":"https:\/\/epochtimestr.com\/","logo":{"@type":"ImageObject","inLanguage":"tr","@id":"https:\/\/epochtimestr.com\/#\/schema\/logo\/image\/","url":"https:\/\/epochtimestr.com\/wp-content\/uploads\/2011y\/ET-Logo-YG.jpg","contentUrl":"https:\/\/epochtimestr.com\/wp-content\/uploads\/2011y\/ET-Logo-YG.jpg","width":346,"height":29,"caption":"The EpochTimes T\u00fcrkiye"},"image":{"@id":"https:\/\/epochtimestr.com\/#\/schema\/logo\/image\/"},"sameAs":["https:\/\/www.facebook.com\/theepochtimestr","https:\/\/x.com\/TheEpochTimesTR","https:\/\/www.instagram.com\/epochtimestr"]},{"@type":"Person","@id":"https:\/\/epochtimestr.com\/#\/schema\/person\/5fef218711d76d8f232b0e1f1d7e4c0d","name":"Leo Bajelan","image":{"@type":"ImageObject","inLanguage":"tr","@id":"https:\/\/epochtimestr.com\/#\/schema\/person\/image\/","url":"https:\/\/secure.gravatar.com\/avatar\/917669146f489549e548a2e9af272df5?s=96&d=mm&r=g","contentUrl":"https:\/\/secure.gravatar.com\/avatar\/917669146f489549e548a2e9af272df5?s=96&d=mm&r=g","caption":"Leo Bajelan"},"url":"https:\/\/epochtimestr.com\/index.php\/author\/leo"}]}},"_links":{"self":[{"href":"https:\/\/epochtimestr.com\/index.php\/wp-json\/wp\/v2\/posts\/167016"}],"collection":[{"href":"https:\/\/epochtimestr.com\/index.php\/wp-json\/wp\/v2\/posts"}],"about":[{"href":"https:\/\/epochtimestr.com\/index.php\/wp-json\/wp\/v2\/types\/post"}],"author":[{"embeddable":true,"href":"https:\/\/epochtimestr.com\/index.php\/wp-json\/wp\/v2\/users\/13996"}],"replies":[{"embeddable":true,"href":"https:\/\/epochtimestr.com\/index.php\/wp-json\/wp\/v2\/comments?post=167016"}],"version-history":[{"count":2,"href":"https:\/\/epochtimestr.com\/index.php\/wp-json\/wp\/v2\/posts\/167016\/revisions"}],"predecessor-version":[{"id":167029,"href":"https:\/\/epochtimestr.com\/index.php\/wp-json\/wp\/v2\/posts\/167016\/revisions\/167029"}],"wp:featuredmedia":[{"embeddable":true,"href":"https:\/\/epochtimestr.com\/index.php\/wp-json\/wp\/v2\/media\/167017"}],"wp:attachment":[{"href":"https:\/\/epochtimestr.com\/index.php\/wp-json\/wp\/v2\/media?parent=167016"}],"wp:term":[{"taxonomy":"category","embeddable":true,"href":"https:\/\/epochtimestr.com\/index.php\/wp-json\/wp\/v2\/categories?post=167016"},{"taxonomy":"post_tag","embeddable":true,"href":"https:\/\/epochtimestr.com\/index.php\/wp-json\/wp\/v2\/tags?post=167016"}],"curies":[{"name":"wp","href":"https:\/\/api.w.org\/{rel}","templated":true}]}}