{"id":167020,"date":"2026-04-30T15:40:15","date_gmt":"2026-04-30T12:40:15","guid":{"rendered":"https:\/\/epochtimestr.com\/?p=167020"},"modified":"2026-04-30T19:43:35","modified_gmt":"2026-04-30T16:43:35","slug":"dr-harun-ozmen-ve-uc-mevsim","status":"publish","type":"post","link":"https:\/\/epochtimestr.com\/index.php\/dr-harun-ozmen-ve-uc-mevsim","title":{"rendered":"Dr. Harun \u00d6zmen Ve \u00dc\u00e7 Mevsim"},"content":{"rendered":"<div class=\"wp-block-image\">\n<figure class=\"aligncenter size-full is-resized\"><img loading=\"lazy\" decoding=\"async\" width=\"620\" height=\"713\" src=\"https:\/\/epochtimestr.com\/wp-content\/uploads\/2011y\/signal-2026-04-30-145205.jpeg\" alt=\"\" class=\"wp-image-167021\" style=\"width:250px;height:auto\" srcset=\"https:\/\/epochtimestr.com\/wp-content\/uploads\/2011y\/signal-2026-04-30-145205.jpeg 620w, https:\/\/epochtimestr.com\/wp-content\/uploads\/2011y\/signal-2026-04-30-145205-261x300.jpeg 261w, https:\/\/epochtimestr.com\/wp-content\/uploads\/2011y\/signal-2026-04-30-145205-130x150.jpeg 130w\" sizes=\"(max-width: 620px) 100vw, 620px\" \/><figcaption class=\"wp-element-caption\">Dr. Harun \u00d6zmen<\/figcaption><\/figure><\/div>\n\n\n<p>\u201c\u00dc\u00e7 Mevsim\u201d Dr. Harun \u00d6zmen\u2019in ikinci kitab\u0131. Ankara\u2019da Y\u0131ld\u0131zlar Yay\u0131nc\u0131l\u0131k\u2019ta bas\u0131lm\u0131\u015f; bas\u0131m tarihi Kas\u0131m 2011 ve 144 sayfadan olu\u015fuyor. Ayn\u0131 zamanda Mersin \u015eairler ve Yazarlar Derne\u011fi \u00fcyesi olan Dr. Harun \u00d6zmen bu kitab\u0131 yazarak y\u0131llard\u0131r d\u00fc\u015fledi\u011fi \u015feyi ger\u00e7ekle\u015ftirmi\u015f: her ya\u015fta insan\u0131n okuyaca\u011f\u0131 bir kitab\u0131. \u0130stemi\u015f ki \u00e7ocuk, gen\u00e7 ve olgun bu \u00fc\u00e7 mevsimin i\u00e7inde olan herkes okusun. Ger\u00e7ekten de \u201c\u00dc\u00e7 Mevsim\u201d \u00e7ocuk, gen\u00e7 ve kem\u00e2le ermi\u015fler i\u00e7in. Kimi tuttu\u011fu g\u00fcnl\u00fcklerden, kimi \u00e7ocuk\u00e7a co\u015fkularla d\u00fcn\u00fc bug\u00fcne ba\u011flad\u0131\u011f\u0131 an\u0131lardan, sevin\u00e7leri ve h\u00fcz\u00fcnleri denkle\u015ftirmeye \u00e7al\u0131\u015ft\u0131\u011f\u0131 ya\u015fanm\u0131\u015fl\u0131klardan, her ya\u015fta insan\u0131n okuyaca\u011f\u0131 bir kitap.<\/p>\n\n\n\n<p>Bir \u00e7ocu\u011fun d\u00fcnyas\u0131nda unutulmayan kesitler\u2026 Ilg\u0131n\u2019da ge\u00e7en sevin\u00e7, h\u00fcz\u00fcn ile kar\u0131\u015f\u0131k duygular\u2026<\/p>\n\n\n\n<p>Kazlar, tavuklar, hindilerle ko\u015fturmalar, leyleklerin getirdi\u011fine inan\u0131lan \u00e7ocukluk d\u00f6nemi. T\u0131rt\u0131l\u0131n kozaya ba\u015flama projesi, ya\u015fama merhaba diyen bir kelebe\u011fi g\u00f6zleme \u015fans\u0131. Bir \u00e7ocu\u011fun d\u00fcnyas\u0131nda sevgileriyle iz b\u0131rakanlar: Y\u00f6r\u00fck nene, Belk\u0131s hala, baki kalan insanlar\u0131 unutmayan vefal\u0131 bir y\u00fcrek.<\/p>\n\n\n\n<p>Demiryolcu bir baban\u0131n o\u011flu olmak yazara ayr\u0131cal\u0131k kazand\u0131rm\u0131\u015f. Trenlerin hep yolculu\u011fu hat\u0131rlatan sesi, geride kalman\u0131n h\u00fczn\u00fc, seyahatin co\u015fkusu\u2026 Demir yolu lojmanlar\u0131n\u0131n konumlar\u0131 do\u011fayla i\u00e7 i\u00e7e, bir \u00e7ocukluk ya\u015fama \u015fans\u0131 vermi\u015f yazara. Sonra Adana\u2019ya ta\u015f\u0131nan \u00e7ocuklu\u011fun devam\u0131, kedi \u00c7\u0131ta\u2019n\u0131n dostlu\u011fu, yaz\u0131 aylak aylak ge\u00e7iren a\u011fustos b\u00f6ce\u011fini eline alan bir \u00e7ocuk ve kar\u0131ncalardan al\u0131nan ders. D\u00fczen ve intizam\u0131n \u00e7al\u0131\u015fkan olman\u0131n ilk \u015fart\u0131 ve \u00e7al\u0131\u015fman\u0131n b\u00fcy\u00fck bir erdem oldu\u011funu, payla\u015f\u0131ld\u0131k\u00e7a her \u015feyin daha g\u00fczel oldu\u011funu d\u00fc\u015f\u00fcnen k\u00fc\u00e7\u00fcc\u00fck bir \u00e7ocu\u011fun kocaman bak\u0131\u015f a\u00e7\u0131s\u0131 ve onlar\u0131n kat kat in\u015fa edilmi\u015f \u015fehirlerini merak eden bir hayal g\u00fcc\u00fc\u2026 En iyi \u00e7ocukluk arkada\u015f\u0131 Alper\u2019in, Mediha\u2019n\u0131n \u00f6l\u00fcm\u00fc, bir \u00e7ocu\u011fun \u00f6l\u00fcm\u00fc alg\u0131lay\u0131\u015f\u0131\u2026 Bir daha g\u00f6rememenin h\u00fczn\u00fc o kadar ustaca yans\u0131t\u0131lm\u0131\u015f ki g\u00f6zya\u015flar\u0131m\u0131 tutamad\u0131m.<\/p>\n\n\n\n<p>Yazar, \u00e7ocuklu\u011funun masallar d\u00fcnyas\u0131nda gezi yaparken bug\u00fcnk\u00fc \u00e7ocuklara da kaynak sunuyor asl\u0131nda. Sokak lambas\u0131 alt\u0131nda canlan\u0131yor masallar, \u00c7izmeli Kedi, 80 G\u00fcnde Devri \u00c2lem, Define Adas\u0131, K\u00fc\u00e7\u00fck Kemanc\u0131, Deniz Alt\u0131nda Yirmi Bin Fersah, Tom Amcan\u0131n Kul\u00fcbesi, Kibrit\u00e7i K\u0131z\u2026 Yazar\u0131n doyas\u0131ya ya\u015fad\u0131\u011f\u0131 \u00e7ocuklu\u011fu, sizi kendi \u00e7ocuklu\u011funuza g\u00f6t\u00fcr\u00fcyor. Sal\u0131ncaktan bah\u00e7elere ta\u015fan kahkahalar, dizlerden eksilmeyen kabuk ba\u011flam\u0131\u015f yaralar, aksiyonlu \u00e7izgi romanlar, pul, kapak, ciklet koleksiyonlar\u0131, renkli \u015fekerlerin verdi\u011fi tat, oynad\u0131\u011f\u0131n\u0131z sokaklar\u2026 Favori oyuncaklar\u0131n\u0131z\u0131 bulmak i\u00e7in ceplerinizi kar\u0131\u015ft\u0131r\u0131yorsunuz bir an ve i\u00e7inizde tarif edemedi\u011finiz g\u00fczel bir h\u00fcz\u00fcn duyuyorsunuz\u2026<\/p>\n\n\n\n<p>Arkas\u0131ndan \u00e7ocukluktan gen\u00e7li\u011fe ge\u00e7i\u015fin utanga\u00e7 gizi, uzayan sohbetler, gizli ve a\u00e7\u0131k sevdalarla dal\u0131p bo\u015falan y\u00fcre\u011fin ac\u0131s\u0131. Sevgi ve yok olman\u0131n ne oldu\u011funu \u00f6\u011frenme yolunda ayaklar\u0131 kanaya kanaya yol alma. Memleket kurtarman\u0131n her t\u00fcrl\u00fc tarif kitaplar\u0131n\u0131 okuyan, d\u00fc\u015f\u00fcnceyi ifade etmenin g\u00fczel oldu\u011fu, ama \u015fiddetle g\u00f6lgelendi\u011fi y\u0131llar\u2026 B\u00fclu\u011f \u00e7a\u011f\u0131n\u0131n ideolojik bir d\u00f6neme, arkas\u0131ndan ihtilal d\u00f6nemine rastlamas\u0131\u2026 Ac\u0131, korku, t\u00fckenen hayatlar, co\u015fkulu bir \u00e7ocuklu\u011fun ard\u0131ndan haz\u0131rl\u0131ks\u0131z yakalayarak k\u0131sa devre etkisi yapm\u0131\u015f yazarda.<\/p>\n\n\n\n<p>Derken \u00e7al\u0131\u015fman\u0131n vazge\u00e7ilmez bir arkada\u015f oldu\u011fu, gecelerin sabahlara ba\u011fland\u0131\u011f\u0131, a\u011f\u0131r \u00e7al\u0131\u015fma temposu gerektiren t\u0131p e\u011fitimi. Bitiminde gen\u00e7 bir hekimin bir ta\u015fra kasabas\u0131nda ge\u00e7en g\u00fcnleri\u2026 K\u00f6y hayat\u0131, \u00e7oban k\u00f6pekleri, donduran so\u011fuk, vah\u015fi kurtlar gibi inleyen tipi ve hasta ve hekim ve \u00fcmit\u2026 Uzun karl\u0131 k\u0131\u015f g\u00fcn\u00fcnde Adison Salih\u2019in kararan y\u00fcz\u00fcn\u00fc, kap\u0131 e\u015fi\u011finde yard\u0131m isteyen nefesini duyuyorsunuz. Hekimlik mesle\u011finde elden bir \u015fey gelmemenin verdi\u011fi \u00e7aresizli\u011fi, pamuk ipli\u011finin ucunda sallanan bir hayat\u0131n kopu\u015fu ya da kurtar\u0131l\u0131\u015f\u0131, o k\u0131sac\u0131k an\u0131n verdi\u011fi huzursuzlu\u011fun terini d\u00f6k\u00fcyorsunuz. Her \u015feyin yolunda gidi\u015fiyle ard\u0131ndan \u00e7ekilen uykunun anlat\u0131lmaz rahatl\u0131\u011f\u0131n\u0131, ustaca bir anlat\u0131mla hissettiriyor yazar.<\/p>\n\n\n\n<p>Ard\u0131ndan \u00fcmit getirip g\u00f6t\u00fcren bir \u015fehir ve a\u015fk ve \u00f6zlem ve askerlik\u2026 Ac\u0131yla ba\u011fr\u0131na vuran Gabar, Canik Da\u011flar\u0131, mermilerin inletti\u011fi geceler\u2026 Mehmet\u00e7i\u011fin bir y\u0131ld\u0131z gibi kayd\u0131\u011f\u0131 g\u00fcnleri ya\u015f\u0131yoruz\u2026 Ke\u015fke masal olsa dedi\u011fimiz ger\u00e7ekleri\u2026 Bu d\u00f6nem bir k\u0131sa devre etkisi daha yap\u0131yor. Belki de yazara yazd\u0131ran da, ruhunu uyand\u0131ran da bu etkiler\u2026<\/p>\n\n\n\n<p>Ve olgunlu\u011fa ilk ad\u0131m, aile hayat\u0131, baba olma heyecan\u0131 ve doya doya hekimlik mesle\u011fi\u2026 Bir bebe\u011fin \u00e7\u0131\u011fl\u0131\u011f\u0131nda anlam bulan hayat, bir ya\u015fl\u0131n\u0131n y\u00fcz\u00fcndeki \u00e7izgilerin derinli\u011finin yans\u0131tt\u0131\u011f\u0131 hayat\u0131 sorgulama, iyi ge\u00e7irilmi\u015f bir hayat\u0131n mutlu bir \u00f6l\u00fcm getirece\u011fini bilme, insan olma ve hayata dair ipu\u00e7lar\u0131 yakalama&#8230; Her \u015fey bitti derken sevgiye tutunan ve kurtulan insanlar\u2026 \u00d6l\u00fcm\u00fcn k\u0131y\u0131s\u0131ndan d\u00f6nd\u00fcren tanr\u0131n\u0131n elleri\u2026 Kim bilir ka\u00e7 ya\u015fam yar\u0131m kald\u0131\u011f\u0131 yerden tekrar ba\u015flad\u0131! Nesrin\u2019in umudu, bal pete\u011fi Cemile\u2019si\u2026 Emek, sevin\u00e7, \u00f6zveri ve ac\u0131\u2026<\/p>\n\n\n\n<p>Bu kitapta s\u00f6z, ya\u011fmurdan sonra g\u00f6kku\u015fa\u011f\u0131 oluyor, m\u00fcjde oluyor, her dem taze, karanl\u0131\u011f\u0131 s\u00f6ken \u015fafak oluyor yazar\u0131n kaleminde\u2026 S\u00f6z umuda, vefaya, iyili\u011fe, sevgiye dair s\u00f6yl\u00fcyor. Derine dald\u0131k\u00e7a heyecan\u0131 art\u0131yor. Yazar bir \u015fafak vakti y\u00fczlerce ku\u015fun sesini, k\u0131rda tek ba\u015f\u0131na u\u00e7an kelebe\u011fin kanad\u0131ndaki r\u00fczg\u00e2r\u0131, kardelenin \u00fczerindeki k\u0131ra\u011f\u0131 damlas\u0131nda parlayan g\u00fcne\u015fin akislerini g\u00f6rebiliyor ve okura da ya\u015fat\u0131yor. Ve ya\u015f kemale erince ilk beyazlar\u0131 konuk ederken sa\u00e7lar\u0131, heybesini bilgiyle doldurdu\u011fundan hi\u00e7 t\u0131nm\u0131yor. Ya\u015fam k\u0131rk\u0131ndan sonra zaman\u0131 tepetaklak edip bay\u0131r a\u015fa\u011f\u0131 yuvarlansa da, k\u0131r\u0131lsa da dost bakan aynalar, sevgi, okyanusta kum oluyor, derin ve mavi, payla\u015ft\u0131k\u00e7a g\u00fcl oluyor yazar\u0131n kaleminde.<\/p>\n\n\n\n<p>Her b\u00f6l\u00fcm\u00fcn ba\u015f\u0131nda ve sonunda bulunan \u00f6zl\u00fc s\u00f6zler d\u00fc\u015f\u00fcnd\u00fcr\u00fcyor, daha da \u00f6z\u00fcmsetiyor okura \u00dc\u00e7 Mevsim\u2019i. Yazar, dostlar\u0131n\u0131 \u00e7ak\u0131l ta\u015flar\u0131 gibi topluyor. G\u00fcn oluyor al\u0131yor eline, o ilk g\u00fcnk\u00fc heyecanla renklerine, \u015fekillerine daha hayran olarak g\u00fczel bir yerde saklayacak kadar vefal\u0131 bir y\u00fcrek.<\/p>\n\n\n\n<p>\u00dc\u00e7 Mevsim\u2019le bir tren gezisi gibi yazar\u0131n hayat\u0131nda yolculuk yaparken, Karde\u015fe Gedi\u011fi\u2019nden Konya Ovas\u0131\u2019na inerken, yazar\u0131n \u00e7ocuk\u00e7a sevincine kap\u0131l\u0131yorsunuz. \u00c7amlar\u0131n yerini makilere b\u0131rakt\u0131\u011f\u0131 s\u0131cak Adana havas\u0131 vuruyor y\u00fcz\u00fcn\u00fcze. Sonra \u0130mranl\u0131\u2019n\u0131n karl\u0131 tipisine tutuluyorsunuz ve Gabar, Canik Da\u011flar\u0131\u2019nda mermi kokusuyla h\u00fcz\u00fcnl\u00fc bir r\u00fczg\u00e2r yak\u0131yor genzinizi; duydu\u011funuz sadece ac\u0131 oluyor.<\/p>\n\n\n\n<p>Sonra Eski\u015fehir\u2019den Mersin\u2019e uzand\u0131\u011f\u0131n\u0131zda sevgiye dair b\u00fct\u00fcn kap\u0131lar\u0131 a\u00e7\u0131p, \u00fcmit halkas\u0131na son per\u00e7ini at\u0131p, sevginin ilme\u011fini diziyor g\u00f6nl\u00fcn\u00fcze. Yolculuk bitti\u011finde uzak sahilleri a\u015f\u0131yor ya\u015fanm\u0131\u015fl\u0131klar, dostluklar, ac\u0131lar, sevin\u00e7ler\u2026<\/p>\n\n\n\n<p>Ya\u015f\u0131n kemale erdi\u011finin bilinciyle gayretli ve \u00fcretken an\u0131lar\u0131ndan harmanlanm\u0131\u015f denemelerini sunarken k\u00fc\u00e7\u00fck g\u00fcl\u00fcmsemeler, akl\u0131m\u0131zda gizli d\u00fc\u015f\u00fcnceler kondurabilmeyi ba\u015farm\u0131\u015f bu kitap.<\/p>\n\n\n\n<p>Ve bu kitap \u00e7ocuklar, gen\u00e7ler ve ya\u015fl\u0131lar i\u00e7in. \u00dc\u00e7 mevsim i\u00e7in\u2026<\/p>\n","protected":false},"excerpt":{"rendered":"<p>\u201c\u00dc\u00e7 Mevsim\u201d Dr. Harun \u00d6zmen\u2019in ikinci kitab\u0131. Ankara\u2019da Y\u0131ld\u0131zlar Yay\u0131nc\u0131l\u0131k\u2019ta bas\u0131lm\u0131\u015f; bas\u0131m tarihi Kas\u0131m 2011 ve 144 sayfadan olu\u015fuyor. Ayn\u0131 zamanda Mersin \u015eairler ve Yazarlar Derne\u011fi \u00fcyesi olan Dr. Harun \u00d6zmen bu kitab\u0131 yazarak y\u0131llard\u0131r d\u00fc\u015fledi\u011fi \u015feyi ger\u00e7ekle\u015ftirmi\u015f: her ya\u015fta insan\u0131n okuyaca\u011f\u0131 bir kitab\u0131. \u0130stemi\u015f ki \u00e7ocuk, gen\u00e7 ve olgun bu \u00fc\u00e7 mevsimin i\u00e7inde olan [&hellip;]<\/p>\n","protected":false},"author":13995,"featured_media":159546,"comment_status":"open","ping_status":"open","sticky":false,"template":"","format":"standard","meta":{"_yoast_wpseo_focuskw":"\u00dc\u00e7 Mevsim","_yoast_wpseo_title":"","_yoast_wpseo_metadesc":"\u201c\u00dc\u00e7 Mevsim\u201d Dr. Harun \u00d6zmen\u2019in ikinci kitab\u0131. Ankara\u2019da Y\u0131ld\u0131zlar Yay\u0131nc\u0131l\u0131k\u2019ta bas\u0131lm\u0131\u015f; bas\u0131m tarihi Kas\u0131m 2011 ve 144 sayfadan olu\u015fuyor.","_bbp_topic_count":0,"_bbp_reply_count":0,"_bbp_total_topic_count":0,"_bbp_total_reply_count":0,"_bbp_voice_count":0,"_bbp_anonymous_reply_count":0,"_bbp_topic_count_hidden":0,"_bbp_reply_count_hidden":0,"_bbp_forum_subforum_count":0,"footnotes":"","_yoast_wpseo_focuskw_text_input":""},"categories":[8681,6917],"tags":[11322,619,11321,11320],"yoast_head":"<!-- This site is optimized with the Yoast SEO plugin v23.0 - https:\/\/yoast.com\/wordpress\/plugins\/seo\/ -->\n<title>Dr. Harun \u00d6zmen Ve \u00dc\u00e7 Mevsim - The Epoch Times TR<\/title>\n<meta name=\"description\" content=\"\u201c\u00dc\u00e7 Mevsim\u201d Dr. Harun \u00d6zmen\u2019in ikinci kitab\u0131. Ankara\u2019da Y\u0131ld\u0131zlar Yay\u0131nc\u0131l\u0131k\u2019ta bas\u0131lm\u0131\u015f; bas\u0131m tarihi Kas\u0131m 2011 ve 144 sayfadan olu\u015fuyor.\" \/>\n<meta name=\"robots\" content=\"index, follow, max-snippet:-1, max-image-preview:large, max-video-preview:-1\" \/>\n<link rel=\"canonical\" href=\"https:\/\/epochtimestr.com\/index.php\/dr-harun-ozmen-ve-uc-mevsim\" \/>\n<meta property=\"og:locale\" content=\"tr_TR\" \/>\n<meta property=\"og:type\" content=\"article\" \/>\n<meta property=\"og:title\" content=\"Dr. Harun \u00d6zmen Ve \u00dc\u00e7 Mevsim - The Epoch Times TR\" \/>\n<meta property=\"og:description\" content=\"\u201c\u00dc\u00e7 Mevsim\u201d Dr. Harun \u00d6zmen\u2019in ikinci kitab\u0131. Ankara\u2019da Y\u0131ld\u0131zlar Yay\u0131nc\u0131l\u0131k\u2019ta bas\u0131lm\u0131\u015f; bas\u0131m tarihi Kas\u0131m 2011 ve 144 sayfadan olu\u015fuyor.\" \/>\n<meta property=\"og:url\" content=\"https:\/\/epochtimestr.com\/index.php\/dr-harun-ozmen-ve-uc-mevsim\" \/>\n<meta property=\"og:site_name\" content=\"The Epoch Times TR\" \/>\n<meta property=\"article:publisher\" content=\"https:\/\/www.facebook.com\/theepochtimestr\" \/>\n<meta property=\"article:published_time\" content=\"2026-04-30T12:40:15+00:00\" \/>\n<meta property=\"article:modified_time\" content=\"2026-04-30T16:43:35+00:00\" \/>\n<meta property=\"og:image\" content=\"https:\/\/epochtimestr.com\/wp-content\/uploads\/2011y\/signal-2025-06-17-025703_002.png\" \/>\n\t<meta property=\"og:image:width\" content=\"225\" \/>\n\t<meta property=\"og:image:height\" content=\"251\" \/>\n\t<meta property=\"og:image:type\" content=\"image\/png\" \/>\n<meta name=\"author\" content=\"Atifet Gezek\" \/>\n<meta name=\"twitter:card\" content=\"summary_large_image\" \/>\n<meta name=\"twitter:creator\" content=\"@TheEpochTimesTR\" \/>\n<meta name=\"twitter:site\" content=\"@TheEpochTimesTR\" \/>\n<meta name=\"twitter:label1\" content=\"Yazan:\" \/>\n\t<meta name=\"twitter:data1\" content=\"Atifet Gezek\" \/>\n\t<meta name=\"twitter:label2\" content=\"Tahmini okuma s\u00fcresi\" \/>\n\t<meta name=\"twitter:data2\" content=\"6 dakika\" \/>\n<script type=\"application\/ld+json\" class=\"yoast-schema-graph\">{\"@context\":\"https:\/\/schema.org\",\"@graph\":[{\"@type\":\"Article\",\"@id\":\"https:\/\/epochtimestr.com\/index.php\/dr-harun-ozmen-ve-uc-mevsim#article\",\"isPartOf\":{\"@id\":\"https:\/\/epochtimestr.com\/index.php\/dr-harun-ozmen-ve-uc-mevsim\"},\"author\":{\"name\":\"Atifet Gezek\",\"@id\":\"https:\/\/epochtimestr.com\/#\/schema\/person\/db34ebb1849823072542a09aaa3cedf0\"},\"headline\":\"Dr. Harun \u00d6zmen Ve \u00dc\u00e7 Mevsim\",\"datePublished\":\"2026-04-30T12:40:15+00:00\",\"dateModified\":\"2026-04-30T16:43:35+00:00\",\"mainEntityOfPage\":{\"@id\":\"https:\/\/epochtimestr.com\/index.php\/dr-harun-ozmen-ve-uc-mevsim\"},\"wordCount\":1310,\"commentCount\":0,\"publisher\":{\"@id\":\"https:\/\/epochtimestr.com\/#organization\"},\"image\":{\"@id\":\"https:\/\/epochtimestr.com\/index.php\/dr-harun-ozmen-ve-uc-mevsim#primaryimage\"},\"thumbnailUrl\":\"https:\/\/epochtimestr.com\/wp-content\/uploads\/2011y\/signal-2025-06-17-025703_002.png\",\"keywords\":[\"Dr. Harun \u00d6zmen\",\"kitap\",\"kitap yorumu\",\"\u00dc\u00e7 Mevsim\"],\"articleSection\":[\"K\u00f6\u015fe Yaz\u0131lar\u0131 Atifet Gezek\",\"Yaz\u0131n\"],\"inLanguage\":\"tr\",\"potentialAction\":[{\"@type\":\"CommentAction\",\"name\":\"Comment\",\"target\":[\"https:\/\/epochtimestr.com\/index.php\/dr-harun-ozmen-ve-uc-mevsim#respond\"]}]},{\"@type\":\"WebPage\",\"@id\":\"https:\/\/epochtimestr.com\/index.php\/dr-harun-ozmen-ve-uc-mevsim\",\"url\":\"https:\/\/epochtimestr.com\/index.php\/dr-harun-ozmen-ve-uc-mevsim\",\"name\":\"Dr. Harun \u00d6zmen Ve \u00dc\u00e7 Mevsim - The Epoch Times TR\",\"isPartOf\":{\"@id\":\"https:\/\/epochtimestr.com\/#website\"},\"primaryImageOfPage\":{\"@id\":\"https:\/\/epochtimestr.com\/index.php\/dr-harun-ozmen-ve-uc-mevsim#primaryimage\"},\"image\":{\"@id\":\"https:\/\/epochtimestr.com\/index.php\/dr-harun-ozmen-ve-uc-mevsim#primaryimage\"},\"thumbnailUrl\":\"https:\/\/epochtimestr.com\/wp-content\/uploads\/2011y\/signal-2025-06-17-025703_002.png\",\"datePublished\":\"2026-04-30T12:40:15+00:00\",\"dateModified\":\"2026-04-30T16:43:35+00:00\",\"description\":\"\u201c\u00dc\u00e7 Mevsim\u201d Dr. Harun \u00d6zmen\u2019in ikinci kitab\u0131. Ankara\u2019da Y\u0131ld\u0131zlar Yay\u0131nc\u0131l\u0131k\u2019ta bas\u0131lm\u0131\u015f; bas\u0131m tarihi Kas\u0131m 2011 ve 144 sayfadan olu\u015fuyor.\",\"inLanguage\":\"tr\",\"potentialAction\":[{\"@type\":\"ReadAction\",\"target\":[\"https:\/\/epochtimestr.com\/index.php\/dr-harun-ozmen-ve-uc-mevsim\"]}]},{\"@type\":\"ImageObject\",\"inLanguage\":\"tr\",\"@id\":\"https:\/\/epochtimestr.com\/index.php\/dr-harun-ozmen-ve-uc-mevsim#primaryimage\",\"url\":\"https:\/\/epochtimestr.com\/wp-content\/uploads\/2011y\/signal-2025-06-17-025703_002.png\",\"contentUrl\":\"https:\/\/epochtimestr.com\/wp-content\/uploads\/2011y\/signal-2025-06-17-025703_002.png\",\"width\":225,\"height\":251},{\"@type\":\"WebSite\",\"@id\":\"https:\/\/epochtimestr.com\/#website\",\"url\":\"https:\/\/epochtimestr.com\/\",\"name\":\"The Epoch Times TR\",\"description\":\"De\u011fi\u015fen D\u00fcnyam\u0131za Taze Bir Bak\u0131\u015f\",\"publisher\":{\"@id\":\"https:\/\/epochtimestr.com\/#organization\"},\"potentialAction\":[{\"@type\":\"SearchAction\",\"target\":{\"@type\":\"EntryPoint\",\"urlTemplate\":\"https:\/\/epochtimestr.com\/?s={search_term_string}\"},\"query-input\":\"required name=search_term_string\"}],\"inLanguage\":\"tr\"},{\"@type\":\"Organization\",\"@id\":\"https:\/\/epochtimestr.com\/#organization\",\"name\":\"The EpochTimes T\u00fcrkiye\",\"url\":\"https:\/\/epochtimestr.com\/\",\"logo\":{\"@type\":\"ImageObject\",\"inLanguage\":\"tr\",\"@id\":\"https:\/\/epochtimestr.com\/#\/schema\/logo\/image\/\",\"url\":\"https:\/\/epochtimestr.com\/wp-content\/uploads\/2011y\/ET-Logo-YG.jpg\",\"contentUrl\":\"https:\/\/epochtimestr.com\/wp-content\/uploads\/2011y\/ET-Logo-YG.jpg\",\"width\":346,\"height\":29,\"caption\":\"The EpochTimes T\u00fcrkiye\"},\"image\":{\"@id\":\"https:\/\/epochtimestr.com\/#\/schema\/logo\/image\/\"},\"sameAs\":[\"https:\/\/www.facebook.com\/theepochtimestr\",\"https:\/\/x.com\/TheEpochTimesTR\",\"https:\/\/www.instagram.com\/epochtimestr\"]},{\"@type\":\"Person\",\"@id\":\"https:\/\/epochtimestr.com\/#\/schema\/person\/db34ebb1849823072542a09aaa3cedf0\",\"name\":\"Atifet Gezek\",\"image\":{\"@type\":\"ImageObject\",\"inLanguage\":\"tr\",\"@id\":\"https:\/\/epochtimestr.com\/#\/schema\/person\/image\/\",\"url\":\"https:\/\/secure.gravatar.com\/avatar\/f396b8e0b482eda7d650e4c8f3d09ae4?s=96&d=mm&r=g\",\"contentUrl\":\"https:\/\/secure.gravatar.com\/avatar\/f396b8e0b482eda7d650e4c8f3d09ae4?s=96&d=mm&r=g\",\"caption\":\"Atifet Gezek\"},\"url\":\"https:\/\/epochtimestr.com\/index.php\/author\/atifet\"}]}<\/script>\n<!-- \/ Yoast SEO plugin. -->","yoast_head_json":{"title":"Dr. Harun \u00d6zmen Ve \u00dc\u00e7 Mevsim - The Epoch Times TR","description":"\u201c\u00dc\u00e7 Mevsim\u201d Dr. Harun \u00d6zmen\u2019in ikinci kitab\u0131. Ankara\u2019da Y\u0131ld\u0131zlar Yay\u0131nc\u0131l\u0131k\u2019ta bas\u0131lm\u0131\u015f; bas\u0131m tarihi Kas\u0131m 2011 ve 144 sayfadan olu\u015fuyor.","robots":{"index":"index","follow":"follow","max-snippet":"max-snippet:-1","max-image-preview":"max-image-preview:large","max-video-preview":"max-video-preview:-1"},"canonical":"https:\/\/epochtimestr.com\/index.php\/dr-harun-ozmen-ve-uc-mevsim","og_locale":"tr_TR","og_type":"article","og_title":"Dr. Harun \u00d6zmen Ve \u00dc\u00e7 Mevsim - The Epoch Times TR","og_description":"\u201c\u00dc\u00e7 Mevsim\u201d Dr. Harun \u00d6zmen\u2019in ikinci kitab\u0131. Ankara\u2019da Y\u0131ld\u0131zlar Yay\u0131nc\u0131l\u0131k\u2019ta bas\u0131lm\u0131\u015f; bas\u0131m tarihi Kas\u0131m 2011 ve 144 sayfadan olu\u015fuyor.","og_url":"https:\/\/epochtimestr.com\/index.php\/dr-harun-ozmen-ve-uc-mevsim","og_site_name":"The Epoch Times TR","article_publisher":"https:\/\/www.facebook.com\/theepochtimestr","article_published_time":"2026-04-30T12:40:15+00:00","article_modified_time":"2026-04-30T16:43:35+00:00","og_image":[{"width":225,"height":251,"url":"https:\/\/epochtimestr.com\/wp-content\/uploads\/2011y\/signal-2025-06-17-025703_002.png","type":"image\/png"}],"author":"Atifet Gezek","twitter_card":"summary_large_image","twitter_creator":"@TheEpochTimesTR","twitter_site":"@TheEpochTimesTR","twitter_misc":{"Yazan:":"Atifet Gezek","Tahmini okuma s\u00fcresi":"6 dakika"},"schema":{"@context":"https:\/\/schema.org","@graph":[{"@type":"Article","@id":"https:\/\/epochtimestr.com\/index.php\/dr-harun-ozmen-ve-uc-mevsim#article","isPartOf":{"@id":"https:\/\/epochtimestr.com\/index.php\/dr-harun-ozmen-ve-uc-mevsim"},"author":{"name":"Atifet Gezek","@id":"https:\/\/epochtimestr.com\/#\/schema\/person\/db34ebb1849823072542a09aaa3cedf0"},"headline":"Dr. Harun \u00d6zmen Ve \u00dc\u00e7 Mevsim","datePublished":"2026-04-30T12:40:15+00:00","dateModified":"2026-04-30T16:43:35+00:00","mainEntityOfPage":{"@id":"https:\/\/epochtimestr.com\/index.php\/dr-harun-ozmen-ve-uc-mevsim"},"wordCount":1310,"commentCount":0,"publisher":{"@id":"https:\/\/epochtimestr.com\/#organization"},"image":{"@id":"https:\/\/epochtimestr.com\/index.php\/dr-harun-ozmen-ve-uc-mevsim#primaryimage"},"thumbnailUrl":"https:\/\/epochtimestr.com\/wp-content\/uploads\/2011y\/signal-2025-06-17-025703_002.png","keywords":["Dr. Harun \u00d6zmen","kitap","kitap yorumu","\u00dc\u00e7 Mevsim"],"articleSection":["K\u00f6\u015fe Yaz\u0131lar\u0131 Atifet Gezek","Yaz\u0131n"],"inLanguage":"tr","potentialAction":[{"@type":"CommentAction","name":"Comment","target":["https:\/\/epochtimestr.com\/index.php\/dr-harun-ozmen-ve-uc-mevsim#respond"]}]},{"@type":"WebPage","@id":"https:\/\/epochtimestr.com\/index.php\/dr-harun-ozmen-ve-uc-mevsim","url":"https:\/\/epochtimestr.com\/index.php\/dr-harun-ozmen-ve-uc-mevsim","name":"Dr. Harun \u00d6zmen Ve \u00dc\u00e7 Mevsim - The Epoch Times TR","isPartOf":{"@id":"https:\/\/epochtimestr.com\/#website"},"primaryImageOfPage":{"@id":"https:\/\/epochtimestr.com\/index.php\/dr-harun-ozmen-ve-uc-mevsim#primaryimage"},"image":{"@id":"https:\/\/epochtimestr.com\/index.php\/dr-harun-ozmen-ve-uc-mevsim#primaryimage"},"thumbnailUrl":"https:\/\/epochtimestr.com\/wp-content\/uploads\/2011y\/signal-2025-06-17-025703_002.png","datePublished":"2026-04-30T12:40:15+00:00","dateModified":"2026-04-30T16:43:35+00:00","description":"\u201c\u00dc\u00e7 Mevsim\u201d Dr. Harun \u00d6zmen\u2019in ikinci kitab\u0131. Ankara\u2019da Y\u0131ld\u0131zlar Yay\u0131nc\u0131l\u0131k\u2019ta bas\u0131lm\u0131\u015f; bas\u0131m tarihi Kas\u0131m 2011 ve 144 sayfadan olu\u015fuyor.","inLanguage":"tr","potentialAction":[{"@type":"ReadAction","target":["https:\/\/epochtimestr.com\/index.php\/dr-harun-ozmen-ve-uc-mevsim"]}]},{"@type":"ImageObject","inLanguage":"tr","@id":"https:\/\/epochtimestr.com\/index.php\/dr-harun-ozmen-ve-uc-mevsim#primaryimage","url":"https:\/\/epochtimestr.com\/wp-content\/uploads\/2011y\/signal-2025-06-17-025703_002.png","contentUrl":"https:\/\/epochtimestr.com\/wp-content\/uploads\/2011y\/signal-2025-06-17-025703_002.png","width":225,"height":251},{"@type":"WebSite","@id":"https:\/\/epochtimestr.com\/#website","url":"https:\/\/epochtimestr.com\/","name":"The Epoch Times TR","description":"De\u011fi\u015fen D\u00fcnyam\u0131za Taze Bir Bak\u0131\u015f","publisher":{"@id":"https:\/\/epochtimestr.com\/#organization"},"potentialAction":[{"@type":"SearchAction","target":{"@type":"EntryPoint","urlTemplate":"https:\/\/epochtimestr.com\/?s={search_term_string}"},"query-input":"required name=search_term_string"}],"inLanguage":"tr"},{"@type":"Organization","@id":"https:\/\/epochtimestr.com\/#organization","name":"The EpochTimes T\u00fcrkiye","url":"https:\/\/epochtimestr.com\/","logo":{"@type":"ImageObject","inLanguage":"tr","@id":"https:\/\/epochtimestr.com\/#\/schema\/logo\/image\/","url":"https:\/\/epochtimestr.com\/wp-content\/uploads\/2011y\/ET-Logo-YG.jpg","contentUrl":"https:\/\/epochtimestr.com\/wp-content\/uploads\/2011y\/ET-Logo-YG.jpg","width":346,"height":29,"caption":"The EpochTimes T\u00fcrkiye"},"image":{"@id":"https:\/\/epochtimestr.com\/#\/schema\/logo\/image\/"},"sameAs":["https:\/\/www.facebook.com\/theepochtimestr","https:\/\/x.com\/TheEpochTimesTR","https:\/\/www.instagram.com\/epochtimestr"]},{"@type":"Person","@id":"https:\/\/epochtimestr.com\/#\/schema\/person\/db34ebb1849823072542a09aaa3cedf0","name":"Atifet Gezek","image":{"@type":"ImageObject","inLanguage":"tr","@id":"https:\/\/epochtimestr.com\/#\/schema\/person\/image\/","url":"https:\/\/secure.gravatar.com\/avatar\/f396b8e0b482eda7d650e4c8f3d09ae4?s=96&d=mm&r=g","contentUrl":"https:\/\/secure.gravatar.com\/avatar\/f396b8e0b482eda7d650e4c8f3d09ae4?s=96&d=mm&r=g","caption":"Atifet Gezek"},"url":"https:\/\/epochtimestr.com\/index.php\/author\/atifet"}]}},"_links":{"self":[{"href":"https:\/\/epochtimestr.com\/index.php\/wp-json\/wp\/v2\/posts\/167020"}],"collection":[{"href":"https:\/\/epochtimestr.com\/index.php\/wp-json\/wp\/v2\/posts"}],"about":[{"href":"https:\/\/epochtimestr.com\/index.php\/wp-json\/wp\/v2\/types\/post"}],"author":[{"embeddable":true,"href":"https:\/\/epochtimestr.com\/index.php\/wp-json\/wp\/v2\/users\/13995"}],"replies":[{"embeddable":true,"href":"https:\/\/epochtimestr.com\/index.php\/wp-json\/wp\/v2\/comments?post=167020"}],"version-history":[{"count":2,"href":"https:\/\/epochtimestr.com\/index.php\/wp-json\/wp\/v2\/posts\/167020\/revisions"}],"predecessor-version":[{"id":167030,"href":"https:\/\/epochtimestr.com\/index.php\/wp-json\/wp\/v2\/posts\/167020\/revisions\/167030"}],"wp:featuredmedia":[{"embeddable":true,"href":"https:\/\/epochtimestr.com\/index.php\/wp-json\/wp\/v2\/media\/159546"}],"wp:attachment":[{"href":"https:\/\/epochtimestr.com\/index.php\/wp-json\/wp\/v2\/media?parent=167020"}],"wp:term":[{"taxonomy":"category","embeddable":true,"href":"https:\/\/epochtimestr.com\/index.php\/wp-json\/wp\/v2\/categories?post=167020"},{"taxonomy":"post_tag","embeddable":true,"href":"https:\/\/epochtimestr.com\/index.php\/wp-json\/wp\/v2\/tags?post=167020"}],"curies":[{"name":"wp","href":"https:\/\/api.w.org\/{rel}","templated":true}]}}