{"id":167031,"date":"2026-05-01T20:05:22","date_gmt":"2026-05-01T17:05:22","guid":{"rendered":"https:\/\/epochtimestr.com\/?p=167031"},"modified":"2026-05-01T20:05:25","modified_gmt":"2026-05-01T17:05:25","slug":"trump-avrupadan-asker-cekme-planini-degerlendiriyor","status":"publish","type":"post","link":"https:\/\/epochtimestr.com\/index.php\/trump-avrupadan-asker-cekme-planini-degerlendiriyor","title":{"rendered":"Trump Avrupa&#8217;dan Asker \u00c7ekme Plan\u0131n\u0131 De\u011ferlendiriyor"},"content":{"rendered":"<div class=\"wp-block-image\">\n<figure class=\"aligncenter size-large\"><img loading=\"lazy\" decoding=\"async\" width=\"1800\" height=\"1200\" src=\"https:\/\/epochtimestr.com\/wp-content\/uploads\/2011y\/1000037703-1800x1200.jpg\" alt=\"Trump \u0130talya ve \u0130spanya\u2019dan asker \u00e7ekme plan\u0131n\u0131 de\u011ferlendiriyor. Donald Trump, Oval Ofis\u2019te \u0130talya Ba\u015fbakan\u0131 Giorgia Meloni ile ikili bir g\u00f6r\u00fc\u015fme s\u0131ras\u0131nda. 17 Nisan 2025. (Resmi Beyaz Saray Foto\u011fraf\u0131: Daniel Torok)\" class=\"wp-image-167032\" srcset=\"https:\/\/epochtimestr.com\/wp-content\/uploads\/2011y\/1000037703-1800x1200.jpg 1800w, https:\/\/epochtimestr.com\/wp-content\/uploads\/2011y\/1000037703-300x200.jpg 300w, https:\/\/epochtimestr.com\/wp-content\/uploads\/2011y\/1000037703-150x100.jpg 150w, https:\/\/epochtimestr.com\/wp-content\/uploads\/2011y\/1000037703-768x512.jpg 768w, https:\/\/epochtimestr.com\/wp-content\/uploads\/2011y\/1000037703-1536x1024.jpg 1536w, https:\/\/epochtimestr.com\/wp-content\/uploads\/2011y\/1000037703.jpg 1920w\" sizes=\"(max-width: 1800px) 100vw, 1800px\" \/><figcaption class=\"wp-element-caption\">Trump \u0130talya ve \u0130spanya\u2019dan asker \u00e7ekme plan\u0131n\u0131 de\u011ferlendiriyor. Donald Trump, Oval Ofis\u2019te \u0130talya Ba\u015fbakan\u0131 Giorgia Meloni ile ikili bir g\u00f6r\u00fc\u015fme s\u0131ras\u0131nda. 17 Nisan 2025. (Resmi Beyaz Saray Foto\u011fraf\u0131: Daniel Torok)<\/figcaption><\/figure><\/div>\n\n\n<p>ABD Ba\u015fkan\u0131 Donald Trump, 30 Nisan 2026 tarihinde yapt\u0131\u011f\u0131 a\u00e7\u0131klamada, \u0130talya ve \u0130spanya\u2019daki ABD askerlerini \u00e7ekmeyi de\u011ferlendirdi\u011fini s\u00f6yledi. A\u00e7\u0131klamada, iki ayd\u0131r s\u00fcren ABD-\u0130srail sava\u015f\u0131 boyunca destek eksikli\u011fini gerek\u00e7e g\u00f6sterdi. Trump, \u0130talya ve \u0130spanya\u2019n\u0131n s\u00fcrece yeterli destek vermedi\u011fini belirterek, askerlerin geri \u00e7ekilmesi konusunda <a href=\"https:\/\/www.theepochtimes.com\/world\/trump-says-he-may-consider-withdrawing-troops-from-italy-spain-6019605\" target=\"_blank\" rel=\"noreferrer noopener\">\u201cNeden olmas\u0131n?\u201d<\/a> dedi. <\/p>\n\n\n\n<p>ABD Savunma Bakanl\u0131\u011f\u0131 verilerine g\u00f6re, Aral\u0131k 2025 itibar\u0131yla \u0130talya\u2019da ABD askeri 12.662 var. \u0130spanya\u2019da ise 3.814 asker g\u00f6rev yap\u0131yor. \u00d6te yandan Trump bir g\u00fcn \u00f6nce, Avrupa\u2019daki ABD askeri varl\u0131\u011f\u0131n\u0131 belirlemek i\u00e7in Almanya\u2019daki asker say\u0131s\u0131n\u0131 da g\u00f6zden ge\u00e7irece\u011fini a\u00e7\u0131klam\u0131\u015ft\u0131. Bu nedenle olas\u0131 bir karar, NATO dengelerini etkileyebilir.<\/p>\n\n\n\n<p>Almanya Ba\u015fbakan\u0131 Friedrich Merz, 27 Nisan\u2019da yapt\u0131\u011f\u0131 konu\u015fmada ABD\u2019yi ele\u015ftirerek m\u00fczakere s\u00fcrecine y\u00f6nelik \u015f\u00fcphelerini dile getirdi. Ayr\u0131ca \u0130ran\u2019\u0131n ABD\u2019yi zor durumda b\u0131rakt\u0131\u011f\u0131n\u0131 s\u00f6zlerine ekledi.  Bunun \u00fczerine Trump, Merz\u2019in a\u00e7\u0131klamalar\u0131na sosyal medya \u00fczerinden yan\u0131t verdi. Almanya\u2019n\u0131n i\u00e7 sorunlar\u0131na odaklanmas\u0131 gerekti\u011fini belirterek g\u00f6\u00e7 ve enerji politikalar\u0131n\u0131 ele\u015ftirdi. Merz ise iki \u00fclke ili\u015fkilerinin iyi oldu\u011funu iddia etti. Ancak <a href=\"https:\/\/epochtimestr.com\/index.php\/trump-iran-ablukasini-surduruyor\" target=\"_blank\" rel=\"noreferrer noopener\">\u0130ran sava\u015f\u0131na <\/a>ba\u015f\u0131ndan beri kar\u015f\u0131 oldu\u011funu yineledi. Dolay\u0131s\u0131yla taraflar aras\u0131nda g\u00f6r\u00fc\u015f ayr\u0131l\u0131\u011f\u0131 s\u00fcr\u00fcyor.<\/p>\n\n\n\n<p>ABD\u2019nin \u0130ran ile m\u00fczakere giri\u015fimleri de sonu\u00e7suz kald\u0131. Trump&#8217;\u0131n Pakistan\u2019da planlanan zirveyi iptal etmesi de gerilimi art\u0131rd\u0131.<\/p>\n\n\n\n<p>Avrupa, Trump&#8217;\u0131n asker \u00e7ekme plan\u0131n\u0131 dikkatle takip ederken NATO i\u00e7indeki uyumu da test ediyor. Buna kar\u015f\u0131n hen\u00fcz resmi bir karar a\u00e7\u0131klanmad\u0131. Son olarak, Washington y\u00f6netiminin k\u0131sa s\u00fcrede yeni bir de\u011ferlendirme yapmas\u0131 bekleniyor.<\/p>\n","protected":false},"excerpt":{"rendered":"<p>ABD Ba\u015fkan\u0131 Donald Trump, 30 Nisan 2026 tarihinde yapt\u0131\u011f\u0131 a\u00e7\u0131klamada, \u0130talya ve \u0130spanya\u2019daki ABD askerlerini \u00e7ekmeyi de\u011ferlendirdi\u011fini s\u00f6yledi. A\u00e7\u0131klamada, iki ayd\u0131r s\u00fcren ABD-\u0130srail sava\u015f\u0131 boyunca destek eksikli\u011fini gerek\u00e7e g\u00f6sterdi. Trump, \u0130talya ve \u0130spanya\u2019n\u0131n s\u00fcrece yeterli destek vermedi\u011fini belirterek, askerlerin geri \u00e7ekilmesi konusunda \u201cNeden olmas\u0131n?\u201d dedi. ABD Savunma Bakanl\u0131\u011f\u0131 verilerine g\u00f6re, Aral\u0131k 2025 itibar\u0131yla \u0130talya\u2019da ABD [&hellip;]<\/p>\n","protected":false},"author":13996,"featured_media":167032,"comment_status":"open","ping_status":"open","sticky":false,"template":"","format":"standard","meta":{"_yoast_wpseo_focuskw":"asker \u00e7ekme","_yoast_wpseo_title":"","_yoast_wpseo_metadesc":"ABD Ba\u015fkan\u0131 Donald Trump, 30 Nisan'da yapt\u0131\u011f\u0131 a\u00e7\u0131klamada, \u0130talya ve \u0130spanya\u2019dan asker \u00e7ekme planlar\u0131n\u0131 de\u011ferlendirdi\u011fini s\u00f6yledi.","_bbp_topic_count":0,"_bbp_reply_count":0,"_bbp_total_topic_count":0,"_bbp_total_reply_count":0,"_bbp_voice_count":0,"_bbp_anonymous_reply_count":0,"_bbp_topic_count_hidden":0,"_bbp_reply_count_hidden":0,"_bbp_forum_subforum_count":0,"footnotes":"","_yoast_wpseo_focuskw_text_input":""},"categories":[5,1,8138],"tags":[10503,708,11324,9797,363,7352,722,5764,10886],"yoast_head":"<!-- This site is optimized with the Yoast SEO plugin v23.0 - https:\/\/yoast.com\/wordpress\/plugins\/seo\/ -->\n<title>Trump Avrupa&#039;dan Asker \u00c7ekme Plan\u0131n\u0131 De\u011ferlendiriyor - The Epoch Times TR<\/title>\n<meta name=\"description\" content=\"ABD Ba\u015fkan\u0131 Donald Trump, 30 Nisan&#039;da yapt\u0131\u011f\u0131 a\u00e7\u0131klamada, \u0130talya ve \u0130spanya\u2019dan asker \u00e7ekme planlar\u0131n\u0131 de\u011ferlendirdi\u011fini s\u00f6yledi.\" \/>\n<meta name=\"robots\" content=\"index, follow, max-snippet:-1, max-image-preview:large, max-video-preview:-1\" \/>\n<link rel=\"canonical\" href=\"https:\/\/epochtimestr.com\/index.php\/trump-avrupadan-asker-cekme-planini-degerlendiriyor\" \/>\n<meta property=\"og:locale\" content=\"tr_TR\" \/>\n<meta property=\"og:type\" content=\"article\" \/>\n<meta property=\"og:title\" content=\"Trump Avrupa&#039;dan Asker \u00c7ekme Plan\u0131n\u0131 De\u011ferlendiriyor - The Epoch Times TR\" \/>\n<meta property=\"og:description\" content=\"ABD Ba\u015fkan\u0131 Donald Trump, 30 Nisan&#039;da yapt\u0131\u011f\u0131 a\u00e7\u0131klamada, \u0130talya ve \u0130spanya\u2019dan asker \u00e7ekme planlar\u0131n\u0131 de\u011ferlendirdi\u011fini s\u00f6yledi.\" \/>\n<meta property=\"og:url\" content=\"https:\/\/epochtimestr.com\/index.php\/trump-avrupadan-asker-cekme-planini-degerlendiriyor\" \/>\n<meta property=\"og:site_name\" content=\"The Epoch Times TR\" \/>\n<meta property=\"article:publisher\" content=\"https:\/\/www.facebook.com\/theepochtimestr\" \/>\n<meta property=\"article:published_time\" content=\"2026-05-01T17:05:22+00:00\" \/>\n<meta property=\"article:modified_time\" content=\"2026-05-01T17:05:25+00:00\" \/>\n<meta property=\"og:image\" content=\"https:\/\/epochtimestr.com\/wp-content\/uploads\/2011y\/1000037703.jpg\" \/>\n\t<meta property=\"og:image:width\" content=\"1920\" \/>\n\t<meta property=\"og:image:height\" content=\"1280\" \/>\n\t<meta property=\"og:image:type\" content=\"image\/jpeg\" \/>\n<meta name=\"author\" content=\"Leo Bajelan\" \/>\n<meta name=\"twitter:card\" content=\"summary_large_image\" \/>\n<meta name=\"twitter:creator\" content=\"@TheEpochTimesTR\" \/>\n<meta name=\"twitter:site\" content=\"@TheEpochTimesTR\" \/>\n<meta name=\"twitter:label1\" content=\"Yazan:\" \/>\n\t<meta name=\"twitter:data1\" content=\"Leo Bajelan\" \/>\n\t<meta name=\"twitter:label2\" content=\"Tahmini okuma s\u00fcresi\" \/>\n\t<meta name=\"twitter:data2\" content=\"2 dakika\" \/>\n<script type=\"application\/ld+json\" class=\"yoast-schema-graph\">{\"@context\":\"https:\/\/schema.org\",\"@graph\":[{\"@type\":\"Article\",\"@id\":\"https:\/\/epochtimestr.com\/index.php\/trump-avrupadan-asker-cekme-planini-degerlendiriyor#article\",\"isPartOf\":{\"@id\":\"https:\/\/epochtimestr.com\/index.php\/trump-avrupadan-asker-cekme-planini-degerlendiriyor\"},\"author\":{\"name\":\"Leo Bajelan\",\"@id\":\"https:\/\/epochtimestr.com\/#\/schema\/person\/5fef218711d76d8f232b0e1f1d7e4c0d\"},\"headline\":\"Trump Avrupa&#8217;dan Asker \u00c7ekme Plan\u0131n\u0131 De\u011ferlendiriyor\",\"datePublished\":\"2026-05-01T17:05:22+00:00\",\"dateModified\":\"2026-05-01T17:05:25+00:00\",\"mainEntityOfPage\":{\"@id\":\"https:\/\/epochtimestr.com\/index.php\/trump-avrupadan-asker-cekme-planini-degerlendiriyor\"},\"wordCount\":338,\"commentCount\":1,\"publisher\":{\"@id\":\"https:\/\/epochtimestr.com\/#organization\"},\"image\":{\"@id\":\"https:\/\/epochtimestr.com\/index.php\/trump-avrupadan-asker-cekme-planini-degerlendiriyor#primaryimage\"},\"thumbnailUrl\":\"https:\/\/epochtimestr.com\/wp-content\/uploads\/2011y\/1000037703.jpg\",\"keywords\":[\"ABD \u0130ran sava\u015f\u0131\",\"almanya\",\"asker \u00e7ekme plan\u0131\",\"Friedrich Merz\",\"\u0130spanya\",\"\u0130talya\",\"NATO\",\"Trump\",\"Washington y\u00f6netimi\"],\"articleSection\":[\"D\u00dcNYA\",\"G\u00dcNDEM\",\"Man\u015fet\"],\"inLanguage\":\"tr\",\"potentialAction\":[{\"@type\":\"CommentAction\",\"name\":\"Comment\",\"target\":[\"https:\/\/epochtimestr.com\/index.php\/trump-avrupadan-asker-cekme-planini-degerlendiriyor#respond\"]}]},{\"@type\":\"WebPage\",\"@id\":\"https:\/\/epochtimestr.com\/index.php\/trump-avrupadan-asker-cekme-planini-degerlendiriyor\",\"url\":\"https:\/\/epochtimestr.com\/index.php\/trump-avrupadan-asker-cekme-planini-degerlendiriyor\",\"name\":\"Trump Avrupa'dan Asker \u00c7ekme Plan\u0131n\u0131 De\u011ferlendiriyor - The Epoch Times TR\",\"isPartOf\":{\"@id\":\"https:\/\/epochtimestr.com\/#website\"},\"primaryImageOfPage\":{\"@id\":\"https:\/\/epochtimestr.com\/index.php\/trump-avrupadan-asker-cekme-planini-degerlendiriyor#primaryimage\"},\"image\":{\"@id\":\"https:\/\/epochtimestr.com\/index.php\/trump-avrupadan-asker-cekme-planini-degerlendiriyor#primaryimage\"},\"thumbnailUrl\":\"https:\/\/epochtimestr.com\/wp-content\/uploads\/2011y\/1000037703.jpg\",\"datePublished\":\"2026-05-01T17:05:22+00:00\",\"dateModified\":\"2026-05-01T17:05:25+00:00\",\"description\":\"ABD Ba\u015fkan\u0131 Donald Trump, 30 Nisan'da yapt\u0131\u011f\u0131 a\u00e7\u0131klamada, \u0130talya ve \u0130spanya\u2019dan asker \u00e7ekme planlar\u0131n\u0131 de\u011ferlendirdi\u011fini s\u00f6yledi.\",\"inLanguage\":\"tr\",\"potentialAction\":[{\"@type\":\"ReadAction\",\"target\":[\"https:\/\/epochtimestr.com\/index.php\/trump-avrupadan-asker-cekme-planini-degerlendiriyor\"]}]},{\"@type\":\"ImageObject\",\"inLanguage\":\"tr\",\"@id\":\"https:\/\/epochtimestr.com\/index.php\/trump-avrupadan-asker-cekme-planini-degerlendiriyor#primaryimage\",\"url\":\"https:\/\/epochtimestr.com\/wp-content\/uploads\/2011y\/1000037703.jpg\",\"contentUrl\":\"https:\/\/epochtimestr.com\/wp-content\/uploads\/2011y\/1000037703.jpg\",\"width\":1920,\"height\":1280,\"caption\":\"President Donald Trump holds a bilateral meeting with Prime Minister Giorgia Meloni of Italy, Thursday, April 17, 2025, in the Oval Office. (Official White House Photo by Daniel Torok)\"},{\"@type\":\"WebSite\",\"@id\":\"https:\/\/epochtimestr.com\/#website\",\"url\":\"https:\/\/epochtimestr.com\/\",\"name\":\"The Epoch Times TR\",\"description\":\"De\u011fi\u015fen D\u00fcnyam\u0131za Taze Bir Bak\u0131\u015f\",\"publisher\":{\"@id\":\"https:\/\/epochtimestr.com\/#organization\"},\"potentialAction\":[{\"@type\":\"SearchAction\",\"target\":{\"@type\":\"EntryPoint\",\"urlTemplate\":\"https:\/\/epochtimestr.com\/?s={search_term_string}\"},\"query-input\":\"required name=search_term_string\"}],\"inLanguage\":\"tr\"},{\"@type\":\"Organization\",\"@id\":\"https:\/\/epochtimestr.com\/#organization\",\"name\":\"The EpochTimes T\u00fcrkiye\",\"url\":\"https:\/\/epochtimestr.com\/\",\"logo\":{\"@type\":\"ImageObject\",\"inLanguage\":\"tr\",\"@id\":\"https:\/\/epochtimestr.com\/#\/schema\/logo\/image\/\",\"url\":\"https:\/\/epochtimestr.com\/wp-content\/uploads\/2011y\/ET-Logo-YG.jpg\",\"contentUrl\":\"https:\/\/epochtimestr.com\/wp-content\/uploads\/2011y\/ET-Logo-YG.jpg\",\"width\":346,\"height\":29,\"caption\":\"The EpochTimes T\u00fcrkiye\"},\"image\":{\"@id\":\"https:\/\/epochtimestr.com\/#\/schema\/logo\/image\/\"},\"sameAs\":[\"https:\/\/www.facebook.com\/theepochtimestr\",\"https:\/\/x.com\/TheEpochTimesTR\",\"https:\/\/www.instagram.com\/epochtimestr\"]},{\"@type\":\"Person\",\"@id\":\"https:\/\/epochtimestr.com\/#\/schema\/person\/5fef218711d76d8f232b0e1f1d7e4c0d\",\"name\":\"Leo Bajelan\",\"image\":{\"@type\":\"ImageObject\",\"inLanguage\":\"tr\",\"@id\":\"https:\/\/epochtimestr.com\/#\/schema\/person\/image\/\",\"url\":\"https:\/\/secure.gravatar.com\/avatar\/917669146f489549e548a2e9af272df5?s=96&d=mm&r=g\",\"contentUrl\":\"https:\/\/secure.gravatar.com\/avatar\/917669146f489549e548a2e9af272df5?s=96&d=mm&r=g\",\"caption\":\"Leo Bajelan\"},\"url\":\"https:\/\/epochtimestr.com\/index.php\/author\/leo\"}]}<\/script>\n<!-- \/ Yoast SEO plugin. -->","yoast_head_json":{"title":"Trump Avrupa'dan Asker \u00c7ekme Plan\u0131n\u0131 De\u011ferlendiriyor - The Epoch Times TR","description":"ABD Ba\u015fkan\u0131 Donald Trump, 30 Nisan'da yapt\u0131\u011f\u0131 a\u00e7\u0131klamada, \u0130talya ve \u0130spanya\u2019dan asker \u00e7ekme planlar\u0131n\u0131 de\u011ferlendirdi\u011fini s\u00f6yledi.","robots":{"index":"index","follow":"follow","max-snippet":"max-snippet:-1","max-image-preview":"max-image-preview:large","max-video-preview":"max-video-preview:-1"},"canonical":"https:\/\/epochtimestr.com\/index.php\/trump-avrupadan-asker-cekme-planini-degerlendiriyor","og_locale":"tr_TR","og_type":"article","og_title":"Trump Avrupa'dan Asker \u00c7ekme Plan\u0131n\u0131 De\u011ferlendiriyor - The Epoch Times TR","og_description":"ABD Ba\u015fkan\u0131 Donald Trump, 30 Nisan'da yapt\u0131\u011f\u0131 a\u00e7\u0131klamada, \u0130talya ve \u0130spanya\u2019dan asker \u00e7ekme planlar\u0131n\u0131 de\u011ferlendirdi\u011fini s\u00f6yledi.","og_url":"https:\/\/epochtimestr.com\/index.php\/trump-avrupadan-asker-cekme-planini-degerlendiriyor","og_site_name":"The Epoch Times TR","article_publisher":"https:\/\/www.facebook.com\/theepochtimestr","article_published_time":"2026-05-01T17:05:22+00:00","article_modified_time":"2026-05-01T17:05:25+00:00","og_image":[{"width":1920,"height":1280,"url":"https:\/\/epochtimestr.com\/wp-content\/uploads\/2011y\/1000037703.jpg","type":"image\/jpeg"}],"author":"Leo Bajelan","twitter_card":"summary_large_image","twitter_creator":"@TheEpochTimesTR","twitter_site":"@TheEpochTimesTR","twitter_misc":{"Yazan:":"Leo Bajelan","Tahmini okuma s\u00fcresi":"2 dakika"},"schema":{"@context":"https:\/\/schema.org","@graph":[{"@type":"Article","@id":"https:\/\/epochtimestr.com\/index.php\/trump-avrupadan-asker-cekme-planini-degerlendiriyor#article","isPartOf":{"@id":"https:\/\/epochtimestr.com\/index.php\/trump-avrupadan-asker-cekme-planini-degerlendiriyor"},"author":{"name":"Leo Bajelan","@id":"https:\/\/epochtimestr.com\/#\/schema\/person\/5fef218711d76d8f232b0e1f1d7e4c0d"},"headline":"Trump Avrupa&#8217;dan Asker \u00c7ekme Plan\u0131n\u0131 De\u011ferlendiriyor","datePublished":"2026-05-01T17:05:22+00:00","dateModified":"2026-05-01T17:05:25+00:00","mainEntityOfPage":{"@id":"https:\/\/epochtimestr.com\/index.php\/trump-avrupadan-asker-cekme-planini-degerlendiriyor"},"wordCount":338,"commentCount":1,"publisher":{"@id":"https:\/\/epochtimestr.com\/#organization"},"image":{"@id":"https:\/\/epochtimestr.com\/index.php\/trump-avrupadan-asker-cekme-planini-degerlendiriyor#primaryimage"},"thumbnailUrl":"https:\/\/epochtimestr.com\/wp-content\/uploads\/2011y\/1000037703.jpg","keywords":["ABD \u0130ran sava\u015f\u0131","almanya","asker \u00e7ekme plan\u0131","Friedrich Merz","\u0130spanya","\u0130talya","NATO","Trump","Washington y\u00f6netimi"],"articleSection":["D\u00dcNYA","G\u00dcNDEM","Man\u015fet"],"inLanguage":"tr","potentialAction":[{"@type":"CommentAction","name":"Comment","target":["https:\/\/epochtimestr.com\/index.php\/trump-avrupadan-asker-cekme-planini-degerlendiriyor#respond"]}]},{"@type":"WebPage","@id":"https:\/\/epochtimestr.com\/index.php\/trump-avrupadan-asker-cekme-planini-degerlendiriyor","url":"https:\/\/epochtimestr.com\/index.php\/trump-avrupadan-asker-cekme-planini-degerlendiriyor","name":"Trump Avrupa'dan Asker \u00c7ekme Plan\u0131n\u0131 De\u011ferlendiriyor - The Epoch Times TR","isPartOf":{"@id":"https:\/\/epochtimestr.com\/#website"},"primaryImageOfPage":{"@id":"https:\/\/epochtimestr.com\/index.php\/trump-avrupadan-asker-cekme-planini-degerlendiriyor#primaryimage"},"image":{"@id":"https:\/\/epochtimestr.com\/index.php\/trump-avrupadan-asker-cekme-planini-degerlendiriyor#primaryimage"},"thumbnailUrl":"https:\/\/epochtimestr.com\/wp-content\/uploads\/2011y\/1000037703.jpg","datePublished":"2026-05-01T17:05:22+00:00","dateModified":"2026-05-01T17:05:25+00:00","description":"ABD Ba\u015fkan\u0131 Donald Trump, 30 Nisan'da yapt\u0131\u011f\u0131 a\u00e7\u0131klamada, \u0130talya ve \u0130spanya\u2019dan asker \u00e7ekme planlar\u0131n\u0131 de\u011ferlendirdi\u011fini s\u00f6yledi.","inLanguage":"tr","potentialAction":[{"@type":"ReadAction","target":["https:\/\/epochtimestr.com\/index.php\/trump-avrupadan-asker-cekme-planini-degerlendiriyor"]}]},{"@type":"ImageObject","inLanguage":"tr","@id":"https:\/\/epochtimestr.com\/index.php\/trump-avrupadan-asker-cekme-planini-degerlendiriyor#primaryimage","url":"https:\/\/epochtimestr.com\/wp-content\/uploads\/2011y\/1000037703.jpg","contentUrl":"https:\/\/epochtimestr.com\/wp-content\/uploads\/2011y\/1000037703.jpg","width":1920,"height":1280,"caption":"President Donald Trump holds a bilateral meeting with Prime Minister Giorgia Meloni of Italy, Thursday, April 17, 2025, in the Oval Office. (Official White House Photo by Daniel Torok)"},{"@type":"WebSite","@id":"https:\/\/epochtimestr.com\/#website","url":"https:\/\/epochtimestr.com\/","name":"The Epoch Times TR","description":"De\u011fi\u015fen D\u00fcnyam\u0131za Taze Bir Bak\u0131\u015f","publisher":{"@id":"https:\/\/epochtimestr.com\/#organization"},"potentialAction":[{"@type":"SearchAction","target":{"@type":"EntryPoint","urlTemplate":"https:\/\/epochtimestr.com\/?s={search_term_string}"},"query-input":"required name=search_term_string"}],"inLanguage":"tr"},{"@type":"Organization","@id":"https:\/\/epochtimestr.com\/#organization","name":"The EpochTimes T\u00fcrkiye","url":"https:\/\/epochtimestr.com\/","logo":{"@type":"ImageObject","inLanguage":"tr","@id":"https:\/\/epochtimestr.com\/#\/schema\/logo\/image\/","url":"https:\/\/epochtimestr.com\/wp-content\/uploads\/2011y\/ET-Logo-YG.jpg","contentUrl":"https:\/\/epochtimestr.com\/wp-content\/uploads\/2011y\/ET-Logo-YG.jpg","width":346,"height":29,"caption":"The EpochTimes T\u00fcrkiye"},"image":{"@id":"https:\/\/epochtimestr.com\/#\/schema\/logo\/image\/"},"sameAs":["https:\/\/www.facebook.com\/theepochtimestr","https:\/\/x.com\/TheEpochTimesTR","https:\/\/www.instagram.com\/epochtimestr"]},{"@type":"Person","@id":"https:\/\/epochtimestr.com\/#\/schema\/person\/5fef218711d76d8f232b0e1f1d7e4c0d","name":"Leo Bajelan","image":{"@type":"ImageObject","inLanguage":"tr","@id":"https:\/\/epochtimestr.com\/#\/schema\/person\/image\/","url":"https:\/\/secure.gravatar.com\/avatar\/917669146f489549e548a2e9af272df5?s=96&d=mm&r=g","contentUrl":"https:\/\/secure.gravatar.com\/avatar\/917669146f489549e548a2e9af272df5?s=96&d=mm&r=g","caption":"Leo Bajelan"},"url":"https:\/\/epochtimestr.com\/index.php\/author\/leo"}]}},"_links":{"self":[{"href":"https:\/\/epochtimestr.com\/index.php\/wp-json\/wp\/v2\/posts\/167031"}],"collection":[{"href":"https:\/\/epochtimestr.com\/index.php\/wp-json\/wp\/v2\/posts"}],"about":[{"href":"https:\/\/epochtimestr.com\/index.php\/wp-json\/wp\/v2\/types\/post"}],"author":[{"embeddable":true,"href":"https:\/\/epochtimestr.com\/index.php\/wp-json\/wp\/v2\/users\/13996"}],"replies":[{"embeddable":true,"href":"https:\/\/epochtimestr.com\/index.php\/wp-json\/wp\/v2\/comments?post=167031"}],"version-history":[{"count":2,"href":"https:\/\/epochtimestr.com\/index.php\/wp-json\/wp\/v2\/posts\/167031\/revisions"}],"predecessor-version":[{"id":167038,"href":"https:\/\/epochtimestr.com\/index.php\/wp-json\/wp\/v2\/posts\/167031\/revisions\/167038"}],"wp:featuredmedia":[{"embeddable":true,"href":"https:\/\/epochtimestr.com\/index.php\/wp-json\/wp\/v2\/media\/167032"}],"wp:attachment":[{"href":"https:\/\/epochtimestr.com\/index.php\/wp-json\/wp\/v2\/media?parent=167031"}],"wp:term":[{"taxonomy":"category","embeddable":true,"href":"https:\/\/epochtimestr.com\/index.php\/wp-json\/wp\/v2\/categories?post=167031"},{"taxonomy":"post_tag","embeddable":true,"href":"https:\/\/epochtimestr.com\/index.php\/wp-json\/wp\/v2\/tags?post=167031"}],"curies":[{"name":"wp","href":"https:\/\/api.w.org\/{rel}","templated":true}]}}