{"id":167034,"date":"2026-05-01T20:23:15","date_gmt":"2026-05-01T17:23:15","guid":{"rendered":"https:\/\/epochtimestr.com\/?p=167034"},"modified":"2026-05-01T20:44:27","modified_gmt":"2026-05-01T17:44:27","slug":"cin-generali-zhang-youxia-gorevde-kaliyor","status":"publish","type":"post","link":"https:\/\/epochtimestr.com\/index.php\/cin-generali-zhang-youxia-gorevde-kaliyor","title":{"rendered":"\u00c7in Generali Zhang Youxia G\u00f6revde Kal\u0131yor"},"content":{"rendered":"<div class=\"wp-block-image\">\n<figure class=\"aligncenter size-full\"><img loading=\"lazy\" decoding=\"async\" width=\"1200\" height=\"798\" src=\"https:\/\/epochtimestr.com\/wp-content\/uploads\/2011y\/1000037704.webp\" alt=\"\u00c7in Merkez Askeri Komisyonu Ba\u015fkan Yard\u0131mc\u0131s\u0131 Zhang Youxia, 19. Bat\u0131 Pasifik Deniz Sempozyumu a\u00e7\u0131l\u0131\u015f\u0131 \u00f6ncesinde. 22 Nisan 2024. Qingdao, Shandong, \u00c7in. (Foto\u011fraf: Wang Zhao, AFP - Getty Images, The Epoch Times arac\u0131yla)\" class=\"wp-image-167035\" srcset=\"https:\/\/epochtimestr.com\/wp-content\/uploads\/2011y\/1000037704.webp 1200w, https:\/\/epochtimestr.com\/wp-content\/uploads\/2011y\/1000037704-300x200.webp 300w, https:\/\/epochtimestr.com\/wp-content\/uploads\/2011y\/1000037704-150x100.webp 150w, https:\/\/epochtimestr.com\/wp-content\/uploads\/2011y\/1000037704-768x511.webp 768w\" sizes=\"(max-width: 1200px) 100vw, 1200px\" \/><figcaption class=\"wp-element-caption\">\u00c7in Merkez Askeri Komisyonu Ba\u015fkan Yard\u0131mc\u0131s\u0131 Zhang Youxia, 19. Bat\u0131 Pasifik Deniz Sempozyumu a\u00e7\u0131l\u0131\u015f\u0131 \u00f6ncesinde. 22 Nisan 2024. Qingdao, Shandong, \u00c7in. (Foto\u011fraf: Wang Zhao, AFP &#8211; Getty Images, The Epoch Times arac\u0131yla)<\/figcaption><\/figure><\/div>\n\n\n<p>\u00c7in\u2019de tasfiye edilen General Zhang Youxia, Ocak ortas\u0131ndan beri kamuoyunda g\u00f6r\u00fclmemesine ra\u011fmen, resmi kay\u0131tlara g\u00f6re h\u00e2l\u00e2 g\u00f6revde. 24 Ocak 2026 tarihinde Zhang Youxia hakk\u0131nda resmi soru\u015fturma ba\u015flat\u0131lm\u0131\u015ft\u0131. Ayn\u0131 g\u00fcn General Liu Zhenli de benzer su\u00e7lamalarla incelemeye al\u0131nm\u0131\u015ft\u0131. Son olarak askeri yay\u0131n organlar\u0131, her iki ismi disiplin ihlalleriyle su\u00e7lad\u0131. <\/p>\n\n\n\n<p><a href=\"https:\/\/www.theepochtimes.com\/china\/purged-chinese-general-retains-key-positions-on-paper-amid-ccp-infighting-insiders-6019536\">30 Nisan&#8217;da<\/a> tamamlanan Ulusal Halk Kongresi Daimi Komitesi toplant\u0131s\u0131nda Zhang hakk\u0131nda a\u00e7\u0131klanan net bir karar olmad\u0131. Ayr\u0131ca y\u00fcr\u00fct\u00fclen soru\u015fturman\u0131n sonucu kamuoyuna duyurulmad\u0131 ve ismi herhangi bir devlet medyas\u0131nda do\u011frudan yer almad\u0131. Bununla birlikte, resmi internet sitelerinde g\u00f6rev listelerinde Zhang h\u00e2l\u00e2 yer al\u0131yor. <\/p>\n\n\n\n<p>Y\u00f6netime yak\u0131n kaynaklar, bu durumun parti i\u00e7indeki g\u00f6r\u00fc\u015f ayr\u0131l\u0131klar\u0131ndan kaynakland\u0131\u011f\u0131n\u0131 belirtti. Buna g\u00f6re lider Xi Jinping, tasfiye karar\u0131n\u0131 resmile\u015ftirmek i\u00e7in yeterli deste\u011fi bulamad\u0131. Yetkililer \u00fc\u00e7 farkl\u0131 yakla\u015f\u0131m\u0131n ortaya \u00e7\u0131kt\u0131\u011f\u0131n\u0131 aktard\u0131. \u0130lk grup, Zhang\u2019\u0131n derhal g\u00f6revden al\u0131nmas\u0131n\u0131, ayr\u0131ca partiden ve ordudan da ihra\u00e7 edilmesini talep ediyor. \u0130kinci grup s\u00fcrecin parti kurallar\u0131na uygun ilerlemesini istiyor. Bu nedenle acele karar al\u0131nmamas\u0131 gerekti\u011fini vurguluyor. \u00dc\u00e7\u00fcnc\u00fc grup ise taraflar aras\u0131nda denge kurmaya \u00e7al\u0131\u015f\u0131yor. Ancak bu yakla\u015f\u0131m, di\u011fer gruplar\u0131n tepkisini \u00e7ekiyor.<\/p>\n\n\n\n<p>Daha \u00f6nce benzer durumlarda isimler a\u00e7\u0131k \u015fekilde duyurulurdu. Buna kar\u015f\u0131n bu dosyada daha temkinli bir dil kullan\u0131lmas\u0131 nedeniyle s\u00fcrecin hassas oldu\u011fu de\u011ferlendiriliyor. <a href=\"https:\/\/epochtimestr.com\/index.php\/cinde-ticaret-fazlasi-azaliyor-ihracat-buyumesi-yavasliyor\">\u00c7in Kom\u00fcnist Partisi<\/a> kurallar\u0131na g\u00f6re soru\u015fturma ba\u015flat\u0131lan yetkililerin g\u00f6revleri h\u0131zla d\u00fc\u015f\u00fcr\u00fcl\u00fcr. Ancak Zhang Youxia s\u00fcrecinde bu ad\u0131m hen\u00fcz tamamlanmad\u0131.<\/p>\n\n\n\n<p>\u0130ddialara g\u00f6re ayr\u0131ca orta kademe askeri yetkililer s\u00fcrece diren\u00e7 g\u00f6steriyor ve bu durum karar mekanizmas\u0131n\u0131 yava\u015flat\u0131yor. <\/p>\n","protected":false},"excerpt":{"rendered":"<p>\u00c7in\u2019de tasfiye edilen General Zhang Youxia, Ocak ortas\u0131ndan beri kamuoyunda g\u00f6r\u00fclmemesine ra\u011fmen, resmi kay\u0131tlara g\u00f6re h\u00e2l\u00e2 g\u00f6revde. 24 Ocak 2026 tarihinde Zhang Youxia hakk\u0131nda resmi soru\u015fturma ba\u015flat\u0131lm\u0131\u015ft\u0131. Ayn\u0131 g\u00fcn General Liu Zhenli de benzer su\u00e7lamalarla incelemeye al\u0131nm\u0131\u015ft\u0131. Son olarak askeri yay\u0131n organlar\u0131, her iki ismi disiplin ihlalleriyle su\u00e7lad\u0131. 30 Nisan&#8217;da tamamlanan Ulusal Halk Kongresi Daimi [&hellip;]<\/p>\n","protected":false},"author":13996,"featured_media":167035,"comment_status":"open","ping_status":"open","sticky":false,"template":"","format":"standard","meta":{"_yoast_wpseo_focuskw":"Zhang Youxia","_yoast_wpseo_title":"","_yoast_wpseo_metadesc":"\u00c7in\u2019de tasfiye edilen General Zhang Youxia, Ocak ortas\u0131ndan beri kamuoyunda g\u00f6r\u00fclmemesine ra\u011fmen, resmi kay\u0131tlara g\u00f6re h\u00e2l\u00e2 g\u00f6revde.","_bbp_topic_count":0,"_bbp_reply_count":0,"_bbp_total_topic_count":0,"_bbp_total_reply_count":0,"_bbp_voice_count":0,"_bbp_anonymous_reply_count":0,"_bbp_topic_count_hidden":0,"_bbp_reply_count_hidden":0,"_bbp_forum_subforum_count":0,"footnotes":"","_yoast_wpseo_focuskw_text_input":""},"categories":[5,1,8138],"tags":[7592,11326,11329,11325,11328,11327,9739],"yoast_head":"<!-- This site is optimized with the Yoast SEO plugin v23.0 - https:\/\/yoast.com\/wordpress\/plugins\/seo\/ -->\n<title>\u00c7in Generali Zhang Youxia G\u00f6revde Kal\u0131yor - The Epoch Times TR<\/title>\n<meta name=\"description\" content=\"\u00c7in\u2019de tasfiye edilen General Zhang Youxia, Ocak ortas\u0131ndan beri kamuoyunda g\u00f6r\u00fclmemesine ra\u011fmen, resmi kay\u0131tlara g\u00f6re h\u00e2l\u00e2 g\u00f6revde.\" \/>\n<meta name=\"robots\" content=\"index, follow, max-snippet:-1, max-image-preview:large, max-video-preview:-1\" \/>\n<link rel=\"canonical\" href=\"https:\/\/epochtimestr.com\/index.php\/cin-generali-zhang-youxia-gorevde-kaliyor\" \/>\n<meta property=\"og:locale\" content=\"tr_TR\" \/>\n<meta property=\"og:type\" content=\"article\" \/>\n<meta property=\"og:title\" content=\"\u00c7in Generali Zhang Youxia G\u00f6revde Kal\u0131yor - The Epoch Times TR\" \/>\n<meta property=\"og:description\" content=\"\u00c7in\u2019de tasfiye edilen General Zhang Youxia, Ocak ortas\u0131ndan beri kamuoyunda g\u00f6r\u00fclmemesine ra\u011fmen, resmi kay\u0131tlara g\u00f6re h\u00e2l\u00e2 g\u00f6revde.\" \/>\n<meta property=\"og:url\" content=\"https:\/\/epochtimestr.com\/index.php\/cin-generali-zhang-youxia-gorevde-kaliyor\" \/>\n<meta property=\"og:site_name\" content=\"The Epoch Times TR\" \/>\n<meta property=\"article:publisher\" content=\"https:\/\/www.facebook.com\/theepochtimestr\" \/>\n<meta property=\"article:published_time\" content=\"2026-05-01T17:23:15+00:00\" \/>\n<meta property=\"article:modified_time\" content=\"2026-05-01T17:44:27+00:00\" \/>\n<meta property=\"og:image\" content=\"https:\/\/epochtimestr.com\/wp-content\/uploads\/2011y\/1000037704.webp\" \/>\n\t<meta property=\"og:image:width\" content=\"1200\" \/>\n\t<meta property=\"og:image:height\" content=\"798\" \/>\n\t<meta property=\"og:image:type\" content=\"image\/webp\" \/>\n<meta name=\"author\" content=\"Leo Bajelan\" \/>\n<meta name=\"twitter:card\" content=\"summary_large_image\" \/>\n<meta name=\"twitter:creator\" content=\"@TheEpochTimesTR\" \/>\n<meta name=\"twitter:site\" content=\"@TheEpochTimesTR\" \/>\n<meta name=\"twitter:label1\" content=\"Yazan:\" \/>\n\t<meta name=\"twitter:data1\" content=\"Leo Bajelan\" \/>\n\t<meta name=\"twitter:label2\" content=\"Tahmini okuma s\u00fcresi\" \/>\n\t<meta name=\"twitter:data2\" content=\"2 dakika\" \/>\n<script type=\"application\/ld+json\" class=\"yoast-schema-graph\">{\"@context\":\"https:\/\/schema.org\",\"@graph\":[{\"@type\":\"Article\",\"@id\":\"https:\/\/epochtimestr.com\/index.php\/cin-generali-zhang-youxia-gorevde-kaliyor#article\",\"isPartOf\":{\"@id\":\"https:\/\/epochtimestr.com\/index.php\/cin-generali-zhang-youxia-gorevde-kaliyor\"},\"author\":{\"name\":\"Leo Bajelan\",\"@id\":\"https:\/\/epochtimestr.com\/#\/schema\/person\/5fef218711d76d8f232b0e1f1d7e4c0d\"},\"headline\":\"\u00c7in Generali Zhang Youxia G\u00f6revde Kal\u0131yor\",\"datePublished\":\"2026-05-01T17:23:15+00:00\",\"dateModified\":\"2026-05-01T17:44:27+00:00\",\"mainEntityOfPage\":{\"@id\":\"https:\/\/epochtimestr.com\/index.php\/cin-generali-zhang-youxia-gorevde-kaliyor\"},\"wordCount\":353,\"commentCount\":0,\"publisher\":{\"@id\":\"https:\/\/epochtimestr.com\/#organization\"},\"image\":{\"@id\":\"https:\/\/epochtimestr.com\/index.php\/cin-generali-zhang-youxia-gorevde-kaliyor#primaryimage\"},\"thumbnailUrl\":\"https:\/\/epochtimestr.com\/wp-content\/uploads\/2011y\/1000037704.webp\",\"keywords\":[\"\u00c7in Kom\u00fcnist Parti\",\"disiplin ihlali\",\"ordudan ihra\u00e7\",\"resmi soru\u015fturma\",\"tasfiye karar\u0131\",\"Ulusal Halk Kongresi Daimi Komitesi\",\"Zhang Youxia\"],\"articleSection\":[\"D\u00dcNYA\",\"G\u00dcNDEM\",\"Man\u015fet\"],\"inLanguage\":\"tr\",\"potentialAction\":[{\"@type\":\"CommentAction\",\"name\":\"Comment\",\"target\":[\"https:\/\/epochtimestr.com\/index.php\/cin-generali-zhang-youxia-gorevde-kaliyor#respond\"]}]},{\"@type\":\"WebPage\",\"@id\":\"https:\/\/epochtimestr.com\/index.php\/cin-generali-zhang-youxia-gorevde-kaliyor\",\"url\":\"https:\/\/epochtimestr.com\/index.php\/cin-generali-zhang-youxia-gorevde-kaliyor\",\"name\":\"\u00c7in Generali Zhang Youxia G\u00f6revde Kal\u0131yor - The Epoch Times TR\",\"isPartOf\":{\"@id\":\"https:\/\/epochtimestr.com\/#website\"},\"primaryImageOfPage\":{\"@id\":\"https:\/\/epochtimestr.com\/index.php\/cin-generali-zhang-youxia-gorevde-kaliyor#primaryimage\"},\"image\":{\"@id\":\"https:\/\/epochtimestr.com\/index.php\/cin-generali-zhang-youxia-gorevde-kaliyor#primaryimage\"},\"thumbnailUrl\":\"https:\/\/epochtimestr.com\/wp-content\/uploads\/2011y\/1000037704.webp\",\"datePublished\":\"2026-05-01T17:23:15+00:00\",\"dateModified\":\"2026-05-01T17:44:27+00:00\",\"description\":\"\u00c7in\u2019de tasfiye edilen General Zhang Youxia, Ocak ortas\u0131ndan beri kamuoyunda g\u00f6r\u00fclmemesine ra\u011fmen, resmi kay\u0131tlara g\u00f6re h\u00e2l\u00e2 g\u00f6revde.\",\"inLanguage\":\"tr\",\"potentialAction\":[{\"@type\":\"ReadAction\",\"target\":[\"https:\/\/epochtimestr.com\/index.php\/cin-generali-zhang-youxia-gorevde-kaliyor\"]}]},{\"@type\":\"ImageObject\",\"inLanguage\":\"tr\",\"@id\":\"https:\/\/epochtimestr.com\/index.php\/cin-generali-zhang-youxia-gorevde-kaliyor#primaryimage\",\"url\":\"https:\/\/epochtimestr.com\/wp-content\/uploads\/2011y\/1000037704.webp\",\"contentUrl\":\"https:\/\/epochtimestr.com\/wp-content\/uploads\/2011y\/1000037704.webp\",\"width\":1200,\"height\":798},{\"@type\":\"WebSite\",\"@id\":\"https:\/\/epochtimestr.com\/#website\",\"url\":\"https:\/\/epochtimestr.com\/\",\"name\":\"The Epoch Times TR\",\"description\":\"De\u011fi\u015fen D\u00fcnyam\u0131za Taze Bir Bak\u0131\u015f\",\"publisher\":{\"@id\":\"https:\/\/epochtimestr.com\/#organization\"},\"potentialAction\":[{\"@type\":\"SearchAction\",\"target\":{\"@type\":\"EntryPoint\",\"urlTemplate\":\"https:\/\/epochtimestr.com\/?s={search_term_string}\"},\"query-input\":\"required name=search_term_string\"}],\"inLanguage\":\"tr\"},{\"@type\":\"Organization\",\"@id\":\"https:\/\/epochtimestr.com\/#organization\",\"name\":\"The EpochTimes T\u00fcrkiye\",\"url\":\"https:\/\/epochtimestr.com\/\",\"logo\":{\"@type\":\"ImageObject\",\"inLanguage\":\"tr\",\"@id\":\"https:\/\/epochtimestr.com\/#\/schema\/logo\/image\/\",\"url\":\"https:\/\/epochtimestr.com\/wp-content\/uploads\/2011y\/ET-Logo-YG.jpg\",\"contentUrl\":\"https:\/\/epochtimestr.com\/wp-content\/uploads\/2011y\/ET-Logo-YG.jpg\",\"width\":346,\"height\":29,\"caption\":\"The EpochTimes T\u00fcrkiye\"},\"image\":{\"@id\":\"https:\/\/epochtimestr.com\/#\/schema\/logo\/image\/\"},\"sameAs\":[\"https:\/\/www.facebook.com\/theepochtimestr\",\"https:\/\/x.com\/TheEpochTimesTR\",\"https:\/\/www.instagram.com\/epochtimestr\"]},{\"@type\":\"Person\",\"@id\":\"https:\/\/epochtimestr.com\/#\/schema\/person\/5fef218711d76d8f232b0e1f1d7e4c0d\",\"name\":\"Leo Bajelan\",\"image\":{\"@type\":\"ImageObject\",\"inLanguage\":\"tr\",\"@id\":\"https:\/\/epochtimestr.com\/#\/schema\/person\/image\/\",\"url\":\"https:\/\/secure.gravatar.com\/avatar\/917669146f489549e548a2e9af272df5?s=96&d=mm&r=g\",\"contentUrl\":\"https:\/\/secure.gravatar.com\/avatar\/917669146f489549e548a2e9af272df5?s=96&d=mm&r=g\",\"caption\":\"Leo Bajelan\"},\"url\":\"https:\/\/epochtimestr.com\/index.php\/author\/leo\"}]}<\/script>\n<!-- \/ Yoast SEO plugin. -->","yoast_head_json":{"title":"\u00c7in Generali Zhang Youxia G\u00f6revde Kal\u0131yor - The Epoch Times TR","description":"\u00c7in\u2019de tasfiye edilen General Zhang Youxia, Ocak ortas\u0131ndan beri kamuoyunda g\u00f6r\u00fclmemesine ra\u011fmen, resmi kay\u0131tlara g\u00f6re h\u00e2l\u00e2 g\u00f6revde.","robots":{"index":"index","follow":"follow","max-snippet":"max-snippet:-1","max-image-preview":"max-image-preview:large","max-video-preview":"max-video-preview:-1"},"canonical":"https:\/\/epochtimestr.com\/index.php\/cin-generali-zhang-youxia-gorevde-kaliyor","og_locale":"tr_TR","og_type":"article","og_title":"\u00c7in Generali Zhang Youxia G\u00f6revde Kal\u0131yor - The Epoch Times TR","og_description":"\u00c7in\u2019de tasfiye edilen General Zhang Youxia, Ocak ortas\u0131ndan beri kamuoyunda g\u00f6r\u00fclmemesine ra\u011fmen, resmi kay\u0131tlara g\u00f6re h\u00e2l\u00e2 g\u00f6revde.","og_url":"https:\/\/epochtimestr.com\/index.php\/cin-generali-zhang-youxia-gorevde-kaliyor","og_site_name":"The Epoch Times TR","article_publisher":"https:\/\/www.facebook.com\/theepochtimestr","article_published_time":"2026-05-01T17:23:15+00:00","article_modified_time":"2026-05-01T17:44:27+00:00","og_image":[{"width":1200,"height":798,"url":"https:\/\/epochtimestr.com\/wp-content\/uploads\/2011y\/1000037704.webp","type":"image\/webp"}],"author":"Leo Bajelan","twitter_card":"summary_large_image","twitter_creator":"@TheEpochTimesTR","twitter_site":"@TheEpochTimesTR","twitter_misc":{"Yazan:":"Leo Bajelan","Tahmini okuma s\u00fcresi":"2 dakika"},"schema":{"@context":"https:\/\/schema.org","@graph":[{"@type":"Article","@id":"https:\/\/epochtimestr.com\/index.php\/cin-generali-zhang-youxia-gorevde-kaliyor#article","isPartOf":{"@id":"https:\/\/epochtimestr.com\/index.php\/cin-generali-zhang-youxia-gorevde-kaliyor"},"author":{"name":"Leo Bajelan","@id":"https:\/\/epochtimestr.com\/#\/schema\/person\/5fef218711d76d8f232b0e1f1d7e4c0d"},"headline":"\u00c7in Generali Zhang Youxia G\u00f6revde Kal\u0131yor","datePublished":"2026-05-01T17:23:15+00:00","dateModified":"2026-05-01T17:44:27+00:00","mainEntityOfPage":{"@id":"https:\/\/epochtimestr.com\/index.php\/cin-generali-zhang-youxia-gorevde-kaliyor"},"wordCount":353,"commentCount":0,"publisher":{"@id":"https:\/\/epochtimestr.com\/#organization"},"image":{"@id":"https:\/\/epochtimestr.com\/index.php\/cin-generali-zhang-youxia-gorevde-kaliyor#primaryimage"},"thumbnailUrl":"https:\/\/epochtimestr.com\/wp-content\/uploads\/2011y\/1000037704.webp","keywords":["\u00c7in Kom\u00fcnist Parti","disiplin ihlali","ordudan ihra\u00e7","resmi soru\u015fturma","tasfiye karar\u0131","Ulusal Halk Kongresi Daimi Komitesi","Zhang Youxia"],"articleSection":["D\u00dcNYA","G\u00dcNDEM","Man\u015fet"],"inLanguage":"tr","potentialAction":[{"@type":"CommentAction","name":"Comment","target":["https:\/\/epochtimestr.com\/index.php\/cin-generali-zhang-youxia-gorevde-kaliyor#respond"]}]},{"@type":"WebPage","@id":"https:\/\/epochtimestr.com\/index.php\/cin-generali-zhang-youxia-gorevde-kaliyor","url":"https:\/\/epochtimestr.com\/index.php\/cin-generali-zhang-youxia-gorevde-kaliyor","name":"\u00c7in Generali Zhang Youxia G\u00f6revde Kal\u0131yor - The Epoch Times TR","isPartOf":{"@id":"https:\/\/epochtimestr.com\/#website"},"primaryImageOfPage":{"@id":"https:\/\/epochtimestr.com\/index.php\/cin-generali-zhang-youxia-gorevde-kaliyor#primaryimage"},"image":{"@id":"https:\/\/epochtimestr.com\/index.php\/cin-generali-zhang-youxia-gorevde-kaliyor#primaryimage"},"thumbnailUrl":"https:\/\/epochtimestr.com\/wp-content\/uploads\/2011y\/1000037704.webp","datePublished":"2026-05-01T17:23:15+00:00","dateModified":"2026-05-01T17:44:27+00:00","description":"\u00c7in\u2019de tasfiye edilen General Zhang Youxia, Ocak ortas\u0131ndan beri kamuoyunda g\u00f6r\u00fclmemesine ra\u011fmen, resmi kay\u0131tlara g\u00f6re h\u00e2l\u00e2 g\u00f6revde.","inLanguage":"tr","potentialAction":[{"@type":"ReadAction","target":["https:\/\/epochtimestr.com\/index.php\/cin-generali-zhang-youxia-gorevde-kaliyor"]}]},{"@type":"ImageObject","inLanguage":"tr","@id":"https:\/\/epochtimestr.com\/index.php\/cin-generali-zhang-youxia-gorevde-kaliyor#primaryimage","url":"https:\/\/epochtimestr.com\/wp-content\/uploads\/2011y\/1000037704.webp","contentUrl":"https:\/\/epochtimestr.com\/wp-content\/uploads\/2011y\/1000037704.webp","width":1200,"height":798},{"@type":"WebSite","@id":"https:\/\/epochtimestr.com\/#website","url":"https:\/\/epochtimestr.com\/","name":"The Epoch Times TR","description":"De\u011fi\u015fen D\u00fcnyam\u0131za Taze Bir Bak\u0131\u015f","publisher":{"@id":"https:\/\/epochtimestr.com\/#organization"},"potentialAction":[{"@type":"SearchAction","target":{"@type":"EntryPoint","urlTemplate":"https:\/\/epochtimestr.com\/?s={search_term_string}"},"query-input":"required name=search_term_string"}],"inLanguage":"tr"},{"@type":"Organization","@id":"https:\/\/epochtimestr.com\/#organization","name":"The EpochTimes T\u00fcrkiye","url":"https:\/\/epochtimestr.com\/","logo":{"@type":"ImageObject","inLanguage":"tr","@id":"https:\/\/epochtimestr.com\/#\/schema\/logo\/image\/","url":"https:\/\/epochtimestr.com\/wp-content\/uploads\/2011y\/ET-Logo-YG.jpg","contentUrl":"https:\/\/epochtimestr.com\/wp-content\/uploads\/2011y\/ET-Logo-YG.jpg","width":346,"height":29,"caption":"The EpochTimes T\u00fcrkiye"},"image":{"@id":"https:\/\/epochtimestr.com\/#\/schema\/logo\/image\/"},"sameAs":["https:\/\/www.facebook.com\/theepochtimestr","https:\/\/x.com\/TheEpochTimesTR","https:\/\/www.instagram.com\/epochtimestr"]},{"@type":"Person","@id":"https:\/\/epochtimestr.com\/#\/schema\/person\/5fef218711d76d8f232b0e1f1d7e4c0d","name":"Leo Bajelan","image":{"@type":"ImageObject","inLanguage":"tr","@id":"https:\/\/epochtimestr.com\/#\/schema\/person\/image\/","url":"https:\/\/secure.gravatar.com\/avatar\/917669146f489549e548a2e9af272df5?s=96&d=mm&r=g","contentUrl":"https:\/\/secure.gravatar.com\/avatar\/917669146f489549e548a2e9af272df5?s=96&d=mm&r=g","caption":"Leo Bajelan"},"url":"https:\/\/epochtimestr.com\/index.php\/author\/leo"}]}},"_links":{"self":[{"href":"https:\/\/epochtimestr.com\/index.php\/wp-json\/wp\/v2\/posts\/167034"}],"collection":[{"href":"https:\/\/epochtimestr.com\/index.php\/wp-json\/wp\/v2\/posts"}],"about":[{"href":"https:\/\/epochtimestr.com\/index.php\/wp-json\/wp\/v2\/types\/post"}],"author":[{"embeddable":true,"href":"https:\/\/epochtimestr.com\/index.php\/wp-json\/wp\/v2\/users\/13996"}],"replies":[{"embeddable":true,"href":"https:\/\/epochtimestr.com\/index.php\/wp-json\/wp\/v2\/comments?post=167034"}],"version-history":[{"count":3,"href":"https:\/\/epochtimestr.com\/index.php\/wp-json\/wp\/v2\/posts\/167034\/revisions"}],"predecessor-version":[{"id":167041,"href":"https:\/\/epochtimestr.com\/index.php\/wp-json\/wp\/v2\/posts\/167034\/revisions\/167041"}],"wp:featuredmedia":[{"embeddable":true,"href":"https:\/\/epochtimestr.com\/index.php\/wp-json\/wp\/v2\/media\/167035"}],"wp:attachment":[{"href":"https:\/\/epochtimestr.com\/index.php\/wp-json\/wp\/v2\/media?parent=167034"}],"wp:term":[{"taxonomy":"category","embeddable":true,"href":"https:\/\/epochtimestr.com\/index.php\/wp-json\/wp\/v2\/categories?post=167034"},{"taxonomy":"post_tag","embeddable":true,"href":"https:\/\/epochtimestr.com\/index.php\/wp-json\/wp\/v2\/tags?post=167034"}],"curies":[{"name":"wp","href":"https:\/\/api.w.org\/{rel}","templated":true}]}}