{"id":167042,"date":"2026-05-02T08:30:00","date_gmt":"2026-05-02T05:30:00","guid":{"rendered":"https:\/\/epochtimestr.com\/?p=167042"},"modified":"2026-05-01T20:49:11","modified_gmt":"2026-05-01T17:49:11","slug":"yilmaz-bir-sivil-toplumcu","status":"publish","type":"post","link":"https:\/\/epochtimestr.com\/index.php\/yilmaz-bir-sivil-toplumcu","title":{"rendered":"Y\u0131lmaz Bir Sivil Toplumcu"},"content":{"rendered":"\n<p><em>Bu yaz\u0131 ilk olarak 12 Temmuz 2017\u2019de inovatifhaber.com\u2019da yay\u0131nlanm\u0131\u015ft\u0131r.<\/em><\/p>\n\n\n\n<p class=\"has-text-align-right\">\u201cAllah\u2019\u0131n adaletine ne kadar g\u00fcveniyorsak, devletin adaletine de o kadar g\u00fcvenmek istiyorum\u201d <br \/>A. Galip \u00d6zkan<\/p>\n\n\n\n<p>Mutlaka sizin de ba\u015f\u0131n\u0131za gelmi\u015ftir. Tan\u0131d\u0131\u011f\u0131n\u0131z\u0131 sand\u0131\u011f\u0131n\u0131z insanlar\u0131n, baz\u0131 \u00f6zelliklerini y\u0131llar sonra \u00f6\u011frenirsiniz. Temiz Toplum Hareketi Derne\u011fi d\u00f6neminde, derne\u011fin demir \u00e7elengini yapt\u0131r\u0131rken tan\u0131\u015ft\u0131m kendisiyle. M\u00fctevaz\u0131 ki\u015fili\u011fi, di\u011fer t\u00fcm unvanlar\u0131n\u0131n \u00f6n\u00fcnde geliyordu. Me\u011fer \u201cDemirci Galip\u201d diye bildi\u011fimiz, Ali Galip \u00d6zkan\u2019\u0131n ba\u015fka bir\u00e7ok y\u00f6nleri, yapt\u0131\u011f\u0131 i\u015fleri varm\u0131\u015f.<\/p>\n\n\n\n<p>\u0130ki hafta \u00f6nce bir etkinlikte kar\u015f\u0131la\u015ft\u0131k. Almanya ge\u00e7mi\u015fini duyunca biraz \u015fa\u015f\u0131rd\u0131m. D\u00fczg\u00fcn Almanca ile konu\u015funca \u015fa\u015fk\u0131nl\u0131\u011f\u0131m daha da artt\u0131. 1974- 1980 y\u0131llar\u0131 aras\u0131nda Almanya\u2019da m\u00fchendislik okumu\u015f. Fakat bu y\u00f6n\u00fcn\u00fc pek kimse bilmez. \u00c7\u00fcnk\u00fc mesle\u011fi d\u0131\u015f\u0131nda i\u015flerle u\u011fra\u015fm\u0131\u015f hep!<\/p>\n\n\n\n<p>Ali Galip \u00d6zkan, 1956 Mersin-Yal\u0131nayak K\u00f6y\u00fc do\u011fumlu. \u0130lkokulu k\u00f6yde okudu. Ailesinin maddi durumu iyiydi. Evlerine her g\u00fcn bir gazete girerdi. Ailesi ile gazete ve radyo \u00fczerinden g\u00fcndemi takip eder, d\u00fcnyadaki ve T\u00fcrkiye\u2019deki olaylar\u0131 konu\u015furlard\u0131. Abileri okumu\u015ftu. Onlar\u0131n da tesiriyle sol d\u00fc\u015f\u00fcnceye ilgisi artt\u0131.<\/p>\n\n\n\n<p>Tevfik S\u0131rr\u0131 G\u00fcr Lisesini bitirdi. Bir ara okul mezunlar\u0131 derne\u011finin y\u00f6neticili\u011fini ve ba\u015fkanl\u0131\u011f\u0131n\u0131 yapt\u0131. Lise sonras\u0131, \u00c7ukurova \u00dcniversitesi T\u0131p Fak\u00fcltesinin ilk \u00f6\u011frencilerindendi. Fakat okulu yar\u0131m b\u0131rakt\u0131. D\u00f6vizli e\u011fitim imk\u00e2n\u0131ndan yararlanarak Almanya\u2019ya gitti ve orada tekstil y\u00fcksek m\u00fchendisi oldu.<\/p>\n\n\n\n<p>Kafas\u0131nda hep siyaset yapma arzusu vard\u0131. Kendi iste\u011fiyle T\u00fcrkiye\u2019ye d\u00f6nd\u00fc. Amac\u0131 \u00f6nce Devlet Planlama\u2019ya girmek, ard\u0131ndan siyasete at\u0131lmakt\u0131. Fakat 12 Eyl\u00fcl askeri m\u00fcdahalesi bu isteklerine ge\u00e7it vermedi. Mersin\u2019e gelerek, ailesiyle ambalaj \u00fcr\u00fcnleri ticaretine ba\u015flad\u0131. Bu arada narenciye bah\u00e7ecili\u011fi i\u015flerini de y\u00fcr\u00fct\u00fcyordu. Askerlik d\u00f6n\u00fc\u015f\u00fc, 1983\u2019te yeni kurulan SODEP\u2019e \u00fcye oldu. O g\u00fcn bu g\u00fcn sosyal demokrat cenahta bir\u00e7ok g\u00f6revler \u00fcstlendi.<\/p>\n\n\n\n<p>SODEP il y\u00f6netim kurulu \u00fcyeli\u011fi, SHP il y\u00f6netim kurulu \u00fcyeli\u011fi, \u00fc\u00e7 d\u00f6nem SHP merkez il\u00e7e ba\u015fkanl\u0131\u011f\u0131, CHP\u2019den birer d\u00f6nem Toroslar ve B\u00fcy\u00fck\u015fehir meclis \u00fcyelikleri yapt\u0131. Halen CHP \u00fcyesi ve il emekli komisyon ba\u015fkanl\u0131\u011f\u0131n\u0131 devam ettiriyor. Ayr\u0131ca Mersin Esnaf ve Sanatk\u00e2rlar Odalar\u0131 Birli\u011finde disiplin kurulu \u00fcyeli\u011fi yapt\u0131. Ticaret Odas\u0131 \u00fcyesi.<\/p>\n\n\n\n<p>\u00d6zkan ta Almanya g\u00fcnlerinden bu yana sosyal faaliyetler i\u00e7erisinde. T\u00fcrk &#8211; \u0130sve\u00e7 Dostluk Derne\u011fi, TESAV, SDD, Ziraat Odas\u0131 dahil, yirmiye yak\u0131n dernek, oda ve vak\u0131fta \u00fcyelikleri, y\u00f6neticilikleri var. Kendisini y\u0131lmaz bir sivil toplumcu olarak tan\u0131mlamak hi\u00e7 de abart\u0131l\u0131 say\u0131lmaz. \u201cBu kadar dernek ile i\u00e7 i\u00e7e girince baz\u0131 sorunlara da \u00e7\u00f6z\u00fcmler \u00fcretmemiz m\u00fcmk\u00fcn oldu\u201d diyor. Onun hayat\u0131, toplumsal olaylara yak\u0131nl\u0131k, tan\u0131kl\u0131k i\u00e7inde ge\u00e7ti, do\u011fdu\u011fu, ya\u015fad\u0131\u011f\u0131 kent Mersin i\u00e7in yo\u011fun m\u00fccadeleler verdi.<\/p>\n\n\n\n<p>Galip bey \u015fehrimizle ilgili \u015fu tespitlerde bulunuyor: \u201c70\u2019li y\u0131llarda Mersin 80 bin n\u00fcfuslu k\u00fc\u00e7\u00fck bir yerdi. Serbest B\u00f6lgenin kurulmas\u0131yla ata\u011fa ge\u00e7ti. \u0130nsanlar i\u015f bulma umuduyla buraya yerle\u015ftiler. Mersin eskiden bir tar\u0131m kentiyken bunu turizm, sanayi kenti kimliklerine ta\u015f\u0131yamad\u0131. Emekliler ve i\u015fsizler kenti konumunda kald\u0131. Bug\u00fcn ise yo\u011fun m\u00fclteci ak\u0131n\u0131yla bir m\u00fclteciler kentine d\u00f6n\u00fc\u015ft\u00fc. Akkuyu N\u00fckleer Santrali \u00f6rne\u011finde oldu\u011fu gibi, Ankara yerel siyaset\u00e7ilerin ve halk\u0131n g\u00f6r\u00fc\u015flerini pek dikkate alm\u0131yor ve sonu\u00e7ta kaybeden Mersin oluyor\u201d.<\/p>\n\n\n\n<p>Zirai \u00fcreticilik, girdi maliyetlerinin y\u00fcksekli\u011fi sebebiyle s\u0131k\u0131nt\u0131l\u0131 g\u00fcnler ge\u00e7iriyor. \u00dcretimin \u00f6neminin fark\u0131nda. \u201c\u00dcretim olmadan ekonomi geli\u015fmez. \u00d6z sermaye yetersizli\u011fi, banka kredileri ile ancak bu kadar\u201d diyerek ekonomiye verdi\u011fi de\u011feri vurguluyor. \u201cAllah hi\u00e7 kimseyi yerinden yurdundan etmesin! Her \u015feyini kaybetmi\u015f insanlar\u0131n rahat d\u00fc\u015f\u00fcnemeyece\u011fini ve rahat hareket edemeyece\u011fini biliyorum. O y\u00fczden her an her t\u00fcrl\u00fc olumsuzluklara haz\u0131r olal\u0131m\u201d diyerek de Suriyeliler sorununa dikkat \u00e7ekiyor.<\/p>\n\n\n\n<p>Halen Toroslar K\u00fc\u00e7\u00fck Sanayi Sitesinde sac, boru, profil ve in\u015faat malzemeleri \u015firketini, i\u015fletme mezunu o\u011fluyla birlikte \u00e7al\u0131\u015ft\u0131r\u0131yor. Mersin\u2019in gelece\u011fi ile ilgili asla umutsuzlu\u011fa kap\u0131lm\u0131yor. Mersin\u2019i bilen ve insana de\u011fer veren y\u00f6neticilerin i\u015f ba\u015f\u0131na gelmesiyle, g\u00fczel bir gelece\u011fe do\u011fru yol al\u0131naca\u011f\u0131na g\u00f6n\u00fclden inan\u0131yor.<\/p>\n\n\n\n<p>Galip \u00d6zkan ile s\u00f6yle\u015fimizi bir yaz\u0131ya s\u0131\u011fd\u0131rmak m\u00fcmk\u00fcn de\u011fil. Gelecekte \u015fehrin siyasi hayat\u0131nda aktif rollere talip olmak istiyor. Daha s\u0131k bir araya gelmek ve yeni yaz\u0131larda bulu\u015fmak \u00fczere \u015fimdilik veda ederek ayr\u0131l\u0131yoruz.<\/p>\n","protected":false},"excerpt":{"rendered":"<p>Bu yaz\u0131 ilk olarak 12 Temmuz 2017\u2019de inovatifhaber.com\u2019da yay\u0131nlanm\u0131\u015ft\u0131r. \u201cAllah\u2019\u0131n adaletine ne kadar g\u00fcveniyorsak, devletin adaletine de o kadar g\u00fcvenmek istiyorum\u201d A. Galip \u00d6zkan Mutlaka sizin de ba\u015f\u0131n\u0131za gelmi\u015ftir. Tan\u0131d\u0131\u011f\u0131n\u0131z\u0131 sand\u0131\u011f\u0131n\u0131z insanlar\u0131n, baz\u0131 \u00f6zelliklerini y\u0131llar sonra \u00f6\u011frenirsiniz. Temiz Toplum Hareketi Derne\u011fi d\u00f6neminde, derne\u011fin demir \u00e7elengini yapt\u0131r\u0131rken tan\u0131\u015ft\u0131m kendisiyle. M\u00fctevaz\u0131 ki\u015fili\u011fi, di\u011fer t\u00fcm unvanlar\u0131n\u0131n \u00f6n\u00fcnde geliyordu. [&hellip;]<\/p>\n","protected":false},"author":14001,"featured_media":161038,"comment_status":"open","ping_status":"open","sticky":false,"template":"","format":"standard","meta":{"_yoast_wpseo_focuskw":"Ali Galip \u00d6zkan","_yoast_wpseo_title":"","_yoast_wpseo_metadesc":"Ali Galip \u00d6zkan, 1956 Mersin-Yal\u0131nayak K\u00f6y\u00fc do\u011fumlu. \u0130lkokulu k\u00f6yde okudu. Ailesinin maddi durumu iyiydi. Evlerine her g\u00fcn bir gazete girerdi.","_bbp_topic_count":0,"_bbp_reply_count":0,"_bbp_total_topic_count":0,"_bbp_total_reply_count":0,"_bbp_voice_count":0,"_bbp_anonymous_reply_count":0,"_bbp_topic_count_hidden":0,"_bbp_reply_count_hidden":0,"_bbp_forum_subforum_count":0,"footnotes":"","_yoast_wpseo_focuskw_text_input":""},"categories":[9170],"tags":[],"yoast_head":"<!-- This site is optimized with the Yoast SEO plugin v23.0 - https:\/\/yoast.com\/wordpress\/plugins\/seo\/ -->\n<title>Y\u0131lmaz Bir Sivil Toplumcu - The Epoch Times TR<\/title>\n<meta name=\"description\" content=\"Ali Galip \u00d6zkan, 1956 Mersin-Yal\u0131nayak K\u00f6y\u00fc do\u011fumlu. \u0130lkokulu k\u00f6yde okudu. Ailesinin maddi durumu iyiydi. Evlerine her g\u00fcn bir gazete girerdi.\" \/>\n<meta name=\"robots\" content=\"index, follow, max-snippet:-1, max-image-preview:large, max-video-preview:-1\" \/>\n<link rel=\"canonical\" href=\"https:\/\/epochtimestr.com\/index.php\/yilmaz-bir-sivil-toplumcu\" \/>\n<meta property=\"og:locale\" content=\"tr_TR\" \/>\n<meta property=\"og:type\" content=\"article\" \/>\n<meta property=\"og:title\" content=\"Y\u0131lmaz Bir Sivil Toplumcu - The Epoch Times TR\" \/>\n<meta property=\"og:description\" content=\"Ali Galip \u00d6zkan, 1956 Mersin-Yal\u0131nayak K\u00f6y\u00fc do\u011fumlu. \u0130lkokulu k\u00f6yde okudu. Ailesinin maddi durumu iyiydi. Evlerine her g\u00fcn bir gazete girerdi.\" \/>\n<meta property=\"og:url\" content=\"https:\/\/epochtimestr.com\/index.php\/yilmaz-bir-sivil-toplumcu\" \/>\n<meta property=\"og:site_name\" content=\"The Epoch Times TR\" \/>\n<meta property=\"article:publisher\" content=\"https:\/\/www.facebook.com\/theepochtimestr\" \/>\n<meta property=\"article:published_time\" content=\"2026-05-02T05:30:00+00:00\" \/>\n<meta property=\"article:modified_time\" content=\"2026-05-01T17:49:11+00:00\" \/>\n<meta property=\"og:image\" content=\"https:\/\/epochtimestr.com\/wp-content\/uploads\/2011y\/bzct-ago.jpg\" \/>\n\t<meta property=\"og:image:width\" content=\"1200\" \/>\n\t<meta property=\"og:image:height\" content=\"630\" \/>\n\t<meta property=\"og:image:type\" content=\"image\/jpeg\" \/>\n<meta name=\"author\" content=\"Bekir Zorba\" \/>\n<meta name=\"twitter:card\" content=\"summary_large_image\" \/>\n<meta name=\"twitter:creator\" content=\"@TheEpochTimesTR\" \/>\n<meta name=\"twitter:site\" content=\"@TheEpochTimesTR\" \/>\n<meta name=\"twitter:label1\" content=\"Yazan:\" \/>\n\t<meta name=\"twitter:data1\" content=\"Bekir Zorba\" \/>\n\t<meta name=\"twitter:label2\" content=\"Tahmini okuma s\u00fcresi\" \/>\n\t<meta name=\"twitter:data2\" content=\"4 dakika\" \/>\n<script type=\"application\/ld+json\" class=\"yoast-schema-graph\">{\"@context\":\"https:\/\/schema.org\",\"@graph\":[{\"@type\":\"Article\",\"@id\":\"https:\/\/epochtimestr.com\/index.php\/yilmaz-bir-sivil-toplumcu#article\",\"isPartOf\":{\"@id\":\"https:\/\/epochtimestr.com\/index.php\/yilmaz-bir-sivil-toplumcu\"},\"author\":{\"name\":\"Bekir Zorba\",\"@id\":\"https:\/\/epochtimestr.com\/#\/schema\/person\/da1ad104599611965442ed3e7e9acb2b\"},\"headline\":\"Y\u0131lmaz Bir Sivil Toplumcu\",\"datePublished\":\"2026-05-02T05:30:00+00:00\",\"dateModified\":\"2026-05-01T17:49:11+00:00\",\"mainEntityOfPage\":{\"@id\":\"https:\/\/epochtimestr.com\/index.php\/yilmaz-bir-sivil-toplumcu\"},\"wordCount\":826,\"commentCount\":0,\"publisher\":{\"@id\":\"https:\/\/epochtimestr.com\/#organization\"},\"image\":{\"@id\":\"https:\/\/epochtimestr.com\/index.php\/yilmaz-bir-sivil-toplumcu#primaryimage\"},\"thumbnailUrl\":\"https:\/\/epochtimestr.com\/wp-content\/uploads\/2011y\/Bekir-Zorba.png\",\"articleSection\":[\"K\u00f6\u015fe Yaz\u0131lar\u0131 Bekir Zorba\"],\"inLanguage\":\"tr\",\"potentialAction\":[{\"@type\":\"CommentAction\",\"name\":\"Comment\",\"target\":[\"https:\/\/epochtimestr.com\/index.php\/yilmaz-bir-sivil-toplumcu#respond\"]}]},{\"@type\":\"WebPage\",\"@id\":\"https:\/\/epochtimestr.com\/index.php\/yilmaz-bir-sivil-toplumcu\",\"url\":\"https:\/\/epochtimestr.com\/index.php\/yilmaz-bir-sivil-toplumcu\",\"name\":\"Y\u0131lmaz Bir Sivil Toplumcu - The Epoch Times TR\",\"isPartOf\":{\"@id\":\"https:\/\/epochtimestr.com\/#website\"},\"primaryImageOfPage\":{\"@id\":\"https:\/\/epochtimestr.com\/index.php\/yilmaz-bir-sivil-toplumcu#primaryimage\"},\"image\":{\"@id\":\"https:\/\/epochtimestr.com\/index.php\/yilmaz-bir-sivil-toplumcu#primaryimage\"},\"thumbnailUrl\":\"https:\/\/epochtimestr.com\/wp-content\/uploads\/2011y\/Bekir-Zorba.png\",\"datePublished\":\"2026-05-02T05:30:00+00:00\",\"dateModified\":\"2026-05-01T17:49:11+00:00\",\"description\":\"Ali Galip \u00d6zkan, 1956 Mersin-Yal\u0131nayak K\u00f6y\u00fc do\u011fumlu. \u0130lkokulu k\u00f6yde okudu. Ailesinin maddi durumu iyiydi. Evlerine her g\u00fcn bir gazete girerdi.\",\"inLanguage\":\"tr\",\"potentialAction\":[{\"@type\":\"ReadAction\",\"target\":[\"https:\/\/epochtimestr.com\/index.php\/yilmaz-bir-sivil-toplumcu\"]}]},{\"@type\":\"ImageObject\",\"inLanguage\":\"tr\",\"@id\":\"https:\/\/epochtimestr.com\/index.php\/yilmaz-bir-sivil-toplumcu#primaryimage\",\"url\":\"https:\/\/epochtimestr.com\/wp-content\/uploads\/2011y\/Bekir-Zorba.png\",\"contentUrl\":\"https:\/\/epochtimestr.com\/wp-content\/uploads\/2011y\/Bekir-Zorba.png\",\"width\":600,\"height\":600},{\"@type\":\"WebSite\",\"@id\":\"https:\/\/epochtimestr.com\/#website\",\"url\":\"https:\/\/epochtimestr.com\/\",\"name\":\"The Epoch Times TR\",\"description\":\"De\u011fi\u015fen D\u00fcnyam\u0131za Taze Bir Bak\u0131\u015f\",\"publisher\":{\"@id\":\"https:\/\/epochtimestr.com\/#organization\"},\"potentialAction\":[{\"@type\":\"SearchAction\",\"target\":{\"@type\":\"EntryPoint\",\"urlTemplate\":\"https:\/\/epochtimestr.com\/?s={search_term_string}\"},\"query-input\":\"required name=search_term_string\"}],\"inLanguage\":\"tr\"},{\"@type\":\"Organization\",\"@id\":\"https:\/\/epochtimestr.com\/#organization\",\"name\":\"The EpochTimes T\u00fcrkiye\",\"url\":\"https:\/\/epochtimestr.com\/\",\"logo\":{\"@type\":\"ImageObject\",\"inLanguage\":\"tr\",\"@id\":\"https:\/\/epochtimestr.com\/#\/schema\/logo\/image\/\",\"url\":\"https:\/\/epochtimestr.com\/wp-content\/uploads\/2011y\/ET-Logo-YG.jpg\",\"contentUrl\":\"https:\/\/epochtimestr.com\/wp-content\/uploads\/2011y\/ET-Logo-YG.jpg\",\"width\":346,\"height\":29,\"caption\":\"The EpochTimes T\u00fcrkiye\"},\"image\":{\"@id\":\"https:\/\/epochtimestr.com\/#\/schema\/logo\/image\/\"},\"sameAs\":[\"https:\/\/www.facebook.com\/theepochtimestr\",\"https:\/\/x.com\/TheEpochTimesTR\",\"https:\/\/www.instagram.com\/epochtimestr\"]},{\"@type\":\"Person\",\"@id\":\"https:\/\/epochtimestr.com\/#\/schema\/person\/da1ad104599611965442ed3e7e9acb2b\",\"name\":\"Bekir Zorba\",\"image\":{\"@type\":\"ImageObject\",\"inLanguage\":\"tr\",\"@id\":\"https:\/\/epochtimestr.com\/#\/schema\/person\/image\/\",\"url\":\"https:\/\/secure.gravatar.com\/avatar\/eafd40d9b77b1fbf7c565a3d4916b79c?s=96&d=mm&r=g\",\"contentUrl\":\"https:\/\/secure.gravatar.com\/avatar\/eafd40d9b77b1fbf7c565a3d4916b79c?s=96&d=mm&r=g\",\"caption\":\"Bekir Zorba\"},\"url\":\"https:\/\/epochtimestr.com\/index.php\/author\/bekir\"}]}<\/script>\n<!-- \/ Yoast SEO plugin. -->","yoast_head_json":{"title":"Y\u0131lmaz Bir Sivil Toplumcu - The Epoch Times TR","description":"Ali Galip \u00d6zkan, 1956 Mersin-Yal\u0131nayak K\u00f6y\u00fc do\u011fumlu. \u0130lkokulu k\u00f6yde okudu. Ailesinin maddi durumu iyiydi. Evlerine her g\u00fcn bir gazete girerdi.","robots":{"index":"index","follow":"follow","max-snippet":"max-snippet:-1","max-image-preview":"max-image-preview:large","max-video-preview":"max-video-preview:-1"},"canonical":"https:\/\/epochtimestr.com\/index.php\/yilmaz-bir-sivil-toplumcu","og_locale":"tr_TR","og_type":"article","og_title":"Y\u0131lmaz Bir Sivil Toplumcu - The Epoch Times TR","og_description":"Ali Galip \u00d6zkan, 1956 Mersin-Yal\u0131nayak K\u00f6y\u00fc do\u011fumlu. \u0130lkokulu k\u00f6yde okudu. Ailesinin maddi durumu iyiydi. Evlerine her g\u00fcn bir gazete girerdi.","og_url":"https:\/\/epochtimestr.com\/index.php\/yilmaz-bir-sivil-toplumcu","og_site_name":"The Epoch Times TR","article_publisher":"https:\/\/www.facebook.com\/theepochtimestr","article_published_time":"2026-05-02T05:30:00+00:00","article_modified_time":"2026-05-01T17:49:11+00:00","og_image":[{"width":1200,"height":630,"url":"https:\/\/epochtimestr.com\/wp-content\/uploads\/2011y\/bzct-ago.jpg","type":"image\/jpeg"}],"author":"Bekir Zorba","twitter_card":"summary_large_image","twitter_creator":"@TheEpochTimesTR","twitter_site":"@TheEpochTimesTR","twitter_misc":{"Yazan:":"Bekir Zorba","Tahmini okuma s\u00fcresi":"4 dakika"},"schema":{"@context":"https:\/\/schema.org","@graph":[{"@type":"Article","@id":"https:\/\/epochtimestr.com\/index.php\/yilmaz-bir-sivil-toplumcu#article","isPartOf":{"@id":"https:\/\/epochtimestr.com\/index.php\/yilmaz-bir-sivil-toplumcu"},"author":{"name":"Bekir Zorba","@id":"https:\/\/epochtimestr.com\/#\/schema\/person\/da1ad104599611965442ed3e7e9acb2b"},"headline":"Y\u0131lmaz Bir Sivil Toplumcu","datePublished":"2026-05-02T05:30:00+00:00","dateModified":"2026-05-01T17:49:11+00:00","mainEntityOfPage":{"@id":"https:\/\/epochtimestr.com\/index.php\/yilmaz-bir-sivil-toplumcu"},"wordCount":826,"commentCount":0,"publisher":{"@id":"https:\/\/epochtimestr.com\/#organization"},"image":{"@id":"https:\/\/epochtimestr.com\/index.php\/yilmaz-bir-sivil-toplumcu#primaryimage"},"thumbnailUrl":"https:\/\/epochtimestr.com\/wp-content\/uploads\/2011y\/Bekir-Zorba.png","articleSection":["K\u00f6\u015fe Yaz\u0131lar\u0131 Bekir Zorba"],"inLanguage":"tr","potentialAction":[{"@type":"CommentAction","name":"Comment","target":["https:\/\/epochtimestr.com\/index.php\/yilmaz-bir-sivil-toplumcu#respond"]}]},{"@type":"WebPage","@id":"https:\/\/epochtimestr.com\/index.php\/yilmaz-bir-sivil-toplumcu","url":"https:\/\/epochtimestr.com\/index.php\/yilmaz-bir-sivil-toplumcu","name":"Y\u0131lmaz Bir Sivil Toplumcu - The Epoch Times TR","isPartOf":{"@id":"https:\/\/epochtimestr.com\/#website"},"primaryImageOfPage":{"@id":"https:\/\/epochtimestr.com\/index.php\/yilmaz-bir-sivil-toplumcu#primaryimage"},"image":{"@id":"https:\/\/epochtimestr.com\/index.php\/yilmaz-bir-sivil-toplumcu#primaryimage"},"thumbnailUrl":"https:\/\/epochtimestr.com\/wp-content\/uploads\/2011y\/Bekir-Zorba.png","datePublished":"2026-05-02T05:30:00+00:00","dateModified":"2026-05-01T17:49:11+00:00","description":"Ali Galip \u00d6zkan, 1956 Mersin-Yal\u0131nayak K\u00f6y\u00fc do\u011fumlu. \u0130lkokulu k\u00f6yde okudu. Ailesinin maddi durumu iyiydi. Evlerine her g\u00fcn bir gazete girerdi.","inLanguage":"tr","potentialAction":[{"@type":"ReadAction","target":["https:\/\/epochtimestr.com\/index.php\/yilmaz-bir-sivil-toplumcu"]}]},{"@type":"ImageObject","inLanguage":"tr","@id":"https:\/\/epochtimestr.com\/index.php\/yilmaz-bir-sivil-toplumcu#primaryimage","url":"https:\/\/epochtimestr.com\/wp-content\/uploads\/2011y\/Bekir-Zorba.png","contentUrl":"https:\/\/epochtimestr.com\/wp-content\/uploads\/2011y\/Bekir-Zorba.png","width":600,"height":600},{"@type":"WebSite","@id":"https:\/\/epochtimestr.com\/#website","url":"https:\/\/epochtimestr.com\/","name":"The Epoch Times TR","description":"De\u011fi\u015fen D\u00fcnyam\u0131za Taze Bir Bak\u0131\u015f","publisher":{"@id":"https:\/\/epochtimestr.com\/#organization"},"potentialAction":[{"@type":"SearchAction","target":{"@type":"EntryPoint","urlTemplate":"https:\/\/epochtimestr.com\/?s={search_term_string}"},"query-input":"required name=search_term_string"}],"inLanguage":"tr"},{"@type":"Organization","@id":"https:\/\/epochtimestr.com\/#organization","name":"The EpochTimes T\u00fcrkiye","url":"https:\/\/epochtimestr.com\/","logo":{"@type":"ImageObject","inLanguage":"tr","@id":"https:\/\/epochtimestr.com\/#\/schema\/logo\/image\/","url":"https:\/\/epochtimestr.com\/wp-content\/uploads\/2011y\/ET-Logo-YG.jpg","contentUrl":"https:\/\/epochtimestr.com\/wp-content\/uploads\/2011y\/ET-Logo-YG.jpg","width":346,"height":29,"caption":"The EpochTimes T\u00fcrkiye"},"image":{"@id":"https:\/\/epochtimestr.com\/#\/schema\/logo\/image\/"},"sameAs":["https:\/\/www.facebook.com\/theepochtimestr","https:\/\/x.com\/TheEpochTimesTR","https:\/\/www.instagram.com\/epochtimestr"]},{"@type":"Person","@id":"https:\/\/epochtimestr.com\/#\/schema\/person\/da1ad104599611965442ed3e7e9acb2b","name":"Bekir Zorba","image":{"@type":"ImageObject","inLanguage":"tr","@id":"https:\/\/epochtimestr.com\/#\/schema\/person\/image\/","url":"https:\/\/secure.gravatar.com\/avatar\/eafd40d9b77b1fbf7c565a3d4916b79c?s=96&d=mm&r=g","contentUrl":"https:\/\/secure.gravatar.com\/avatar\/eafd40d9b77b1fbf7c565a3d4916b79c?s=96&d=mm&r=g","caption":"Bekir Zorba"},"url":"https:\/\/epochtimestr.com\/index.php\/author\/bekir"}]}},"_links":{"self":[{"href":"https:\/\/epochtimestr.com\/index.php\/wp-json\/wp\/v2\/posts\/167042"}],"collection":[{"href":"https:\/\/epochtimestr.com\/index.php\/wp-json\/wp\/v2\/posts"}],"about":[{"href":"https:\/\/epochtimestr.com\/index.php\/wp-json\/wp\/v2\/types\/post"}],"author":[{"embeddable":true,"href":"https:\/\/epochtimestr.com\/index.php\/wp-json\/wp\/v2\/users\/14001"}],"replies":[{"embeddable":true,"href":"https:\/\/epochtimestr.com\/index.php\/wp-json\/wp\/v2\/comments?post=167042"}],"version-history":[{"count":1,"href":"https:\/\/epochtimestr.com\/index.php\/wp-json\/wp\/v2\/posts\/167042\/revisions"}],"predecessor-version":[{"id":167044,"href":"https:\/\/epochtimestr.com\/index.php\/wp-json\/wp\/v2\/posts\/167042\/revisions\/167044"}],"wp:featuredmedia":[{"embeddable":true,"href":"https:\/\/epochtimestr.com\/index.php\/wp-json\/wp\/v2\/media\/161038"}],"wp:attachment":[{"href":"https:\/\/epochtimestr.com\/index.php\/wp-json\/wp\/v2\/media?parent=167042"}],"wp:term":[{"taxonomy":"category","embeddable":true,"href":"https:\/\/epochtimestr.com\/index.php\/wp-json\/wp\/v2\/categories?post=167042"},{"taxonomy":"post_tag","embeddable":true,"href":"https:\/\/epochtimestr.com\/index.php\/wp-json\/wp\/v2\/tags?post=167042"}],"curies":[{"name":"wp","href":"https:\/\/api.w.org\/{rel}","templated":true}]}}