{"id":167045,"date":"2026-05-02T12:54:26","date_gmt":"2026-05-02T09:54:26","guid":{"rendered":"https:\/\/epochtimestr.com\/?p=167045"},"modified":"2026-05-02T12:54:29","modified_gmt":"2026-05-02T09:54:29","slug":"abd-almanyadaki-5000-askerini-cekme-karari-aldi","status":"publish","type":"post","link":"https:\/\/epochtimestr.com\/index.php\/abd-almanyadaki-5000-askerini-cekme-karari-aldi","title":{"rendered":"ABD Almanya&#8217;daki 5000 Askerini \u00c7ekme Karar\u0131 Ald\u0131"},"content":{"rendered":"<div class=\"wp-block-image\">\n<figure class=\"aligncenter size-full is-resized\"><img loading=\"lazy\" decoding=\"async\" width=\"1920\" height=\"1216\" src=\"https:\/\/epochtimestr.com\/wp-content\/uploads\/2011y\/1000037732.jpg\" alt=\"Combined Resolve II, ABD Avrupa Kara Kuvvetleri taraf\u0131ndan y\u00f6netilen, Almanya e\u011fitim alanlar\u0131nda ger\u00e7ekle\u015ftirilen bir tatbikatt\u0131r. Bir ABD Kara Kuvvetleri g\u00f6zlemci kontrol\u00f6r\u00fc, tatbikat\u0131n ard\u0131ndan Frans\u0131z 126. Piyade Alay\u0131 \u00fcyeleriyle konu\u015furken. 19 May\u0131s 2014, Hohenfels, Almanya. (Foto\u011fraf: ABD Kara Kuvvetleri \u00c7v\u015f. Bethany E. McMeans, Wikimedia)\" class=\"wp-image-167048\" style=\"width:840px;height:auto\" srcset=\"https:\/\/epochtimestr.com\/wp-content\/uploads\/2011y\/1000037732.jpg 1920w, https:\/\/epochtimestr.com\/wp-content\/uploads\/2011y\/1000037732-300x190.jpg 300w, https:\/\/epochtimestr.com\/wp-content\/uploads\/2011y\/1000037732-1895x1200.jpg 1895w, https:\/\/epochtimestr.com\/wp-content\/uploads\/2011y\/1000037732-150x95.jpg 150w, https:\/\/epochtimestr.com\/wp-content\/uploads\/2011y\/1000037732-768x486.jpg 768w, https:\/\/epochtimestr.com\/wp-content\/uploads\/2011y\/1000037732-1536x973.jpg 1536w\" sizes=\"(max-width: 1920px) 100vw, 1920px\" \/><figcaption class=\"wp-element-caption\">Combined Resolve II, ABD Avrupa Kara Kuvvetleri taraf\u0131ndan y\u00f6netilen, Almanya e\u011fitim alanlar\u0131nda ger\u00e7ekle\u015ftirilen bir tatbikatt\u0131r. Bir ABD Kara Kuvvetleri g\u00f6zlemci kontrol\u00f6r\u00fc, tatbikat\u0131n ard\u0131ndan Frans\u0131z 126. Piyade Alay\u0131 \u00fcyeleriyle konu\u015furken. 19 May\u0131s 2014, Hohenfels, Almanya. (Foto\u011fraf: ABD Kara Kuvvetleri \u00c7v\u015f. Bethany E. McMeans, Wikimedia)<\/figcaption><\/figure><\/div>\n\n\n<p>ABD, Avrupa\u2019daki askeri konu\u015flanman\u0131n g\u00f6zden ge\u00e7irilmesinin ard\u0131ndan, Almanya\u2019daki yakla\u015f\u0131k be\u015f bin askerini \u00e7ekme karar\u0131 ald\u0131. <a href=\"https:\/\/www.theepochtimes.com\/us\/us-orders-withdrawal-of-5000-troops-from-germany-pentagon-6020179?ea_src=frontpage&amp;ea_med=section-1\">Pentagon<\/a>, s\u00fcrecin sahadaki ihtiya\u00e7lar dikkate al\u0131narak, 6 ila 12 ay s\u00fcrebilece\u011fini bildirdi.<\/p>\n\n\n\n<p>Pentagon s\u00f6zc\u00fcs\u00fc Sean Parnell, karar\u0131n kapsaml\u0131 bir de\u011ferlendirme sonras\u0131 verildi\u011fini, ayr\u0131ca \u00e7ekilmenin kademeli \u015fekilde yap\u0131laca\u011f\u0131n\u0131 belirtti. ABD\u2019nin Almanya\u2019daki askeri varl\u0131\u011f\u0131 uzun s\u00fcredir devam ediyor. \u00dclkede h\u00e2len yakla\u015f\u0131k 36 bin 500 Amerikan askeri bulunuyor.<\/p>\n\n\n\n<p>\u00d6te yandan karar\u0131n hemen \u00f6ncesinde, <a href=\"https:\/\/epochtimestr.com\/index.php\/trump-avrupadan-asker-cekme-planini-degerlendiriyor\" target=\"_blank\" rel=\"noreferrer noopener\">ABD Ba\u015fkan\u0131 Donald Trump<\/a> ile Almanya Ba\u015fbakan\u0131 Friedrich Merz aras\u0131nda gerilim ya\u015fanm\u0131\u015ft\u0131. \u0130ki lider, \u0130ran\u2019daki \u00e7at\u0131\u015fma konusunda kar\u015f\u0131 kar\u015f\u0131ya geldi. Trump, daha \u00f6nce asker say\u0131s\u0131n\u0131n azalt\u0131labilece\u011fini s\u00f6ylemi\u015fti ancak Merz, ABD\u2019nin politikalar\u0131n\u0131 ele\u015ftirdi.<\/p>\n\n\n\n<p>1945 y\u0131l\u0131ndan bu yana Almanya\u2019da konu\u015flu bulunan ABD askerlerinin say\u0131s\u0131 so\u011fuk Sava\u015f d\u00f6neminde 250 bine kadar \u00e7\u0131km\u0131\u015ft\u0131. Ancak bu say\u0131 son y\u0131llarda kademeli olarak azald\u0131. Dolay\u0131s\u0131yla son karar, bu d\u00fc\u015f\u00fc\u015f\u00fcn devam\u0131 olarak g\u00f6r\u00fcl\u00fcyor.<\/p>\n\n\n\n<p>ABD&#8217;nin Almanya&#8217;dan asker \u00e7ekme plan\u0131, NATO i\u00e7indeki y\u00fck payla\u015f\u0131m\u0131 tart\u0131\u015fmalar\u0131n\u0131 da yeniden g\u00fcndeme getirdi. Trump, ge\u00e7mi\u015fte Almanya\u2019n\u0131n savunma harcamalar\u0131n\u0131 ele\u015ftirmi\u015f, ayr\u0131ca Almanya\u2019n\u0131n NATO hedeflerini kar\u015f\u0131lamad\u0131\u011f\u0131n\u0131 s\u00f6ylemi\u015fti.<\/p>\n\n\n\n<p>Buna kar\u015f\u0131l\u0131k Merz de, \u0130ran sava\u015f\u0131yla ilgili a\u00e7\u0131klamalar\u0131nda ABD\u2019yi ele\u015ftirdi. Ayr\u0131ca H\u00fcrm\u00fcz Bo\u011faz\u0131\u2019n\u0131n kapanmas\u0131n\u0131n Avrupa ekonomisini etkiledi\u011fini s\u00f6yleyerek \u00e7at\u0131\u015fman\u0131n sona ermesini istedi. Buna kar\u015f\u0131n Trump, Merz\u2019e verdi\u011fi sert yan\u0131tta Almanya\u2019n\u0131n kendi sorunlar\u0131na odaklanmas\u0131 gerekti\u011fini ifade etti.<\/p>\n\n\n\n<p>ABD&#8217;nin Almanya&#8217;dan asker \u00e7ekme s\u00fcreci, Avrupa\u2019daki g\u00fcvenlik dengeleri a\u00e7\u0131s\u0131ndan \u00f6nem ta\u015f\u0131yor.<\/p>\n","protected":false},"excerpt":{"rendered":"<p>ABD, Avrupa\u2019daki askeri konu\u015flanman\u0131n g\u00f6zden ge\u00e7irilmesinin ard\u0131ndan, Almanya\u2019daki yakla\u015f\u0131k be\u015f bin askerini \u00e7ekme karar\u0131 ald\u0131. Pentagon, s\u00fcrecin sahadaki ihtiya\u00e7lar dikkate al\u0131narak, 6 ila 12 ay s\u00fcrebilece\u011fini bildirdi. Pentagon s\u00f6zc\u00fcs\u00fc Sean Parnell, karar\u0131n kapsaml\u0131 bir de\u011ferlendirme sonras\u0131 verildi\u011fini, ayr\u0131ca \u00e7ekilmenin kademeli \u015fekilde yap\u0131laca\u011f\u0131n\u0131 belirtti. ABD\u2019nin Almanya\u2019daki askeri varl\u0131\u011f\u0131 uzun s\u00fcredir devam ediyor. \u00dclkede h\u00e2len yakla\u015f\u0131k 36 [&hellip;]<\/p>\n","protected":false},"author":13996,"featured_media":167048,"comment_status":"open","ping_status":"open","sticky":false,"template":"","format":"standard","meta":{"_yoast_wpseo_focuskw":"ABD - Almanya","_yoast_wpseo_title":"","_yoast_wpseo_metadesc":"ABD, Avrupa\u2019daki askeri konu\u015flanman\u0131n g\u00f6zden ge\u00e7irilmesinin ard\u0131ndan, Almanya i\u00e7indeki yakla\u015f\u0131k be\u015f bin askerini \u00e7ekme karar\u0131 ald\u0131.","_bbp_topic_count":0,"_bbp_reply_count":0,"_bbp_total_topic_count":0,"_bbp_total_reply_count":0,"_bbp_voice_count":0,"_bbp_anonymous_reply_count":0,"_bbp_topic_count_hidden":0,"_bbp_reply_count_hidden":0,"_bbp_forum_subforum_count":0,"footnotes":"","_yoast_wpseo_focuskw_text_input":""},"categories":[5,1,8138],"tags":[407,10503,708,9797,10522,10523,11330,11323],"yoast_head":"<!-- This site is optimized with the Yoast SEO plugin v23.0 - https:\/\/yoast.com\/wordpress\/plugins\/seo\/ -->\n<title>ABD Almanya&#039;daki 5000 Askerini \u00c7ekme Karar\u0131 Ald\u0131 - The Epoch Times TR<\/title>\n<meta name=\"description\" content=\"ABD, Avrupa\u2019daki askeri konu\u015flanman\u0131n g\u00f6zden ge\u00e7irilmesinin ard\u0131ndan, Almanya i\u00e7indeki yakla\u015f\u0131k be\u015f bin askerini \u00e7ekme karar\u0131 ald\u0131.\" \/>\n<meta name=\"robots\" content=\"index, follow, max-snippet:-1, max-image-preview:large, max-video-preview:-1\" \/>\n<link rel=\"canonical\" href=\"https:\/\/epochtimestr.com\/index.php\/abd-almanyadaki-5000-askerini-cekme-karari-aldi\" \/>\n<meta property=\"og:locale\" content=\"tr_TR\" \/>\n<meta property=\"og:type\" content=\"article\" \/>\n<meta property=\"og:title\" content=\"ABD Almanya&#039;daki 5000 Askerini \u00c7ekme Karar\u0131 Ald\u0131 - The Epoch Times TR\" \/>\n<meta property=\"og:description\" content=\"ABD, Avrupa\u2019daki askeri konu\u015flanman\u0131n g\u00f6zden ge\u00e7irilmesinin ard\u0131ndan, Almanya i\u00e7indeki yakla\u015f\u0131k be\u015f bin askerini \u00e7ekme karar\u0131 ald\u0131.\" \/>\n<meta property=\"og:url\" content=\"https:\/\/epochtimestr.com\/index.php\/abd-almanyadaki-5000-askerini-cekme-karari-aldi\" \/>\n<meta property=\"og:site_name\" content=\"The Epoch Times TR\" \/>\n<meta property=\"article:publisher\" content=\"https:\/\/www.facebook.com\/theepochtimestr\" \/>\n<meta property=\"article:published_time\" content=\"2026-05-02T09:54:26+00:00\" \/>\n<meta property=\"article:modified_time\" content=\"2026-05-02T09:54:29+00:00\" \/>\n<meta property=\"og:image\" content=\"https:\/\/epochtimestr.com\/wp-content\/uploads\/2011y\/1000037732.jpg\" \/>\n\t<meta property=\"og:image:width\" content=\"1920\" \/>\n\t<meta property=\"og:image:height\" content=\"1216\" \/>\n\t<meta property=\"og:image:type\" content=\"image\/jpeg\" \/>\n<meta name=\"author\" content=\"Leo Bajelan\" \/>\n<meta name=\"twitter:card\" content=\"summary_large_image\" \/>\n<meta name=\"twitter:creator\" content=\"@TheEpochTimesTR\" \/>\n<meta name=\"twitter:site\" content=\"@TheEpochTimesTR\" \/>\n<meta name=\"twitter:label1\" content=\"Yazan:\" \/>\n\t<meta name=\"twitter:data1\" content=\"Leo Bajelan\" \/>\n\t<meta name=\"twitter:label2\" content=\"Tahmini okuma s\u00fcresi\" \/>\n\t<meta name=\"twitter:data2\" content=\"2 dakika\" \/>\n<script type=\"application\/ld+json\" class=\"yoast-schema-graph\">{\"@context\":\"https:\/\/schema.org\",\"@graph\":[{\"@type\":\"Article\",\"@id\":\"https:\/\/epochtimestr.com\/index.php\/abd-almanyadaki-5000-askerini-cekme-karari-aldi#article\",\"isPartOf\":{\"@id\":\"https:\/\/epochtimestr.com\/index.php\/abd-almanyadaki-5000-askerini-cekme-karari-aldi\"},\"author\":{\"name\":\"Leo Bajelan\",\"@id\":\"https:\/\/epochtimestr.com\/#\/schema\/person\/5fef218711d76d8f232b0e1f1d7e4c0d\"},\"headline\":\"ABD Almanya&#8217;daki 5000 Askerini \u00c7ekme Karar\u0131 Ald\u0131\",\"datePublished\":\"2026-05-02T09:54:26+00:00\",\"dateModified\":\"2026-05-02T09:54:29+00:00\",\"mainEntityOfPage\":{\"@id\":\"https:\/\/epochtimestr.com\/index.php\/abd-almanyadaki-5000-askerini-cekme-karari-aldi\"},\"wordCount\":370,\"commentCount\":0,\"publisher\":{\"@id\":\"https:\/\/epochtimestr.com\/#organization\"},\"image\":{\"@id\":\"https:\/\/epochtimestr.com\/index.php\/abd-almanyadaki-5000-askerini-cekme-karari-aldi#primaryimage\"},\"thumbnailUrl\":\"https:\/\/epochtimestr.com\/wp-content\/uploads\/2011y\/1000037732.jpg\",\"keywords\":[\"ABD\",\"ABD \u0130ran sava\u015f\u0131\",\"almanya\",\"Friedrich Merz\",\"H\u00fcrm\u00fcz bo\u011faz\u0131\",\"Petrol krizi\",\"Sean Parnell\",\"Trump asker \u00e7ekme\"],\"articleSection\":[\"D\u00dcNYA\",\"G\u00dcNDEM\",\"MAN\u015eET\"],\"inLanguage\":\"tr\",\"potentialAction\":[{\"@type\":\"CommentAction\",\"name\":\"Comment\",\"target\":[\"https:\/\/epochtimestr.com\/index.php\/abd-almanyadaki-5000-askerini-cekme-karari-aldi#respond\"]}]},{\"@type\":\"WebPage\",\"@id\":\"https:\/\/epochtimestr.com\/index.php\/abd-almanyadaki-5000-askerini-cekme-karari-aldi\",\"url\":\"https:\/\/epochtimestr.com\/index.php\/abd-almanyadaki-5000-askerini-cekme-karari-aldi\",\"name\":\"ABD Almanya'daki 5000 Askerini \u00c7ekme Karar\u0131 Ald\u0131 - The Epoch Times TR\",\"isPartOf\":{\"@id\":\"https:\/\/epochtimestr.com\/#website\"},\"primaryImageOfPage\":{\"@id\":\"https:\/\/epochtimestr.com\/index.php\/abd-almanyadaki-5000-askerini-cekme-karari-aldi#primaryimage\"},\"image\":{\"@id\":\"https:\/\/epochtimestr.com\/index.php\/abd-almanyadaki-5000-askerini-cekme-karari-aldi#primaryimage\"},\"thumbnailUrl\":\"https:\/\/epochtimestr.com\/wp-content\/uploads\/2011y\/1000037732.jpg\",\"datePublished\":\"2026-05-02T09:54:26+00:00\",\"dateModified\":\"2026-05-02T09:54:29+00:00\",\"description\":\"ABD, Avrupa\u2019daki askeri konu\u015flanman\u0131n g\u00f6zden ge\u00e7irilmesinin ard\u0131ndan, Almanya i\u00e7indeki yakla\u015f\u0131k be\u015f bin askerini \u00e7ekme karar\u0131 ald\u0131.\",\"inLanguage\":\"tr\",\"potentialAction\":[{\"@type\":\"ReadAction\",\"target\":[\"https:\/\/epochtimestr.com\/index.php\/abd-almanyadaki-5000-askerini-cekme-karari-aldi\"]}]},{\"@type\":\"ImageObject\",\"inLanguage\":\"tr\",\"@id\":\"https:\/\/epochtimestr.com\/index.php\/abd-almanyadaki-5000-askerini-cekme-karari-aldi#primaryimage\",\"url\":\"https:\/\/epochtimestr.com\/wp-content\/uploads\/2011y\/1000037732.jpg\",\"contentUrl\":\"https:\/\/epochtimestr.com\/wp-content\/uploads\/2011y\/1000037732.jpg\",\"width\":1920,\"height\":1216,\"caption\":\"Hohenfels, Germany (May 19, 2014) \u2013 A U.S. Army observer controller speaks with members of the French 126th Infantry Regiment after an exercise to perform a deliberate attack during Combined Resolve II. Combined Resolve II is a U.S. Army Europe-directed multinational exercise at the Grafenwoehr and Hohenfels Training areas, including more than 4,000 participants from 13 allied and partner countries (U.S. Army photo by Sgt. Bethany E. McMeans).\"},{\"@type\":\"WebSite\",\"@id\":\"https:\/\/epochtimestr.com\/#website\",\"url\":\"https:\/\/epochtimestr.com\/\",\"name\":\"The Epoch Times TR\",\"description\":\"De\u011fi\u015fen D\u00fcnyam\u0131za Taze Bir Bak\u0131\u015f\",\"publisher\":{\"@id\":\"https:\/\/epochtimestr.com\/#organization\"},\"potentialAction\":[{\"@type\":\"SearchAction\",\"target\":{\"@type\":\"EntryPoint\",\"urlTemplate\":\"https:\/\/epochtimestr.com\/?s={search_term_string}\"},\"query-input\":\"required name=search_term_string\"}],\"inLanguage\":\"tr\"},{\"@type\":\"Organization\",\"@id\":\"https:\/\/epochtimestr.com\/#organization\",\"name\":\"The EpochTimes T\u00fcrkiye\",\"url\":\"https:\/\/epochtimestr.com\/\",\"logo\":{\"@type\":\"ImageObject\",\"inLanguage\":\"tr\",\"@id\":\"https:\/\/epochtimestr.com\/#\/schema\/logo\/image\/\",\"url\":\"https:\/\/epochtimestr.com\/wp-content\/uploads\/2011y\/ET-Logo-YG.jpg\",\"contentUrl\":\"https:\/\/epochtimestr.com\/wp-content\/uploads\/2011y\/ET-Logo-YG.jpg\",\"width\":346,\"height\":29,\"caption\":\"The EpochTimes T\u00fcrkiye\"},\"image\":{\"@id\":\"https:\/\/epochtimestr.com\/#\/schema\/logo\/image\/\"},\"sameAs\":[\"https:\/\/www.facebook.com\/theepochtimestr\",\"https:\/\/x.com\/TheEpochTimesTR\",\"https:\/\/www.instagram.com\/epochtimestr\"]},{\"@type\":\"Person\",\"@id\":\"https:\/\/epochtimestr.com\/#\/schema\/person\/5fef218711d76d8f232b0e1f1d7e4c0d\",\"name\":\"Leo Bajelan\",\"image\":{\"@type\":\"ImageObject\",\"inLanguage\":\"tr\",\"@id\":\"https:\/\/epochtimestr.com\/#\/schema\/person\/image\/\",\"url\":\"https:\/\/secure.gravatar.com\/avatar\/917669146f489549e548a2e9af272df5?s=96&d=mm&r=g\",\"contentUrl\":\"https:\/\/secure.gravatar.com\/avatar\/917669146f489549e548a2e9af272df5?s=96&d=mm&r=g\",\"caption\":\"Leo Bajelan\"},\"url\":\"https:\/\/epochtimestr.com\/index.php\/author\/leo\"}]}<\/script>\n<!-- \/ Yoast SEO plugin. -->","yoast_head_json":{"title":"ABD Almanya'daki 5000 Askerini \u00c7ekme Karar\u0131 Ald\u0131 - The Epoch Times TR","description":"ABD, Avrupa\u2019daki askeri konu\u015flanman\u0131n g\u00f6zden ge\u00e7irilmesinin ard\u0131ndan, Almanya i\u00e7indeki yakla\u015f\u0131k be\u015f bin askerini \u00e7ekme karar\u0131 ald\u0131.","robots":{"index":"index","follow":"follow","max-snippet":"max-snippet:-1","max-image-preview":"max-image-preview:large","max-video-preview":"max-video-preview:-1"},"canonical":"https:\/\/epochtimestr.com\/index.php\/abd-almanyadaki-5000-askerini-cekme-karari-aldi","og_locale":"tr_TR","og_type":"article","og_title":"ABD Almanya'daki 5000 Askerini \u00c7ekme Karar\u0131 Ald\u0131 - The Epoch Times TR","og_description":"ABD, Avrupa\u2019daki askeri konu\u015flanman\u0131n g\u00f6zden ge\u00e7irilmesinin ard\u0131ndan, Almanya i\u00e7indeki yakla\u015f\u0131k be\u015f bin askerini \u00e7ekme karar\u0131 ald\u0131.","og_url":"https:\/\/epochtimestr.com\/index.php\/abd-almanyadaki-5000-askerini-cekme-karari-aldi","og_site_name":"The Epoch Times TR","article_publisher":"https:\/\/www.facebook.com\/theepochtimestr","article_published_time":"2026-05-02T09:54:26+00:00","article_modified_time":"2026-05-02T09:54:29+00:00","og_image":[{"width":1920,"height":1216,"url":"https:\/\/epochtimestr.com\/wp-content\/uploads\/2011y\/1000037732.jpg","type":"image\/jpeg"}],"author":"Leo Bajelan","twitter_card":"summary_large_image","twitter_creator":"@TheEpochTimesTR","twitter_site":"@TheEpochTimesTR","twitter_misc":{"Yazan:":"Leo Bajelan","Tahmini okuma s\u00fcresi":"2 dakika"},"schema":{"@context":"https:\/\/schema.org","@graph":[{"@type":"Article","@id":"https:\/\/epochtimestr.com\/index.php\/abd-almanyadaki-5000-askerini-cekme-karari-aldi#article","isPartOf":{"@id":"https:\/\/epochtimestr.com\/index.php\/abd-almanyadaki-5000-askerini-cekme-karari-aldi"},"author":{"name":"Leo Bajelan","@id":"https:\/\/epochtimestr.com\/#\/schema\/person\/5fef218711d76d8f232b0e1f1d7e4c0d"},"headline":"ABD Almanya&#8217;daki 5000 Askerini \u00c7ekme Karar\u0131 Ald\u0131","datePublished":"2026-05-02T09:54:26+00:00","dateModified":"2026-05-02T09:54:29+00:00","mainEntityOfPage":{"@id":"https:\/\/epochtimestr.com\/index.php\/abd-almanyadaki-5000-askerini-cekme-karari-aldi"},"wordCount":370,"commentCount":0,"publisher":{"@id":"https:\/\/epochtimestr.com\/#organization"},"image":{"@id":"https:\/\/epochtimestr.com\/index.php\/abd-almanyadaki-5000-askerini-cekme-karari-aldi#primaryimage"},"thumbnailUrl":"https:\/\/epochtimestr.com\/wp-content\/uploads\/2011y\/1000037732.jpg","keywords":["ABD","ABD \u0130ran sava\u015f\u0131","almanya","Friedrich Merz","H\u00fcrm\u00fcz bo\u011faz\u0131","Petrol krizi","Sean Parnell","Trump asker \u00e7ekme"],"articleSection":["D\u00dcNYA","G\u00dcNDEM","MAN\u015eET"],"inLanguage":"tr","potentialAction":[{"@type":"CommentAction","name":"Comment","target":["https:\/\/epochtimestr.com\/index.php\/abd-almanyadaki-5000-askerini-cekme-karari-aldi#respond"]}]},{"@type":"WebPage","@id":"https:\/\/epochtimestr.com\/index.php\/abd-almanyadaki-5000-askerini-cekme-karari-aldi","url":"https:\/\/epochtimestr.com\/index.php\/abd-almanyadaki-5000-askerini-cekme-karari-aldi","name":"ABD Almanya'daki 5000 Askerini \u00c7ekme Karar\u0131 Ald\u0131 - The Epoch Times TR","isPartOf":{"@id":"https:\/\/epochtimestr.com\/#website"},"primaryImageOfPage":{"@id":"https:\/\/epochtimestr.com\/index.php\/abd-almanyadaki-5000-askerini-cekme-karari-aldi#primaryimage"},"image":{"@id":"https:\/\/epochtimestr.com\/index.php\/abd-almanyadaki-5000-askerini-cekme-karari-aldi#primaryimage"},"thumbnailUrl":"https:\/\/epochtimestr.com\/wp-content\/uploads\/2011y\/1000037732.jpg","datePublished":"2026-05-02T09:54:26+00:00","dateModified":"2026-05-02T09:54:29+00:00","description":"ABD, Avrupa\u2019daki askeri konu\u015flanman\u0131n g\u00f6zden ge\u00e7irilmesinin ard\u0131ndan, Almanya i\u00e7indeki yakla\u015f\u0131k be\u015f bin askerini \u00e7ekme karar\u0131 ald\u0131.","inLanguage":"tr","potentialAction":[{"@type":"ReadAction","target":["https:\/\/epochtimestr.com\/index.php\/abd-almanyadaki-5000-askerini-cekme-karari-aldi"]}]},{"@type":"ImageObject","inLanguage":"tr","@id":"https:\/\/epochtimestr.com\/index.php\/abd-almanyadaki-5000-askerini-cekme-karari-aldi#primaryimage","url":"https:\/\/epochtimestr.com\/wp-content\/uploads\/2011y\/1000037732.jpg","contentUrl":"https:\/\/epochtimestr.com\/wp-content\/uploads\/2011y\/1000037732.jpg","width":1920,"height":1216,"caption":"Hohenfels, Germany (May 19, 2014) \u2013 A U.S. Army observer controller speaks with members of the French 126th Infantry Regiment after an exercise to perform a deliberate attack during Combined Resolve II. Combined Resolve II is a U.S. Army Europe-directed multinational exercise at the Grafenwoehr and Hohenfels Training areas, including more than 4,000 participants from 13 allied and partner countries (U.S. Army photo by Sgt. Bethany E. McMeans)."},{"@type":"WebSite","@id":"https:\/\/epochtimestr.com\/#website","url":"https:\/\/epochtimestr.com\/","name":"The Epoch Times TR","description":"De\u011fi\u015fen D\u00fcnyam\u0131za Taze Bir Bak\u0131\u015f","publisher":{"@id":"https:\/\/epochtimestr.com\/#organization"},"potentialAction":[{"@type":"SearchAction","target":{"@type":"EntryPoint","urlTemplate":"https:\/\/epochtimestr.com\/?s={search_term_string}"},"query-input":"required name=search_term_string"}],"inLanguage":"tr"},{"@type":"Organization","@id":"https:\/\/epochtimestr.com\/#organization","name":"The EpochTimes T\u00fcrkiye","url":"https:\/\/epochtimestr.com\/","logo":{"@type":"ImageObject","inLanguage":"tr","@id":"https:\/\/epochtimestr.com\/#\/schema\/logo\/image\/","url":"https:\/\/epochtimestr.com\/wp-content\/uploads\/2011y\/ET-Logo-YG.jpg","contentUrl":"https:\/\/epochtimestr.com\/wp-content\/uploads\/2011y\/ET-Logo-YG.jpg","width":346,"height":29,"caption":"The EpochTimes T\u00fcrkiye"},"image":{"@id":"https:\/\/epochtimestr.com\/#\/schema\/logo\/image\/"},"sameAs":["https:\/\/www.facebook.com\/theepochtimestr","https:\/\/x.com\/TheEpochTimesTR","https:\/\/www.instagram.com\/epochtimestr"]},{"@type":"Person","@id":"https:\/\/epochtimestr.com\/#\/schema\/person\/5fef218711d76d8f232b0e1f1d7e4c0d","name":"Leo Bajelan","image":{"@type":"ImageObject","inLanguage":"tr","@id":"https:\/\/epochtimestr.com\/#\/schema\/person\/image\/","url":"https:\/\/secure.gravatar.com\/avatar\/917669146f489549e548a2e9af272df5?s=96&d=mm&r=g","contentUrl":"https:\/\/secure.gravatar.com\/avatar\/917669146f489549e548a2e9af272df5?s=96&d=mm&r=g","caption":"Leo Bajelan"},"url":"https:\/\/epochtimestr.com\/index.php\/author\/leo"}]}},"_links":{"self":[{"href":"https:\/\/epochtimestr.com\/index.php\/wp-json\/wp\/v2\/posts\/167045"}],"collection":[{"href":"https:\/\/epochtimestr.com\/index.php\/wp-json\/wp\/v2\/posts"}],"about":[{"href":"https:\/\/epochtimestr.com\/index.php\/wp-json\/wp\/v2\/types\/post"}],"author":[{"embeddable":true,"href":"https:\/\/epochtimestr.com\/index.php\/wp-json\/wp\/v2\/users\/13996"}],"replies":[{"embeddable":true,"href":"https:\/\/epochtimestr.com\/index.php\/wp-json\/wp\/v2\/comments?post=167045"}],"version-history":[{"count":2,"href":"https:\/\/epochtimestr.com\/index.php\/wp-json\/wp\/v2\/posts\/167045\/revisions"}],"predecessor-version":[{"id":167054,"href":"https:\/\/epochtimestr.com\/index.php\/wp-json\/wp\/v2\/posts\/167045\/revisions\/167054"}],"wp:featuredmedia":[{"embeddable":true,"href":"https:\/\/epochtimestr.com\/index.php\/wp-json\/wp\/v2\/media\/167048"}],"wp:attachment":[{"href":"https:\/\/epochtimestr.com\/index.php\/wp-json\/wp\/v2\/media?parent=167045"}],"wp:term":[{"taxonomy":"category","embeddable":true,"href":"https:\/\/epochtimestr.com\/index.php\/wp-json\/wp\/v2\/categories?post=167045"},{"taxonomy":"post_tag","embeddable":true,"href":"https:\/\/epochtimestr.com\/index.php\/wp-json\/wp\/v2\/tags?post=167045"}],"curies":[{"name":"wp","href":"https:\/\/api.w.org\/{rel}","templated":true}]}}