{"id":167059,"date":"2026-05-02T20:54:53","date_gmt":"2026-05-02T17:54:53","guid":{"rendered":"https:\/\/epochtimestr.com\/?p=167059"},"modified":"2026-05-02T20:57:36","modified_gmt":"2026-05-02T17:57:36","slug":"gelecegi-insa-eden-eller-emegin-bayrami","status":"publish","type":"post","link":"https:\/\/epochtimestr.com\/index.php\/gelecegi-insa-eden-eller-emegin-bayrami","title":{"rendered":"Gelece\u011fi \u0130n\u015fa Eden Eller: Eme\u011fin Bayram\u0131"},"content":{"rendered":"\n<p>1 May\u0131s, \u0130\u015f\u00e7i Bayram\u0131\u2019d\u0131r; eme\u011fin, sermaye s\u00f6m\u00fcr\u00fcs\u00fcne kar\u015f\u0131 insanca ya\u015fam m\u00fccadelesini y\u00fckseltti\u011fi g\u00fcnd\u00fcr.<\/p>\n\n\n\n<p>1 May\u0131s 1886\u2019da, 8 saatlik i\u015f g\u00fcn\u00fc talebiyle greve \u00e7\u0131kan Chicagolu i\u015f\u00e7ilere y\u00f6nelik polis sald\u0131r\u0131s\u0131 sonucu meydana gelen Haymarket Olay\u0131nda 4\u2019\u00fc i\u015f\u00e7i, 7\u2019si polis olmak \u00fczere 11 ki\u015fi hayat\u0131n\u0131 kaybetmi\u015ftir. Bu anlaml\u0131 g\u00fcn, o tarihten bu yana 140 y\u0131ld\u0131r t\u00fcm d\u00fcnyada &#8220;\u0130\u015f\u00e7i Bayram\u0131&#8221; olarak kutlanmaktad\u0131r.<\/p>\n\n\n\n<p>T\u00fcrk toplumu ise 1 May\u0131s\u2019\u0131 ilk kez Osmanl\u0131 d\u00f6neminde, 1911 y\u0131l\u0131nda Selanik\u2019te, ard\u0131ndan 1912\u2019de \u0130stanbul\u2019da kutlam\u0131\u015ft\u0131r. 1923 y\u0131l\u0131nda, Cumhuriyet\u2019in ilan\u0131ndan \u00f6nce \u00e7\u0131kar\u0131lan bir yasa ile \u00fclkemizde de resm\u00ee bayram olarak kabul edilmi\u015ftir.<\/p>\n\n\n\n<p>T\u00fcrkiye\u2019de demokrasi, hukuk, adalet ve insan haklar\u0131 talepleri gibi emek\u00e7i haklar\u0131 ve \u0130\u015f\u00e7i Bayram\u0131 kutlamalar\u0131 da \u00e7o\u011fu zaman yasaklarla, bask\u0131larla ve \u015fiddetle engellenmeye \u00e7al\u0131\u015f\u0131lm\u0131\u015ft\u0131r. Zaman zaman bu \u015fiddet \u00f6yle boyutlara ula\u015fm\u0131\u015ft\u0131r ki tarihe \u201cKanl\u0131 Pazar\u201d olarak ge\u00e7en 16 \u015eubat 1969 olaylar\u0131 ve 1 May\u0131s 1977 Taksim Katliam\u0131 gibi ac\u0131 hadiseler ya\u015fanm\u0131\u015f, canlar yitirilmi\u015f ve a\u011f\u0131r bedeller \u00f6denmi\u015ftir. Bunun son \u00f6rneklerinden biri de Eski\u015fehir Doruk Madencilik i\u015f\u00e7ilerinin ya\u015fad\u0131klar\u0131d\u0131r. Aylarca \u00f6denmeyen \u00fccret ve tazminatlar\u0131n\u0131 alabilmek i\u00e7in kilometrelerce y\u00fcr\u00fcmek zorunda kalm\u0131\u015f, polis m\u00fcdahalesine maruz kalm\u0131\u015f, g\u00f6zalt\u0131na al\u0131nm\u0131\u015f, so\u011fukta sokaklarda sabahlam\u0131\u015f ve sonunda a\u00e7l\u0131k grevine ba\u015fvurmu\u015flard\u0131r.<\/p>\n\n\n\n<p>Bunca ac\u0131dan sonra art\u0131k anla\u015f\u0131lm\u0131\u015f olmal\u0131d\u0131r ki \u00fclkemizde (ve t\u00fcm mazlum \u00fclkelerde) demokrasi g\u00fc\u00e7lendirilmedik\u00e7e, kuvvetler ayr\u0131l\u0131\u011f\u0131 ve yarg\u0131 ba\u011f\u0131ms\u0131zl\u0131\u011f\u0131 ilkelerine ba\u011fl\u0131 bir hukuk devleti tesis edilmedik\u00e7e, n\u00fcfus ve insan kayna\u011f\u0131 planlamas\u0131 yap\u0131lmad\u0131k\u00e7a, yer alt\u0131 ve yer \u00fcst\u00fc ulusal kaynaklara sahip \u00e7\u0131k\u0131lmad\u0131k\u00e7a, \u00e7a\u011fda\u015f, laik, bilimsel, kamucu ve \u00fccretsiz e\u011fitim sa\u011flanmad\u0131k\u00e7a, sermayenin k\u00e2r h\u0131rs\u0131n\u0131n \u00fccretleri a\u00e7l\u0131k s\u0131n\u0131r\u0131n\u0131n alt\u0131na itmesine izin vermeyen, eme\u011fin ve sermayenin haklar\u0131n\u0131 kar\u015f\u0131l\u0131kl\u0131 g\u00fcvence alt\u0131na alan ak\u0131lc\u0131 bir \u00fcretim ekonomisi kurulmad\u0131k\u00e7a, ne s\u00f6m\u00fcr\u00fc sona erecek, ne emek d\u00fc\u015fmanl\u0131\u011f\u0131 ortadan kalkacak, ne \u00e7al\u0131\u015fma hayat\u0131 huzura kavu\u015facak, ne de topyek\u00fbn kalk\u0131nma sa\u011flanabilecektir.<\/p>\n\n\n\n<p>Atat\u00fcrk Cumhuriyeti\u2019nin ba\u015far\u0131s\u0131, \u201cHer Fabrika Bir Kaledir\u201d anlay\u0131\u015f\u0131yla \u00fcretimi ve \u00fcreticiyi y\u00fcceltmesidir. Atat\u00fcrk, 1923 \u0130zmir \u0130ktisat Kongresi\u2019nde i\u015f\u00e7ilerin \u00e7al\u0131\u015fma saatleri, hafta tatilleri ve sendikal haklar\u0131n\u0131n yasal g\u00fcvence alt\u0131na al\u0131nmas\u0131 gerekti\u011fini belirterek, kalk\u0131nman\u0131n temelinin eme\u011fe sayg\u0131 oldu\u011funu bizzat vurgulam\u0131\u015ft\u0131r. Ve yeniden, y\u00fcksek teknolojili \u00fcretimi hedefleyen, \u00f6zg\u00fcn ve g\u00fcn\u00fcm\u00fcz ko\u015fullar\u0131na uyarlanm\u0131\u015f bir karma \u00fcretim ekonomisi modeli uygulanmal\u0131d\u0131r. Emek\u00e7ilerin sar\u0131 sendika tuza\u011f\u0131ndan korunmalar\u0131, ger\u00e7ek sendikalarda \u00f6rg\u00fctlenmelerinin \u00f6n\u00fcndeki engellerin kald\u0131r\u0131lmas\u0131 ve i\u015f\u00e7i sa\u011fl\u0131\u011f\u0131 ile i\u015f g\u00fcvenli\u011finin g\u00fc\u00e7l\u00fc yasal g\u00fcvencelere kavu\u015fturulmas\u0131 sa\u011flanmal\u0131d\u0131r.<\/p>\n\n\n\n<div class=\"wp-block-columns is-layout-flex wp-container-core-columns-is-layout-1 wp-block-columns-is-layout-flex\">\n<div class=\"wp-block-column is-layout-flow wp-block-column-is-layout-flow\">\n<figure class=\"wp-block-image size-full\"><img loading=\"lazy\" decoding=\"async\" width=\"1600\" height=\"777\" src=\"https:\/\/epochtimestr.com\/wp-content\/uploads\/2011y\/signal-2026-05-02-183736_002.jpeg\" alt=\"\" class=\"wp-image-167060\" srcset=\"https:\/\/epochtimestr.com\/wp-content\/uploads\/2011y\/signal-2026-05-02-183736_002.jpeg 1600w, https:\/\/epochtimestr.com\/wp-content\/uploads\/2011y\/signal-2026-05-02-183736_002-300x146.jpeg 300w, https:\/\/epochtimestr.com\/wp-content\/uploads\/2011y\/signal-2026-05-02-183736_002-150x73.jpeg 150w, https:\/\/epochtimestr.com\/wp-content\/uploads\/2011y\/signal-2026-05-02-183736_002-768x373.jpeg 768w, https:\/\/epochtimestr.com\/wp-content\/uploads\/2011y\/signal-2026-05-02-183736_002-1536x746.jpeg 1536w\" sizes=\"(max-width: 1600px) 100vw, 1600px\" \/><\/figure>\n<\/div>\n\n\n\n<div class=\"wp-block-column is-layout-flow wp-block-column-is-layout-flow\">\n<figure class=\"wp-block-image size-full\"><img loading=\"lazy\" decoding=\"async\" width=\"1600\" height=\"777\" src=\"https:\/\/epochtimestr.com\/wp-content\/uploads\/2011y\/signal-2026-05-02-183736_003.jpeg\" alt=\"\" class=\"wp-image-167061\" srcset=\"https:\/\/epochtimestr.com\/wp-content\/uploads\/2011y\/signal-2026-05-02-183736_003.jpeg 1600w, https:\/\/epochtimestr.com\/wp-content\/uploads\/2011y\/signal-2026-05-02-183736_003-300x146.jpeg 300w, https:\/\/epochtimestr.com\/wp-content\/uploads\/2011y\/signal-2026-05-02-183736_003-150x73.jpeg 150w, https:\/\/epochtimestr.com\/wp-content\/uploads\/2011y\/signal-2026-05-02-183736_003-768x373.jpeg 768w, https:\/\/epochtimestr.com\/wp-content\/uploads\/2011y\/signal-2026-05-02-183736_003-1536x746.jpeg 1536w\" sizes=\"(max-width: 1600px) 100vw, 1600px\" \/><\/figure>\n<\/div>\n<\/div>\n\n\n\n<div class=\"wp-block-columns is-layout-flex wp-container-core-columns-is-layout-2 wp-block-columns-is-layout-flex\">\n<div class=\"wp-block-column is-layout-flow wp-block-column-is-layout-flow\">\n<figure class=\"wp-block-image size-full\"><img loading=\"lazy\" decoding=\"async\" width=\"1600\" height=\"778\" src=\"https:\/\/epochtimestr.com\/wp-content\/uploads\/2011y\/signal-2026-05-02-183736_004.jpeg\" alt=\"\" class=\"wp-image-167062\" srcset=\"https:\/\/epochtimestr.com\/wp-content\/uploads\/2011y\/signal-2026-05-02-183736_004.jpeg 1600w, https:\/\/epochtimestr.com\/wp-content\/uploads\/2011y\/signal-2026-05-02-183736_004-300x146.jpeg 300w, https:\/\/epochtimestr.com\/wp-content\/uploads\/2011y\/signal-2026-05-02-183736_004-150x73.jpeg 150w, https:\/\/epochtimestr.com\/wp-content\/uploads\/2011y\/signal-2026-05-02-183736_004-768x373.jpeg 768w, https:\/\/epochtimestr.com\/wp-content\/uploads\/2011y\/signal-2026-05-02-183736_004-1536x747.jpeg 1536w\" sizes=\"(max-width: 1600px) 100vw, 1600px\" \/><\/figure>\n<\/div>\n\n\n\n<div class=\"wp-block-column is-layout-flow wp-block-column-is-layout-flow\">\n<figure class=\"wp-block-image size-full\"><img loading=\"lazy\" decoding=\"async\" width=\"1600\" height=\"777\" src=\"https:\/\/epochtimestr.com\/wp-content\/uploads\/2011y\/signal-2026-05-02-183736_005.jpeg\" alt=\"\" class=\"wp-image-167063\" srcset=\"https:\/\/epochtimestr.com\/wp-content\/uploads\/2011y\/signal-2026-05-02-183736_005.jpeg 1600w, https:\/\/epochtimestr.com\/wp-content\/uploads\/2011y\/signal-2026-05-02-183736_005-300x146.jpeg 300w, https:\/\/epochtimestr.com\/wp-content\/uploads\/2011y\/signal-2026-05-02-183736_005-150x73.jpeg 150w, https:\/\/epochtimestr.com\/wp-content\/uploads\/2011y\/signal-2026-05-02-183736_005-768x373.jpeg 768w, https:\/\/epochtimestr.com\/wp-content\/uploads\/2011y\/signal-2026-05-02-183736_005-1536x746.jpeg 1536w\" sizes=\"(max-width: 1600px) 100vw, 1600px\" \/><\/figure>\n<\/div>\n<\/div>\n\n\n\n<p>\u201cAkdeniz\u2019in \u0130ncisi\u201d Mersin. \u0130\u015f\u00e7ilerin, emek\u00e7ilerin, direnmenin yurdu. T\u00fcm sendikalar, Sivil toplum kurulu\u015flar\u0131, kad\u0131n haklar\u0131 savunucular\u0131 ve i\u015f\u00e7inin emek\u00e7inin yan\u0131nda olan t\u00fcm Mersin halk\u0131 orada, Cumhuriyet Meydan\u0131ndayd\u0131. Emeklerine sa\u011fl\u0131k. Her zaman oldu\u011fu gibi, k\u0131ymetli Yeni\u015fehir Belediye Ba\u015fkan\u0131m\u0131z ve belediye emek\u00e7ilerinin koordine etti\u011fi, Ali Altay konseri, birbirinden de\u011ferli m\u00fcziklerle halk\u0131n co\u015fkusunu ta\u00e7land\u0131rd\u0131. Eme\u011fine sa\u011fl\u0131k. Hem i\u015f\u00e7inin, emek\u00e7inin sesi duyuldu, hem g\u00fc\u00e7l\u00fc bir dayan\u0131\u015fman\u0131n oldu\u011fu g\u00f6r\u00fcld\u00fc. Say\u0131larla aram iyi olmad\u0131\u011f\u0131ndan bilmiyorum lakin insan seli vard\u0131 sanki Mersin Atat\u00fcrk Caddesinde\u2026 Ve sakin, sessiz ve haklar\u0131m\u0131za sahip \u00e7\u0131kman\u0131n huzuru ile da\u011f\u0131ld\u0131k evlerimize\u2026<\/p>\n\n\n\n<div class=\"wp-block-columns is-layout-flex wp-container-core-columns-is-layout-3 wp-block-columns-is-layout-flex\">\n<div class=\"wp-block-column is-layout-flow wp-block-column-is-layout-flow\">\n<figure class=\"wp-block-image size-full\"><img loading=\"lazy\" decoding=\"async\" width=\"1600\" height=\"777\" src=\"https:\/\/epochtimestr.com\/wp-content\/uploads\/2011y\/signal-2026-05-02-183736_006.jpeg\" alt=\"\" class=\"wp-image-167064\" srcset=\"https:\/\/epochtimestr.com\/wp-content\/uploads\/2011y\/signal-2026-05-02-183736_006.jpeg 1600w, https:\/\/epochtimestr.com\/wp-content\/uploads\/2011y\/signal-2026-05-02-183736_006-300x146.jpeg 300w, https:\/\/epochtimestr.com\/wp-content\/uploads\/2011y\/signal-2026-05-02-183736_006-150x73.jpeg 150w, https:\/\/epochtimestr.com\/wp-content\/uploads\/2011y\/signal-2026-05-02-183736_006-768x373.jpeg 768w, https:\/\/epochtimestr.com\/wp-content\/uploads\/2011y\/signal-2026-05-02-183736_006-1536x746.jpeg 1536w\" sizes=\"(max-width: 1600px) 100vw, 1600px\" \/><\/figure>\n<\/div>\n\n\n\n<div class=\"wp-block-column is-layout-flow wp-block-column-is-layout-flow\">\n<figure class=\"wp-block-image size-full\"><img loading=\"lazy\" decoding=\"async\" width=\"1600\" height=\"777\" src=\"https:\/\/epochtimestr.com\/wp-content\/uploads\/2011y\/signal-2026-05-02-183736_007.jpeg\" alt=\"\" class=\"wp-image-167065\" srcset=\"https:\/\/epochtimestr.com\/wp-content\/uploads\/2011y\/signal-2026-05-02-183736_007.jpeg 1600w, https:\/\/epochtimestr.com\/wp-content\/uploads\/2011y\/signal-2026-05-02-183736_007-300x146.jpeg 300w, https:\/\/epochtimestr.com\/wp-content\/uploads\/2011y\/signal-2026-05-02-183736_007-150x73.jpeg 150w, https:\/\/epochtimestr.com\/wp-content\/uploads\/2011y\/signal-2026-05-02-183736_007-768x373.jpeg 768w, https:\/\/epochtimestr.com\/wp-content\/uploads\/2011y\/signal-2026-05-02-183736_007-1536x746.jpeg 1536w\" sizes=\"(max-width: 1600px) 100vw, 1600px\" \/><\/figure>\n<\/div>\n<\/div>\n\n\n\n<div class=\"wp-block-columns is-layout-flex wp-container-core-columns-is-layout-4 wp-block-columns-is-layout-flex\">\n<div class=\"wp-block-column is-layout-flow wp-block-column-is-layout-flow\">\n<figure class=\"wp-block-image size-full\"><img loading=\"lazy\" decoding=\"async\" width=\"1600\" height=\"777\" src=\"https:\/\/epochtimestr.com\/wp-content\/uploads\/2011y\/signal-2026-05-02-183736_008.jpeg\" alt=\"\" class=\"wp-image-167066\" srcset=\"https:\/\/epochtimestr.com\/wp-content\/uploads\/2011y\/signal-2026-05-02-183736_008.jpeg 1600w, https:\/\/epochtimestr.com\/wp-content\/uploads\/2011y\/signal-2026-05-02-183736_008-300x146.jpeg 300w, https:\/\/epochtimestr.com\/wp-content\/uploads\/2011y\/signal-2026-05-02-183736_008-150x73.jpeg 150w, https:\/\/epochtimestr.com\/wp-content\/uploads\/2011y\/signal-2026-05-02-183736_008-768x373.jpeg 768w, https:\/\/epochtimestr.com\/wp-content\/uploads\/2011y\/signal-2026-05-02-183736_008-1536x746.jpeg 1536w\" sizes=\"(max-width: 1600px) 100vw, 1600px\" \/><\/figure>\n<\/div>\n\n\n\n<div class=\"wp-block-column is-layout-flow wp-block-column-is-layout-flow\">\n<figure class=\"wp-block-image size-full\"><img loading=\"lazy\" decoding=\"async\" width=\"1600\" height=\"777\" src=\"https:\/\/epochtimestr.com\/wp-content\/uploads\/2011y\/signal-2026-05-02-183736_009.jpeg\" alt=\"\" class=\"wp-image-167067\" srcset=\"https:\/\/epochtimestr.com\/wp-content\/uploads\/2011y\/signal-2026-05-02-183736_009.jpeg 1600w, https:\/\/epochtimestr.com\/wp-content\/uploads\/2011y\/signal-2026-05-02-183736_009-300x146.jpeg 300w, https:\/\/epochtimestr.com\/wp-content\/uploads\/2011y\/signal-2026-05-02-183736_009-150x73.jpeg 150w, https:\/\/epochtimestr.com\/wp-content\/uploads\/2011y\/signal-2026-05-02-183736_009-768x373.jpeg 768w, https:\/\/epochtimestr.com\/wp-content\/uploads\/2011y\/signal-2026-05-02-183736_009-1536x746.jpeg 1536w\" sizes=\"(max-width: 1600px) 100vw, 1600px\" \/><\/figure>\n<\/div>\n<\/div>\n\n\n\n<p class=\"has-text-align-left\">\u201cBu eller mi dersin?<br \/>Bu Eller mi?<br \/>Bu ellerle biz<br \/>D\u00fcnyay\u0131 kurduk.\u201d<br \/>der Ruhi Su<\/p>\n\n\n\n<p>\u0130\u015f\u00e7ilere bu dizelerle seslenir: \u201cEllerin T\u00fcrk\u00fcs\u00fcnde.\u201d<\/p>\n\n\n\n<p>1 May\u0131s \u0130\u015f\u00e7i Bayram\u0131 Kutlu Olsun.<\/p>\n","protected":false},"excerpt":{"rendered":"<p>1 May\u0131s, \u0130\u015f\u00e7i Bayram\u0131\u2019d\u0131r; eme\u011fin, sermaye s\u00f6m\u00fcr\u00fcs\u00fcne kar\u015f\u0131 insanca ya\u015fam m\u00fccadelesini y\u00fckseltti\u011fi g\u00fcnd\u00fcr. 1 May\u0131s 1886\u2019da, 8 saatlik i\u015f g\u00fcn\u00fc talebiyle greve \u00e7\u0131kan Chicagolu i\u015f\u00e7ilere y\u00f6nelik polis sald\u0131r\u0131s\u0131 sonucu meydana gelen Haymarket Olay\u0131nda 4\u2019\u00fc i\u015f\u00e7i, 7\u2019si polis olmak \u00fczere 11 ki\u015fi hayat\u0131n\u0131 kaybetmi\u015ftir. Bu anlaml\u0131 g\u00fcn, o tarihten bu yana 140 y\u0131ld\u0131r t\u00fcm d\u00fcnyada &#8220;\u0130\u015f\u00e7i [&hellip;]<\/p>\n","protected":false},"author":14005,"featured_media":163897,"comment_status":"open","ping_status":"open","sticky":false,"template":"","format":"standard","meta":{"_yoast_wpseo_focuskw":"1 May\u0131s","_yoast_wpseo_title":"","_yoast_wpseo_metadesc":"1 May\u0131s, \u0130\u015f\u00e7i Bayram\u0131\u2019d\u0131r; eme\u011fin, sermaye s\u00f6m\u00fcr\u00fcs\u00fcne kar\u015f\u0131 insanca ya\u015fam m\u00fccadelesini y\u00fckseltti\u011fi o g\u00fcnd\u00fcr.","_bbp_topic_count":0,"_bbp_reply_count":0,"_bbp_total_topic_count":0,"_bbp_total_reply_count":0,"_bbp_voice_count":0,"_bbp_anonymous_reply_count":0,"_bbp_topic_count_hidden":0,"_bbp_reply_count_hidden":0,"_bbp_forum_subforum_count":0,"footnotes":"","_yoast_wpseo_focuskw_text_input":""},"categories":[10057],"tags":[7378],"yoast_head":"<!-- This site is optimized with the Yoast SEO plugin v23.0 - https:\/\/yoast.com\/wordpress\/plugins\/seo\/ -->\n<title>Gelece\u011fi \u0130n\u015fa Eden Eller: Eme\u011fin Bayram\u0131 - The Epoch Times TR<\/title>\n<meta name=\"description\" content=\"1 May\u0131s, \u0130\u015f\u00e7i Bayram\u0131\u2019d\u0131r; eme\u011fin, sermaye s\u00f6m\u00fcr\u00fcs\u00fcne kar\u015f\u0131 insanca ya\u015fam m\u00fccadelesini y\u00fckseltti\u011fi o g\u00fcnd\u00fcr.\" \/>\n<meta name=\"robots\" content=\"index, follow, max-snippet:-1, max-image-preview:large, max-video-preview:-1\" \/>\n<link rel=\"canonical\" href=\"https:\/\/epochtimestr.com\/index.php\/gelecegi-insa-eden-eller-emegin-bayrami\" \/>\n<meta property=\"og:locale\" content=\"tr_TR\" \/>\n<meta property=\"og:type\" content=\"article\" \/>\n<meta property=\"og:title\" content=\"Gelece\u011fi \u0130n\u015fa Eden Eller: Eme\u011fin Bayram\u0131 - The Epoch Times TR\" \/>\n<meta property=\"og:description\" content=\"1 May\u0131s, \u0130\u015f\u00e7i Bayram\u0131\u2019d\u0131r; eme\u011fin, sermaye s\u00f6m\u00fcr\u00fcs\u00fcne kar\u015f\u0131 insanca ya\u015fam m\u00fccadelesini y\u00fckseltti\u011fi o g\u00fcnd\u00fcr.\" \/>\n<meta property=\"og:url\" content=\"https:\/\/epochtimestr.com\/index.php\/gelecegi-insa-eden-eller-emegin-bayrami\" \/>\n<meta property=\"og:site_name\" content=\"The Epoch Times TR\" \/>\n<meta property=\"article:publisher\" content=\"https:\/\/www.facebook.com\/theepochtimestr\" \/>\n<meta property=\"article:published_time\" content=\"2026-05-02T17:54:53+00:00\" \/>\n<meta property=\"article:modified_time\" content=\"2026-05-02T17:57:36+00:00\" \/>\n<meta property=\"og:image\" content=\"https:\/\/epochtimestr.com\/wp-content\/uploads\/2011y\/Aysel-Yetis-SM3.png\" \/>\n\t<meta property=\"og:image:width\" content=\"1200\" \/>\n\t<meta property=\"og:image:height\" content=\"630\" \/>\n\t<meta property=\"og:image:type\" content=\"image\/png\" \/>\n<meta name=\"author\" content=\"Aysel \u00d6zcan Yeti\u015f\" \/>\n<meta name=\"twitter:card\" content=\"summary_large_image\" \/>\n<meta name=\"twitter:creator\" content=\"@TheEpochTimesTR\" \/>\n<meta name=\"twitter:site\" content=\"@TheEpochTimesTR\" \/>\n<meta name=\"twitter:label1\" content=\"Yazan:\" \/>\n\t<meta name=\"twitter:data1\" content=\"Aysel \u00d6zcan Yeti\u015f\" \/>\n\t<meta name=\"twitter:label2\" content=\"Tahmini okuma s\u00fcresi\" \/>\n\t<meta name=\"twitter:data2\" content=\"5 dakika\" \/>\n<script type=\"application\/ld+json\" class=\"yoast-schema-graph\">{\"@context\":\"https:\/\/schema.org\",\"@graph\":[{\"@type\":\"Article\",\"@id\":\"https:\/\/epochtimestr.com\/index.php\/gelecegi-insa-eden-eller-emegin-bayrami#article\",\"isPartOf\":{\"@id\":\"https:\/\/epochtimestr.com\/index.php\/gelecegi-insa-eden-eller-emegin-bayrami\"},\"author\":{\"name\":\"Aysel \u00d6zcan Yeti\u015f\",\"@id\":\"https:\/\/epochtimestr.com\/#\/schema\/person\/8ac8c965e5072789ae94ce8df3878fad\"},\"headline\":\"Gelece\u011fi \u0130n\u015fa Eden Eller: Eme\u011fin Bayram\u0131\",\"datePublished\":\"2026-05-02T17:54:53+00:00\",\"dateModified\":\"2026-05-02T17:57:36+00:00\",\"mainEntityOfPage\":{\"@id\":\"https:\/\/epochtimestr.com\/index.php\/gelecegi-insa-eden-eller-emegin-bayrami\"},\"wordCount\":691,\"commentCount\":0,\"publisher\":{\"@id\":\"https:\/\/epochtimestr.com\/#organization\"},\"image\":{\"@id\":\"https:\/\/epochtimestr.com\/index.php\/gelecegi-insa-eden-eller-emegin-bayrami#primaryimage\"},\"thumbnailUrl\":\"https:\/\/epochtimestr.com\/wp-content\/uploads\/2011y\/Aysel-Ozcan-Yetis.png\",\"keywords\":[\"1 May\u0131s\"],\"articleSection\":[\"K\u00f6\u015fe Yaz\u0131lar\u0131 Aysel \u00d6zcan Yeti\u015f\"],\"inLanguage\":\"tr\",\"potentialAction\":[{\"@type\":\"CommentAction\",\"name\":\"Comment\",\"target\":[\"https:\/\/epochtimestr.com\/index.php\/gelecegi-insa-eden-eller-emegin-bayrami#respond\"]}]},{\"@type\":\"WebPage\",\"@id\":\"https:\/\/epochtimestr.com\/index.php\/gelecegi-insa-eden-eller-emegin-bayrami\",\"url\":\"https:\/\/epochtimestr.com\/index.php\/gelecegi-insa-eden-eller-emegin-bayrami\",\"name\":\"Gelece\u011fi \u0130n\u015fa Eden Eller: Eme\u011fin Bayram\u0131 - The Epoch Times TR\",\"isPartOf\":{\"@id\":\"https:\/\/epochtimestr.com\/#website\"},\"primaryImageOfPage\":{\"@id\":\"https:\/\/epochtimestr.com\/index.php\/gelecegi-insa-eden-eller-emegin-bayrami#primaryimage\"},\"image\":{\"@id\":\"https:\/\/epochtimestr.com\/index.php\/gelecegi-insa-eden-eller-emegin-bayrami#primaryimage\"},\"thumbnailUrl\":\"https:\/\/epochtimestr.com\/wp-content\/uploads\/2011y\/Aysel-Ozcan-Yetis.png\",\"datePublished\":\"2026-05-02T17:54:53+00:00\",\"dateModified\":\"2026-05-02T17:57:36+00:00\",\"description\":\"1 May\u0131s, \u0130\u015f\u00e7i Bayram\u0131\u2019d\u0131r; eme\u011fin, sermaye s\u00f6m\u00fcr\u00fcs\u00fcne kar\u015f\u0131 insanca ya\u015fam m\u00fccadelesini y\u00fckseltti\u011fi o g\u00fcnd\u00fcr.\",\"inLanguage\":\"tr\",\"potentialAction\":[{\"@type\":\"ReadAction\",\"target\":[\"https:\/\/epochtimestr.com\/index.php\/gelecegi-insa-eden-eller-emegin-bayrami\"]}]},{\"@type\":\"ImageObject\",\"inLanguage\":\"tr\",\"@id\":\"https:\/\/epochtimestr.com\/index.php\/gelecegi-insa-eden-eller-emegin-bayrami#primaryimage\",\"url\":\"https:\/\/epochtimestr.com\/wp-content\/uploads\/2011y\/Aysel-Ozcan-Yetis.png\",\"contentUrl\":\"https:\/\/epochtimestr.com\/wp-content\/uploads\/2011y\/Aysel-Ozcan-Yetis.png\",\"width\":750,\"height\":750},{\"@type\":\"WebSite\",\"@id\":\"https:\/\/epochtimestr.com\/#website\",\"url\":\"https:\/\/epochtimestr.com\/\",\"name\":\"The Epoch Times TR\",\"description\":\"De\u011fi\u015fen D\u00fcnyam\u0131za Taze Bir Bak\u0131\u015f\",\"publisher\":{\"@id\":\"https:\/\/epochtimestr.com\/#organization\"},\"potentialAction\":[{\"@type\":\"SearchAction\",\"target\":{\"@type\":\"EntryPoint\",\"urlTemplate\":\"https:\/\/epochtimestr.com\/?s={search_term_string}\"},\"query-input\":\"required name=search_term_string\"}],\"inLanguage\":\"tr\"},{\"@type\":\"Organization\",\"@id\":\"https:\/\/epochtimestr.com\/#organization\",\"name\":\"The EpochTimes T\u00fcrkiye\",\"url\":\"https:\/\/epochtimestr.com\/\",\"logo\":{\"@type\":\"ImageObject\",\"inLanguage\":\"tr\",\"@id\":\"https:\/\/epochtimestr.com\/#\/schema\/logo\/image\/\",\"url\":\"https:\/\/epochtimestr.com\/wp-content\/uploads\/2011y\/ET-Logo-YG.jpg\",\"contentUrl\":\"https:\/\/epochtimestr.com\/wp-content\/uploads\/2011y\/ET-Logo-YG.jpg\",\"width\":346,\"height\":29,\"caption\":\"The EpochTimes T\u00fcrkiye\"},\"image\":{\"@id\":\"https:\/\/epochtimestr.com\/#\/schema\/logo\/image\/\"},\"sameAs\":[\"https:\/\/www.facebook.com\/theepochtimestr\",\"https:\/\/x.com\/TheEpochTimesTR\",\"https:\/\/www.instagram.com\/epochtimestr\"]},{\"@type\":\"Person\",\"@id\":\"https:\/\/epochtimestr.com\/#\/schema\/person\/8ac8c965e5072789ae94ce8df3878fad\",\"name\":\"Aysel \u00d6zcan Yeti\u015f\",\"image\":{\"@type\":\"ImageObject\",\"inLanguage\":\"tr\",\"@id\":\"https:\/\/epochtimestr.com\/#\/schema\/person\/image\/\",\"url\":\"https:\/\/secure.gravatar.com\/avatar\/e05a79b1b2d145df9f842aa7f0e32ef2?s=96&d=mm&r=g\",\"contentUrl\":\"https:\/\/secure.gravatar.com\/avatar\/e05a79b1b2d145df9f842aa7f0e32ef2?s=96&d=mm&r=g\",\"caption\":\"Aysel \u00d6zcan Yeti\u015f\"},\"url\":\"https:\/\/epochtimestr.com\/index.php\/author\/aysel\"}]}<\/script>\n<!-- \/ Yoast SEO plugin. -->","yoast_head_json":{"title":"Gelece\u011fi \u0130n\u015fa Eden Eller: Eme\u011fin Bayram\u0131 - The Epoch Times TR","description":"1 May\u0131s, \u0130\u015f\u00e7i Bayram\u0131\u2019d\u0131r; eme\u011fin, sermaye s\u00f6m\u00fcr\u00fcs\u00fcne kar\u015f\u0131 insanca ya\u015fam m\u00fccadelesini y\u00fckseltti\u011fi o g\u00fcnd\u00fcr.","robots":{"index":"index","follow":"follow","max-snippet":"max-snippet:-1","max-image-preview":"max-image-preview:large","max-video-preview":"max-video-preview:-1"},"canonical":"https:\/\/epochtimestr.com\/index.php\/gelecegi-insa-eden-eller-emegin-bayrami","og_locale":"tr_TR","og_type":"article","og_title":"Gelece\u011fi \u0130n\u015fa Eden Eller: Eme\u011fin Bayram\u0131 - The Epoch Times TR","og_description":"1 May\u0131s, \u0130\u015f\u00e7i Bayram\u0131\u2019d\u0131r; eme\u011fin, sermaye s\u00f6m\u00fcr\u00fcs\u00fcne kar\u015f\u0131 insanca ya\u015fam m\u00fccadelesini y\u00fckseltti\u011fi o g\u00fcnd\u00fcr.","og_url":"https:\/\/epochtimestr.com\/index.php\/gelecegi-insa-eden-eller-emegin-bayrami","og_site_name":"The Epoch Times TR","article_publisher":"https:\/\/www.facebook.com\/theepochtimestr","article_published_time":"2026-05-02T17:54:53+00:00","article_modified_time":"2026-05-02T17:57:36+00:00","og_image":[{"width":1200,"height":630,"url":"https:\/\/epochtimestr.com\/wp-content\/uploads\/2011y\/Aysel-Yetis-SM3.png","type":"image\/png"}],"author":"Aysel \u00d6zcan Yeti\u015f","twitter_card":"summary_large_image","twitter_creator":"@TheEpochTimesTR","twitter_site":"@TheEpochTimesTR","twitter_misc":{"Yazan:":"Aysel \u00d6zcan Yeti\u015f","Tahmini okuma s\u00fcresi":"5 dakika"},"schema":{"@context":"https:\/\/schema.org","@graph":[{"@type":"Article","@id":"https:\/\/epochtimestr.com\/index.php\/gelecegi-insa-eden-eller-emegin-bayrami#article","isPartOf":{"@id":"https:\/\/epochtimestr.com\/index.php\/gelecegi-insa-eden-eller-emegin-bayrami"},"author":{"name":"Aysel \u00d6zcan Yeti\u015f","@id":"https:\/\/epochtimestr.com\/#\/schema\/person\/8ac8c965e5072789ae94ce8df3878fad"},"headline":"Gelece\u011fi \u0130n\u015fa Eden Eller: Eme\u011fin Bayram\u0131","datePublished":"2026-05-02T17:54:53+00:00","dateModified":"2026-05-02T17:57:36+00:00","mainEntityOfPage":{"@id":"https:\/\/epochtimestr.com\/index.php\/gelecegi-insa-eden-eller-emegin-bayrami"},"wordCount":691,"commentCount":0,"publisher":{"@id":"https:\/\/epochtimestr.com\/#organization"},"image":{"@id":"https:\/\/epochtimestr.com\/index.php\/gelecegi-insa-eden-eller-emegin-bayrami#primaryimage"},"thumbnailUrl":"https:\/\/epochtimestr.com\/wp-content\/uploads\/2011y\/Aysel-Ozcan-Yetis.png","keywords":["1 May\u0131s"],"articleSection":["K\u00f6\u015fe Yaz\u0131lar\u0131 Aysel \u00d6zcan Yeti\u015f"],"inLanguage":"tr","potentialAction":[{"@type":"CommentAction","name":"Comment","target":["https:\/\/epochtimestr.com\/index.php\/gelecegi-insa-eden-eller-emegin-bayrami#respond"]}]},{"@type":"WebPage","@id":"https:\/\/epochtimestr.com\/index.php\/gelecegi-insa-eden-eller-emegin-bayrami","url":"https:\/\/epochtimestr.com\/index.php\/gelecegi-insa-eden-eller-emegin-bayrami","name":"Gelece\u011fi \u0130n\u015fa Eden Eller: Eme\u011fin Bayram\u0131 - The Epoch Times TR","isPartOf":{"@id":"https:\/\/epochtimestr.com\/#website"},"primaryImageOfPage":{"@id":"https:\/\/epochtimestr.com\/index.php\/gelecegi-insa-eden-eller-emegin-bayrami#primaryimage"},"image":{"@id":"https:\/\/epochtimestr.com\/index.php\/gelecegi-insa-eden-eller-emegin-bayrami#primaryimage"},"thumbnailUrl":"https:\/\/epochtimestr.com\/wp-content\/uploads\/2011y\/Aysel-Ozcan-Yetis.png","datePublished":"2026-05-02T17:54:53+00:00","dateModified":"2026-05-02T17:57:36+00:00","description":"1 May\u0131s, \u0130\u015f\u00e7i Bayram\u0131\u2019d\u0131r; eme\u011fin, sermaye s\u00f6m\u00fcr\u00fcs\u00fcne kar\u015f\u0131 insanca ya\u015fam m\u00fccadelesini y\u00fckseltti\u011fi o g\u00fcnd\u00fcr.","inLanguage":"tr","potentialAction":[{"@type":"ReadAction","target":["https:\/\/epochtimestr.com\/index.php\/gelecegi-insa-eden-eller-emegin-bayrami"]}]},{"@type":"ImageObject","inLanguage":"tr","@id":"https:\/\/epochtimestr.com\/index.php\/gelecegi-insa-eden-eller-emegin-bayrami#primaryimage","url":"https:\/\/epochtimestr.com\/wp-content\/uploads\/2011y\/Aysel-Ozcan-Yetis.png","contentUrl":"https:\/\/epochtimestr.com\/wp-content\/uploads\/2011y\/Aysel-Ozcan-Yetis.png","width":750,"height":750},{"@type":"WebSite","@id":"https:\/\/epochtimestr.com\/#website","url":"https:\/\/epochtimestr.com\/","name":"The Epoch Times TR","description":"De\u011fi\u015fen D\u00fcnyam\u0131za Taze Bir Bak\u0131\u015f","publisher":{"@id":"https:\/\/epochtimestr.com\/#organization"},"potentialAction":[{"@type":"SearchAction","target":{"@type":"EntryPoint","urlTemplate":"https:\/\/epochtimestr.com\/?s={search_term_string}"},"query-input":"required name=search_term_string"}],"inLanguage":"tr"},{"@type":"Organization","@id":"https:\/\/epochtimestr.com\/#organization","name":"The EpochTimes T\u00fcrkiye","url":"https:\/\/epochtimestr.com\/","logo":{"@type":"ImageObject","inLanguage":"tr","@id":"https:\/\/epochtimestr.com\/#\/schema\/logo\/image\/","url":"https:\/\/epochtimestr.com\/wp-content\/uploads\/2011y\/ET-Logo-YG.jpg","contentUrl":"https:\/\/epochtimestr.com\/wp-content\/uploads\/2011y\/ET-Logo-YG.jpg","width":346,"height":29,"caption":"The EpochTimes T\u00fcrkiye"},"image":{"@id":"https:\/\/epochtimestr.com\/#\/schema\/logo\/image\/"},"sameAs":["https:\/\/www.facebook.com\/theepochtimestr","https:\/\/x.com\/TheEpochTimesTR","https:\/\/www.instagram.com\/epochtimestr"]},{"@type":"Person","@id":"https:\/\/epochtimestr.com\/#\/schema\/person\/8ac8c965e5072789ae94ce8df3878fad","name":"Aysel \u00d6zcan Yeti\u015f","image":{"@type":"ImageObject","inLanguage":"tr","@id":"https:\/\/epochtimestr.com\/#\/schema\/person\/image\/","url":"https:\/\/secure.gravatar.com\/avatar\/e05a79b1b2d145df9f842aa7f0e32ef2?s=96&d=mm&r=g","contentUrl":"https:\/\/secure.gravatar.com\/avatar\/e05a79b1b2d145df9f842aa7f0e32ef2?s=96&d=mm&r=g","caption":"Aysel \u00d6zcan Yeti\u015f"},"url":"https:\/\/epochtimestr.com\/index.php\/author\/aysel"}]}},"_links":{"self":[{"href":"https:\/\/epochtimestr.com\/index.php\/wp-json\/wp\/v2\/posts\/167059"}],"collection":[{"href":"https:\/\/epochtimestr.com\/index.php\/wp-json\/wp\/v2\/posts"}],"about":[{"href":"https:\/\/epochtimestr.com\/index.php\/wp-json\/wp\/v2\/types\/post"}],"author":[{"embeddable":true,"href":"https:\/\/epochtimestr.com\/index.php\/wp-json\/wp\/v2\/users\/14005"}],"replies":[{"embeddable":true,"href":"https:\/\/epochtimestr.com\/index.php\/wp-json\/wp\/v2\/comments?post=167059"}],"version-history":[{"count":2,"href":"https:\/\/epochtimestr.com\/index.php\/wp-json\/wp\/v2\/posts\/167059\/revisions"}],"predecessor-version":[{"id":167070,"href":"https:\/\/epochtimestr.com\/index.php\/wp-json\/wp\/v2\/posts\/167059\/revisions\/167070"}],"wp:featuredmedia":[{"embeddable":true,"href":"https:\/\/epochtimestr.com\/index.php\/wp-json\/wp\/v2\/media\/163897"}],"wp:attachment":[{"href":"https:\/\/epochtimestr.com\/index.php\/wp-json\/wp\/v2\/media?parent=167059"}],"wp:term":[{"taxonomy":"category","embeddable":true,"href":"https:\/\/epochtimestr.com\/index.php\/wp-json\/wp\/v2\/categories?post=167059"},{"taxonomy":"post_tag","embeddable":true,"href":"https:\/\/epochtimestr.com\/index.php\/wp-json\/wp\/v2\/tags?post=167059"}],"curies":[{"name":"wp","href":"https:\/\/api.w.org\/{rel}","templated":true}]}}