{"id":167071,"date":"2026-05-03T09:09:59","date_gmt":"2026-05-03T06:09:59","guid":{"rendered":"https:\/\/epochtimestr.com\/?p=167071"},"modified":"2026-05-03T09:10:01","modified_gmt":"2026-05-03T06:10:01","slug":"ebediyetin-sessiz-kapisi","status":"publish","type":"post","link":"https:\/\/epochtimestr.com\/index.php\/ebediyetin-sessiz-kapisi","title":{"rendered":"Ebediyetin Sessiz Kap\u0131s\u0131"},"content":{"rendered":"\n<p>Bir hafta \u00f6nce can\u0131m karde\u015fimi kaybettik. Bizler ac\u0131s\u0131n\u0131 ya\u015farken, o sessiz kap\u0131dan ge\u00e7ip gitti. Ruhun \u015fad olsun, \u0131\u015f\u0131klarda uyu karde\u015fim.<\/p>\n\n\n\n<p>T\u00fcm insano\u011flunun gitti\u011fi ebedi istirahat yeri. \u0130smi ger\u00e7ek \u00d6L\u00dcM:<\/p>\n\n\n\n<p>U\u00e7suz bucaks\u0131z k\u00e2inat\u0131n i\u00e7inde savrulan bir toz zerresi kadar k\u00fc\u00e7\u00fck, ama bir o kadar da anlam y\u00fckl\u00fc bir varl\u0131kt\u0131r insan. Do\u011fumla ba\u015flayan yolculu\u011fumuz, asl\u0131nda g\u00f6r\u00fcnmeyen bir sona do\u011fru ilerler: \u00f6l\u00fcm. \u00c7o\u011fu zaman ad\u0131n\u0131 anmaktan \u00e7ekindi\u011fimiz, d\u00fc\u015f\u00fcnd\u00fck\u00e7e i\u00e7imizi \u00fcrperten bu ger\u00e7ek, hayat\u0131n ink\u00e2r edilemez en ilahi hakikatidir.<\/p>\n\n\n\n<p>\u00d6l\u00fcm\u2026 Sadece bir son mudur ger\u00e7ekten?<\/p>\n\n\n\n<p>Yoksa bir ba\u015flang\u0131c\u0131n e\u015fi\u011fi mi?<\/p>\n\n\n\n<p>\u0130nsan, onurla ta\u015f\u0131d\u0131\u011f\u0131 ruhun emanetiyle ya\u015far. Bu beden, o ruhun ge\u00e7ici hanesidir. G\u00fcn gelir, ruh o haneden ayr\u0131l\u0131r; geride ise hat\u0131ralar, ya\u015fanm\u0131\u015fl\u0131klar ve en \u00e7ok da eksik kalan yanlar\u0131m\u0131z kal\u0131r. \u00d6l\u00fcm, yaln\u0131zca \u00f6leni de\u011fil, geride kalanlar\u0131 da s\u0131nayan a\u011f\u0131r bir imtihand\u0131r.<\/p>\n\n\n\n<p>Bir insan \u00f6ld\u00fc\u011f\u00fcnde, asl\u0131nda sadece bir beden topra\u011fa verilmez. Onunla birlikte bir annenin evlad\u0131, bir e\u015fin hayat arkada\u015f\u0131, bir dostun s\u0131rda\u015f\u0131, bir \u00e7ocu\u011fun s\u0131\u011f\u0131na\u011f\u0131 da topra\u011fa g\u00f6m\u00fcl\u00fcr. Geride kalanlar\u0131n kalbinde ise ad\u0131 konulamayan bir bo\u015fluk, tarif edilemeyen bir ac\u0131 ba\u015flar. \u00c7\u00fcnk\u00fc \u00f6l\u00fcm, her bedende ayr\u0131 bir iz b\u0131rak\u0131r.<\/p>\n\n\n\n<p>Kimi zaman bir annenin g\u00f6zya\u015f\u0131nda, kimi zaman bir \u00e7ocu\u011fun sessizli\u011finde, kimi zaman da bir dostun suskunlu\u011funda kendini g\u00f6sterir bu ac\u0131. Herkes kendi pay\u0131na d\u00fc\u015feni ya\u015far. Ac\u0131 ortakt\u0131r belki, ama hissedi\u015fi herkese \u00f6zeldir.<\/p>\n\n\n\n<p>\u00d6l\u00fcm, ayn\u0131 zamanda hayat\u0131n de\u011ferini hat\u0131rlatan en g\u00fc\u00e7l\u00fc ger\u00e7ektir. Bug\u00fcn yan\u0131m\u0131zda olanlar\u0131n, yar\u0131n olmayabilece\u011fini bilmek, sar\u0131ld\u0131\u011f\u0131m\u0131z ellerin bir g\u00fcn bo\u015flukta kalaca\u011f\u0131n\u0131 d\u00fc\u015f\u00fcnmek\u2026 \u0130\u015fte bu fark\u0131ndal\u0131k, insan\u0131 daha merhametli, daha anlay\u0131\u015fl\u0131 ve daha vicdanl\u0131 yapmal\u0131d\u0131r.<\/p>\n\n\n\n<p>Ama ne yaz\u0131k ki \u00e7o\u011fu zaman unuturuz. K\u0131rar\u0131z, incitiriz, erteleriz. S\u00f6ylenmesi gereken s\u00f6zleri yar\u0131na b\u0131rak\u0131r, yap\u0131lmas\u0131 gereken iyilikleri ihmal ederiz. Oysa \u00f6l\u00fcm, ertelemeyi kabul etmez. Ans\u0131z\u0131n gelir ve yar\u0131m kalan her \u015feyi geride b\u0131rak\u0131r.<\/p>\n\n\n\n<p>\u0130\u015fte bu y\u00fczden ya\u015farken sevmek gerekir. \u0130\u00e7ten, samimi ve kar\u015f\u0131l\u0131ks\u0131z\u2026<\/p>\n\n\n\n<p>Bir insan\u0131n arkas\u0131ndan s\u00f6ylenecek en g\u00fczel s\u00f6z, onun ya\u015farken b\u0131rakt\u0131\u011f\u0131 izdir. Ne kadar sevildi\u011fi, ne kadar hat\u0131rland\u0131\u011f\u0131, ne kadar insan\u0131n kalbine dokundu\u011fu\u2026 \u00c7\u00fcnk\u00fc \u00f6l\u00fcm ger\u00e7ek anlamda, bir insan\u0131n d\u00fcnyadan gitti\u011fi an de\u011fil, unutuldu\u011fu an ger\u00e7ekle\u015fir.<\/p>\n\n\n\n<p>Belki de en b\u00fcy\u00fck teselli \u015fudur: \u00d6l\u00fcm, yok olu\u015f de\u011fildir. \u0130nanan kalpler i\u00e7in o, ebedi hayat\u0131n kap\u0131s\u0131d\u0131r. Bu d\u00fcnya bir misafirhane ise, \u00f6l\u00fcm de as\u0131l yurda d\u00f6n\u00fc\u015f\u00fcn davetidir. Bu y\u00fczden \u00f6l\u00fcmden korkmak yerine, onu anlamaya \u00e7al\u0131\u015fmak gerekir.<\/p>\n\n\n\n<p>Geride kalanlar i\u00e7in ise sab\u0131r en b\u00fcy\u00fck s\u0131\u011f\u0131nakt\u0131r. Zaman, ac\u0131y\u0131 silmez ama hafifletir. An\u0131lar ise en k\u0131ymetli miras olur. Bir ses, bir bak\u0131\u015f, bir g\u00fcl\u00fc\u015f\u2026 Hepsi kalpte ya\u015famaya devam eder.<\/p>\n\n\n\n<p>Bug\u00fcn belki bir kayb\u0131n h\u00fczn\u00fcn\u00fc ta\u015f\u0131yan binlerce y\u00fcrek var. Her biri kendi i\u00e7inde sessizce a\u011fl\u0131yor. Ama bilinmelidir ki hi\u00e7bir ac\u0131 sahipsiz de\u011fildir. Her g\u00f6zya\u015f\u0131, bir sevginin g\u00f6stergesidir. Ve sevgi, \u00f6l\u00fcm\u00fcn bile silemeyece\u011fi en g\u00fc\u00e7l\u00fc ba\u011fd\u0131r.<\/p>\n\n\n\n<p>Sonu\u00e7 olarak \u00f6l\u00fcm hayat\u0131n kar\u015f\u0131t\u0131 de\u011fil, tamamlay\u0131c\u0131s\u0131d\u0131r. Onsuz hayat\u0131n de\u011feri anla\u015f\u0131lmazd\u0131. Bu y\u00fczden ya\u015fam\u0131 anlaml\u0131 k\u0131lmak, geride g\u00fczel izler b\u0131rakmak ve sevdiklerimize hak ettikleri de\u011feri zaman\u0131nda vermek en b\u00fcy\u00fck sorumlulu\u011fumuzdur.<\/p>\n\n\n\n<p>\u00c7\u00fcnk\u00fc bir g\u00fcn hepimiz o sessiz kap\u0131dan ge\u00e7ece\u011fiz\u2026<\/p>\n\n\n\n<p>Ve geriye sadece ya\u015fatt\u0131klar\u0131m\u0131z kalacak,<\/p>\n\n\n\n<p>Ve kal\u0131yor.<\/p>\n","protected":false},"excerpt":{"rendered":"<p>Bir hafta \u00f6nce can\u0131m karde\u015fimi kaybettik. Bizler ac\u0131s\u0131n\u0131 ya\u015farken, o sessiz kap\u0131dan ge\u00e7ip gitti. Ruhun \u015fad olsun, \u0131\u015f\u0131klarda uyu karde\u015fim. T\u00fcm insano\u011flunun gitti\u011fi ebedi istirahat yeri. \u0130smi ger\u00e7ek \u00d6L\u00dcM: U\u00e7suz bucaks\u0131z k\u00e2inat\u0131n i\u00e7inde savrulan bir toz zerresi kadar k\u00fc\u00e7\u00fck, ama bir o kadar da anlam y\u00fckl\u00fc bir varl\u0131kt\u0131r insan. Do\u011fumla ba\u015flayan yolculu\u011fumuz, asl\u0131nda g\u00f6r\u00fcnmeyen bir [&hellip;]<\/p>\n","protected":false},"author":13998,"featured_media":160116,"comment_status":"open","ping_status":"open","sticky":false,"template":"","format":"standard","meta":{"_yoast_wpseo_focuskw":"\u00d6l\u00fcm","_yoast_wpseo_title":"","_yoast_wpseo_metadesc":"T\u00fcm insano\u011flunun gitti\u011fi ebedi istirahat yeri. Do\u011fumla ba\u015flayan yolculu\u011fumuz, asl\u0131nda g\u00f6r\u00fcnmeyen bir sona do\u011fru ilerler: \u00f6l\u00fcm.","_bbp_topic_count":0,"_bbp_reply_count":0,"_bbp_total_topic_count":0,"_bbp_total_reply_count":0,"_bbp_voice_count":0,"_bbp_anonymous_reply_count":0,"_bbp_topic_count_hidden":0,"_bbp_reply_count_hidden":0,"_bbp_forum_subforum_count":0,"footnotes":"","_yoast_wpseo_focuskw_text_input":""},"categories":[8889],"tags":[],"yoast_head":"<!-- This site is optimized with the Yoast SEO plugin v23.0 - https:\/\/yoast.com\/wordpress\/plugins\/seo\/ -->\n<title>Ebediyetin Sessiz Kap\u0131s\u0131 - The Epoch Times TR<\/title>\n<meta name=\"description\" content=\"T\u00fcm insano\u011flunun gitti\u011fi ebedi istirahat yeri. Do\u011fumla ba\u015flayan yolculu\u011fumuz, asl\u0131nda g\u00f6r\u00fcnmeyen bir sona do\u011fru ilerler: \u00f6l\u00fcm.\" \/>\n<meta name=\"robots\" content=\"index, follow, max-snippet:-1, max-image-preview:large, max-video-preview:-1\" \/>\n<link rel=\"canonical\" href=\"https:\/\/epochtimestr.com\/index.php\/ebediyetin-sessiz-kapisi\" \/>\n<meta property=\"og:locale\" content=\"tr_TR\" \/>\n<meta property=\"og:type\" content=\"article\" \/>\n<meta property=\"og:title\" content=\"Ebediyetin Sessiz Kap\u0131s\u0131 - The Epoch Times TR\" \/>\n<meta property=\"og:description\" content=\"T\u00fcm insano\u011flunun gitti\u011fi ebedi istirahat yeri. Do\u011fumla ba\u015flayan yolculu\u011fumuz, asl\u0131nda g\u00f6r\u00fcnmeyen bir sona do\u011fru ilerler: \u00f6l\u00fcm.\" \/>\n<meta property=\"og:url\" content=\"https:\/\/epochtimestr.com\/index.php\/ebediyetin-sessiz-kapisi\" \/>\n<meta property=\"og:site_name\" content=\"The Epoch Times TR\" \/>\n<meta property=\"article:publisher\" content=\"https:\/\/www.facebook.com\/theepochtimestr\" \/>\n<meta property=\"article:published_time\" content=\"2026-05-03T06:09:59+00:00\" \/>\n<meta property=\"article:modified_time\" content=\"2026-05-03T06:10:01+00:00\" \/>\n<meta property=\"og:image\" content=\"https:\/\/epochtimestr.com\/wp-content\/uploads\/2011y\/SERIFE-ESER-SM.png\" \/>\n\t<meta property=\"og:image:width\" content=\"1200\" \/>\n\t<meta property=\"og:image:height\" content=\"630\" \/>\n\t<meta property=\"og:image:type\" content=\"image\/png\" \/>\n<meta name=\"author\" content=\"\u015eerife Eser\" \/>\n<meta name=\"twitter:card\" content=\"summary_large_image\" \/>\n<meta name=\"twitter:creator\" content=\"@TheEpochTimesTR\" \/>\n<meta name=\"twitter:site\" content=\"@TheEpochTimesTR\" \/>\n<meta name=\"twitter:label1\" content=\"Yazan:\" \/>\n\t<meta name=\"twitter:data1\" content=\"\u015eerife Eser\" \/>\n\t<meta name=\"twitter:label2\" content=\"Tahmini okuma s\u00fcresi\" \/>\n\t<meta name=\"twitter:data2\" content=\"4 dakika\" \/>\n<script type=\"application\/ld+json\" class=\"yoast-schema-graph\">{\"@context\":\"https:\/\/schema.org\",\"@graph\":[{\"@type\":\"Article\",\"@id\":\"https:\/\/epochtimestr.com\/index.php\/ebediyetin-sessiz-kapisi#article\",\"isPartOf\":{\"@id\":\"https:\/\/epochtimestr.com\/index.php\/ebediyetin-sessiz-kapisi\"},\"author\":{\"name\":\"\u015eerife Eser\",\"@id\":\"https:\/\/epochtimestr.com\/#\/schema\/person\/82b65a1390e2b0717a679b57ed38d466\"},\"headline\":\"Ebediyetin Sessiz Kap\u0131s\u0131\",\"datePublished\":\"2026-05-03T06:09:59+00:00\",\"dateModified\":\"2026-05-03T06:10:01+00:00\",\"mainEntityOfPage\":{\"@id\":\"https:\/\/epochtimestr.com\/index.php\/ebediyetin-sessiz-kapisi\"},\"wordCount\":707,\"commentCount\":0,\"publisher\":{\"@id\":\"https:\/\/epochtimestr.com\/#organization\"},\"image\":{\"@id\":\"https:\/\/epochtimestr.com\/index.php\/ebediyetin-sessiz-kapisi#primaryimage\"},\"thumbnailUrl\":\"https:\/\/epochtimestr.com\/wp-content\/uploads\/2011y\/Serife-Eser-Profil-1.png\",\"articleSection\":[\"K\u00f6\u015fe Yaz\u0131lar\u0131 \u015eerife Eser\"],\"inLanguage\":\"tr\",\"potentialAction\":[{\"@type\":\"CommentAction\",\"name\":\"Comment\",\"target\":[\"https:\/\/epochtimestr.com\/index.php\/ebediyetin-sessiz-kapisi#respond\"]}]},{\"@type\":\"WebPage\",\"@id\":\"https:\/\/epochtimestr.com\/index.php\/ebediyetin-sessiz-kapisi\",\"url\":\"https:\/\/epochtimestr.com\/index.php\/ebediyetin-sessiz-kapisi\",\"name\":\"Ebediyetin Sessiz Kap\u0131s\u0131 - The Epoch Times TR\",\"isPartOf\":{\"@id\":\"https:\/\/epochtimestr.com\/#website\"},\"primaryImageOfPage\":{\"@id\":\"https:\/\/epochtimestr.com\/index.php\/ebediyetin-sessiz-kapisi#primaryimage\"},\"image\":{\"@id\":\"https:\/\/epochtimestr.com\/index.php\/ebediyetin-sessiz-kapisi#primaryimage\"},\"thumbnailUrl\":\"https:\/\/epochtimestr.com\/wp-content\/uploads\/2011y\/Serife-Eser-Profil-1.png\",\"datePublished\":\"2026-05-03T06:09:59+00:00\",\"dateModified\":\"2026-05-03T06:10:01+00:00\",\"description\":\"T\u00fcm insano\u011flunun gitti\u011fi ebedi istirahat yeri. Do\u011fumla ba\u015flayan yolculu\u011fumuz, asl\u0131nda g\u00f6r\u00fcnmeyen bir sona do\u011fru ilerler: \u00f6l\u00fcm.\",\"inLanguage\":\"tr\",\"potentialAction\":[{\"@type\":\"ReadAction\",\"target\":[\"https:\/\/epochtimestr.com\/index.php\/ebediyetin-sessiz-kapisi\"]}]},{\"@type\":\"ImageObject\",\"inLanguage\":\"tr\",\"@id\":\"https:\/\/epochtimestr.com\/index.php\/ebediyetin-sessiz-kapisi#primaryimage\",\"url\":\"https:\/\/epochtimestr.com\/wp-content\/uploads\/2011y\/Serife-Eser-Profil-1.png\",\"contentUrl\":\"https:\/\/epochtimestr.com\/wp-content\/uploads\/2011y\/Serife-Eser-Profil-1.png\",\"width\":600,\"height\":600},{\"@type\":\"WebSite\",\"@id\":\"https:\/\/epochtimestr.com\/#website\",\"url\":\"https:\/\/epochtimestr.com\/\",\"name\":\"The Epoch Times TR\",\"description\":\"De\u011fi\u015fen D\u00fcnyam\u0131za Taze Bir Bak\u0131\u015f\",\"publisher\":{\"@id\":\"https:\/\/epochtimestr.com\/#organization\"},\"potentialAction\":[{\"@type\":\"SearchAction\",\"target\":{\"@type\":\"EntryPoint\",\"urlTemplate\":\"https:\/\/epochtimestr.com\/?s={search_term_string}\"},\"query-input\":\"required name=search_term_string\"}],\"inLanguage\":\"tr\"},{\"@type\":\"Organization\",\"@id\":\"https:\/\/epochtimestr.com\/#organization\",\"name\":\"The EpochTimes T\u00fcrkiye\",\"url\":\"https:\/\/epochtimestr.com\/\",\"logo\":{\"@type\":\"ImageObject\",\"inLanguage\":\"tr\",\"@id\":\"https:\/\/epochtimestr.com\/#\/schema\/logo\/image\/\",\"url\":\"https:\/\/epochtimestr.com\/wp-content\/uploads\/2011y\/ET-Logo-YG.jpg\",\"contentUrl\":\"https:\/\/epochtimestr.com\/wp-content\/uploads\/2011y\/ET-Logo-YG.jpg\",\"width\":346,\"height\":29,\"caption\":\"The EpochTimes T\u00fcrkiye\"},\"image\":{\"@id\":\"https:\/\/epochtimestr.com\/#\/schema\/logo\/image\/\"},\"sameAs\":[\"https:\/\/www.facebook.com\/theepochtimestr\",\"https:\/\/x.com\/TheEpochTimesTR\",\"https:\/\/www.instagram.com\/epochtimestr\"]},{\"@type\":\"Person\",\"@id\":\"https:\/\/epochtimestr.com\/#\/schema\/person\/82b65a1390e2b0717a679b57ed38d466\",\"name\":\"\u015eerife Eser\",\"image\":{\"@type\":\"ImageObject\",\"inLanguage\":\"tr\",\"@id\":\"https:\/\/epochtimestr.com\/#\/schema\/person\/image\/\",\"url\":\"https:\/\/secure.gravatar.com\/avatar\/240b2d469e089f3ae0f677fcc7925228?s=96&d=mm&r=g\",\"contentUrl\":\"https:\/\/secure.gravatar.com\/avatar\/240b2d469e089f3ae0f677fcc7925228?s=96&d=mm&r=g\",\"caption\":\"\u015eerife Eser\"},\"url\":\"https:\/\/epochtimestr.com\/index.php\/author\/serife\"}]}<\/script>\n<!-- \/ Yoast SEO plugin. -->","yoast_head_json":{"title":"Ebediyetin Sessiz Kap\u0131s\u0131 - The Epoch Times TR","description":"T\u00fcm insano\u011flunun gitti\u011fi ebedi istirahat yeri. Do\u011fumla ba\u015flayan yolculu\u011fumuz, asl\u0131nda g\u00f6r\u00fcnmeyen bir sona do\u011fru ilerler: \u00f6l\u00fcm.","robots":{"index":"index","follow":"follow","max-snippet":"max-snippet:-1","max-image-preview":"max-image-preview:large","max-video-preview":"max-video-preview:-1"},"canonical":"https:\/\/epochtimestr.com\/index.php\/ebediyetin-sessiz-kapisi","og_locale":"tr_TR","og_type":"article","og_title":"Ebediyetin Sessiz Kap\u0131s\u0131 - The Epoch Times TR","og_description":"T\u00fcm insano\u011flunun gitti\u011fi ebedi istirahat yeri. Do\u011fumla ba\u015flayan yolculu\u011fumuz, asl\u0131nda g\u00f6r\u00fcnmeyen bir sona do\u011fru ilerler: \u00f6l\u00fcm.","og_url":"https:\/\/epochtimestr.com\/index.php\/ebediyetin-sessiz-kapisi","og_site_name":"The Epoch Times TR","article_publisher":"https:\/\/www.facebook.com\/theepochtimestr","article_published_time":"2026-05-03T06:09:59+00:00","article_modified_time":"2026-05-03T06:10:01+00:00","og_image":[{"width":1200,"height":630,"url":"https:\/\/epochtimestr.com\/wp-content\/uploads\/2011y\/SERIFE-ESER-SM.png","type":"image\/png"}],"author":"\u015eerife Eser","twitter_card":"summary_large_image","twitter_creator":"@TheEpochTimesTR","twitter_site":"@TheEpochTimesTR","twitter_misc":{"Yazan:":"\u015eerife Eser","Tahmini okuma s\u00fcresi":"4 dakika"},"schema":{"@context":"https:\/\/schema.org","@graph":[{"@type":"Article","@id":"https:\/\/epochtimestr.com\/index.php\/ebediyetin-sessiz-kapisi#article","isPartOf":{"@id":"https:\/\/epochtimestr.com\/index.php\/ebediyetin-sessiz-kapisi"},"author":{"name":"\u015eerife Eser","@id":"https:\/\/epochtimestr.com\/#\/schema\/person\/82b65a1390e2b0717a679b57ed38d466"},"headline":"Ebediyetin Sessiz Kap\u0131s\u0131","datePublished":"2026-05-03T06:09:59+00:00","dateModified":"2026-05-03T06:10:01+00:00","mainEntityOfPage":{"@id":"https:\/\/epochtimestr.com\/index.php\/ebediyetin-sessiz-kapisi"},"wordCount":707,"commentCount":0,"publisher":{"@id":"https:\/\/epochtimestr.com\/#organization"},"image":{"@id":"https:\/\/epochtimestr.com\/index.php\/ebediyetin-sessiz-kapisi#primaryimage"},"thumbnailUrl":"https:\/\/epochtimestr.com\/wp-content\/uploads\/2011y\/Serife-Eser-Profil-1.png","articleSection":["K\u00f6\u015fe Yaz\u0131lar\u0131 \u015eerife Eser"],"inLanguage":"tr","potentialAction":[{"@type":"CommentAction","name":"Comment","target":["https:\/\/epochtimestr.com\/index.php\/ebediyetin-sessiz-kapisi#respond"]}]},{"@type":"WebPage","@id":"https:\/\/epochtimestr.com\/index.php\/ebediyetin-sessiz-kapisi","url":"https:\/\/epochtimestr.com\/index.php\/ebediyetin-sessiz-kapisi","name":"Ebediyetin Sessiz Kap\u0131s\u0131 - The Epoch Times TR","isPartOf":{"@id":"https:\/\/epochtimestr.com\/#website"},"primaryImageOfPage":{"@id":"https:\/\/epochtimestr.com\/index.php\/ebediyetin-sessiz-kapisi#primaryimage"},"image":{"@id":"https:\/\/epochtimestr.com\/index.php\/ebediyetin-sessiz-kapisi#primaryimage"},"thumbnailUrl":"https:\/\/epochtimestr.com\/wp-content\/uploads\/2011y\/Serife-Eser-Profil-1.png","datePublished":"2026-05-03T06:09:59+00:00","dateModified":"2026-05-03T06:10:01+00:00","description":"T\u00fcm insano\u011flunun gitti\u011fi ebedi istirahat yeri. Do\u011fumla ba\u015flayan yolculu\u011fumuz, asl\u0131nda g\u00f6r\u00fcnmeyen bir sona do\u011fru ilerler: \u00f6l\u00fcm.","inLanguage":"tr","potentialAction":[{"@type":"ReadAction","target":["https:\/\/epochtimestr.com\/index.php\/ebediyetin-sessiz-kapisi"]}]},{"@type":"ImageObject","inLanguage":"tr","@id":"https:\/\/epochtimestr.com\/index.php\/ebediyetin-sessiz-kapisi#primaryimage","url":"https:\/\/epochtimestr.com\/wp-content\/uploads\/2011y\/Serife-Eser-Profil-1.png","contentUrl":"https:\/\/epochtimestr.com\/wp-content\/uploads\/2011y\/Serife-Eser-Profil-1.png","width":600,"height":600},{"@type":"WebSite","@id":"https:\/\/epochtimestr.com\/#website","url":"https:\/\/epochtimestr.com\/","name":"The Epoch Times TR","description":"De\u011fi\u015fen D\u00fcnyam\u0131za Taze Bir Bak\u0131\u015f","publisher":{"@id":"https:\/\/epochtimestr.com\/#organization"},"potentialAction":[{"@type":"SearchAction","target":{"@type":"EntryPoint","urlTemplate":"https:\/\/epochtimestr.com\/?s={search_term_string}"},"query-input":"required name=search_term_string"}],"inLanguage":"tr"},{"@type":"Organization","@id":"https:\/\/epochtimestr.com\/#organization","name":"The EpochTimes T\u00fcrkiye","url":"https:\/\/epochtimestr.com\/","logo":{"@type":"ImageObject","inLanguage":"tr","@id":"https:\/\/epochtimestr.com\/#\/schema\/logo\/image\/","url":"https:\/\/epochtimestr.com\/wp-content\/uploads\/2011y\/ET-Logo-YG.jpg","contentUrl":"https:\/\/epochtimestr.com\/wp-content\/uploads\/2011y\/ET-Logo-YG.jpg","width":346,"height":29,"caption":"The EpochTimes T\u00fcrkiye"},"image":{"@id":"https:\/\/epochtimestr.com\/#\/schema\/logo\/image\/"},"sameAs":["https:\/\/www.facebook.com\/theepochtimestr","https:\/\/x.com\/TheEpochTimesTR","https:\/\/www.instagram.com\/epochtimestr"]},{"@type":"Person","@id":"https:\/\/epochtimestr.com\/#\/schema\/person\/82b65a1390e2b0717a679b57ed38d466","name":"\u015eerife Eser","image":{"@type":"ImageObject","inLanguage":"tr","@id":"https:\/\/epochtimestr.com\/#\/schema\/person\/image\/","url":"https:\/\/secure.gravatar.com\/avatar\/240b2d469e089f3ae0f677fcc7925228?s=96&d=mm&r=g","contentUrl":"https:\/\/secure.gravatar.com\/avatar\/240b2d469e089f3ae0f677fcc7925228?s=96&d=mm&r=g","caption":"\u015eerife Eser"},"url":"https:\/\/epochtimestr.com\/index.php\/author\/serife"}]}},"_links":{"self":[{"href":"https:\/\/epochtimestr.com\/index.php\/wp-json\/wp\/v2\/posts\/167071"}],"collection":[{"href":"https:\/\/epochtimestr.com\/index.php\/wp-json\/wp\/v2\/posts"}],"about":[{"href":"https:\/\/epochtimestr.com\/index.php\/wp-json\/wp\/v2\/types\/post"}],"author":[{"embeddable":true,"href":"https:\/\/epochtimestr.com\/index.php\/wp-json\/wp\/v2\/users\/13998"}],"replies":[{"embeddable":true,"href":"https:\/\/epochtimestr.com\/index.php\/wp-json\/wp\/v2\/comments?post=167071"}],"version-history":[{"count":1,"href":"https:\/\/epochtimestr.com\/index.php\/wp-json\/wp\/v2\/posts\/167071\/revisions"}],"predecessor-version":[{"id":167072,"href":"https:\/\/epochtimestr.com\/index.php\/wp-json\/wp\/v2\/posts\/167071\/revisions\/167072"}],"wp:featuredmedia":[{"embeddable":true,"href":"https:\/\/epochtimestr.com\/index.php\/wp-json\/wp\/v2\/media\/160116"}],"wp:attachment":[{"href":"https:\/\/epochtimestr.com\/index.php\/wp-json\/wp\/v2\/media?parent=167071"}],"wp:term":[{"taxonomy":"category","embeddable":true,"href":"https:\/\/epochtimestr.com\/index.php\/wp-json\/wp\/v2\/categories?post=167071"},{"taxonomy":"post_tag","embeddable":true,"href":"https:\/\/epochtimestr.com\/index.php\/wp-json\/wp\/v2\/tags?post=167071"}],"curies":[{"name":"wp","href":"https:\/\/api.w.org\/{rel}","templated":true}]}}