{"id":167099,"date":"2026-05-04T17:49:43","date_gmt":"2026-05-04T14:49:43","guid":{"rendered":"https:\/\/epochtimestr.com\/?p=167099"},"modified":"2026-05-04T17:51:23","modified_gmt":"2026-05-04T14:51:23","slug":"meksikali-vali-ruben-rocha-moya-gorevden-ayrildi","status":"publish","type":"post","link":"https:\/\/epochtimestr.com\/index.php\/meksikali-vali-ruben-rocha-moya-gorevden-ayrildi","title":{"rendered":"Meksikal\u0131 Vali Rub\u00e9n Rocha Moya G\u00f6revden Ayr\u0131ld\u0131"},"content":{"rendered":"<div class=\"wp-block-image\">\n<figure class=\"aligncenter size-full is-resized\"><img loading=\"lazy\" decoding=\"async\" width=\"1200\" height=\"800\" src=\"https:\/\/epochtimestr.com\/wp-content\/uploads\/2011y\/1000037796.webp\" alt=\"Sinaloa valisi Rub\u00e9n Rocha Moya, 17 Temmuz 2025\u2019te Meksika\u2019n\u0131n Culiac\u00e1n kentinde Santa Fe K\u00f6pr\u00fcs\u00fc\u2019n\u00fcn a\u00e7\u0131l\u0131\u015f\u0131nda. (Foto\u011fraf:David Gaspar, Reuters, The Epoch Times arac\u0131yla)\" class=\"wp-image-167100\" style=\"width:840px;height:auto\" srcset=\"https:\/\/epochtimestr.com\/wp-content\/uploads\/2011y\/1000037796.webp 1200w, https:\/\/epochtimestr.com\/wp-content\/uploads\/2011y\/1000037796-300x200.webp 300w, https:\/\/epochtimestr.com\/wp-content\/uploads\/2011y\/1000037796-150x100.webp 150w, https:\/\/epochtimestr.com\/wp-content\/uploads\/2011y\/1000037796-768x512.webp 768w\" sizes=\"(max-width: 1200px) 100vw, 1200px\" \/><figcaption class=\"wp-element-caption\">Sinaloa valisi Rub\u00e9n Rocha Moya, 17 Temmuz 2025\u2019te Meksika\u2019n\u0131n Culiac\u00e1n kentinde Santa Fe K\u00f6pr\u00fcs\u00fc\u2019n\u00fcn a\u00e7\u0131l\u0131\u015f\u0131nda. (Foto\u011fraf: David Gaspar, Reuters, The Epoch Times arac\u0131yla)<\/figcaption><\/figure><\/div>\n\n\n<p>Meksika&#8217;n\u0131n Sinaloa eyaleti valisi Rub\u00e9n Rocha Moya, ABD\u2019den yap\u0131lan federal su\u00e7lama sonras\u0131, ge\u00e7ici olarak g\u00f6revinden ayr\u0131ld\u0131\u011f\u0131n\u0131 a\u00e7\u0131klad\u0131. ABD G\u00fcney New York Savc\u0131l\u0131\u011f\u0131&#8217;n\u0131n 29 Nisan\u2019da duyurdu\u011fu iddianamede, Moya ve dokuz Meksikal\u0131 yetkili yer al\u0131yor.<\/p>\n\n\n\n<p><a href=\"https:\/\/www.theepochtimes.com\/us\/mexicos-sinaloa-governor-steps-down-as-he-faces-us-drug-trafficking-charges-6020419\" target=\"_blank\" rel=\"noreferrer noopener\">Moya\u2019ya y\u00f6neltilen su\u00e7lamalar<\/a> aras\u0131nda, uyu\u015fturucu ka\u00e7ak\u00e7\u0131l\u0131\u011f\u0131, narkotik ithalat\u0131 komplosu ve makineli t\u00fcfek bulundurma yer al\u0131yor. ABD makamlar\u0131, bu su\u00e7lar\u0131n kesinle\u015fmesi halinde en az 40 y\u0131l hapis cezas\u0131 \u00f6ng\u00f6r\u00fcld\u00fc\u011f\u00fcn\u00fc belirtti.<\/p>\n\n\n\n<p>Buna kar\u015f\u0131l\u0131k Moya, yapt\u0131\u011f\u0131 a\u00e7\u0131klamada su\u00e7lamalar\u0131 kesin bir dille reddederek, iddialar\u0131n as\u0131ls\u0131z ve k\u00f6t\u00fc niyetli oldu\u011funu s\u00f6yledi. Ayr\u0131ca ailesi ve halk\u0131 kar\u015f\u0131s\u0131nda kendisini savunabilece\u011fini ifade etti. 1 May\u0131s\u2019ta soru\u015fturma s\u00fcrecine katk\u0131 sa\u011flamak amac\u0131yla g\u00f6revinden ge\u00e7ici olarak \u00e7ekilece\u011fini duyurdu.<\/p>\n\n\n\n<p><a href=\"https:\/\/epochtimestr.com\/index.php\/meksikadaki-siddet-nedeniyle-26-000-kanadali-basvuru-yapti\" target=\"_blank\" rel=\"noreferrer noopener\">Meksika<\/a> Ba\u015fsavc\u0131l\u0131\u011f\u0131, ABD\u2019den gelen iade ve g\u00f6zalt\u0131 talebini ald\u0131\u011f\u0131n\u0131 a\u00e7\u0131klad\u0131. Ancak \u015fu a\u015famada yeterli delil bulunmad\u0131\u011f\u0131n\u0131 belirterek ek bilgi talep etti. Bu nedenle s\u00fcre\u00e7 hen\u00fcz bir sonraki a\u015famaya ge\u00e7medi.<\/p>\n\n\n\n<p>\u0130ddianamede, Sinaloa Karteli\u2019ne ba\u011fl\u0131 Los Chapitos grubunun se\u00e7im s\u00fcrecine m\u00fcdahale etti\u011fi iddialar\u0131 yer al\u0131yor. Ayr\u0131ca baz\u0131 yetkililerin kartel lehine hareket etti\u011fi ve kamu g\u00f6revlerini bu do\u011frultuda kulland\u0131\u011f\u0131 \u00f6ne s\u00fcr\u00fcld\u00fc.<\/p>\n\n\n\n<p>ABD makamlar\u0131, Sinaloa Karteli\u2019nin 2024 y\u0131l\u0131nda yabanc\u0131 ter\u00f6r \u00f6rg\u00fct\u00fc olarak tan\u0131mland\u0131\u011f\u0131n\u0131 hat\u0131rlatt\u0131. DEA yetkilileri, kartelin \u015fiddet ve r\u00fc\u015fvet yoluyla kamu kurumlar\u0131n\u0131 etkiledi\u011fini belirtti.<\/p>\n\n\n\n<p>Soru\u015fturma kapsam\u0131nda eski bir polis yetkilisine de ek su\u00e7lamalar y\u00f6neltildi. Bu ki\u015finin ka\u00e7\u0131rma ve cinayet olaylar\u0131yla ba\u011flant\u0131l\u0131 oldu\u011fu da iddialar aras\u0131nda.<\/p>\n\n\n\n<p>Meksika ve ABD makamlar\u0131 s\u00fcreci yak\u0131ndan takip ediyor. Yetkililer, soru\u015fturman\u0131n geni\u015fleyebilece\u011fini ve yeni delillerin de\u011ferlendirilmekte oldu\u011funu ifade ediyor.<\/p>\n","protected":false},"excerpt":{"rendered":"<p>Meksika&#8217;n\u0131n Sinaloa eyaleti valisi Rub\u00e9n Rocha Moya, ABD\u2019den yap\u0131lan federal su\u00e7lama sonras\u0131, ge\u00e7ici olarak g\u00f6revinden ayr\u0131ld\u0131\u011f\u0131n\u0131 a\u00e7\u0131klad\u0131. ABD G\u00fcney New York Savc\u0131l\u0131\u011f\u0131&#8217;n\u0131n 29 Nisan\u2019da duyurdu\u011fu iddianamede, Moya ve dokuz Meksikal\u0131 yetkili yer al\u0131yor. Moya\u2019ya y\u00f6neltilen su\u00e7lamalar aras\u0131nda, uyu\u015fturucu ka\u00e7ak\u00e7\u0131l\u0131\u011f\u0131, narkotik ithalat\u0131 komplosu ve makineli t\u00fcfek bulundurma yer al\u0131yor. ABD makamlar\u0131, bu su\u00e7lar\u0131n kesinle\u015fmesi halinde en [&hellip;]<\/p>\n","protected":false},"author":13996,"featured_media":167100,"comment_status":"open","ping_status":"open","sticky":false,"template":"","format":"standard","meta":{"_yoast_wpseo_focuskw":"Rub\u00e9n Rocha Moya","_yoast_wpseo_title":"","_yoast_wpseo_metadesc":"Meksika Sinaloa Valisi Rub\u00e9n Rocha Moya, ABD\u2019deki uyu\u015fturucu su\u00e7lamalar\u0131 sonras\u0131 g\u00f6revden ayr\u0131ld\u0131. Soru\u015fturma devam ediyor.","_bbp_topic_count":0,"_bbp_reply_count":0,"_bbp_total_topic_count":0,"_bbp_total_reply_count":0,"_bbp_voice_count":0,"_bbp_anonymous_reply_count":0,"_bbp_topic_count_hidden":0,"_bbp_reply_count_hidden":0,"_bbp_forum_subforum_count":0,"footnotes":"","_yoast_wpseo_focuskw_text_input":""},"categories":[5,1,8138],"tags":[407,11341,2243,11343,6536,11342,1382,11336,11288,9789],"yoast_head":"<!-- This site is optimized with the Yoast SEO plugin v23.0 - https:\/\/yoast.com\/wordpress\/plugins\/seo\/ -->\n<title>Meksikal\u0131 Vali Rub\u00e9n Rocha Moya G\u00f6revden Ayr\u0131ld\u0131 - The Epoch Times TR<\/title>\n<meta name=\"description\" content=\"Meksika Sinaloa Valisi Rub\u00e9n Rocha Moya, ABD\u2019deki uyu\u015fturucu su\u00e7lamalar\u0131 sonras\u0131 g\u00f6revden ayr\u0131ld\u0131. Soru\u015fturma devam ediyor.\" \/>\n<meta name=\"robots\" content=\"index, follow, max-snippet:-1, max-image-preview:large, max-video-preview:-1\" \/>\n<link rel=\"canonical\" href=\"https:\/\/epochtimestr.com\/index.php\/meksikali-vali-ruben-rocha-moya-gorevden-ayrildi\" \/>\n<meta property=\"og:locale\" content=\"tr_TR\" \/>\n<meta property=\"og:type\" content=\"article\" \/>\n<meta property=\"og:title\" content=\"Meksikal\u0131 Vali Rub\u00e9n Rocha Moya G\u00f6revden Ayr\u0131ld\u0131 - The Epoch Times TR\" \/>\n<meta property=\"og:description\" content=\"Meksika Sinaloa Valisi Rub\u00e9n Rocha Moya, ABD\u2019deki uyu\u015fturucu su\u00e7lamalar\u0131 sonras\u0131 g\u00f6revden ayr\u0131ld\u0131. Soru\u015fturma devam ediyor.\" \/>\n<meta property=\"og:url\" content=\"https:\/\/epochtimestr.com\/index.php\/meksikali-vali-ruben-rocha-moya-gorevden-ayrildi\" \/>\n<meta property=\"og:site_name\" content=\"The Epoch Times TR\" \/>\n<meta property=\"article:publisher\" content=\"https:\/\/www.facebook.com\/theepochtimestr\" \/>\n<meta property=\"article:published_time\" content=\"2026-05-04T14:49:43+00:00\" \/>\n<meta property=\"article:modified_time\" content=\"2026-05-04T14:51:23+00:00\" \/>\n<meta property=\"og:image\" content=\"https:\/\/epochtimestr.com\/wp-content\/uploads\/2011y\/1000037796.webp\" \/>\n\t<meta property=\"og:image:width\" content=\"1200\" \/>\n\t<meta property=\"og:image:height\" content=\"800\" \/>\n\t<meta property=\"og:image:type\" content=\"image\/webp\" \/>\n<meta name=\"author\" content=\"Leo Bajelan\" \/>\n<meta name=\"twitter:card\" content=\"summary_large_image\" \/>\n<meta name=\"twitter:creator\" content=\"@TheEpochTimesTR\" \/>\n<meta name=\"twitter:site\" content=\"@TheEpochTimesTR\" \/>\n<meta name=\"twitter:label1\" content=\"Yazan:\" \/>\n\t<meta name=\"twitter:data1\" content=\"Leo Bajelan\" \/>\n\t<meta name=\"twitter:label2\" content=\"Tahmini okuma s\u00fcresi\" \/>\n\t<meta name=\"twitter:data2\" content=\"2 dakika\" \/>\n<script type=\"application\/ld+json\" class=\"yoast-schema-graph\">{\"@context\":\"https:\/\/schema.org\",\"@graph\":[{\"@type\":\"Article\",\"@id\":\"https:\/\/epochtimestr.com\/index.php\/meksikali-vali-ruben-rocha-moya-gorevden-ayrildi#article\",\"isPartOf\":{\"@id\":\"https:\/\/epochtimestr.com\/index.php\/meksikali-vali-ruben-rocha-moya-gorevden-ayrildi\"},\"author\":{\"name\":\"Leo Bajelan\",\"@id\":\"https:\/\/epochtimestr.com\/#\/schema\/person\/5fef218711d76d8f232b0e1f1d7e4c0d\"},\"headline\":\"Meksikal\u0131 Vali Rub\u00e9n Rocha Moya G\u00f6revden Ayr\u0131ld\u0131\",\"datePublished\":\"2026-05-04T14:49:43+00:00\",\"dateModified\":\"2026-05-04T14:51:23+00:00\",\"mainEntityOfPage\":{\"@id\":\"https:\/\/epochtimestr.com\/index.php\/meksikali-vali-ruben-rocha-moya-gorevden-ayrildi\"},\"wordCount\":371,\"commentCount\":0,\"publisher\":{\"@id\":\"https:\/\/epochtimestr.com\/#organization\"},\"image\":{\"@id\":\"https:\/\/epochtimestr.com\/index.php\/meksikali-vali-ruben-rocha-moya-gorevden-ayrildi#primaryimage\"},\"thumbnailUrl\":\"https:\/\/epochtimestr.com\/wp-content\/uploads\/2011y\/1000037796.webp\",\"keywords\":[\"ABD\",\"g\u00f6zalt\u0131 talebi\",\"hapis cezas\u0131\",\"makineli t\u00fcfek bulundurma\",\"meksika\",\"narkotik ithalat\u0131\",\"new york\",\"Rub\u00e9n Rocha Moya\",\"Sinaloa Karteli\",\"uyu\u015fturucu ka\u00e7ak\u00e7\u0131l\u0131\u011f\u0131\"],\"articleSection\":[\"D\u00dcNYA\",\"G\u00dcNDEM\",\"MAN\u015eET\"],\"inLanguage\":\"tr\",\"potentialAction\":[{\"@type\":\"CommentAction\",\"name\":\"Comment\",\"target\":[\"https:\/\/epochtimestr.com\/index.php\/meksikali-vali-ruben-rocha-moya-gorevden-ayrildi#respond\"]}]},{\"@type\":\"WebPage\",\"@id\":\"https:\/\/epochtimestr.com\/index.php\/meksikali-vali-ruben-rocha-moya-gorevden-ayrildi\",\"url\":\"https:\/\/epochtimestr.com\/index.php\/meksikali-vali-ruben-rocha-moya-gorevden-ayrildi\",\"name\":\"Meksikal\u0131 Vali Rub\u00e9n Rocha Moya G\u00f6revden Ayr\u0131ld\u0131 - The Epoch Times TR\",\"isPartOf\":{\"@id\":\"https:\/\/epochtimestr.com\/#website\"},\"primaryImageOfPage\":{\"@id\":\"https:\/\/epochtimestr.com\/index.php\/meksikali-vali-ruben-rocha-moya-gorevden-ayrildi#primaryimage\"},\"image\":{\"@id\":\"https:\/\/epochtimestr.com\/index.php\/meksikali-vali-ruben-rocha-moya-gorevden-ayrildi#primaryimage\"},\"thumbnailUrl\":\"https:\/\/epochtimestr.com\/wp-content\/uploads\/2011y\/1000037796.webp\",\"datePublished\":\"2026-05-04T14:49:43+00:00\",\"dateModified\":\"2026-05-04T14:51:23+00:00\",\"description\":\"Meksika Sinaloa Valisi Rub\u00e9n Rocha Moya, ABD\u2019deki uyu\u015fturucu su\u00e7lamalar\u0131 sonras\u0131 g\u00f6revden ayr\u0131ld\u0131. Soru\u015fturma devam ediyor.\",\"inLanguage\":\"tr\",\"potentialAction\":[{\"@type\":\"ReadAction\",\"target\":[\"https:\/\/epochtimestr.com\/index.php\/meksikali-vali-ruben-rocha-moya-gorevden-ayrildi\"]}]},{\"@type\":\"ImageObject\",\"inLanguage\":\"tr\",\"@id\":\"https:\/\/epochtimestr.com\/index.php\/meksikali-vali-ruben-rocha-moya-gorevden-ayrildi#primaryimage\",\"url\":\"https:\/\/epochtimestr.com\/wp-content\/uploads\/2011y\/1000037796.webp\",\"contentUrl\":\"https:\/\/epochtimestr.com\/wp-content\/uploads\/2011y\/1000037796.webp\",\"width\":1200,\"height\":800},{\"@type\":\"WebSite\",\"@id\":\"https:\/\/epochtimestr.com\/#website\",\"url\":\"https:\/\/epochtimestr.com\/\",\"name\":\"The Epoch Times TR\",\"description\":\"De\u011fi\u015fen D\u00fcnyam\u0131za Taze Bir Bak\u0131\u015f\",\"publisher\":{\"@id\":\"https:\/\/epochtimestr.com\/#organization\"},\"potentialAction\":[{\"@type\":\"SearchAction\",\"target\":{\"@type\":\"EntryPoint\",\"urlTemplate\":\"https:\/\/epochtimestr.com\/?s={search_term_string}\"},\"query-input\":\"required name=search_term_string\"}],\"inLanguage\":\"tr\"},{\"@type\":\"Organization\",\"@id\":\"https:\/\/epochtimestr.com\/#organization\",\"name\":\"The EpochTimes T\u00fcrkiye\",\"url\":\"https:\/\/epochtimestr.com\/\",\"logo\":{\"@type\":\"ImageObject\",\"inLanguage\":\"tr\",\"@id\":\"https:\/\/epochtimestr.com\/#\/schema\/logo\/image\/\",\"url\":\"https:\/\/epochtimestr.com\/wp-content\/uploads\/2011y\/ET-Logo-YG.jpg\",\"contentUrl\":\"https:\/\/epochtimestr.com\/wp-content\/uploads\/2011y\/ET-Logo-YG.jpg\",\"width\":346,\"height\":29,\"caption\":\"The EpochTimes T\u00fcrkiye\"},\"image\":{\"@id\":\"https:\/\/epochtimestr.com\/#\/schema\/logo\/image\/\"},\"sameAs\":[\"https:\/\/www.facebook.com\/theepochtimestr\",\"https:\/\/x.com\/TheEpochTimesTR\",\"https:\/\/www.instagram.com\/epochtimestr\"]},{\"@type\":\"Person\",\"@id\":\"https:\/\/epochtimestr.com\/#\/schema\/person\/5fef218711d76d8f232b0e1f1d7e4c0d\",\"name\":\"Leo Bajelan\",\"image\":{\"@type\":\"ImageObject\",\"inLanguage\":\"tr\",\"@id\":\"https:\/\/epochtimestr.com\/#\/schema\/person\/image\/\",\"url\":\"https:\/\/secure.gravatar.com\/avatar\/917669146f489549e548a2e9af272df5?s=96&d=mm&r=g\",\"contentUrl\":\"https:\/\/secure.gravatar.com\/avatar\/917669146f489549e548a2e9af272df5?s=96&d=mm&r=g\",\"caption\":\"Leo Bajelan\"},\"url\":\"https:\/\/epochtimestr.com\/index.php\/author\/leo\"}]}<\/script>\n<!-- \/ Yoast SEO plugin. -->","yoast_head_json":{"title":"Meksikal\u0131 Vali Rub\u00e9n Rocha Moya G\u00f6revden Ayr\u0131ld\u0131 - The Epoch Times TR","description":"Meksika Sinaloa Valisi Rub\u00e9n Rocha Moya, ABD\u2019deki uyu\u015fturucu su\u00e7lamalar\u0131 sonras\u0131 g\u00f6revden ayr\u0131ld\u0131. Soru\u015fturma devam ediyor.","robots":{"index":"index","follow":"follow","max-snippet":"max-snippet:-1","max-image-preview":"max-image-preview:large","max-video-preview":"max-video-preview:-1"},"canonical":"https:\/\/epochtimestr.com\/index.php\/meksikali-vali-ruben-rocha-moya-gorevden-ayrildi","og_locale":"tr_TR","og_type":"article","og_title":"Meksikal\u0131 Vali Rub\u00e9n Rocha Moya G\u00f6revden Ayr\u0131ld\u0131 - The Epoch Times TR","og_description":"Meksika Sinaloa Valisi Rub\u00e9n Rocha Moya, ABD\u2019deki uyu\u015fturucu su\u00e7lamalar\u0131 sonras\u0131 g\u00f6revden ayr\u0131ld\u0131. Soru\u015fturma devam ediyor.","og_url":"https:\/\/epochtimestr.com\/index.php\/meksikali-vali-ruben-rocha-moya-gorevden-ayrildi","og_site_name":"The Epoch Times TR","article_publisher":"https:\/\/www.facebook.com\/theepochtimestr","article_published_time":"2026-05-04T14:49:43+00:00","article_modified_time":"2026-05-04T14:51:23+00:00","og_image":[{"width":1200,"height":800,"url":"https:\/\/epochtimestr.com\/wp-content\/uploads\/2011y\/1000037796.webp","type":"image\/webp"}],"author":"Leo Bajelan","twitter_card":"summary_large_image","twitter_creator":"@TheEpochTimesTR","twitter_site":"@TheEpochTimesTR","twitter_misc":{"Yazan:":"Leo Bajelan","Tahmini okuma s\u00fcresi":"2 dakika"},"schema":{"@context":"https:\/\/schema.org","@graph":[{"@type":"Article","@id":"https:\/\/epochtimestr.com\/index.php\/meksikali-vali-ruben-rocha-moya-gorevden-ayrildi#article","isPartOf":{"@id":"https:\/\/epochtimestr.com\/index.php\/meksikali-vali-ruben-rocha-moya-gorevden-ayrildi"},"author":{"name":"Leo Bajelan","@id":"https:\/\/epochtimestr.com\/#\/schema\/person\/5fef218711d76d8f232b0e1f1d7e4c0d"},"headline":"Meksikal\u0131 Vali Rub\u00e9n Rocha Moya G\u00f6revden Ayr\u0131ld\u0131","datePublished":"2026-05-04T14:49:43+00:00","dateModified":"2026-05-04T14:51:23+00:00","mainEntityOfPage":{"@id":"https:\/\/epochtimestr.com\/index.php\/meksikali-vali-ruben-rocha-moya-gorevden-ayrildi"},"wordCount":371,"commentCount":0,"publisher":{"@id":"https:\/\/epochtimestr.com\/#organization"},"image":{"@id":"https:\/\/epochtimestr.com\/index.php\/meksikali-vali-ruben-rocha-moya-gorevden-ayrildi#primaryimage"},"thumbnailUrl":"https:\/\/epochtimestr.com\/wp-content\/uploads\/2011y\/1000037796.webp","keywords":["ABD","g\u00f6zalt\u0131 talebi","hapis cezas\u0131","makineli t\u00fcfek bulundurma","meksika","narkotik ithalat\u0131","new york","Rub\u00e9n Rocha Moya","Sinaloa Karteli","uyu\u015fturucu ka\u00e7ak\u00e7\u0131l\u0131\u011f\u0131"],"articleSection":["D\u00dcNYA","G\u00dcNDEM","MAN\u015eET"],"inLanguage":"tr","potentialAction":[{"@type":"CommentAction","name":"Comment","target":["https:\/\/epochtimestr.com\/index.php\/meksikali-vali-ruben-rocha-moya-gorevden-ayrildi#respond"]}]},{"@type":"WebPage","@id":"https:\/\/epochtimestr.com\/index.php\/meksikali-vali-ruben-rocha-moya-gorevden-ayrildi","url":"https:\/\/epochtimestr.com\/index.php\/meksikali-vali-ruben-rocha-moya-gorevden-ayrildi","name":"Meksikal\u0131 Vali Rub\u00e9n Rocha Moya G\u00f6revden Ayr\u0131ld\u0131 - The Epoch Times TR","isPartOf":{"@id":"https:\/\/epochtimestr.com\/#website"},"primaryImageOfPage":{"@id":"https:\/\/epochtimestr.com\/index.php\/meksikali-vali-ruben-rocha-moya-gorevden-ayrildi#primaryimage"},"image":{"@id":"https:\/\/epochtimestr.com\/index.php\/meksikali-vali-ruben-rocha-moya-gorevden-ayrildi#primaryimage"},"thumbnailUrl":"https:\/\/epochtimestr.com\/wp-content\/uploads\/2011y\/1000037796.webp","datePublished":"2026-05-04T14:49:43+00:00","dateModified":"2026-05-04T14:51:23+00:00","description":"Meksika Sinaloa Valisi Rub\u00e9n Rocha Moya, ABD\u2019deki uyu\u015fturucu su\u00e7lamalar\u0131 sonras\u0131 g\u00f6revden ayr\u0131ld\u0131. Soru\u015fturma devam ediyor.","inLanguage":"tr","potentialAction":[{"@type":"ReadAction","target":["https:\/\/epochtimestr.com\/index.php\/meksikali-vali-ruben-rocha-moya-gorevden-ayrildi"]}]},{"@type":"ImageObject","inLanguage":"tr","@id":"https:\/\/epochtimestr.com\/index.php\/meksikali-vali-ruben-rocha-moya-gorevden-ayrildi#primaryimage","url":"https:\/\/epochtimestr.com\/wp-content\/uploads\/2011y\/1000037796.webp","contentUrl":"https:\/\/epochtimestr.com\/wp-content\/uploads\/2011y\/1000037796.webp","width":1200,"height":800},{"@type":"WebSite","@id":"https:\/\/epochtimestr.com\/#website","url":"https:\/\/epochtimestr.com\/","name":"The Epoch Times TR","description":"De\u011fi\u015fen D\u00fcnyam\u0131za Taze Bir Bak\u0131\u015f","publisher":{"@id":"https:\/\/epochtimestr.com\/#organization"},"potentialAction":[{"@type":"SearchAction","target":{"@type":"EntryPoint","urlTemplate":"https:\/\/epochtimestr.com\/?s={search_term_string}"},"query-input":"required name=search_term_string"}],"inLanguage":"tr"},{"@type":"Organization","@id":"https:\/\/epochtimestr.com\/#organization","name":"The EpochTimes T\u00fcrkiye","url":"https:\/\/epochtimestr.com\/","logo":{"@type":"ImageObject","inLanguage":"tr","@id":"https:\/\/epochtimestr.com\/#\/schema\/logo\/image\/","url":"https:\/\/epochtimestr.com\/wp-content\/uploads\/2011y\/ET-Logo-YG.jpg","contentUrl":"https:\/\/epochtimestr.com\/wp-content\/uploads\/2011y\/ET-Logo-YG.jpg","width":346,"height":29,"caption":"The EpochTimes T\u00fcrkiye"},"image":{"@id":"https:\/\/epochtimestr.com\/#\/schema\/logo\/image\/"},"sameAs":["https:\/\/www.facebook.com\/theepochtimestr","https:\/\/x.com\/TheEpochTimesTR","https:\/\/www.instagram.com\/epochtimestr"]},{"@type":"Person","@id":"https:\/\/epochtimestr.com\/#\/schema\/person\/5fef218711d76d8f232b0e1f1d7e4c0d","name":"Leo Bajelan","image":{"@type":"ImageObject","inLanguage":"tr","@id":"https:\/\/epochtimestr.com\/#\/schema\/person\/image\/","url":"https:\/\/secure.gravatar.com\/avatar\/917669146f489549e548a2e9af272df5?s=96&d=mm&r=g","contentUrl":"https:\/\/secure.gravatar.com\/avatar\/917669146f489549e548a2e9af272df5?s=96&d=mm&r=g","caption":"Leo Bajelan"},"url":"https:\/\/epochtimestr.com\/index.php\/author\/leo"}]}},"_links":{"self":[{"href":"https:\/\/epochtimestr.com\/index.php\/wp-json\/wp\/v2\/posts\/167099"}],"collection":[{"href":"https:\/\/epochtimestr.com\/index.php\/wp-json\/wp\/v2\/posts"}],"about":[{"href":"https:\/\/epochtimestr.com\/index.php\/wp-json\/wp\/v2\/types\/post"}],"author":[{"embeddable":true,"href":"https:\/\/epochtimestr.com\/index.php\/wp-json\/wp\/v2\/users\/13996"}],"replies":[{"embeddable":true,"href":"https:\/\/epochtimestr.com\/index.php\/wp-json\/wp\/v2\/comments?post=167099"}],"version-history":[{"count":4,"href":"https:\/\/epochtimestr.com\/index.php\/wp-json\/wp\/v2\/posts\/167099\/revisions"}],"predecessor-version":[{"id":167111,"href":"https:\/\/epochtimestr.com\/index.php\/wp-json\/wp\/v2\/posts\/167099\/revisions\/167111"}],"wp:featuredmedia":[{"embeddable":true,"href":"https:\/\/epochtimestr.com\/index.php\/wp-json\/wp\/v2\/media\/167100"}],"wp:attachment":[{"href":"https:\/\/epochtimestr.com\/index.php\/wp-json\/wp\/v2\/media?parent=167099"}],"wp:term":[{"taxonomy":"category","embeddable":true,"href":"https:\/\/epochtimestr.com\/index.php\/wp-json\/wp\/v2\/categories?post=167099"},{"taxonomy":"post_tag","embeddable":true,"href":"https:\/\/epochtimestr.com\/index.php\/wp-json\/wp\/v2\/tags?post=167099"}],"curies":[{"name":"wp","href":"https:\/\/api.w.org\/{rel}","templated":true}]}}