{"id":167121,"date":"2026-05-05T13:56:38","date_gmt":"2026-05-05T10:56:38","guid":{"rendered":"https:\/\/epochtimestr.com\/?p=167121"},"modified":"2026-05-06T14:48:57","modified_gmt":"2026-05-06T11:48:57","slug":"bae-opec-uyeliginden-ayrildigini-duyurdu","status":"publish","type":"post","link":"https:\/\/epochtimestr.com\/index.php\/bae-opec-uyeliginden-ayrildigini-duyurdu","title":{"rendered":"BAE OPEC \u00dcyeli\u011finden Ayr\u0131ld\u0131\u011f\u0131n\u0131 Duyurdu"},"content":{"rendered":"<div class=\"wp-block-image\">\n<figure class=\"aligncenter size-large\"><img loading=\"lazy\" decoding=\"async\" width=\"1800\" height=\"1200\" src=\"https:\/\/epochtimestr.com\/wp-content\/uploads\/2011y\/1000037867-1800x1200.jpg\" alt=\"Uluslararas\u0131 Atom Enerjisi Ajans\u0131 (IAEA) Genel Direkt\u00f6r\u00fc Rafael Mariano Grossi ile OPEC Fonu Genel Direkt\u00f6r\u00fc Abdulhamid Alkhalifa, Birle\u015fmi\u015f Milletler \u0130klim De\u011fi\u015fikli\u011fi Konferans\u0131 (UNCCC) kapsam\u0131nda, Birle\u015fik Arap Emirlikleri\u2019nin Dubai kentindeki Expo City\u2019de d\u00fczenlenen etkinlikte bir i\u015f birli\u011fi d\u00fczenlemesini imzalad\u0131.(Foto\u011fraf: Wikimedia)\" class=\"wp-image-167122\" srcset=\"https:\/\/epochtimestr.com\/wp-content\/uploads\/2011y\/1000037867-1800x1200.jpg 1800w, https:\/\/epochtimestr.com\/wp-content\/uploads\/2011y\/1000037867-300x200.jpg 300w, https:\/\/epochtimestr.com\/wp-content\/uploads\/2011y\/1000037867-150x100.jpg 150w, https:\/\/epochtimestr.com\/wp-content\/uploads\/2011y\/1000037867-768x512.jpg 768w, https:\/\/epochtimestr.com\/wp-content\/uploads\/2011y\/1000037867-1536x1024.jpg 1536w, https:\/\/epochtimestr.com\/wp-content\/uploads\/2011y\/1000037867.jpg 1920w\" sizes=\"(max-width: 1800px) 100vw, 1800px\" \/><figcaption class=\"wp-element-caption\">Uluslararas\u0131 Atom Enerjisi Ajans\u0131 (UAEA) Genel Direkt\u00f6r\u00fc Rafael Mariano Grossi ile OPEC Fonu Genel Direkt\u00f6r\u00fc Abdulhamid Alkhalifa, Birle\u015fmi\u015f Milletler \u0130klim De\u011fi\u015fikli\u011fi Konferans\u0131 (UNCCC) kapsam\u0131nda, Birle\u015fik Arap Emirlikleri\u2019nin Dubai kentindeki Expo City\u2019de d\u00fczenlenen etkinlikte bir i\u015f birli\u011fi d\u00fczenlemesini imzalad\u0131. (Foto\u011fraf: Wikimedia)<\/figcaption><\/figure><\/div>\n\n\n<p>Birle\u015fik Arap Emirlikleri, OPEC \u00fcyeli\u011finden ayr\u0131ld\u0131\u011f\u0131n\u0131 a\u00e7\u0131klad\u0131. <a href=\"https:\/\/www.theepochtimes.com\/world\/analysts-weigh-impact-on-oil-supply-as-uae-leaves-opec-6018802\" target=\"_blank\" rel=\"noreferrer noopener\">01 May\u0131s 2026<\/a> itibar\u0131yla y\u00fcr\u00fcrl\u00fc\u011fe giren kararla, K\u00f6rfez\u2019in \u00f6nemli \u00fcreticilerinden biri kota sisteminden \u00e7\u0131kt\u0131.<\/p>\n\n\n\n<p>Abu Dabi y\u00f6netimi, karar\u0131 28 Nisan\u2019da resmi ajans WAM \u00fczerinden duyurdu. Metinde \u201cyeni enerji \u00e7a\u011f\u0131nda egemen sorumluluk\u201d vurgusu yer ald\u0131. Ayr\u0131ca k\u00fcresel talebin orta ve uzun vadede artaca\u011f\u0131 belirtildi.<\/p>\n\n\n\n<p>Karar, b\u00f6lgedeki jeopolitik gerilimlerin artt\u0131\u011f\u0131 bir d\u00f6nemde geldi. \u00d6zellikle H\u00fcrm\u00fcz Bo\u011faz\u0131 \u00e7evresindeki riskler piyasalar\u0131 etkilerken, k\u0131sa vadeli fiyat hareketleri belirsizli\u011fini koruyor.<\/p>\n\n\n\n<p>Analistler, BAE\u2019nin \u00fcretim kapasitesine dikkat \u00e7ekiyor. \u00dclke, mevcut kotan\u0131n \u00fczerinde \u00fcretim yapabilecek g\u00fcce sahip. Ancak OPEC k\u0131s\u0131tlamalar\u0131 nedeniyle bu kapasite s\u0131n\u0131rl\u0131 kald\u0131. \u00d6te yandan ayr\u0131l\u0131k sonras\u0131 \u00fcretim art\u0131\u015f\u0131 m\u00fcmk\u00fcn g\u00f6r\u00fcl\u00fcyor.<\/p>\n\n\n\n<p><a href=\"https:\/\/epochtimestr.com\/index.php\/abd-irana-uyguladigi-yaptirimlari-genisletiyor\" target=\"_blank\" rel=\"noreferrer noopener\">ABD Ba\u015fkan\u0131 Donald Trump<\/a> karar\u0131 olumlu de\u011ferlendirerek bu ad\u0131m\u0131n petrol fiyatlar\u0131n\u0131 d\u00fc\u015f\u00fcrebilece\u011fini s\u00f6yledi. Bununla birlikte baz\u0131 uzmanlar k\u0131sa vadede etkinin s\u0131n\u0131rl\u0131 olabilece\u011fini belirtiyor.<\/p>\n\n\n\n<p>OPEC\u2019in temel amac\u0131n\u0131n \u00fcretimi s\u0131n\u0131rlamak ve fiyatlar\u0131 desteklemek olmas\u0131na ra\u011fmen k\u00fcresel \u00fcretim dengesi son y\u0131llarda de\u011fi\u015fti. ABD\u2019nin \u00fcretimde lider konuma y\u00fckselmesi bu s\u00fcreci h\u0131zland\u0131rd\u0131 ve kartelin etkisi tart\u0131\u015f\u0131lmaya ba\u015fland\u0131.<\/p>\n\n\n\n<p>Enerji uzman\u0131 Samuel Furfari, karar\u0131n yap\u0131sal bir de\u011fi\u015fime i\u015faret etti\u011fini s\u00f6yledi. Furfari\u2019ye g\u00f6re \u00fcreticiler art\u0131k daha ba\u011f\u0131ms\u0131z hareket etmek istiyor ve ayr\u0131ca fosil yak\u0131tlar\u0131n rol\u00fc konusunda daha a\u00e7\u0131k bir s\u00f6ylem geli\u015fiyor.<\/p>\n\n\n\n<p>BAE, OPEC ayr\u0131l\u0131\u011f\u0131n\u0131 savunurken piyasa ihtiya\u00e7lar\u0131na vurgu yaparak, daha fazla \u00fcretimin k\u00fcresel talebi kar\u015f\u0131layaca\u011f\u0131n\u0131 belirtti. <\/p>\n\n\n\n<p>Son olarak uzmanlar, BAE&#8217;nin OPEC karar\u0131n\u0131n uzun vadede arz dengesini etkileyebilece\u011fini ifade ediyor. Ancak nihai etkinin piyasa ko\u015fullar\u0131na ba\u011fl\u0131 olaca\u011f\u0131 belirtiliyor.<\/p>\n","protected":false},"excerpt":{"rendered":"<p>Birle\u015fik Arap Emirlikleri, OPEC \u00fcyeli\u011finden ayr\u0131ld\u0131\u011f\u0131n\u0131 a\u00e7\u0131klad\u0131. 01 May\u0131s 2026 itibar\u0131yla y\u00fcr\u00fcrl\u00fc\u011fe giren kararla, K\u00f6rfez\u2019in \u00f6nemli \u00fcreticilerinden biri kota sisteminden \u00e7\u0131kt\u0131. Abu Dabi y\u00f6netimi, karar\u0131 28 Nisan\u2019da resmi ajans WAM \u00fczerinden duyurdu. Metinde \u201cyeni enerji \u00e7a\u011f\u0131nda egemen sorumluluk\u201d vurgusu yer ald\u0131. Ayr\u0131ca k\u00fcresel talebin orta ve uzun vadede artaca\u011f\u0131 belirtildi. Karar, b\u00f6lgedeki jeopolitik gerilimlerin artt\u0131\u011f\u0131 [&hellip;]<\/p>\n","protected":false},"author":13996,"featured_media":167122,"comment_status":"open","ping_status":"open","sticky":false,"template":"","format":"standard","meta":{"_yoast_wpseo_focuskw":"BAE OPEC","_yoast_wpseo_title":"","_yoast_wpseo_metadesc":"BAE OPEC ayr\u0131l\u0131\u011f\u0131 sonras\u0131 petrol piyasalar\u0131nda dengeler de\u011fi\u015febilir. Uzmanlar \u00fcretim art\u0131\u015f\u0131 ve fiyat etkisini de\u011ferlendiriyor.","_bbp_topic_count":0,"_bbp_reply_count":0,"_bbp_total_topic_count":0,"_bbp_total_reply_count":0,"_bbp_voice_count":0,"_bbp_anonymous_reply_count":0,"_bbp_topic_count_hidden":0,"_bbp_reply_count_hidden":0,"_bbp_forum_subforum_count":0,"footnotes":"","_yoast_wpseo_focuskw_text_input":""},"categories":[5,1,8138],"tags":[1652,11349,11353,6828,11348,11355,11354,8444,11356,5764],"yoast_head":"<!-- This site is optimized with the Yoast SEO plugin v23.0 - https:\/\/yoast.com\/wordpress\/plugins\/seo\/ -->\n<title>BAE OPEC \u00dcyeli\u011finden Ayr\u0131ld\u0131\u011f\u0131n\u0131 Duyurdu - The Epoch Times TR<\/title>\n<meta name=\"description\" content=\"BAE OPEC ayr\u0131l\u0131\u011f\u0131 sonras\u0131 petrol piyasalar\u0131nda dengeler de\u011fi\u015febilir. Uzmanlar \u00fcretim art\u0131\u015f\u0131 ve fiyat etkisini de\u011ferlendiriyor.\" \/>\n<meta name=\"robots\" content=\"index, follow, max-snippet:-1, max-image-preview:large, max-video-preview:-1\" \/>\n<link rel=\"canonical\" href=\"https:\/\/epochtimestr.com\/index.php\/bae-opec-uyeliginden-ayrildigini-duyurdu\" \/>\n<meta property=\"og:locale\" content=\"tr_TR\" \/>\n<meta property=\"og:type\" content=\"article\" \/>\n<meta property=\"og:title\" content=\"BAE OPEC \u00dcyeli\u011finden Ayr\u0131ld\u0131\u011f\u0131n\u0131 Duyurdu - The Epoch Times TR\" \/>\n<meta property=\"og:description\" content=\"BAE OPEC ayr\u0131l\u0131\u011f\u0131 sonras\u0131 petrol piyasalar\u0131nda dengeler de\u011fi\u015febilir. Uzmanlar \u00fcretim art\u0131\u015f\u0131 ve fiyat etkisini de\u011ferlendiriyor.\" \/>\n<meta property=\"og:url\" content=\"https:\/\/epochtimestr.com\/index.php\/bae-opec-uyeliginden-ayrildigini-duyurdu\" \/>\n<meta property=\"og:site_name\" content=\"The Epoch Times TR\" \/>\n<meta property=\"article:publisher\" content=\"https:\/\/www.facebook.com\/theepochtimestr\" \/>\n<meta property=\"article:published_time\" content=\"2026-05-05T10:56:38+00:00\" \/>\n<meta property=\"article:modified_time\" content=\"2026-05-06T11:48:57+00:00\" \/>\n<meta property=\"og:image\" content=\"https:\/\/epochtimestr.com\/wp-content\/uploads\/2011y\/1000037867.jpg\" \/>\n\t<meta property=\"og:image:width\" content=\"1920\" \/>\n\t<meta property=\"og:image:height\" content=\"1280\" \/>\n\t<meta property=\"og:image:type\" content=\"image\/jpeg\" \/>\n<meta name=\"author\" content=\"Leo Bajelan\" \/>\n<meta name=\"twitter:card\" content=\"summary_large_image\" \/>\n<meta name=\"twitter:creator\" content=\"@TheEpochTimesTR\" \/>\n<meta name=\"twitter:site\" content=\"@TheEpochTimesTR\" \/>\n<meta name=\"twitter:label1\" content=\"Yazan:\" \/>\n\t<meta name=\"twitter:data1\" content=\"Leo Bajelan\" \/>\n\t<meta name=\"twitter:label2\" content=\"Tahmini okuma s\u00fcresi\" \/>\n\t<meta name=\"twitter:data2\" content=\"2 dakika\" \/>\n<script type=\"application\/ld+json\" class=\"yoast-schema-graph\">{\"@context\":\"https:\/\/schema.org\",\"@graph\":[{\"@type\":\"Article\",\"@id\":\"https:\/\/epochtimestr.com\/index.php\/bae-opec-uyeliginden-ayrildigini-duyurdu#article\",\"isPartOf\":{\"@id\":\"https:\/\/epochtimestr.com\/index.php\/bae-opec-uyeliginden-ayrildigini-duyurdu\"},\"author\":{\"name\":\"Leo Bajelan\",\"@id\":\"https:\/\/epochtimestr.com\/#\/schema\/person\/5fef218711d76d8f232b0e1f1d7e4c0d\"},\"headline\":\"BAE OPEC \u00dcyeli\u011finden Ayr\u0131ld\u0131\u011f\u0131n\u0131 Duyurdu\",\"datePublished\":\"2026-05-05T10:56:38+00:00\",\"dateModified\":\"2026-05-06T11:48:57+00:00\",\"mainEntityOfPage\":{\"@id\":\"https:\/\/epochtimestr.com\/index.php\/bae-opec-uyeliginden-ayrildigini-duyurdu\"},\"wordCount\":378,\"commentCount\":0,\"publisher\":{\"@id\":\"https:\/\/epochtimestr.com\/#organization\"},\"image\":{\"@id\":\"https:\/\/epochtimestr.com\/index.php\/bae-opec-uyeliginden-ayrildigini-duyurdu#primaryimage\"},\"thumbnailUrl\":\"https:\/\/epochtimestr.com\/wp-content\/uploads\/2011y\/1000037867.jpg\",\"keywords\":[\"AB\",\"Abu Dabi\",\"arz dengesi\",\"BAE\",\"BAE OPEC\",\"fosil yak\u0131tlar\u0131n rol\u00fc\",\"k\u00fcresel talep\",\"OPEC\",\"OPEC k\u0131s\u0131tlamalar\u0131\",\"Trump\"],\"articleSection\":[\"D\u00dcNYA\",\"G\u00dcNDEM\",\"MAN\u015eET\"],\"inLanguage\":\"tr\",\"potentialAction\":[{\"@type\":\"CommentAction\",\"name\":\"Comment\",\"target\":[\"https:\/\/epochtimestr.com\/index.php\/bae-opec-uyeliginden-ayrildigini-duyurdu#respond\"]}]},{\"@type\":\"WebPage\",\"@id\":\"https:\/\/epochtimestr.com\/index.php\/bae-opec-uyeliginden-ayrildigini-duyurdu\",\"url\":\"https:\/\/epochtimestr.com\/index.php\/bae-opec-uyeliginden-ayrildigini-duyurdu\",\"name\":\"BAE OPEC \u00dcyeli\u011finden Ayr\u0131ld\u0131\u011f\u0131n\u0131 Duyurdu - The Epoch Times TR\",\"isPartOf\":{\"@id\":\"https:\/\/epochtimestr.com\/#website\"},\"primaryImageOfPage\":{\"@id\":\"https:\/\/epochtimestr.com\/index.php\/bae-opec-uyeliginden-ayrildigini-duyurdu#primaryimage\"},\"image\":{\"@id\":\"https:\/\/epochtimestr.com\/index.php\/bae-opec-uyeliginden-ayrildigini-duyurdu#primaryimage\"},\"thumbnailUrl\":\"https:\/\/epochtimestr.com\/wp-content\/uploads\/2011y\/1000037867.jpg\",\"datePublished\":\"2026-05-05T10:56:38+00:00\",\"dateModified\":\"2026-05-06T11:48:57+00:00\",\"description\":\"BAE OPEC ayr\u0131l\u0131\u011f\u0131 sonras\u0131 petrol piyasalar\u0131nda dengeler de\u011fi\u015febilir. Uzmanlar \u00fcretim art\u0131\u015f\u0131 ve fiyat etkisini de\u011ferlendiriyor.\",\"inLanguage\":\"tr\",\"potentialAction\":[{\"@type\":\"ReadAction\",\"target\":[\"https:\/\/epochtimestr.com\/index.php\/bae-opec-uyeliginden-ayrildigini-duyurdu\"]}]},{\"@type\":\"ImageObject\",\"inLanguage\":\"tr\",\"@id\":\"https:\/\/epochtimestr.com\/index.php\/bae-opec-uyeliginden-ayrildigini-duyurdu#primaryimage\",\"url\":\"https:\/\/epochtimestr.com\/wp-content\/uploads\/2011y\/1000037867.jpg\",\"contentUrl\":\"https:\/\/epochtimestr.com\/wp-content\/uploads\/2011y\/1000037867.jpg\",\"width\":1920,\"height\":1280},{\"@type\":\"WebSite\",\"@id\":\"https:\/\/epochtimestr.com\/#website\",\"url\":\"https:\/\/epochtimestr.com\/\",\"name\":\"The Epoch Times TR\",\"description\":\"De\u011fi\u015fen D\u00fcnyam\u0131za Taze Bir Bak\u0131\u015f\",\"publisher\":{\"@id\":\"https:\/\/epochtimestr.com\/#organization\"},\"potentialAction\":[{\"@type\":\"SearchAction\",\"target\":{\"@type\":\"EntryPoint\",\"urlTemplate\":\"https:\/\/epochtimestr.com\/?s={search_term_string}\"},\"query-input\":\"required name=search_term_string\"}],\"inLanguage\":\"tr\"},{\"@type\":\"Organization\",\"@id\":\"https:\/\/epochtimestr.com\/#organization\",\"name\":\"The EpochTimes T\u00fcrkiye\",\"url\":\"https:\/\/epochtimestr.com\/\",\"logo\":{\"@type\":\"ImageObject\",\"inLanguage\":\"tr\",\"@id\":\"https:\/\/epochtimestr.com\/#\/schema\/logo\/image\/\",\"url\":\"https:\/\/epochtimestr.com\/wp-content\/uploads\/2011y\/ET-Logo-YG.jpg\",\"contentUrl\":\"https:\/\/epochtimestr.com\/wp-content\/uploads\/2011y\/ET-Logo-YG.jpg\",\"width\":346,\"height\":29,\"caption\":\"The EpochTimes T\u00fcrkiye\"},\"image\":{\"@id\":\"https:\/\/epochtimestr.com\/#\/schema\/logo\/image\/\"},\"sameAs\":[\"https:\/\/www.facebook.com\/theepochtimestr\",\"https:\/\/x.com\/TheEpochTimesTR\",\"https:\/\/www.instagram.com\/epochtimestr\"]},{\"@type\":\"Person\",\"@id\":\"https:\/\/epochtimestr.com\/#\/schema\/person\/5fef218711d76d8f232b0e1f1d7e4c0d\",\"name\":\"Leo Bajelan\",\"image\":{\"@type\":\"ImageObject\",\"inLanguage\":\"tr\",\"@id\":\"https:\/\/epochtimestr.com\/#\/schema\/person\/image\/\",\"url\":\"https:\/\/secure.gravatar.com\/avatar\/917669146f489549e548a2e9af272df5?s=96&d=mm&r=g\",\"contentUrl\":\"https:\/\/secure.gravatar.com\/avatar\/917669146f489549e548a2e9af272df5?s=96&d=mm&r=g\",\"caption\":\"Leo Bajelan\"},\"url\":\"https:\/\/epochtimestr.com\/index.php\/author\/leo\"}]}<\/script>\n<!-- \/ Yoast SEO plugin. -->","yoast_head_json":{"title":"BAE OPEC \u00dcyeli\u011finden Ayr\u0131ld\u0131\u011f\u0131n\u0131 Duyurdu - The Epoch Times TR","description":"BAE OPEC ayr\u0131l\u0131\u011f\u0131 sonras\u0131 petrol piyasalar\u0131nda dengeler de\u011fi\u015febilir. Uzmanlar \u00fcretim art\u0131\u015f\u0131 ve fiyat etkisini de\u011ferlendiriyor.","robots":{"index":"index","follow":"follow","max-snippet":"max-snippet:-1","max-image-preview":"max-image-preview:large","max-video-preview":"max-video-preview:-1"},"canonical":"https:\/\/epochtimestr.com\/index.php\/bae-opec-uyeliginden-ayrildigini-duyurdu","og_locale":"tr_TR","og_type":"article","og_title":"BAE OPEC \u00dcyeli\u011finden Ayr\u0131ld\u0131\u011f\u0131n\u0131 Duyurdu - The Epoch Times TR","og_description":"BAE OPEC ayr\u0131l\u0131\u011f\u0131 sonras\u0131 petrol piyasalar\u0131nda dengeler de\u011fi\u015febilir. Uzmanlar \u00fcretim art\u0131\u015f\u0131 ve fiyat etkisini de\u011ferlendiriyor.","og_url":"https:\/\/epochtimestr.com\/index.php\/bae-opec-uyeliginden-ayrildigini-duyurdu","og_site_name":"The Epoch Times TR","article_publisher":"https:\/\/www.facebook.com\/theepochtimestr","article_published_time":"2026-05-05T10:56:38+00:00","article_modified_time":"2026-05-06T11:48:57+00:00","og_image":[{"width":1920,"height":1280,"url":"https:\/\/epochtimestr.com\/wp-content\/uploads\/2011y\/1000037867.jpg","type":"image\/jpeg"}],"author":"Leo Bajelan","twitter_card":"summary_large_image","twitter_creator":"@TheEpochTimesTR","twitter_site":"@TheEpochTimesTR","twitter_misc":{"Yazan:":"Leo Bajelan","Tahmini okuma s\u00fcresi":"2 dakika"},"schema":{"@context":"https:\/\/schema.org","@graph":[{"@type":"Article","@id":"https:\/\/epochtimestr.com\/index.php\/bae-opec-uyeliginden-ayrildigini-duyurdu#article","isPartOf":{"@id":"https:\/\/epochtimestr.com\/index.php\/bae-opec-uyeliginden-ayrildigini-duyurdu"},"author":{"name":"Leo Bajelan","@id":"https:\/\/epochtimestr.com\/#\/schema\/person\/5fef218711d76d8f232b0e1f1d7e4c0d"},"headline":"BAE OPEC \u00dcyeli\u011finden Ayr\u0131ld\u0131\u011f\u0131n\u0131 Duyurdu","datePublished":"2026-05-05T10:56:38+00:00","dateModified":"2026-05-06T11:48:57+00:00","mainEntityOfPage":{"@id":"https:\/\/epochtimestr.com\/index.php\/bae-opec-uyeliginden-ayrildigini-duyurdu"},"wordCount":378,"commentCount":0,"publisher":{"@id":"https:\/\/epochtimestr.com\/#organization"},"image":{"@id":"https:\/\/epochtimestr.com\/index.php\/bae-opec-uyeliginden-ayrildigini-duyurdu#primaryimage"},"thumbnailUrl":"https:\/\/epochtimestr.com\/wp-content\/uploads\/2011y\/1000037867.jpg","keywords":["AB","Abu Dabi","arz dengesi","BAE","BAE OPEC","fosil yak\u0131tlar\u0131n rol\u00fc","k\u00fcresel talep","OPEC","OPEC k\u0131s\u0131tlamalar\u0131","Trump"],"articleSection":["D\u00dcNYA","G\u00dcNDEM","MAN\u015eET"],"inLanguage":"tr","potentialAction":[{"@type":"CommentAction","name":"Comment","target":["https:\/\/epochtimestr.com\/index.php\/bae-opec-uyeliginden-ayrildigini-duyurdu#respond"]}]},{"@type":"WebPage","@id":"https:\/\/epochtimestr.com\/index.php\/bae-opec-uyeliginden-ayrildigini-duyurdu","url":"https:\/\/epochtimestr.com\/index.php\/bae-opec-uyeliginden-ayrildigini-duyurdu","name":"BAE OPEC \u00dcyeli\u011finden Ayr\u0131ld\u0131\u011f\u0131n\u0131 Duyurdu - The Epoch Times TR","isPartOf":{"@id":"https:\/\/epochtimestr.com\/#website"},"primaryImageOfPage":{"@id":"https:\/\/epochtimestr.com\/index.php\/bae-opec-uyeliginden-ayrildigini-duyurdu#primaryimage"},"image":{"@id":"https:\/\/epochtimestr.com\/index.php\/bae-opec-uyeliginden-ayrildigini-duyurdu#primaryimage"},"thumbnailUrl":"https:\/\/epochtimestr.com\/wp-content\/uploads\/2011y\/1000037867.jpg","datePublished":"2026-05-05T10:56:38+00:00","dateModified":"2026-05-06T11:48:57+00:00","description":"BAE OPEC ayr\u0131l\u0131\u011f\u0131 sonras\u0131 petrol piyasalar\u0131nda dengeler de\u011fi\u015febilir. Uzmanlar \u00fcretim art\u0131\u015f\u0131 ve fiyat etkisini de\u011ferlendiriyor.","inLanguage":"tr","potentialAction":[{"@type":"ReadAction","target":["https:\/\/epochtimestr.com\/index.php\/bae-opec-uyeliginden-ayrildigini-duyurdu"]}]},{"@type":"ImageObject","inLanguage":"tr","@id":"https:\/\/epochtimestr.com\/index.php\/bae-opec-uyeliginden-ayrildigini-duyurdu#primaryimage","url":"https:\/\/epochtimestr.com\/wp-content\/uploads\/2011y\/1000037867.jpg","contentUrl":"https:\/\/epochtimestr.com\/wp-content\/uploads\/2011y\/1000037867.jpg","width":1920,"height":1280},{"@type":"WebSite","@id":"https:\/\/epochtimestr.com\/#website","url":"https:\/\/epochtimestr.com\/","name":"The Epoch Times TR","description":"De\u011fi\u015fen D\u00fcnyam\u0131za Taze Bir Bak\u0131\u015f","publisher":{"@id":"https:\/\/epochtimestr.com\/#organization"},"potentialAction":[{"@type":"SearchAction","target":{"@type":"EntryPoint","urlTemplate":"https:\/\/epochtimestr.com\/?s={search_term_string}"},"query-input":"required name=search_term_string"}],"inLanguage":"tr"},{"@type":"Organization","@id":"https:\/\/epochtimestr.com\/#organization","name":"The EpochTimes T\u00fcrkiye","url":"https:\/\/epochtimestr.com\/","logo":{"@type":"ImageObject","inLanguage":"tr","@id":"https:\/\/epochtimestr.com\/#\/schema\/logo\/image\/","url":"https:\/\/epochtimestr.com\/wp-content\/uploads\/2011y\/ET-Logo-YG.jpg","contentUrl":"https:\/\/epochtimestr.com\/wp-content\/uploads\/2011y\/ET-Logo-YG.jpg","width":346,"height":29,"caption":"The EpochTimes T\u00fcrkiye"},"image":{"@id":"https:\/\/epochtimestr.com\/#\/schema\/logo\/image\/"},"sameAs":["https:\/\/www.facebook.com\/theepochtimestr","https:\/\/x.com\/TheEpochTimesTR","https:\/\/www.instagram.com\/epochtimestr"]},{"@type":"Person","@id":"https:\/\/epochtimestr.com\/#\/schema\/person\/5fef218711d76d8f232b0e1f1d7e4c0d","name":"Leo Bajelan","image":{"@type":"ImageObject","inLanguage":"tr","@id":"https:\/\/epochtimestr.com\/#\/schema\/person\/image\/","url":"https:\/\/secure.gravatar.com\/avatar\/917669146f489549e548a2e9af272df5?s=96&d=mm&r=g","contentUrl":"https:\/\/secure.gravatar.com\/avatar\/917669146f489549e548a2e9af272df5?s=96&d=mm&r=g","caption":"Leo Bajelan"},"url":"https:\/\/epochtimestr.com\/index.php\/author\/leo"}]}},"_links":{"self":[{"href":"https:\/\/epochtimestr.com\/index.php\/wp-json\/wp\/v2\/posts\/167121"}],"collection":[{"href":"https:\/\/epochtimestr.com\/index.php\/wp-json\/wp\/v2\/posts"}],"about":[{"href":"https:\/\/epochtimestr.com\/index.php\/wp-json\/wp\/v2\/types\/post"}],"author":[{"embeddable":true,"href":"https:\/\/epochtimestr.com\/index.php\/wp-json\/wp\/v2\/users\/13996"}],"replies":[{"embeddable":true,"href":"https:\/\/epochtimestr.com\/index.php\/wp-json\/wp\/v2\/comments?post=167121"}],"version-history":[{"count":4,"href":"https:\/\/epochtimestr.com\/index.php\/wp-json\/wp\/v2\/posts\/167121\/revisions"}],"predecessor-version":[{"id":167132,"href":"https:\/\/epochtimestr.com\/index.php\/wp-json\/wp\/v2\/posts\/167121\/revisions\/167132"}],"wp:featuredmedia":[{"embeddable":true,"href":"https:\/\/epochtimestr.com\/index.php\/wp-json\/wp\/v2\/media\/167122"}],"wp:attachment":[{"href":"https:\/\/epochtimestr.com\/index.php\/wp-json\/wp\/v2\/media?parent=167121"}],"wp:term":[{"taxonomy":"category","embeddable":true,"href":"https:\/\/epochtimestr.com\/index.php\/wp-json\/wp\/v2\/categories?post=167121"},{"taxonomy":"post_tag","embeddable":true,"href":"https:\/\/epochtimestr.com\/index.php\/wp-json\/wp\/v2\/tags?post=167121"}],"curies":[{"name":"wp","href":"https:\/\/api.w.org\/{rel}","templated":true}]}}