{"id":167128,"date":"2026-05-06T15:14:27","date_gmt":"2026-05-06T12:14:27","guid":{"rendered":"https:\/\/epochtimestr.com\/?p=167128"},"modified":"2026-05-06T15:14:29","modified_gmt":"2026-05-06T12:14:29","slug":"irandaki-abd-ablukasi-petrol-krizine-neden-oluyor","status":"publish","type":"post","link":"https:\/\/epochtimestr.com\/index.php\/irandaki-abd-ablukasi-petrol-krizine-neden-oluyor","title":{"rendered":"\u0130ran&#8217;daki ABD Ablukas\u0131 Petrol Krizine Neden Oluyor"},"content":{"rendered":"<div class=\"wp-block-image\">\n<figure class=\"aligncenter size-full\"><img loading=\"lazy\" decoding=\"async\" width=\"1200\" height=\"800\" src=\"https:\/\/epochtimestr.com\/wp-content\/uploads\/2011y\/1000035564.webp\" alt=\"Petrol fiyatlar\u0131 Orta Do\u011fu\u2019daki gerilim nedeniyle y\u00fckseldi. ABD\u2019nin yeni plan\u0131 enerji piyasalar\u0131nda istikrar\u0131 sa\u011flamay\u0131 hedefliyor. Bir adam, Elkridge\u2019deki bir benzin istasyonunda arac\u0131na yak\u0131t al\u0131rken. 12 Kas\u0131m 2025, Maryland, ABD. (Foto\u011fraf: Madalina Kilroy, The Epoch Times)\" class=\"wp-image-166535\" srcset=\"https:\/\/epochtimestr.com\/wp-content\/uploads\/2011y\/1000035564.webp 1200w, https:\/\/epochtimestr.com\/wp-content\/uploads\/2011y\/1000035564-300x200.webp 300w, https:\/\/epochtimestr.com\/wp-content\/uploads\/2011y\/1000035564-150x100.webp 150w, https:\/\/epochtimestr.com\/wp-content\/uploads\/2011y\/1000035564-768x512.webp 768w\" sizes=\"(max-width: 1200px) 100vw, 1200px\" \/><figcaption class=\"wp-element-caption\">\u0130ran&#8217;daki ABD ablukas\u0131 petrol krizine neden olarak ihracat\u0131 durma noktas\u0131na getirdi. Depolama kapasitesi h\u0131zla dolarken \u00fcretim kesintisi riski art\u0131yor. <em>Bir adam, Elkridge\u2019deki bir benzin istasyonunda arac\u0131na yak\u0131t al\u0131rken. 12 Kas\u0131m 2025, Maryland, ABD. (Foto\u011fraf: Madalina Kilroy, The Epoch Times)<\/em><\/figcaption><\/figure><\/div>\n\n\n<p>\u0130ran&#8217;daki petrol krizi, ABD&#8217;nin uygulad\u0131\u011f\u0131 deniz ablukas\u0131 sonras\u0131 derinle\u015fiyor. ABD donanmas\u0131n\u0131n \u0130ran limanlar\u0131 \u00e7evresinde uygulad\u0131\u011f\u0131 k\u0131s\u0131tlamalar nedeniyle ham petrol ihracat\u0131 b\u00fcy\u00fck \u00f6l\u00e7\u00fcde durdu. Bu durum, \u0130ran\u2019\u0131n petrol ihra\u00e7 ederek elde etti\u011fi <a href=\"https:\/\/www.theepochtimes.com\/article\/irans-oil-storage-clock-is-about-to-run-out-6019875\" target=\"_blank\" rel=\"noreferrer noopener\">ayl\u0131k yakla\u015f\u0131k 13 milyar dolarl\u0131k<\/a> geliri bask\u0131 alt\u0131na ald\u0131. Kaynaklara g\u00f6re her g\u00fcn yakla\u015f\u0131k 1,5 milyon varil petrol depolara ekleniyor. Ancak depolama kapasitesinin h\u0131zla dolmas\u0131 \u00fclkede ciddi bir s\u0131k\u0131\u015fmaya yol a\u00e7\u0131yor. Enerji analiz \u015firketleri, \u0130ran\u2019daki toplam 122 milyon varillik depolama kapasitesinin b\u00fcy\u00fck b\u00f6l\u00fcm\u00fcn\u00fcn doldu\u011funu belirtiyor. \u00d6zellikle H\u00fcrm\u00fcz Bo\u011faz\u0131 \u00e7evresinde lojistik ak\u0131\u015f\u0131n durmas\u0131, sevkiyat planlar\u0131n\u0131 tamamen aksatt\u0131.<\/p>\n\n\n\n<p>Uzmanlar, \u0130ran <a href=\"https:\/\/epochtimestr.com\/index.php\/bae-opec-uyeliginden-ayrildigini-duyurdu\" target=\"_blank\" rel=\"noreferrer noopener\">petrol krizi<\/a> kapsam\u0131nda depolama alanlar\u0131n\u0131n kritik seviyeye ula\u015ft\u0131\u011f\u0131n\u0131 belirtiyor. Analizlere g\u00f6re baz\u0131 terminaller y\u00fczde 70\u2019in \u00fczerinde doluluk oran\u0131na ula\u015ft\u0131. Ayr\u0131ca Kharg Adas\u0131, ihracat\u0131n b\u00fcy\u00fck k\u0131sm\u0131n\u0131n yap\u0131ld\u0131\u011f\u0131 merkez olarak \u00f6ne \u00e7\u0131k\u0131yor. Buradaki kapasitenin h\u0131zla t\u00fckenmesi, sevkiyatlar\u0131n daha da yava\u015flamas\u0131na neden oluyor. <\/p>\n\n\n\n<p>Bununla birlikte farkl\u0131 analiz kurulu\u015flar\u0131, krizin birka\u00e7 hafta i\u00e7inde \u00fcretimi durdurabilecek seviyeye gelebilece\u011fini ifade ediyor. Enerji Aspects ve benzeri kurumlar, mevcut \u015fartlarda 15 ila 22 g\u00fcn i\u00e7inde ciddi bir s\u0131k\u0131\u015fma olu\u015fabilece\u011fini \u00f6ng\u00f6r\u00fcyor. \u00d6te yandan baz\u0131 de\u011ferlendirmeler bu s\u00fcrecin daha uzun s\u00fcrebilece\u011fini savunuyor. <\/p>\n\n\n\n<p>Ancak t\u00fcm senaryolarda ortak nokta, depolama alanlar\u0131n\u0131n kritik e\u015fiklere yakla\u015fmas\u0131d\u0131r. Bu durum, \u00fcretim ve ihracat zincirini do\u011frudan etkiliyor. \u00d6zellikle tanker hareketlerinin s\u0131n\u0131rlanmas\u0131, ihracat planlar\u0131n\u0131 belirsiz hale getiriyor. Yetkililer, mevcut stoklar\u0131n h\u0131zla t\u00fckendi\u011fini ve yeni alan ihtiyac\u0131n\u0131n artt\u0131\u011f\u0131n\u0131 bildiriyor.<\/p>\n","protected":false},"excerpt":{"rendered":"<p>\u0130ran&#8217;daki petrol krizi, ABD&#8217;nin uygulad\u0131\u011f\u0131 deniz ablukas\u0131 sonras\u0131 derinle\u015fiyor. ABD donanmas\u0131n\u0131n \u0130ran limanlar\u0131 \u00e7evresinde uygulad\u0131\u011f\u0131 k\u0131s\u0131tlamalar nedeniyle ham petrol ihracat\u0131 b\u00fcy\u00fck \u00f6l\u00e7\u00fcde durdu. Bu durum, \u0130ran\u2019\u0131n petrol ihra\u00e7 ederek elde etti\u011fi ayl\u0131k yakla\u015f\u0131k 13 milyar dolarl\u0131k geliri bask\u0131 alt\u0131na ald\u0131. Kaynaklara g\u00f6re her g\u00fcn yakla\u015f\u0131k 1,5 milyon varil petrol depolara ekleniyor. Ancak depolama kapasitesinin h\u0131zla [&hellip;]<\/p>\n","protected":false},"author":13996,"featured_media":166535,"comment_status":"open","ping_status":"open","sticky":false,"template":"","format":"standard","meta":{"_yoast_wpseo_focuskw":"\u0130ran'daki petrol","_yoast_wpseo_title":"","_yoast_wpseo_metadesc":"\u0130ran petrol krizi, ABD ablukas\u0131 sonras\u0131 ihracat\u0131 durma noktas\u0131na getirdi. Depolama kapasitesi h\u0131zla dolarken \u00fcretim kesintisi riski art\u0131yor.","_bbp_topic_count":0,"_bbp_reply_count":0,"_bbp_total_topic_count":0,"_bbp_total_reply_count":0,"_bbp_voice_count":0,"_bbp_anonymous_reply_count":0,"_bbp_topic_count_hidden":0,"_bbp_reply_count_hidden":0,"_bbp_forum_subforum_count":0,"footnotes":"","_yoast_wpseo_focuskw_text_input":""},"categories":[5,1,8138],"tags":[10503,11348,11358,11357,5764],"yoast_head":"<!-- This site is optimized with the Yoast SEO plugin v23.0 - https:\/\/yoast.com\/wordpress\/plugins\/seo\/ -->\n<title>\u0130ran&#039;daki ABD Ablukas\u0131 Petrol Krizine Neden Oluyor - The Epoch Times TR<\/title>\n<meta name=\"description\" content=\"\u0130ran petrol krizi, ABD ablukas\u0131 sonras\u0131 ihracat\u0131 durma noktas\u0131na getirdi. Depolama kapasitesi h\u0131zla dolarken \u00fcretim kesintisi riski art\u0131yor.\" \/>\n<meta name=\"robots\" content=\"index, follow, max-snippet:-1, max-image-preview:large, max-video-preview:-1\" \/>\n<link rel=\"canonical\" href=\"https:\/\/epochtimestr.com\/index.php\/irandaki-abd-ablukasi-petrol-krizine-neden-oluyor\" \/>\n<meta property=\"og:locale\" content=\"tr_TR\" \/>\n<meta property=\"og:type\" content=\"article\" \/>\n<meta property=\"og:title\" content=\"\u0130ran&#039;daki ABD Ablukas\u0131 Petrol Krizine Neden Oluyor - The Epoch Times TR\" \/>\n<meta property=\"og:description\" content=\"\u0130ran petrol krizi, ABD ablukas\u0131 sonras\u0131 ihracat\u0131 durma noktas\u0131na getirdi. Depolama kapasitesi h\u0131zla dolarken \u00fcretim kesintisi riski art\u0131yor.\" \/>\n<meta property=\"og:url\" content=\"https:\/\/epochtimestr.com\/index.php\/irandaki-abd-ablukasi-petrol-krizine-neden-oluyor\" \/>\n<meta property=\"og:site_name\" content=\"The Epoch Times TR\" \/>\n<meta property=\"article:publisher\" content=\"https:\/\/www.facebook.com\/theepochtimestr\" \/>\n<meta property=\"article:published_time\" content=\"2026-05-06T12:14:27+00:00\" \/>\n<meta property=\"article:modified_time\" content=\"2026-05-06T12:14:29+00:00\" \/>\n<meta property=\"og:image\" content=\"https:\/\/epochtimestr.com\/wp-content\/uploads\/2011y\/1000035564.webp\" \/>\n\t<meta property=\"og:image:width\" content=\"1200\" \/>\n\t<meta property=\"og:image:height\" content=\"800\" \/>\n\t<meta property=\"og:image:type\" content=\"image\/webp\" \/>\n<meta name=\"author\" content=\"Leo Bajelan\" \/>\n<meta name=\"twitter:card\" content=\"summary_large_image\" \/>\n<meta name=\"twitter:creator\" content=\"@TheEpochTimesTR\" \/>\n<meta name=\"twitter:site\" content=\"@TheEpochTimesTR\" \/>\n<meta name=\"twitter:label1\" content=\"Yazan:\" \/>\n\t<meta name=\"twitter:data1\" content=\"Leo Bajelan\" \/>\n\t<meta name=\"twitter:label2\" content=\"Tahmini okuma s\u00fcresi\" \/>\n\t<meta name=\"twitter:data2\" content=\"2 dakika\" \/>\n<script type=\"application\/ld+json\" class=\"yoast-schema-graph\">{\"@context\":\"https:\/\/schema.org\",\"@graph\":[{\"@type\":\"Article\",\"@id\":\"https:\/\/epochtimestr.com\/index.php\/irandaki-abd-ablukasi-petrol-krizine-neden-oluyor#article\",\"isPartOf\":{\"@id\":\"https:\/\/epochtimestr.com\/index.php\/irandaki-abd-ablukasi-petrol-krizine-neden-oluyor\"},\"author\":{\"name\":\"Leo Bajelan\",\"@id\":\"https:\/\/epochtimestr.com\/#\/schema\/person\/5fef218711d76d8f232b0e1f1d7e4c0d\"},\"headline\":\"\u0130ran&#8217;daki ABD Ablukas\u0131 Petrol Krizine Neden Oluyor\",\"datePublished\":\"2026-05-06T12:14:27+00:00\",\"dateModified\":\"2026-05-06T12:14:29+00:00\",\"mainEntityOfPage\":{\"@id\":\"https:\/\/epochtimestr.com\/index.php\/irandaki-abd-ablukasi-petrol-krizine-neden-oluyor\"},\"wordCount\":347,\"commentCount\":0,\"publisher\":{\"@id\":\"https:\/\/epochtimestr.com\/#organization\"},\"image\":{\"@id\":\"https:\/\/epochtimestr.com\/index.php\/irandaki-abd-ablukasi-petrol-krizine-neden-oluyor#primaryimage\"},\"thumbnailUrl\":\"https:\/\/epochtimestr.com\/wp-content\/uploads\/2011y\/1000035564.webp\",\"keywords\":[\"ABD \u0130ran sava\u015f\u0131\",\"BAE OPEC\",\"Enerji Aspects\",\"\u0130ran petrol krizi\",\"Trump\"],\"articleSection\":[\"D\u00dcNYA\",\"G\u00dcNDEM\",\"MAN\u015eET\"],\"inLanguage\":\"tr\",\"potentialAction\":[{\"@type\":\"CommentAction\",\"name\":\"Comment\",\"target\":[\"https:\/\/epochtimestr.com\/index.php\/irandaki-abd-ablukasi-petrol-krizine-neden-oluyor#respond\"]}]},{\"@type\":\"WebPage\",\"@id\":\"https:\/\/epochtimestr.com\/index.php\/irandaki-abd-ablukasi-petrol-krizine-neden-oluyor\",\"url\":\"https:\/\/epochtimestr.com\/index.php\/irandaki-abd-ablukasi-petrol-krizine-neden-oluyor\",\"name\":\"\u0130ran'daki ABD Ablukas\u0131 Petrol Krizine Neden Oluyor - The Epoch Times TR\",\"isPartOf\":{\"@id\":\"https:\/\/epochtimestr.com\/#website\"},\"primaryImageOfPage\":{\"@id\":\"https:\/\/epochtimestr.com\/index.php\/irandaki-abd-ablukasi-petrol-krizine-neden-oluyor#primaryimage\"},\"image\":{\"@id\":\"https:\/\/epochtimestr.com\/index.php\/irandaki-abd-ablukasi-petrol-krizine-neden-oluyor#primaryimage\"},\"thumbnailUrl\":\"https:\/\/epochtimestr.com\/wp-content\/uploads\/2011y\/1000035564.webp\",\"datePublished\":\"2026-05-06T12:14:27+00:00\",\"dateModified\":\"2026-05-06T12:14:29+00:00\",\"description\":\"\u0130ran petrol krizi, ABD ablukas\u0131 sonras\u0131 ihracat\u0131 durma noktas\u0131na getirdi. Depolama kapasitesi h\u0131zla dolarken \u00fcretim kesintisi riski art\u0131yor.\",\"inLanguage\":\"tr\",\"potentialAction\":[{\"@type\":\"ReadAction\",\"target\":[\"https:\/\/epochtimestr.com\/index.php\/irandaki-abd-ablukasi-petrol-krizine-neden-oluyor\"]}]},{\"@type\":\"ImageObject\",\"inLanguage\":\"tr\",\"@id\":\"https:\/\/epochtimestr.com\/index.php\/irandaki-abd-ablukasi-petrol-krizine-neden-oluyor#primaryimage\",\"url\":\"https:\/\/epochtimestr.com\/wp-content\/uploads\/2011y\/1000035564.webp\",\"contentUrl\":\"https:\/\/epochtimestr.com\/wp-content\/uploads\/2011y\/1000035564.webp\",\"width\":1200,\"height\":800,\"caption\":\"Petrol fiyatlar\u0131 Orta Do\u011fu\u2019daki gerilim nedeniyle y\u00fckseldi. ABD\u2019nin yeni plan\u0131 enerji piyasalar\u0131nda istikrar\u0131 sa\u011flamay\u0131 hedefliyor. Bir adam, Elkridge\u2019deki bir benzin istasyonunda arac\u0131na yak\u0131t al\u0131rken. 12 Kas\u0131m 2025, Maryland, ABD. (Foto\u011fraf: Madalina Kilroy, The Epoch Times)\"},{\"@type\":\"WebSite\",\"@id\":\"https:\/\/epochtimestr.com\/#website\",\"url\":\"https:\/\/epochtimestr.com\/\",\"name\":\"The Epoch Times TR\",\"description\":\"De\u011fi\u015fen D\u00fcnyam\u0131za Taze Bir Bak\u0131\u015f\",\"publisher\":{\"@id\":\"https:\/\/epochtimestr.com\/#organization\"},\"potentialAction\":[{\"@type\":\"SearchAction\",\"target\":{\"@type\":\"EntryPoint\",\"urlTemplate\":\"https:\/\/epochtimestr.com\/?s={search_term_string}\"},\"query-input\":\"required name=search_term_string\"}],\"inLanguage\":\"tr\"},{\"@type\":\"Organization\",\"@id\":\"https:\/\/epochtimestr.com\/#organization\",\"name\":\"The EpochTimes T\u00fcrkiye\",\"url\":\"https:\/\/epochtimestr.com\/\",\"logo\":{\"@type\":\"ImageObject\",\"inLanguage\":\"tr\",\"@id\":\"https:\/\/epochtimestr.com\/#\/schema\/logo\/image\/\",\"url\":\"https:\/\/epochtimestr.com\/wp-content\/uploads\/2011y\/ET-Logo-YG.jpg\",\"contentUrl\":\"https:\/\/epochtimestr.com\/wp-content\/uploads\/2011y\/ET-Logo-YG.jpg\",\"width\":346,\"height\":29,\"caption\":\"The EpochTimes T\u00fcrkiye\"},\"image\":{\"@id\":\"https:\/\/epochtimestr.com\/#\/schema\/logo\/image\/\"},\"sameAs\":[\"https:\/\/www.facebook.com\/theepochtimestr\",\"https:\/\/x.com\/TheEpochTimesTR\",\"https:\/\/www.instagram.com\/epochtimestr\"]},{\"@type\":\"Person\",\"@id\":\"https:\/\/epochtimestr.com\/#\/schema\/person\/5fef218711d76d8f232b0e1f1d7e4c0d\",\"name\":\"Leo Bajelan\",\"image\":{\"@type\":\"ImageObject\",\"inLanguage\":\"tr\",\"@id\":\"https:\/\/epochtimestr.com\/#\/schema\/person\/image\/\",\"url\":\"https:\/\/secure.gravatar.com\/avatar\/917669146f489549e548a2e9af272df5?s=96&d=mm&r=g\",\"contentUrl\":\"https:\/\/secure.gravatar.com\/avatar\/917669146f489549e548a2e9af272df5?s=96&d=mm&r=g\",\"caption\":\"Leo Bajelan\"},\"url\":\"https:\/\/epochtimestr.com\/index.php\/author\/leo\"}]}<\/script>\n<!-- \/ Yoast SEO plugin. -->","yoast_head_json":{"title":"\u0130ran'daki ABD Ablukas\u0131 Petrol Krizine Neden Oluyor - The Epoch Times TR","description":"\u0130ran petrol krizi, ABD ablukas\u0131 sonras\u0131 ihracat\u0131 durma noktas\u0131na getirdi. Depolama kapasitesi h\u0131zla dolarken \u00fcretim kesintisi riski art\u0131yor.","robots":{"index":"index","follow":"follow","max-snippet":"max-snippet:-1","max-image-preview":"max-image-preview:large","max-video-preview":"max-video-preview:-1"},"canonical":"https:\/\/epochtimestr.com\/index.php\/irandaki-abd-ablukasi-petrol-krizine-neden-oluyor","og_locale":"tr_TR","og_type":"article","og_title":"\u0130ran'daki ABD Ablukas\u0131 Petrol Krizine Neden Oluyor - The Epoch Times TR","og_description":"\u0130ran petrol krizi, ABD ablukas\u0131 sonras\u0131 ihracat\u0131 durma noktas\u0131na getirdi. Depolama kapasitesi h\u0131zla dolarken \u00fcretim kesintisi riski art\u0131yor.","og_url":"https:\/\/epochtimestr.com\/index.php\/irandaki-abd-ablukasi-petrol-krizine-neden-oluyor","og_site_name":"The Epoch Times TR","article_publisher":"https:\/\/www.facebook.com\/theepochtimestr","article_published_time":"2026-05-06T12:14:27+00:00","article_modified_time":"2026-05-06T12:14:29+00:00","og_image":[{"width":1200,"height":800,"url":"https:\/\/epochtimestr.com\/wp-content\/uploads\/2011y\/1000035564.webp","type":"image\/webp"}],"author":"Leo Bajelan","twitter_card":"summary_large_image","twitter_creator":"@TheEpochTimesTR","twitter_site":"@TheEpochTimesTR","twitter_misc":{"Yazan:":"Leo Bajelan","Tahmini okuma s\u00fcresi":"2 dakika"},"schema":{"@context":"https:\/\/schema.org","@graph":[{"@type":"Article","@id":"https:\/\/epochtimestr.com\/index.php\/irandaki-abd-ablukasi-petrol-krizine-neden-oluyor#article","isPartOf":{"@id":"https:\/\/epochtimestr.com\/index.php\/irandaki-abd-ablukasi-petrol-krizine-neden-oluyor"},"author":{"name":"Leo Bajelan","@id":"https:\/\/epochtimestr.com\/#\/schema\/person\/5fef218711d76d8f232b0e1f1d7e4c0d"},"headline":"\u0130ran&#8217;daki ABD Ablukas\u0131 Petrol Krizine Neden Oluyor","datePublished":"2026-05-06T12:14:27+00:00","dateModified":"2026-05-06T12:14:29+00:00","mainEntityOfPage":{"@id":"https:\/\/epochtimestr.com\/index.php\/irandaki-abd-ablukasi-petrol-krizine-neden-oluyor"},"wordCount":347,"commentCount":0,"publisher":{"@id":"https:\/\/epochtimestr.com\/#organization"},"image":{"@id":"https:\/\/epochtimestr.com\/index.php\/irandaki-abd-ablukasi-petrol-krizine-neden-oluyor#primaryimage"},"thumbnailUrl":"https:\/\/epochtimestr.com\/wp-content\/uploads\/2011y\/1000035564.webp","keywords":["ABD \u0130ran sava\u015f\u0131","BAE OPEC","Enerji Aspects","\u0130ran petrol krizi","Trump"],"articleSection":["D\u00dcNYA","G\u00dcNDEM","MAN\u015eET"],"inLanguage":"tr","potentialAction":[{"@type":"CommentAction","name":"Comment","target":["https:\/\/epochtimestr.com\/index.php\/irandaki-abd-ablukasi-petrol-krizine-neden-oluyor#respond"]}]},{"@type":"WebPage","@id":"https:\/\/epochtimestr.com\/index.php\/irandaki-abd-ablukasi-petrol-krizine-neden-oluyor","url":"https:\/\/epochtimestr.com\/index.php\/irandaki-abd-ablukasi-petrol-krizine-neden-oluyor","name":"\u0130ran'daki ABD Ablukas\u0131 Petrol Krizine Neden Oluyor - The Epoch Times TR","isPartOf":{"@id":"https:\/\/epochtimestr.com\/#website"},"primaryImageOfPage":{"@id":"https:\/\/epochtimestr.com\/index.php\/irandaki-abd-ablukasi-petrol-krizine-neden-oluyor#primaryimage"},"image":{"@id":"https:\/\/epochtimestr.com\/index.php\/irandaki-abd-ablukasi-petrol-krizine-neden-oluyor#primaryimage"},"thumbnailUrl":"https:\/\/epochtimestr.com\/wp-content\/uploads\/2011y\/1000035564.webp","datePublished":"2026-05-06T12:14:27+00:00","dateModified":"2026-05-06T12:14:29+00:00","description":"\u0130ran petrol krizi, ABD ablukas\u0131 sonras\u0131 ihracat\u0131 durma noktas\u0131na getirdi. Depolama kapasitesi h\u0131zla dolarken \u00fcretim kesintisi riski art\u0131yor.","inLanguage":"tr","potentialAction":[{"@type":"ReadAction","target":["https:\/\/epochtimestr.com\/index.php\/irandaki-abd-ablukasi-petrol-krizine-neden-oluyor"]}]},{"@type":"ImageObject","inLanguage":"tr","@id":"https:\/\/epochtimestr.com\/index.php\/irandaki-abd-ablukasi-petrol-krizine-neden-oluyor#primaryimage","url":"https:\/\/epochtimestr.com\/wp-content\/uploads\/2011y\/1000035564.webp","contentUrl":"https:\/\/epochtimestr.com\/wp-content\/uploads\/2011y\/1000035564.webp","width":1200,"height":800,"caption":"Petrol fiyatlar\u0131 Orta Do\u011fu\u2019daki gerilim nedeniyle y\u00fckseldi. ABD\u2019nin yeni plan\u0131 enerji piyasalar\u0131nda istikrar\u0131 sa\u011flamay\u0131 hedefliyor. Bir adam, Elkridge\u2019deki bir benzin istasyonunda arac\u0131na yak\u0131t al\u0131rken. 12 Kas\u0131m 2025, Maryland, ABD. (Foto\u011fraf: Madalina Kilroy, The Epoch Times)"},{"@type":"WebSite","@id":"https:\/\/epochtimestr.com\/#website","url":"https:\/\/epochtimestr.com\/","name":"The Epoch Times TR","description":"De\u011fi\u015fen D\u00fcnyam\u0131za Taze Bir Bak\u0131\u015f","publisher":{"@id":"https:\/\/epochtimestr.com\/#organization"},"potentialAction":[{"@type":"SearchAction","target":{"@type":"EntryPoint","urlTemplate":"https:\/\/epochtimestr.com\/?s={search_term_string}"},"query-input":"required name=search_term_string"}],"inLanguage":"tr"},{"@type":"Organization","@id":"https:\/\/epochtimestr.com\/#organization","name":"The EpochTimes T\u00fcrkiye","url":"https:\/\/epochtimestr.com\/","logo":{"@type":"ImageObject","inLanguage":"tr","@id":"https:\/\/epochtimestr.com\/#\/schema\/logo\/image\/","url":"https:\/\/epochtimestr.com\/wp-content\/uploads\/2011y\/ET-Logo-YG.jpg","contentUrl":"https:\/\/epochtimestr.com\/wp-content\/uploads\/2011y\/ET-Logo-YG.jpg","width":346,"height":29,"caption":"The EpochTimes T\u00fcrkiye"},"image":{"@id":"https:\/\/epochtimestr.com\/#\/schema\/logo\/image\/"},"sameAs":["https:\/\/www.facebook.com\/theepochtimestr","https:\/\/x.com\/TheEpochTimesTR","https:\/\/www.instagram.com\/epochtimestr"]},{"@type":"Person","@id":"https:\/\/epochtimestr.com\/#\/schema\/person\/5fef218711d76d8f232b0e1f1d7e4c0d","name":"Leo Bajelan","image":{"@type":"ImageObject","inLanguage":"tr","@id":"https:\/\/epochtimestr.com\/#\/schema\/person\/image\/","url":"https:\/\/secure.gravatar.com\/avatar\/917669146f489549e548a2e9af272df5?s=96&d=mm&r=g","contentUrl":"https:\/\/secure.gravatar.com\/avatar\/917669146f489549e548a2e9af272df5?s=96&d=mm&r=g","caption":"Leo Bajelan"},"url":"https:\/\/epochtimestr.com\/index.php\/author\/leo"}]}},"_links":{"self":[{"href":"https:\/\/epochtimestr.com\/index.php\/wp-json\/wp\/v2\/posts\/167128"}],"collection":[{"href":"https:\/\/epochtimestr.com\/index.php\/wp-json\/wp\/v2\/posts"}],"about":[{"href":"https:\/\/epochtimestr.com\/index.php\/wp-json\/wp\/v2\/types\/post"}],"author":[{"embeddable":true,"href":"https:\/\/epochtimestr.com\/index.php\/wp-json\/wp\/v2\/users\/13996"}],"replies":[{"embeddable":true,"href":"https:\/\/epochtimestr.com\/index.php\/wp-json\/wp\/v2\/comments?post=167128"}],"version-history":[{"count":2,"href":"https:\/\/epochtimestr.com\/index.php\/wp-json\/wp\/v2\/posts\/167128\/revisions"}],"predecessor-version":[{"id":167134,"href":"https:\/\/epochtimestr.com\/index.php\/wp-json\/wp\/v2\/posts\/167128\/revisions\/167134"}],"wp:featuredmedia":[{"embeddable":true,"href":"https:\/\/epochtimestr.com\/index.php\/wp-json\/wp\/v2\/media\/166535"}],"wp:attachment":[{"href":"https:\/\/epochtimestr.com\/index.php\/wp-json\/wp\/v2\/media?parent=167128"}],"wp:term":[{"taxonomy":"category","embeddable":true,"href":"https:\/\/epochtimestr.com\/index.php\/wp-json\/wp\/v2\/categories?post=167128"},{"taxonomy":"post_tag","embeddable":true,"href":"https:\/\/epochtimestr.com\/index.php\/wp-json\/wp\/v2\/tags?post=167128"}],"curies":[{"name":"wp","href":"https:\/\/api.w.org\/{rel}","templated":true}]}}