{"id":167140,"date":"2026-05-07T12:55:10","date_gmt":"2026-05-07T09:55:10","guid":{"rendered":"https:\/\/epochtimestr.com\/?p=167140"},"modified":"2026-05-07T13:03:42","modified_gmt":"2026-05-07T10:03:42","slug":"pismanlik-aratosun-ismini-meze-yaptilar","status":"publish","type":"post","link":"https:\/\/epochtimestr.com\/index.php\/pismanlik-aratosun-ismini-meze-yaptilar","title":{"rendered":"Pi\u015fmanl\u0131k: \u201cAratos\u2019un \u0130smini Meze Yapt\u0131lar\u201d"},"content":{"rendered":"\n<figure class=\"wp-block-gallery has-nested-images columns-default is-cropped\"><div class=\"wp-block-image\">\n<figure class=\"aligncenter size-large\"><img loading=\"lazy\" decoding=\"async\" width=\"1960\" height=\"1200\" data-id=\"167141\" src=\"https:\/\/epochtimestr.com\/wp-content\/uploads\/2011y\/WhatsApp-Image-2026-05-07-at-11.22.59-1960x1200.jpeg\" alt=\"\" class=\"wp-image-167141\" srcset=\"https:\/\/epochtimestr.com\/wp-content\/uploads\/2011y\/WhatsApp-Image-2026-05-07-at-11.22.59-1960x1200.jpeg 1960w, https:\/\/epochtimestr.com\/wp-content\/uploads\/2011y\/WhatsApp-Image-2026-05-07-at-11.22.59-300x184.jpeg 300w, https:\/\/epochtimestr.com\/wp-content\/uploads\/2011y\/WhatsApp-Image-2026-05-07-at-11.22.59-150x92.jpeg 150w, https:\/\/epochtimestr.com\/wp-content\/uploads\/2011y\/WhatsApp-Image-2026-05-07-at-11.22.59-768x470.jpeg 768w, https:\/\/epochtimestr.com\/wp-content\/uploads\/2011y\/WhatsApp-Image-2026-05-07-at-11.22.59-1536x940.jpeg 1536w, https:\/\/epochtimestr.com\/wp-content\/uploads\/2011y\/WhatsApp-Image-2026-05-07-at-11.22.59.jpeg 2017w\" sizes=\"(max-width: 1960px) 100vw, 1960px\" \/><\/figure><\/div><\/figure>\n\n\n\n<p>Aratos Felsefe Dergisi kurucusu ve Yay\u0131n Y\u00f6netmeni gazeteci-yazar U\u011fur Pi\u015fmanl\u0131k, Mersin\u2019de Aratos ad\u0131na a\u00e7\u0131lan ticari i\u015fletmelere sert tepki g\u00f6sterdi. Pi\u015fmanl\u0131k, \u00f6zellikle Mezze Aratos adl\u0131 i\u015fletmenin bir belediye i\u015fletmesi olmas\u0131n\u0131n \u201cutan\u00e7 verici\u201d oldu\u011funu savundu.<\/p>\n\n\n\n<h2 class=\"wp-block-heading\"><strong>\u201cFilozofun Ad\u0131 Ticari \u0130\u015fletmelere Verildi\u201d<\/strong><\/h2>\n\n\n\n<p>Pi\u015fmanl\u0131k, Tarsuslu filozof Aratos\u2019un ad\u0131n\u0131n bir mezeci d\u00fckk\u00e2n\u0131, ara\u00e7 kiralama \u015firketi, kafe ve taksi dura\u011f\u0131 gibi i\u015fletmelerde kullan\u0131lmas\u0131n\u0131 ele\u015ftirerek, filozofun \u201cticarete meze edildi\u011fini\u201d s\u00f6yledi.<\/p>\n\n\n\n<p>Aratos\u2019un tarihsel ve k\u00fclt\u00fcrel kimli\u011finin g\u00f6z ard\u0131 edildi\u011fini ifade eden Pi\u015fmanl\u0131k, \u015fu de\u011ferlendirmede bulundu:<\/p>\n\n\n\n<p>\u201cM\u00d6 4. y\u00fczy\u0131lda ya\u015fam\u0131\u015f \u015fair, matematik\u00e7i ve g\u00f6kbilimci Tarsuslu filozof Aratos\u2019un ad\u0131n\u0131n baz\u0131 ticari i\u015fletmelere verilmi\u015f olmas\u0131 hi\u00e7 yak\u0131\u015f\u0131k olmam\u0131\u015ft\u0131r.\u201d<\/p>\n\n\n\n<h2 class=\"wp-block-heading\"><strong>\u201cMezze Aratos\u2019un Belediyeye Ait Oldu\u011funu G\u00f6rd\u00fcm\u201d<\/strong><\/h2>\n\n\n\n<p>Ara\u015ft\u0131rmalar\u0131 s\u0131ras\u0131nda Mezze Aratos adl\u0131 i\u015fletmenin Mezitli Belediyesi\u2019ne ait oldu\u011funu \u00f6\u011frendi\u011fini belirten Pi\u015fmanl\u0131k, bir belediyenin antik \u00e7a\u011f filozofunun ad\u0131n\u0131 ticari bir i\u015fletmede kullanmas\u0131n\u0131n kabul edilemez oldu\u011funu dile getirdi.<\/p>\n\n\n\n<p>Bir gazetede yay\u0131mlanan bir haberi \u00f6rnek g\u00f6steren Pi\u015fmanl\u0131k, belediyeye ba\u011fl\u0131 i\u015fletmeler aras\u0131nda \u201cMezze Aratos\u201d ad\u0131n\u0131n ge\u00e7ti\u011fini belirterek \u015funlar\u0131 s\u00f6yledi:<\/p>\n\n\n\n<p>\u201cBundan da anla\u015f\u0131ld\u0131\u011f\u0131 kadar\u0131yla filozof Aratos\u2019un ad\u0131 bir mezeci d\u00fckk\u00e2n\u0131na verilerek bu de\u011ferli filozofun ad\u0131 meze edilmi\u015ftir.\u201d<\/p>\n\n\n\n<h2 class=\"wp-block-heading\"><strong>Soli Tart\u0131\u015fmas\u0131 ve Aratos\u2019un Mezar\u0131 \u0130ddias\u0131<\/strong><\/h2>\n\n\n\n<p>Pi\u015fmanl\u0131k a\u00e7\u0131klamas\u0131nda, Remzi Ya\u011fc\u0131 taraf\u0131ndan y\u0131llard\u0131r s\u00fcrd\u00fcr\u00fclen kaz\u0131 \u00e7al\u0131\u015fmalar\u0131n\u0131 da ele\u015ftirdi. Soli Antik Kenti\u2019nde mezar ya da an\u0131t mezar oldu\u011fu iddia edilen yap\u0131n\u0131n kamuoyuna \u201cAratos\u2019un mezar\u0131\u201d \u015feklinde sunuldu\u011funu savunan Pi\u015fmanl\u0131k, bu yakla\u015f\u0131m\u0131n bas\u0131n\u0131 ve kamuoyunu yan\u0131ltt\u0131\u011f\u0131n\u0131 ileri s\u00fcrd\u00fc.<\/p>\n\n\n\n<p>Baz\u0131 \u00e7evrelerin Aratos\u2019un Solili oldu\u011fu ve mezar\u0131n\u0131n Soli\u2019de bulundu\u011fu y\u00f6n\u00fcndeki iddialar \u00fczerinden ticari bir k\u00fclt\u00fcr olu\u015fturdu\u011funu savunan Pi\u015fmanl\u0131k, bunun \u201crant odakl\u0131 bir yakla\u015f\u0131m\u201d oldu\u011funu s\u00f6yledi.<\/p>\n\n\n\n<h2 class=\"wp-block-heading\"><strong>\u201c25 Y\u0131ld\u0131r Felsefi Bir Etkinlik Yap\u0131ld\u0131 m\u0131?\u201d<\/strong><\/h2>\n\n\n\n<p>Aratos\u2019un ad\u0131 etraf\u0131nda y\u00fcr\u00fct\u00fclen \u00e7al\u0131\u015fmalar\u0131n k\u00fclt\u00fcrel de\u011fil ekonomik motivasyonlarla \u015fekillendi\u011fini iddia eden Pi\u015fmanl\u0131k, \u015fu sorular\u0131 y\u00f6neltti:<\/p>\n\n\n\n<p>\u201c25 y\u0131ld\u0131r Aratos\u2019un mezar\u0131n\u0131 kazanlar, bu de\u011ferli filozof ad\u0131na bir tane s\u00f6yle\u015fi yapm\u0131\u015f m\u0131d\u0131r? Bir panel, sempozyum, sergi ya da ba\u015fka bir felsefi etkinlik yap\u0131lm\u0131\u015f m\u0131d\u0131r?\u201d<\/p>\n\n\n\n<p>Pi\u015fmanl\u0131k, Tarsus\u2019ta ise Aratos ad\u0131na uzun y\u0131llard\u0131r \u00e7ok say\u0131da felsefi ve sanatsal etkinlik ger\u00e7ekle\u015ftirildi\u011fini belirtti.<\/p>\n\n\n\n<h2 class=\"wp-block-heading\"><strong>\u201cAratos\u2019un Ad\u0131n\u0131 De\u011fi\u015ftirin\u201d<\/strong><\/h2>\n\n\n\n<p>Ahmet Serkan Tuncer\u2019e \u00e7a\u011fr\u0131da bulunan Pi\u015fmanl\u0131k, belediyeye ba\u011fl\u0131 i\u015fletmenin ad\u0131n\u0131n de\u011fi\u015ftirilmesini istedi.<\/p>\n\n\n\n<p>Pi\u015fmanl\u0131k a\u00e7\u0131klamas\u0131n\u0131 \u015fu s\u00f6zlerle tamamlad\u0131:<\/p>\n\n\n\n<p>\u201cAntik \u00e7a\u011f\u0131n bir felsefecisi ad\u0131na felsefi bir \u015fey \u00fcretmeyen Mersin, ticari zek\u00e2yla filozofun ad\u0131na mezeci d\u00fckk\u00e2n\u0131 a\u00e7\u0131yor. Bu ay\u0131p Mersin\u2019e yeter. Aratos\u2019un ad\u0131n\u0131 a\u011fz\u0131n\u0131za almay\u0131n.\u201d<\/p>\n\n\n\n<h2 class=\"wp-block-heading\"><strong>\u201cAratos Ad\u0131na Y\u00fczlerce Etkinlik Yap\u0131l\u0131yor\u201d<\/strong><\/h2>\n\n\n\n<p>Tarsus\u2019un antik \u00e7a\u011fdan bu yana g\u00fc\u00e7l\u00fc bir d\u00fc\u015f\u00fcnce gelene\u011fine sahip oldu\u011funu vurgulayan Pi\u015fmanl\u0131k, kentte Aratos ad\u0131na y\u00fczlerce felsefi ve sanatsal etkinlik d\u00fczenlendi\u011fini ifade etti.<\/p>\n\n\n\n<p>\u201cAntik \u00e7a\u011fda 46 filozof \u00e7\u0131karm\u0131\u015f felsefenin kentine gelip baks\u0131nlar. Gelemeyenler de \u2018Google amcadan\u2019 \u00f6\u011frensin.\u201d<\/p>\n","protected":false},"excerpt":{"rendered":"<p>Aratos Felsefe Dergisi kurucusu ve Yay\u0131n Y\u00f6netmeni gazeteci-yazar U\u011fur Pi\u015fmanl\u0131k, Mersin\u2019de Aratos ad\u0131na a\u00e7\u0131lan ticari i\u015fletmelere sert tepki g\u00f6sterdi. Pi\u015fmanl\u0131k, \u00f6zellikle Mezze Aratos adl\u0131 i\u015fletmenin bir belediye i\u015fletmesi olmas\u0131n\u0131n \u201cutan\u00e7 verici\u201d oldu\u011funu savundu. \u201cFilozofun Ad\u0131 Ticari \u0130\u015fletmelere Verildi\u201d Pi\u015fmanl\u0131k, Tarsuslu filozof Aratos\u2019un ad\u0131n\u0131n bir mezeci d\u00fckk\u00e2n\u0131, ara\u00e7 kiralama \u015firketi, kafe ve taksi dura\u011f\u0131 gibi i\u015fletmelerde [&hellip;]<\/p>\n","protected":false},"author":12791,"featured_media":167141,"comment_status":"open","ping_status":"open","sticky":false,"template":"","format":"standard","meta":{"_yoast_wpseo_focuskw":"Aratos","_yoast_wpseo_title":"","_yoast_wpseo_metadesc":"Aratos Felsefe Dergisi Kurucusu, Gazeteci-Yazar U\u011fur Pi\u015fmanl\u0131k, Mersin\u2019de Aratos ad\u0131na a\u00e7\u0131lan ticari i\u015fletmelere sert tepki g\u00f6sterdi.","_bbp_topic_count":0,"_bbp_reply_count":0,"_bbp_total_topic_count":0,"_bbp_total_reply_count":0,"_bbp_voice_count":0,"_bbp_anonymous_reply_count":0,"_bbp_topic_count_hidden":0,"_bbp_reply_count_hidden":0,"_bbp_forum_subforum_count":0,"footnotes":"","_yoast_wpseo_focuskw_text_input":""},"categories":[11359,1],"tags":[11360,5149],"yoast_head":"<!-- This site is optimized with the Yoast SEO plugin v23.0 - https:\/\/yoast.com\/wordpress\/plugins\/seo\/ -->\n<title>Pi\u015fmanl\u0131k: \u201cAratos\u2019un \u0130smini Meze Yapt\u0131lar\u201d - The Epoch Times TR<\/title>\n<meta name=\"description\" content=\"Aratos Felsefe Dergisi Kurucusu, Gazeteci-Yazar U\u011fur Pi\u015fmanl\u0131k, Mersin\u2019de Aratos ad\u0131na a\u00e7\u0131lan ticari i\u015fletmelere sert tepki g\u00f6sterdi.\" \/>\n<meta name=\"robots\" content=\"index, follow, max-snippet:-1, max-image-preview:large, max-video-preview:-1\" \/>\n<link rel=\"canonical\" href=\"https:\/\/epochtimestr.com\/index.php\/pismanlik-aratosun-ismini-meze-yaptilar\" \/>\n<meta property=\"og:locale\" content=\"tr_TR\" \/>\n<meta property=\"og:type\" content=\"article\" \/>\n<meta property=\"og:title\" content=\"Pi\u015fmanl\u0131k: \u201cAratos\u2019un \u0130smini Meze Yapt\u0131lar\u201d - The Epoch Times TR\" \/>\n<meta property=\"og:description\" content=\"Aratos Felsefe Dergisi Kurucusu, Gazeteci-Yazar U\u011fur Pi\u015fmanl\u0131k, Mersin\u2019de Aratos ad\u0131na a\u00e7\u0131lan ticari i\u015fletmelere sert tepki g\u00f6sterdi.\" \/>\n<meta property=\"og:url\" content=\"https:\/\/epochtimestr.com\/index.php\/pismanlik-aratosun-ismini-meze-yaptilar\" \/>\n<meta property=\"og:site_name\" content=\"The Epoch Times TR\" \/>\n<meta property=\"article:publisher\" content=\"https:\/\/www.facebook.com\/theepochtimestr\" \/>\n<meta property=\"article:published_time\" content=\"2026-05-07T09:55:10+00:00\" \/>\n<meta property=\"article:modified_time\" content=\"2026-05-07T10:03:42+00:00\" \/>\n<meta property=\"og:image\" content=\"https:\/\/epochtimestr.com\/wp-content\/uploads\/2011y\/WhatsApp-Image-2026-05-07-at-11.22.59.jpeg\" \/>\n\t<meta property=\"og:image:width\" content=\"2017\" \/>\n\t<meta property=\"og:image:height\" content=\"1235\" \/>\n\t<meta property=\"og:image:type\" content=\"image\/jpeg\" \/>\n<meta name=\"author\" content=\"Haber Merkezi\" \/>\n<meta name=\"twitter:card\" content=\"summary_large_image\" \/>\n<meta name=\"twitter:creator\" content=\"@TheEpochTimesTR\" \/>\n<meta name=\"twitter:site\" content=\"@TheEpochTimesTR\" \/>\n<meta name=\"twitter:label1\" content=\"Yazan:\" \/>\n\t<meta name=\"twitter:data1\" content=\"Haber Merkezi\" \/>\n\t<meta name=\"twitter:label2\" content=\"Tahmini okuma s\u00fcresi\" \/>\n\t<meta name=\"twitter:data2\" content=\"3 dakika\" \/>\n<script type=\"application\/ld+json\" class=\"yoast-schema-graph\">{\"@context\":\"https:\/\/schema.org\",\"@graph\":[{\"@type\":\"Article\",\"@id\":\"https:\/\/epochtimestr.com\/index.php\/pismanlik-aratosun-ismini-meze-yaptilar#article\",\"isPartOf\":{\"@id\":\"https:\/\/epochtimestr.com\/index.php\/pismanlik-aratosun-ismini-meze-yaptilar\"},\"author\":{\"name\":\"Haber Merkezi\",\"@id\":\"https:\/\/epochtimestr.com\/#\/schema\/person\/3dc5c3adeb9f43923c5aa85889172fdd\"},\"headline\":\"Pi\u015fmanl\u0131k: \u201cAratos\u2019un \u0130smini Meze Yapt\u0131lar\u201d\",\"datePublished\":\"2026-05-07T09:55:10+00:00\",\"dateModified\":\"2026-05-07T10:03:42+00:00\",\"mainEntityOfPage\":{\"@id\":\"https:\/\/epochtimestr.com\/index.php\/pismanlik-aratosun-ismini-meze-yaptilar\"},\"wordCount\":624,\"commentCount\":0,\"publisher\":{\"@id\":\"https:\/\/epochtimestr.com\/#organization\"},\"image\":{\"@id\":\"https:\/\/epochtimestr.com\/index.php\/pismanlik-aratosun-ismini-meze-yaptilar#primaryimage\"},\"thumbnailUrl\":\"https:\/\/epochtimestr.com\/wp-content\/uploads\/2011y\/WhatsApp-Image-2026-05-07-at-11.22.59.jpeg\",\"keywords\":[\"Aratos\",\"tarsus\"],\"articleSection\":[\"Felsefe\",\"G\u00dcNDEM\"],\"inLanguage\":\"tr\",\"potentialAction\":[{\"@type\":\"CommentAction\",\"name\":\"Comment\",\"target\":[\"https:\/\/epochtimestr.com\/index.php\/pismanlik-aratosun-ismini-meze-yaptilar#respond\"]}]},{\"@type\":\"WebPage\",\"@id\":\"https:\/\/epochtimestr.com\/index.php\/pismanlik-aratosun-ismini-meze-yaptilar\",\"url\":\"https:\/\/epochtimestr.com\/index.php\/pismanlik-aratosun-ismini-meze-yaptilar\",\"name\":\"Pi\u015fmanl\u0131k: \u201cAratos\u2019un \u0130smini Meze Yapt\u0131lar\u201d - The Epoch Times TR\",\"isPartOf\":{\"@id\":\"https:\/\/epochtimestr.com\/#website\"},\"primaryImageOfPage\":{\"@id\":\"https:\/\/epochtimestr.com\/index.php\/pismanlik-aratosun-ismini-meze-yaptilar#primaryimage\"},\"image\":{\"@id\":\"https:\/\/epochtimestr.com\/index.php\/pismanlik-aratosun-ismini-meze-yaptilar#primaryimage\"},\"thumbnailUrl\":\"https:\/\/epochtimestr.com\/wp-content\/uploads\/2011y\/WhatsApp-Image-2026-05-07-at-11.22.59.jpeg\",\"datePublished\":\"2026-05-07T09:55:10+00:00\",\"dateModified\":\"2026-05-07T10:03:42+00:00\",\"description\":\"Aratos Felsefe Dergisi Kurucusu, Gazeteci-Yazar U\u011fur Pi\u015fmanl\u0131k, Mersin\u2019de Aratos ad\u0131na a\u00e7\u0131lan ticari i\u015fletmelere sert tepki g\u00f6sterdi.\",\"inLanguage\":\"tr\",\"potentialAction\":[{\"@type\":\"ReadAction\",\"target\":[\"https:\/\/epochtimestr.com\/index.php\/pismanlik-aratosun-ismini-meze-yaptilar\"]}]},{\"@type\":\"ImageObject\",\"inLanguage\":\"tr\",\"@id\":\"https:\/\/epochtimestr.com\/index.php\/pismanlik-aratosun-ismini-meze-yaptilar#primaryimage\",\"url\":\"https:\/\/epochtimestr.com\/wp-content\/uploads\/2011y\/WhatsApp-Image-2026-05-07-at-11.22.59.jpeg\",\"contentUrl\":\"https:\/\/epochtimestr.com\/wp-content\/uploads\/2011y\/WhatsApp-Image-2026-05-07-at-11.22.59.jpeg\",\"width\":2017,\"height\":1235},{\"@type\":\"WebSite\",\"@id\":\"https:\/\/epochtimestr.com\/#website\",\"url\":\"https:\/\/epochtimestr.com\/\",\"name\":\"The Epoch Times TR\",\"description\":\"De\u011fi\u015fen D\u00fcnyam\u0131za Taze Bir Bak\u0131\u015f\",\"publisher\":{\"@id\":\"https:\/\/epochtimestr.com\/#organization\"},\"potentialAction\":[{\"@type\":\"SearchAction\",\"target\":{\"@type\":\"EntryPoint\",\"urlTemplate\":\"https:\/\/epochtimestr.com\/?s={search_term_string}\"},\"query-input\":\"required name=search_term_string\"}],\"inLanguage\":\"tr\"},{\"@type\":\"Organization\",\"@id\":\"https:\/\/epochtimestr.com\/#organization\",\"name\":\"The EpochTimes T\u00fcrkiye\",\"url\":\"https:\/\/epochtimestr.com\/\",\"logo\":{\"@type\":\"ImageObject\",\"inLanguage\":\"tr\",\"@id\":\"https:\/\/epochtimestr.com\/#\/schema\/logo\/image\/\",\"url\":\"https:\/\/epochtimestr.com\/wp-content\/uploads\/2011y\/ET-Logo-YG.jpg\",\"contentUrl\":\"https:\/\/epochtimestr.com\/wp-content\/uploads\/2011y\/ET-Logo-YG.jpg\",\"width\":346,\"height\":29,\"caption\":\"The EpochTimes T\u00fcrkiye\"},\"image\":{\"@id\":\"https:\/\/epochtimestr.com\/#\/schema\/logo\/image\/\"},\"sameAs\":[\"https:\/\/www.facebook.com\/theepochtimestr\",\"https:\/\/x.com\/TheEpochTimesTR\",\"https:\/\/www.instagram.com\/epochtimestr\"]},{\"@type\":\"Person\",\"@id\":\"https:\/\/epochtimestr.com\/#\/schema\/person\/3dc5c3adeb9f43923c5aa85889172fdd\",\"name\":\"Haber Merkezi\",\"image\":{\"@type\":\"ImageObject\",\"inLanguage\":\"tr\",\"@id\":\"https:\/\/epochtimestr.com\/#\/schema\/person\/image\/\",\"url\":\"https:\/\/secure.gravatar.com\/avatar\/d73f772ba5a74f28601361e17c2f93e6?s=96&d=mm&r=g\",\"contentUrl\":\"https:\/\/secure.gravatar.com\/avatar\/d73f772ba5a74f28601361e17c2f93e6?s=96&d=mm&r=g\",\"caption\":\"Haber Merkezi\"},\"url\":\"https:\/\/epochtimestr.com\/index.php\/author\/sendag\"}]}<\/script>\n<!-- \/ Yoast SEO plugin. -->","yoast_head_json":{"title":"Pi\u015fmanl\u0131k: \u201cAratos\u2019un \u0130smini Meze Yapt\u0131lar\u201d - The Epoch Times TR","description":"Aratos Felsefe Dergisi Kurucusu, Gazeteci-Yazar U\u011fur Pi\u015fmanl\u0131k, Mersin\u2019de Aratos ad\u0131na a\u00e7\u0131lan ticari i\u015fletmelere sert tepki g\u00f6sterdi.","robots":{"index":"index","follow":"follow","max-snippet":"max-snippet:-1","max-image-preview":"max-image-preview:large","max-video-preview":"max-video-preview:-1"},"canonical":"https:\/\/epochtimestr.com\/index.php\/pismanlik-aratosun-ismini-meze-yaptilar","og_locale":"tr_TR","og_type":"article","og_title":"Pi\u015fmanl\u0131k: \u201cAratos\u2019un \u0130smini Meze Yapt\u0131lar\u201d - The Epoch Times TR","og_description":"Aratos Felsefe Dergisi Kurucusu, Gazeteci-Yazar U\u011fur Pi\u015fmanl\u0131k, Mersin\u2019de Aratos ad\u0131na a\u00e7\u0131lan ticari i\u015fletmelere sert tepki g\u00f6sterdi.","og_url":"https:\/\/epochtimestr.com\/index.php\/pismanlik-aratosun-ismini-meze-yaptilar","og_site_name":"The Epoch Times TR","article_publisher":"https:\/\/www.facebook.com\/theepochtimestr","article_published_time":"2026-05-07T09:55:10+00:00","article_modified_time":"2026-05-07T10:03:42+00:00","og_image":[{"width":2017,"height":1235,"url":"https:\/\/epochtimestr.com\/wp-content\/uploads\/2011y\/WhatsApp-Image-2026-05-07-at-11.22.59.jpeg","type":"image\/jpeg"}],"author":"Haber Merkezi","twitter_card":"summary_large_image","twitter_creator":"@TheEpochTimesTR","twitter_site":"@TheEpochTimesTR","twitter_misc":{"Yazan:":"Haber Merkezi","Tahmini okuma s\u00fcresi":"3 dakika"},"schema":{"@context":"https:\/\/schema.org","@graph":[{"@type":"Article","@id":"https:\/\/epochtimestr.com\/index.php\/pismanlik-aratosun-ismini-meze-yaptilar#article","isPartOf":{"@id":"https:\/\/epochtimestr.com\/index.php\/pismanlik-aratosun-ismini-meze-yaptilar"},"author":{"name":"Haber Merkezi","@id":"https:\/\/epochtimestr.com\/#\/schema\/person\/3dc5c3adeb9f43923c5aa85889172fdd"},"headline":"Pi\u015fmanl\u0131k: \u201cAratos\u2019un \u0130smini Meze Yapt\u0131lar\u201d","datePublished":"2026-05-07T09:55:10+00:00","dateModified":"2026-05-07T10:03:42+00:00","mainEntityOfPage":{"@id":"https:\/\/epochtimestr.com\/index.php\/pismanlik-aratosun-ismini-meze-yaptilar"},"wordCount":624,"commentCount":0,"publisher":{"@id":"https:\/\/epochtimestr.com\/#organization"},"image":{"@id":"https:\/\/epochtimestr.com\/index.php\/pismanlik-aratosun-ismini-meze-yaptilar#primaryimage"},"thumbnailUrl":"https:\/\/epochtimestr.com\/wp-content\/uploads\/2011y\/WhatsApp-Image-2026-05-07-at-11.22.59.jpeg","keywords":["Aratos","tarsus"],"articleSection":["Felsefe","G\u00dcNDEM"],"inLanguage":"tr","potentialAction":[{"@type":"CommentAction","name":"Comment","target":["https:\/\/epochtimestr.com\/index.php\/pismanlik-aratosun-ismini-meze-yaptilar#respond"]}]},{"@type":"WebPage","@id":"https:\/\/epochtimestr.com\/index.php\/pismanlik-aratosun-ismini-meze-yaptilar","url":"https:\/\/epochtimestr.com\/index.php\/pismanlik-aratosun-ismini-meze-yaptilar","name":"Pi\u015fmanl\u0131k: \u201cAratos\u2019un \u0130smini Meze Yapt\u0131lar\u201d - The Epoch Times TR","isPartOf":{"@id":"https:\/\/epochtimestr.com\/#website"},"primaryImageOfPage":{"@id":"https:\/\/epochtimestr.com\/index.php\/pismanlik-aratosun-ismini-meze-yaptilar#primaryimage"},"image":{"@id":"https:\/\/epochtimestr.com\/index.php\/pismanlik-aratosun-ismini-meze-yaptilar#primaryimage"},"thumbnailUrl":"https:\/\/epochtimestr.com\/wp-content\/uploads\/2011y\/WhatsApp-Image-2026-05-07-at-11.22.59.jpeg","datePublished":"2026-05-07T09:55:10+00:00","dateModified":"2026-05-07T10:03:42+00:00","description":"Aratos Felsefe Dergisi Kurucusu, Gazeteci-Yazar U\u011fur Pi\u015fmanl\u0131k, Mersin\u2019de Aratos ad\u0131na a\u00e7\u0131lan ticari i\u015fletmelere sert tepki g\u00f6sterdi.","inLanguage":"tr","potentialAction":[{"@type":"ReadAction","target":["https:\/\/epochtimestr.com\/index.php\/pismanlik-aratosun-ismini-meze-yaptilar"]}]},{"@type":"ImageObject","inLanguage":"tr","@id":"https:\/\/epochtimestr.com\/index.php\/pismanlik-aratosun-ismini-meze-yaptilar#primaryimage","url":"https:\/\/epochtimestr.com\/wp-content\/uploads\/2011y\/WhatsApp-Image-2026-05-07-at-11.22.59.jpeg","contentUrl":"https:\/\/epochtimestr.com\/wp-content\/uploads\/2011y\/WhatsApp-Image-2026-05-07-at-11.22.59.jpeg","width":2017,"height":1235},{"@type":"WebSite","@id":"https:\/\/epochtimestr.com\/#website","url":"https:\/\/epochtimestr.com\/","name":"The Epoch Times TR","description":"De\u011fi\u015fen D\u00fcnyam\u0131za Taze Bir Bak\u0131\u015f","publisher":{"@id":"https:\/\/epochtimestr.com\/#organization"},"potentialAction":[{"@type":"SearchAction","target":{"@type":"EntryPoint","urlTemplate":"https:\/\/epochtimestr.com\/?s={search_term_string}"},"query-input":"required name=search_term_string"}],"inLanguage":"tr"},{"@type":"Organization","@id":"https:\/\/epochtimestr.com\/#organization","name":"The EpochTimes T\u00fcrkiye","url":"https:\/\/epochtimestr.com\/","logo":{"@type":"ImageObject","inLanguage":"tr","@id":"https:\/\/epochtimestr.com\/#\/schema\/logo\/image\/","url":"https:\/\/epochtimestr.com\/wp-content\/uploads\/2011y\/ET-Logo-YG.jpg","contentUrl":"https:\/\/epochtimestr.com\/wp-content\/uploads\/2011y\/ET-Logo-YG.jpg","width":346,"height":29,"caption":"The EpochTimes T\u00fcrkiye"},"image":{"@id":"https:\/\/epochtimestr.com\/#\/schema\/logo\/image\/"},"sameAs":["https:\/\/www.facebook.com\/theepochtimestr","https:\/\/x.com\/TheEpochTimesTR","https:\/\/www.instagram.com\/epochtimestr"]},{"@type":"Person","@id":"https:\/\/epochtimestr.com\/#\/schema\/person\/3dc5c3adeb9f43923c5aa85889172fdd","name":"Haber Merkezi","image":{"@type":"ImageObject","inLanguage":"tr","@id":"https:\/\/epochtimestr.com\/#\/schema\/person\/image\/","url":"https:\/\/secure.gravatar.com\/avatar\/d73f772ba5a74f28601361e17c2f93e6?s=96&d=mm&r=g","contentUrl":"https:\/\/secure.gravatar.com\/avatar\/d73f772ba5a74f28601361e17c2f93e6?s=96&d=mm&r=g","caption":"Haber Merkezi"},"url":"https:\/\/epochtimestr.com\/index.php\/author\/sendag"}]}},"_links":{"self":[{"href":"https:\/\/epochtimestr.com\/index.php\/wp-json\/wp\/v2\/posts\/167140"}],"collection":[{"href":"https:\/\/epochtimestr.com\/index.php\/wp-json\/wp\/v2\/posts"}],"about":[{"href":"https:\/\/epochtimestr.com\/index.php\/wp-json\/wp\/v2\/types\/post"}],"author":[{"embeddable":true,"href":"https:\/\/epochtimestr.com\/index.php\/wp-json\/wp\/v2\/users\/12791"}],"replies":[{"embeddable":true,"href":"https:\/\/epochtimestr.com\/index.php\/wp-json\/wp\/v2\/comments?post=167140"}],"version-history":[{"count":2,"href":"https:\/\/epochtimestr.com\/index.php\/wp-json\/wp\/v2\/posts\/167140\/revisions"}],"predecessor-version":[{"id":167143,"href":"https:\/\/epochtimestr.com\/index.php\/wp-json\/wp\/v2\/posts\/167140\/revisions\/167143"}],"wp:featuredmedia":[{"embeddable":true,"href":"https:\/\/epochtimestr.com\/index.php\/wp-json\/wp\/v2\/media\/167141"}],"wp:attachment":[{"href":"https:\/\/epochtimestr.com\/index.php\/wp-json\/wp\/v2\/media?parent=167140"}],"wp:term":[{"taxonomy":"category","embeddable":true,"href":"https:\/\/epochtimestr.com\/index.php\/wp-json\/wp\/v2\/categories?post=167140"},{"taxonomy":"post_tag","embeddable":true,"href":"https:\/\/epochtimestr.com\/index.php\/wp-json\/wp\/v2\/tags?post=167140"}],"curies":[{"name":"wp","href":"https:\/\/api.w.org\/{rel}","templated":true}]}}