{"id":167155,"date":"2026-05-09T08:30:00","date_gmt":"2026-05-09T05:30:00","guid":{"rendered":"https:\/\/epochtimestr.com\/?p=167155"},"modified":"2026-05-09T10:52:40","modified_gmt":"2026-05-09T07:52:40","slug":"paranin-golgesindeki-adalet-cubbe-neden-iliklenmez","status":"publish","type":"post","link":"https:\/\/epochtimestr.com\/index.php\/paranin-golgesindeki-adalet-cubbe-neden-iliklenmez","title":{"rendered":"Paran\u0131n G\u00f6lgesindeki Adalet: C\u00fcbbe Neden \u0130liklenmez"},"content":{"rendered":"\n<p>Hukuk fak\u00fcltelerinin ilk derslerinden birinde \u00f6\u011fretilir: \u201c<strong>Yarg\u0131 ba\u011f\u0131ms\u0131zd\u0131r ve savunma, yarg\u0131n\u0131n kurucu unsurudur.<\/strong>\u201d Ancak bug\u00fcn sokaktaki vatanda\u015fa sordu\u011funuzda, adaletin terazisinin sadece delillerle de\u011fil, c\u00fczdan\u0131n a\u011f\u0131rl\u0131\u011f\u0131yla da dengelendi\u011fine dair derin bir kayg\u0131 i\u015fitirsiniz. E\u011fer bir avukat\u0131n sundu\u011fu adaletin kalitesi, m\u00fcvekkilinin \u00f6deme g\u00fcc\u00fcyle do\u011fru orant\u0131l\u0131ysa, orada \u201cherkes i\u00e7in adalet\u201d de\u011fil, \u201cparas\u0131 olan i\u00e7in hukuk\u201d devreye giriyor demektir.<\/p>\n\n\n\n<p><strong>Savunma Bir L\u00fcks m\u00fc, Yoksa Hak m\u0131?<\/strong><\/p>\n\n\n\n<p>Mevcut sistemde avukatl\u0131k, serbest bir meslek olarak tan\u0131mlan\u0131yor. Yani avukat, ya\u015fam\u0131n\u0131 s\u00fcrd\u00fcrmek i\u00e7in m\u00fcvekkilinden \u00fccret almak zorunda. Ancak bu durum, adaletin temeline dinamit koyan bir \u00e7eli\u015fkiyi de beraberinde getiriyor: <strong>Ekonomik e\u015fitsizlik, hukuki e\u015fitsizli\u011fe d\u00f6n\u00fc\u015f\u00fcyor.<\/strong><\/p>\n\n\n\n<p>Zengin bir san\u0131\u011f\u0131n en iyi hukuk b\u00fcrolar\u0131yla, onlarca avukatla ve s\u0131n\u0131rs\u0131z teknik imk\u00e2nla kendini savundu\u011fu bir sistemde, asgari \u00fccretle ge\u00e7inen bir vatanda\u015f\u0131n sadece baro taraf\u0131ndan atanan (ve \u00e7o\u011fu zaman angarya g\u00f6r\u00fclen d\u00fc\u015f\u00fck \u00fccretlerle \u00e7al\u0131\u015fan) bir avukata mahk\u00fbm olmas\u0131, ma\u00e7\u0131n daha ba\u015flamadan kaybedilmesidir.<\/p>\n\n\n\n<p><strong>\u00dccret \u0130li\u015fkisi Ba\u011f\u0131ms\u0131zl\u0131\u011f\u0131 Zedeliyor<\/strong><\/p>\n\n\n\n<p>Avukat\u0131n paras\u0131n\u0131 do\u011frudan ki\u015fiden almas\u0131, ister istemez bir \u201cm\u00fc\u015fteri\u201d ili\u015fkisi do\u011furur. Oysa m\u00fcvekkil bir m\u00fc\u015fteri, adalet de bir ticari mal de\u011fildir. Avukat, paras\u0131n\u0131 ald\u0131\u011f\u0131 ki\u015finin her dedi\u011fini yapmak ya da sadece onun \u00e7\u0131karlar\u0131n\u0131 g\u00f6zetmek zorunda hissetti\u011finde, adaletin tecellisine yard\u0131mc\u0131 olma g\u00f6revinden uzakla\u015f\u0131r.<\/p>\n\n\n\n<p>Bu durum iki b\u00fcy\u00fck tehlikeyi besler:<\/p>\n\n\n\n<p><strong>1. Dava T\u00fcccarl\u0131\u011f\u0131:<\/strong> S\u0131rf para kazanmak i\u00e7in kazan\u0131lmas\u0131 imk\u00e2ns\u0131z davalar\u0131n a\u00e7\u0131lmas\u0131 veya s\u00fcre\u00e7lerin kasten uzat\u0131lmas\u0131.<\/p>\n\n\n\n<p><strong>2. Adalet U\u00e7urumu:<\/strong> Yoksulun hakl\u0131 olsa da hakk\u0131n\u0131 arayamamas\u0131, zenginin ise haks\u0131z olsa da hukuk labirentlerinde yolunu bulmas\u0131.<\/p>\n\n\n\n<p><strong>\u00c7\u00f6z\u00fcm: Adaletin Kamusalla\u015fmas\u0131<\/strong><\/p>\n\n\n\n<p>E\u011fer yarg\u0131c\u0131n ve savc\u0131n\u0131n maa\u015f\u0131n\u0131 devlet \u00f6d\u00fcyorsa ve bu onlar\u0131n (teorik olarak) tarafs\u0131zl\u0131\u011f\u0131n\u0131 sa\u011fl\u0131yorsa, <strong>savunma makam\u0131<\/strong> neden piyasa ko\u015fullar\u0131na terk ediliyor?<\/p>\n\n\n\n<p>Adaletin ger\u00e7ekten do\u011fru \u00e7al\u0131\u015fmas\u0131 i\u00e7in, avukatl\u0131k \u00fccretinin do\u011frudan m\u00fcvekkil ile avukat aras\u0131ndaki bir pazarl\u0131k konusu olmaktan \u00e7\u0131kar\u0131lmas\u0131 gerekir. Belki de \u00e7\u00f6z\u00fcm, savunma hizmetlerinin tamamen kamusalla\u015fmas\u0131, g\u00fc\u00e7l\u00fc bir \u201cAdli Yard\u0131m\u201d fonunun olu\u015fturulmas\u0131 ve avukatlar\u0131n sunduklar\u0131 hizmetin kar\u015f\u0131l\u0131\u011f\u0131n\u0131 ki\u015filerden de\u011fil, bu merkezi fondan ald\u0131\u011f\u0131 bir modelde yat\u0131yor.<\/p>\n\n\n\n<p>Unutmayal\u0131m ki bir toplumda \u201c<strong>avukat\u0131n kadar konu\u015f<\/strong>\u201d anlay\u0131\u015f\u0131 h\u00e2kimse, orada c\u00fcbbelerin d\u00fc\u011fmesiz olmas\u0131 hi\u00e7bir anlam ifade etmez. Adalet, paran\u0131n sat\u0131n alamayaca\u011f\u0131 kadar kutsal, yoksulun s\u0131\u011f\u0131nabilece\u011fi kadar da \u00fccretsiz olmal\u0131d\u0131r. Yoksa o terazi, bir g\u00fcn herkesin alt\u0131nda kalaca\u011f\u0131 bir enkaza d\u00f6n\u00fc\u015f\u00fcr.<\/p>\n\n\n\n<p><em>Bu yaz\u0131 ilk olarak 07.05.2026 tarihinde mersinsurucukurslaridernegi.blogspot.com\u2019da yay\u0131nlanm\u0131\u015ft\u0131r.<\/em><\/p>\n","protected":false},"excerpt":{"rendered":"<p>Hukuk fak\u00fcltelerinin ilk derslerinden birinde \u00f6\u011fretilir: \u201cYarg\u0131 ba\u011f\u0131ms\u0131zd\u0131r ve savunma, yarg\u0131n\u0131n kurucu unsurudur.\u201d Ancak bug\u00fcn sokaktaki vatanda\u015fa sordu\u011funuzda, adaletin terazisinin sadece delillerle de\u011fil, c\u00fczdan\u0131n a\u011f\u0131rl\u0131\u011f\u0131yla da dengelendi\u011fine dair derin bir kayg\u0131 i\u015fitirsiniz. E\u011fer bir avukat\u0131n sundu\u011fu adaletin kalitesi, m\u00fcvekkilinin \u00f6deme g\u00fcc\u00fcyle do\u011fru orant\u0131l\u0131ysa, orada \u201cherkes i\u00e7in adalet\u201d de\u011fil, \u201cparas\u0131 olan i\u00e7in hukuk\u201d devreye giriyor demektir. [&hellip;]<\/p>\n","protected":false},"author":14013,"featured_media":167144,"comment_status":"open","ping_status":"open","sticky":false,"template":"","format":"standard","meta":{"_yoast_wpseo_focuskw":"Hukuk","_yoast_wpseo_title":"","_yoast_wpseo_metadesc":"Hukuk fak\u00fcltelerinin ilk derslerinden birinde \u00f6\u011fretilir: \u201cYarg\u0131 ba\u011f\u0131ms\u0131zd\u0131r ve savunma, yarg\u0131n\u0131n kurucu unsurudur.\u201d","_bbp_topic_count":0,"_bbp_reply_count":0,"_bbp_total_topic_count":0,"_bbp_total_reply_count":0,"_bbp_voice_count":0,"_bbp_anonymous_reply_count":0,"_bbp_topic_count_hidden":0,"_bbp_reply_count_hidden":0,"_bbp_forum_subforum_count":0,"footnotes":"","_yoast_wpseo_focuskw_text_input":""},"categories":[11361],"tags":[],"yoast_head":"<!-- This site is optimized with the Yoast SEO plugin v23.0 - https:\/\/yoast.com\/wordpress\/plugins\/seo\/ -->\n<title>Paran\u0131n G\u00f6lgesindeki Adalet: C\u00fcbbe Neden \u0130liklenmez - The Epoch Times TR<\/title>\n<meta name=\"description\" content=\"Hukuk fak\u00fcltelerinin ilk derslerinden birinde \u00f6\u011fretilir: \u201cYarg\u0131 ba\u011f\u0131ms\u0131zd\u0131r ve savunma, yarg\u0131n\u0131n kurucu unsurudur.\u201d\" \/>\n<meta name=\"robots\" content=\"index, follow, max-snippet:-1, max-image-preview:large, max-video-preview:-1\" \/>\n<link rel=\"canonical\" href=\"https:\/\/epochtimestr.com\/index.php\/paranin-golgesindeki-adalet-cubbe-neden-iliklenmez\" \/>\n<meta property=\"og:locale\" content=\"tr_TR\" \/>\n<meta property=\"og:type\" content=\"article\" \/>\n<meta property=\"og:title\" content=\"Paran\u0131n G\u00f6lgesindeki Adalet: C\u00fcbbe Neden \u0130liklenmez - The Epoch Times TR\" \/>\n<meta property=\"og:description\" content=\"Hukuk fak\u00fcltelerinin ilk derslerinden birinde \u00f6\u011fretilir: \u201cYarg\u0131 ba\u011f\u0131ms\u0131zd\u0131r ve savunma, yarg\u0131n\u0131n kurucu unsurudur.\u201d\" \/>\n<meta property=\"og:url\" content=\"https:\/\/epochtimestr.com\/index.php\/paranin-golgesindeki-adalet-cubbe-neden-iliklenmez\" \/>\n<meta property=\"og:site_name\" content=\"The Epoch Times TR\" \/>\n<meta property=\"article:publisher\" content=\"https:\/\/www.facebook.com\/theepochtimestr\" \/>\n<meta property=\"article:published_time\" content=\"2026-05-09T05:30:00+00:00\" \/>\n<meta property=\"article:modified_time\" content=\"2026-05-09T07:52:40+00:00\" \/>\n<meta property=\"og:image\" content=\"https:\/\/epochtimestr.com\/wp-content\/uploads\/2011y\/ali-kekliktepe-SM.jpeg\" \/>\n\t<meta property=\"og:image:width\" content=\"1200\" \/>\n\t<meta property=\"og:image:height\" content=\"630\" \/>\n\t<meta property=\"og:image:type\" content=\"image\/jpeg\" \/>\n<meta name=\"author\" content=\"Ali Kekliktepe\" \/>\n<meta name=\"twitter:card\" content=\"summary_large_image\" \/>\n<meta name=\"twitter:creator\" content=\"@TheEpochTimesTR\" \/>\n<meta name=\"twitter:site\" content=\"@TheEpochTimesTR\" \/>\n<meta name=\"twitter:label1\" content=\"Yazan:\" \/>\n\t<meta name=\"twitter:data1\" content=\"Ali Kekliktepe\" \/>\n\t<meta name=\"twitter:label2\" content=\"Tahmini okuma s\u00fcresi\" \/>\n\t<meta name=\"twitter:data2\" content=\"3 dakika\" \/>\n<script type=\"application\/ld+json\" class=\"yoast-schema-graph\">{\"@context\":\"https:\/\/schema.org\",\"@graph\":[{\"@type\":\"Article\",\"@id\":\"https:\/\/epochtimestr.com\/index.php\/paranin-golgesindeki-adalet-cubbe-neden-iliklenmez#article\",\"isPartOf\":{\"@id\":\"https:\/\/epochtimestr.com\/index.php\/paranin-golgesindeki-adalet-cubbe-neden-iliklenmez\"},\"author\":{\"name\":\"Ali Kekliktepe\",\"@id\":\"https:\/\/epochtimestr.com\/#\/schema\/person\/da94a416fed1aed029d0a47e85673b95\"},\"headline\":\"Paran\u0131n G\u00f6lgesindeki Adalet: C\u00fcbbe Neden \u0130liklenmez\",\"datePublished\":\"2026-05-09T05:30:00+00:00\",\"dateModified\":\"2026-05-09T07:52:40+00:00\",\"mainEntityOfPage\":{\"@id\":\"https:\/\/epochtimestr.com\/index.php\/paranin-golgesindeki-adalet-cubbe-neden-iliklenmez\"},\"wordCount\":506,\"commentCount\":0,\"publisher\":{\"@id\":\"https:\/\/epochtimestr.com\/#organization\"},\"image\":{\"@id\":\"https:\/\/epochtimestr.com\/index.php\/paranin-golgesindeki-adalet-cubbe-neden-iliklenmez#primaryimage\"},\"thumbnailUrl\":\"https:\/\/epochtimestr.com\/wp-content\/uploads\/2011y\/Ali-Kekliktepe.jpg\",\"articleSection\":[\"K\u00f6\u015fe Yaz\u0131lar\u0131 Ali Kekliktepe\"],\"inLanguage\":\"tr\",\"potentialAction\":[{\"@type\":\"CommentAction\",\"name\":\"Comment\",\"target\":[\"https:\/\/epochtimestr.com\/index.php\/paranin-golgesindeki-adalet-cubbe-neden-iliklenmez#respond\"]}]},{\"@type\":\"WebPage\",\"@id\":\"https:\/\/epochtimestr.com\/index.php\/paranin-golgesindeki-adalet-cubbe-neden-iliklenmez\",\"url\":\"https:\/\/epochtimestr.com\/index.php\/paranin-golgesindeki-adalet-cubbe-neden-iliklenmez\",\"name\":\"Paran\u0131n G\u00f6lgesindeki Adalet: C\u00fcbbe Neden \u0130liklenmez - The Epoch Times TR\",\"isPartOf\":{\"@id\":\"https:\/\/epochtimestr.com\/#website\"},\"primaryImageOfPage\":{\"@id\":\"https:\/\/epochtimestr.com\/index.php\/paranin-golgesindeki-adalet-cubbe-neden-iliklenmez#primaryimage\"},\"image\":{\"@id\":\"https:\/\/epochtimestr.com\/index.php\/paranin-golgesindeki-adalet-cubbe-neden-iliklenmez#primaryimage\"},\"thumbnailUrl\":\"https:\/\/epochtimestr.com\/wp-content\/uploads\/2011y\/Ali-Kekliktepe.jpg\",\"datePublished\":\"2026-05-09T05:30:00+00:00\",\"dateModified\":\"2026-05-09T07:52:40+00:00\",\"description\":\"Hukuk fak\u00fcltelerinin ilk derslerinden birinde \u00f6\u011fretilir: \u201cYarg\u0131 ba\u011f\u0131ms\u0131zd\u0131r ve savunma, yarg\u0131n\u0131n kurucu unsurudur.\u201d\",\"inLanguage\":\"tr\",\"potentialAction\":[{\"@type\":\"ReadAction\",\"target\":[\"https:\/\/epochtimestr.com\/index.php\/paranin-golgesindeki-adalet-cubbe-neden-iliklenmez\"]}]},{\"@type\":\"ImageObject\",\"inLanguage\":\"tr\",\"@id\":\"https:\/\/epochtimestr.com\/index.php\/paranin-golgesindeki-adalet-cubbe-neden-iliklenmez#primaryimage\",\"url\":\"https:\/\/epochtimestr.com\/wp-content\/uploads\/2011y\/Ali-Kekliktepe.jpg\",\"contentUrl\":\"https:\/\/epochtimestr.com\/wp-content\/uploads\/2011y\/Ali-Kekliktepe.jpg\",\"width\":600,\"height\":600},{\"@type\":\"WebSite\",\"@id\":\"https:\/\/epochtimestr.com\/#website\",\"url\":\"https:\/\/epochtimestr.com\/\",\"name\":\"The Epoch Times TR\",\"description\":\"De\u011fi\u015fen D\u00fcnyam\u0131za Taze Bir Bak\u0131\u015f\",\"publisher\":{\"@id\":\"https:\/\/epochtimestr.com\/#organization\"},\"potentialAction\":[{\"@type\":\"SearchAction\",\"target\":{\"@type\":\"EntryPoint\",\"urlTemplate\":\"https:\/\/epochtimestr.com\/?s={search_term_string}\"},\"query-input\":\"required name=search_term_string\"}],\"inLanguage\":\"tr\"},{\"@type\":\"Organization\",\"@id\":\"https:\/\/epochtimestr.com\/#organization\",\"name\":\"The EpochTimes T\u00fcrkiye\",\"url\":\"https:\/\/epochtimestr.com\/\",\"logo\":{\"@type\":\"ImageObject\",\"inLanguage\":\"tr\",\"@id\":\"https:\/\/epochtimestr.com\/#\/schema\/logo\/image\/\",\"url\":\"https:\/\/epochtimestr.com\/wp-content\/uploads\/2011y\/ET-Logo-YG.jpg\",\"contentUrl\":\"https:\/\/epochtimestr.com\/wp-content\/uploads\/2011y\/ET-Logo-YG.jpg\",\"width\":346,\"height\":29,\"caption\":\"The EpochTimes T\u00fcrkiye\"},\"image\":{\"@id\":\"https:\/\/epochtimestr.com\/#\/schema\/logo\/image\/\"},\"sameAs\":[\"https:\/\/www.facebook.com\/theepochtimestr\",\"https:\/\/x.com\/TheEpochTimesTR\",\"https:\/\/www.instagram.com\/epochtimestr\"]},{\"@type\":\"Person\",\"@id\":\"https:\/\/epochtimestr.com\/#\/schema\/person\/da94a416fed1aed029d0a47e85673b95\",\"name\":\"Ali Kekliktepe\",\"image\":{\"@type\":\"ImageObject\",\"inLanguage\":\"tr\",\"@id\":\"https:\/\/epochtimestr.com\/#\/schema\/person\/image\/\",\"url\":\"https:\/\/secure.gravatar.com\/avatar\/6c965c3fc374c8f4af759baef4f38bcd?s=96&d=mm&r=g\",\"contentUrl\":\"https:\/\/secure.gravatar.com\/avatar\/6c965c3fc374c8f4af759baef4f38bcd?s=96&d=mm&r=g\",\"caption\":\"Ali Kekliktepe\"},\"description\":\"Ben Ali Kekliktepe; hayat\u0131n\u0131 \u00f6\u011frenmeye, \u00f6\u011fretmeye ve toplumsal fayda yaratmaya adam\u0131\u015f bir yazar ve profesyonelim. Kalemi sadece ka\u011f\u0131da dokunan bir ara\u00e7 de\u011fil, toplumun aksayan y\u00f6nlerine \u015fifa olan bir enstr\u00fcman olarak g\u00f6r\u00fcyorum.\",\"sameAs\":[\"https:\/\/alikekliktepemersin33.blogspot.com\/\"],\"url\":\"https:\/\/epochtimestr.com\/index.php\/author\/ali\"}]}<\/script>\n<!-- \/ Yoast SEO plugin. -->","yoast_head_json":{"title":"Paran\u0131n G\u00f6lgesindeki Adalet: C\u00fcbbe Neden \u0130liklenmez - The Epoch Times TR","description":"Hukuk fak\u00fcltelerinin ilk derslerinden birinde \u00f6\u011fretilir: \u201cYarg\u0131 ba\u011f\u0131ms\u0131zd\u0131r ve savunma, yarg\u0131n\u0131n kurucu unsurudur.\u201d","robots":{"index":"index","follow":"follow","max-snippet":"max-snippet:-1","max-image-preview":"max-image-preview:large","max-video-preview":"max-video-preview:-1"},"canonical":"https:\/\/epochtimestr.com\/index.php\/paranin-golgesindeki-adalet-cubbe-neden-iliklenmez","og_locale":"tr_TR","og_type":"article","og_title":"Paran\u0131n G\u00f6lgesindeki Adalet: C\u00fcbbe Neden \u0130liklenmez - The Epoch Times TR","og_description":"Hukuk fak\u00fcltelerinin ilk derslerinden birinde \u00f6\u011fretilir: \u201cYarg\u0131 ba\u011f\u0131ms\u0131zd\u0131r ve savunma, yarg\u0131n\u0131n kurucu unsurudur.\u201d","og_url":"https:\/\/epochtimestr.com\/index.php\/paranin-golgesindeki-adalet-cubbe-neden-iliklenmez","og_site_name":"The Epoch Times TR","article_publisher":"https:\/\/www.facebook.com\/theepochtimestr","article_published_time":"2026-05-09T05:30:00+00:00","article_modified_time":"2026-05-09T07:52:40+00:00","og_image":[{"width":1200,"height":630,"url":"https:\/\/epochtimestr.com\/wp-content\/uploads\/2011y\/ali-kekliktepe-SM.jpeg","type":"image\/jpeg"}],"author":"Ali Kekliktepe","twitter_card":"summary_large_image","twitter_creator":"@TheEpochTimesTR","twitter_site":"@TheEpochTimesTR","twitter_misc":{"Yazan:":"Ali Kekliktepe","Tahmini okuma s\u00fcresi":"3 dakika"},"schema":{"@context":"https:\/\/schema.org","@graph":[{"@type":"Article","@id":"https:\/\/epochtimestr.com\/index.php\/paranin-golgesindeki-adalet-cubbe-neden-iliklenmez#article","isPartOf":{"@id":"https:\/\/epochtimestr.com\/index.php\/paranin-golgesindeki-adalet-cubbe-neden-iliklenmez"},"author":{"name":"Ali Kekliktepe","@id":"https:\/\/epochtimestr.com\/#\/schema\/person\/da94a416fed1aed029d0a47e85673b95"},"headline":"Paran\u0131n G\u00f6lgesindeki Adalet: C\u00fcbbe Neden \u0130liklenmez","datePublished":"2026-05-09T05:30:00+00:00","dateModified":"2026-05-09T07:52:40+00:00","mainEntityOfPage":{"@id":"https:\/\/epochtimestr.com\/index.php\/paranin-golgesindeki-adalet-cubbe-neden-iliklenmez"},"wordCount":506,"commentCount":0,"publisher":{"@id":"https:\/\/epochtimestr.com\/#organization"},"image":{"@id":"https:\/\/epochtimestr.com\/index.php\/paranin-golgesindeki-adalet-cubbe-neden-iliklenmez#primaryimage"},"thumbnailUrl":"https:\/\/epochtimestr.com\/wp-content\/uploads\/2011y\/Ali-Kekliktepe.jpg","articleSection":["K\u00f6\u015fe Yaz\u0131lar\u0131 Ali Kekliktepe"],"inLanguage":"tr","potentialAction":[{"@type":"CommentAction","name":"Comment","target":["https:\/\/epochtimestr.com\/index.php\/paranin-golgesindeki-adalet-cubbe-neden-iliklenmez#respond"]}]},{"@type":"WebPage","@id":"https:\/\/epochtimestr.com\/index.php\/paranin-golgesindeki-adalet-cubbe-neden-iliklenmez","url":"https:\/\/epochtimestr.com\/index.php\/paranin-golgesindeki-adalet-cubbe-neden-iliklenmez","name":"Paran\u0131n G\u00f6lgesindeki Adalet: C\u00fcbbe Neden \u0130liklenmez - The Epoch Times TR","isPartOf":{"@id":"https:\/\/epochtimestr.com\/#website"},"primaryImageOfPage":{"@id":"https:\/\/epochtimestr.com\/index.php\/paranin-golgesindeki-adalet-cubbe-neden-iliklenmez#primaryimage"},"image":{"@id":"https:\/\/epochtimestr.com\/index.php\/paranin-golgesindeki-adalet-cubbe-neden-iliklenmez#primaryimage"},"thumbnailUrl":"https:\/\/epochtimestr.com\/wp-content\/uploads\/2011y\/Ali-Kekliktepe.jpg","datePublished":"2026-05-09T05:30:00+00:00","dateModified":"2026-05-09T07:52:40+00:00","description":"Hukuk fak\u00fcltelerinin ilk derslerinden birinde \u00f6\u011fretilir: \u201cYarg\u0131 ba\u011f\u0131ms\u0131zd\u0131r ve savunma, yarg\u0131n\u0131n kurucu unsurudur.\u201d","inLanguage":"tr","potentialAction":[{"@type":"ReadAction","target":["https:\/\/epochtimestr.com\/index.php\/paranin-golgesindeki-adalet-cubbe-neden-iliklenmez"]}]},{"@type":"ImageObject","inLanguage":"tr","@id":"https:\/\/epochtimestr.com\/index.php\/paranin-golgesindeki-adalet-cubbe-neden-iliklenmez#primaryimage","url":"https:\/\/epochtimestr.com\/wp-content\/uploads\/2011y\/Ali-Kekliktepe.jpg","contentUrl":"https:\/\/epochtimestr.com\/wp-content\/uploads\/2011y\/Ali-Kekliktepe.jpg","width":600,"height":600},{"@type":"WebSite","@id":"https:\/\/epochtimestr.com\/#website","url":"https:\/\/epochtimestr.com\/","name":"The Epoch Times TR","description":"De\u011fi\u015fen D\u00fcnyam\u0131za Taze Bir Bak\u0131\u015f","publisher":{"@id":"https:\/\/epochtimestr.com\/#organization"},"potentialAction":[{"@type":"SearchAction","target":{"@type":"EntryPoint","urlTemplate":"https:\/\/epochtimestr.com\/?s={search_term_string}"},"query-input":"required name=search_term_string"}],"inLanguage":"tr"},{"@type":"Organization","@id":"https:\/\/epochtimestr.com\/#organization","name":"The EpochTimes T\u00fcrkiye","url":"https:\/\/epochtimestr.com\/","logo":{"@type":"ImageObject","inLanguage":"tr","@id":"https:\/\/epochtimestr.com\/#\/schema\/logo\/image\/","url":"https:\/\/epochtimestr.com\/wp-content\/uploads\/2011y\/ET-Logo-YG.jpg","contentUrl":"https:\/\/epochtimestr.com\/wp-content\/uploads\/2011y\/ET-Logo-YG.jpg","width":346,"height":29,"caption":"The EpochTimes T\u00fcrkiye"},"image":{"@id":"https:\/\/epochtimestr.com\/#\/schema\/logo\/image\/"},"sameAs":["https:\/\/www.facebook.com\/theepochtimestr","https:\/\/x.com\/TheEpochTimesTR","https:\/\/www.instagram.com\/epochtimestr"]},{"@type":"Person","@id":"https:\/\/epochtimestr.com\/#\/schema\/person\/da94a416fed1aed029d0a47e85673b95","name":"Ali Kekliktepe","image":{"@type":"ImageObject","inLanguage":"tr","@id":"https:\/\/epochtimestr.com\/#\/schema\/person\/image\/","url":"https:\/\/secure.gravatar.com\/avatar\/6c965c3fc374c8f4af759baef4f38bcd?s=96&d=mm&r=g","contentUrl":"https:\/\/secure.gravatar.com\/avatar\/6c965c3fc374c8f4af759baef4f38bcd?s=96&d=mm&r=g","caption":"Ali Kekliktepe"},"description":"Ben Ali Kekliktepe; hayat\u0131n\u0131 \u00f6\u011frenmeye, \u00f6\u011fretmeye ve toplumsal fayda yaratmaya adam\u0131\u015f bir yazar ve profesyonelim. Kalemi sadece ka\u011f\u0131da dokunan bir ara\u00e7 de\u011fil, toplumun aksayan y\u00f6nlerine \u015fifa olan bir enstr\u00fcman olarak g\u00f6r\u00fcyorum.","sameAs":["https:\/\/alikekliktepemersin33.blogspot.com\/"],"url":"https:\/\/epochtimestr.com\/index.php\/author\/ali"}]}},"_links":{"self":[{"href":"https:\/\/epochtimestr.com\/index.php\/wp-json\/wp\/v2\/posts\/167155"}],"collection":[{"href":"https:\/\/epochtimestr.com\/index.php\/wp-json\/wp\/v2\/posts"}],"about":[{"href":"https:\/\/epochtimestr.com\/index.php\/wp-json\/wp\/v2\/types\/post"}],"author":[{"embeddable":true,"href":"https:\/\/epochtimestr.com\/index.php\/wp-json\/wp\/v2\/users\/14013"}],"replies":[{"embeddable":true,"href":"https:\/\/epochtimestr.com\/index.php\/wp-json\/wp\/v2\/comments?post=167155"}],"version-history":[{"count":3,"href":"https:\/\/epochtimestr.com\/index.php\/wp-json\/wp\/v2\/posts\/167155\/revisions"}],"predecessor-version":[{"id":167162,"href":"https:\/\/epochtimestr.com\/index.php\/wp-json\/wp\/v2\/posts\/167155\/revisions\/167162"}],"wp:featuredmedia":[{"embeddable":true,"href":"https:\/\/epochtimestr.com\/index.php\/wp-json\/wp\/v2\/media\/167144"}],"wp:attachment":[{"href":"https:\/\/epochtimestr.com\/index.php\/wp-json\/wp\/v2\/media?parent=167155"}],"wp:term":[{"taxonomy":"category","embeddable":true,"href":"https:\/\/epochtimestr.com\/index.php\/wp-json\/wp\/v2\/categories?post=167155"},{"taxonomy":"post_tag","embeddable":true,"href":"https:\/\/epochtimestr.com\/index.php\/wp-json\/wp\/v2\/tags?post=167155"}],"curies":[{"name":"wp","href":"https:\/\/api.w.org\/{rel}","templated":true}]}}