{"id":167158,"date":"2026-05-09T08:30:00","date_gmt":"2026-05-09T05:30:00","guid":{"rendered":"https:\/\/epochtimestr.com\/?p=167158"},"modified":"2026-05-08T22:29:45","modified_gmt":"2026-05-08T19:29:45","slug":"anadoludan-mersine","status":"publish","type":"post","link":"https:\/\/epochtimestr.com\/index.php\/anadoludan-mersine","title":{"rendered":"Anadolu\u2019dan Mersin\u2019e"},"content":{"rendered":"\n<p><em>Bu yaz\u0131 ilk olarak 17 Temmuz 2019 tarihinde inovatifhaber.com\u2019da yay\u0131nlanm\u0131\u015ft\u0131r.<\/em><\/p>\n\n\n\n<p class=\"has-text-align-right\">\u201cKim ak\u0131ll\u0131 ise \u00fcretir, ona yak\u0131n durun; kim ak\u0131ls\u0131z ise t\u00fcketir, ondan uzak durun\u201d<\/p>\n\n\n\n<p>\u00dclkemizde ekonomi konusu bitimsizdir. Hemen her ortamda ya siyaset ya da ekonomi konu\u015fulur. Ya\u015fad\u0131\u011f\u0131m\u0131z \u015fehir Mersin de bundan ayr\u0131 tutulamaz. \u00c7\u00fcnk\u00fc Mersin bir g\u00f6\u00e7 \u015fehridir. \u0130nsanlar gurbete daha iyi bir ya\u015fam i\u00e7in gittiler fakat orada da \u00e7o\u011funluk, umdu\u011funu bulamad\u0131. Ayr\u0131ca Mersin, kentle\u015fme s\u00fcrecini hen\u00fcz tamamlamam\u0131\u015ft\u0131r. Mersinlilik bilinci, aidiyet sorunu, b\u00fct\u00fcn\u00fcyle zihinlerde \u00e7\u00f6z\u00fclmemi\u015ftir. G\u00f6\u00e7 edenler hem\u015fehri derneklerinde, geldikleri y\u00f6relerin t\u00fcrk\u00fclerini \u00e7\u0131\u011f\u0131r\u0131rken, kendini Mersinli sayanlardan epey ele\u015ftiri almaktalar. Yo\u011fun bi\u00e7imde yap\u0131ld\u0131\u011f\u0131 varsay\u0131lan mikro milliyet\u00e7ilik bir\u00e7ok insan\u0131 rahats\u0131z etmekte, kendilerini d\u0131\u015flanm\u0131\u015f hissedenlerin Mersin\u2019e entegrasyonunu g\u00fc\u00e7le\u015ftirmektedir.<\/p>\n\n\n\n<p>Bug\u00fcn s\u00f6yle\u015fti\u011fimiz 1960 \u2013 Kayseri \u2013 Sar\u0131z do\u011fumlu Durdu Mehmet Aslanta\u015f da benzer dertlerden mustariptir. \u015eehrimizin son otuz be\u015f senesinin canl\u0131 tan\u0131\u011f\u0131d\u0131r. Bir zamanlar Mersin i\u015f hayat\u0131n\u0131n \u00f6nemli akt\u00f6rleri aras\u0131ndayd\u0131.<\/p>\n\n\n\n<p>Durdu Mehmet Aslanta\u015f, k\u00f6y\u00fcnde ilkokulu bitirdikten sonra, 1972 y\u0131l\u0131nda Ankara\u2019ya gelir. Ortaokulun ard\u0131ndan lise tahsilini, Gece Sanat Okulu\u2019nun elektrik b\u00f6l\u00fcm\u00fcnde tamamlar. G\u00fcnd\u00fczleri \u00e7al\u0131\u015fmak zorundad\u0131r \u00e7\u00fcnk\u00fc. \u00c7al\u0131\u015farak okuyan \u00f6\u011frencilerin meslek ya\u015famlar\u0131nda daha ba\u015far\u0131l\u0131 olduklar\u0131 d\u00fc\u015f\u00fcn\u00fcl\u00fcr. 1977 y\u0131l\u0131nda sanat okulu mezuniyeti sonras\u0131, in\u015faat elektrik\u00e7isi olarak meslek hayat\u0131na at\u0131l\u0131r. \u00c7al\u0131\u015ft\u0131\u011f\u0131 \u015firkette ba\u015f formendir ve bu s\u0131fatla T\u00fcrkiye \u00e7ap\u0131nda \u00f6nemli \u015fantiyelerde g\u00f6rev al\u0131r.<\/p>\n\n\n\n<p>Onun Ankara\u2019da bulundu\u011fu y\u0131llar (1972 \u2013 1985) ayn\u0131 zamanda T\u00fcrkiye\u2019nin \u00e7alkant\u0131l\u0131 y\u0131llar\u0131d\u0131r. Hele 1977-80 aras\u0131, Ankara tehlikeli bir yerdi. G\u00fcnde \u00fc\u00e7 \u2013 be\u015f ki\u015finin ter\u00f6r olaylar\u0131na kurban verildi\u011fi d\u00f6nemlerdi. Aslanta\u015f, adeta kelle koltukta bir ya\u015fam s\u00fcrd\u00fc. \u00dclk\u00fcc\u00fc cenahtayd\u0131; sald\u0131r\u0131lara maruz kald\u0131. Hayata s\u0131k\u0131 s\u0131k\u0131 sar\u0131larak, e\u011fitimini g\u00fc\u00e7 bela tamamlayabildi. Bug\u00fcnden geriye bakt\u0131\u011f\u0131nda, o g\u00fcnlerin kendini \u015fekillendirdi\u011fini, g\u00fc\u00e7lendirdi\u011fini ve ya\u015fam m\u00fccadelesi yolunda birtak\u0131m avantajlar sa\u011flad\u0131\u011f\u0131n\u0131 d\u00fc\u015f\u00fcn\u00fcyor. O, ya\u015fad\u0131klar\u0131ndan dersler \u00e7\u0131karmas\u0131n\u0131 bildi ve bunu, i\u015f hayat\u0131nda olumlu y\u00f6nleriyle kulland\u0131.<\/p>\n\n\n\n<p>Mersin\u2019in seksenli y\u0131llardaki yazl\u0131k evler ve konut yap\u0131m furyas\u0131, onu buraya \u00e7ekti. Burada kendi \u015firketini kurarak sahildeki yazl\u0131k in\u015faatlar\u0131n\u0131n elektrik tesisat i\u015flerini \u00fcstlendi. \u00d6yle ki sahil band\u0131nda \u00e7al\u0131\u015fmad\u0131\u011f\u0131 site nerdeyse yok denecek kadar azd\u0131r. Elliye yak\u0131n ki\u015fiye bu alanda i\u015f imk\u00e2n\u0131 sundu.<\/p>\n\n\n\n<p>Mersin MHP il y\u00f6neticisiyken partisine ve inand\u0131\u011f\u0131 davaya hizmet edece\u011fini d\u00fc\u015f\u00fcnerek, 1993\u2019te yerel Vizon TV\u2019yi devrald\u0131. Medyac\u0131l\u0131k bildi\u011fi bir alan de\u011fildi. T\u00fcm iyi niyetiyle i\u015fine sar\u0131ld\u0131, otuz ki\u015fiyi de burada istihdam etti. Ancak elemanlar\u0131 e\u011fitimli de\u011fildi. TRT emeklisi bir televizyoncu getirterek, personele e\u011fitim vermeye \u00e7al\u0131\u015ft\u0131. Fakat ne yapt\u0131ysa televizyonculukta ba\u015far\u0131 g\u00f6steremedi. \u0130ki y\u0131l sonra zarar ederek, TV\u2019yi devretti.<\/p>\n\n\n\n<p>Bu arada hem taahh\u00fct i\u015fleri hem televizyonculuk derken&#8230; Aksaray\u2019da petrolc\u00fcl\u00fc\u011fe soyundu. A\u00e7\u0131k\u00e7as\u0131 ne televizyondan ne de petrol sekt\u00f6r\u00fcnden anl\u0131yordu. Yirmi ki\u015fi de petrolde \u00e7al\u0131\u015ft\u0131rd\u0131. Ve sonunda iflas a\u00e7\u0131klad\u0131 ama y\u0131lmad\u0131. Bildi\u011fi i\u015fte, in\u015faat elektrik\u00e7ili\u011finde devam etti. \u0130ki o\u011flu da \u00fcniversite okudu.<\/p>\n\n\n\n<p>Aslanta\u015f\u2019\u0131n temel amac\u0131 \u00fclkesine ve milletine yararl\u0131 olmak, hep daha fazla insana i\u015f imk\u00e2nlar\u0131 yaratmakt\u0131. Ke\u015fkeleri, pi\u015fmanl\u0131klar\u0131 da var elbette. \u201cMersin ekonomisi zay\u0131ft\u0131. Gelen paralar \u00fcretim yerine betona ak\u0131yordu. Ne yaz\u0131k ki o d\u00f6nemki kazanc\u0131m\u0131 verimli kullanamad\u0131m. Mersin\u2019e d\u0131\u015far\u0131dan gelenlerin \u00e7o\u011fu, paras\u0131n\u0131 bat\u0131rd\u0131. Gelen kaynaklar \u00e7ar\u00e7ur edildi \u201c diyerek, d\u00f6nemin detayl\u0131 bir foto\u011fraf\u0131n\u0131 \u00e7ekmektedir.<\/p>\n\n\n\n<p>\u0130sraf, son d\u00f6nemlerin pop\u00fcler s\u00f6zc\u00fc\u011f\u00fc ve her daim g\u00fcndemde. \u2018Her alanda israf edilenlerle, bir T\u00fcrkiye daha kurmak m\u00fcmk\u00fcnd\u00fcr\u2019 sav\u0131 \u00e7ok kere dillendirilir. Mehmet Aslanta\u015f\u2019\u0131n anlatt\u0131klar\u0131 da zaten ayn\u0131 duruma i\u015faret ediyor. Kaynaklar israf edilmi\u015f, \u00fcretim yerine betona, t\u00fcketime akm\u0131\u015f. D\u00fcn nas\u0131l idiyse bug\u00fcn de de\u011fi\u015fen fazla bir \u015fey olmam\u0131\u015f anla\u015f\u0131lan. K\u00fc\u00e7\u00fck mutlu bir az\u0131nl\u0131k kazan\u0131rken, \u00fclkenin geri kalan\u0131 hep yokluk \u00e7ekmi\u015f&#8230;<\/p>\n\n\n\n<p>Aslanta\u015f bu g\u00fcnlerde yine hummal\u0131 bir \u00e7al\u0131\u015fma i\u00e7inde. Almanlar ile ortak, turizm sekt\u00f6r\u00fcnde b\u00fcy\u00fck bir yat\u0131r\u0131m planl\u0131yor. Y\u00fczlerce insana ekmek kap\u0131s\u0131 olma potansiyeli ta\u015f\u0131yan yeni yat\u0131r\u0131m, \u015fu g\u00fcnlerde start almay\u0131 bekliyor. Memleket sevdal\u0131s\u0131 Aslanta\u015f, umutsuzluk, y\u0131lmak, yorulmak gibi s\u00f6zc\u00fckleri hi\u00e7 tan\u0131madan \u00e7al\u0131\u015fmaya, \u00fcretmeye devam ediyor.<\/p>\n\n\n\n<p>Kendisine sa\u011fl\u0131kl\u0131 bol \u00fcretimli g\u00fcnler diliyorum.<\/p>\n","protected":false},"excerpt":{"rendered":"<p>Bu yaz\u0131 ilk olarak 17 Temmuz 2019 tarihinde inovatifhaber.com\u2019da yay\u0131nlanm\u0131\u015ft\u0131r. \u201cKim ak\u0131ll\u0131 ise \u00fcretir, ona yak\u0131n durun; kim ak\u0131ls\u0131z ise t\u00fcketir, ondan uzak durun\u201d \u00dclkemizde ekonomi konusu bitimsizdir. Hemen her ortamda ya siyaset ya da ekonomi konu\u015fulur. Ya\u015fad\u0131\u011f\u0131m\u0131z \u015fehir Mersin de bundan ayr\u0131 tutulamaz. \u00c7\u00fcnk\u00fc Mersin bir g\u00f6\u00e7 \u015fehridir. \u0130nsanlar gurbete daha iyi bir ya\u015fam [&hellip;]<\/p>\n","protected":false},"author":14001,"featured_media":161038,"comment_status":"open","ping_status":"open","sticky":false,"template":"","format":"standard","meta":{"_yoast_wpseo_focuskw":"Mehmet Aslanta\u015f","_yoast_wpseo_title":"","_yoast_wpseo_metadesc":"\u00dclkemizde ekonomi konusu bitimsizdir. Hemen her ortamda ya siyaset ya da ekonomi konu\u015fulur. Ya\u015fad\u0131\u011f\u0131m\u0131z \u015fehir Mersin de bundan ayr\u0131 tutulamaz.","_bbp_topic_count":0,"_bbp_reply_count":0,"_bbp_total_topic_count":0,"_bbp_total_reply_count":0,"_bbp_voice_count":0,"_bbp_anonymous_reply_count":0,"_bbp_topic_count_hidden":0,"_bbp_reply_count_hidden":0,"_bbp_forum_subforum_count":0,"footnotes":"","_yoast_wpseo_focuskw_text_input":""},"categories":[9170],"tags":[],"yoast_head":"<!-- This site is optimized with the Yoast SEO plugin v23.0 - https:\/\/yoast.com\/wordpress\/plugins\/seo\/ -->\n<title>Anadolu\u2019dan Mersin\u2019e - The Epoch Times TR<\/title>\n<meta name=\"description\" content=\"\u00dclkemizde ekonomi konusu bitimsizdir. Hemen her ortamda ya siyaset ya da ekonomi konu\u015fulur. Ya\u015fad\u0131\u011f\u0131m\u0131z \u015fehir Mersin de bundan ayr\u0131 tutulamaz.\" \/>\n<meta name=\"robots\" content=\"index, follow, max-snippet:-1, max-image-preview:large, max-video-preview:-1\" \/>\n<link rel=\"canonical\" href=\"https:\/\/epochtimestr.com\/index.php\/anadoludan-mersine\" \/>\n<meta property=\"og:locale\" content=\"tr_TR\" \/>\n<meta property=\"og:type\" content=\"article\" \/>\n<meta property=\"og:title\" content=\"Anadolu\u2019dan Mersin\u2019e - The Epoch Times TR\" \/>\n<meta property=\"og:description\" content=\"\u00dclkemizde ekonomi konusu bitimsizdir. Hemen her ortamda ya siyaset ya da ekonomi konu\u015fulur. Ya\u015fad\u0131\u011f\u0131m\u0131z \u015fehir Mersin de bundan ayr\u0131 tutulamaz.\" \/>\n<meta property=\"og:url\" content=\"https:\/\/epochtimestr.com\/index.php\/anadoludan-mersine\" \/>\n<meta property=\"og:site_name\" content=\"The Epoch Times TR\" \/>\n<meta property=\"article:publisher\" content=\"https:\/\/www.facebook.com\/theepochtimestr\" \/>\n<meta property=\"article:published_time\" content=\"2026-05-09T05:30:00+00:00\" \/>\n<meta property=\"article:modified_time\" content=\"2026-05-08T19:29:45+00:00\" \/>\n<meta property=\"og:image\" content=\"https:\/\/epochtimestr.com\/wp-content\/uploads\/2011y\/bzct-ma.jpg\" \/>\n\t<meta property=\"og:image:width\" content=\"1200\" \/>\n\t<meta property=\"og:image:height\" content=\"630\" \/>\n\t<meta property=\"og:image:type\" content=\"image\/jpeg\" \/>\n<meta name=\"author\" content=\"Bekir Zorba\" \/>\n<meta name=\"twitter:card\" content=\"summary_large_image\" \/>\n<meta name=\"twitter:creator\" content=\"@TheEpochTimesTR\" \/>\n<meta name=\"twitter:site\" content=\"@TheEpochTimesTR\" \/>\n<meta name=\"twitter:label1\" content=\"Yazan:\" \/>\n\t<meta name=\"twitter:data1\" content=\"Bekir Zorba\" \/>\n\t<meta name=\"twitter:label2\" content=\"Tahmini okuma s\u00fcresi\" \/>\n\t<meta name=\"twitter:data2\" content=\"4 dakika\" \/>\n<script type=\"application\/ld+json\" class=\"yoast-schema-graph\">{\"@context\":\"https:\/\/schema.org\",\"@graph\":[{\"@type\":\"Article\",\"@id\":\"https:\/\/epochtimestr.com\/index.php\/anadoludan-mersine#article\",\"isPartOf\":{\"@id\":\"https:\/\/epochtimestr.com\/index.php\/anadoludan-mersine\"},\"author\":{\"name\":\"Bekir Zorba\",\"@id\":\"https:\/\/epochtimestr.com\/#\/schema\/person\/da1ad104599611965442ed3e7e9acb2b\"},\"headline\":\"Anadolu\u2019dan Mersin\u2019e\",\"datePublished\":\"2026-05-09T05:30:00+00:00\",\"dateModified\":\"2026-05-08T19:29:45+00:00\",\"mainEntityOfPage\":{\"@id\":\"https:\/\/epochtimestr.com\/index.php\/anadoludan-mersine\"},\"wordCount\":831,\"commentCount\":0,\"publisher\":{\"@id\":\"https:\/\/epochtimestr.com\/#organization\"},\"image\":{\"@id\":\"https:\/\/epochtimestr.com\/index.php\/anadoludan-mersine#primaryimage\"},\"thumbnailUrl\":\"https:\/\/epochtimestr.com\/wp-content\/uploads\/2011y\/Bekir-Zorba.png\",\"articleSection\":[\"K\u00f6\u015fe Yaz\u0131lar\u0131 Bekir Zorba\"],\"inLanguage\":\"tr\",\"potentialAction\":[{\"@type\":\"CommentAction\",\"name\":\"Comment\",\"target\":[\"https:\/\/epochtimestr.com\/index.php\/anadoludan-mersine#respond\"]}]},{\"@type\":\"WebPage\",\"@id\":\"https:\/\/epochtimestr.com\/index.php\/anadoludan-mersine\",\"url\":\"https:\/\/epochtimestr.com\/index.php\/anadoludan-mersine\",\"name\":\"Anadolu\u2019dan Mersin\u2019e - The Epoch Times TR\",\"isPartOf\":{\"@id\":\"https:\/\/epochtimestr.com\/#website\"},\"primaryImageOfPage\":{\"@id\":\"https:\/\/epochtimestr.com\/index.php\/anadoludan-mersine#primaryimage\"},\"image\":{\"@id\":\"https:\/\/epochtimestr.com\/index.php\/anadoludan-mersine#primaryimage\"},\"thumbnailUrl\":\"https:\/\/epochtimestr.com\/wp-content\/uploads\/2011y\/Bekir-Zorba.png\",\"datePublished\":\"2026-05-09T05:30:00+00:00\",\"dateModified\":\"2026-05-08T19:29:45+00:00\",\"description\":\"\u00dclkemizde ekonomi konusu bitimsizdir. Hemen her ortamda ya siyaset ya da ekonomi konu\u015fulur. Ya\u015fad\u0131\u011f\u0131m\u0131z \u015fehir Mersin de bundan ayr\u0131 tutulamaz.\",\"inLanguage\":\"tr\",\"potentialAction\":[{\"@type\":\"ReadAction\",\"target\":[\"https:\/\/epochtimestr.com\/index.php\/anadoludan-mersine\"]}]},{\"@type\":\"ImageObject\",\"inLanguage\":\"tr\",\"@id\":\"https:\/\/epochtimestr.com\/index.php\/anadoludan-mersine#primaryimage\",\"url\":\"https:\/\/epochtimestr.com\/wp-content\/uploads\/2011y\/Bekir-Zorba.png\",\"contentUrl\":\"https:\/\/epochtimestr.com\/wp-content\/uploads\/2011y\/Bekir-Zorba.png\",\"width\":600,\"height\":600},{\"@type\":\"WebSite\",\"@id\":\"https:\/\/epochtimestr.com\/#website\",\"url\":\"https:\/\/epochtimestr.com\/\",\"name\":\"The Epoch Times TR\",\"description\":\"De\u011fi\u015fen D\u00fcnyam\u0131za Taze Bir Bak\u0131\u015f\",\"publisher\":{\"@id\":\"https:\/\/epochtimestr.com\/#organization\"},\"potentialAction\":[{\"@type\":\"SearchAction\",\"target\":{\"@type\":\"EntryPoint\",\"urlTemplate\":\"https:\/\/epochtimestr.com\/?s={search_term_string}\"},\"query-input\":\"required name=search_term_string\"}],\"inLanguage\":\"tr\"},{\"@type\":\"Organization\",\"@id\":\"https:\/\/epochtimestr.com\/#organization\",\"name\":\"The EpochTimes T\u00fcrkiye\",\"url\":\"https:\/\/epochtimestr.com\/\",\"logo\":{\"@type\":\"ImageObject\",\"inLanguage\":\"tr\",\"@id\":\"https:\/\/epochtimestr.com\/#\/schema\/logo\/image\/\",\"url\":\"https:\/\/epochtimestr.com\/wp-content\/uploads\/2011y\/ET-Logo-YG.jpg\",\"contentUrl\":\"https:\/\/epochtimestr.com\/wp-content\/uploads\/2011y\/ET-Logo-YG.jpg\",\"width\":346,\"height\":29,\"caption\":\"The EpochTimes T\u00fcrkiye\"},\"image\":{\"@id\":\"https:\/\/epochtimestr.com\/#\/schema\/logo\/image\/\"},\"sameAs\":[\"https:\/\/www.facebook.com\/theepochtimestr\",\"https:\/\/x.com\/TheEpochTimesTR\",\"https:\/\/www.instagram.com\/epochtimestr\"]},{\"@type\":\"Person\",\"@id\":\"https:\/\/epochtimestr.com\/#\/schema\/person\/da1ad104599611965442ed3e7e9acb2b\",\"name\":\"Bekir Zorba\",\"image\":{\"@type\":\"ImageObject\",\"inLanguage\":\"tr\",\"@id\":\"https:\/\/epochtimestr.com\/#\/schema\/person\/image\/\",\"url\":\"https:\/\/secure.gravatar.com\/avatar\/eafd40d9b77b1fbf7c565a3d4916b79c?s=96&d=mm&r=g\",\"contentUrl\":\"https:\/\/secure.gravatar.com\/avatar\/eafd40d9b77b1fbf7c565a3d4916b79c?s=96&d=mm&r=g\",\"caption\":\"Bekir Zorba\"},\"url\":\"https:\/\/epochtimestr.com\/index.php\/author\/bekir\"}]}<\/script>\n<!-- \/ Yoast SEO plugin. -->","yoast_head_json":{"title":"Anadolu\u2019dan Mersin\u2019e - The Epoch Times TR","description":"\u00dclkemizde ekonomi konusu bitimsizdir. Hemen her ortamda ya siyaset ya da ekonomi konu\u015fulur. Ya\u015fad\u0131\u011f\u0131m\u0131z \u015fehir Mersin de bundan ayr\u0131 tutulamaz.","robots":{"index":"index","follow":"follow","max-snippet":"max-snippet:-1","max-image-preview":"max-image-preview:large","max-video-preview":"max-video-preview:-1"},"canonical":"https:\/\/epochtimestr.com\/index.php\/anadoludan-mersine","og_locale":"tr_TR","og_type":"article","og_title":"Anadolu\u2019dan Mersin\u2019e - The Epoch Times TR","og_description":"\u00dclkemizde ekonomi konusu bitimsizdir. Hemen her ortamda ya siyaset ya da ekonomi konu\u015fulur. Ya\u015fad\u0131\u011f\u0131m\u0131z \u015fehir Mersin de bundan ayr\u0131 tutulamaz.","og_url":"https:\/\/epochtimestr.com\/index.php\/anadoludan-mersine","og_site_name":"The Epoch Times TR","article_publisher":"https:\/\/www.facebook.com\/theepochtimestr","article_published_time":"2026-05-09T05:30:00+00:00","article_modified_time":"2026-05-08T19:29:45+00:00","og_image":[{"width":1200,"height":630,"url":"https:\/\/epochtimestr.com\/wp-content\/uploads\/2011y\/bzct-ma.jpg","type":"image\/jpeg"}],"author":"Bekir Zorba","twitter_card":"summary_large_image","twitter_creator":"@TheEpochTimesTR","twitter_site":"@TheEpochTimesTR","twitter_misc":{"Yazan:":"Bekir Zorba","Tahmini okuma s\u00fcresi":"4 dakika"},"schema":{"@context":"https:\/\/schema.org","@graph":[{"@type":"Article","@id":"https:\/\/epochtimestr.com\/index.php\/anadoludan-mersine#article","isPartOf":{"@id":"https:\/\/epochtimestr.com\/index.php\/anadoludan-mersine"},"author":{"name":"Bekir Zorba","@id":"https:\/\/epochtimestr.com\/#\/schema\/person\/da1ad104599611965442ed3e7e9acb2b"},"headline":"Anadolu\u2019dan Mersin\u2019e","datePublished":"2026-05-09T05:30:00+00:00","dateModified":"2026-05-08T19:29:45+00:00","mainEntityOfPage":{"@id":"https:\/\/epochtimestr.com\/index.php\/anadoludan-mersine"},"wordCount":831,"commentCount":0,"publisher":{"@id":"https:\/\/epochtimestr.com\/#organization"},"image":{"@id":"https:\/\/epochtimestr.com\/index.php\/anadoludan-mersine#primaryimage"},"thumbnailUrl":"https:\/\/epochtimestr.com\/wp-content\/uploads\/2011y\/Bekir-Zorba.png","articleSection":["K\u00f6\u015fe Yaz\u0131lar\u0131 Bekir Zorba"],"inLanguage":"tr","potentialAction":[{"@type":"CommentAction","name":"Comment","target":["https:\/\/epochtimestr.com\/index.php\/anadoludan-mersine#respond"]}]},{"@type":"WebPage","@id":"https:\/\/epochtimestr.com\/index.php\/anadoludan-mersine","url":"https:\/\/epochtimestr.com\/index.php\/anadoludan-mersine","name":"Anadolu\u2019dan Mersin\u2019e - The Epoch Times TR","isPartOf":{"@id":"https:\/\/epochtimestr.com\/#website"},"primaryImageOfPage":{"@id":"https:\/\/epochtimestr.com\/index.php\/anadoludan-mersine#primaryimage"},"image":{"@id":"https:\/\/epochtimestr.com\/index.php\/anadoludan-mersine#primaryimage"},"thumbnailUrl":"https:\/\/epochtimestr.com\/wp-content\/uploads\/2011y\/Bekir-Zorba.png","datePublished":"2026-05-09T05:30:00+00:00","dateModified":"2026-05-08T19:29:45+00:00","description":"\u00dclkemizde ekonomi konusu bitimsizdir. Hemen her ortamda ya siyaset ya da ekonomi konu\u015fulur. Ya\u015fad\u0131\u011f\u0131m\u0131z \u015fehir Mersin de bundan ayr\u0131 tutulamaz.","inLanguage":"tr","potentialAction":[{"@type":"ReadAction","target":["https:\/\/epochtimestr.com\/index.php\/anadoludan-mersine"]}]},{"@type":"ImageObject","inLanguage":"tr","@id":"https:\/\/epochtimestr.com\/index.php\/anadoludan-mersine#primaryimage","url":"https:\/\/epochtimestr.com\/wp-content\/uploads\/2011y\/Bekir-Zorba.png","contentUrl":"https:\/\/epochtimestr.com\/wp-content\/uploads\/2011y\/Bekir-Zorba.png","width":600,"height":600},{"@type":"WebSite","@id":"https:\/\/epochtimestr.com\/#website","url":"https:\/\/epochtimestr.com\/","name":"The Epoch Times TR","description":"De\u011fi\u015fen D\u00fcnyam\u0131za Taze Bir Bak\u0131\u015f","publisher":{"@id":"https:\/\/epochtimestr.com\/#organization"},"potentialAction":[{"@type":"SearchAction","target":{"@type":"EntryPoint","urlTemplate":"https:\/\/epochtimestr.com\/?s={search_term_string}"},"query-input":"required name=search_term_string"}],"inLanguage":"tr"},{"@type":"Organization","@id":"https:\/\/epochtimestr.com\/#organization","name":"The EpochTimes T\u00fcrkiye","url":"https:\/\/epochtimestr.com\/","logo":{"@type":"ImageObject","inLanguage":"tr","@id":"https:\/\/epochtimestr.com\/#\/schema\/logo\/image\/","url":"https:\/\/epochtimestr.com\/wp-content\/uploads\/2011y\/ET-Logo-YG.jpg","contentUrl":"https:\/\/epochtimestr.com\/wp-content\/uploads\/2011y\/ET-Logo-YG.jpg","width":346,"height":29,"caption":"The EpochTimes T\u00fcrkiye"},"image":{"@id":"https:\/\/epochtimestr.com\/#\/schema\/logo\/image\/"},"sameAs":["https:\/\/www.facebook.com\/theepochtimestr","https:\/\/x.com\/TheEpochTimesTR","https:\/\/www.instagram.com\/epochtimestr"]},{"@type":"Person","@id":"https:\/\/epochtimestr.com\/#\/schema\/person\/da1ad104599611965442ed3e7e9acb2b","name":"Bekir Zorba","image":{"@type":"ImageObject","inLanguage":"tr","@id":"https:\/\/epochtimestr.com\/#\/schema\/person\/image\/","url":"https:\/\/secure.gravatar.com\/avatar\/eafd40d9b77b1fbf7c565a3d4916b79c?s=96&d=mm&r=g","contentUrl":"https:\/\/secure.gravatar.com\/avatar\/eafd40d9b77b1fbf7c565a3d4916b79c?s=96&d=mm&r=g","caption":"Bekir Zorba"},"url":"https:\/\/epochtimestr.com\/index.php\/author\/bekir"}]}},"_links":{"self":[{"href":"https:\/\/epochtimestr.com\/index.php\/wp-json\/wp\/v2\/posts\/167158"}],"collection":[{"href":"https:\/\/epochtimestr.com\/index.php\/wp-json\/wp\/v2\/posts"}],"about":[{"href":"https:\/\/epochtimestr.com\/index.php\/wp-json\/wp\/v2\/types\/post"}],"author":[{"embeddable":true,"href":"https:\/\/epochtimestr.com\/index.php\/wp-json\/wp\/v2\/users\/14001"}],"replies":[{"embeddable":true,"href":"https:\/\/epochtimestr.com\/index.php\/wp-json\/wp\/v2\/comments?post=167158"}],"version-history":[{"count":1,"href":"https:\/\/epochtimestr.com\/index.php\/wp-json\/wp\/v2\/posts\/167158\/revisions"}],"predecessor-version":[{"id":167160,"href":"https:\/\/epochtimestr.com\/index.php\/wp-json\/wp\/v2\/posts\/167158\/revisions\/167160"}],"wp:featuredmedia":[{"embeddable":true,"href":"https:\/\/epochtimestr.com\/index.php\/wp-json\/wp\/v2\/media\/161038"}],"wp:attachment":[{"href":"https:\/\/epochtimestr.com\/index.php\/wp-json\/wp\/v2\/media?parent=167158"}],"wp:term":[{"taxonomy":"category","embeddable":true,"href":"https:\/\/epochtimestr.com\/index.php\/wp-json\/wp\/v2\/categories?post=167158"},{"taxonomy":"post_tag","embeddable":true,"href":"https:\/\/epochtimestr.com\/index.php\/wp-json\/wp\/v2\/tags?post=167158"}],"curies":[{"name":"wp","href":"https:\/\/api.w.org\/{rel}","templated":true}]}}