{"id":167164,"date":"2026-05-10T08:30:00","date_gmt":"2026-05-10T05:30:00","guid":{"rendered":"https:\/\/epochtimestr.com\/?p=167164"},"modified":"2026-05-09T12:41:36","modified_gmt":"2026-05-09T09:41:36","slug":"dunyaya-bir-cagri-ne-mutlu-turkum-diyene","status":"publish","type":"post","link":"https:\/\/epochtimestr.com\/index.php\/dunyaya-bir-cagri-ne-mutlu-turkum-diyene","title":{"rendered":"D\u00fcnyaya Bir \u00c7a\u011fr\u0131: Ne Mutlu T\u00fcrk\u00fcm Diyene"},"content":{"rendered":"\n<p>Mustafa Kemal Atat\u00fcrk\u2019\u00fcn Cumhuriyet\u2019in onuncu y\u0131l\u0131nda dile getirdi\u011fi \u201cNe mutlu T\u00fcrk\u00fcm diyene!\u201d vecizesi, on y\u0131llard\u0131r sadece bir slogan de\u011fil, bir ulusal kimlik manifestosu ve toplumsal bar\u0131\u015f\u0131n anahtar\u0131 olarak yank\u0131lanmaktad\u0131r. Ancak bu s\u00f6z, sadece T\u00fcrkiye s\u0131n\u0131rlar\u0131 i\u00e7inde bir aidiyet ifadesi olman\u0131n \u00f6tesinde, bug\u00fcn kaosla, kimlik \u00e7at\u0131\u015fmalar\u0131yla ve ayr\u0131\u015fmayla bo\u011fu\u015fan modern d\u00fcnyaya da evrensel bir ders niteli\u011fi ta\u015f\u0131maktad\u0131r.<\/p>\n\n\n\n<p><strong>Bir Etnisiteden \u00d6te: Kapsay\u0131c\u0131 Milliyet\u00e7ilik<\/strong><\/p>\n\n\n\n<p>Atat\u00fcrk milliyet\u00e7ili\u011fi, d\u00fcnyadaki pek \u00e7ok ak\u0131m\u0131n aksine \u201ckan ba\u011f\u0131\u201d veya \u201c\u0131rk\u201d \u00fczerine de\u011fil, \u201ck\u00fclt\u00fcr\u201d ve \u201c\u00fclk\u00fc birli\u011fi\u201d \u00fczerine in\u015fa edilmi\u015ftir. \u201cT\u00fcrk\u201d ifadesi burada biyolojik bir k\u00f6keni de\u011fil, ortak bir tarihi, dili ve gelece\u011fi payla\u015fma iradesini temsil eder.<\/p>\n\n\n\n<p><strong>D\u0131\u015flay\u0131c\u0131 De\u011fil, Birle\u015ftiricidir:<\/strong> Kimseyi d\u0131\u015far\u0131da b\u0131rakmaz; \u201cT\u00fcrk\u00fcm\u201d diyebilen herkesi bu \u00e7at\u0131n\u0131n alt\u0131na davet eder.<\/p>\n\n\n\n<p><strong>Bar\u0131\u015f\u00e7\u0131ld\u0131r:<\/strong> \u201cYurtta sulh, cihanda sulh\u201d ilkesinin temel ta\u015f\u0131d\u0131r. Kendi kimli\u011fiyle bar\u0131\u015f\u0131k olan\u0131n, d\u00fcnya bar\u0131\u015f\u0131na katk\u0131 sunabilece\u011fine inan\u0131r.<\/p>\n\n\n\n<h3 class=\"wp-block-heading\">Modern D\u00fcnyan\u0131n Kimlik Bunal\u0131m\u0131na Bir Re\u00e7ete<\/h3>\n\n\n\n<p>Bug\u00fcn d\u00fcnya, a\u015f\u0131r\u0131 sa\u011f\u0131n y\u00fckseli\u015fi, mikro-milliyet\u00e7ilik ve k\u00fclt\u00fcrel kutupla\u015fmalarla sars\u0131lmaktad\u0131r. Toplumlar, kendilerini tan\u0131mlarken \u201c\u00f6tekini\u201d d\u00fc\u015fmanla\u015ft\u0131rma tuza\u011f\u0131na d\u00fc\u015fmektedir. \u0130\u015fte bu noktada T\u00fcrkiye\u2019nin \u201cAnayasal Vatanda\u015fl\u0131k\u201d ve \u201cG\u00f6n\u00fcll\u00fc Aidiyet\u201d modeli d\u00fcnyaya bir \u00e7a\u011fr\u0131 niteli\u011findedir:<\/p>\n\n\n\n<p>\u201cBir milleti ya\u015fatmak i\u00e7in her t\u00fcrl\u00fc ayr\u0131m\u0131 reddeden, ortak de\u011ferler etraf\u0131nda kenetlenen bir \u00fcst kimlik in\u015fa etmek, toplumsal huzurun yeg\u00e2ne yoludur.\u201d<\/p>\n\n\n\n<p><strong>D\u00fcnyaya \u00c7a\u011fr\u0131: Ortak De\u011ferlerde Bulu\u015fmak<\/strong><\/p>\n\n\n\n<p>Buradan d\u00fcnyaya sesleniyoruz: Bir milletin g\u00fcc\u00fc, safl\u0131\u011f\u0131nda de\u011fil, farkl\u0131l\u0131klar\u0131n\u0131 tek bir ideal etraf\u0131nda birle\u015ftirebilme kabiliyetindedir. \u201cNe mutlu T\u00fcrk\u00fcm diyene\u201d s\u00f6z\u00fc, asl\u0131nda \u015fu evrensel mesajlar\u0131 ta\u015f\u0131r:<\/p>\n\n\n\n<p><strong>Aidiyet Onurdur:<\/strong> Kendi tarihine ve k\u00fclt\u00fcr\u00fcne sahip \u00e7\u0131kmak, modernle\u015fmenin \u00f6n\u00fcnde engel de\u011fildir; aksine onun yak\u0131t\u0131d\u0131r.<\/p>\n\n\n\n<p><strong>E\u015fitlik Esast\u0131r:<\/strong> Hukuk \u00f6n\u00fcnde herkesin e\u015fit oldu\u011fu, kimsenin k\u00f6keni sebebiyle d\u0131\u015flanmad\u0131\u011f\u0131 bir sistem, en g\u00fc\u00e7l\u00fc savunma mekanizmas\u0131d\u0131r.<\/p>\n\n\n\n<p><strong>Gelecek Ortakt\u0131r:<\/strong> Sava\u015flar\u0131n ve y\u0131k\u0131mlar\u0131n \u00f6n\u00fcne ge\u00e7mek i\u00e7in \u201cbiz\u201d diyebilmenin hazz\u0131na var\u0131lmal\u0131d\u0131r.<\/p>\n\n\n\n<p><strong>Bir Medeniyet \u0130deali<\/strong><\/p>\n\n\n\n<p>\u201cNe mutlu T\u00fcrk\u00fcm diyene!\u201d diyerek bu onuru ta\u015f\u0131yan her birey, asl\u0131nda insanl\u0131\u011f\u0131n ortak miras\u0131na sahip \u00e7\u0131kmaktad\u0131r. Bu c\u00fcmle, cehalete kar\u015f\u0131 irfan\u0131n, karanl\u0131\u011fa kar\u015f\u0131 ayd\u0131nlanman\u0131n ve par\u00e7alanmaya kar\u015f\u0131 birli\u011fin hayk\u0131r\u0131\u015f\u0131d\u0131r.<\/p>\n\n\n\n<p>D\u00fcnya, \u00e7at\u0131\u015fan kimliklerin yaratt\u0131\u011f\u0131 g\u00fcr\u00fclt\u00fcy\u00fc ancak bu kapsay\u0131c\u0131 ve kucaklay\u0131c\u0131 anlay\u0131\u015fla dindirebilir. T\u00fcrkiye Cumhuriyeti\u2019nin temeli olan bu vizyon, sadece T\u00fcrk milletinin de\u011fil, bar\u0131\u015f i\u00e7inde ya\u015famak isteyen t\u00fcm insanl\u0131\u011f\u0131n ilham kayna\u011f\u0131 olmaya devam edecektir.<\/p>\n","protected":false},"excerpt":{"rendered":"<p>Mustafa Kemal Atat\u00fcrk\u2019\u00fcn Cumhuriyet\u2019in onuncu y\u0131l\u0131nda dile getirdi\u011fi \u201cNe mutlu T\u00fcrk\u00fcm diyene!\u201d vecizesi, on y\u0131llard\u0131r sadece bir slogan de\u011fil, bir ulusal kimlik manifestosu ve toplumsal bar\u0131\u015f\u0131n anahtar\u0131 olarak yank\u0131lanmaktad\u0131r. Ancak bu s\u00f6z, sadece T\u00fcrkiye s\u0131n\u0131rlar\u0131 i\u00e7inde bir aidiyet ifadesi olman\u0131n \u00f6tesinde, bug\u00fcn kaosla, kimlik \u00e7at\u0131\u015fmalar\u0131yla ve ayr\u0131\u015fmayla bo\u011fu\u015fan modern d\u00fcnyaya da evrensel bir ders niteli\u011fi [&hellip;]<\/p>\n","protected":false},"author":14013,"featured_media":167144,"comment_status":"open","ping_status":"open","sticky":false,"template":"","format":"standard","meta":{"_yoast_wpseo_focuskw":"Ne mutlu T\u00fcrk\u00fcm diyene","_yoast_wpseo_title":"","_yoast_wpseo_metadesc":"\u201cNe mutlu T\u00fcrk\u00fcm diyene\u201d s\u00f6z\u00fc, on y\u0131llard\u0131r bir ulusal kimlik manifestosu ve toplumsal bar\u0131\u015f\u0131n anahtar\u0131 olarak yank\u0131lanmaktad\u0131r.","_bbp_topic_count":0,"_bbp_reply_count":0,"_bbp_total_topic_count":0,"_bbp_total_reply_count":0,"_bbp_voice_count":0,"_bbp_anonymous_reply_count":0,"_bbp_topic_count_hidden":0,"_bbp_reply_count_hidden":0,"_bbp_forum_subforum_count":0,"footnotes":"","_yoast_wpseo_focuskw_text_input":""},"categories":[11361],"tags":[],"yoast_head":"<!-- This site is optimized with the Yoast SEO plugin v23.0 - https:\/\/yoast.com\/wordpress\/plugins\/seo\/ -->\n<title>D\u00fcnyaya Bir \u00c7a\u011fr\u0131: Ne Mutlu T\u00fcrk\u00fcm Diyene - The Epoch Times TR<\/title>\n<meta name=\"description\" content=\"\u201cNe mutlu T\u00fcrk\u00fcm diyene\u201d s\u00f6z\u00fc, on y\u0131llard\u0131r bir ulusal kimlik manifestosu ve toplumsal bar\u0131\u015f\u0131n anahtar\u0131 olarak yank\u0131lanmaktad\u0131r.\" \/>\n<meta name=\"robots\" content=\"index, follow, max-snippet:-1, max-image-preview:large, max-video-preview:-1\" \/>\n<link rel=\"canonical\" href=\"https:\/\/epochtimestr.com\/index.php\/dunyaya-bir-cagri-ne-mutlu-turkum-diyene\" \/>\n<meta property=\"og:locale\" content=\"tr_TR\" \/>\n<meta property=\"og:type\" content=\"article\" \/>\n<meta property=\"og:title\" content=\"D\u00fcnyaya Bir \u00c7a\u011fr\u0131: Ne Mutlu T\u00fcrk\u00fcm Diyene - The Epoch Times TR\" \/>\n<meta property=\"og:description\" content=\"\u201cNe mutlu T\u00fcrk\u00fcm diyene\u201d s\u00f6z\u00fc, on y\u0131llard\u0131r bir ulusal kimlik manifestosu ve toplumsal bar\u0131\u015f\u0131n anahtar\u0131 olarak yank\u0131lanmaktad\u0131r.\" \/>\n<meta property=\"og:url\" content=\"https:\/\/epochtimestr.com\/index.php\/dunyaya-bir-cagri-ne-mutlu-turkum-diyene\" \/>\n<meta property=\"og:site_name\" content=\"The Epoch Times TR\" \/>\n<meta property=\"article:publisher\" content=\"https:\/\/www.facebook.com\/theepochtimestr\" \/>\n<meta property=\"article:published_time\" content=\"2026-05-10T05:30:00+00:00\" \/>\n<meta property=\"article:modified_time\" content=\"2026-05-09T09:41:36+00:00\" \/>\n<meta property=\"og:image\" content=\"https:\/\/epochtimestr.com\/wp-content\/uploads\/2011y\/ali-kekliktepe-SM.jpeg\" \/>\n\t<meta property=\"og:image:width\" content=\"1200\" \/>\n\t<meta property=\"og:image:height\" content=\"630\" \/>\n\t<meta property=\"og:image:type\" content=\"image\/jpeg\" \/>\n<meta name=\"author\" content=\"Ali Kekliktepe\" \/>\n<meta name=\"twitter:card\" content=\"summary_large_image\" \/>\n<meta name=\"twitter:creator\" content=\"@TheEpochTimesTR\" \/>\n<meta name=\"twitter:site\" content=\"@TheEpochTimesTR\" \/>\n<meta name=\"twitter:label1\" content=\"Yazan:\" \/>\n\t<meta name=\"twitter:data1\" content=\"Ali Kekliktepe\" \/>\n\t<meta name=\"twitter:label2\" content=\"Tahmini okuma s\u00fcresi\" \/>\n\t<meta name=\"twitter:data2\" content=\"3 dakika\" \/>\n<script type=\"application\/ld+json\" class=\"yoast-schema-graph\">{\"@context\":\"https:\/\/schema.org\",\"@graph\":[{\"@type\":\"Article\",\"@id\":\"https:\/\/epochtimestr.com\/index.php\/dunyaya-bir-cagri-ne-mutlu-turkum-diyene#article\",\"isPartOf\":{\"@id\":\"https:\/\/epochtimestr.com\/index.php\/dunyaya-bir-cagri-ne-mutlu-turkum-diyene\"},\"author\":{\"name\":\"Ali Kekliktepe\",\"@id\":\"https:\/\/epochtimestr.com\/#\/schema\/person\/da94a416fed1aed029d0a47e85673b95\"},\"headline\":\"D\u00fcnyaya Bir \u00c7a\u011fr\u0131: Ne Mutlu T\u00fcrk\u00fcm Diyene\",\"datePublished\":\"2026-05-10T05:30:00+00:00\",\"dateModified\":\"2026-05-09T09:41:36+00:00\",\"mainEntityOfPage\":{\"@id\":\"https:\/\/epochtimestr.com\/index.php\/dunyaya-bir-cagri-ne-mutlu-turkum-diyene\"},\"wordCount\":532,\"commentCount\":0,\"publisher\":{\"@id\":\"https:\/\/epochtimestr.com\/#organization\"},\"image\":{\"@id\":\"https:\/\/epochtimestr.com\/index.php\/dunyaya-bir-cagri-ne-mutlu-turkum-diyene#primaryimage\"},\"thumbnailUrl\":\"https:\/\/epochtimestr.com\/wp-content\/uploads\/2011y\/Ali-Kekliktepe.jpg\",\"articleSection\":[\"K\u00f6\u015fe Yaz\u0131lar\u0131 Ali Kekliktepe\"],\"inLanguage\":\"tr\",\"potentialAction\":[{\"@type\":\"CommentAction\",\"name\":\"Comment\",\"target\":[\"https:\/\/epochtimestr.com\/index.php\/dunyaya-bir-cagri-ne-mutlu-turkum-diyene#respond\"]}]},{\"@type\":\"WebPage\",\"@id\":\"https:\/\/epochtimestr.com\/index.php\/dunyaya-bir-cagri-ne-mutlu-turkum-diyene\",\"url\":\"https:\/\/epochtimestr.com\/index.php\/dunyaya-bir-cagri-ne-mutlu-turkum-diyene\",\"name\":\"D\u00fcnyaya Bir \u00c7a\u011fr\u0131: Ne Mutlu T\u00fcrk\u00fcm Diyene - The Epoch Times TR\",\"isPartOf\":{\"@id\":\"https:\/\/epochtimestr.com\/#website\"},\"primaryImageOfPage\":{\"@id\":\"https:\/\/epochtimestr.com\/index.php\/dunyaya-bir-cagri-ne-mutlu-turkum-diyene#primaryimage\"},\"image\":{\"@id\":\"https:\/\/epochtimestr.com\/index.php\/dunyaya-bir-cagri-ne-mutlu-turkum-diyene#primaryimage\"},\"thumbnailUrl\":\"https:\/\/epochtimestr.com\/wp-content\/uploads\/2011y\/Ali-Kekliktepe.jpg\",\"datePublished\":\"2026-05-10T05:30:00+00:00\",\"dateModified\":\"2026-05-09T09:41:36+00:00\",\"description\":\"\u201cNe mutlu T\u00fcrk\u00fcm diyene\u201d s\u00f6z\u00fc, on y\u0131llard\u0131r bir ulusal kimlik manifestosu ve toplumsal bar\u0131\u015f\u0131n anahtar\u0131 olarak yank\u0131lanmaktad\u0131r.\",\"inLanguage\":\"tr\",\"potentialAction\":[{\"@type\":\"ReadAction\",\"target\":[\"https:\/\/epochtimestr.com\/index.php\/dunyaya-bir-cagri-ne-mutlu-turkum-diyene\"]}]},{\"@type\":\"ImageObject\",\"inLanguage\":\"tr\",\"@id\":\"https:\/\/epochtimestr.com\/index.php\/dunyaya-bir-cagri-ne-mutlu-turkum-diyene#primaryimage\",\"url\":\"https:\/\/epochtimestr.com\/wp-content\/uploads\/2011y\/Ali-Kekliktepe.jpg\",\"contentUrl\":\"https:\/\/epochtimestr.com\/wp-content\/uploads\/2011y\/Ali-Kekliktepe.jpg\",\"width\":600,\"height\":600},{\"@type\":\"WebSite\",\"@id\":\"https:\/\/epochtimestr.com\/#website\",\"url\":\"https:\/\/epochtimestr.com\/\",\"name\":\"The Epoch Times TR\",\"description\":\"De\u011fi\u015fen D\u00fcnyam\u0131za Taze Bir Bak\u0131\u015f\",\"publisher\":{\"@id\":\"https:\/\/epochtimestr.com\/#organization\"},\"potentialAction\":[{\"@type\":\"SearchAction\",\"target\":{\"@type\":\"EntryPoint\",\"urlTemplate\":\"https:\/\/epochtimestr.com\/?s={search_term_string}\"},\"query-input\":\"required name=search_term_string\"}],\"inLanguage\":\"tr\"},{\"@type\":\"Organization\",\"@id\":\"https:\/\/epochtimestr.com\/#organization\",\"name\":\"The EpochTimes T\u00fcrkiye\",\"url\":\"https:\/\/epochtimestr.com\/\",\"logo\":{\"@type\":\"ImageObject\",\"inLanguage\":\"tr\",\"@id\":\"https:\/\/epochtimestr.com\/#\/schema\/logo\/image\/\",\"url\":\"https:\/\/epochtimestr.com\/wp-content\/uploads\/2011y\/ET-Logo-YG.jpg\",\"contentUrl\":\"https:\/\/epochtimestr.com\/wp-content\/uploads\/2011y\/ET-Logo-YG.jpg\",\"width\":346,\"height\":29,\"caption\":\"The EpochTimes T\u00fcrkiye\"},\"image\":{\"@id\":\"https:\/\/epochtimestr.com\/#\/schema\/logo\/image\/\"},\"sameAs\":[\"https:\/\/www.facebook.com\/theepochtimestr\",\"https:\/\/x.com\/TheEpochTimesTR\",\"https:\/\/www.instagram.com\/epochtimestr\"]},{\"@type\":\"Person\",\"@id\":\"https:\/\/epochtimestr.com\/#\/schema\/person\/da94a416fed1aed029d0a47e85673b95\",\"name\":\"Ali Kekliktepe\",\"image\":{\"@type\":\"ImageObject\",\"inLanguage\":\"tr\",\"@id\":\"https:\/\/epochtimestr.com\/#\/schema\/person\/image\/\",\"url\":\"https:\/\/secure.gravatar.com\/avatar\/6c965c3fc374c8f4af759baef4f38bcd?s=96&d=mm&r=g\",\"contentUrl\":\"https:\/\/secure.gravatar.com\/avatar\/6c965c3fc374c8f4af759baef4f38bcd?s=96&d=mm&r=g\",\"caption\":\"Ali Kekliktepe\"},\"description\":\"Ben Ali Kekliktepe; hayat\u0131n\u0131 \u00f6\u011frenmeye, \u00f6\u011fretmeye ve toplumsal fayda yaratmaya adam\u0131\u015f bir yazar ve profesyonelim. Kalemi sadece ka\u011f\u0131da dokunan bir ara\u00e7 de\u011fil, toplumun aksayan y\u00f6nlerine \u015fifa olan bir enstr\u00fcman olarak g\u00f6r\u00fcyorum.\",\"sameAs\":[\"https:\/\/alikekliktepemersin33.blogspot.com\/\"],\"url\":\"https:\/\/epochtimestr.com\/index.php\/author\/ali\"}]}<\/script>\n<!-- \/ Yoast SEO plugin. -->","yoast_head_json":{"title":"D\u00fcnyaya Bir \u00c7a\u011fr\u0131: Ne Mutlu T\u00fcrk\u00fcm Diyene - The Epoch Times TR","description":"\u201cNe mutlu T\u00fcrk\u00fcm diyene\u201d s\u00f6z\u00fc, on y\u0131llard\u0131r bir ulusal kimlik manifestosu ve toplumsal bar\u0131\u015f\u0131n anahtar\u0131 olarak yank\u0131lanmaktad\u0131r.","robots":{"index":"index","follow":"follow","max-snippet":"max-snippet:-1","max-image-preview":"max-image-preview:large","max-video-preview":"max-video-preview:-1"},"canonical":"https:\/\/epochtimestr.com\/index.php\/dunyaya-bir-cagri-ne-mutlu-turkum-diyene","og_locale":"tr_TR","og_type":"article","og_title":"D\u00fcnyaya Bir \u00c7a\u011fr\u0131: Ne Mutlu T\u00fcrk\u00fcm Diyene - The Epoch Times TR","og_description":"\u201cNe mutlu T\u00fcrk\u00fcm diyene\u201d s\u00f6z\u00fc, on y\u0131llard\u0131r bir ulusal kimlik manifestosu ve toplumsal bar\u0131\u015f\u0131n anahtar\u0131 olarak yank\u0131lanmaktad\u0131r.","og_url":"https:\/\/epochtimestr.com\/index.php\/dunyaya-bir-cagri-ne-mutlu-turkum-diyene","og_site_name":"The Epoch Times TR","article_publisher":"https:\/\/www.facebook.com\/theepochtimestr","article_published_time":"2026-05-10T05:30:00+00:00","article_modified_time":"2026-05-09T09:41:36+00:00","og_image":[{"width":1200,"height":630,"url":"https:\/\/epochtimestr.com\/wp-content\/uploads\/2011y\/ali-kekliktepe-SM.jpeg","type":"image\/jpeg"}],"author":"Ali Kekliktepe","twitter_card":"summary_large_image","twitter_creator":"@TheEpochTimesTR","twitter_site":"@TheEpochTimesTR","twitter_misc":{"Yazan:":"Ali Kekliktepe","Tahmini okuma s\u00fcresi":"3 dakika"},"schema":{"@context":"https:\/\/schema.org","@graph":[{"@type":"Article","@id":"https:\/\/epochtimestr.com\/index.php\/dunyaya-bir-cagri-ne-mutlu-turkum-diyene#article","isPartOf":{"@id":"https:\/\/epochtimestr.com\/index.php\/dunyaya-bir-cagri-ne-mutlu-turkum-diyene"},"author":{"name":"Ali Kekliktepe","@id":"https:\/\/epochtimestr.com\/#\/schema\/person\/da94a416fed1aed029d0a47e85673b95"},"headline":"D\u00fcnyaya Bir \u00c7a\u011fr\u0131: Ne Mutlu T\u00fcrk\u00fcm Diyene","datePublished":"2026-05-10T05:30:00+00:00","dateModified":"2026-05-09T09:41:36+00:00","mainEntityOfPage":{"@id":"https:\/\/epochtimestr.com\/index.php\/dunyaya-bir-cagri-ne-mutlu-turkum-diyene"},"wordCount":532,"commentCount":0,"publisher":{"@id":"https:\/\/epochtimestr.com\/#organization"},"image":{"@id":"https:\/\/epochtimestr.com\/index.php\/dunyaya-bir-cagri-ne-mutlu-turkum-diyene#primaryimage"},"thumbnailUrl":"https:\/\/epochtimestr.com\/wp-content\/uploads\/2011y\/Ali-Kekliktepe.jpg","articleSection":["K\u00f6\u015fe Yaz\u0131lar\u0131 Ali Kekliktepe"],"inLanguage":"tr","potentialAction":[{"@type":"CommentAction","name":"Comment","target":["https:\/\/epochtimestr.com\/index.php\/dunyaya-bir-cagri-ne-mutlu-turkum-diyene#respond"]}]},{"@type":"WebPage","@id":"https:\/\/epochtimestr.com\/index.php\/dunyaya-bir-cagri-ne-mutlu-turkum-diyene","url":"https:\/\/epochtimestr.com\/index.php\/dunyaya-bir-cagri-ne-mutlu-turkum-diyene","name":"D\u00fcnyaya Bir \u00c7a\u011fr\u0131: Ne Mutlu T\u00fcrk\u00fcm Diyene - The Epoch Times TR","isPartOf":{"@id":"https:\/\/epochtimestr.com\/#website"},"primaryImageOfPage":{"@id":"https:\/\/epochtimestr.com\/index.php\/dunyaya-bir-cagri-ne-mutlu-turkum-diyene#primaryimage"},"image":{"@id":"https:\/\/epochtimestr.com\/index.php\/dunyaya-bir-cagri-ne-mutlu-turkum-diyene#primaryimage"},"thumbnailUrl":"https:\/\/epochtimestr.com\/wp-content\/uploads\/2011y\/Ali-Kekliktepe.jpg","datePublished":"2026-05-10T05:30:00+00:00","dateModified":"2026-05-09T09:41:36+00:00","description":"\u201cNe mutlu T\u00fcrk\u00fcm diyene\u201d s\u00f6z\u00fc, on y\u0131llard\u0131r bir ulusal kimlik manifestosu ve toplumsal bar\u0131\u015f\u0131n anahtar\u0131 olarak yank\u0131lanmaktad\u0131r.","inLanguage":"tr","potentialAction":[{"@type":"ReadAction","target":["https:\/\/epochtimestr.com\/index.php\/dunyaya-bir-cagri-ne-mutlu-turkum-diyene"]}]},{"@type":"ImageObject","inLanguage":"tr","@id":"https:\/\/epochtimestr.com\/index.php\/dunyaya-bir-cagri-ne-mutlu-turkum-diyene#primaryimage","url":"https:\/\/epochtimestr.com\/wp-content\/uploads\/2011y\/Ali-Kekliktepe.jpg","contentUrl":"https:\/\/epochtimestr.com\/wp-content\/uploads\/2011y\/Ali-Kekliktepe.jpg","width":600,"height":600},{"@type":"WebSite","@id":"https:\/\/epochtimestr.com\/#website","url":"https:\/\/epochtimestr.com\/","name":"The Epoch Times TR","description":"De\u011fi\u015fen D\u00fcnyam\u0131za Taze Bir Bak\u0131\u015f","publisher":{"@id":"https:\/\/epochtimestr.com\/#organization"},"potentialAction":[{"@type":"SearchAction","target":{"@type":"EntryPoint","urlTemplate":"https:\/\/epochtimestr.com\/?s={search_term_string}"},"query-input":"required name=search_term_string"}],"inLanguage":"tr"},{"@type":"Organization","@id":"https:\/\/epochtimestr.com\/#organization","name":"The EpochTimes T\u00fcrkiye","url":"https:\/\/epochtimestr.com\/","logo":{"@type":"ImageObject","inLanguage":"tr","@id":"https:\/\/epochtimestr.com\/#\/schema\/logo\/image\/","url":"https:\/\/epochtimestr.com\/wp-content\/uploads\/2011y\/ET-Logo-YG.jpg","contentUrl":"https:\/\/epochtimestr.com\/wp-content\/uploads\/2011y\/ET-Logo-YG.jpg","width":346,"height":29,"caption":"The EpochTimes T\u00fcrkiye"},"image":{"@id":"https:\/\/epochtimestr.com\/#\/schema\/logo\/image\/"},"sameAs":["https:\/\/www.facebook.com\/theepochtimestr","https:\/\/x.com\/TheEpochTimesTR","https:\/\/www.instagram.com\/epochtimestr"]},{"@type":"Person","@id":"https:\/\/epochtimestr.com\/#\/schema\/person\/da94a416fed1aed029d0a47e85673b95","name":"Ali Kekliktepe","image":{"@type":"ImageObject","inLanguage":"tr","@id":"https:\/\/epochtimestr.com\/#\/schema\/person\/image\/","url":"https:\/\/secure.gravatar.com\/avatar\/6c965c3fc374c8f4af759baef4f38bcd?s=96&d=mm&r=g","contentUrl":"https:\/\/secure.gravatar.com\/avatar\/6c965c3fc374c8f4af759baef4f38bcd?s=96&d=mm&r=g","caption":"Ali Kekliktepe"},"description":"Ben Ali Kekliktepe; hayat\u0131n\u0131 \u00f6\u011frenmeye, \u00f6\u011fretmeye ve toplumsal fayda yaratmaya adam\u0131\u015f bir yazar ve profesyonelim. Kalemi sadece ka\u011f\u0131da dokunan bir ara\u00e7 de\u011fil, toplumun aksayan y\u00f6nlerine \u015fifa olan bir enstr\u00fcman olarak g\u00f6r\u00fcyorum.","sameAs":["https:\/\/alikekliktepemersin33.blogspot.com\/"],"url":"https:\/\/epochtimestr.com\/index.php\/author\/ali"}]}},"_links":{"self":[{"href":"https:\/\/epochtimestr.com\/index.php\/wp-json\/wp\/v2\/posts\/167164"}],"collection":[{"href":"https:\/\/epochtimestr.com\/index.php\/wp-json\/wp\/v2\/posts"}],"about":[{"href":"https:\/\/epochtimestr.com\/index.php\/wp-json\/wp\/v2\/types\/post"}],"author":[{"embeddable":true,"href":"https:\/\/epochtimestr.com\/index.php\/wp-json\/wp\/v2\/users\/14013"}],"replies":[{"embeddable":true,"href":"https:\/\/epochtimestr.com\/index.php\/wp-json\/wp\/v2\/comments?post=167164"}],"version-history":[{"count":1,"href":"https:\/\/epochtimestr.com\/index.php\/wp-json\/wp\/v2\/posts\/167164\/revisions"}],"predecessor-version":[{"id":167170,"href":"https:\/\/epochtimestr.com\/index.php\/wp-json\/wp\/v2\/posts\/167164\/revisions\/167170"}],"wp:featuredmedia":[{"embeddable":true,"href":"https:\/\/epochtimestr.com\/index.php\/wp-json\/wp\/v2\/media\/167144"}],"wp:attachment":[{"href":"https:\/\/epochtimestr.com\/index.php\/wp-json\/wp\/v2\/media?parent=167164"}],"wp:term":[{"taxonomy":"category","embeddable":true,"href":"https:\/\/epochtimestr.com\/index.php\/wp-json\/wp\/v2\/categories?post=167164"},{"taxonomy":"post_tag","embeddable":true,"href":"https:\/\/epochtimestr.com\/index.php\/wp-json\/wp\/v2\/tags?post=167164"}],"curies":[{"name":"wp","href":"https:\/\/api.w.org\/{rel}","templated":true}]}}