{"id":167171,"date":"2026-05-09T12:55:18","date_gmt":"2026-05-09T09:55:18","guid":{"rendered":"https:\/\/epochtimestr.com\/?p=167171"},"modified":"2026-05-09T12:55:20","modified_gmt":"2026-05-09T09:55:20","slug":"baharin-yasli-safagi-hidirellezde-solan-uc-fidan","status":"publish","type":"post","link":"https:\/\/epochtimestr.com\/index.php\/baharin-yasli-safagi-hidirellezde-solan-uc-fidan","title":{"rendered":"Bahar\u0131n Yasl\u0131 \u015eafa\u011f\u0131: H\u0131d\u0131rellez\u2019de Solan \u00dc\u00e7 Fidan"},"content":{"rendered":"\n<p>H\u0131d\u0131rellez, bahar\u0131n geli\u015fi ve umutlar\u0131n ye\u015fermesi. 6 May\u0131s: dirili\u015f, yeniden do\u011fu\u015f g\u00fcn\u00fc. Anadolu, binlerce y\u0131ld\u0131r her dilden duay\u0131 tek bir merhamet sofras\u0131nda birle\u015ftiren, ba\u011fr\u0131 ta\u015f olsa da kalbi hep \u015fefkatle atan, ulu bir anad\u0131r. T\u00fcrk insan\u0131n\u0131n, sevgi, bar\u0131\u015f ve \u00f6zg\u00fcrl\u00fckte birle\u015fti\u011fi bu g\u00fcnde, \u00fc\u00e7 fidan\u0131 soldurmas\u0131 ve insanlar\u0131n i\u00e7indeki umudu yok etmesi, ne kadar ac\u0131 ve vahim!<\/p>\n\n\n\n<p>6 May\u0131s gencecik fidanlar\u0131n, tam ba\u011f\u0131ms\u0131zl\u0131k d\u00fc\u015f\u00fcyle \u00f6l\u00fcme dimdik y\u00fcr\u00fcd\u00fc\u011f\u00fc, adaletin ve vicdan\u0131n y\u00fcreklerde as\u0131l\u0131 kald\u0131\u011f\u0131, o en uzun ve en h\u00fcz\u00fcnl\u00fc may\u0131s sabah\u0131d\u0131r. 6 May\u0131s\u2019a gelen s\u00fcreci k\u0131saca \u00f6zetlemek isterim.<\/p>\n\n\n\n<p>Milliyet gazetesi yazar\u0131 G\u00fcng\u00f6r Uras, tart\u0131\u015f\u0131lan f\u00fcze kalkan\u0131 sistemlerinin kurulaca\u011f\u0131 b\u00f6lgeyle ilgili farkl\u0131 bir bak\u0131\u015f a\u00e7\u0131s\u0131 geli\u015ftirdi. 48 y\u0131l \u00f6nce f\u00fcze kalkan\u0131 sisteminin kurulaca\u011f\u0131 Malatya K\u00fcrecik\u2019te devrimci harek\u00e2t ba\u015flat\u0131lacakt\u0131.<\/p>\n\n\n\n<p>Uras, 48 y\u0131l \u00f6nce b\u00f6lgede ya\u015fanan tarihi olaylara \u0131\u015f\u0131k tuttu. Devrimci lider Deniz Gezmi\u015f ve arkada\u015flar\u0131, b\u00f6lgede kurulan Amerikan \u00fcss\u00fcndeki radara kar\u015f\u0131 eylemler ba\u015flatm\u0131\u015flard\u0131. Devrimci gen\u00e7lerden Sinan Cemgil bu s\u0131rada hayat\u0131n\u0131 kaybetmi\u015fti. G\u00fcng\u00f6r Uras, \u201c<strong>Amerikal\u0131lar Bu K\u00f6y\u00fc \u00c7ok Sever<\/strong>\u201d ba\u015fl\u0131kl\u0131 yaz\u0131s\u0131nda \u015fu olaylar\u0131 anlat\u0131yor:<\/p>\n\n\n\n<p>Malatya\u2019n\u0131n K\u00fcrecik k\u00f6y\u00fc \u00f6nemli bir k\u00f6yd\u00fcr. Nedendir bilinmez Amerikal\u0131lar bu k\u00f6y\u00fc \u00e7ok sever. Elli y\u0131l \u00f6nce bu k\u00f6yde Amerikal\u0131lar\u0131n radar \u00fcss\u00fc vard\u0131. Rusya bu k\u00f6yden izlenirdi. Bundan sonra da f\u00fcze kalkan\u0131 ile \u0130ran izlenecekti. Gen\u00e7ler bilmez, ya\u015fl\u0131lar hat\u0131rlamaz. Bundan 48 y\u0131l \u00f6nce K\u00fcrecik\u2019te \u00e7ok \u015feyler olmu\u015f, Amerikan radarlar\u0131na kar\u015f\u0131 eyleme yeltenen THKO (T\u00fcrk Halk Kurtulu\u015f Ordusu) \u00f6nc\u00fcleri \u00f6ld\u00fcr\u00fclm\u00fc\u015ft\u00fc. Alpaslan \u00d6zdo\u011fan, Kadir Manga, Sinan Cemgil. <em>T\u00fcrkiye i\u00e7in Halk Hareketi burada ba\u015flayacakt\u0131.<\/em><\/p>\n\n\n\n<p>THKO\u2019yu H\u00fcseyin \u0130nan, Yusuf Aslan, Sinan Cemgil, Deniz Gezmi\u015f ve Cihan Alptekin kurdu. Ba\u011f\u0131ms\u0131z ve demokratik bir T\u00fcrkiye i\u00e7in halk hareketini ba\u015flatacaklard\u0131. Ba\u011f\u0131ms\u0131zl\u0131k ve demokrasi aray\u0131\u015f\u0131nda 1970 sonunda eyleme ge\u00e7tiler. Devrimin proleterya partileri ve halk ordular\u0131yla ger\u00e7ekle\u015fece\u011fine, i\u015f\u00e7ilerin ve halk\u0131n kendilerini destekleyece\u011fine inan\u0131yorlard\u0131.<\/p>\n\n\n\n<p><strong>Sinan Cemgil Orada \u00d6ld\u00fcr\u00fcld\u00fc<\/strong><\/p>\n\n\n\n<p>12 Mart 1971\u2019de s\u0131k\u0131y\u00f6netim ilan edildi. G\u00f6zalt\u0131lar, operasyonlar, tutuklamalar ba\u015flad\u0131. Deniz Gezmi\u015f Gemerek\u2019te, Yusuf Aslan \u015eark\u0131\u015fla\u2019da, H\u00fcseyin \u0130nan ise P\u0131narba\u015f\u0131\u2019nda yakaland\u0131. Sinan Cemgil ve arkada\u015flar\u0131 aras\u0131nda Deniz\u2019lerin serbest b\u0131rak\u0131lmas\u0131n\u0131 sa\u011flamak i\u00e7in eylem yap\u0131lmas\u0131 \u00fczerinde g\u00f6r\u00fc\u015f birli\u011fi olu\u015ftu. K\u00fcrecik\u2019te bulunan NATO Radar \u00dcss\u00fc\u2019n\u00fc basmaya karar verdiler. Ancak bask\u0131n \u00f6ncesinde \u201c\u0130nekli K\u00f6y\u00fc\u201d muhtar\u0131n\u0131n ihbar\u0131 \u00fczerine ku\u015fat\u0131ld\u0131lar. 31 May\u0131s 1971\u2019de jandarma ile \u00e7\u0131kan \u00e7at\u0131\u015fmada Sinan Cemgil, Alparslan \u00d6zdo\u011fan ve Kadir Manga vurularak \u00f6ld\u00fcr\u00fcld\u00fc.<\/p>\n\n\n\n<p>Ad\u0131yaman&#8217;\u0131n G\u00f6lba\u015f\u0131 il\u00e7esinde cenazeyi almaya giden Sinan\u2019\u0131n annesi Nazife Cemgil, \u00e7evresini saran kad\u0131nlara Sinanlar\u2019\u0131 \u015f\u00f6yle anlatt\u0131: \u201cBu o\u011flum Sinan&#8230; Bunlar da onun arkada\u015flar\u0131 (Kadir ve Alpaslan), karde\u015fleri&#8230; Onlar da o\u011fullar\u0131m&#8230; Bu \u00e7ocuklar, bu o\u011fullar, bu \u00fclkeyi, halk\u0131, sizleri sevdiler. Ba\u015fka bir istekleri yoktu&#8230; Dileselerdi, d\u00fczenin adamlar\u0131 olsalard\u0131, \u015fimdi burada cans\u0131z yatmazlard\u0131. Ama onlar, sizin sorunlar\u0131n\u0131z\u0131 omuzlad\u0131lar. Sizlerin iyili\u011fi i\u00e7in da\u011fa \u00e7\u0131kt\u0131lar. \u00d6l\u00fcm\u00fc g\u00f6ze ald\u0131lar. \u00d6ld\u00fcr\u00fcld\u00fcler&#8230;\u201d<\/p>\n\n\n\n<p>Deniz Gezmi\u015f\u2019in annesi Mukaddes Gezmi\u015f, o\u011flunun idam\u0131ndan sonra uzun s\u00fcre susar! Konu\u015fmaz. Bir sabah radyodan bir t\u00fcrk\u00fc duyar. Ve o an, \u201cY\u00fcce da\u011f ba\u015f\u0131ndan indiremedim, y\u00f6n\u00fcn\u00fc y\u00f6n\u00fcme d\u00f6nd\u00fcremedim. Bir y\u00e2rin akl\u0131n\u0131 kand\u0131ramad\u0131m. Dividim, kalemim, yazan\u0131m. B\u00f6yle bir yavrunun derdi var bende, yar bende, yar bende. Aha ben gidiyom, sen hemen a\u011fla, yan a\u011fla, d\u00f6n a\u011fla!\u201d diye t\u00fcrk\u00fcye e\u015flik eder&#8230; Bu koca y\u00fcreklerin annelerine bu yap\u0131lan reva m\u0131? 6 May\u0131s, H\u0131d\u0131rellez ve Anneler G\u00fcn\u00fcne \u00fc\u00e7 be\u015f g\u00fcn kala. <\/p>\n\n\n\n<p>O d\u00f6nemde, \u00fclkenin \u00fczerine \u00e7\u00f6ken kara bulutlar ve oynanan oyunlarda evlad\u0131n\u0131 kaybeden t\u00fcm annelerin ac\u0131s\u0131n\u0131 payla\u015f\u0131yor, kaybettiklerimize rahmet, ya\u015fayanlara sab\u0131r diliyorum.<a href=\"https:\/\/www.facebook.com\/photo\/?fbid=27066197519672872&amp;set=a.981658385220142&amp;__cft__%5b0%5d=AZbd8-0H9Fxr5Fpmumpu0mSkPmTfPk1nmX5oS_14tY8ZhjdCHrNw_cvz9qPrWe3yuH4cAnur479ZrPPFjGNDpxLLH6WhrPx5d_S0T9l8t_A_7126MLbdIwIv8y31UcWBmbbbRsDVUgMxVa-D9SqduXndM0OoC1ROQvQ9jJYV0hu7kQ&amp;__tn__=EH-R\"><\/a><\/p>\n","protected":false},"excerpt":{"rendered":"<p>H\u0131d\u0131rellez, bahar\u0131n geli\u015fi ve umutlar\u0131n ye\u015fermesi. 6 May\u0131s: dirili\u015f, yeniden do\u011fu\u015f g\u00fcn\u00fc. Anadolu, binlerce y\u0131ld\u0131r her dilden duay\u0131 tek bir merhamet sofras\u0131nda birle\u015ftiren, ba\u011fr\u0131 ta\u015f olsa da kalbi hep \u015fefkatle atan, ulu bir anad\u0131r. T\u00fcrk insan\u0131n\u0131n, sevgi, bar\u0131\u015f ve \u00f6zg\u00fcrl\u00fckte birle\u015fti\u011fi bu g\u00fcnde, \u00fc\u00e7 fidan\u0131 soldurmas\u0131 ve insanlar\u0131n i\u00e7indeki umudu yok etmesi, ne kadar ac\u0131 [&hellip;]<\/p>\n","protected":false},"author":14005,"featured_media":163897,"comment_status":"open","ping_status":"open","sticky":false,"template":"","format":"standard","meta":{"_yoast_wpseo_focuskw":"\u00dc\u00e7 Fidan","_yoast_wpseo_title":"","_yoast_wpseo_metadesc":"T\u00fcrk insan\u0131n\u0131n, 6 May\u0131s g\u00fcn\u00fcnde \u00fc\u00e7 fidan\u0131 soldurmas\u0131 ve insanlar\u0131n i\u00e7indeki umudu yok etmesi, ne kadar ac\u0131 ve vahim!","_bbp_topic_count":0,"_bbp_reply_count":0,"_bbp_total_topic_count":0,"_bbp_total_reply_count":0,"_bbp_voice_count":0,"_bbp_anonymous_reply_count":0,"_bbp_topic_count_hidden":0,"_bbp_reply_count_hidden":0,"_bbp_forum_subforum_count":0,"footnotes":"","_yoast_wpseo_focuskw_text_input":""},"categories":[10057],"tags":[],"yoast_head":"<!-- This site is optimized with the Yoast SEO plugin v23.0 - https:\/\/yoast.com\/wordpress\/plugins\/seo\/ -->\n<title>Bahar\u0131n Yasl\u0131 \u015eafa\u011f\u0131: H\u0131d\u0131rellez\u2019de Solan \u00dc\u00e7 Fidan - The Epoch Times TR<\/title>\n<meta name=\"description\" content=\"T\u00fcrk insan\u0131n\u0131n, 6 May\u0131s g\u00fcn\u00fcnde \u00fc\u00e7 fidan\u0131 soldurmas\u0131 ve insanlar\u0131n i\u00e7indeki umudu yok etmesi, ne kadar ac\u0131 ve vahim!\" \/>\n<meta name=\"robots\" content=\"index, follow, max-snippet:-1, max-image-preview:large, max-video-preview:-1\" \/>\n<link rel=\"canonical\" href=\"https:\/\/epochtimestr.com\/index.php\/baharin-yasli-safagi-hidirellezde-solan-uc-fidan\" \/>\n<meta property=\"og:locale\" content=\"tr_TR\" \/>\n<meta property=\"og:type\" content=\"article\" \/>\n<meta property=\"og:title\" content=\"Bahar\u0131n Yasl\u0131 \u015eafa\u011f\u0131: H\u0131d\u0131rellez\u2019de Solan \u00dc\u00e7 Fidan - The Epoch Times TR\" \/>\n<meta property=\"og:description\" content=\"T\u00fcrk insan\u0131n\u0131n, 6 May\u0131s g\u00fcn\u00fcnde \u00fc\u00e7 fidan\u0131 soldurmas\u0131 ve insanlar\u0131n i\u00e7indeki umudu yok etmesi, ne kadar ac\u0131 ve vahim!\" \/>\n<meta property=\"og:url\" content=\"https:\/\/epochtimestr.com\/index.php\/baharin-yasli-safagi-hidirellezde-solan-uc-fidan\" \/>\n<meta property=\"og:site_name\" content=\"The Epoch Times TR\" \/>\n<meta property=\"article:publisher\" content=\"https:\/\/www.facebook.com\/theepochtimestr\" \/>\n<meta property=\"article:published_time\" content=\"2026-05-09T09:55:18+00:00\" \/>\n<meta property=\"article:modified_time\" content=\"2026-05-09T09:55:20+00:00\" \/>\n<meta property=\"og:image\" content=\"https:\/\/epochtimestr.com\/wp-content\/uploads\/2011y\/Aysel-Yetis-SM3.png\" \/>\n\t<meta property=\"og:image:width\" content=\"1200\" \/>\n\t<meta property=\"og:image:height\" content=\"630\" \/>\n\t<meta property=\"og:image:type\" content=\"image\/png\" \/>\n<meta name=\"author\" content=\"Aysel \u00d6zcan Yeti\u015f\" \/>\n<meta name=\"twitter:card\" content=\"summary_large_image\" \/>\n<meta name=\"twitter:creator\" content=\"@TheEpochTimesTR\" \/>\n<meta name=\"twitter:site\" content=\"@TheEpochTimesTR\" \/>\n<meta name=\"twitter:label1\" content=\"Yazan:\" \/>\n\t<meta name=\"twitter:data1\" content=\"Aysel \u00d6zcan Yeti\u015f\" \/>\n\t<meta name=\"twitter:label2\" content=\"Tahmini okuma s\u00fcresi\" \/>\n\t<meta name=\"twitter:data2\" content=\"4 dakika\" \/>\n<script type=\"application\/ld+json\" class=\"yoast-schema-graph\">{\"@context\":\"https:\/\/schema.org\",\"@graph\":[{\"@type\":\"Article\",\"@id\":\"https:\/\/epochtimestr.com\/index.php\/baharin-yasli-safagi-hidirellezde-solan-uc-fidan#article\",\"isPartOf\":{\"@id\":\"https:\/\/epochtimestr.com\/index.php\/baharin-yasli-safagi-hidirellezde-solan-uc-fidan\"},\"author\":{\"name\":\"Aysel \u00d6zcan Yeti\u015f\",\"@id\":\"https:\/\/epochtimestr.com\/#\/schema\/person\/8ac8c965e5072789ae94ce8df3878fad\"},\"headline\":\"Bahar\u0131n Yasl\u0131 \u015eafa\u011f\u0131: H\u0131d\u0131rellez\u2019de Solan \u00dc\u00e7 Fidan\",\"datePublished\":\"2026-05-09T09:55:18+00:00\",\"dateModified\":\"2026-05-09T09:55:20+00:00\",\"mainEntityOfPage\":{\"@id\":\"https:\/\/epochtimestr.com\/index.php\/baharin-yasli-safagi-hidirellezde-solan-uc-fidan\"},\"wordCount\":753,\"commentCount\":0,\"publisher\":{\"@id\":\"https:\/\/epochtimestr.com\/#organization\"},\"image\":{\"@id\":\"https:\/\/epochtimestr.com\/index.php\/baharin-yasli-safagi-hidirellezde-solan-uc-fidan#primaryimage\"},\"thumbnailUrl\":\"https:\/\/epochtimestr.com\/wp-content\/uploads\/2011y\/Aysel-Ozcan-Yetis.png\",\"articleSection\":[\"K\u00f6\u015fe Yaz\u0131lar\u0131 Aysel \u00d6zcan Yeti\u015f\"],\"inLanguage\":\"tr\",\"potentialAction\":[{\"@type\":\"CommentAction\",\"name\":\"Comment\",\"target\":[\"https:\/\/epochtimestr.com\/index.php\/baharin-yasli-safagi-hidirellezde-solan-uc-fidan#respond\"]}]},{\"@type\":\"WebPage\",\"@id\":\"https:\/\/epochtimestr.com\/index.php\/baharin-yasli-safagi-hidirellezde-solan-uc-fidan\",\"url\":\"https:\/\/epochtimestr.com\/index.php\/baharin-yasli-safagi-hidirellezde-solan-uc-fidan\",\"name\":\"Bahar\u0131n Yasl\u0131 \u015eafa\u011f\u0131: H\u0131d\u0131rellez\u2019de Solan \u00dc\u00e7 Fidan - The Epoch Times TR\",\"isPartOf\":{\"@id\":\"https:\/\/epochtimestr.com\/#website\"},\"primaryImageOfPage\":{\"@id\":\"https:\/\/epochtimestr.com\/index.php\/baharin-yasli-safagi-hidirellezde-solan-uc-fidan#primaryimage\"},\"image\":{\"@id\":\"https:\/\/epochtimestr.com\/index.php\/baharin-yasli-safagi-hidirellezde-solan-uc-fidan#primaryimage\"},\"thumbnailUrl\":\"https:\/\/epochtimestr.com\/wp-content\/uploads\/2011y\/Aysel-Ozcan-Yetis.png\",\"datePublished\":\"2026-05-09T09:55:18+00:00\",\"dateModified\":\"2026-05-09T09:55:20+00:00\",\"description\":\"T\u00fcrk insan\u0131n\u0131n, 6 May\u0131s g\u00fcn\u00fcnde \u00fc\u00e7 fidan\u0131 soldurmas\u0131 ve insanlar\u0131n i\u00e7indeki umudu yok etmesi, ne kadar ac\u0131 ve vahim!\",\"inLanguage\":\"tr\",\"potentialAction\":[{\"@type\":\"ReadAction\",\"target\":[\"https:\/\/epochtimestr.com\/index.php\/baharin-yasli-safagi-hidirellezde-solan-uc-fidan\"]}]},{\"@type\":\"ImageObject\",\"inLanguage\":\"tr\",\"@id\":\"https:\/\/epochtimestr.com\/index.php\/baharin-yasli-safagi-hidirellezde-solan-uc-fidan#primaryimage\",\"url\":\"https:\/\/epochtimestr.com\/wp-content\/uploads\/2011y\/Aysel-Ozcan-Yetis.png\",\"contentUrl\":\"https:\/\/epochtimestr.com\/wp-content\/uploads\/2011y\/Aysel-Ozcan-Yetis.png\",\"width\":750,\"height\":750},{\"@type\":\"WebSite\",\"@id\":\"https:\/\/epochtimestr.com\/#website\",\"url\":\"https:\/\/epochtimestr.com\/\",\"name\":\"The Epoch Times TR\",\"description\":\"De\u011fi\u015fen D\u00fcnyam\u0131za Taze Bir Bak\u0131\u015f\",\"publisher\":{\"@id\":\"https:\/\/epochtimestr.com\/#organization\"},\"potentialAction\":[{\"@type\":\"SearchAction\",\"target\":{\"@type\":\"EntryPoint\",\"urlTemplate\":\"https:\/\/epochtimestr.com\/?s={search_term_string}\"},\"query-input\":\"required name=search_term_string\"}],\"inLanguage\":\"tr\"},{\"@type\":\"Organization\",\"@id\":\"https:\/\/epochtimestr.com\/#organization\",\"name\":\"The EpochTimes T\u00fcrkiye\",\"url\":\"https:\/\/epochtimestr.com\/\",\"logo\":{\"@type\":\"ImageObject\",\"inLanguage\":\"tr\",\"@id\":\"https:\/\/epochtimestr.com\/#\/schema\/logo\/image\/\",\"url\":\"https:\/\/epochtimestr.com\/wp-content\/uploads\/2011y\/ET-Logo-YG.jpg\",\"contentUrl\":\"https:\/\/epochtimestr.com\/wp-content\/uploads\/2011y\/ET-Logo-YG.jpg\",\"width\":346,\"height\":29,\"caption\":\"The EpochTimes T\u00fcrkiye\"},\"image\":{\"@id\":\"https:\/\/epochtimestr.com\/#\/schema\/logo\/image\/\"},\"sameAs\":[\"https:\/\/www.facebook.com\/theepochtimestr\",\"https:\/\/x.com\/TheEpochTimesTR\",\"https:\/\/www.instagram.com\/epochtimestr\"]},{\"@type\":\"Person\",\"@id\":\"https:\/\/epochtimestr.com\/#\/schema\/person\/8ac8c965e5072789ae94ce8df3878fad\",\"name\":\"Aysel \u00d6zcan Yeti\u015f\",\"image\":{\"@type\":\"ImageObject\",\"inLanguage\":\"tr\",\"@id\":\"https:\/\/epochtimestr.com\/#\/schema\/person\/image\/\",\"url\":\"https:\/\/secure.gravatar.com\/avatar\/e05a79b1b2d145df9f842aa7f0e32ef2?s=96&d=mm&r=g\",\"contentUrl\":\"https:\/\/secure.gravatar.com\/avatar\/e05a79b1b2d145df9f842aa7f0e32ef2?s=96&d=mm&r=g\",\"caption\":\"Aysel \u00d6zcan Yeti\u015f\"},\"url\":\"https:\/\/epochtimestr.com\/index.php\/author\/aysel\"}]}<\/script>\n<!-- \/ Yoast SEO plugin. -->","yoast_head_json":{"title":"Bahar\u0131n Yasl\u0131 \u015eafa\u011f\u0131: H\u0131d\u0131rellez\u2019de Solan \u00dc\u00e7 Fidan - The Epoch Times TR","description":"T\u00fcrk insan\u0131n\u0131n, 6 May\u0131s g\u00fcn\u00fcnde \u00fc\u00e7 fidan\u0131 soldurmas\u0131 ve insanlar\u0131n i\u00e7indeki umudu yok etmesi, ne kadar ac\u0131 ve vahim!","robots":{"index":"index","follow":"follow","max-snippet":"max-snippet:-1","max-image-preview":"max-image-preview:large","max-video-preview":"max-video-preview:-1"},"canonical":"https:\/\/epochtimestr.com\/index.php\/baharin-yasli-safagi-hidirellezde-solan-uc-fidan","og_locale":"tr_TR","og_type":"article","og_title":"Bahar\u0131n Yasl\u0131 \u015eafa\u011f\u0131: H\u0131d\u0131rellez\u2019de Solan \u00dc\u00e7 Fidan - The Epoch Times TR","og_description":"T\u00fcrk insan\u0131n\u0131n, 6 May\u0131s g\u00fcn\u00fcnde \u00fc\u00e7 fidan\u0131 soldurmas\u0131 ve insanlar\u0131n i\u00e7indeki umudu yok etmesi, ne kadar ac\u0131 ve vahim!","og_url":"https:\/\/epochtimestr.com\/index.php\/baharin-yasli-safagi-hidirellezde-solan-uc-fidan","og_site_name":"The Epoch Times TR","article_publisher":"https:\/\/www.facebook.com\/theepochtimestr","article_published_time":"2026-05-09T09:55:18+00:00","article_modified_time":"2026-05-09T09:55:20+00:00","og_image":[{"width":1200,"height":630,"url":"https:\/\/epochtimestr.com\/wp-content\/uploads\/2011y\/Aysel-Yetis-SM3.png","type":"image\/png"}],"author":"Aysel \u00d6zcan Yeti\u015f","twitter_card":"summary_large_image","twitter_creator":"@TheEpochTimesTR","twitter_site":"@TheEpochTimesTR","twitter_misc":{"Yazan:":"Aysel \u00d6zcan Yeti\u015f","Tahmini okuma s\u00fcresi":"4 dakika"},"schema":{"@context":"https:\/\/schema.org","@graph":[{"@type":"Article","@id":"https:\/\/epochtimestr.com\/index.php\/baharin-yasli-safagi-hidirellezde-solan-uc-fidan#article","isPartOf":{"@id":"https:\/\/epochtimestr.com\/index.php\/baharin-yasli-safagi-hidirellezde-solan-uc-fidan"},"author":{"name":"Aysel \u00d6zcan Yeti\u015f","@id":"https:\/\/epochtimestr.com\/#\/schema\/person\/8ac8c965e5072789ae94ce8df3878fad"},"headline":"Bahar\u0131n Yasl\u0131 \u015eafa\u011f\u0131: H\u0131d\u0131rellez\u2019de Solan \u00dc\u00e7 Fidan","datePublished":"2026-05-09T09:55:18+00:00","dateModified":"2026-05-09T09:55:20+00:00","mainEntityOfPage":{"@id":"https:\/\/epochtimestr.com\/index.php\/baharin-yasli-safagi-hidirellezde-solan-uc-fidan"},"wordCount":753,"commentCount":0,"publisher":{"@id":"https:\/\/epochtimestr.com\/#organization"},"image":{"@id":"https:\/\/epochtimestr.com\/index.php\/baharin-yasli-safagi-hidirellezde-solan-uc-fidan#primaryimage"},"thumbnailUrl":"https:\/\/epochtimestr.com\/wp-content\/uploads\/2011y\/Aysel-Ozcan-Yetis.png","articleSection":["K\u00f6\u015fe Yaz\u0131lar\u0131 Aysel \u00d6zcan Yeti\u015f"],"inLanguage":"tr","potentialAction":[{"@type":"CommentAction","name":"Comment","target":["https:\/\/epochtimestr.com\/index.php\/baharin-yasli-safagi-hidirellezde-solan-uc-fidan#respond"]}]},{"@type":"WebPage","@id":"https:\/\/epochtimestr.com\/index.php\/baharin-yasli-safagi-hidirellezde-solan-uc-fidan","url":"https:\/\/epochtimestr.com\/index.php\/baharin-yasli-safagi-hidirellezde-solan-uc-fidan","name":"Bahar\u0131n Yasl\u0131 \u015eafa\u011f\u0131: H\u0131d\u0131rellez\u2019de Solan \u00dc\u00e7 Fidan - The Epoch Times TR","isPartOf":{"@id":"https:\/\/epochtimestr.com\/#website"},"primaryImageOfPage":{"@id":"https:\/\/epochtimestr.com\/index.php\/baharin-yasli-safagi-hidirellezde-solan-uc-fidan#primaryimage"},"image":{"@id":"https:\/\/epochtimestr.com\/index.php\/baharin-yasli-safagi-hidirellezde-solan-uc-fidan#primaryimage"},"thumbnailUrl":"https:\/\/epochtimestr.com\/wp-content\/uploads\/2011y\/Aysel-Ozcan-Yetis.png","datePublished":"2026-05-09T09:55:18+00:00","dateModified":"2026-05-09T09:55:20+00:00","description":"T\u00fcrk insan\u0131n\u0131n, 6 May\u0131s g\u00fcn\u00fcnde \u00fc\u00e7 fidan\u0131 soldurmas\u0131 ve insanlar\u0131n i\u00e7indeki umudu yok etmesi, ne kadar ac\u0131 ve vahim!","inLanguage":"tr","potentialAction":[{"@type":"ReadAction","target":["https:\/\/epochtimestr.com\/index.php\/baharin-yasli-safagi-hidirellezde-solan-uc-fidan"]}]},{"@type":"ImageObject","inLanguage":"tr","@id":"https:\/\/epochtimestr.com\/index.php\/baharin-yasli-safagi-hidirellezde-solan-uc-fidan#primaryimage","url":"https:\/\/epochtimestr.com\/wp-content\/uploads\/2011y\/Aysel-Ozcan-Yetis.png","contentUrl":"https:\/\/epochtimestr.com\/wp-content\/uploads\/2011y\/Aysel-Ozcan-Yetis.png","width":750,"height":750},{"@type":"WebSite","@id":"https:\/\/epochtimestr.com\/#website","url":"https:\/\/epochtimestr.com\/","name":"The Epoch Times TR","description":"De\u011fi\u015fen D\u00fcnyam\u0131za Taze Bir Bak\u0131\u015f","publisher":{"@id":"https:\/\/epochtimestr.com\/#organization"},"potentialAction":[{"@type":"SearchAction","target":{"@type":"EntryPoint","urlTemplate":"https:\/\/epochtimestr.com\/?s={search_term_string}"},"query-input":"required name=search_term_string"}],"inLanguage":"tr"},{"@type":"Organization","@id":"https:\/\/epochtimestr.com\/#organization","name":"The EpochTimes T\u00fcrkiye","url":"https:\/\/epochtimestr.com\/","logo":{"@type":"ImageObject","inLanguage":"tr","@id":"https:\/\/epochtimestr.com\/#\/schema\/logo\/image\/","url":"https:\/\/epochtimestr.com\/wp-content\/uploads\/2011y\/ET-Logo-YG.jpg","contentUrl":"https:\/\/epochtimestr.com\/wp-content\/uploads\/2011y\/ET-Logo-YG.jpg","width":346,"height":29,"caption":"The EpochTimes T\u00fcrkiye"},"image":{"@id":"https:\/\/epochtimestr.com\/#\/schema\/logo\/image\/"},"sameAs":["https:\/\/www.facebook.com\/theepochtimestr","https:\/\/x.com\/TheEpochTimesTR","https:\/\/www.instagram.com\/epochtimestr"]},{"@type":"Person","@id":"https:\/\/epochtimestr.com\/#\/schema\/person\/8ac8c965e5072789ae94ce8df3878fad","name":"Aysel \u00d6zcan Yeti\u015f","image":{"@type":"ImageObject","inLanguage":"tr","@id":"https:\/\/epochtimestr.com\/#\/schema\/person\/image\/","url":"https:\/\/secure.gravatar.com\/avatar\/e05a79b1b2d145df9f842aa7f0e32ef2?s=96&d=mm&r=g","contentUrl":"https:\/\/secure.gravatar.com\/avatar\/e05a79b1b2d145df9f842aa7f0e32ef2?s=96&d=mm&r=g","caption":"Aysel \u00d6zcan Yeti\u015f"},"url":"https:\/\/epochtimestr.com\/index.php\/author\/aysel"}]}},"_links":{"self":[{"href":"https:\/\/epochtimestr.com\/index.php\/wp-json\/wp\/v2\/posts\/167171"}],"collection":[{"href":"https:\/\/epochtimestr.com\/index.php\/wp-json\/wp\/v2\/posts"}],"about":[{"href":"https:\/\/epochtimestr.com\/index.php\/wp-json\/wp\/v2\/types\/post"}],"author":[{"embeddable":true,"href":"https:\/\/epochtimestr.com\/index.php\/wp-json\/wp\/v2\/users\/14005"}],"replies":[{"embeddable":true,"href":"https:\/\/epochtimestr.com\/index.php\/wp-json\/wp\/v2\/comments?post=167171"}],"version-history":[{"count":1,"href":"https:\/\/epochtimestr.com\/index.php\/wp-json\/wp\/v2\/posts\/167171\/revisions"}],"predecessor-version":[{"id":167174,"href":"https:\/\/epochtimestr.com\/index.php\/wp-json\/wp\/v2\/posts\/167171\/revisions\/167174"}],"wp:featuredmedia":[{"embeddable":true,"href":"https:\/\/epochtimestr.com\/index.php\/wp-json\/wp\/v2\/media\/163897"}],"wp:attachment":[{"href":"https:\/\/epochtimestr.com\/index.php\/wp-json\/wp\/v2\/media?parent=167171"}],"wp:term":[{"taxonomy":"category","embeddable":true,"href":"https:\/\/epochtimestr.com\/index.php\/wp-json\/wp\/v2\/categories?post=167171"},{"taxonomy":"post_tag","embeddable":true,"href":"https:\/\/epochtimestr.com\/index.php\/wp-json\/wp\/v2\/tags?post=167171"}],"curies":[{"name":"wp","href":"https:\/\/api.w.org\/{rel}","templated":true}]}}