{"id":167186,"date":"2026-05-11T19:16:34","date_gmt":"2026-05-11T16:16:34","guid":{"rendered":"https:\/\/epochtimestr.com\/?p=167186"},"modified":"2026-05-11T19:16:37","modified_gmt":"2026-05-11T16:16:37","slug":"iran-deniz-tasimaciligi-yerine-cin-demiryoluna-yoneliyor","status":"publish","type":"post","link":"https:\/\/epochtimestr.com\/index.php\/iran-deniz-tasimaciligi-yerine-cin-demiryoluna-yoneliyor","title":{"rendered":"\u0130ran Deniz Ta\u015f\u0131mac\u0131l\u0131\u011f\u0131 Yerine \u00c7in Demiryoluna Y\u00f6neliyor"},"content":{"rendered":"<div class=\"wp-block-image\">\n<figure class=\"aligncenter size-full is-resized\"><img loading=\"lazy\" decoding=\"async\" width=\"1200\" height=\"800\" src=\"https:\/\/epochtimestr.com\/wp-content\/uploads\/2011y\/1000038433.webp\" alt=\"\u0130ran, ABD ablukas\u0131n\u0131n etkisini azaltmak i\u00e7in \u00c7in demiryolu hatt\u0131n\u0131 kullan\u0131yor. \u0130ran bayrakl\u0131 Basim adl\u0131 r\u00f6mork\u00f6r, Bender Abbas a\u00e7\u0131klar\u0131nda, H\u00fcrm\u00fcz Bo\u011faz\u0131\u2019nda demirleyen bir geminin yak\u0131n\u0131nda seyrediyor. 4 May\u0131s 2026, \u0130ran. (Amirhossein Khorgooei, ISNA, AFP- Getty Images, The Epoch Times arac\u0131yla)\" class=\"wp-image-167187\" style=\"width:840px;height:auto\" srcset=\"https:\/\/epochtimestr.com\/wp-content\/uploads\/2011y\/1000038433.webp 1200w, https:\/\/epochtimestr.com\/wp-content\/uploads\/2011y\/1000038433-300x200.webp 300w, https:\/\/epochtimestr.com\/wp-content\/uploads\/2011y\/1000038433-150x100.webp 150w, https:\/\/epochtimestr.com\/wp-content\/uploads\/2011y\/1000038433-768x512.webp 768w\" sizes=\"(max-width: 1200px) 100vw, 1200px\" \/><figcaption class=\"wp-element-caption\">\u0130ran, ABD ablukas\u0131n\u0131n etkisini azaltmak i\u00e7in \u00c7in demiryolu hatt\u0131n\u0131 kullan\u0131yor. \u0130ran bayrakl\u0131 Basim adl\u0131 r\u00f6mork\u00f6r, Bender Abbas a\u00e7\u0131klar\u0131nda, H\u00fcrm\u00fcz Bo\u011faz\u0131\u2019nda demirleyen bir geminin yak\u0131n\u0131nda seyrediyor. 4 May\u0131s 2026, \u0130ran. (Amirhossein Khorgooei, ISNA, AFP- Getty Images, The Epoch Times arac\u0131yla)<\/figcaption><\/figure><\/div>\n\n\n<p>ABD\u2019nin \u0130ran limanlar\u0131na uygulad\u0131\u011f\u0131 deniz ablukas\u0131 s\u00fcrerken, Tahran y\u00f6netimi \u00c7in ile demiryolu ta\u015f\u0131mac\u0131l\u0131\u011f\u0131na y\u00f6neldi. Ancak uzmanlar, bu hatt\u0131n \u0130ran ekonomisini yaln\u0131zca k\u0131sa s\u00fcreli rahatlatabilece\u011fini belirtiyor.<\/p>\n\n\n\n<p><a href=\"https:\/\/www.theepochtimes.com\/world\/iran-turns-to-china-rail-link-to-bypass-us-blockade-but-it-has-limited-effect-analysts-say-6023785\" target=\"_blank\" rel=\"noreferrer noopener\">ABD Donanmas\u0131<\/a>, \u0130ran\u2019\u0131n H\u00fcrm\u00fcz Bo\u011faz\u0131 \u00fczerindeki bask\u0131s\u0131na kar\u015f\u0131, yakla\u015f\u0131k \u00fc\u00e7 haftad\u0131r \u0130ran limanlar\u0131n\u0131 abluka alt\u0131nda tutuyor. Bu nedenle \u0130ran\u2019\u0131n petrol ihracat\u0131 ve temel \u00fcr\u00fcn ithalat\u0131 b\u00fcy\u00fck \u00f6l\u00e7\u00fcde durdu. \u0130ran para birimi de sert de\u011fer kaybetti. 10 May\u0131s 2026 itibar\u0131yla 1 ABD dolar\u0131, 1 milyon 311 bin 500 \u0130ran riyaline y\u00fckseldi.<\/p>\n\n\n\n<p>\u0130ran Deniz Ta\u015f\u0131mac\u0131l\u0131\u011f\u0131 Birli\u011fi Konteyner Komitesi Ba\u015fkan\u0131 Kambiz Etemadi, ge\u00e7en hafta kara yollar\u0131n\u0131n deniz ticaretinin y\u00fczde 40\u2019\u0131n\u0131 kar\u015f\u0131layabilece\u011fini s\u00f6yledi. A\u00e7\u0131klama, \u0130ran\u2019a ba\u011fl\u0131 Fars Haber Ajans\u0131 taraf\u0131ndan yay\u0131mland\u0131.<\/p>\n\n\n\n<p>Bununla birlikte \u00c7in\u2019in \u015eian kentinden Tahran\u2019a giden y\u00fck trenleri sefer s\u0131kl\u0131\u011f\u0131 haftada birden, \u00fc\u00e7 veya d\u00f6rt g\u00fcne indi. Bloomberg verilerine g\u00f6re konteyner ta\u015f\u0131mac\u0131l\u0131\u011f\u0131 \u00fccretleri de y\u00fczde 40 y\u00fckseldi. S\u00f6z konusu hat, <a href=\"https:\/\/epochtimestr.com\/index.php\/italya-cinin-kusak-ve-yol-girisiminden-cikarak-buyuk-darbe-vurabilir-5485684\" target=\"_blank\" rel=\"noreferrer noopener\">\u00c7in\u2019in Ku\u015fak ve Yol Giri\u015fimi<\/a> kapsam\u0131nda, Kazakistan ve T\u00fcrkmenistan \u00fczerinden \u0130ran\u2019a ula\u015f\u0131yor. Yolculuk yakla\u015f\u0131k 15 g\u00fcn s\u00fcr\u00fcyor.<\/p>\n\n\n\n<p>Ancak uzmanlar, demiryolu kapasitesinin deniz ta\u015f\u0131mac\u0131l\u0131\u011f\u0131yla k\u0131yaslanamayaca\u011f\u0131n\u0131 vurguluyor. Bir b\u00fcy\u00fck petrol tankeri yakla\u015f\u0131k 2 milyon varil petrol ta\u015f\u0131yabiliyor. Buna kar\u015f\u0131n bir petrol treni yaln\u0131zca 70 bin varil y\u00fck ta\u015f\u0131yor. ABD merkezli askeri analist Mark Cao, kara ta\u015f\u0131mac\u0131l\u0131\u011f\u0131n\u0131n \u0130ran\u2019a zaman kazand\u0131raca\u011f\u0131n\u0131 s\u00f6yledi. Cao ancak bunun deniz sevkiyat\u0131n\u0131n yerini alamayaca\u011f\u0131n\u0131 ifade etti.<\/p>\n\n\n\n<p>Tayvan\u2019daki Nanhua \u00dcniversitesi\u2019nden Sun Kuo-hsiang da benzer bir de\u011ferlendirme yapt\u0131. Sun\u2019a g\u00f6re demiryolu hatt\u0131, elektronik \u00fcr\u00fcnler ve yedek par\u00e7alar i\u00e7in uygun bir se\u00e7enek. \u00d6te yandan ham petrol ve tah\u0131l gibi y\u00fcksek hacimli y\u00fckler i\u00e7in yetersiz kal\u0131yor.<\/p>\n\n\n\n<p>Ayr\u0131ca \u0130ran\u2019\u0131n Rusya ba\u011flant\u0131l\u0131 Kuzey-G\u00fcney Ula\u015ft\u0131rma Koridoru projesine yat\u0131r\u0131m yapt\u0131\u011f\u0131 belirtildi. Ancak Rusya-Ukrayna sava\u015f\u0131 nedeniyle hat tam kapasite \u00e7al\u0131\u015fm\u0131yor.<\/p>\n","protected":false},"excerpt":{"rendered":"<p>ABD\u2019nin \u0130ran limanlar\u0131na uygulad\u0131\u011f\u0131 deniz ablukas\u0131 s\u00fcrerken, Tahran y\u00f6netimi \u00c7in ile demiryolu ta\u015f\u0131mac\u0131l\u0131\u011f\u0131na y\u00f6neldi. Ancak uzmanlar, bu hatt\u0131n \u0130ran ekonomisini yaln\u0131zca k\u0131sa s\u00fcreli rahatlatabilece\u011fini belirtiyor. ABD Donanmas\u0131, \u0130ran\u2019\u0131n H\u00fcrm\u00fcz Bo\u011faz\u0131 \u00fczerindeki bask\u0131s\u0131na kar\u015f\u0131, yakla\u015f\u0131k \u00fc\u00e7 haftad\u0131r \u0130ran limanlar\u0131n\u0131 abluka alt\u0131nda tutuyor. Bu nedenle \u0130ran\u2019\u0131n petrol ihracat\u0131 ve temel \u00fcr\u00fcn ithalat\u0131 b\u00fcy\u00fck \u00f6l\u00e7\u00fcde durdu. \u0130ran para [&hellip;]<\/p>\n","protected":false},"author":13996,"featured_media":167187,"comment_status":"open","ping_status":"open","sticky":false,"template":"","format":"standard","meta":{"_yoast_wpseo_focuskw":"\u0130ran - \u00e7in","_yoast_wpseo_title":"","_yoast_wpseo_metadesc":"\u0130ran, ABD ablukas\u0131n\u0131n etkisini azaltmak i\u00e7in \u00c7in demiryolu hatt\u0131n\u0131 kullan\u0131yor. Uzmanlar hatt\u0131n s\u0131n\u0131rl\u0131 kapasitesine dikkat \u00e7ekiyor.","_bbp_topic_count":0,"_bbp_reply_count":0,"_bbp_total_topic_count":0,"_bbp_total_reply_count":0,"_bbp_voice_count":0,"_bbp_anonymous_reply_count":0,"_bbp_topic_count_hidden":0,"_bbp_reply_count_hidden":0,"_bbp_forum_subforum_count":0,"footnotes":"","_yoast_wpseo_focuskw_text_input":""},"categories":[8,1,8138],"tags":[10503,11377,11295,10522,11378,10523,10506],"yoast_head":"<!-- This site is optimized with the Yoast SEO plugin v23.0 - https:\/\/yoast.com\/wordpress\/plugins\/seo\/ -->\n<title>\u0130ran Deniz Ta\u015f\u0131mac\u0131l\u0131\u011f\u0131 Yerine \u00c7in Demiryoluna Y\u00f6neliyor - The Epoch Times TR<\/title>\n<meta name=\"description\" content=\"\u0130ran, ABD ablukas\u0131n\u0131n etkisini azaltmak i\u00e7in \u00c7in demiryolu hatt\u0131n\u0131 kullan\u0131yor. Uzmanlar hatt\u0131n s\u0131n\u0131rl\u0131 kapasitesine dikkat \u00e7ekiyor.\" \/>\n<meta name=\"robots\" content=\"index, follow, max-snippet:-1, max-image-preview:large, max-video-preview:-1\" \/>\n<link rel=\"canonical\" href=\"https:\/\/epochtimestr.com\/index.php\/iran-deniz-tasimaciligi-yerine-cin-demiryoluna-yoneliyor\" \/>\n<meta property=\"og:locale\" content=\"tr_TR\" \/>\n<meta property=\"og:type\" content=\"article\" \/>\n<meta property=\"og:title\" content=\"\u0130ran Deniz Ta\u015f\u0131mac\u0131l\u0131\u011f\u0131 Yerine \u00c7in Demiryoluna Y\u00f6neliyor - The Epoch Times TR\" \/>\n<meta property=\"og:description\" content=\"\u0130ran, ABD ablukas\u0131n\u0131n etkisini azaltmak i\u00e7in \u00c7in demiryolu hatt\u0131n\u0131 kullan\u0131yor. Uzmanlar hatt\u0131n s\u0131n\u0131rl\u0131 kapasitesine dikkat \u00e7ekiyor.\" \/>\n<meta property=\"og:url\" content=\"https:\/\/epochtimestr.com\/index.php\/iran-deniz-tasimaciligi-yerine-cin-demiryoluna-yoneliyor\" \/>\n<meta property=\"og:site_name\" content=\"The Epoch Times TR\" \/>\n<meta property=\"article:publisher\" content=\"https:\/\/www.facebook.com\/theepochtimestr\" \/>\n<meta property=\"article:published_time\" content=\"2026-05-11T16:16:34+00:00\" \/>\n<meta property=\"article:modified_time\" content=\"2026-05-11T16:16:37+00:00\" \/>\n<meta property=\"og:image\" content=\"https:\/\/epochtimestr.com\/wp-content\/uploads\/2011y\/1000038433.webp\" \/>\n\t<meta property=\"og:image:width\" content=\"1200\" \/>\n\t<meta property=\"og:image:height\" content=\"800\" \/>\n\t<meta property=\"og:image:type\" content=\"image\/webp\" \/>\n<meta name=\"author\" content=\"Leo Bajelan\" \/>\n<meta name=\"twitter:card\" content=\"summary_large_image\" \/>\n<meta name=\"twitter:creator\" content=\"@TheEpochTimesTR\" \/>\n<meta name=\"twitter:site\" content=\"@TheEpochTimesTR\" \/>\n<meta name=\"twitter:label1\" content=\"Yazan:\" \/>\n\t<meta name=\"twitter:data1\" content=\"Leo Bajelan\" \/>\n\t<meta name=\"twitter:label2\" content=\"Tahmini okuma s\u00fcresi\" \/>\n\t<meta name=\"twitter:data2\" content=\"3 dakika\" \/>\n<script type=\"application\/ld+json\" class=\"yoast-schema-graph\">{\"@context\":\"https:\/\/schema.org\",\"@graph\":[{\"@type\":\"Article\",\"@id\":\"https:\/\/epochtimestr.com\/index.php\/iran-deniz-tasimaciligi-yerine-cin-demiryoluna-yoneliyor#article\",\"isPartOf\":{\"@id\":\"https:\/\/epochtimestr.com\/index.php\/iran-deniz-tasimaciligi-yerine-cin-demiryoluna-yoneliyor\"},\"author\":{\"name\":\"Leo Bajelan\",\"@id\":\"https:\/\/epochtimestr.com\/#\/schema\/person\/5fef218711d76d8f232b0e1f1d7e4c0d\"},\"headline\":\"\u0130ran Deniz Ta\u015f\u0131mac\u0131l\u0131\u011f\u0131 Yerine \u00c7in Demiryoluna Y\u00f6neliyor\",\"datePublished\":\"2026-05-11T16:16:34+00:00\",\"dateModified\":\"2026-05-11T16:16:37+00:00\",\"mainEntityOfPage\":{\"@id\":\"https:\/\/epochtimestr.com\/index.php\/iran-deniz-tasimaciligi-yerine-cin-demiryoluna-yoneliyor\"},\"wordCount\":427,\"commentCount\":0,\"publisher\":{\"@id\":\"https:\/\/epochtimestr.com\/#organization\"},\"image\":{\"@id\":\"https:\/\/epochtimestr.com\/index.php\/iran-deniz-tasimaciligi-yerine-cin-demiryoluna-yoneliyor#primaryimage\"},\"thumbnailUrl\":\"https:\/\/epochtimestr.com\/wp-content\/uploads\/2011y\/1000038433.webp\",\"keywords\":[\"ABD \u0130ran sava\u015f\u0131\",\"demiryolu ta\u015f\u0131mac\u0131l\u0131\u011f\u0131\",\"deniz ablukas\u0131\",\"H\u00fcrm\u00fcz bo\u011faz\u0131\",\"petrol ihracat\u0131\",\"Petrol krizi\",\"Tahran y\u00f6netimi\"],\"articleSection\":[\"\u00c7\u0130N\",\"G\u00dcNDEM\",\"MAN\u015eET\"],\"inLanguage\":\"tr\",\"potentialAction\":[{\"@type\":\"CommentAction\",\"name\":\"Comment\",\"target\":[\"https:\/\/epochtimestr.com\/index.php\/iran-deniz-tasimaciligi-yerine-cin-demiryoluna-yoneliyor#respond\"]}]},{\"@type\":\"WebPage\",\"@id\":\"https:\/\/epochtimestr.com\/index.php\/iran-deniz-tasimaciligi-yerine-cin-demiryoluna-yoneliyor\",\"url\":\"https:\/\/epochtimestr.com\/index.php\/iran-deniz-tasimaciligi-yerine-cin-demiryoluna-yoneliyor\",\"name\":\"\u0130ran Deniz Ta\u015f\u0131mac\u0131l\u0131\u011f\u0131 Yerine \u00c7in Demiryoluna Y\u00f6neliyor - The Epoch Times TR\",\"isPartOf\":{\"@id\":\"https:\/\/epochtimestr.com\/#website\"},\"primaryImageOfPage\":{\"@id\":\"https:\/\/epochtimestr.com\/index.php\/iran-deniz-tasimaciligi-yerine-cin-demiryoluna-yoneliyor#primaryimage\"},\"image\":{\"@id\":\"https:\/\/epochtimestr.com\/index.php\/iran-deniz-tasimaciligi-yerine-cin-demiryoluna-yoneliyor#primaryimage\"},\"thumbnailUrl\":\"https:\/\/epochtimestr.com\/wp-content\/uploads\/2011y\/1000038433.webp\",\"datePublished\":\"2026-05-11T16:16:34+00:00\",\"dateModified\":\"2026-05-11T16:16:37+00:00\",\"description\":\"\u0130ran, ABD ablukas\u0131n\u0131n etkisini azaltmak i\u00e7in \u00c7in demiryolu hatt\u0131n\u0131 kullan\u0131yor. Uzmanlar hatt\u0131n s\u0131n\u0131rl\u0131 kapasitesine dikkat \u00e7ekiyor.\",\"inLanguage\":\"tr\",\"potentialAction\":[{\"@type\":\"ReadAction\",\"target\":[\"https:\/\/epochtimestr.com\/index.php\/iran-deniz-tasimaciligi-yerine-cin-demiryoluna-yoneliyor\"]}]},{\"@type\":\"ImageObject\",\"inLanguage\":\"tr\",\"@id\":\"https:\/\/epochtimestr.com\/index.php\/iran-deniz-tasimaciligi-yerine-cin-demiryoluna-yoneliyor#primaryimage\",\"url\":\"https:\/\/epochtimestr.com\/wp-content\/uploads\/2011y\/1000038433.webp\",\"contentUrl\":\"https:\/\/epochtimestr.com\/wp-content\/uploads\/2011y\/1000038433.webp\",\"width\":1200,\"height\":800},{\"@type\":\"WebSite\",\"@id\":\"https:\/\/epochtimestr.com\/#website\",\"url\":\"https:\/\/epochtimestr.com\/\",\"name\":\"The Epoch Times TR\",\"description\":\"De\u011fi\u015fen D\u00fcnyam\u0131za Taze Bir Bak\u0131\u015f\",\"publisher\":{\"@id\":\"https:\/\/epochtimestr.com\/#organization\"},\"potentialAction\":[{\"@type\":\"SearchAction\",\"target\":{\"@type\":\"EntryPoint\",\"urlTemplate\":\"https:\/\/epochtimestr.com\/?s={search_term_string}\"},\"query-input\":\"required name=search_term_string\"}],\"inLanguage\":\"tr\"},{\"@type\":\"Organization\",\"@id\":\"https:\/\/epochtimestr.com\/#organization\",\"name\":\"The EpochTimes T\u00fcrkiye\",\"url\":\"https:\/\/epochtimestr.com\/\",\"logo\":{\"@type\":\"ImageObject\",\"inLanguage\":\"tr\",\"@id\":\"https:\/\/epochtimestr.com\/#\/schema\/logo\/image\/\",\"url\":\"https:\/\/epochtimestr.com\/wp-content\/uploads\/2011y\/ET-Logo-YG.jpg\",\"contentUrl\":\"https:\/\/epochtimestr.com\/wp-content\/uploads\/2011y\/ET-Logo-YG.jpg\",\"width\":346,\"height\":29,\"caption\":\"The EpochTimes T\u00fcrkiye\"},\"image\":{\"@id\":\"https:\/\/epochtimestr.com\/#\/schema\/logo\/image\/\"},\"sameAs\":[\"https:\/\/www.facebook.com\/theepochtimestr\",\"https:\/\/x.com\/TheEpochTimesTR\",\"https:\/\/www.instagram.com\/epochtimestr\"]},{\"@type\":\"Person\",\"@id\":\"https:\/\/epochtimestr.com\/#\/schema\/person\/5fef218711d76d8f232b0e1f1d7e4c0d\",\"name\":\"Leo Bajelan\",\"image\":{\"@type\":\"ImageObject\",\"inLanguage\":\"tr\",\"@id\":\"https:\/\/epochtimestr.com\/#\/schema\/person\/image\/\",\"url\":\"https:\/\/secure.gravatar.com\/avatar\/917669146f489549e548a2e9af272df5?s=96&d=mm&r=g\",\"contentUrl\":\"https:\/\/secure.gravatar.com\/avatar\/917669146f489549e548a2e9af272df5?s=96&d=mm&r=g\",\"caption\":\"Leo Bajelan\"},\"url\":\"https:\/\/epochtimestr.com\/index.php\/author\/leo\"}]}<\/script>\n<!-- \/ Yoast SEO plugin. -->","yoast_head_json":{"title":"\u0130ran Deniz Ta\u015f\u0131mac\u0131l\u0131\u011f\u0131 Yerine \u00c7in Demiryoluna Y\u00f6neliyor - The Epoch Times TR","description":"\u0130ran, ABD ablukas\u0131n\u0131n etkisini azaltmak i\u00e7in \u00c7in demiryolu hatt\u0131n\u0131 kullan\u0131yor. Uzmanlar hatt\u0131n s\u0131n\u0131rl\u0131 kapasitesine dikkat \u00e7ekiyor.","robots":{"index":"index","follow":"follow","max-snippet":"max-snippet:-1","max-image-preview":"max-image-preview:large","max-video-preview":"max-video-preview:-1"},"canonical":"https:\/\/epochtimestr.com\/index.php\/iran-deniz-tasimaciligi-yerine-cin-demiryoluna-yoneliyor","og_locale":"tr_TR","og_type":"article","og_title":"\u0130ran Deniz Ta\u015f\u0131mac\u0131l\u0131\u011f\u0131 Yerine \u00c7in Demiryoluna Y\u00f6neliyor - The Epoch Times TR","og_description":"\u0130ran, ABD ablukas\u0131n\u0131n etkisini azaltmak i\u00e7in \u00c7in demiryolu hatt\u0131n\u0131 kullan\u0131yor. Uzmanlar hatt\u0131n s\u0131n\u0131rl\u0131 kapasitesine dikkat \u00e7ekiyor.","og_url":"https:\/\/epochtimestr.com\/index.php\/iran-deniz-tasimaciligi-yerine-cin-demiryoluna-yoneliyor","og_site_name":"The Epoch Times TR","article_publisher":"https:\/\/www.facebook.com\/theepochtimestr","article_published_time":"2026-05-11T16:16:34+00:00","article_modified_time":"2026-05-11T16:16:37+00:00","og_image":[{"width":1200,"height":800,"url":"https:\/\/epochtimestr.com\/wp-content\/uploads\/2011y\/1000038433.webp","type":"image\/webp"}],"author":"Leo Bajelan","twitter_card":"summary_large_image","twitter_creator":"@TheEpochTimesTR","twitter_site":"@TheEpochTimesTR","twitter_misc":{"Yazan:":"Leo Bajelan","Tahmini okuma s\u00fcresi":"3 dakika"},"schema":{"@context":"https:\/\/schema.org","@graph":[{"@type":"Article","@id":"https:\/\/epochtimestr.com\/index.php\/iran-deniz-tasimaciligi-yerine-cin-demiryoluna-yoneliyor#article","isPartOf":{"@id":"https:\/\/epochtimestr.com\/index.php\/iran-deniz-tasimaciligi-yerine-cin-demiryoluna-yoneliyor"},"author":{"name":"Leo Bajelan","@id":"https:\/\/epochtimestr.com\/#\/schema\/person\/5fef218711d76d8f232b0e1f1d7e4c0d"},"headline":"\u0130ran Deniz Ta\u015f\u0131mac\u0131l\u0131\u011f\u0131 Yerine \u00c7in Demiryoluna Y\u00f6neliyor","datePublished":"2026-05-11T16:16:34+00:00","dateModified":"2026-05-11T16:16:37+00:00","mainEntityOfPage":{"@id":"https:\/\/epochtimestr.com\/index.php\/iran-deniz-tasimaciligi-yerine-cin-demiryoluna-yoneliyor"},"wordCount":427,"commentCount":0,"publisher":{"@id":"https:\/\/epochtimestr.com\/#organization"},"image":{"@id":"https:\/\/epochtimestr.com\/index.php\/iran-deniz-tasimaciligi-yerine-cin-demiryoluna-yoneliyor#primaryimage"},"thumbnailUrl":"https:\/\/epochtimestr.com\/wp-content\/uploads\/2011y\/1000038433.webp","keywords":["ABD \u0130ran sava\u015f\u0131","demiryolu ta\u015f\u0131mac\u0131l\u0131\u011f\u0131","deniz ablukas\u0131","H\u00fcrm\u00fcz bo\u011faz\u0131","petrol ihracat\u0131","Petrol krizi","Tahran y\u00f6netimi"],"articleSection":["\u00c7\u0130N","G\u00dcNDEM","MAN\u015eET"],"inLanguage":"tr","potentialAction":[{"@type":"CommentAction","name":"Comment","target":["https:\/\/epochtimestr.com\/index.php\/iran-deniz-tasimaciligi-yerine-cin-demiryoluna-yoneliyor#respond"]}]},{"@type":"WebPage","@id":"https:\/\/epochtimestr.com\/index.php\/iran-deniz-tasimaciligi-yerine-cin-demiryoluna-yoneliyor","url":"https:\/\/epochtimestr.com\/index.php\/iran-deniz-tasimaciligi-yerine-cin-demiryoluna-yoneliyor","name":"\u0130ran Deniz Ta\u015f\u0131mac\u0131l\u0131\u011f\u0131 Yerine \u00c7in Demiryoluna Y\u00f6neliyor - The Epoch Times TR","isPartOf":{"@id":"https:\/\/epochtimestr.com\/#website"},"primaryImageOfPage":{"@id":"https:\/\/epochtimestr.com\/index.php\/iran-deniz-tasimaciligi-yerine-cin-demiryoluna-yoneliyor#primaryimage"},"image":{"@id":"https:\/\/epochtimestr.com\/index.php\/iran-deniz-tasimaciligi-yerine-cin-demiryoluna-yoneliyor#primaryimage"},"thumbnailUrl":"https:\/\/epochtimestr.com\/wp-content\/uploads\/2011y\/1000038433.webp","datePublished":"2026-05-11T16:16:34+00:00","dateModified":"2026-05-11T16:16:37+00:00","description":"\u0130ran, ABD ablukas\u0131n\u0131n etkisini azaltmak i\u00e7in \u00c7in demiryolu hatt\u0131n\u0131 kullan\u0131yor. Uzmanlar hatt\u0131n s\u0131n\u0131rl\u0131 kapasitesine dikkat \u00e7ekiyor.","inLanguage":"tr","potentialAction":[{"@type":"ReadAction","target":["https:\/\/epochtimestr.com\/index.php\/iran-deniz-tasimaciligi-yerine-cin-demiryoluna-yoneliyor"]}]},{"@type":"ImageObject","inLanguage":"tr","@id":"https:\/\/epochtimestr.com\/index.php\/iran-deniz-tasimaciligi-yerine-cin-demiryoluna-yoneliyor#primaryimage","url":"https:\/\/epochtimestr.com\/wp-content\/uploads\/2011y\/1000038433.webp","contentUrl":"https:\/\/epochtimestr.com\/wp-content\/uploads\/2011y\/1000038433.webp","width":1200,"height":800},{"@type":"WebSite","@id":"https:\/\/epochtimestr.com\/#website","url":"https:\/\/epochtimestr.com\/","name":"The Epoch Times TR","description":"De\u011fi\u015fen D\u00fcnyam\u0131za Taze Bir Bak\u0131\u015f","publisher":{"@id":"https:\/\/epochtimestr.com\/#organization"},"potentialAction":[{"@type":"SearchAction","target":{"@type":"EntryPoint","urlTemplate":"https:\/\/epochtimestr.com\/?s={search_term_string}"},"query-input":"required name=search_term_string"}],"inLanguage":"tr"},{"@type":"Organization","@id":"https:\/\/epochtimestr.com\/#organization","name":"The EpochTimes T\u00fcrkiye","url":"https:\/\/epochtimestr.com\/","logo":{"@type":"ImageObject","inLanguage":"tr","@id":"https:\/\/epochtimestr.com\/#\/schema\/logo\/image\/","url":"https:\/\/epochtimestr.com\/wp-content\/uploads\/2011y\/ET-Logo-YG.jpg","contentUrl":"https:\/\/epochtimestr.com\/wp-content\/uploads\/2011y\/ET-Logo-YG.jpg","width":346,"height":29,"caption":"The EpochTimes T\u00fcrkiye"},"image":{"@id":"https:\/\/epochtimestr.com\/#\/schema\/logo\/image\/"},"sameAs":["https:\/\/www.facebook.com\/theepochtimestr","https:\/\/x.com\/TheEpochTimesTR","https:\/\/www.instagram.com\/epochtimestr"]},{"@type":"Person","@id":"https:\/\/epochtimestr.com\/#\/schema\/person\/5fef218711d76d8f232b0e1f1d7e4c0d","name":"Leo Bajelan","image":{"@type":"ImageObject","inLanguage":"tr","@id":"https:\/\/epochtimestr.com\/#\/schema\/person\/image\/","url":"https:\/\/secure.gravatar.com\/avatar\/917669146f489549e548a2e9af272df5?s=96&d=mm&r=g","contentUrl":"https:\/\/secure.gravatar.com\/avatar\/917669146f489549e548a2e9af272df5?s=96&d=mm&r=g","caption":"Leo Bajelan"},"url":"https:\/\/epochtimestr.com\/index.php\/author\/leo"}]}},"_links":{"self":[{"href":"https:\/\/epochtimestr.com\/index.php\/wp-json\/wp\/v2\/posts\/167186"}],"collection":[{"href":"https:\/\/epochtimestr.com\/index.php\/wp-json\/wp\/v2\/posts"}],"about":[{"href":"https:\/\/epochtimestr.com\/index.php\/wp-json\/wp\/v2\/types\/post"}],"author":[{"embeddable":true,"href":"https:\/\/epochtimestr.com\/index.php\/wp-json\/wp\/v2\/users\/13996"}],"replies":[{"embeddable":true,"href":"https:\/\/epochtimestr.com\/index.php\/wp-json\/wp\/v2\/comments?post=167186"}],"version-history":[{"count":2,"href":"https:\/\/epochtimestr.com\/index.php\/wp-json\/wp\/v2\/posts\/167186\/revisions"}],"predecessor-version":[{"id":167192,"href":"https:\/\/epochtimestr.com\/index.php\/wp-json\/wp\/v2\/posts\/167186\/revisions\/167192"}],"wp:featuredmedia":[{"embeddable":true,"href":"https:\/\/epochtimestr.com\/index.php\/wp-json\/wp\/v2\/media\/167187"}],"wp:attachment":[{"href":"https:\/\/epochtimestr.com\/index.php\/wp-json\/wp\/v2\/media?parent=167186"}],"wp:term":[{"taxonomy":"category","embeddable":true,"href":"https:\/\/epochtimestr.com\/index.php\/wp-json\/wp\/v2\/categories?post=167186"},{"taxonomy":"post_tag","embeddable":true,"href":"https:\/\/epochtimestr.com\/index.php\/wp-json\/wp\/v2\/tags?post=167186"}],"curies":[{"name":"wp","href":"https:\/\/api.w.org\/{rel}","templated":true}]}}