{"id":167193,"date":"2026-05-11T19:41:38","date_gmt":"2026-05-11T16:41:38","guid":{"rendered":"https:\/\/epochtimestr.com\/?p=167193"},"modified":"2026-05-11T20:00:36","modified_gmt":"2026-05-11T17:00:36","slug":"ehliyet-meselesi-yahut-yolculuk-2","status":"publish","type":"post","link":"https:\/\/epochtimestr.com\/index.php\/ehliyet-meselesi-yahut-yolculuk-2","title":{"rendered":"Ehliyet Meselesi Yahut Yolculuk 2\u2026"},"content":{"rendered":"\n<p>Merhaba!<\/p>\n\n\n\n<p>Yaz s\u0131caklar\u0131 kendini iyice belli etmeye ba\u015flam\u0131\u015fken k\u0131\u015f\u0131n rehavetini silkelememek, dip k\u00f6\u015fe temizlik yapmamak olmaz! E-maillerim de d\u00e2hil sa\u011fda solda ne kald\u0131ysa \u00fcst\u00fcnden ge\u00e7ip gereksiz \u015feyleri silip yer a\u00e7ay\u0131m derken 2011 y\u0131l\u0131na ait yaz\u0131lar\u0131m\u0131 buldum! Daha \u00f6nce de anlatt\u0131\u011f\u0131m gibi o y\u0131llarda \u015ei\u015fli Meydan\u0131\u2019nda sokak simidi sat\u0131yordum\u2026<\/p>\n\n\n\n<p>Yay\u0131mlanm\u0131\u015f \u00fc\u00e7 roman\u0131n ard\u0131ndan yazmaya t\u00f6vbe etmi\u015ftim. Fakat k\u0131ramayaca\u011f\u0131m bir arkada\u015f dip dalga diye bir internet sitesi kurmu\u015ftu ve ille de yaz\u0131 istiyordu. Ben de can\u0131m istedik\u00e7e (d\u00fczenli aral\u0131klarla de\u011fil) karalad\u0131\u011f\u0131m c\u00fcmleleri g\u00f6nderiyordum. \u201cEhliyet meselesi\u201d ba\u015fl\u0131kl\u0131 yaz\u0131, g\u00f6nderilmi\u015f mailler aras\u0131nda \u00e7\u0131kt\u0131\u2026 Sizinle o yaz\u0131y\u0131 payla\u015f\u0131p 15 y\u0131l \u00f6nceki kad\u0131nla hangi noktalarda ayn\u0131 fikirdeyim, hangi noktalarda ayr\u0131l\u0131yorum anlatmak istiyorum:<\/p>\n\n\n\n<h3 class=\"wp-block-heading\">Ehliyet Meselesi<\/h3>\n\n\n\n<p>Tezg\u00e2hta 1.y\u0131l\u0131m doldu da ta\u015ft\u0131, bir ay kadar\u2026 \u015e\u00f6yle uzun boylu, havai fi\u015fekli, janjanl\u0131, g\u00fcr\u00fclt\u00fcl\u00fc, pat\u0131rt\u0131l\u0131 bir y\u0131ld\u00f6n\u00fcm\u00fc kutlamas\u0131 da yapabilirdim; fakat organizasyon eksikliklerinden yeti\u015ftiremedim, hay aksi! 389 g\u00fcn bu; dile kolay. Cadde ortas\u0131nda k\u0131\u015f\u0131n so\u011fu\u011fu, yaz\u0131n s\u0131ca\u011f\u0131 iliklerine i\u015fleyerek ge\u00e7ip giden, 389 dolu dolu g\u00fcn. G\u00f6n\u00fcl rahatl\u0131\u011f\u0131yla, \u201cNe\u015feli g\u00fcnlerim ne\u015fesizlerden fazlayd\u0131\u201d diyebiliyorsam ne mutlu bana!<\/p>\n\n\n\n<p>Ge\u00e7en bu s\u00fcrede say\u0131s\u0131z insan hayat\u0131na tan\u0131k oldum. Baz\u0131lar\u0131na dokundum; bir\u00e7o\u011funu uzaktan izledim. Fark\u0131na vard\u0131\u011f\u0131m, ba\u015fka bir deyi\u015fle \u2018Newton\u2019un ba\u015f\u0131na d\u00fc\u015fen elma misali kafama dank eden ger\u00e7e\u011fi\u2019 payla\u015fmak istiyorum \u015fimdi sizinle (Bu yaz\u0131y\u0131 okuyan herkesi kastetti\u011fim kolayca anla\u015f\u0131lacakt\u0131r san\u0131r\u0131m!). Aran\u0131zdan yazd\u0131klar\u0131ma kat\u0131lmayanlar \u00e7\u0131kabilir. O ki\u015filerin yorumlar\u0131n\u0131 \u00f6zellikle okumak isterim, hakl\u0131 gerek\u00e7eleri olursa \u015fapka \u00e7\u0131kartmak i\u00e7in. Fakat tahminim o ki akl\u0131selim hi\u00e7 kimse az sonra yazacaklar\u0131ma itiraz etmeyecek.<\/p>\n\n\n\n<p>\u00dc\u00e7 \u2013 be\u015f ay \u00f6nceydi san\u0131r\u0131m. Kom\u015fum DeFacto ma\u011fazas\u0131 personelini bir ehliyet heyecan\u0131d\u0131r \u2013 \u00e7\u0131lg\u0131nl\u0131\u011f\u0131 m\u0131 desem yoksa? \u2013 sard\u0131. \u2018Ehliyeti olmayana k\u0131z vermezler\u2019 vesaire gerek\u00e7elerle topyek\u00fbn kursa yaz\u0131ld\u0131lar. Arkam cadde; bak\u0131yorum bir ordu ehliyetli canavar. Kornalar k\u00f6kleniyor, \u0131\u015f\u0131k ihlali, nerdeyse g\u00fcna\u015f\u0131r\u0131 kaza, k\u00fcfreden yayalar, bir vaveylad\u0131r gidiyor. \u0130\u015fte bizim \u00e7ocukca\u011f\u0131zlar, bu harala g\u00fcrelenin bir par\u00e7as\u0131 olmak i\u00e7in \u00e7\u0131rp\u0131n\u0131yorlar. Dilim d\u00f6nd\u00fc\u011f\u00fcnce, kalplerini k\u0131rpmadan \u2013\u00f6z\u00fcnde iyi \u00e7ocuklar hepsi de- bu durumu anlatmaya \u00e7al\u0131\u015f\u0131yorum.<\/p>\n\n\n\n<p>Bu konu\u015fmalar\u0131mdan birinde tam da anlatmak istedi\u011fim \u015feyi desteklercesine -g\u00fcnlerden cumartesi saat 17:15 civar\u0131; an\u0131ms\u0131yorum \u00e7\u00fcnk\u00fc bu kalabal\u0131\u011f\u0131 daha \u00f6nce de g\u00f6rm\u00fc\u015f, i\u00e7lerinden birka\u00e7\u0131yla ayak\u00fcst\u00fc (daha fazlas\u0131na zamanlar\u0131 yoktu, gitmeleri gerekiyordu) sohbet etme f\u0131rsat\u0131m olmu\u015ftu- \u2018ARABADAN \u0130N B\u0130S\u0130KLETE B\u0130N!\u2019 sesleri duyuldu. Bisiklete Bin \u0130nisiyatifi\u2026 G\u00f6n\u00fcll\u00fclerden ayak\u00fcst\u00fc \u00f6\u011frendi\u011fim kadar\u0131yla her cumartesi saat 17:00\u2019de Avrupa Yakas\u0131\u2019ndan Taksim Gezi Park\u0131\u2019nda, Asya Yakas\u0131\u2019nda G\u00f6ztepe Bir \u015fey(!) Park\u0131\u2019nda bulu\u015fup rastgele bir rotada ilerliyorlarm\u0131\u015f.<\/p>\n\n\n\n<p>Aferin onlara. En az\u0131ndan bir fark\u0131ndal\u0131k yaratma \u00e7abas\u0131ndalar. Fosil yak\u0131tla gezegenin anas\u0131n\u0131 a\u011flatm\u0131yorlar. Direksiyon ba\u015f\u0131nda g\u00f6bek b\u00fcy\u00fctmekten \u00e7ok daha zorludur ayr\u0131ca, \u0130stanbul gibi yerde pedal basmak. Alk\u0131\u015fla destek verdi\u011fim bisikletliler yan\u0131mdan ge\u00e7erken d\u00fc\u015ft\u00fc i\u015fte o me\u015fhur elma. Taburede oturan Emel\u2019in yan\u0131na gidip \u201c\u0130lla bir \u015feyin ehliyeti olacaksa \u00e7ocuk yeti\u015ftirmenin olmal\u0131!\u201d deyiverdim. \u00d6m\u00fcr boyu bir canl\u0131n\u0131n hayat\u0131ndan mesul olmak, nas\u0131l \u00f6yle rastgele (ehliyetsiz!) ana-babalar\u0131n insaf\u0131na b\u0131rak\u0131labilir, anlamak m\u00fcmk\u00fcn de\u011fil!<\/p>\n\n\n\n<p>Ebeveynlik 7\/24 mesai isteyen, son derece me\u015fakkatli bir i\u015f. Bu i\u015fe giri\u015firken kimse \u00e7\u0131k\u0131p da \u201cHop orda dur bakal\u0131m! Bu \u00e7ocu\u011fu yeti\u015ftirecek, sa\u011fl\u0131kl\u0131 bir insan olmas\u0131na yetecek g\u00fcc\u00fcn, akl\u0131n, yetene\u011fin dikkat edersen asla paradan s\u00f6z etmiyorum\u2013 var m\u0131 bakal\u0131m?\u201d diyor mu? Etraf\u0131na bir bak. \u00d6yle \u00e7ok ne istedi\u011fini bilmeyen, cahil, mutsuz insan var ki. D\u00fcnyaya gelmeyi onlar m\u0131 istedi? Hepimiz getirildik. Bilgisi, sevgisi, \u00f6z verisi olmayan insanlar\u0131n aras\u0131na do\u011fdu baz\u0131lar\u0131m\u0131z. Bir\u00e7oklar\u0131ysa, \u00e7ocu\u011funa iyilik etti\u011fini san\u0131rken yakt\u0131 \u00e7\u0131ras\u0131n\u0131; hem de ne ac\u0131 ki hi\u00e7 fark\u0131nda olmadan.<\/p>\n\n\n\n<p>Evet, mutlaka s\u0131nanmal\u0131 anne-baba olmaya karar veren \u00e7iftler. \u00d6yle g\u00f6stermelik do\u011fum kurslar\u0131yla falan de\u011fil. Hamilelik ba\u015flamadan \u00f6nce testlerle desteklenen ve \u00f6m\u00fcr boyu periyodik aral\u0131klarla devam eden, dikkat, psikolojik tutarl\u0131l\u0131k, bilgi, empati (kendini \u00e7ocu\u011fun koyabilen, onun hissettiklerini anlamaya \u00e7abalayan ka\u00e7 ebeveyn tan\u0131yorsunuz?) testlerine tabi tutulmal\u0131. Kendini geli\u015ftiremeyen, \u00e7ocu\u011funa zarar veren insanlar\u0131n anne \u2013 babal\u0131kla ili\u015fikleri kesilmeli. Ehliyetlerine ceza yaz\u0131lmal\u0131, gerekirse iptal edilmeli! Bir araba kullanmaktan \u00e7ok daha fazla sorumluluk ve s\u00fcreklilik isteyen anne babal\u0131k da \u015fof\u00f6rl\u00fck kadar ciddiye al\u0131nmaya ba\u015flanmal\u0131 bir an \u00f6nce. Sadece bu \u00fclke i\u00e7in de\u011fil t\u00fcm d\u00fcnya i\u00e7in ge\u00e7erli s\u00f6ylediklerim. Ama kendi \u00fclkemden ba\u015flasak hi\u00e7 de fena olmaz hani!<\/p>\n\n\n\n<p>Ben bu minvalde taramal\u0131 t\u00fcfek gibi sayd\u0131r\u0131rken Emelcik k\u00f6\u015feye sinmi\u015f, s\u0131v\u0131\u015fmak i\u00e7in f\u0131rsat kolluyordu! \u00c7\u00fcnk\u00fc s\u0131v\u0131\u015fmak en kolay yoldu. \u00c7\u00fcnk\u00fc ehliyetli anne babalara ne bu \u00fclke, ne d\u00fcnyan\u0131n geri kalan\u0131 haz\u0131r de\u011fil. B\u00f6yle bir fikrin hayata ge\u00e7ebilmesi, insanlar\u0131n do\u011furduklar\u0131 canl\u0131lar\u0131n sorumlulu\u011funu tam anlam\u0131yla almas\u0131, o bilince eri\u015fmesiyle m\u00fcmk\u00fcn olur ancak. Bu, sistemin insanlara dayataca\u011f\u0131 de\u011fil, insanlar\u0131n evrilerek i\u00e7selle\u015ftirece\u011fi, bir t\u00fcr otokontrol mekanizmas\u0131n\u0131 harekete ge\u00e7irerek, sevgisizli\u011fi bertaraf edece\u011fi d\u00fcnyay\u0131 gerektirir. Anne-babal\u0131k i\u00e7g\u00fcd\u00fcsel oldu\u011fu kadar, \u00f6\u011frenilecek bir \u015feydir de ayn\u0131 zamanda. Durmadan \u00f6\u011frenilecek, canl\u0131n\u0131n bebekten \u00e7ocu\u011fa, ergenden yeti\u015fkine yolculu\u011funda yan\u0131 ba\u015f\u0131nda olunacak, kendini g\u00fcvende ve sevilen say\u0131lan bir birey olarak hissetmesi sa\u011flanacak!<\/p>\n\n\n\n<p>Kat\u0131 ve mutlak didaktik, k\u00f6\u015feleri sivri bir anlay\u0131\u015fla de\u011fil elbette! Hayalini kurdu\u011fum d\u00fcnyada ac\u0131 \u00e7eken (\u00e7ektirilen) s\u00f6m\u00fcr\u00fclen \u00e7ocu\u011fa yer yok. De\u011fil taciz edilen, hangi mesle\u011fi se\u00e7ece\u011fine dahi m\u00fcdahale edilmeyen, \u00f6zg\u00fcveni yerli yerinde insanlar istiyorum, \u00e7ok mu?<\/p>\n\n\n\n<p class=\"has-text-align-center\">&#8211;<\/p>\n\n\n\n<p>15 y\u0131l \u00f6nce yazd\u0131\u011f\u0131m yaz\u0131, bu. Ehliyet konusunda fikrim de\u011fi\u015fmedi. Hatta her ge\u00e7en g\u00fcn daha da ikna oluyorum bunun gereklili\u011fine\u2026 Kesinlikle \u00e7ocuk yeti\u015ftirebilece\u011fi kan\u0131tlanm\u0131\u015f insanlar \u00e7ocuk sahibi olmal\u0131. Fakat y\u0131llar ge\u00e7tik\u00e7e ayaklar\u0131 biraz daha zemine basan bir insana d\u00f6n\u00fc\u015f\u00fcyorum ister istemez\u2026 Ve bu e\u011fitimi kim verecek diye soruyorum kendime; e\u011fitim verecekleri kim e\u011fitecek?<\/p>\n\n\n\n<p>Dolay\u0131s\u0131yla bu \u00e7emberi k\u0131r\u0131p daha sa\u011fl\u0131kl\u0131 ve g\u00fc\u00e7l\u00fcs\u00fcn\u00fc ba\u015ftan yaratmak muazzam bir \u00f6zveri, samimi ve s\u00fcre\u011fen bir \u00e7aba gerektiriyor \u2013 ki o da i\u00e7inden ge\u00e7ti\u011fimiz \u00e7a\u011f s\u00f6z konusuyken neredeyse imk\u00e2ns\u0131z \ud83d\ude41<\/p>\n\n\n\n<p>Bedensel ve zihinsel engellilerin yar\u0131dan fazlas\u0131 \u00e7iftlerin biraz daha dikkatli, tedbirli ve e\u011fitimli olmas\u0131yla \u00f6nlenebilecekken, g\u00f6z g\u00f6re g\u00f6re genetik hastal\u0131klarla do\u011fan \u00e7ocuklara m\u0131 \u00fcz\u00fcleyim, sorumsuzca trafi\u011fe \u00e7\u0131k\u0131p birinin, &#8211; ve dahi kendisinin &#8211; sakat kalmas\u0131na sebep olanlara m\u0131? Do\u011fum s\u0131ras\u0131nda ya\u015fanan bir k\u0131sm\u0131 ihmale dayal\u0131 komplikasyonlara m\u0131\u2026<\/p>\n\n\n\n<p>Ne \u00e7are ki co\u011frafyam\u0131z b\u00f6yle\u2026 Kabul etsek de etmesek de. Ehliyet gibi abs\u00fcrt ve \u00fctopik bir fikri \u00e7oktan geride b\u0131rakt\u0131k da, hayatta kald\u0131\u011f\u0131m\u0131z g\u00fcne \u015f\u00fckreder olduk!<\/p>\n\n\n\n<p>\u0130\u015fte b\u00f6yle sevgili okur. Y\u0131llar \u00f6nce bir fikre kap\u0131lm\u0131\u015f\u0131m! Kendime g\u00fclm\u00fcyorum; ne de alay ediyorum o kad\u0131nla! Sadece \u00e7ok naif ve saf buluyorum arzusunu.<\/p>\n\n\n\n<p>UMARIM GALAKS\u0130N\u0130N YAHUT EVREN\u0130N HERHANG\u0130 B\u0130R K\u00d6\u015eES\u0130NDE BU ARZUSUNUN GER\u00c7EKLE\u015eT\u0130\u011e\u0130 B\u0130R GEZEGEN VARDIR!<\/p>\n","protected":false},"excerpt":{"rendered":"<p>Merhaba! Yaz s\u0131caklar\u0131 kendini iyice belli etmeye ba\u015flam\u0131\u015fken k\u0131\u015f\u0131n rehavetini silkelememek, dip k\u00f6\u015fe temizlik yapmamak olmaz! E-maillerim de d\u00e2hil sa\u011fda solda ne kald\u0131ysa \u00fcst\u00fcnden ge\u00e7ip gereksiz \u015feyleri silip yer a\u00e7ay\u0131m derken 2011 y\u0131l\u0131na ait yaz\u0131lar\u0131m\u0131 buldum! Daha \u00f6nce de anlatt\u0131\u011f\u0131m gibi o y\u0131llarda \u015ei\u015fli Meydan\u0131\u2019nda sokak simidi sat\u0131yordum\u2026 Yay\u0131mlanm\u0131\u015f \u00fc\u00e7 roman\u0131n ard\u0131ndan yazmaya t\u00f6vbe etmi\u015ftim. [&hellip;]<\/p>\n","protected":false},"author":14008,"featured_media":165773,"comment_status":"open","ping_status":"open","sticky":false,"template":"","format":"standard","meta":{"_yoast_wpseo_focuskw":"Ehliyet meselesi","_yoast_wpseo_title":"","_yoast_wpseo_metadesc":"\u201cEhliyet meselesi\u201d makalesini yazan 15 y\u0131l \u00f6nceki kad\u0131nla hangi noktalarda ayn\u0131 fikirdeyim, hangi noktalarda ayr\u0131l\u0131yorum anlatmak istiyorum.","_bbp_topic_count":0,"_bbp_reply_count":0,"_bbp_total_topic_count":0,"_bbp_total_reply_count":0,"_bbp_voice_count":0,"_bbp_anonymous_reply_count":0,"_bbp_topic_count_hidden":0,"_bbp_reply_count_hidden":0,"_bbp_forum_subforum_count":0,"footnotes":"","_yoast_wpseo_focuskw_text_input":""},"categories":[10765],"tags":[],"yoast_head":"<!-- This site is optimized with the Yoast SEO plugin v23.0 - https:\/\/yoast.com\/wordpress\/plugins\/seo\/ -->\n<title>Ehliyet Meselesi Yahut Yolculuk 2\u2026 - The Epoch Times TR<\/title>\n<meta name=\"description\" content=\"\u201cEhliyet meselesi\u201d makalesini yazan 15 y\u0131l \u00f6nceki kad\u0131nla hangi noktalarda ayn\u0131 fikirdeyim, hangi noktalarda ayr\u0131l\u0131yorum anlatmak istiyorum.\" \/>\n<meta name=\"robots\" content=\"index, follow, max-snippet:-1, max-image-preview:large, max-video-preview:-1\" \/>\n<link rel=\"canonical\" href=\"https:\/\/epochtimestr.com\/index.php\/ehliyet-meselesi-yahut-yolculuk-2\" \/>\n<meta property=\"og:locale\" content=\"tr_TR\" \/>\n<meta property=\"og:type\" content=\"article\" \/>\n<meta property=\"og:title\" content=\"Ehliyet Meselesi Yahut Yolculuk 2\u2026 - The Epoch Times TR\" \/>\n<meta property=\"og:description\" content=\"\u201cEhliyet meselesi\u201d makalesini yazan 15 y\u0131l \u00f6nceki kad\u0131nla hangi noktalarda ayn\u0131 fikirdeyim, hangi noktalarda ayr\u0131l\u0131yorum anlatmak istiyorum.\" \/>\n<meta property=\"og:url\" content=\"https:\/\/epochtimestr.com\/index.php\/ehliyet-meselesi-yahut-yolculuk-2\" \/>\n<meta property=\"og:site_name\" content=\"The Epoch Times TR\" \/>\n<meta property=\"article:publisher\" content=\"https:\/\/www.facebook.com\/theepochtimestr\" \/>\n<meta property=\"article:published_time\" content=\"2026-05-11T16:41:38+00:00\" \/>\n<meta property=\"article:modified_time\" content=\"2026-05-11T17:00:36+00:00\" \/>\n<meta property=\"og:image\" content=\"https:\/\/epochtimestr.com\/wp-content\/uploads\/2011y\/Elif-Ayca-Seren-Ural-SM.jpg\" \/>\n\t<meta property=\"og:image:width\" content=\"1200\" \/>\n\t<meta property=\"og:image:height\" content=\"630\" \/>\n\t<meta property=\"og:image:type\" content=\"image\/jpeg\" \/>\n<meta name=\"author\" content=\"Elif Ay\u00e7a Seren Ural\" \/>\n<meta name=\"twitter:card\" content=\"summary_large_image\" \/>\n<meta name=\"twitter:creator\" content=\"@TheEpochTimesTR\" \/>\n<meta name=\"twitter:site\" content=\"@TheEpochTimesTR\" \/>\n<meta name=\"twitter:label1\" content=\"Yazan:\" \/>\n\t<meta name=\"twitter:data1\" content=\"Elif Ay\u00e7a Seren Ural\" \/>\n\t<meta name=\"twitter:label2\" content=\"Tahmini okuma s\u00fcresi\" \/>\n\t<meta name=\"twitter:data2\" content=\"6 dakika\" \/>\n<script type=\"application\/ld+json\" class=\"yoast-schema-graph\">{\"@context\":\"https:\/\/schema.org\",\"@graph\":[{\"@type\":\"Article\",\"@id\":\"https:\/\/epochtimestr.com\/index.php\/ehliyet-meselesi-yahut-yolculuk-2#article\",\"isPartOf\":{\"@id\":\"https:\/\/epochtimestr.com\/index.php\/ehliyet-meselesi-yahut-yolculuk-2\"},\"author\":{\"name\":\"Elif Ay\u00e7a Seren Ural\",\"@id\":\"https:\/\/epochtimestr.com\/#\/schema\/person\/a2f5f33ae6079ef3753bd13043b6b87f\"},\"headline\":\"Ehliyet Meselesi Yahut Yolculuk 2\u2026\",\"datePublished\":\"2026-05-11T16:41:38+00:00\",\"dateModified\":\"2026-05-11T17:00:36+00:00\",\"mainEntityOfPage\":{\"@id\":\"https:\/\/epochtimestr.com\/index.php\/ehliyet-meselesi-yahut-yolculuk-2\"},\"wordCount\":1358,\"commentCount\":0,\"publisher\":{\"@id\":\"https:\/\/epochtimestr.com\/#organization\"},\"image\":{\"@id\":\"https:\/\/epochtimestr.com\/index.php\/ehliyet-meselesi-yahut-yolculuk-2#primaryimage\"},\"thumbnailUrl\":\"https:\/\/epochtimestr.com\/wp-content\/uploads\/2011y\/Elif-Ayca-Seren-Ural.png\",\"articleSection\":[\"K\u00f6\u015fe Yaz\u0131lar\u0131 Elif Ay\u00e7a Seren Ural\"],\"inLanguage\":\"tr\",\"potentialAction\":[{\"@type\":\"CommentAction\",\"name\":\"Comment\",\"target\":[\"https:\/\/epochtimestr.com\/index.php\/ehliyet-meselesi-yahut-yolculuk-2#respond\"]}]},{\"@type\":\"WebPage\",\"@id\":\"https:\/\/epochtimestr.com\/index.php\/ehliyet-meselesi-yahut-yolculuk-2\",\"url\":\"https:\/\/epochtimestr.com\/index.php\/ehliyet-meselesi-yahut-yolculuk-2\",\"name\":\"Ehliyet Meselesi Yahut Yolculuk 2\u2026 - The Epoch Times TR\",\"isPartOf\":{\"@id\":\"https:\/\/epochtimestr.com\/#website\"},\"primaryImageOfPage\":{\"@id\":\"https:\/\/epochtimestr.com\/index.php\/ehliyet-meselesi-yahut-yolculuk-2#primaryimage\"},\"image\":{\"@id\":\"https:\/\/epochtimestr.com\/index.php\/ehliyet-meselesi-yahut-yolculuk-2#primaryimage\"},\"thumbnailUrl\":\"https:\/\/epochtimestr.com\/wp-content\/uploads\/2011y\/Elif-Ayca-Seren-Ural.png\",\"datePublished\":\"2026-05-11T16:41:38+00:00\",\"dateModified\":\"2026-05-11T17:00:36+00:00\",\"description\":\"\u201cEhliyet meselesi\u201d makalesini yazan 15 y\u0131l \u00f6nceki kad\u0131nla hangi noktalarda ayn\u0131 fikirdeyim, hangi noktalarda ayr\u0131l\u0131yorum anlatmak istiyorum.\",\"inLanguage\":\"tr\",\"potentialAction\":[{\"@type\":\"ReadAction\",\"target\":[\"https:\/\/epochtimestr.com\/index.php\/ehliyet-meselesi-yahut-yolculuk-2\"]}]},{\"@type\":\"ImageObject\",\"inLanguage\":\"tr\",\"@id\":\"https:\/\/epochtimestr.com\/index.php\/ehliyet-meselesi-yahut-yolculuk-2#primaryimage\",\"url\":\"https:\/\/epochtimestr.com\/wp-content\/uploads\/2011y\/Elif-Ayca-Seren-Ural.png\",\"contentUrl\":\"https:\/\/epochtimestr.com\/wp-content\/uploads\/2011y\/Elif-Ayca-Seren-Ural.png\",\"width\":600,\"height\":600},{\"@type\":\"WebSite\",\"@id\":\"https:\/\/epochtimestr.com\/#website\",\"url\":\"https:\/\/epochtimestr.com\/\",\"name\":\"The Epoch Times TR\",\"description\":\"De\u011fi\u015fen D\u00fcnyam\u0131za Taze Bir Bak\u0131\u015f\",\"publisher\":{\"@id\":\"https:\/\/epochtimestr.com\/#organization\"},\"potentialAction\":[{\"@type\":\"SearchAction\",\"target\":{\"@type\":\"EntryPoint\",\"urlTemplate\":\"https:\/\/epochtimestr.com\/?s={search_term_string}\"},\"query-input\":\"required name=search_term_string\"}],\"inLanguage\":\"tr\"},{\"@type\":\"Organization\",\"@id\":\"https:\/\/epochtimestr.com\/#organization\",\"name\":\"The EpochTimes T\u00fcrkiye\",\"url\":\"https:\/\/epochtimestr.com\/\",\"logo\":{\"@type\":\"ImageObject\",\"inLanguage\":\"tr\",\"@id\":\"https:\/\/epochtimestr.com\/#\/schema\/logo\/image\/\",\"url\":\"https:\/\/epochtimestr.com\/wp-content\/uploads\/2011y\/ET-Logo-YG.jpg\",\"contentUrl\":\"https:\/\/epochtimestr.com\/wp-content\/uploads\/2011y\/ET-Logo-YG.jpg\",\"width\":346,\"height\":29,\"caption\":\"The EpochTimes T\u00fcrkiye\"},\"image\":{\"@id\":\"https:\/\/epochtimestr.com\/#\/schema\/logo\/image\/\"},\"sameAs\":[\"https:\/\/www.facebook.com\/theepochtimestr\",\"https:\/\/x.com\/TheEpochTimesTR\",\"https:\/\/www.instagram.com\/epochtimestr\"]},{\"@type\":\"Person\",\"@id\":\"https:\/\/epochtimestr.com\/#\/schema\/person\/a2f5f33ae6079ef3753bd13043b6b87f\",\"name\":\"Elif Ay\u00e7a Seren Ural\",\"image\":{\"@type\":\"ImageObject\",\"inLanguage\":\"tr\",\"@id\":\"https:\/\/epochtimestr.com\/#\/schema\/person\/image\/\",\"url\":\"https:\/\/secure.gravatar.com\/avatar\/a057a549279c1be023afd2bb6b4fd85e?s=96&d=mm&r=g\",\"contentUrl\":\"https:\/\/secure.gravatar.com\/avatar\/a057a549279c1be023afd2bb6b4fd85e?s=96&d=mm&r=g\",\"caption\":\"Elif Ay\u00e7a Seren Ural\"},\"sameAs\":[\"https:\/\/www.engelsizyarin.biz\/\"],\"url\":\"https:\/\/epochtimestr.com\/index.php\/author\/ayca\"}]}<\/script>\n<!-- \/ Yoast SEO plugin. -->","yoast_head_json":{"title":"Ehliyet Meselesi Yahut Yolculuk 2\u2026 - The Epoch Times TR","description":"\u201cEhliyet meselesi\u201d makalesini yazan 15 y\u0131l \u00f6nceki kad\u0131nla hangi noktalarda ayn\u0131 fikirdeyim, hangi noktalarda ayr\u0131l\u0131yorum anlatmak istiyorum.","robots":{"index":"index","follow":"follow","max-snippet":"max-snippet:-1","max-image-preview":"max-image-preview:large","max-video-preview":"max-video-preview:-1"},"canonical":"https:\/\/epochtimestr.com\/index.php\/ehliyet-meselesi-yahut-yolculuk-2","og_locale":"tr_TR","og_type":"article","og_title":"Ehliyet Meselesi Yahut Yolculuk 2\u2026 - The Epoch Times TR","og_description":"\u201cEhliyet meselesi\u201d makalesini yazan 15 y\u0131l \u00f6nceki kad\u0131nla hangi noktalarda ayn\u0131 fikirdeyim, hangi noktalarda ayr\u0131l\u0131yorum anlatmak istiyorum.","og_url":"https:\/\/epochtimestr.com\/index.php\/ehliyet-meselesi-yahut-yolculuk-2","og_site_name":"The Epoch Times TR","article_publisher":"https:\/\/www.facebook.com\/theepochtimestr","article_published_time":"2026-05-11T16:41:38+00:00","article_modified_time":"2026-05-11T17:00:36+00:00","og_image":[{"width":1200,"height":630,"url":"https:\/\/epochtimestr.com\/wp-content\/uploads\/2011y\/Elif-Ayca-Seren-Ural-SM.jpg","type":"image\/jpeg"}],"author":"Elif Ay\u00e7a Seren Ural","twitter_card":"summary_large_image","twitter_creator":"@TheEpochTimesTR","twitter_site":"@TheEpochTimesTR","twitter_misc":{"Yazan:":"Elif Ay\u00e7a Seren Ural","Tahmini okuma s\u00fcresi":"6 dakika"},"schema":{"@context":"https:\/\/schema.org","@graph":[{"@type":"Article","@id":"https:\/\/epochtimestr.com\/index.php\/ehliyet-meselesi-yahut-yolculuk-2#article","isPartOf":{"@id":"https:\/\/epochtimestr.com\/index.php\/ehliyet-meselesi-yahut-yolculuk-2"},"author":{"name":"Elif Ay\u00e7a Seren Ural","@id":"https:\/\/epochtimestr.com\/#\/schema\/person\/a2f5f33ae6079ef3753bd13043b6b87f"},"headline":"Ehliyet Meselesi Yahut Yolculuk 2\u2026","datePublished":"2026-05-11T16:41:38+00:00","dateModified":"2026-05-11T17:00:36+00:00","mainEntityOfPage":{"@id":"https:\/\/epochtimestr.com\/index.php\/ehliyet-meselesi-yahut-yolculuk-2"},"wordCount":1358,"commentCount":0,"publisher":{"@id":"https:\/\/epochtimestr.com\/#organization"},"image":{"@id":"https:\/\/epochtimestr.com\/index.php\/ehliyet-meselesi-yahut-yolculuk-2#primaryimage"},"thumbnailUrl":"https:\/\/epochtimestr.com\/wp-content\/uploads\/2011y\/Elif-Ayca-Seren-Ural.png","articleSection":["K\u00f6\u015fe Yaz\u0131lar\u0131 Elif Ay\u00e7a Seren Ural"],"inLanguage":"tr","potentialAction":[{"@type":"CommentAction","name":"Comment","target":["https:\/\/epochtimestr.com\/index.php\/ehliyet-meselesi-yahut-yolculuk-2#respond"]}]},{"@type":"WebPage","@id":"https:\/\/epochtimestr.com\/index.php\/ehliyet-meselesi-yahut-yolculuk-2","url":"https:\/\/epochtimestr.com\/index.php\/ehliyet-meselesi-yahut-yolculuk-2","name":"Ehliyet Meselesi Yahut Yolculuk 2\u2026 - The Epoch Times TR","isPartOf":{"@id":"https:\/\/epochtimestr.com\/#website"},"primaryImageOfPage":{"@id":"https:\/\/epochtimestr.com\/index.php\/ehliyet-meselesi-yahut-yolculuk-2#primaryimage"},"image":{"@id":"https:\/\/epochtimestr.com\/index.php\/ehliyet-meselesi-yahut-yolculuk-2#primaryimage"},"thumbnailUrl":"https:\/\/epochtimestr.com\/wp-content\/uploads\/2011y\/Elif-Ayca-Seren-Ural.png","datePublished":"2026-05-11T16:41:38+00:00","dateModified":"2026-05-11T17:00:36+00:00","description":"\u201cEhliyet meselesi\u201d makalesini yazan 15 y\u0131l \u00f6nceki kad\u0131nla hangi noktalarda ayn\u0131 fikirdeyim, hangi noktalarda ayr\u0131l\u0131yorum anlatmak istiyorum.","inLanguage":"tr","potentialAction":[{"@type":"ReadAction","target":["https:\/\/epochtimestr.com\/index.php\/ehliyet-meselesi-yahut-yolculuk-2"]}]},{"@type":"ImageObject","inLanguage":"tr","@id":"https:\/\/epochtimestr.com\/index.php\/ehliyet-meselesi-yahut-yolculuk-2#primaryimage","url":"https:\/\/epochtimestr.com\/wp-content\/uploads\/2011y\/Elif-Ayca-Seren-Ural.png","contentUrl":"https:\/\/epochtimestr.com\/wp-content\/uploads\/2011y\/Elif-Ayca-Seren-Ural.png","width":600,"height":600},{"@type":"WebSite","@id":"https:\/\/epochtimestr.com\/#website","url":"https:\/\/epochtimestr.com\/","name":"The Epoch Times TR","description":"De\u011fi\u015fen D\u00fcnyam\u0131za Taze Bir Bak\u0131\u015f","publisher":{"@id":"https:\/\/epochtimestr.com\/#organization"},"potentialAction":[{"@type":"SearchAction","target":{"@type":"EntryPoint","urlTemplate":"https:\/\/epochtimestr.com\/?s={search_term_string}"},"query-input":"required name=search_term_string"}],"inLanguage":"tr"},{"@type":"Organization","@id":"https:\/\/epochtimestr.com\/#organization","name":"The EpochTimes T\u00fcrkiye","url":"https:\/\/epochtimestr.com\/","logo":{"@type":"ImageObject","inLanguage":"tr","@id":"https:\/\/epochtimestr.com\/#\/schema\/logo\/image\/","url":"https:\/\/epochtimestr.com\/wp-content\/uploads\/2011y\/ET-Logo-YG.jpg","contentUrl":"https:\/\/epochtimestr.com\/wp-content\/uploads\/2011y\/ET-Logo-YG.jpg","width":346,"height":29,"caption":"The EpochTimes T\u00fcrkiye"},"image":{"@id":"https:\/\/epochtimestr.com\/#\/schema\/logo\/image\/"},"sameAs":["https:\/\/www.facebook.com\/theepochtimestr","https:\/\/x.com\/TheEpochTimesTR","https:\/\/www.instagram.com\/epochtimestr"]},{"@type":"Person","@id":"https:\/\/epochtimestr.com\/#\/schema\/person\/a2f5f33ae6079ef3753bd13043b6b87f","name":"Elif Ay\u00e7a Seren Ural","image":{"@type":"ImageObject","inLanguage":"tr","@id":"https:\/\/epochtimestr.com\/#\/schema\/person\/image\/","url":"https:\/\/secure.gravatar.com\/avatar\/a057a549279c1be023afd2bb6b4fd85e?s=96&d=mm&r=g","contentUrl":"https:\/\/secure.gravatar.com\/avatar\/a057a549279c1be023afd2bb6b4fd85e?s=96&d=mm&r=g","caption":"Elif Ay\u00e7a Seren Ural"},"sameAs":["https:\/\/www.engelsizyarin.biz\/"],"url":"https:\/\/epochtimestr.com\/index.php\/author\/ayca"}]}},"_links":{"self":[{"href":"https:\/\/epochtimestr.com\/index.php\/wp-json\/wp\/v2\/posts\/167193"}],"collection":[{"href":"https:\/\/epochtimestr.com\/index.php\/wp-json\/wp\/v2\/posts"}],"about":[{"href":"https:\/\/epochtimestr.com\/index.php\/wp-json\/wp\/v2\/types\/post"}],"author":[{"embeddable":true,"href":"https:\/\/epochtimestr.com\/index.php\/wp-json\/wp\/v2\/users\/14008"}],"replies":[{"embeddable":true,"href":"https:\/\/epochtimestr.com\/index.php\/wp-json\/wp\/v2\/comments?post=167193"}],"version-history":[{"count":4,"href":"https:\/\/epochtimestr.com\/index.php\/wp-json\/wp\/v2\/posts\/167193\/revisions"}],"predecessor-version":[{"id":167202,"href":"https:\/\/epochtimestr.com\/index.php\/wp-json\/wp\/v2\/posts\/167193\/revisions\/167202"}],"wp:featuredmedia":[{"embeddable":true,"href":"https:\/\/epochtimestr.com\/index.php\/wp-json\/wp\/v2\/media\/165773"}],"wp:attachment":[{"href":"https:\/\/epochtimestr.com\/index.php\/wp-json\/wp\/v2\/media?parent=167193"}],"wp:term":[{"taxonomy":"category","embeddable":true,"href":"https:\/\/epochtimestr.com\/index.php\/wp-json\/wp\/v2\/categories?post=167193"},{"taxonomy":"post_tag","embeddable":true,"href":"https:\/\/epochtimestr.com\/index.php\/wp-json\/wp\/v2\/tags?post=167193"}],"curies":[{"name":"wp","href":"https:\/\/api.w.org\/{rel}","templated":true}]}}