{"id":167195,"date":"2026-05-12T08:30:00","date_gmt":"2026-05-12T05:30:00","guid":{"rendered":"https:\/\/epochtimestr.com\/?p=167195"},"modified":"2026-05-11T19:54:26","modified_gmt":"2026-05-11T16:54:26","slug":"mali-musavirlik-sistemi-ve-kamu-maliyesi-uzerindeki-riskler","status":"publish","type":"post","link":"https:\/\/epochtimestr.com\/index.php\/mali-musavirlik-sistemi-ve-kamu-maliyesi-uzerindeki-riskler","title":{"rendered":"Mali M\u00fc\u015favirlik Sistemi ve Kamu Maliyesi \u00dczerindeki Riskler"},"content":{"rendered":"\n<p>T\u00fcrkiye ekonomisinin s\u00fcrd\u00fcr\u00fclebilirli\u011fi, kamu hizmetlerinin aksamamas\u0131 ve devletin asli g\u00f6revlerini yerine getirebilmesi, ku\u015fkusuz sa\u011fl\u0131kl\u0131 bir vergi toplama mekanizmas\u0131na ba\u011fl\u0131d\u0131r. Ancak mevcut sistemde, vergi m\u00fckellefi ile devlet aras\u0131nda k\u00f6pr\u00fc g\u00f6revi g\u00f6ren serbest muhasebeci mali m\u00fc\u015favirlerin (SMMM) konumu, \u201ckamu hizmeti\u201d ile \u201cticari kayg\u0131\u201d aras\u0131ndaki ince \u00e7izgide b\u00fcy\u00fck bir tart\u0131\u015fmay\u0131 beraberinde getirmektedir.<\/p>\n\n\n\n<p><strong>Ticari Kayg\u0131lar ve Kamusal G\u00f6rev \u00c7at\u0131\u015fmas\u0131<\/strong><\/p>\n\n\n\n<p>Mali m\u00fc\u015favirlerin tamam\u0131 \u00f6zel sekt\u00f6r \u00e7al\u0131\u015fan\u0131d\u0131r ve ofislerini birer i\u015fletme mant\u0131\u011f\u0131yla y\u00f6netirler. Bu durum, do\u011fas\u0131 gere\u011fi \u201cm\u00fc\u015fteri memnuniyeti\u201d odakl\u0131 bir yakla\u015f\u0131m\u0131 tetiklemektedir. Bir i\u015fletme sahibi, maliyetlerini d\u00fc\u015f\u00fcrmek ad\u0131na \u00f6deyece\u011fi vergiyi bir \u201cgider kalemi\u201d olarak g\u00f6rmekte ve bu noktada mali m\u00fc\u015favirinden yarat\u0131c\u0131 \u00e7\u00f6z\u00fcmler bekleyebilmektedir.<\/p>\n\n\n\n<p>Buradaki temel risk, \u201cM\u00fc\u015fteri Kapma Yar\u0131\u015f\u0131\u201dd\u0131r. Piyasada rekabet eden mali m\u00fc\u015favirler, portf\u00f6ylerini geni\u015fletmek veya mevcut m\u00fc\u015fterilerini kaybetmemek ad\u0131na, m\u00fckellefin \u201cBana az vergi \u00f6det\u201d talebine boyun e\u011fmek durumunda kalabilmektedir. Bu durum, mali m\u00fc\u015favirli\u011fin \u00f6z\u00fcndeki \u201ckamu g\u00fcvenini sa\u011flama\u201d misyonunu zedeleyerek, sistemi bir pazarl\u0131k masas\u0131na d\u00f6n\u00fc\u015ft\u00fcrme potansiyeli ta\u015f\u0131maktad\u0131r.<\/p>\n\n\n\n<p><strong>Vergi Kay\u0131plar\u0131n\u0131n G\u00f6r\u00fcnmeyen Boyutu<\/strong><\/p>\n\n\n\n<p>Bir i\u015fletmenin, mali m\u00fc\u015favirine \u201cSen benim vergimi minimize et, ben de muhasebe i\u015flerimi sana devredeyim\u201d demesi, buz da\u011f\u0131n\u0131n sadece g\u00f6r\u00fcnen k\u0131sm\u0131d\u0131r. Bu tarz bir kar\u015f\u0131l\u0131kl\u0131 \u00e7\u0131kar ili\u015fkisi, devletin kasas\u0131na girmesi gereken vergilerin ciddi oranlarda a\u015f\u0131nmas\u0131na yol a\u00e7ar.<\/p>\n\n\n\n<ul>\n<li><strong>Matrah A\u015f\u0131nmas\u0131:<\/strong> Giderlerin \u015fi\u015firilmesi veya gelirlerin gizlenmesi yoluyla vergi matrah\u0131 bilin\u00e7li olarak d\u00fc\u015f\u00fcr\u00fcl\u00fcr.<\/li>\n\n\n\n<li><strong>Haks\u0131z Rekabet:<\/strong> Vergisini d\u00fcr\u00fcst\u00e7e \u00f6deyen i\u015fletmelerin aleyhine bir piyasa ko\u015fulu olu\u015fur.<\/li>\n\n\n\n<li><strong>Devasa B\u00fct\u00e7e A\u00e7\u0131klar\u0131:<\/strong> \u0130ddia edildi\u011fi \u00fczere potansiyel vergi gelirlerinin \u00f6nemli bir k\u0131sm\u0131n\u0131n bu t\u00fcr \u201cdan\u0131\u015f\u0131kl\u0131\u201d s\u00fcre\u00e7lerle kaybolmas\u0131, devletin e\u011fitim, sa\u011fl\u0131k ve savunma gibi alanlardaki g\u00fcc\u00fcn\u00fc do\u011frudan zay\u0131flat\u0131r.<\/li>\n<\/ul>\n\n\n\n<p><strong>\u00c7\u00f6z\u00fcm Aray\u0131\u015f\u0131 ve Sistemsel D\u00f6n\u00fc\u015f\u00fcm<\/strong><\/p>\n\n\n\n<p>Maliye sisteminin bu kay\u0131plar\u0131 \u00f6nleyebilmesi i\u00e7in mali m\u00fc\u015favirlerin \u00fczerindeki \u201cticari bask\u0131y\u0131\u201d azaltacak reformlara ihtiya\u00e7 vard\u0131r. M\u00fc\u015favirlerin \u00fccretlerini do\u011frudan m\u00fckelleften almas\u0131 yerine, bir havuz sisteminden veya devlet kontrol\u00fcndeki bir mekanizmadan almas\u0131 gibi yap\u0131sal de\u011fi\u015fiklikler, meslek mensubunun devletine kar\u015f\u0131 olan sorumlulu\u011funu, m\u00fc\u015fterisine olan ba\u011fl\u0131l\u0131\u011f\u0131n\u0131n \u00f6n\u00fcne ge\u00e7irebilir.<\/p>\n\n\n\n<p>Vergi, devletin can damar\u0131d\u0131r. Bu can damar\u0131n\u0131 korumakla g\u00f6revli olan mekanizman\u0131n, piyasan\u0131n sert ve bazen de etik d\u0131\u015f\u0131 kurallar\u0131na terk edilmesi, sadece bir mali kay\u0131p de\u011fil, ayn\u0131 zamanda bir toplumsal adalet sorunudur. Devletin kasas\u0131na girecek her bir kuru\u015fun takibi, mali m\u00fc\u015favirlerin vicdan\u0131 ile c\u00fczdan\u0131 aras\u0131na s\u0131k\u0131\u015fmayacak kadar hayati bir \u00f6neme sahiptir.<\/p>\n","protected":false},"excerpt":{"rendered":"<p>T\u00fcrkiye ekonomisinin s\u00fcrd\u00fcr\u00fclebilirli\u011fi, kamu hizmetlerinin aksamamas\u0131 ve devletin asli g\u00f6revlerini yerine getirebilmesi, ku\u015fkusuz sa\u011fl\u0131kl\u0131 bir vergi toplama mekanizmas\u0131na ba\u011fl\u0131d\u0131r. Ancak mevcut sistemde, vergi m\u00fckellefi ile devlet aras\u0131nda k\u00f6pr\u00fc g\u00f6revi g\u00f6ren serbest muhasebeci mali m\u00fc\u015favirlerin (SMMM) konumu, \u201ckamu hizmeti\u201d ile \u201cticari kayg\u0131\u201d aras\u0131ndaki ince \u00e7izgide b\u00fcy\u00fck bir tart\u0131\u015fmay\u0131 beraberinde getirmektedir. Ticari Kayg\u0131lar ve Kamusal G\u00f6rev \u00c7at\u0131\u015fmas\u0131 [&hellip;]<\/p>\n","protected":false},"author":14013,"featured_media":167144,"comment_status":"open","ping_status":"open","sticky":false,"template":"","format":"standard","meta":{"_yoast_wpseo_focuskw":"Mali - Kamu","_yoast_wpseo_title":"","_yoast_wpseo_metadesc":"Mali m\u00fc\u015favirlerin konumu, \u201ckamu hizmeti\u201d ile \u201cticari kayg\u0131\u201d aras\u0131ndaki ince \u00e7izgide b\u00fcy\u00fck bir tart\u0131\u015fmay\u0131 beraberinde getirmektedir.","_bbp_topic_count":0,"_bbp_reply_count":0,"_bbp_total_topic_count":0,"_bbp_total_reply_count":0,"_bbp_voice_count":0,"_bbp_anonymous_reply_count":0,"_bbp_topic_count_hidden":0,"_bbp_reply_count_hidden":0,"_bbp_forum_subforum_count":0,"footnotes":"","_yoast_wpseo_focuskw_text_input":""},"categories":[11361],"tags":[],"yoast_head":"<!-- This site is optimized with the Yoast SEO plugin v23.0 - https:\/\/yoast.com\/wordpress\/plugins\/seo\/ -->\n<title>Mali M\u00fc\u015favirlik Sistemi ve Kamu Maliyesi \u00dczerindeki Riskler - The Epoch Times TR<\/title>\n<meta name=\"description\" content=\"Mali m\u00fc\u015favirlerin konumu, \u201ckamu hizmeti\u201d ile \u201cticari kayg\u0131\u201d aras\u0131ndaki ince \u00e7izgide b\u00fcy\u00fck bir tart\u0131\u015fmay\u0131 beraberinde getirmektedir.\" \/>\n<meta name=\"robots\" content=\"index, follow, max-snippet:-1, max-image-preview:large, max-video-preview:-1\" \/>\n<link rel=\"canonical\" href=\"https:\/\/epochtimestr.com\/index.php\/mali-musavirlik-sistemi-ve-kamu-maliyesi-uzerindeki-riskler\" \/>\n<meta property=\"og:locale\" content=\"tr_TR\" \/>\n<meta property=\"og:type\" content=\"article\" \/>\n<meta property=\"og:title\" content=\"Mali M\u00fc\u015favirlik Sistemi ve Kamu Maliyesi \u00dczerindeki Riskler - The Epoch Times TR\" \/>\n<meta property=\"og:description\" content=\"Mali m\u00fc\u015favirlerin konumu, \u201ckamu hizmeti\u201d ile \u201cticari kayg\u0131\u201d aras\u0131ndaki ince \u00e7izgide b\u00fcy\u00fck bir tart\u0131\u015fmay\u0131 beraberinde getirmektedir.\" \/>\n<meta property=\"og:url\" content=\"https:\/\/epochtimestr.com\/index.php\/mali-musavirlik-sistemi-ve-kamu-maliyesi-uzerindeki-riskler\" \/>\n<meta property=\"og:site_name\" content=\"The Epoch Times TR\" \/>\n<meta property=\"article:publisher\" content=\"https:\/\/www.facebook.com\/theepochtimestr\" \/>\n<meta property=\"article:published_time\" content=\"2026-05-12T05:30:00+00:00\" \/>\n<meta property=\"article:modified_time\" content=\"2026-05-11T16:54:26+00:00\" \/>\n<meta property=\"og:image\" content=\"https:\/\/epochtimestr.com\/wp-content\/uploads\/2011y\/ali-kekliktepe-SM.jpeg\" \/>\n\t<meta property=\"og:image:width\" content=\"1200\" \/>\n\t<meta property=\"og:image:height\" content=\"630\" \/>\n\t<meta property=\"og:image:type\" content=\"image\/jpeg\" \/>\n<meta name=\"author\" content=\"Ali Kekliktepe\" \/>\n<meta name=\"twitter:card\" content=\"summary_large_image\" \/>\n<meta name=\"twitter:creator\" content=\"@TheEpochTimesTR\" \/>\n<meta name=\"twitter:site\" content=\"@TheEpochTimesTR\" \/>\n<meta name=\"twitter:label1\" content=\"Yazan:\" \/>\n\t<meta name=\"twitter:data1\" content=\"Ali Kekliktepe\" \/>\n\t<meta name=\"twitter:label2\" content=\"Tahmini okuma s\u00fcresi\" \/>\n\t<meta name=\"twitter:data2\" content=\"3 dakika\" \/>\n<script type=\"application\/ld+json\" class=\"yoast-schema-graph\">{\"@context\":\"https:\/\/schema.org\",\"@graph\":[{\"@type\":\"Article\",\"@id\":\"https:\/\/epochtimestr.com\/index.php\/mali-musavirlik-sistemi-ve-kamu-maliyesi-uzerindeki-riskler#article\",\"isPartOf\":{\"@id\":\"https:\/\/epochtimestr.com\/index.php\/mali-musavirlik-sistemi-ve-kamu-maliyesi-uzerindeki-riskler\"},\"author\":{\"name\":\"Ali Kekliktepe\",\"@id\":\"https:\/\/epochtimestr.com\/#\/schema\/person\/da94a416fed1aed029d0a47e85673b95\"},\"headline\":\"Mali M\u00fc\u015favirlik Sistemi ve Kamu Maliyesi \u00dczerindeki Riskler\",\"datePublished\":\"2026-05-12T05:30:00+00:00\",\"dateModified\":\"2026-05-11T16:54:26+00:00\",\"mainEntityOfPage\":{\"@id\":\"https:\/\/epochtimestr.com\/index.php\/mali-musavirlik-sistemi-ve-kamu-maliyesi-uzerindeki-riskler\"},\"wordCount\":505,\"commentCount\":0,\"publisher\":{\"@id\":\"https:\/\/epochtimestr.com\/#organization\"},\"image\":{\"@id\":\"https:\/\/epochtimestr.com\/index.php\/mali-musavirlik-sistemi-ve-kamu-maliyesi-uzerindeki-riskler#primaryimage\"},\"thumbnailUrl\":\"https:\/\/epochtimestr.com\/wp-content\/uploads\/2011y\/Ali-Kekliktepe.jpg\",\"articleSection\":[\"K\u00f6\u015fe Yaz\u0131lar\u0131 Ali Kekliktepe\"],\"inLanguage\":\"tr\",\"potentialAction\":[{\"@type\":\"CommentAction\",\"name\":\"Comment\",\"target\":[\"https:\/\/epochtimestr.com\/index.php\/mali-musavirlik-sistemi-ve-kamu-maliyesi-uzerindeki-riskler#respond\"]}]},{\"@type\":\"WebPage\",\"@id\":\"https:\/\/epochtimestr.com\/index.php\/mali-musavirlik-sistemi-ve-kamu-maliyesi-uzerindeki-riskler\",\"url\":\"https:\/\/epochtimestr.com\/index.php\/mali-musavirlik-sistemi-ve-kamu-maliyesi-uzerindeki-riskler\",\"name\":\"Mali M\u00fc\u015favirlik Sistemi ve Kamu Maliyesi \u00dczerindeki Riskler - The Epoch Times TR\",\"isPartOf\":{\"@id\":\"https:\/\/epochtimestr.com\/#website\"},\"primaryImageOfPage\":{\"@id\":\"https:\/\/epochtimestr.com\/index.php\/mali-musavirlik-sistemi-ve-kamu-maliyesi-uzerindeki-riskler#primaryimage\"},\"image\":{\"@id\":\"https:\/\/epochtimestr.com\/index.php\/mali-musavirlik-sistemi-ve-kamu-maliyesi-uzerindeki-riskler#primaryimage\"},\"thumbnailUrl\":\"https:\/\/epochtimestr.com\/wp-content\/uploads\/2011y\/Ali-Kekliktepe.jpg\",\"datePublished\":\"2026-05-12T05:30:00+00:00\",\"dateModified\":\"2026-05-11T16:54:26+00:00\",\"description\":\"Mali m\u00fc\u015favirlerin konumu, \u201ckamu hizmeti\u201d ile \u201cticari kayg\u0131\u201d aras\u0131ndaki ince \u00e7izgide b\u00fcy\u00fck bir tart\u0131\u015fmay\u0131 beraberinde getirmektedir.\",\"inLanguage\":\"tr\",\"potentialAction\":[{\"@type\":\"ReadAction\",\"target\":[\"https:\/\/epochtimestr.com\/index.php\/mali-musavirlik-sistemi-ve-kamu-maliyesi-uzerindeki-riskler\"]}]},{\"@type\":\"ImageObject\",\"inLanguage\":\"tr\",\"@id\":\"https:\/\/epochtimestr.com\/index.php\/mali-musavirlik-sistemi-ve-kamu-maliyesi-uzerindeki-riskler#primaryimage\",\"url\":\"https:\/\/epochtimestr.com\/wp-content\/uploads\/2011y\/Ali-Kekliktepe.jpg\",\"contentUrl\":\"https:\/\/epochtimestr.com\/wp-content\/uploads\/2011y\/Ali-Kekliktepe.jpg\",\"width\":600,\"height\":600},{\"@type\":\"WebSite\",\"@id\":\"https:\/\/epochtimestr.com\/#website\",\"url\":\"https:\/\/epochtimestr.com\/\",\"name\":\"The Epoch Times TR\",\"description\":\"De\u011fi\u015fen D\u00fcnyam\u0131za Taze Bir Bak\u0131\u015f\",\"publisher\":{\"@id\":\"https:\/\/epochtimestr.com\/#organization\"},\"potentialAction\":[{\"@type\":\"SearchAction\",\"target\":{\"@type\":\"EntryPoint\",\"urlTemplate\":\"https:\/\/epochtimestr.com\/?s={search_term_string}\"},\"query-input\":\"required name=search_term_string\"}],\"inLanguage\":\"tr\"},{\"@type\":\"Organization\",\"@id\":\"https:\/\/epochtimestr.com\/#organization\",\"name\":\"The EpochTimes T\u00fcrkiye\",\"url\":\"https:\/\/epochtimestr.com\/\",\"logo\":{\"@type\":\"ImageObject\",\"inLanguage\":\"tr\",\"@id\":\"https:\/\/epochtimestr.com\/#\/schema\/logo\/image\/\",\"url\":\"https:\/\/epochtimestr.com\/wp-content\/uploads\/2011y\/ET-Logo-YG.jpg\",\"contentUrl\":\"https:\/\/epochtimestr.com\/wp-content\/uploads\/2011y\/ET-Logo-YG.jpg\",\"width\":346,\"height\":29,\"caption\":\"The EpochTimes T\u00fcrkiye\"},\"image\":{\"@id\":\"https:\/\/epochtimestr.com\/#\/schema\/logo\/image\/\"},\"sameAs\":[\"https:\/\/www.facebook.com\/theepochtimestr\",\"https:\/\/x.com\/TheEpochTimesTR\",\"https:\/\/www.instagram.com\/epochtimestr\"]},{\"@type\":\"Person\",\"@id\":\"https:\/\/epochtimestr.com\/#\/schema\/person\/da94a416fed1aed029d0a47e85673b95\",\"name\":\"Ali Kekliktepe\",\"image\":{\"@type\":\"ImageObject\",\"inLanguage\":\"tr\",\"@id\":\"https:\/\/epochtimestr.com\/#\/schema\/person\/image\/\",\"url\":\"https:\/\/secure.gravatar.com\/avatar\/6c965c3fc374c8f4af759baef4f38bcd?s=96&d=mm&r=g\",\"contentUrl\":\"https:\/\/secure.gravatar.com\/avatar\/6c965c3fc374c8f4af759baef4f38bcd?s=96&d=mm&r=g\",\"caption\":\"Ali Kekliktepe\"},\"description\":\"Ben Ali Kekliktepe; hayat\u0131n\u0131 \u00f6\u011frenmeye, \u00f6\u011fretmeye ve toplumsal fayda yaratmaya adam\u0131\u015f bir yazar ve profesyonelim. Kalemi sadece ka\u011f\u0131da dokunan bir ara\u00e7 de\u011fil, toplumun aksayan y\u00f6nlerine \u015fifa olan bir enstr\u00fcman olarak g\u00f6r\u00fcyorum.\",\"sameAs\":[\"https:\/\/alikekliktepemersin33.blogspot.com\/\"],\"url\":\"https:\/\/epochtimestr.com\/index.php\/author\/ali\"}]}<\/script>\n<!-- \/ Yoast SEO plugin. -->","yoast_head_json":{"title":"Mali M\u00fc\u015favirlik Sistemi ve Kamu Maliyesi \u00dczerindeki Riskler - The Epoch Times TR","description":"Mali m\u00fc\u015favirlerin konumu, \u201ckamu hizmeti\u201d ile \u201cticari kayg\u0131\u201d aras\u0131ndaki ince \u00e7izgide b\u00fcy\u00fck bir tart\u0131\u015fmay\u0131 beraberinde getirmektedir.","robots":{"index":"index","follow":"follow","max-snippet":"max-snippet:-1","max-image-preview":"max-image-preview:large","max-video-preview":"max-video-preview:-1"},"canonical":"https:\/\/epochtimestr.com\/index.php\/mali-musavirlik-sistemi-ve-kamu-maliyesi-uzerindeki-riskler","og_locale":"tr_TR","og_type":"article","og_title":"Mali M\u00fc\u015favirlik Sistemi ve Kamu Maliyesi \u00dczerindeki Riskler - The Epoch Times TR","og_description":"Mali m\u00fc\u015favirlerin konumu, \u201ckamu hizmeti\u201d ile \u201cticari kayg\u0131\u201d aras\u0131ndaki ince \u00e7izgide b\u00fcy\u00fck bir tart\u0131\u015fmay\u0131 beraberinde getirmektedir.","og_url":"https:\/\/epochtimestr.com\/index.php\/mali-musavirlik-sistemi-ve-kamu-maliyesi-uzerindeki-riskler","og_site_name":"The Epoch Times TR","article_publisher":"https:\/\/www.facebook.com\/theepochtimestr","article_published_time":"2026-05-12T05:30:00+00:00","article_modified_time":"2026-05-11T16:54:26+00:00","og_image":[{"width":1200,"height":630,"url":"https:\/\/epochtimestr.com\/wp-content\/uploads\/2011y\/ali-kekliktepe-SM.jpeg","type":"image\/jpeg"}],"author":"Ali Kekliktepe","twitter_card":"summary_large_image","twitter_creator":"@TheEpochTimesTR","twitter_site":"@TheEpochTimesTR","twitter_misc":{"Yazan:":"Ali Kekliktepe","Tahmini okuma s\u00fcresi":"3 dakika"},"schema":{"@context":"https:\/\/schema.org","@graph":[{"@type":"Article","@id":"https:\/\/epochtimestr.com\/index.php\/mali-musavirlik-sistemi-ve-kamu-maliyesi-uzerindeki-riskler#article","isPartOf":{"@id":"https:\/\/epochtimestr.com\/index.php\/mali-musavirlik-sistemi-ve-kamu-maliyesi-uzerindeki-riskler"},"author":{"name":"Ali Kekliktepe","@id":"https:\/\/epochtimestr.com\/#\/schema\/person\/da94a416fed1aed029d0a47e85673b95"},"headline":"Mali M\u00fc\u015favirlik Sistemi ve Kamu Maliyesi \u00dczerindeki Riskler","datePublished":"2026-05-12T05:30:00+00:00","dateModified":"2026-05-11T16:54:26+00:00","mainEntityOfPage":{"@id":"https:\/\/epochtimestr.com\/index.php\/mali-musavirlik-sistemi-ve-kamu-maliyesi-uzerindeki-riskler"},"wordCount":505,"commentCount":0,"publisher":{"@id":"https:\/\/epochtimestr.com\/#organization"},"image":{"@id":"https:\/\/epochtimestr.com\/index.php\/mali-musavirlik-sistemi-ve-kamu-maliyesi-uzerindeki-riskler#primaryimage"},"thumbnailUrl":"https:\/\/epochtimestr.com\/wp-content\/uploads\/2011y\/Ali-Kekliktepe.jpg","articleSection":["K\u00f6\u015fe Yaz\u0131lar\u0131 Ali Kekliktepe"],"inLanguage":"tr","potentialAction":[{"@type":"CommentAction","name":"Comment","target":["https:\/\/epochtimestr.com\/index.php\/mali-musavirlik-sistemi-ve-kamu-maliyesi-uzerindeki-riskler#respond"]}]},{"@type":"WebPage","@id":"https:\/\/epochtimestr.com\/index.php\/mali-musavirlik-sistemi-ve-kamu-maliyesi-uzerindeki-riskler","url":"https:\/\/epochtimestr.com\/index.php\/mali-musavirlik-sistemi-ve-kamu-maliyesi-uzerindeki-riskler","name":"Mali M\u00fc\u015favirlik Sistemi ve Kamu Maliyesi \u00dczerindeki Riskler - The Epoch Times TR","isPartOf":{"@id":"https:\/\/epochtimestr.com\/#website"},"primaryImageOfPage":{"@id":"https:\/\/epochtimestr.com\/index.php\/mali-musavirlik-sistemi-ve-kamu-maliyesi-uzerindeki-riskler#primaryimage"},"image":{"@id":"https:\/\/epochtimestr.com\/index.php\/mali-musavirlik-sistemi-ve-kamu-maliyesi-uzerindeki-riskler#primaryimage"},"thumbnailUrl":"https:\/\/epochtimestr.com\/wp-content\/uploads\/2011y\/Ali-Kekliktepe.jpg","datePublished":"2026-05-12T05:30:00+00:00","dateModified":"2026-05-11T16:54:26+00:00","description":"Mali m\u00fc\u015favirlerin konumu, \u201ckamu hizmeti\u201d ile \u201cticari kayg\u0131\u201d aras\u0131ndaki ince \u00e7izgide b\u00fcy\u00fck bir tart\u0131\u015fmay\u0131 beraberinde getirmektedir.","inLanguage":"tr","potentialAction":[{"@type":"ReadAction","target":["https:\/\/epochtimestr.com\/index.php\/mali-musavirlik-sistemi-ve-kamu-maliyesi-uzerindeki-riskler"]}]},{"@type":"ImageObject","inLanguage":"tr","@id":"https:\/\/epochtimestr.com\/index.php\/mali-musavirlik-sistemi-ve-kamu-maliyesi-uzerindeki-riskler#primaryimage","url":"https:\/\/epochtimestr.com\/wp-content\/uploads\/2011y\/Ali-Kekliktepe.jpg","contentUrl":"https:\/\/epochtimestr.com\/wp-content\/uploads\/2011y\/Ali-Kekliktepe.jpg","width":600,"height":600},{"@type":"WebSite","@id":"https:\/\/epochtimestr.com\/#website","url":"https:\/\/epochtimestr.com\/","name":"The Epoch Times TR","description":"De\u011fi\u015fen D\u00fcnyam\u0131za Taze Bir Bak\u0131\u015f","publisher":{"@id":"https:\/\/epochtimestr.com\/#organization"},"potentialAction":[{"@type":"SearchAction","target":{"@type":"EntryPoint","urlTemplate":"https:\/\/epochtimestr.com\/?s={search_term_string}"},"query-input":"required name=search_term_string"}],"inLanguage":"tr"},{"@type":"Organization","@id":"https:\/\/epochtimestr.com\/#organization","name":"The EpochTimes T\u00fcrkiye","url":"https:\/\/epochtimestr.com\/","logo":{"@type":"ImageObject","inLanguage":"tr","@id":"https:\/\/epochtimestr.com\/#\/schema\/logo\/image\/","url":"https:\/\/epochtimestr.com\/wp-content\/uploads\/2011y\/ET-Logo-YG.jpg","contentUrl":"https:\/\/epochtimestr.com\/wp-content\/uploads\/2011y\/ET-Logo-YG.jpg","width":346,"height":29,"caption":"The EpochTimes T\u00fcrkiye"},"image":{"@id":"https:\/\/epochtimestr.com\/#\/schema\/logo\/image\/"},"sameAs":["https:\/\/www.facebook.com\/theepochtimestr","https:\/\/x.com\/TheEpochTimesTR","https:\/\/www.instagram.com\/epochtimestr"]},{"@type":"Person","@id":"https:\/\/epochtimestr.com\/#\/schema\/person\/da94a416fed1aed029d0a47e85673b95","name":"Ali Kekliktepe","image":{"@type":"ImageObject","inLanguage":"tr","@id":"https:\/\/epochtimestr.com\/#\/schema\/person\/image\/","url":"https:\/\/secure.gravatar.com\/avatar\/6c965c3fc374c8f4af759baef4f38bcd?s=96&d=mm&r=g","contentUrl":"https:\/\/secure.gravatar.com\/avatar\/6c965c3fc374c8f4af759baef4f38bcd?s=96&d=mm&r=g","caption":"Ali Kekliktepe"},"description":"Ben Ali Kekliktepe; hayat\u0131n\u0131 \u00f6\u011frenmeye, \u00f6\u011fretmeye ve toplumsal fayda yaratmaya adam\u0131\u015f bir yazar ve profesyonelim. Kalemi sadece ka\u011f\u0131da dokunan bir ara\u00e7 de\u011fil, toplumun aksayan y\u00f6nlerine \u015fifa olan bir enstr\u00fcman olarak g\u00f6r\u00fcyorum.","sameAs":["https:\/\/alikekliktepemersin33.blogspot.com\/"],"url":"https:\/\/epochtimestr.com\/index.php\/author\/ali"}]}},"_links":{"self":[{"href":"https:\/\/epochtimestr.com\/index.php\/wp-json\/wp\/v2\/posts\/167195"}],"collection":[{"href":"https:\/\/epochtimestr.com\/index.php\/wp-json\/wp\/v2\/posts"}],"about":[{"href":"https:\/\/epochtimestr.com\/index.php\/wp-json\/wp\/v2\/types\/post"}],"author":[{"embeddable":true,"href":"https:\/\/epochtimestr.com\/index.php\/wp-json\/wp\/v2\/users\/14013"}],"replies":[{"embeddable":true,"href":"https:\/\/epochtimestr.com\/index.php\/wp-json\/wp\/v2\/comments?post=167195"}],"version-history":[{"count":2,"href":"https:\/\/epochtimestr.com\/index.php\/wp-json\/wp\/v2\/posts\/167195\/revisions"}],"predecessor-version":[{"id":167197,"href":"https:\/\/epochtimestr.com\/index.php\/wp-json\/wp\/v2\/posts\/167195\/revisions\/167197"}],"wp:featuredmedia":[{"embeddable":true,"href":"https:\/\/epochtimestr.com\/index.php\/wp-json\/wp\/v2\/media\/167144"}],"wp:attachment":[{"href":"https:\/\/epochtimestr.com\/index.php\/wp-json\/wp\/v2\/media?parent=167195"}],"wp:term":[{"taxonomy":"category","embeddable":true,"href":"https:\/\/epochtimestr.com\/index.php\/wp-json\/wp\/v2\/categories?post=167195"},{"taxonomy":"post_tag","embeddable":true,"href":"https:\/\/epochtimestr.com\/index.php\/wp-json\/wp\/v2\/tags?post=167195"}],"curies":[{"name":"wp","href":"https:\/\/api.w.org\/{rel}","templated":true}]}}