{"id":167224,"date":"2026-05-12T10:06:24","date_gmt":"2026-05-12T07:06:24","guid":{"rendered":"https:\/\/epochtimestr.com\/?p=167224"},"modified":"2026-05-12T15:51:18","modified_gmt":"2026-05-12T12:51:18","slug":"yildirim-hanin-maketi-bile-yetti","status":"publish","type":"post","link":"https:\/\/epochtimestr.com\/index.php\/yildirim-hanin-maketi-bile-yetti","title":{"rendered":"Y\u0131ld\u0131r\u0131mhan&#8217;\u0131n Maketi Bile Yetti"},"content":{"rendered":"\n<p class=\"has-text-align-right\">\u201cS\u00f6ylem \u00e7o\u011fald\u0131k\u00e7a, anlam seyrekle\u015fir\u201d<\/p>\n\n\n\n<p>Saha Expo 2026 fuar\u0131 5-9 May\u0131s tarihleri aras\u0131nda \u0130stanbul\u2019da yap\u0131ld\u0131. T\u00fcrk savunma sanayi \u00fcr\u00fcnleri, \u00fclke pazar\u0131na ve d\u00fcnya pazar\u0131na \u00e7\u0131kt\u0131. Fuara 120\u2019den fazla \u00fclkeden binlerce ziyaret\u00e7i, resmi kurumlar ve al\u0131m heyetleri kat\u0131ld\u0131. Fuar uzay, havac\u0131l\u0131k ve savunma \u00fcr\u00fcnlerinde 8 milyar dolarl\u0131k d\u0131\u015f sat\u0131\u015f hacmine ula\u015ft\u0131.<\/p>\n\n\n\n<p>T\u00fcrkiye son y\u0131llarda yapt\u0131\u011f\u0131 teknolojik at\u0131l\u0131mlar ve \u00fcr\u00fcnleriyle, d\u00fcnyan\u0131n ilk 10 savunma sanayi ihra\u00e7 eden \u00fclkeler konumuna y\u00fckselmek \u00fczeredir. Takip edilmesi g\u00fc\u00e7 \u00fcr\u00fcn yelpazesi ve \u00fclke geneline yay\u0131lan 3.500 \u00fcretici \u015firketle, d\u00fcnyada sayg\u0131n konuma ula\u015fm\u0131\u015ft\u0131r.<\/p>\n\n\n\n<p>T\u00fcrkiye bir\u00e7ok \u00fcr\u00fcnde ilk 5 \u00fclkenin teknolojik bak\u0131mdan geldi\u011fi noktaya ula\u015fm\u0131\u015ft\u0131r. Sadece ABD, \u00c7in, Rusya, \u0130srail gibi \u00fclkelerin bulundu\u011fu klasmanda yer almaktad\u0131r. Ancak daha gidilecek pek \u00e7ok yol vard\u0131r elbette. Teknolojik yar\u0131\u015f her alanda k\u0131yas\u0131ya devam etmektedir. \u00d6yle ki \u015fimdi bu yar\u0131\u015f uzaya ta\u015f\u0131nm\u0131\u015ft\u0131r.<\/p>\n\n\n\n<p>T\u00fcrkiye y\u0131llar boyu ithal \u00fcr\u00fcnlerle, ambargolarla vakit ge\u00e7irmi\u015ftir. Milli \u00fcr\u00fcnler \u00fcretmede olduk\u00e7a ge\u00e7 kalm\u0131\u015ft\u0131r. Bilhassa havac\u0131l\u0131k ve uzay \u00e7ok kritik bir aland\u0131r. Orada bir \u00fcr\u00fcn\u00fc tasarlay\u0131p, geli\u015ftirmek ve \u00fcretmek ortalama 10-15 sene gibi zamana ihtiya\u00e7 duyar. Bilhassa motor teknolojileri me\u015fakkatli ve uzun s\u00fcre\u00e7lerdir. Testler, sertifikasyonlar y\u0131llar almaktad\u0131r.<\/p>\n\n\n\n<p>T\u00fcrkiye motordan \u00e7ekti\u011fini hi\u00e7bir \u015feyden \u00e7ekmemi\u015ftir. Milli bir platform \u00fcretti\u011finizde ilk, \u201cBunun motoru milli mi?\u201d sorusu ile kar\u015f\u0131la\u015f\u0131rs\u0131n\u0131z. Zira motor milli olmay\u0131nca o \u00fcr\u00fcn\u00fcn milli olma kabiliyeti azal\u0131r. T\u00fcrkiye motorlar konusunda son 10 y\u0131lda ata\u011fa ge\u00e7ti. \u0130HA\u2019lar\u0131n motor sorunlar\u0131 \u00e7\u00f6z\u00fcld\u00fc. Ancak milli muharip u\u00e7a\u011f\u0131n motorunda sorun hen\u00fcz giderilmedi ki orada da TUSA\u015e\u2019\u0131n yo\u011fun \u015fekilde \u00fczerinde \u00e7al\u0131\u015ft\u0131\u011f\u0131 35 bin librelik itki g\u00fcc\u00fcne sahip motor \u00e7al\u0131\u015ft\u0131rma a\u015famas\u0131nda. Fakat \u00e7al\u0131\u015ft\u0131r\u0131lan bir motor havac\u0131l\u0131kta hemen kullan\u0131ma giremiyor. Seneler s\u00fcren testler ve sertifikasyon s\u00fcre\u00e7leri gerekiyor.<\/p>\n\n\n\n<p>Bu seneki fuara b\u00fcy\u00fck s\u00fcrpriz yapan MSB ARGE merkezinin geli\u015ftirdi\u011fi Y\u0131ld\u0131r\u0131mhan balistik f\u00fczesi damgas\u0131n\u0131 vurdu. Hatta \u00f6yle ki bu f\u00fczenin, orada sergilenen bir\u00e7ok \u00fcr\u00fcn\u00fc g\u00f6lgede b\u0131rakt\u0131\u011f\u0131, \u00f6ne \u00e7\u0131kmas\u0131n\u0131 engelledi\u011fi ele\u015ftirileri var. \u00d6yle ya bir f\u00fczenin g\u00f6rd\u00fc\u011f\u00fc ilgiden dolay\u0131, oradaki y\u00fczlerce \u00fcr\u00fcn, kendini yeterince g\u00f6sterme ve tan\u0131tma \u015fans\u0131 bulam\u0131yor.<\/p>\n\n\n\n<p>MSB ARGE merkezi bug\u00fcne de\u011fin medyatik de\u011fildi. Demek ki orada sessiz sedas\u0131z \u00e7al\u0131\u015fmalar t\u00fcm h\u0131z\u0131yla s\u00fcr\u00fcyormu\u015f. Y\u0131ld\u0131r\u0131mhan balistik f\u00fczesinin maketi bile t\u00fcm d\u00fcnyay\u0131 ve \u00fclkeyi aya\u011fa kald\u0131rd\u0131. \u00dclkemizde yine o bildik tart\u0131\u015fmay\u0131 ate\u015fledi. Kamuoyu \u201cGer\u00e7ek mi, se\u00e7im yat\u0131r\u0131m\u0131 m\u0131?\u201d diye ikiye b\u00f6l\u00fcnd\u00fc.<\/p>\n\n\n\n<p>Benim anlad\u0131\u011f\u0131m kadar\u0131yla Y\u0131ld\u0131r\u0131mhan roketi hen\u00fcz \u00fcretilmedi ve hen\u00fcz test edilmedi. Ortada sadece ileri safhada ve bitme a\u015famas\u0131na gelmi\u015f, gerekli teknolojilere ula\u015fm\u0131\u015f bir \u00fcr\u00fcn var. Fakat hen\u00fcz daha \u00fcretilmedi ve test edilmedi. Zira 6 bin km menzilli bir f\u00fczeyi T\u00fcrkiye\u2019de test edemezsiniz. O bak\u0131mdan Somali\u2019de h\u0131zla uzay ve havac\u0131l\u0131k \u00fcss\u00fc kuruyor T\u00fcrkiye. Ancak oradan, \u00f6n\u00fc okyanus oldu\u011fundan ve ekvator \u00e7izgisine yak\u0131nl\u0131\u011f\u0131ndan dolay\u0131 roket testleri daha m\u00fcmk\u00fcnd\u00fcr. \u00dcss\u00fcn bu y\u0131l i\u00e7erisinde faaliyete ge\u00e7mesi bekleniyor ki T\u00fcrkiye ay ve uzay misyonlar\u0131n\u0131 da oradan y\u00f6netecek. Bir kesim \u201cT\u00fcrkiye dururken neden Somali\u2019de \u00fcs kuruyorsunuz, G\u00f6lba\u015f\u0131 size yetmez mi?\u201d diyor. \u0130\u015fte bir\u00e7oklar\u0131n\u0131n ufku bu kadar. Yani sadece G\u00f6lba\u015f\u0131 alabal\u0131k tesislerine kadar.<\/p>\n\n\n\n<p>Ki\u015fisel g\u00f6r\u00fc\u015f\u00fcm: bir \u00fcr\u00fcn ancak test a\u015famas\u0131nda kamuoyuna duyurulmal\u0131d\u0131r. Burada aceleye gelmi\u015f bir lansman g\u00f6r\u00fcyorum ki ayn\u0131 \u015fey 42 bin librelik itki g\u00fcc\u00fcne sahip, yine MSB ARGE merkezine ait \u2018G\u00fc\u00e7han\u2019 turbofan jet motorunda da yap\u0131lm\u0131\u015ft\u0131r. San\u0131yorum T\u00fcrkiye d\u00fcnyan\u0131n \u015fu anki ortam\u0131nda, h\u0131zla cayd\u0131r\u0131c\u0131l\u0131k silah\u0131n\u0131 \u00e7ekme ad\u0131na bunu yap\u0131yor. Baz\u0131 \u00fclkelere h\u0131zla g\u00f6zda\u011f\u0131 veriyor ve de i\u00e7 politikada siyasi kazan\u0131m pe\u015finde ko\u015fuyor.<\/p>\n\n\n\n<p>Evet, inan\u0131yor ve biliyorum ki T\u00fcrkiye kritik teknolojilerde (tek kristal d\u00f6k\u00fcm ala\u015f\u0131mlar \u2013 roket yak\u0131t\u0131 gibi) ileri a\u015famaya ula\u015ft\u0131. Hem Y\u0131ld\u0131r\u0131mhan balistik f\u00fczesini hem de G\u00fc\u00e7han turbofan jet motorunu \u00fcretme kabiliyetine kavu\u015ftu. Fakat fuardaki sergileme erken oldu ve muhalefet koalisyonuna ele\u015ftirme ve dalga ge\u00e7me imk\u00e2n\u0131 sundu.<\/p>\n","protected":false},"excerpt":{"rendered":"<p>\u201cS\u00f6ylem \u00e7o\u011fald\u0131k\u00e7a, anlam seyrekle\u015fir\u201d Saha Expo 2026 fuar\u0131 5-9 May\u0131s tarihleri aras\u0131nda \u0130stanbul\u2019da yap\u0131ld\u0131. T\u00fcrk savunma sanayi \u00fcr\u00fcnleri, \u00fclke pazar\u0131na ve d\u00fcnya pazar\u0131na \u00e7\u0131kt\u0131. Fuara 120\u2019den fazla \u00fclkeden binlerce ziyaret\u00e7i, resmi kurumlar ve al\u0131m heyetleri kat\u0131ld\u0131. Fuar uzay, havac\u0131l\u0131k ve savunma \u00fcr\u00fcnlerinde 8 milyar dolarl\u0131k d\u0131\u015f sat\u0131\u015f hacmine ula\u015ft\u0131. T\u00fcrkiye son y\u0131llarda yapt\u0131\u011f\u0131 teknolojik at\u0131l\u0131mlar [&hellip;]<\/p>\n","protected":false},"author":14001,"featured_media":161038,"comment_status":"open","ping_status":"open","sticky":false,"template":"","format":"standard","meta":{"_yoast_wpseo_focuskw":"T\u00fcrk Savunma Sanayi","_yoast_wpseo_title":"","_yoast_wpseo_metadesc":"","_bbp_topic_count":0,"_bbp_reply_count":0,"_bbp_total_topic_count":0,"_bbp_total_reply_count":0,"_bbp_voice_count":0,"_bbp_anonymous_reply_count":0,"_bbp_topic_count_hidden":0,"_bbp_reply_count_hidden":0,"_bbp_forum_subforum_count":0,"footnotes":"","_yoast_wpseo_focuskw_text_input":""},"categories":[9170],"tags":[],"yoast_head":"<!-- This site is optimized with the Yoast SEO plugin v23.0 - https:\/\/yoast.com\/wordpress\/plugins\/seo\/ -->\n<title>Y\u0131ld\u0131r\u0131mhan&#039;\u0131n Maketi Bile Yetti - The Epoch Times TR<\/title>\n<meta name=\"robots\" content=\"index, follow, max-snippet:-1, max-image-preview:large, max-video-preview:-1\" \/>\n<link rel=\"canonical\" href=\"https:\/\/epochtimestr.com\/index.php\/yildirim-hanin-maketi-bile-yetti\" \/>\n<meta property=\"og:locale\" content=\"tr_TR\" \/>\n<meta property=\"og:type\" content=\"article\" \/>\n<meta property=\"og:title\" content=\"Y\u0131ld\u0131r\u0131mhan&#039;\u0131n Maketi Bile Yetti - The Epoch Times TR\" \/>\n<meta property=\"og:description\" content=\"\u201cS\u00f6ylem \u00e7o\u011fald\u0131k\u00e7a, anlam seyrekle\u015fir\u201d Saha Expo 2026 fuar\u0131 5-9 May\u0131s tarihleri aras\u0131nda \u0130stanbul\u2019da yap\u0131ld\u0131. T\u00fcrk savunma sanayi \u00fcr\u00fcnleri, \u00fclke pazar\u0131na ve d\u00fcnya pazar\u0131na \u00e7\u0131kt\u0131. Fuara 120\u2019den fazla \u00fclkeden binlerce ziyaret\u00e7i, resmi kurumlar ve al\u0131m heyetleri kat\u0131ld\u0131. Fuar uzay, havac\u0131l\u0131k ve savunma \u00fcr\u00fcnlerinde 8 milyar dolarl\u0131k d\u0131\u015f sat\u0131\u015f hacmine ula\u015ft\u0131. T\u00fcrkiye son y\u0131llarda yapt\u0131\u011f\u0131 teknolojik at\u0131l\u0131mlar [&hellip;]\" \/>\n<meta property=\"og:url\" content=\"https:\/\/epochtimestr.com\/index.php\/yildirim-hanin-maketi-bile-yetti\" \/>\n<meta property=\"og:site_name\" content=\"The Epoch Times TR\" \/>\n<meta property=\"article:publisher\" content=\"https:\/\/www.facebook.com\/theepochtimestr\" \/>\n<meta property=\"article:published_time\" content=\"2026-05-12T07:06:24+00:00\" \/>\n<meta property=\"article:modified_time\" content=\"2026-05-12T12:51:18+00:00\" \/>\n<meta property=\"og:image\" content=\"https:\/\/epochtimestr.com\/wp-content\/uploads\/2011y\/BEKIR-ZORBA-SM-2.png\" \/>\n\t<meta property=\"og:image:width\" content=\"1200\" \/>\n\t<meta property=\"og:image:height\" content=\"630\" \/>\n\t<meta property=\"og:image:type\" content=\"image\/png\" \/>\n<meta name=\"author\" content=\"Bekir Zorba\" \/>\n<meta name=\"twitter:card\" content=\"summary_large_image\" \/>\n<meta name=\"twitter:creator\" content=\"@TheEpochTimesTR\" \/>\n<meta name=\"twitter:site\" content=\"@TheEpochTimesTR\" \/>\n<meta name=\"twitter:label1\" content=\"Yazan:\" \/>\n\t<meta name=\"twitter:data1\" content=\"Bekir Zorba\" \/>\n\t<meta name=\"twitter:label2\" content=\"Tahmini okuma s\u00fcresi\" \/>\n\t<meta name=\"twitter:data2\" content=\"4 dakika\" \/>\n<script type=\"application\/ld+json\" class=\"yoast-schema-graph\">{\"@context\":\"https:\/\/schema.org\",\"@graph\":[{\"@type\":\"Article\",\"@id\":\"https:\/\/epochtimestr.com\/index.php\/yildirim-hanin-maketi-bile-yetti#article\",\"isPartOf\":{\"@id\":\"https:\/\/epochtimestr.com\/index.php\/yildirim-hanin-maketi-bile-yetti\"},\"author\":{\"name\":\"Bekir Zorba\",\"@id\":\"https:\/\/epochtimestr.com\/#\/schema\/person\/da1ad104599611965442ed3e7e9acb2b\"},\"headline\":\"Y\u0131ld\u0131r\u0131mhan&#8217;\u0131n Maketi Bile Yetti\",\"datePublished\":\"2026-05-12T07:06:24+00:00\",\"dateModified\":\"2026-05-12T12:51:18+00:00\",\"mainEntityOfPage\":{\"@id\":\"https:\/\/epochtimestr.com\/index.php\/yildirim-hanin-maketi-bile-yetti\"},\"wordCount\":814,\"commentCount\":0,\"publisher\":{\"@id\":\"https:\/\/epochtimestr.com\/#organization\"},\"image\":{\"@id\":\"https:\/\/epochtimestr.com\/index.php\/yildirim-hanin-maketi-bile-yetti#primaryimage\"},\"thumbnailUrl\":\"https:\/\/epochtimestr.com\/wp-content\/uploads\/2011y\/Bekir-Zorba.png\",\"articleSection\":[\"K\u00f6\u015fe Yaz\u0131lar\u0131 Bekir Zorba\"],\"inLanguage\":\"tr\",\"potentialAction\":[{\"@type\":\"CommentAction\",\"name\":\"Comment\",\"target\":[\"https:\/\/epochtimestr.com\/index.php\/yildirim-hanin-maketi-bile-yetti#respond\"]}]},{\"@type\":\"WebPage\",\"@id\":\"https:\/\/epochtimestr.com\/index.php\/yildirim-hanin-maketi-bile-yetti\",\"url\":\"https:\/\/epochtimestr.com\/index.php\/yildirim-hanin-maketi-bile-yetti\",\"name\":\"Y\u0131ld\u0131r\u0131mhan'\u0131n Maketi Bile Yetti - The Epoch Times TR\",\"isPartOf\":{\"@id\":\"https:\/\/epochtimestr.com\/#website\"},\"primaryImageOfPage\":{\"@id\":\"https:\/\/epochtimestr.com\/index.php\/yildirim-hanin-maketi-bile-yetti#primaryimage\"},\"image\":{\"@id\":\"https:\/\/epochtimestr.com\/index.php\/yildirim-hanin-maketi-bile-yetti#primaryimage\"},\"thumbnailUrl\":\"https:\/\/epochtimestr.com\/wp-content\/uploads\/2011y\/Bekir-Zorba.png\",\"datePublished\":\"2026-05-12T07:06:24+00:00\",\"dateModified\":\"2026-05-12T12:51:18+00:00\",\"inLanguage\":\"tr\",\"potentialAction\":[{\"@type\":\"ReadAction\",\"target\":[\"https:\/\/epochtimestr.com\/index.php\/yildirim-hanin-maketi-bile-yetti\"]}]},{\"@type\":\"ImageObject\",\"inLanguage\":\"tr\",\"@id\":\"https:\/\/epochtimestr.com\/index.php\/yildirim-hanin-maketi-bile-yetti#primaryimage\",\"url\":\"https:\/\/epochtimestr.com\/wp-content\/uploads\/2011y\/Bekir-Zorba.png\",\"contentUrl\":\"https:\/\/epochtimestr.com\/wp-content\/uploads\/2011y\/Bekir-Zorba.png\",\"width\":600,\"height\":600},{\"@type\":\"WebSite\",\"@id\":\"https:\/\/epochtimestr.com\/#website\",\"url\":\"https:\/\/epochtimestr.com\/\",\"name\":\"The Epoch Times TR\",\"description\":\"De\u011fi\u015fen D\u00fcnyam\u0131za Taze Bir Bak\u0131\u015f\",\"publisher\":{\"@id\":\"https:\/\/epochtimestr.com\/#organization\"},\"potentialAction\":[{\"@type\":\"SearchAction\",\"target\":{\"@type\":\"EntryPoint\",\"urlTemplate\":\"https:\/\/epochtimestr.com\/?s={search_term_string}\"},\"query-input\":\"required name=search_term_string\"}],\"inLanguage\":\"tr\"},{\"@type\":\"Organization\",\"@id\":\"https:\/\/epochtimestr.com\/#organization\",\"name\":\"The EpochTimes T\u00fcrkiye\",\"url\":\"https:\/\/epochtimestr.com\/\",\"logo\":{\"@type\":\"ImageObject\",\"inLanguage\":\"tr\",\"@id\":\"https:\/\/epochtimestr.com\/#\/schema\/logo\/image\/\",\"url\":\"https:\/\/epochtimestr.com\/wp-content\/uploads\/2011y\/ET-Logo-YG.jpg\",\"contentUrl\":\"https:\/\/epochtimestr.com\/wp-content\/uploads\/2011y\/ET-Logo-YG.jpg\",\"width\":346,\"height\":29,\"caption\":\"The EpochTimes T\u00fcrkiye\"},\"image\":{\"@id\":\"https:\/\/epochtimestr.com\/#\/schema\/logo\/image\/\"},\"sameAs\":[\"https:\/\/www.facebook.com\/theepochtimestr\",\"https:\/\/x.com\/TheEpochTimesTR\",\"https:\/\/www.instagram.com\/epochtimestr\"]},{\"@type\":\"Person\",\"@id\":\"https:\/\/epochtimestr.com\/#\/schema\/person\/da1ad104599611965442ed3e7e9acb2b\",\"name\":\"Bekir Zorba\",\"image\":{\"@type\":\"ImageObject\",\"inLanguage\":\"tr\",\"@id\":\"https:\/\/epochtimestr.com\/#\/schema\/person\/image\/\",\"url\":\"https:\/\/secure.gravatar.com\/avatar\/eafd40d9b77b1fbf7c565a3d4916b79c?s=96&d=mm&r=g\",\"contentUrl\":\"https:\/\/secure.gravatar.com\/avatar\/eafd40d9b77b1fbf7c565a3d4916b79c?s=96&d=mm&r=g\",\"caption\":\"Bekir Zorba\"},\"url\":\"https:\/\/epochtimestr.com\/index.php\/author\/bekir\"}]}<\/script>\n<!-- \/ Yoast SEO plugin. -->","yoast_head_json":{"title":"Y\u0131ld\u0131r\u0131mhan'\u0131n Maketi Bile Yetti - The Epoch Times TR","robots":{"index":"index","follow":"follow","max-snippet":"max-snippet:-1","max-image-preview":"max-image-preview:large","max-video-preview":"max-video-preview:-1"},"canonical":"https:\/\/epochtimestr.com\/index.php\/yildirim-hanin-maketi-bile-yetti","og_locale":"tr_TR","og_type":"article","og_title":"Y\u0131ld\u0131r\u0131mhan'\u0131n Maketi Bile Yetti - The Epoch Times TR","og_description":"\u201cS\u00f6ylem \u00e7o\u011fald\u0131k\u00e7a, anlam seyrekle\u015fir\u201d Saha Expo 2026 fuar\u0131 5-9 May\u0131s tarihleri aras\u0131nda \u0130stanbul\u2019da yap\u0131ld\u0131. T\u00fcrk savunma sanayi \u00fcr\u00fcnleri, \u00fclke pazar\u0131na ve d\u00fcnya pazar\u0131na \u00e7\u0131kt\u0131. Fuara 120\u2019den fazla \u00fclkeden binlerce ziyaret\u00e7i, resmi kurumlar ve al\u0131m heyetleri kat\u0131ld\u0131. Fuar uzay, havac\u0131l\u0131k ve savunma \u00fcr\u00fcnlerinde 8 milyar dolarl\u0131k d\u0131\u015f sat\u0131\u015f hacmine ula\u015ft\u0131. T\u00fcrkiye son y\u0131llarda yapt\u0131\u011f\u0131 teknolojik at\u0131l\u0131mlar [&hellip;]","og_url":"https:\/\/epochtimestr.com\/index.php\/yildirim-hanin-maketi-bile-yetti","og_site_name":"The Epoch Times TR","article_publisher":"https:\/\/www.facebook.com\/theepochtimestr","article_published_time":"2026-05-12T07:06:24+00:00","article_modified_time":"2026-05-12T12:51:18+00:00","og_image":[{"width":1200,"height":630,"url":"https:\/\/epochtimestr.com\/wp-content\/uploads\/2011y\/BEKIR-ZORBA-SM-2.png","type":"image\/png"}],"author":"Bekir Zorba","twitter_card":"summary_large_image","twitter_creator":"@TheEpochTimesTR","twitter_site":"@TheEpochTimesTR","twitter_misc":{"Yazan:":"Bekir Zorba","Tahmini okuma s\u00fcresi":"4 dakika"},"schema":{"@context":"https:\/\/schema.org","@graph":[{"@type":"Article","@id":"https:\/\/epochtimestr.com\/index.php\/yildirim-hanin-maketi-bile-yetti#article","isPartOf":{"@id":"https:\/\/epochtimestr.com\/index.php\/yildirim-hanin-maketi-bile-yetti"},"author":{"name":"Bekir Zorba","@id":"https:\/\/epochtimestr.com\/#\/schema\/person\/da1ad104599611965442ed3e7e9acb2b"},"headline":"Y\u0131ld\u0131r\u0131mhan&#8217;\u0131n Maketi Bile Yetti","datePublished":"2026-05-12T07:06:24+00:00","dateModified":"2026-05-12T12:51:18+00:00","mainEntityOfPage":{"@id":"https:\/\/epochtimestr.com\/index.php\/yildirim-hanin-maketi-bile-yetti"},"wordCount":814,"commentCount":0,"publisher":{"@id":"https:\/\/epochtimestr.com\/#organization"},"image":{"@id":"https:\/\/epochtimestr.com\/index.php\/yildirim-hanin-maketi-bile-yetti#primaryimage"},"thumbnailUrl":"https:\/\/epochtimestr.com\/wp-content\/uploads\/2011y\/Bekir-Zorba.png","articleSection":["K\u00f6\u015fe Yaz\u0131lar\u0131 Bekir Zorba"],"inLanguage":"tr","potentialAction":[{"@type":"CommentAction","name":"Comment","target":["https:\/\/epochtimestr.com\/index.php\/yildirim-hanin-maketi-bile-yetti#respond"]}]},{"@type":"WebPage","@id":"https:\/\/epochtimestr.com\/index.php\/yildirim-hanin-maketi-bile-yetti","url":"https:\/\/epochtimestr.com\/index.php\/yildirim-hanin-maketi-bile-yetti","name":"Y\u0131ld\u0131r\u0131mhan'\u0131n Maketi Bile Yetti - The Epoch Times TR","isPartOf":{"@id":"https:\/\/epochtimestr.com\/#website"},"primaryImageOfPage":{"@id":"https:\/\/epochtimestr.com\/index.php\/yildirim-hanin-maketi-bile-yetti#primaryimage"},"image":{"@id":"https:\/\/epochtimestr.com\/index.php\/yildirim-hanin-maketi-bile-yetti#primaryimage"},"thumbnailUrl":"https:\/\/epochtimestr.com\/wp-content\/uploads\/2011y\/Bekir-Zorba.png","datePublished":"2026-05-12T07:06:24+00:00","dateModified":"2026-05-12T12:51:18+00:00","inLanguage":"tr","potentialAction":[{"@type":"ReadAction","target":["https:\/\/epochtimestr.com\/index.php\/yildirim-hanin-maketi-bile-yetti"]}]},{"@type":"ImageObject","inLanguage":"tr","@id":"https:\/\/epochtimestr.com\/index.php\/yildirim-hanin-maketi-bile-yetti#primaryimage","url":"https:\/\/epochtimestr.com\/wp-content\/uploads\/2011y\/Bekir-Zorba.png","contentUrl":"https:\/\/epochtimestr.com\/wp-content\/uploads\/2011y\/Bekir-Zorba.png","width":600,"height":600},{"@type":"WebSite","@id":"https:\/\/epochtimestr.com\/#website","url":"https:\/\/epochtimestr.com\/","name":"The Epoch Times TR","description":"De\u011fi\u015fen D\u00fcnyam\u0131za Taze Bir Bak\u0131\u015f","publisher":{"@id":"https:\/\/epochtimestr.com\/#organization"},"potentialAction":[{"@type":"SearchAction","target":{"@type":"EntryPoint","urlTemplate":"https:\/\/epochtimestr.com\/?s={search_term_string}"},"query-input":"required name=search_term_string"}],"inLanguage":"tr"},{"@type":"Organization","@id":"https:\/\/epochtimestr.com\/#organization","name":"The EpochTimes T\u00fcrkiye","url":"https:\/\/epochtimestr.com\/","logo":{"@type":"ImageObject","inLanguage":"tr","@id":"https:\/\/epochtimestr.com\/#\/schema\/logo\/image\/","url":"https:\/\/epochtimestr.com\/wp-content\/uploads\/2011y\/ET-Logo-YG.jpg","contentUrl":"https:\/\/epochtimestr.com\/wp-content\/uploads\/2011y\/ET-Logo-YG.jpg","width":346,"height":29,"caption":"The EpochTimes T\u00fcrkiye"},"image":{"@id":"https:\/\/epochtimestr.com\/#\/schema\/logo\/image\/"},"sameAs":["https:\/\/www.facebook.com\/theepochtimestr","https:\/\/x.com\/TheEpochTimesTR","https:\/\/www.instagram.com\/epochtimestr"]},{"@type":"Person","@id":"https:\/\/epochtimestr.com\/#\/schema\/person\/da1ad104599611965442ed3e7e9acb2b","name":"Bekir Zorba","image":{"@type":"ImageObject","inLanguage":"tr","@id":"https:\/\/epochtimestr.com\/#\/schema\/person\/image\/","url":"https:\/\/secure.gravatar.com\/avatar\/eafd40d9b77b1fbf7c565a3d4916b79c?s=96&d=mm&r=g","contentUrl":"https:\/\/secure.gravatar.com\/avatar\/eafd40d9b77b1fbf7c565a3d4916b79c?s=96&d=mm&r=g","caption":"Bekir Zorba"},"url":"https:\/\/epochtimestr.com\/index.php\/author\/bekir"}]}},"_links":{"self":[{"href":"https:\/\/epochtimestr.com\/index.php\/wp-json\/wp\/v2\/posts\/167224"}],"collection":[{"href":"https:\/\/epochtimestr.com\/index.php\/wp-json\/wp\/v2\/posts"}],"about":[{"href":"https:\/\/epochtimestr.com\/index.php\/wp-json\/wp\/v2\/types\/post"}],"author":[{"embeddable":true,"href":"https:\/\/epochtimestr.com\/index.php\/wp-json\/wp\/v2\/users\/14001"}],"replies":[{"embeddable":true,"href":"https:\/\/epochtimestr.com\/index.php\/wp-json\/wp\/v2\/comments?post=167224"}],"version-history":[{"count":2,"href":"https:\/\/epochtimestr.com\/index.php\/wp-json\/wp\/v2\/posts\/167224\/revisions"}],"predecessor-version":[{"id":167232,"href":"https:\/\/epochtimestr.com\/index.php\/wp-json\/wp\/v2\/posts\/167224\/revisions\/167232"}],"wp:featuredmedia":[{"embeddable":true,"href":"https:\/\/epochtimestr.com\/index.php\/wp-json\/wp\/v2\/media\/161038"}],"wp:attachment":[{"href":"https:\/\/epochtimestr.com\/index.php\/wp-json\/wp\/v2\/media?parent=167224"}],"wp:term":[{"taxonomy":"category","embeddable":true,"href":"https:\/\/epochtimestr.com\/index.php\/wp-json\/wp\/v2\/categories?post=167224"},{"taxonomy":"post_tag","embeddable":true,"href":"https:\/\/epochtimestr.com\/index.php\/wp-json\/wp\/v2\/tags?post=167224"}],"curies":[{"name":"wp","href":"https:\/\/api.w.org\/{rel}","templated":true}]}}