{"id":167229,"date":"2026-05-12T19:10:23","date_gmt":"2026-05-12T16:10:23","guid":{"rendered":"https:\/\/epochtimestr.com\/?p=167229"},"modified":"2026-05-12T19:10:25","modified_gmt":"2026-05-12T16:10:25","slug":"abdnin-almanyadan-asker-cekmesi-stratejik-bir-adim","status":"publish","type":"post","link":"https:\/\/epochtimestr.com\/index.php\/abdnin-almanyadan-asker-cekmesi-stratejik-bir-adim","title":{"rendered":"ABD&#8217;nin Almanya\u2019dan Asker \u00c7ekmesi Stratejik Bir Ad\u0131m"},"content":{"rendered":"<div class=\"wp-block-image\">\n<figure class=\"aligncenter size-full\"><img loading=\"lazy\" decoding=\"async\" width=\"1200\" height=\"800\" src=\"https:\/\/epochtimestr.com\/wp-content\/uploads\/2011y\/1000038502.webp\" alt=\"\" class=\"wp-image-167230\" srcset=\"https:\/\/epochtimestr.com\/wp-content\/uploads\/2011y\/1000038502.webp 1200w, https:\/\/epochtimestr.com\/wp-content\/uploads\/2011y\/1000038502-300x200.webp 300w, https:\/\/epochtimestr.com\/wp-content\/uploads\/2011y\/1000038502-150x100.webp 150w, https:\/\/epochtimestr.com\/wp-content\/uploads\/2011y\/1000038502-768x512.webp 768w\" sizes=\"(max-width: 1200px) 100vw, 1200px\" \/><figcaption class=\"wp-element-caption\">Uzmanlara g\u00f6re ABD&#8217;nin Almanya\u2019dan asker \u00e7ekme plan\u0131, Avrupa yerine Asya\u2019ya y\u00f6nelme stratejisinin bir ad\u0131m\u0131. ABD Ba\u015fkan\u0131 Donald Trump ve Almanya \u015eans\u00f6lyesi Friedrich Merz, 03 Mart 2026 tarihinde Oval Ofis\u2019te bir araya geldi. (Foto\u011fraf: Jonathan Ernst, Reuters, The Epoch Times arac\u0131l\u0131\u011f\u0131yla)<\/figcaption><\/figure><\/div>\n\n\n<p>Uzmanlar ABD&#8217;nin Almanya&#8217;dan asker \u00e7ekme karar\u0131n\u0131n, y\u0131llard\u0131r s\u00fcren Asya&#8217;ya y\u00f6nelme stratejisini yans\u0131tt\u0131\u011f\u0131n\u0131 s\u00f6yl\u00fcyor. ABD Savunma Bakanl\u0131\u011f\u0131 01 May\u0131s 2026&#8217;da, Almanya\u2019daki 5 bin askerini \u00e7ekece\u011fini duyurmu\u015ftu. Yetkililer, bu karar\u0131n Avrupa\u2019daki mevcut stratejik \u00f6nceliklere uygun olarak al\u0131nd\u0131\u011f\u0131n\u0131 belirtti.<\/p>\n\n\n\n<p><a href=\"https:\/\/www.theepochtimes.com\/world\/us-drawdown-in-germany-reflects-a-pivot-to-asia-years-in-the-making-experts-say-6022868\">Pentagon s\u00f6zc\u00fcs\u00fc<\/a> Sean Parnell, \u00e7ekilmenin alt\u0131 ila on iki ay i\u00e7inde tamamlanaca\u011f\u0131n\u0131 a\u00e7\u0131klad\u0131. Karar, 2024 NATO zirvesinde Biden y\u00f6netimi d\u00f6neminde planlanan uzun menzilli f\u00fcze yerle\u015fimi plan\u0131n\u0131 geri \u00e7ekiyor. \u00d6te yandan Avrupa\u2019daki Amerikan asker say\u0131s\u0131 h\u00e2l\u00e2 yakla\u015f\u0131k 85 bin.<\/p>\n\n\n\n<p>Uzmanlar, \u00e7ekilmenin Asya-Pasifik b\u00f6lgesine odaklanma ve Bat\u0131 Yar\u0131mk\u00fcre\u2019ye kaynak aktarma stratejisi ile uyumlu oldu\u011funu ifade ediyor. Bu karardan \u00f6nce, ge\u00e7en y\u0131l Romanya\u2019dan bir Amerikan tugay\u0131 \u00e7ekilmi\u015fti. Ayr\u0131ca <a href=\"https:\/\/epochtimestr.com\/index.php\/abd-almanyadaki-5000-askerini-cekme-karari-aldi\" target=\"_blank\" rel=\"noreferrer noopener\">Trump y\u00f6netimi<\/a>, \u0130spanya ve \u0130talya\u2019daki asker say\u0131s\u0131nda da benzer azaltmalar olaca\u011f\u0131n\u0131 belirtti.<\/p>\n\n\n\n<p>Alman tarih\u00e7i Ulrich Pfeil, 5 bin askerin \u00f6zellikle piyade oldu\u011funu ve modern sava\u015flarda daha az kritik hale geldi\u011fini s\u00f6yledi. Pfeil, \u201c\u00c7ekilen asker say\u0131s\u0131 Berlin i\u00e7in felaket de\u011fil, ancak lojistik etkileri olacak\u201d dedi. Ramstein Hava \u00dcss\u00fc, Orta Do\u011fu operasyonlar\u0131 i\u00e7in merkez g\u00f6revini s\u00fcrd\u00fcrecek. Stuttgart\u2019taki Amerikan garnizonu ise Afrika\u2019daki g\u00f6revleri y\u00f6netmeye devam edecek.<\/p>\n\n\n\n<p>Paris\u2019teki Sorbonne Nouvelle\u2019den Henri M\u00e9nudier, karar\u0131n sadece Trump &#8211; Merz gerilimiyle s\u0131n\u0131rl\u0131 olmad\u0131\u011f\u0131n\u0131 belirtti. \u201cAmerikan d\u0131\u015f politikas\u0131 Asya\u2019ya kay\u0131yor, Avrupa geri planda kal\u0131yor\u201d dedi. Ayr\u0131ca Trump\u2019\u0131n Avrupa ba\u015fkentlerine mesaj\u0131 \u00f6zetle \u015fu anlama geliyor: \u201cKendinizi savunun. Biz sizi tamamen terk etmeyece\u011fiz, ancak y\u00fck\u00fcn\u00fcz artacak\u201d.<\/p>\n\n\n\n<p>Almanya\u2019da tepkiler temkinli oldu. D\u0131\u015fi\u015fleri Bakan\u0131 Johann Wadephul, konunun NATO \u00e7er\u00e7evesinde g\u00fcven ortam\u0131nda tart\u0131\u015f\u0131ld\u0131\u011f\u0131n\u0131, Ramstein ve Stuttgart \u00fcslerinin etkilenmeyece\u011fi s\u00f6yledi. ABD Kongresi\u2019nden baz\u0131 \u00fcyeler ise karar\u0131n NATO\u2019yu zay\u0131flataca\u011f\u0131n\u0131 ve Rusya\u2019y\u0131 memnun edece\u011fini savundu.<\/p>\n","protected":false},"excerpt":{"rendered":"<p>Uzmanlar ABD&#8217;nin Almanya&#8217;dan asker \u00e7ekme karar\u0131n\u0131n, y\u0131llard\u0131r s\u00fcren Asya&#8217;ya y\u00f6nelme stratejisini yans\u0131tt\u0131\u011f\u0131n\u0131 s\u00f6yl\u00fcyor. ABD Savunma Bakanl\u0131\u011f\u0131 01 May\u0131s 2026&#8217;da, Almanya\u2019daki 5 bin askerini \u00e7ekece\u011fini duyurmu\u015ftu. Yetkililer, bu karar\u0131n Avrupa\u2019daki mevcut stratejik \u00f6nceliklere uygun olarak al\u0131nd\u0131\u011f\u0131n\u0131 belirtti. Pentagon s\u00f6zc\u00fcs\u00fc Sean Parnell, \u00e7ekilmenin alt\u0131 ila on iki ay i\u00e7inde tamamlanaca\u011f\u0131n\u0131 a\u00e7\u0131klad\u0131. Karar, 2024 NATO zirvesinde Biden y\u00f6netimi [&hellip;]<\/p>\n","protected":false},"author":13996,"featured_media":167230,"comment_status":"open","ping_status":"open","sticky":false,"template":"","format":"standard","meta":{"_yoast_wpseo_focuskw":"ABD'nin - asker \u00e7ekme","_yoast_wpseo_title":"","_yoast_wpseo_metadesc":"Uzmanlara g\u00f6re ABD'nin Almanya\u2019dan asker \u00e7ekme plan\u0131, Avrupa yerine Asya\u2019ya y\u00f6nelme stratejisinin bir ad\u0131m\u0131.","_bbp_topic_count":0,"_bbp_reply_count":0,"_bbp_total_topic_count":0,"_bbp_total_reply_count":0,"_bbp_voice_count":0,"_bbp_anonymous_reply_count":0,"_bbp_topic_count_hidden":0,"_bbp_reply_count_hidden":0,"_bbp_forum_subforum_count":0,"footnotes":"","_yoast_wpseo_focuskw_text_input":""},"categories":[5,8138],"tags":[11383,708,412,11282,285,722,1405,4244,11385,11330,11384,8693],"yoast_head":"<!-- This site is optimized with the Yoast SEO plugin v23.0 - https:\/\/yoast.com\/wordpress\/plugins\/seo\/ -->\n<title>ABD&#039;nin Almanya\u2019dan Asker \u00c7ekmesi Stratejik Bir Ad\u0131m - The Epoch Times TR<\/title>\n<meta name=\"description\" content=\"Uzmanlara g\u00f6re ABD&#039;nin Almanya\u2019dan asker \u00e7ekme plan\u0131, Avrupa yerine Asya\u2019ya y\u00f6nelme stratejisinin bir ad\u0131m\u0131.\" \/>\n<meta name=\"robots\" content=\"index, follow, max-snippet:-1, max-image-preview:large, max-video-preview:-1\" \/>\n<link rel=\"canonical\" href=\"https:\/\/epochtimestr.com\/index.php\/abdnin-almanyadan-asker-cekmesi-stratejik-bir-adim\" \/>\n<meta property=\"og:locale\" content=\"tr_TR\" \/>\n<meta property=\"og:type\" content=\"article\" \/>\n<meta property=\"og:title\" content=\"ABD&#039;nin Almanya\u2019dan Asker \u00c7ekmesi Stratejik Bir Ad\u0131m - The Epoch Times TR\" \/>\n<meta property=\"og:description\" content=\"Uzmanlara g\u00f6re ABD&#039;nin Almanya\u2019dan asker \u00e7ekme plan\u0131, Avrupa yerine Asya\u2019ya y\u00f6nelme stratejisinin bir ad\u0131m\u0131.\" \/>\n<meta property=\"og:url\" content=\"https:\/\/epochtimestr.com\/index.php\/abdnin-almanyadan-asker-cekmesi-stratejik-bir-adim\" \/>\n<meta property=\"og:site_name\" content=\"The Epoch Times TR\" \/>\n<meta property=\"article:publisher\" content=\"https:\/\/www.facebook.com\/theepochtimestr\" \/>\n<meta property=\"article:published_time\" content=\"2026-05-12T16:10:23+00:00\" \/>\n<meta property=\"article:modified_time\" content=\"2026-05-12T16:10:25+00:00\" \/>\n<meta property=\"og:image\" content=\"https:\/\/epochtimestr.com\/wp-content\/uploads\/2011y\/1000038502.webp\" \/>\n\t<meta property=\"og:image:width\" content=\"1200\" \/>\n\t<meta property=\"og:image:height\" content=\"800\" \/>\n\t<meta property=\"og:image:type\" content=\"image\/webp\" \/>\n<meta name=\"author\" content=\"Leo Bajelan\" \/>\n<meta name=\"twitter:card\" content=\"summary_large_image\" \/>\n<meta name=\"twitter:creator\" content=\"@TheEpochTimesTR\" \/>\n<meta name=\"twitter:site\" content=\"@TheEpochTimesTR\" \/>\n<meta name=\"twitter:label1\" content=\"Yazan:\" \/>\n\t<meta name=\"twitter:data1\" content=\"Leo Bajelan\" \/>\n\t<meta name=\"twitter:label2\" content=\"Tahmini okuma s\u00fcresi\" \/>\n\t<meta name=\"twitter:data2\" content=\"3 dakika\" \/>\n<script type=\"application\/ld+json\" class=\"yoast-schema-graph\">{\"@context\":\"https:\/\/schema.org\",\"@graph\":[{\"@type\":\"Article\",\"@id\":\"https:\/\/epochtimestr.com\/index.php\/abdnin-almanyadan-asker-cekmesi-stratejik-bir-adim#article\",\"isPartOf\":{\"@id\":\"https:\/\/epochtimestr.com\/index.php\/abdnin-almanyadan-asker-cekmesi-stratejik-bir-adim\"},\"author\":{\"name\":\"Leo Bajelan\",\"@id\":\"https:\/\/epochtimestr.com\/#\/schema\/person\/5fef218711d76d8f232b0e1f1d7e4c0d\"},\"headline\":\"ABD&#8217;nin Almanya\u2019dan Asker \u00c7ekmesi Stratejik Bir Ad\u0131m\",\"datePublished\":\"2026-05-12T16:10:23+00:00\",\"dateModified\":\"2026-05-12T16:10:25+00:00\",\"mainEntityOfPage\":{\"@id\":\"https:\/\/epochtimestr.com\/index.php\/abdnin-almanyadan-asker-cekmesi-stratejik-bir-adim\"},\"wordCount\":391,\"commentCount\":0,\"publisher\":{\"@id\":\"https:\/\/epochtimestr.com\/#organization\"},\"image\":{\"@id\":\"https:\/\/epochtimestr.com\/index.php\/abdnin-almanyadan-asker-cekmesi-stratejik-bir-adim#primaryimage\"},\"thumbnailUrl\":\"https:\/\/epochtimestr.com\/wp-content\/uploads\/2011y\/1000038502.webp\",\"keywords\":[\"ABD Kongresi\u2019\",\"almanya\",\"asya\",\"Asya-Pasifik b\u00f6lgesi\",\"Avrupa\",\"NATO\",\"Orta Do\u011fu\",\"pentagon\",\"Romanya\",\"Sean Parnell\",\"Trump - Merz\",\"Trump Y\u00f6netimi\"],\"articleSection\":[\"D\u00dcNYA\",\"MAN\u015eET\"],\"inLanguage\":\"tr\",\"potentialAction\":[{\"@type\":\"CommentAction\",\"name\":\"Comment\",\"target\":[\"https:\/\/epochtimestr.com\/index.php\/abdnin-almanyadan-asker-cekmesi-stratejik-bir-adim#respond\"]}]},{\"@type\":\"WebPage\",\"@id\":\"https:\/\/epochtimestr.com\/index.php\/abdnin-almanyadan-asker-cekmesi-stratejik-bir-adim\",\"url\":\"https:\/\/epochtimestr.com\/index.php\/abdnin-almanyadan-asker-cekmesi-stratejik-bir-adim\",\"name\":\"ABD'nin Almanya\u2019dan Asker \u00c7ekmesi Stratejik Bir Ad\u0131m - The Epoch Times TR\",\"isPartOf\":{\"@id\":\"https:\/\/epochtimestr.com\/#website\"},\"primaryImageOfPage\":{\"@id\":\"https:\/\/epochtimestr.com\/index.php\/abdnin-almanyadan-asker-cekmesi-stratejik-bir-adim#primaryimage\"},\"image\":{\"@id\":\"https:\/\/epochtimestr.com\/index.php\/abdnin-almanyadan-asker-cekmesi-stratejik-bir-adim#primaryimage\"},\"thumbnailUrl\":\"https:\/\/epochtimestr.com\/wp-content\/uploads\/2011y\/1000038502.webp\",\"datePublished\":\"2026-05-12T16:10:23+00:00\",\"dateModified\":\"2026-05-12T16:10:25+00:00\",\"description\":\"Uzmanlara g\u00f6re ABD'nin Almanya\u2019dan asker \u00e7ekme plan\u0131, Avrupa yerine Asya\u2019ya y\u00f6nelme stratejisinin bir ad\u0131m\u0131.\",\"inLanguage\":\"tr\",\"potentialAction\":[{\"@type\":\"ReadAction\",\"target\":[\"https:\/\/epochtimestr.com\/index.php\/abdnin-almanyadan-asker-cekmesi-stratejik-bir-adim\"]}]},{\"@type\":\"ImageObject\",\"inLanguage\":\"tr\",\"@id\":\"https:\/\/epochtimestr.com\/index.php\/abdnin-almanyadan-asker-cekmesi-stratejik-bir-adim#primaryimage\",\"url\":\"https:\/\/epochtimestr.com\/wp-content\/uploads\/2011y\/1000038502.webp\",\"contentUrl\":\"https:\/\/epochtimestr.com\/wp-content\/uploads\/2011y\/1000038502.webp\",\"width\":1200,\"height\":800},{\"@type\":\"WebSite\",\"@id\":\"https:\/\/epochtimestr.com\/#website\",\"url\":\"https:\/\/epochtimestr.com\/\",\"name\":\"The Epoch Times TR\",\"description\":\"De\u011fi\u015fen D\u00fcnyam\u0131za Taze Bir Bak\u0131\u015f\",\"publisher\":{\"@id\":\"https:\/\/epochtimestr.com\/#organization\"},\"potentialAction\":[{\"@type\":\"SearchAction\",\"target\":{\"@type\":\"EntryPoint\",\"urlTemplate\":\"https:\/\/epochtimestr.com\/?s={search_term_string}\"},\"query-input\":\"required name=search_term_string\"}],\"inLanguage\":\"tr\"},{\"@type\":\"Organization\",\"@id\":\"https:\/\/epochtimestr.com\/#organization\",\"name\":\"The EpochTimes T\u00fcrkiye\",\"url\":\"https:\/\/epochtimestr.com\/\",\"logo\":{\"@type\":\"ImageObject\",\"inLanguage\":\"tr\",\"@id\":\"https:\/\/epochtimestr.com\/#\/schema\/logo\/image\/\",\"url\":\"https:\/\/epochtimestr.com\/wp-content\/uploads\/2011y\/ET-Logo-YG.jpg\",\"contentUrl\":\"https:\/\/epochtimestr.com\/wp-content\/uploads\/2011y\/ET-Logo-YG.jpg\",\"width\":346,\"height\":29,\"caption\":\"The EpochTimes T\u00fcrkiye\"},\"image\":{\"@id\":\"https:\/\/epochtimestr.com\/#\/schema\/logo\/image\/\"},\"sameAs\":[\"https:\/\/www.facebook.com\/theepochtimestr\",\"https:\/\/x.com\/TheEpochTimesTR\",\"https:\/\/www.instagram.com\/epochtimestr\"]},{\"@type\":\"Person\",\"@id\":\"https:\/\/epochtimestr.com\/#\/schema\/person\/5fef218711d76d8f232b0e1f1d7e4c0d\",\"name\":\"Leo Bajelan\",\"image\":{\"@type\":\"ImageObject\",\"inLanguage\":\"tr\",\"@id\":\"https:\/\/epochtimestr.com\/#\/schema\/person\/image\/\",\"url\":\"https:\/\/secure.gravatar.com\/avatar\/917669146f489549e548a2e9af272df5?s=96&d=mm&r=g\",\"contentUrl\":\"https:\/\/secure.gravatar.com\/avatar\/917669146f489549e548a2e9af272df5?s=96&d=mm&r=g\",\"caption\":\"Leo Bajelan\"},\"url\":\"https:\/\/epochtimestr.com\/index.php\/author\/leo\"}]}<\/script>\n<!-- \/ Yoast SEO plugin. -->","yoast_head_json":{"title":"ABD'nin Almanya\u2019dan Asker \u00c7ekmesi Stratejik Bir Ad\u0131m - The Epoch Times TR","description":"Uzmanlara g\u00f6re ABD'nin Almanya\u2019dan asker \u00e7ekme plan\u0131, Avrupa yerine Asya\u2019ya y\u00f6nelme stratejisinin bir ad\u0131m\u0131.","robots":{"index":"index","follow":"follow","max-snippet":"max-snippet:-1","max-image-preview":"max-image-preview:large","max-video-preview":"max-video-preview:-1"},"canonical":"https:\/\/epochtimestr.com\/index.php\/abdnin-almanyadan-asker-cekmesi-stratejik-bir-adim","og_locale":"tr_TR","og_type":"article","og_title":"ABD'nin Almanya\u2019dan Asker \u00c7ekmesi Stratejik Bir Ad\u0131m - The Epoch Times TR","og_description":"Uzmanlara g\u00f6re ABD'nin Almanya\u2019dan asker \u00e7ekme plan\u0131, Avrupa yerine Asya\u2019ya y\u00f6nelme stratejisinin bir ad\u0131m\u0131.","og_url":"https:\/\/epochtimestr.com\/index.php\/abdnin-almanyadan-asker-cekmesi-stratejik-bir-adim","og_site_name":"The Epoch Times TR","article_publisher":"https:\/\/www.facebook.com\/theepochtimestr","article_published_time":"2026-05-12T16:10:23+00:00","article_modified_time":"2026-05-12T16:10:25+00:00","og_image":[{"width":1200,"height":800,"url":"https:\/\/epochtimestr.com\/wp-content\/uploads\/2011y\/1000038502.webp","type":"image\/webp"}],"author":"Leo Bajelan","twitter_card":"summary_large_image","twitter_creator":"@TheEpochTimesTR","twitter_site":"@TheEpochTimesTR","twitter_misc":{"Yazan:":"Leo Bajelan","Tahmini okuma s\u00fcresi":"3 dakika"},"schema":{"@context":"https:\/\/schema.org","@graph":[{"@type":"Article","@id":"https:\/\/epochtimestr.com\/index.php\/abdnin-almanyadan-asker-cekmesi-stratejik-bir-adim#article","isPartOf":{"@id":"https:\/\/epochtimestr.com\/index.php\/abdnin-almanyadan-asker-cekmesi-stratejik-bir-adim"},"author":{"name":"Leo Bajelan","@id":"https:\/\/epochtimestr.com\/#\/schema\/person\/5fef218711d76d8f232b0e1f1d7e4c0d"},"headline":"ABD&#8217;nin Almanya\u2019dan Asker \u00c7ekmesi Stratejik Bir Ad\u0131m","datePublished":"2026-05-12T16:10:23+00:00","dateModified":"2026-05-12T16:10:25+00:00","mainEntityOfPage":{"@id":"https:\/\/epochtimestr.com\/index.php\/abdnin-almanyadan-asker-cekmesi-stratejik-bir-adim"},"wordCount":391,"commentCount":0,"publisher":{"@id":"https:\/\/epochtimestr.com\/#organization"},"image":{"@id":"https:\/\/epochtimestr.com\/index.php\/abdnin-almanyadan-asker-cekmesi-stratejik-bir-adim#primaryimage"},"thumbnailUrl":"https:\/\/epochtimestr.com\/wp-content\/uploads\/2011y\/1000038502.webp","keywords":["ABD Kongresi\u2019","almanya","asya","Asya-Pasifik b\u00f6lgesi","Avrupa","NATO","Orta Do\u011fu","pentagon","Romanya","Sean Parnell","Trump - Merz","Trump Y\u00f6netimi"],"articleSection":["D\u00dcNYA","MAN\u015eET"],"inLanguage":"tr","potentialAction":[{"@type":"CommentAction","name":"Comment","target":["https:\/\/epochtimestr.com\/index.php\/abdnin-almanyadan-asker-cekmesi-stratejik-bir-adim#respond"]}]},{"@type":"WebPage","@id":"https:\/\/epochtimestr.com\/index.php\/abdnin-almanyadan-asker-cekmesi-stratejik-bir-adim","url":"https:\/\/epochtimestr.com\/index.php\/abdnin-almanyadan-asker-cekmesi-stratejik-bir-adim","name":"ABD'nin Almanya\u2019dan Asker \u00c7ekmesi Stratejik Bir Ad\u0131m - The Epoch Times TR","isPartOf":{"@id":"https:\/\/epochtimestr.com\/#website"},"primaryImageOfPage":{"@id":"https:\/\/epochtimestr.com\/index.php\/abdnin-almanyadan-asker-cekmesi-stratejik-bir-adim#primaryimage"},"image":{"@id":"https:\/\/epochtimestr.com\/index.php\/abdnin-almanyadan-asker-cekmesi-stratejik-bir-adim#primaryimage"},"thumbnailUrl":"https:\/\/epochtimestr.com\/wp-content\/uploads\/2011y\/1000038502.webp","datePublished":"2026-05-12T16:10:23+00:00","dateModified":"2026-05-12T16:10:25+00:00","description":"Uzmanlara g\u00f6re ABD'nin Almanya\u2019dan asker \u00e7ekme plan\u0131, Avrupa yerine Asya\u2019ya y\u00f6nelme stratejisinin bir ad\u0131m\u0131.","inLanguage":"tr","potentialAction":[{"@type":"ReadAction","target":["https:\/\/epochtimestr.com\/index.php\/abdnin-almanyadan-asker-cekmesi-stratejik-bir-adim"]}]},{"@type":"ImageObject","inLanguage":"tr","@id":"https:\/\/epochtimestr.com\/index.php\/abdnin-almanyadan-asker-cekmesi-stratejik-bir-adim#primaryimage","url":"https:\/\/epochtimestr.com\/wp-content\/uploads\/2011y\/1000038502.webp","contentUrl":"https:\/\/epochtimestr.com\/wp-content\/uploads\/2011y\/1000038502.webp","width":1200,"height":800},{"@type":"WebSite","@id":"https:\/\/epochtimestr.com\/#website","url":"https:\/\/epochtimestr.com\/","name":"The Epoch Times TR","description":"De\u011fi\u015fen D\u00fcnyam\u0131za Taze Bir Bak\u0131\u015f","publisher":{"@id":"https:\/\/epochtimestr.com\/#organization"},"potentialAction":[{"@type":"SearchAction","target":{"@type":"EntryPoint","urlTemplate":"https:\/\/epochtimestr.com\/?s={search_term_string}"},"query-input":"required name=search_term_string"}],"inLanguage":"tr"},{"@type":"Organization","@id":"https:\/\/epochtimestr.com\/#organization","name":"The EpochTimes T\u00fcrkiye","url":"https:\/\/epochtimestr.com\/","logo":{"@type":"ImageObject","inLanguage":"tr","@id":"https:\/\/epochtimestr.com\/#\/schema\/logo\/image\/","url":"https:\/\/epochtimestr.com\/wp-content\/uploads\/2011y\/ET-Logo-YG.jpg","contentUrl":"https:\/\/epochtimestr.com\/wp-content\/uploads\/2011y\/ET-Logo-YG.jpg","width":346,"height":29,"caption":"The EpochTimes T\u00fcrkiye"},"image":{"@id":"https:\/\/epochtimestr.com\/#\/schema\/logo\/image\/"},"sameAs":["https:\/\/www.facebook.com\/theepochtimestr","https:\/\/x.com\/TheEpochTimesTR","https:\/\/www.instagram.com\/epochtimestr"]},{"@type":"Person","@id":"https:\/\/epochtimestr.com\/#\/schema\/person\/5fef218711d76d8f232b0e1f1d7e4c0d","name":"Leo Bajelan","image":{"@type":"ImageObject","inLanguage":"tr","@id":"https:\/\/epochtimestr.com\/#\/schema\/person\/image\/","url":"https:\/\/secure.gravatar.com\/avatar\/917669146f489549e548a2e9af272df5?s=96&d=mm&r=g","contentUrl":"https:\/\/secure.gravatar.com\/avatar\/917669146f489549e548a2e9af272df5?s=96&d=mm&r=g","caption":"Leo Bajelan"},"url":"https:\/\/epochtimestr.com\/index.php\/author\/leo"}]}},"_links":{"self":[{"href":"https:\/\/epochtimestr.com\/index.php\/wp-json\/wp\/v2\/posts\/167229"}],"collection":[{"href":"https:\/\/epochtimestr.com\/index.php\/wp-json\/wp\/v2\/posts"}],"about":[{"href":"https:\/\/epochtimestr.com\/index.php\/wp-json\/wp\/v2\/types\/post"}],"author":[{"embeddable":true,"href":"https:\/\/epochtimestr.com\/index.php\/wp-json\/wp\/v2\/users\/13996"}],"replies":[{"embeddable":true,"href":"https:\/\/epochtimestr.com\/index.php\/wp-json\/wp\/v2\/comments?post=167229"}],"version-history":[{"count":2,"href":"https:\/\/epochtimestr.com\/index.php\/wp-json\/wp\/v2\/posts\/167229\/revisions"}],"predecessor-version":[{"id":167238,"href":"https:\/\/epochtimestr.com\/index.php\/wp-json\/wp\/v2\/posts\/167229\/revisions\/167238"}],"wp:featuredmedia":[{"embeddable":true,"href":"https:\/\/epochtimestr.com\/index.php\/wp-json\/wp\/v2\/media\/167230"}],"wp:attachment":[{"href":"https:\/\/epochtimestr.com\/index.php\/wp-json\/wp\/v2\/media?parent=167229"}],"wp:term":[{"taxonomy":"category","embeddable":true,"href":"https:\/\/epochtimestr.com\/index.php\/wp-json\/wp\/v2\/categories?post=167229"},{"taxonomy":"post_tag","embeddable":true,"href":"https:\/\/epochtimestr.com\/index.php\/wp-json\/wp\/v2\/tags?post=167229"}],"curies":[{"name":"wp","href":"https:\/\/api.w.org\/{rel}","templated":true}]}}