{"id":167239,"date":"2026-05-13T08:30:00","date_gmt":"2026-05-13T05:30:00","guid":{"rendered":"https:\/\/epochtimestr.com\/?p=167239"},"modified":"2026-05-13T07:42:14","modified_gmt":"2026-05-13T04:42:14","slug":"gorunmeyen-dev-kira-ekonomisinde-kayit-disi-cikmazi","status":"publish","type":"post","link":"https:\/\/epochtimestr.com\/index.php\/gorunmeyen-dev-kira-ekonomisinde-kayit-disi-cikmazi","title":{"rendered":"G\u00f6r\u00fcnmeyen Dev: Kira Ekonomisinde Kay\u0131t D\u0131\u015f\u0131 \u00c7\u0131kmaz\u0131"},"content":{"rendered":"\n<p>T\u00fcrkiye ekonomisinin s\u0131rt\u0131ndaki en b\u00fcy\u00fck kamburlardan biri, y\u0131llard\u0131r \u00e7\u00f6z\u00fclemeyen ve adeta kan\u0131ksanan, kay\u0131t d\u0131\u015f\u0131l\u0131k sorunudur. Ancak bu devasa ekosistemin i\u00e7inde \u00f6yle bir alan var ki hem denetim eksikli\u011fi hem de vergi kayb\u0131 a\u00e7\u0131s\u0131ndan tam anlam\u0131yla bir \u201ckara delik\u201d te\u015fkil ediyor: kira gelirleri.<\/p>\n\n\n\n<p>Bir d\u00fc\u015f\u00fcn\u00fcn; bir vatanda\u015f ikinci, \u00fc\u00e7\u00fcnc\u00fc hatta d\u00f6rd\u00fcnc\u00fc konutunu kiraya veriyor, oturdu\u011fu yerden d\u00fczenli bir gelir elde ediyor, ancak bu kazanc\u0131n tek bir kuru\u015funu bile devlete beyan etmiyor. Sosyal devlet ilkesinin temel ta\u015f\u0131 olan vergi adaleti, ne yaz\u0131k ki kiral\u0131k konut piyasas\u0131nda yerle bir olmu\u015f durumda.<\/p>\n\n\n\n<p><strong>\u0130svi\u00e7re Modeli mi T\u00fcrkiye Ger\u00e7e\u011fi mi?<\/strong><\/p>\n\n\n\n<p>Avrupa\u2019n\u0131n g\u00f6be\u011finde, refah seviyesiyle \u00f6rnek g\u00f6sterilen \u0130svi\u00e7re\u2019ye bakt\u0131\u011f\u0131m\u0131zda tablo taban tabana z\u0131tt\u0131r. \u0130svi\u00e7re\u2019de en zenginlerin dahi m\u00fclk sahibi olmak yerine kirada oturmay\u0131 tercih etmesinin temel sebebi, sistemin kusursuz i\u015fleyen denetim mekanizmas\u0131d\u0131r. Orada her kuru\u015fun hesab\u0131 sorulur; her gelir, kuru\u015fu kuru\u015funa vergilendirilir. Kay\u0131t d\u0131\u015f\u0131 bir i\u015flem yapmak, sistemin d\u0131\u015f\u0131na itilmeyi ve a\u011f\u0131r yapt\u0131r\u0131mlar\u0131 g\u00f6ze almak demektir.<\/p>\n\n\n\n<p>T\u00fcrkiye\u2019de ise durum maalesef bir \u201cbeyan keyfiyetine\u201d d\u00f6n\u00fc\u015fm\u00fc\u015f durumda. B\u00fcy\u00fck mebla\u011flara tekab\u00fcl eden kira gelirleri, elden al\u0131nan nakit paralar veya eksik g\u00f6sterilen kontratlar arac\u0131l\u0131\u011f\u0131yla sistemin d\u0131\u015f\u0131na ka\u00e7\u0131r\u0131l\u0131yor. Bu sadece bir vergi kayb\u0131 de\u011fil, ayn\u0131 zamanda d\u00fcr\u00fcst vatanda\u015f\u0131n s\u0131rt\u0131na binen ek vergi y\u00fck\u00fc demektir.<\/p>\n\n\n\n<p><strong>Denetim: Tercih De\u011fil, Zorunluluk<\/strong><\/p>\n\n\n\n<p>Maliye i\u00e7in devasa bir kaynak te\u015fkil eden bu alan\u0131n art\u0131k \u201cg\u00f6rmezden gelinenler\u201d listesinden \u00e7\u0131kar\u0131lmas\u0131 \u015fartt\u0131r. Teknolojinin ve dijitalle\u015fmenin bu denli ilerledi\u011fi bir \u00e7a\u011fda, banka hareketleri, ikametg\u00e2h kay\u0131tlar\u0131 ve tapu bilgileri e\u015fle\u015ftirilerek bu ka\u00e7aklar\u0131n tespit edilmesi imk\u00e2ns\u0131z de\u011fildir.<\/p>\n\n\n\n<p>As\u0131l mesele teknik imk\u00e2n de\u011fil, denetleme iradesidir.<\/p>\n\n\n\n<p>Kira gelirlerinin tam anlam\u0131yla kay\u0131t alt\u0131na al\u0131nmas\u0131<\/p>\n\n\n\n<ul>\n<li>Vergi adaletini sa\u011flar,<\/li>\n\n\n\n<li>B\u00fct\u00e7e a\u00e7\u0131klar\u0131n\u0131 kapatacak ciddi bir kaynak yarat\u0131r,<\/li>\n\n\n\n<li>Konut piyasas\u0131ndaki suni fiyat art\u0131\u015flar\u0131n\u0131 kontrol alt\u0131na al\u0131r.<\/li>\n<\/ul>\n\n\n\n<p>E\u011fer modern ve adil bir ekonomi y\u00f6netimi hedefliyorsak, \u201coturdu\u011fu yerden kazanan ama vergi \u00f6demeyen\u201d kesimin yaratt\u0131\u011f\u0131 bu denetim bo\u015flu\u011funu acilen kapatmal\u0131y\u0131z. Unutulmamal\u0131d\u0131r ki denetlenmeyen her kazan\u00e7, d\u00fcr\u00fcst m\u00fckellefin hakk\u0131ndan \u00e7al\u0131nm\u0131\u015f bir gelecektir.<\/p>\n","protected":false},"excerpt":{"rendered":"<p>T\u00fcrkiye ekonomisinin s\u0131rt\u0131ndaki en b\u00fcy\u00fck kamburlardan biri, y\u0131llard\u0131r \u00e7\u00f6z\u00fclemeyen ve adeta kan\u0131ksanan, kay\u0131t d\u0131\u015f\u0131l\u0131k sorunudur. Ancak bu devasa ekosistemin i\u00e7inde \u00f6yle bir alan var ki hem denetim eksikli\u011fi hem de vergi kayb\u0131 a\u00e7\u0131s\u0131ndan tam anlam\u0131yla bir \u201ckara delik\u201d te\u015fkil ediyor: kira gelirleri. Bir d\u00fc\u015f\u00fcn\u00fcn; bir vatanda\u015f ikinci, \u00fc\u00e7\u00fcnc\u00fc hatta d\u00f6rd\u00fcnc\u00fc konutunu kiraya veriyor, oturdu\u011fu yerden [&hellip;]<\/p>\n","protected":false},"author":14013,"featured_media":167144,"comment_status":"open","ping_status":"open","sticky":false,"template":"","format":"standard","meta":{"_yoast_wpseo_focuskw":"Kira - Kay\u0131t","_yoast_wpseo_title":"","_yoast_wpseo_metadesc":"T\u00fcrkiye ekonomisinin s\u0131rt\u0131ndaki en b\u00fcy\u00fck kamburlardan biri, y\u0131llard\u0131r \u00e7\u00f6z\u00fclemeyen ve adeta kan\u0131ksanan, kay\u0131t d\u0131\u015f\u0131l\u0131k sorunudur.","_bbp_topic_count":0,"_bbp_reply_count":0,"_bbp_total_topic_count":0,"_bbp_total_reply_count":0,"_bbp_voice_count":0,"_bbp_anonymous_reply_count":0,"_bbp_topic_count_hidden":0,"_bbp_reply_count_hidden":0,"_bbp_forum_subforum_count":0,"footnotes":"","_yoast_wpseo_focuskw_text_input":""},"categories":[11361],"tags":[],"yoast_head":"<!-- This site is optimized with the Yoast SEO plugin v23.0 - https:\/\/yoast.com\/wordpress\/plugins\/seo\/ -->\n<title>G\u00f6r\u00fcnmeyen Dev: Kira Ekonomisinde Kay\u0131t D\u0131\u015f\u0131 \u00c7\u0131kmaz\u0131 - The Epoch Times TR<\/title>\n<meta name=\"description\" content=\"T\u00fcrkiye ekonomisinin s\u0131rt\u0131ndaki en b\u00fcy\u00fck kamburlardan biri, y\u0131llard\u0131r \u00e7\u00f6z\u00fclemeyen ve adeta kan\u0131ksanan, kay\u0131t d\u0131\u015f\u0131l\u0131k sorunudur.\" \/>\n<meta name=\"robots\" content=\"index, follow, max-snippet:-1, max-image-preview:large, max-video-preview:-1\" \/>\n<link rel=\"canonical\" href=\"https:\/\/epochtimestr.com\/index.php\/gorunmeyen-dev-kira-ekonomisinde-kayit-disi-cikmazi\" \/>\n<meta property=\"og:locale\" content=\"tr_TR\" \/>\n<meta property=\"og:type\" content=\"article\" \/>\n<meta property=\"og:title\" content=\"G\u00f6r\u00fcnmeyen Dev: Kira Ekonomisinde Kay\u0131t D\u0131\u015f\u0131 \u00c7\u0131kmaz\u0131 - The Epoch Times TR\" \/>\n<meta property=\"og:description\" content=\"T\u00fcrkiye ekonomisinin s\u0131rt\u0131ndaki en b\u00fcy\u00fck kamburlardan biri, y\u0131llard\u0131r \u00e7\u00f6z\u00fclemeyen ve adeta kan\u0131ksanan, kay\u0131t d\u0131\u015f\u0131l\u0131k sorunudur.\" \/>\n<meta property=\"og:url\" content=\"https:\/\/epochtimestr.com\/index.php\/gorunmeyen-dev-kira-ekonomisinde-kayit-disi-cikmazi\" \/>\n<meta property=\"og:site_name\" content=\"The Epoch Times TR\" \/>\n<meta property=\"article:publisher\" content=\"https:\/\/www.facebook.com\/theepochtimestr\" \/>\n<meta property=\"article:published_time\" content=\"2026-05-13T05:30:00+00:00\" \/>\n<meta property=\"article:modified_time\" content=\"2026-05-13T04:42:14+00:00\" \/>\n<meta property=\"og:image\" content=\"https:\/\/epochtimestr.com\/wp-content\/uploads\/2011y\/ali-kekliktepe-SM.jpeg\" \/>\n\t<meta property=\"og:image:width\" content=\"1200\" \/>\n\t<meta property=\"og:image:height\" content=\"630\" \/>\n\t<meta property=\"og:image:type\" content=\"image\/jpeg\" \/>\n<meta name=\"author\" content=\"Ali Kekliktepe\" \/>\n<meta name=\"twitter:card\" content=\"summary_large_image\" \/>\n<meta name=\"twitter:creator\" content=\"@TheEpochTimesTR\" \/>\n<meta name=\"twitter:site\" content=\"@TheEpochTimesTR\" \/>\n<meta name=\"twitter:label1\" content=\"Yazan:\" \/>\n\t<meta name=\"twitter:data1\" content=\"Ali Kekliktepe\" \/>\n\t<meta name=\"twitter:label2\" content=\"Tahmini okuma s\u00fcresi\" \/>\n\t<meta name=\"twitter:data2\" content=\"2 dakika\" \/>\n<script type=\"application\/ld+json\" class=\"yoast-schema-graph\">{\"@context\":\"https:\/\/schema.org\",\"@graph\":[{\"@type\":\"Article\",\"@id\":\"https:\/\/epochtimestr.com\/index.php\/gorunmeyen-dev-kira-ekonomisinde-kayit-disi-cikmazi#article\",\"isPartOf\":{\"@id\":\"https:\/\/epochtimestr.com\/index.php\/gorunmeyen-dev-kira-ekonomisinde-kayit-disi-cikmazi\"},\"author\":{\"name\":\"Ali Kekliktepe\",\"@id\":\"https:\/\/epochtimestr.com\/#\/schema\/person\/da94a416fed1aed029d0a47e85673b95\"},\"headline\":\"G\u00f6r\u00fcnmeyen Dev: Kira Ekonomisinde Kay\u0131t D\u0131\u015f\u0131 \u00c7\u0131kmaz\u0131\",\"datePublished\":\"2026-05-13T05:30:00+00:00\",\"dateModified\":\"2026-05-13T04:42:14+00:00\",\"mainEntityOfPage\":{\"@id\":\"https:\/\/epochtimestr.com\/index.php\/gorunmeyen-dev-kira-ekonomisinde-kayit-disi-cikmazi\"},\"wordCount\":442,\"commentCount\":0,\"publisher\":{\"@id\":\"https:\/\/epochtimestr.com\/#organization\"},\"image\":{\"@id\":\"https:\/\/epochtimestr.com\/index.php\/gorunmeyen-dev-kira-ekonomisinde-kayit-disi-cikmazi#primaryimage\"},\"thumbnailUrl\":\"https:\/\/epochtimestr.com\/wp-content\/uploads\/2011y\/Ali-Kekliktepe.jpg\",\"articleSection\":[\"K\u00f6\u015fe Yaz\u0131lar\u0131 Ali Kekliktepe\"],\"inLanguage\":\"tr\",\"potentialAction\":[{\"@type\":\"CommentAction\",\"name\":\"Comment\",\"target\":[\"https:\/\/epochtimestr.com\/index.php\/gorunmeyen-dev-kira-ekonomisinde-kayit-disi-cikmazi#respond\"]}]},{\"@type\":\"WebPage\",\"@id\":\"https:\/\/epochtimestr.com\/index.php\/gorunmeyen-dev-kira-ekonomisinde-kayit-disi-cikmazi\",\"url\":\"https:\/\/epochtimestr.com\/index.php\/gorunmeyen-dev-kira-ekonomisinde-kayit-disi-cikmazi\",\"name\":\"G\u00f6r\u00fcnmeyen Dev: Kira Ekonomisinde Kay\u0131t D\u0131\u015f\u0131 \u00c7\u0131kmaz\u0131 - The Epoch Times TR\",\"isPartOf\":{\"@id\":\"https:\/\/epochtimestr.com\/#website\"},\"primaryImageOfPage\":{\"@id\":\"https:\/\/epochtimestr.com\/index.php\/gorunmeyen-dev-kira-ekonomisinde-kayit-disi-cikmazi#primaryimage\"},\"image\":{\"@id\":\"https:\/\/epochtimestr.com\/index.php\/gorunmeyen-dev-kira-ekonomisinde-kayit-disi-cikmazi#primaryimage\"},\"thumbnailUrl\":\"https:\/\/epochtimestr.com\/wp-content\/uploads\/2011y\/Ali-Kekliktepe.jpg\",\"datePublished\":\"2026-05-13T05:30:00+00:00\",\"dateModified\":\"2026-05-13T04:42:14+00:00\",\"description\":\"T\u00fcrkiye ekonomisinin s\u0131rt\u0131ndaki en b\u00fcy\u00fck kamburlardan biri, y\u0131llard\u0131r \u00e7\u00f6z\u00fclemeyen ve adeta kan\u0131ksanan, kay\u0131t d\u0131\u015f\u0131l\u0131k sorunudur.\",\"inLanguage\":\"tr\",\"potentialAction\":[{\"@type\":\"ReadAction\",\"target\":[\"https:\/\/epochtimestr.com\/index.php\/gorunmeyen-dev-kira-ekonomisinde-kayit-disi-cikmazi\"]}]},{\"@type\":\"ImageObject\",\"inLanguage\":\"tr\",\"@id\":\"https:\/\/epochtimestr.com\/index.php\/gorunmeyen-dev-kira-ekonomisinde-kayit-disi-cikmazi#primaryimage\",\"url\":\"https:\/\/epochtimestr.com\/wp-content\/uploads\/2011y\/Ali-Kekliktepe.jpg\",\"contentUrl\":\"https:\/\/epochtimestr.com\/wp-content\/uploads\/2011y\/Ali-Kekliktepe.jpg\",\"width\":600,\"height\":600},{\"@type\":\"WebSite\",\"@id\":\"https:\/\/epochtimestr.com\/#website\",\"url\":\"https:\/\/epochtimestr.com\/\",\"name\":\"The Epoch Times TR\",\"description\":\"De\u011fi\u015fen D\u00fcnyam\u0131za Taze Bir Bak\u0131\u015f\",\"publisher\":{\"@id\":\"https:\/\/epochtimestr.com\/#organization\"},\"potentialAction\":[{\"@type\":\"SearchAction\",\"target\":{\"@type\":\"EntryPoint\",\"urlTemplate\":\"https:\/\/epochtimestr.com\/?s={search_term_string}\"},\"query-input\":\"required name=search_term_string\"}],\"inLanguage\":\"tr\"},{\"@type\":\"Organization\",\"@id\":\"https:\/\/epochtimestr.com\/#organization\",\"name\":\"The EpochTimes T\u00fcrkiye\",\"url\":\"https:\/\/epochtimestr.com\/\",\"logo\":{\"@type\":\"ImageObject\",\"inLanguage\":\"tr\",\"@id\":\"https:\/\/epochtimestr.com\/#\/schema\/logo\/image\/\",\"url\":\"https:\/\/epochtimestr.com\/wp-content\/uploads\/2011y\/ET-Logo-YG.jpg\",\"contentUrl\":\"https:\/\/epochtimestr.com\/wp-content\/uploads\/2011y\/ET-Logo-YG.jpg\",\"width\":346,\"height\":29,\"caption\":\"The EpochTimes T\u00fcrkiye\"},\"image\":{\"@id\":\"https:\/\/epochtimestr.com\/#\/schema\/logo\/image\/\"},\"sameAs\":[\"https:\/\/www.facebook.com\/theepochtimestr\",\"https:\/\/x.com\/TheEpochTimesTR\",\"https:\/\/www.instagram.com\/epochtimestr\"]},{\"@type\":\"Person\",\"@id\":\"https:\/\/epochtimestr.com\/#\/schema\/person\/da94a416fed1aed029d0a47e85673b95\",\"name\":\"Ali Kekliktepe\",\"image\":{\"@type\":\"ImageObject\",\"inLanguage\":\"tr\",\"@id\":\"https:\/\/epochtimestr.com\/#\/schema\/person\/image\/\",\"url\":\"https:\/\/secure.gravatar.com\/avatar\/6c965c3fc374c8f4af759baef4f38bcd?s=96&d=mm&r=g\",\"contentUrl\":\"https:\/\/secure.gravatar.com\/avatar\/6c965c3fc374c8f4af759baef4f38bcd?s=96&d=mm&r=g\",\"caption\":\"Ali Kekliktepe\"},\"description\":\"Ben Ali Kekliktepe; hayat\u0131n\u0131 \u00f6\u011frenmeye, \u00f6\u011fretmeye ve toplumsal fayda yaratmaya adam\u0131\u015f bir yazar ve profesyonelim. Kalemi sadece ka\u011f\u0131da dokunan bir ara\u00e7 de\u011fil, toplumun aksayan y\u00f6nlerine \u015fifa olan bir enstr\u00fcman olarak g\u00f6r\u00fcyorum.\",\"sameAs\":[\"https:\/\/alikekliktepemersin33.blogspot.com\/\"],\"url\":\"https:\/\/epochtimestr.com\/index.php\/author\/ali\"}]}<\/script>\n<!-- \/ Yoast SEO plugin. -->","yoast_head_json":{"title":"G\u00f6r\u00fcnmeyen Dev: Kira Ekonomisinde Kay\u0131t D\u0131\u015f\u0131 \u00c7\u0131kmaz\u0131 - The Epoch Times TR","description":"T\u00fcrkiye ekonomisinin s\u0131rt\u0131ndaki en b\u00fcy\u00fck kamburlardan biri, y\u0131llard\u0131r \u00e7\u00f6z\u00fclemeyen ve adeta kan\u0131ksanan, kay\u0131t d\u0131\u015f\u0131l\u0131k sorunudur.","robots":{"index":"index","follow":"follow","max-snippet":"max-snippet:-1","max-image-preview":"max-image-preview:large","max-video-preview":"max-video-preview:-1"},"canonical":"https:\/\/epochtimestr.com\/index.php\/gorunmeyen-dev-kira-ekonomisinde-kayit-disi-cikmazi","og_locale":"tr_TR","og_type":"article","og_title":"G\u00f6r\u00fcnmeyen Dev: Kira Ekonomisinde Kay\u0131t D\u0131\u015f\u0131 \u00c7\u0131kmaz\u0131 - The Epoch Times TR","og_description":"T\u00fcrkiye ekonomisinin s\u0131rt\u0131ndaki en b\u00fcy\u00fck kamburlardan biri, y\u0131llard\u0131r \u00e7\u00f6z\u00fclemeyen ve adeta kan\u0131ksanan, kay\u0131t d\u0131\u015f\u0131l\u0131k sorunudur.","og_url":"https:\/\/epochtimestr.com\/index.php\/gorunmeyen-dev-kira-ekonomisinde-kayit-disi-cikmazi","og_site_name":"The Epoch Times TR","article_publisher":"https:\/\/www.facebook.com\/theepochtimestr","article_published_time":"2026-05-13T05:30:00+00:00","article_modified_time":"2026-05-13T04:42:14+00:00","og_image":[{"width":1200,"height":630,"url":"https:\/\/epochtimestr.com\/wp-content\/uploads\/2011y\/ali-kekliktepe-SM.jpeg","type":"image\/jpeg"}],"author":"Ali Kekliktepe","twitter_card":"summary_large_image","twitter_creator":"@TheEpochTimesTR","twitter_site":"@TheEpochTimesTR","twitter_misc":{"Yazan:":"Ali Kekliktepe","Tahmini okuma s\u00fcresi":"2 dakika"},"schema":{"@context":"https:\/\/schema.org","@graph":[{"@type":"Article","@id":"https:\/\/epochtimestr.com\/index.php\/gorunmeyen-dev-kira-ekonomisinde-kayit-disi-cikmazi#article","isPartOf":{"@id":"https:\/\/epochtimestr.com\/index.php\/gorunmeyen-dev-kira-ekonomisinde-kayit-disi-cikmazi"},"author":{"name":"Ali Kekliktepe","@id":"https:\/\/epochtimestr.com\/#\/schema\/person\/da94a416fed1aed029d0a47e85673b95"},"headline":"G\u00f6r\u00fcnmeyen Dev: Kira Ekonomisinde Kay\u0131t D\u0131\u015f\u0131 \u00c7\u0131kmaz\u0131","datePublished":"2026-05-13T05:30:00+00:00","dateModified":"2026-05-13T04:42:14+00:00","mainEntityOfPage":{"@id":"https:\/\/epochtimestr.com\/index.php\/gorunmeyen-dev-kira-ekonomisinde-kayit-disi-cikmazi"},"wordCount":442,"commentCount":0,"publisher":{"@id":"https:\/\/epochtimestr.com\/#organization"},"image":{"@id":"https:\/\/epochtimestr.com\/index.php\/gorunmeyen-dev-kira-ekonomisinde-kayit-disi-cikmazi#primaryimage"},"thumbnailUrl":"https:\/\/epochtimestr.com\/wp-content\/uploads\/2011y\/Ali-Kekliktepe.jpg","articleSection":["K\u00f6\u015fe Yaz\u0131lar\u0131 Ali Kekliktepe"],"inLanguage":"tr","potentialAction":[{"@type":"CommentAction","name":"Comment","target":["https:\/\/epochtimestr.com\/index.php\/gorunmeyen-dev-kira-ekonomisinde-kayit-disi-cikmazi#respond"]}]},{"@type":"WebPage","@id":"https:\/\/epochtimestr.com\/index.php\/gorunmeyen-dev-kira-ekonomisinde-kayit-disi-cikmazi","url":"https:\/\/epochtimestr.com\/index.php\/gorunmeyen-dev-kira-ekonomisinde-kayit-disi-cikmazi","name":"G\u00f6r\u00fcnmeyen Dev: Kira Ekonomisinde Kay\u0131t D\u0131\u015f\u0131 \u00c7\u0131kmaz\u0131 - The Epoch Times TR","isPartOf":{"@id":"https:\/\/epochtimestr.com\/#website"},"primaryImageOfPage":{"@id":"https:\/\/epochtimestr.com\/index.php\/gorunmeyen-dev-kira-ekonomisinde-kayit-disi-cikmazi#primaryimage"},"image":{"@id":"https:\/\/epochtimestr.com\/index.php\/gorunmeyen-dev-kira-ekonomisinde-kayit-disi-cikmazi#primaryimage"},"thumbnailUrl":"https:\/\/epochtimestr.com\/wp-content\/uploads\/2011y\/Ali-Kekliktepe.jpg","datePublished":"2026-05-13T05:30:00+00:00","dateModified":"2026-05-13T04:42:14+00:00","description":"T\u00fcrkiye ekonomisinin s\u0131rt\u0131ndaki en b\u00fcy\u00fck kamburlardan biri, y\u0131llard\u0131r \u00e7\u00f6z\u00fclemeyen ve adeta kan\u0131ksanan, kay\u0131t d\u0131\u015f\u0131l\u0131k sorunudur.","inLanguage":"tr","potentialAction":[{"@type":"ReadAction","target":["https:\/\/epochtimestr.com\/index.php\/gorunmeyen-dev-kira-ekonomisinde-kayit-disi-cikmazi"]}]},{"@type":"ImageObject","inLanguage":"tr","@id":"https:\/\/epochtimestr.com\/index.php\/gorunmeyen-dev-kira-ekonomisinde-kayit-disi-cikmazi#primaryimage","url":"https:\/\/epochtimestr.com\/wp-content\/uploads\/2011y\/Ali-Kekliktepe.jpg","contentUrl":"https:\/\/epochtimestr.com\/wp-content\/uploads\/2011y\/Ali-Kekliktepe.jpg","width":600,"height":600},{"@type":"WebSite","@id":"https:\/\/epochtimestr.com\/#website","url":"https:\/\/epochtimestr.com\/","name":"The Epoch Times TR","description":"De\u011fi\u015fen D\u00fcnyam\u0131za Taze Bir Bak\u0131\u015f","publisher":{"@id":"https:\/\/epochtimestr.com\/#organization"},"potentialAction":[{"@type":"SearchAction","target":{"@type":"EntryPoint","urlTemplate":"https:\/\/epochtimestr.com\/?s={search_term_string}"},"query-input":"required name=search_term_string"}],"inLanguage":"tr"},{"@type":"Organization","@id":"https:\/\/epochtimestr.com\/#organization","name":"The EpochTimes T\u00fcrkiye","url":"https:\/\/epochtimestr.com\/","logo":{"@type":"ImageObject","inLanguage":"tr","@id":"https:\/\/epochtimestr.com\/#\/schema\/logo\/image\/","url":"https:\/\/epochtimestr.com\/wp-content\/uploads\/2011y\/ET-Logo-YG.jpg","contentUrl":"https:\/\/epochtimestr.com\/wp-content\/uploads\/2011y\/ET-Logo-YG.jpg","width":346,"height":29,"caption":"The EpochTimes T\u00fcrkiye"},"image":{"@id":"https:\/\/epochtimestr.com\/#\/schema\/logo\/image\/"},"sameAs":["https:\/\/www.facebook.com\/theepochtimestr","https:\/\/x.com\/TheEpochTimesTR","https:\/\/www.instagram.com\/epochtimestr"]},{"@type":"Person","@id":"https:\/\/epochtimestr.com\/#\/schema\/person\/da94a416fed1aed029d0a47e85673b95","name":"Ali Kekliktepe","image":{"@type":"ImageObject","inLanguage":"tr","@id":"https:\/\/epochtimestr.com\/#\/schema\/person\/image\/","url":"https:\/\/secure.gravatar.com\/avatar\/6c965c3fc374c8f4af759baef4f38bcd?s=96&d=mm&r=g","contentUrl":"https:\/\/secure.gravatar.com\/avatar\/6c965c3fc374c8f4af759baef4f38bcd?s=96&d=mm&r=g","caption":"Ali Kekliktepe"},"description":"Ben Ali Kekliktepe; hayat\u0131n\u0131 \u00f6\u011frenmeye, \u00f6\u011fretmeye ve toplumsal fayda yaratmaya adam\u0131\u015f bir yazar ve profesyonelim. Kalemi sadece ka\u011f\u0131da dokunan bir ara\u00e7 de\u011fil, toplumun aksayan y\u00f6nlerine \u015fifa olan bir enstr\u00fcman olarak g\u00f6r\u00fcyorum.","sameAs":["https:\/\/alikekliktepemersin33.blogspot.com\/"],"url":"https:\/\/epochtimestr.com\/index.php\/author\/ali"}]}},"_links":{"self":[{"href":"https:\/\/epochtimestr.com\/index.php\/wp-json\/wp\/v2\/posts\/167239"}],"collection":[{"href":"https:\/\/epochtimestr.com\/index.php\/wp-json\/wp\/v2\/posts"}],"about":[{"href":"https:\/\/epochtimestr.com\/index.php\/wp-json\/wp\/v2\/types\/post"}],"author":[{"embeddable":true,"href":"https:\/\/epochtimestr.com\/index.php\/wp-json\/wp\/v2\/users\/14013"}],"replies":[{"embeddable":true,"href":"https:\/\/epochtimestr.com\/index.php\/wp-json\/wp\/v2\/comments?post=167239"}],"version-history":[{"count":1,"href":"https:\/\/epochtimestr.com\/index.php\/wp-json\/wp\/v2\/posts\/167239\/revisions"}],"predecessor-version":[{"id":167240,"href":"https:\/\/epochtimestr.com\/index.php\/wp-json\/wp\/v2\/posts\/167239\/revisions\/167240"}],"wp:featuredmedia":[{"embeddable":true,"href":"https:\/\/epochtimestr.com\/index.php\/wp-json\/wp\/v2\/media\/167144"}],"wp:attachment":[{"href":"https:\/\/epochtimestr.com\/index.php\/wp-json\/wp\/v2\/media?parent=167239"}],"wp:term":[{"taxonomy":"category","embeddable":true,"href":"https:\/\/epochtimestr.com\/index.php\/wp-json\/wp\/v2\/categories?post=167239"},{"taxonomy":"post_tag","embeddable":true,"href":"https:\/\/epochtimestr.com\/index.php\/wp-json\/wp\/v2\/tags?post=167239"}],"curies":[{"name":"wp","href":"https:\/\/api.w.org\/{rel}","templated":true}]}}