{"id":167252,"date":"2026-05-14T07:30:00","date_gmt":"2026-05-14T04:30:00","guid":{"rendered":"https:\/\/epochtimestr.com\/?p=167252"},"modified":"2026-05-14T07:44:41","modified_gmt":"2026-05-14T04:44:41","slug":"turkiye-huzurun-teminati","status":"publish","type":"post","link":"https:\/\/epochtimestr.com\/index.php\/turkiye-huzurun-teminati","title":{"rendered":"T\u00fcrkiye, Huzurun Teminat\u0131"},"content":{"rendered":"\n<p>D\u00fcnya, tarihin en \u00e7alkant\u0131l\u0131 d\u00f6nemlerinden birinden ge\u00e7iyor. Jeopolitik fay hatlar\u0131n\u0131n k\u0131r\u0131ld\u0131\u011f\u0131, vek\u00e2let sava\u015flar\u0131n\u0131n k\u00fcresel bir yang\u0131na d\u00f6n\u00fc\u015ft\u00fc\u011f\u00fc ve diplomasinin yerini sert g\u00fcce b\u0131rakt\u0131\u011f\u0131 bir \u00e7a\u011fda, co\u011frafyan\u0131n kaderden \u00f6te bir sorumluluk oldu\u011funu bizzat ya\u015f\u0131yoruz. Ancak bu ate\u015f \u00e7emberinin tam merkezinde, sars\u0131lmaz bir iradeyle y\u00fckselen bir akt\u00f6r var: T\u00fcrkiye.<\/p>\n\n\n\n<p>T\u00fcrkiye, bug\u00fcn sadece bir k\u00f6pr\u00fc de\u011fil; b\u00f6lgede bar\u0131\u015f\u0131n, huzurun ve vicdan\u0131n ana kayna\u011f\u0131, en g\u00fc\u00e7l\u00fc kalesidir.<\/p>\n\n\n\n<p><strong>Sa\u011fduyunun G\u00fcc\u00fc<\/strong><\/p>\n\n\n\n<p>Uluslararas\u0131 ili\u015fkilerin h\u0131rslar ve k\u0131sa vadeli \u00e7\u0131karlar \u00fczerine kurguland\u0131\u011f\u0131 bir d\u00fczende, T\u00fcrkiye\u2019nin sergiledi\u011fi \u201csa\u011fduyulu devlet\u201d refleksi, k\u00fcresel sistemin t\u0131kanan damarlar\u0131n\u0131 a\u00e7an tek ila\u00e7t\u0131r. Ankara\u2019n\u0131n d\u0131\u015f politika anlay\u0131\u015f\u0131, sadece kendi s\u0131n\u0131rlar\u0131n\u0131 korumakla kalm\u0131yor; ayn\u0131 zamanda krizlerin derinle\u015fmesini \u00f6nleyen bir emniyet supab\u0131 g\u00f6revi g\u00f6r\u00fcyor.<\/p>\n\n\n\n<p>T\u00fcrkiye\u2019nin yakla\u015f\u0131m\u0131, \u201ckazan-kazan\u201d ilkesine dayal\u0131, insani de\u011ferleri merkeze alan ve her ne ko\u015fulda olursa olsun diyalog kap\u0131s\u0131n\u0131 a\u00e7\u0131k tutan bir rasyonalitedir. Bu makul yakla\u015f\u0131m, T\u00fcrkiye\u2019yi masada vazge\u00e7ilmez bir m\u00fczakereci, sahada ise oyun kurucu bir g\u00fc\u00e7 haline getirmi\u015ftir.<\/p>\n\n\n\n<p><strong>D\u00fcnya Bar\u0131\u015f\u0131 \u0130\u00e7in \u00d6nc\u00fc Devlet<\/strong><\/p>\n\n\n\n<p>\u201cD\u00fcnya be\u015ften b\u00fcy\u00fckt\u00fcr\u201d \u015fiar\u0131yla k\u00fcresel adaletsizli\u011fe bayrak a\u00e7an T\u00fcrkiye, sadece b\u00f6lgesel bir akt\u00f6r de\u011fil, d\u00fcnya bar\u0131\u015f\u0131n\u0131n \u00f6nc\u00fc devletidir. Ukrayna-Rusya sava\u015f\u0131ndaki arabuluculuk \u00e7abalar\u0131ndan Tah\u0131l Koridoru\u2019na, Balkanlar\u2019daki istikrar\u0131n korunmas\u0131ndan Kafkasya\u2019daki bar\u0131\u015f in\u015fas\u0131na kadar her kritik kav\u015fakta T\u00fcrkiye\u2019nin imzas\u0131 vard\u0131r.<\/p>\n\n\n\n<p>T\u00fcrkiye\u2019nin bar\u0131\u015f vizyonu:<\/p>\n\n\n\n<ul>\n<li>\u0130nsani Diplomasi: D\u00fcnyan\u0131n neresinde olursa olsun mazlumun yan\u0131nda durarak, ahlaki bir \u00fcst\u00fcnl\u00fck kurmak.<\/li>\n\n\n\n<li>\u00c7\u00f6z\u00fcm Odakl\u0131l\u0131k: Sorunlar\u0131 dondurmak yerine, kal\u0131c\u0131 ve s\u00fcrd\u00fcr\u00fclebilir bar\u0131\u015f i\u00e7in inisiyatif almak.<\/li>\n\n\n\n<li>G\u00fcvenilir Partnerlik: Hem Do\u011fu hem Bat\u0131 ile konu\u015fabilen, s\u00f6z\u00fc dinlenen ve att\u0131\u011f\u0131 imzan\u0131n arkas\u0131nda duran tek g\u00fcvenli liman olmak.<\/li>\n<\/ul>\n\n\n\n<p><strong>Yar\u0131n\u0131n Teminat\u0131<\/strong><\/p>\n\n\n\n<p>Bug\u00fcn T\u00fcrkiye; askeri kapasitesini diplomatik dehas\u0131yla birle\u015ftiren, ekonomik dinamizmini tarih\u00ee miras\u0131yla harmanlayan bir dev g\u00fc\u00e7t\u00fcr. Etraf\u0131ndaki istikrars\u0131zl\u0131klara ra\u011fmen bir huzur adas\u0131 olmay\u0131 ba\u015faran bu devlet, insanl\u0131\u011f\u0131n ortak gelece\u011fi i\u00e7in umudun ad\u0131d\u0131r.<\/p>\n\n\n\n<p>Bilinmelidir ki T\u00fcrkiye\u2019nin g\u00fc\u00e7l\u00fc olmas\u0131, sadece T\u00fcrk milletinin de\u011fil, Balkanlar\u2019dan Ortado\u011fu\u2019ya, Orta Asya\u2019dan Afrika\u2019ya kadar geni\u015f bir co\u011frafyan\u0131n bar\u0131\u015f i\u00e7inde nefes almas\u0131 demektir. T\u00fcrkiye, sa\u011fduyunun rehberli\u011finde bar\u0131\u015f\u0131n bayraktarl\u0131\u011f\u0131n\u0131 yapmaya, k\u00fcresel adaletin en g\u00fcr sesi olmaya devam edecektir.<\/p>\n\n\n\n<p>\u00c7\u00fcnk\u00fc T\u00fcrkiye, sadece b\u00f6lgesi i\u00e7in de\u011fil, t\u00fcm d\u00fcnya i\u00e7in huzurun sars\u0131lmaz teminat\u0131d\u0131r.<\/p>\n","protected":false},"excerpt":{"rendered":"<p>D\u00fcnya, tarihin en \u00e7alkant\u0131l\u0131 d\u00f6nemlerinden birinden ge\u00e7iyor. Jeopolitik fay hatlar\u0131n\u0131n k\u0131r\u0131ld\u0131\u011f\u0131, vek\u00e2let sava\u015flar\u0131n\u0131n k\u00fcresel bir yang\u0131na d\u00f6n\u00fc\u015ft\u00fc\u011f\u00fc ve diplomasinin yerini sert g\u00fcce b\u0131rakt\u0131\u011f\u0131 bir \u00e7a\u011fda, co\u011frafyan\u0131n kaderden \u00f6te bir sorumluluk oldu\u011funu bizzat ya\u015f\u0131yoruz. Ancak bu ate\u015f \u00e7emberinin tam merkezinde, sars\u0131lmaz bir iradeyle y\u00fckselen bir akt\u00f6r var: T\u00fcrkiye. T\u00fcrkiye, bug\u00fcn sadece bir k\u00f6pr\u00fc de\u011fil; b\u00f6lgede bar\u0131\u015f\u0131n, [&hellip;]<\/p>\n","protected":false},"author":14013,"featured_media":167144,"comment_status":"open","ping_status":"open","sticky":false,"template":"","format":"standard","meta":{"_yoast_wpseo_focuskw":"T\u00fcrkiye - Bar\u0131\u015f","_yoast_wpseo_title":"","_yoast_wpseo_metadesc":"Vek\u00e2let sava\u015flar\u0131n\u0131n k\u00fcresel bir yang\u0131na d\u00f6n\u00fc\u015ft\u00fc\u011f\u00fc ve diplomasinin yerini sert g\u00fcce b\u0131rakt\u0131\u011f\u0131 bir \u00e7a\u011fda ya\u015f\u0131yoruz.","_bbp_topic_count":0,"_bbp_reply_count":0,"_bbp_total_topic_count":0,"_bbp_total_reply_count":0,"_bbp_voice_count":0,"_bbp_anonymous_reply_count":0,"_bbp_topic_count_hidden":0,"_bbp_reply_count_hidden":0,"_bbp_forum_subforum_count":0,"footnotes":"","_yoast_wpseo_focuskw_text_input":""},"categories":[11361],"tags":[],"yoast_head":"<!-- This site is optimized with the Yoast SEO plugin v23.0 - https:\/\/yoast.com\/wordpress\/plugins\/seo\/ -->\n<title>T\u00fcrkiye, Huzurun Teminat\u0131 - The Epoch Times TR<\/title>\n<meta name=\"description\" content=\"Vek\u00e2let sava\u015flar\u0131n\u0131n k\u00fcresel bir yang\u0131na d\u00f6n\u00fc\u015ft\u00fc\u011f\u00fc ve diplomasinin yerini sert g\u00fcce b\u0131rakt\u0131\u011f\u0131 bir \u00e7a\u011fda ya\u015f\u0131yoruz.\" \/>\n<meta name=\"robots\" content=\"index, follow, max-snippet:-1, max-image-preview:large, max-video-preview:-1\" \/>\n<link rel=\"canonical\" href=\"https:\/\/epochtimestr.com\/index.php\/turkiye-huzurun-teminati\" \/>\n<meta property=\"og:locale\" content=\"tr_TR\" \/>\n<meta property=\"og:type\" content=\"article\" \/>\n<meta property=\"og:title\" content=\"T\u00fcrkiye, Huzurun Teminat\u0131 - The Epoch Times TR\" \/>\n<meta property=\"og:description\" content=\"Vek\u00e2let sava\u015flar\u0131n\u0131n k\u00fcresel bir yang\u0131na d\u00f6n\u00fc\u015ft\u00fc\u011f\u00fc ve diplomasinin yerini sert g\u00fcce b\u0131rakt\u0131\u011f\u0131 bir \u00e7a\u011fda ya\u015f\u0131yoruz.\" \/>\n<meta property=\"og:url\" content=\"https:\/\/epochtimestr.com\/index.php\/turkiye-huzurun-teminati\" \/>\n<meta property=\"og:site_name\" content=\"The Epoch Times TR\" \/>\n<meta property=\"article:publisher\" content=\"https:\/\/www.facebook.com\/theepochtimestr\" \/>\n<meta property=\"article:published_time\" content=\"2026-05-14T04:30:00+00:00\" \/>\n<meta property=\"article:modified_time\" content=\"2026-05-14T04:44:41+00:00\" \/>\n<meta property=\"og:image\" content=\"https:\/\/epochtimestr.com\/wp-content\/uploads\/2011y\/ali-kekliktepe-SM.jpeg\" \/>\n\t<meta property=\"og:image:width\" content=\"1200\" \/>\n\t<meta property=\"og:image:height\" content=\"630\" \/>\n\t<meta property=\"og:image:type\" content=\"image\/jpeg\" \/>\n<meta name=\"author\" content=\"Ali Kekliktepe\" \/>\n<meta name=\"twitter:card\" content=\"summary_large_image\" \/>\n<meta name=\"twitter:creator\" content=\"@TheEpochTimesTR\" \/>\n<meta name=\"twitter:site\" content=\"@TheEpochTimesTR\" \/>\n<meta name=\"twitter:label1\" content=\"Yazan:\" \/>\n\t<meta name=\"twitter:data1\" content=\"Ali Kekliktepe\" \/>\n\t<meta name=\"twitter:label2\" content=\"Tahmini okuma s\u00fcresi\" \/>\n\t<meta name=\"twitter:data2\" content=\"3 dakika\" \/>\n<script type=\"application\/ld+json\" class=\"yoast-schema-graph\">{\"@context\":\"https:\/\/schema.org\",\"@graph\":[{\"@type\":\"Article\",\"@id\":\"https:\/\/epochtimestr.com\/index.php\/turkiye-huzurun-teminati#article\",\"isPartOf\":{\"@id\":\"https:\/\/epochtimestr.com\/index.php\/turkiye-huzurun-teminati\"},\"author\":{\"name\":\"Ali Kekliktepe\",\"@id\":\"https:\/\/epochtimestr.com\/#\/schema\/person\/da94a416fed1aed029d0a47e85673b95\"},\"headline\":\"T\u00fcrkiye, Huzurun Teminat\u0131\",\"datePublished\":\"2026-05-14T04:30:00+00:00\",\"dateModified\":\"2026-05-14T04:44:41+00:00\",\"mainEntityOfPage\":{\"@id\":\"https:\/\/epochtimestr.com\/index.php\/turkiye-huzurun-teminati\"},\"wordCount\":496,\"commentCount\":0,\"publisher\":{\"@id\":\"https:\/\/epochtimestr.com\/#organization\"},\"image\":{\"@id\":\"https:\/\/epochtimestr.com\/index.php\/turkiye-huzurun-teminati#primaryimage\"},\"thumbnailUrl\":\"https:\/\/epochtimestr.com\/wp-content\/uploads\/2011y\/Ali-Kekliktepe.jpg\",\"articleSection\":[\"K\u00f6\u015fe Yaz\u0131lar\u0131 Ali Kekliktepe\"],\"inLanguage\":\"tr\",\"potentialAction\":[{\"@type\":\"CommentAction\",\"name\":\"Comment\",\"target\":[\"https:\/\/epochtimestr.com\/index.php\/turkiye-huzurun-teminati#respond\"]}]},{\"@type\":\"WebPage\",\"@id\":\"https:\/\/epochtimestr.com\/index.php\/turkiye-huzurun-teminati\",\"url\":\"https:\/\/epochtimestr.com\/index.php\/turkiye-huzurun-teminati\",\"name\":\"T\u00fcrkiye, Huzurun Teminat\u0131 - The Epoch Times TR\",\"isPartOf\":{\"@id\":\"https:\/\/epochtimestr.com\/#website\"},\"primaryImageOfPage\":{\"@id\":\"https:\/\/epochtimestr.com\/index.php\/turkiye-huzurun-teminati#primaryimage\"},\"image\":{\"@id\":\"https:\/\/epochtimestr.com\/index.php\/turkiye-huzurun-teminati#primaryimage\"},\"thumbnailUrl\":\"https:\/\/epochtimestr.com\/wp-content\/uploads\/2011y\/Ali-Kekliktepe.jpg\",\"datePublished\":\"2026-05-14T04:30:00+00:00\",\"dateModified\":\"2026-05-14T04:44:41+00:00\",\"description\":\"Vek\u00e2let sava\u015flar\u0131n\u0131n k\u00fcresel bir yang\u0131na d\u00f6n\u00fc\u015ft\u00fc\u011f\u00fc ve diplomasinin yerini sert g\u00fcce b\u0131rakt\u0131\u011f\u0131 bir \u00e7a\u011fda ya\u015f\u0131yoruz.\",\"inLanguage\":\"tr\",\"potentialAction\":[{\"@type\":\"ReadAction\",\"target\":[\"https:\/\/epochtimestr.com\/index.php\/turkiye-huzurun-teminati\"]}]},{\"@type\":\"ImageObject\",\"inLanguage\":\"tr\",\"@id\":\"https:\/\/epochtimestr.com\/index.php\/turkiye-huzurun-teminati#primaryimage\",\"url\":\"https:\/\/epochtimestr.com\/wp-content\/uploads\/2011y\/Ali-Kekliktepe.jpg\",\"contentUrl\":\"https:\/\/epochtimestr.com\/wp-content\/uploads\/2011y\/Ali-Kekliktepe.jpg\",\"width\":600,\"height\":600},{\"@type\":\"WebSite\",\"@id\":\"https:\/\/epochtimestr.com\/#website\",\"url\":\"https:\/\/epochtimestr.com\/\",\"name\":\"The Epoch Times TR\",\"description\":\"De\u011fi\u015fen D\u00fcnyam\u0131za Taze Bir Bak\u0131\u015f\",\"publisher\":{\"@id\":\"https:\/\/epochtimestr.com\/#organization\"},\"potentialAction\":[{\"@type\":\"SearchAction\",\"target\":{\"@type\":\"EntryPoint\",\"urlTemplate\":\"https:\/\/epochtimestr.com\/?s={search_term_string}\"},\"query-input\":\"required name=search_term_string\"}],\"inLanguage\":\"tr\"},{\"@type\":\"Organization\",\"@id\":\"https:\/\/epochtimestr.com\/#organization\",\"name\":\"The EpochTimes T\u00fcrkiye\",\"url\":\"https:\/\/epochtimestr.com\/\",\"logo\":{\"@type\":\"ImageObject\",\"inLanguage\":\"tr\",\"@id\":\"https:\/\/epochtimestr.com\/#\/schema\/logo\/image\/\",\"url\":\"https:\/\/epochtimestr.com\/wp-content\/uploads\/2011y\/ET-Logo-YG.jpg\",\"contentUrl\":\"https:\/\/epochtimestr.com\/wp-content\/uploads\/2011y\/ET-Logo-YG.jpg\",\"width\":346,\"height\":29,\"caption\":\"The EpochTimes T\u00fcrkiye\"},\"image\":{\"@id\":\"https:\/\/epochtimestr.com\/#\/schema\/logo\/image\/\"},\"sameAs\":[\"https:\/\/www.facebook.com\/theepochtimestr\",\"https:\/\/x.com\/TheEpochTimesTR\",\"https:\/\/www.instagram.com\/epochtimestr\"]},{\"@type\":\"Person\",\"@id\":\"https:\/\/epochtimestr.com\/#\/schema\/person\/da94a416fed1aed029d0a47e85673b95\",\"name\":\"Ali Kekliktepe\",\"image\":{\"@type\":\"ImageObject\",\"inLanguage\":\"tr\",\"@id\":\"https:\/\/epochtimestr.com\/#\/schema\/person\/image\/\",\"url\":\"https:\/\/secure.gravatar.com\/avatar\/6c965c3fc374c8f4af759baef4f38bcd?s=96&d=mm&r=g\",\"contentUrl\":\"https:\/\/secure.gravatar.com\/avatar\/6c965c3fc374c8f4af759baef4f38bcd?s=96&d=mm&r=g\",\"caption\":\"Ali Kekliktepe\"},\"description\":\"Ben Ali Kekliktepe; hayat\u0131n\u0131 \u00f6\u011frenmeye, \u00f6\u011fretmeye ve toplumsal fayda yaratmaya adam\u0131\u015f bir yazar ve profesyonelim. Kalemi sadece ka\u011f\u0131da dokunan bir ara\u00e7 de\u011fil, toplumun aksayan y\u00f6nlerine \u015fifa olan bir enstr\u00fcman olarak g\u00f6r\u00fcyorum.\",\"sameAs\":[\"https:\/\/alikekliktepemersin33.blogspot.com\/\"],\"url\":\"https:\/\/epochtimestr.com\/index.php\/author\/ali\"}]}<\/script>\n<!-- \/ Yoast SEO plugin. -->","yoast_head_json":{"title":"T\u00fcrkiye, Huzurun Teminat\u0131 - The Epoch Times TR","description":"Vek\u00e2let sava\u015flar\u0131n\u0131n k\u00fcresel bir yang\u0131na d\u00f6n\u00fc\u015ft\u00fc\u011f\u00fc ve diplomasinin yerini sert g\u00fcce b\u0131rakt\u0131\u011f\u0131 bir \u00e7a\u011fda ya\u015f\u0131yoruz.","robots":{"index":"index","follow":"follow","max-snippet":"max-snippet:-1","max-image-preview":"max-image-preview:large","max-video-preview":"max-video-preview:-1"},"canonical":"https:\/\/epochtimestr.com\/index.php\/turkiye-huzurun-teminati","og_locale":"tr_TR","og_type":"article","og_title":"T\u00fcrkiye, Huzurun Teminat\u0131 - The Epoch Times TR","og_description":"Vek\u00e2let sava\u015flar\u0131n\u0131n k\u00fcresel bir yang\u0131na d\u00f6n\u00fc\u015ft\u00fc\u011f\u00fc ve diplomasinin yerini sert g\u00fcce b\u0131rakt\u0131\u011f\u0131 bir \u00e7a\u011fda ya\u015f\u0131yoruz.","og_url":"https:\/\/epochtimestr.com\/index.php\/turkiye-huzurun-teminati","og_site_name":"The Epoch Times TR","article_publisher":"https:\/\/www.facebook.com\/theepochtimestr","article_published_time":"2026-05-14T04:30:00+00:00","article_modified_time":"2026-05-14T04:44:41+00:00","og_image":[{"width":1200,"height":630,"url":"https:\/\/epochtimestr.com\/wp-content\/uploads\/2011y\/ali-kekliktepe-SM.jpeg","type":"image\/jpeg"}],"author":"Ali Kekliktepe","twitter_card":"summary_large_image","twitter_creator":"@TheEpochTimesTR","twitter_site":"@TheEpochTimesTR","twitter_misc":{"Yazan:":"Ali Kekliktepe","Tahmini okuma s\u00fcresi":"3 dakika"},"schema":{"@context":"https:\/\/schema.org","@graph":[{"@type":"Article","@id":"https:\/\/epochtimestr.com\/index.php\/turkiye-huzurun-teminati#article","isPartOf":{"@id":"https:\/\/epochtimestr.com\/index.php\/turkiye-huzurun-teminati"},"author":{"name":"Ali Kekliktepe","@id":"https:\/\/epochtimestr.com\/#\/schema\/person\/da94a416fed1aed029d0a47e85673b95"},"headline":"T\u00fcrkiye, Huzurun Teminat\u0131","datePublished":"2026-05-14T04:30:00+00:00","dateModified":"2026-05-14T04:44:41+00:00","mainEntityOfPage":{"@id":"https:\/\/epochtimestr.com\/index.php\/turkiye-huzurun-teminati"},"wordCount":496,"commentCount":0,"publisher":{"@id":"https:\/\/epochtimestr.com\/#organization"},"image":{"@id":"https:\/\/epochtimestr.com\/index.php\/turkiye-huzurun-teminati#primaryimage"},"thumbnailUrl":"https:\/\/epochtimestr.com\/wp-content\/uploads\/2011y\/Ali-Kekliktepe.jpg","articleSection":["K\u00f6\u015fe Yaz\u0131lar\u0131 Ali Kekliktepe"],"inLanguage":"tr","potentialAction":[{"@type":"CommentAction","name":"Comment","target":["https:\/\/epochtimestr.com\/index.php\/turkiye-huzurun-teminati#respond"]}]},{"@type":"WebPage","@id":"https:\/\/epochtimestr.com\/index.php\/turkiye-huzurun-teminati","url":"https:\/\/epochtimestr.com\/index.php\/turkiye-huzurun-teminati","name":"T\u00fcrkiye, Huzurun Teminat\u0131 - The Epoch Times TR","isPartOf":{"@id":"https:\/\/epochtimestr.com\/#website"},"primaryImageOfPage":{"@id":"https:\/\/epochtimestr.com\/index.php\/turkiye-huzurun-teminati#primaryimage"},"image":{"@id":"https:\/\/epochtimestr.com\/index.php\/turkiye-huzurun-teminati#primaryimage"},"thumbnailUrl":"https:\/\/epochtimestr.com\/wp-content\/uploads\/2011y\/Ali-Kekliktepe.jpg","datePublished":"2026-05-14T04:30:00+00:00","dateModified":"2026-05-14T04:44:41+00:00","description":"Vek\u00e2let sava\u015flar\u0131n\u0131n k\u00fcresel bir yang\u0131na d\u00f6n\u00fc\u015ft\u00fc\u011f\u00fc ve diplomasinin yerini sert g\u00fcce b\u0131rakt\u0131\u011f\u0131 bir \u00e7a\u011fda ya\u015f\u0131yoruz.","inLanguage":"tr","potentialAction":[{"@type":"ReadAction","target":["https:\/\/epochtimestr.com\/index.php\/turkiye-huzurun-teminati"]}]},{"@type":"ImageObject","inLanguage":"tr","@id":"https:\/\/epochtimestr.com\/index.php\/turkiye-huzurun-teminati#primaryimage","url":"https:\/\/epochtimestr.com\/wp-content\/uploads\/2011y\/Ali-Kekliktepe.jpg","contentUrl":"https:\/\/epochtimestr.com\/wp-content\/uploads\/2011y\/Ali-Kekliktepe.jpg","width":600,"height":600},{"@type":"WebSite","@id":"https:\/\/epochtimestr.com\/#website","url":"https:\/\/epochtimestr.com\/","name":"The Epoch Times TR","description":"De\u011fi\u015fen D\u00fcnyam\u0131za Taze Bir Bak\u0131\u015f","publisher":{"@id":"https:\/\/epochtimestr.com\/#organization"},"potentialAction":[{"@type":"SearchAction","target":{"@type":"EntryPoint","urlTemplate":"https:\/\/epochtimestr.com\/?s={search_term_string}"},"query-input":"required name=search_term_string"}],"inLanguage":"tr"},{"@type":"Organization","@id":"https:\/\/epochtimestr.com\/#organization","name":"The EpochTimes T\u00fcrkiye","url":"https:\/\/epochtimestr.com\/","logo":{"@type":"ImageObject","inLanguage":"tr","@id":"https:\/\/epochtimestr.com\/#\/schema\/logo\/image\/","url":"https:\/\/epochtimestr.com\/wp-content\/uploads\/2011y\/ET-Logo-YG.jpg","contentUrl":"https:\/\/epochtimestr.com\/wp-content\/uploads\/2011y\/ET-Logo-YG.jpg","width":346,"height":29,"caption":"The EpochTimes T\u00fcrkiye"},"image":{"@id":"https:\/\/epochtimestr.com\/#\/schema\/logo\/image\/"},"sameAs":["https:\/\/www.facebook.com\/theepochtimestr","https:\/\/x.com\/TheEpochTimesTR","https:\/\/www.instagram.com\/epochtimestr"]},{"@type":"Person","@id":"https:\/\/epochtimestr.com\/#\/schema\/person\/da94a416fed1aed029d0a47e85673b95","name":"Ali Kekliktepe","image":{"@type":"ImageObject","inLanguage":"tr","@id":"https:\/\/epochtimestr.com\/#\/schema\/person\/image\/","url":"https:\/\/secure.gravatar.com\/avatar\/6c965c3fc374c8f4af759baef4f38bcd?s=96&d=mm&r=g","contentUrl":"https:\/\/secure.gravatar.com\/avatar\/6c965c3fc374c8f4af759baef4f38bcd?s=96&d=mm&r=g","caption":"Ali Kekliktepe"},"description":"Ben Ali Kekliktepe; hayat\u0131n\u0131 \u00f6\u011frenmeye, \u00f6\u011fretmeye ve toplumsal fayda yaratmaya adam\u0131\u015f bir yazar ve profesyonelim. Kalemi sadece ka\u011f\u0131da dokunan bir ara\u00e7 de\u011fil, toplumun aksayan y\u00f6nlerine \u015fifa olan bir enstr\u00fcman olarak g\u00f6r\u00fcyorum.","sameAs":["https:\/\/alikekliktepemersin33.blogspot.com\/"],"url":"https:\/\/epochtimestr.com\/index.php\/author\/ali"}]}},"_links":{"self":[{"href":"https:\/\/epochtimestr.com\/index.php\/wp-json\/wp\/v2\/posts\/167252"}],"collection":[{"href":"https:\/\/epochtimestr.com\/index.php\/wp-json\/wp\/v2\/posts"}],"about":[{"href":"https:\/\/epochtimestr.com\/index.php\/wp-json\/wp\/v2\/types\/post"}],"author":[{"embeddable":true,"href":"https:\/\/epochtimestr.com\/index.php\/wp-json\/wp\/v2\/users\/14013"}],"replies":[{"embeddable":true,"href":"https:\/\/epochtimestr.com\/index.php\/wp-json\/wp\/v2\/comments?post=167252"}],"version-history":[{"count":2,"href":"https:\/\/epochtimestr.com\/index.php\/wp-json\/wp\/v2\/posts\/167252\/revisions"}],"predecessor-version":[{"id":167255,"href":"https:\/\/epochtimestr.com\/index.php\/wp-json\/wp\/v2\/posts\/167252\/revisions\/167255"}],"wp:featuredmedia":[{"embeddable":true,"href":"https:\/\/epochtimestr.com\/index.php\/wp-json\/wp\/v2\/media\/167144"}],"wp:attachment":[{"href":"https:\/\/epochtimestr.com\/index.php\/wp-json\/wp\/v2\/media?parent=167252"}],"wp:term":[{"taxonomy":"category","embeddable":true,"href":"https:\/\/epochtimestr.com\/index.php\/wp-json\/wp\/v2\/categories?post=167252"},{"taxonomy":"post_tag","embeddable":true,"href":"https:\/\/epochtimestr.com\/index.php\/wp-json\/wp\/v2\/tags?post=167252"}],"curies":[{"name":"wp","href":"https:\/\/api.w.org\/{rel}","templated":true}]}}