{"id":167258,"date":"2026-05-14T10:32:51","date_gmt":"2026-05-14T07:32:51","guid":{"rendered":"https:\/\/epochtimestr.com\/?p=167258"},"modified":"2026-05-14T10:32:53","modified_gmt":"2026-05-14T07:32:53","slug":"ofkenin-ardindaki-sessiz-ciglik","status":"publish","type":"post","link":"https:\/\/epochtimestr.com\/index.php\/ofkenin-ardindaki-sessiz-ciglik","title":{"rendered":"\u00d6fkenin Ard\u0131ndaki Sessiz \u00c7\u0131\u011fl\u0131k"},"content":{"rendered":"\n<p>Hayatta bazen \u00f6yle sorunlarla kar\u015f\u0131la\u015f\u0131r\u0131z ki, tek ba\u015f\u0131m\u0131za \u00e7\u00f6zmekte zorlan\u0131r\u0131z. \u0130\u00e7imizde b\u00fcy\u00fcyen kayg\u0131lar, \u00fcz\u00fcnt\u00fcler ve duygusal y\u00fckler ya\u015fam\u0131m\u0131z\u0131 a\u011f\u0131rla\u015ft\u0131rabilir. B\u00f6yle zamanlarda bir psikologdan destek almak, insan\u0131n kendini daha iyi tan\u0131mas\u0131na ve sorunlar\u0131na sa\u011fl\u0131kl\u0131 \u00e7\u00f6z\u00fcmler bulmas\u0131na yard\u0131mc\u0131 olur. Ben de hayat\u0131mda, a\u015fmakta zorland\u0131\u011f\u0131m baz\u0131 d\u00f6nemlerde, psikologlardan destek alan biriyim. Do\u011fru y\u00f6nlendirmeler ve profesyonel destek sayesinde ki\u015fi, hem ruhsal olarak g\u00fc\u00e7lenir hem de hayata daha umutlu bakmay\u0131 \u00f6\u011frenir.<\/p>\n\n\n\n<p>D\u00fcnyada ve \u00fclkemizde, toplumsal \u015fiddet ve sald\u0131rganl\u0131k olaylar\u0131n\u0131n hayli \u00e7ok ya\u015fand\u0131\u011f\u0131 bir d\u00f6nemden ge\u00e7iyoruz. Bu olaylar \u00e7o\u011fu zaman yaln\u0131zca \u201c\u00f6fke problemi\u201d olarak de\u011ferlendiriliyor. Oysa sald\u0131rgan davran\u0131\u015flar\u0131n alt\u0131nda yaln\u0131zca anl\u0131k k\u0131zg\u0131nl\u0131k de\u011fil; \u00f6\u011frenilmi\u015f davran\u0131\u015flar, duygusal zorlanmalar, sevgisizlik, bask\u0131, travmalar ve biyolojik etkenler de yer alabilir. \u0130nsan sadece \u00f6fkeden de\u011fil; bazen anla\u015f\u0131lmamaktan, de\u011fersizlik hissinden ve i\u00e7indeki \u00e7aresizlikten de sald\u0131rganla\u015f\u0131r.<\/p>\n\n\n\n<p>\u00c7ocukluk d\u00f6neminde \u015fiddet g\u00f6ren, s\u00fcrekli bask\u0131yla b\u00fcy\u00fcyen veya sevgiden uzak kalan bireyler, zamanla duygular\u0131n\u0131 sa\u011fl\u0131kl\u0131 \u015fekilde ifade etmeyi \u00f6\u011frenemezler. Sorun \u00e7\u00f6zmek yerine ba\u011f\u0131rmay\u0131, k\u0131rmay\u0131 ya da zarar vermeyi normal g\u00f6rebilirler. \u00c7\u00fcnk\u00fc insan, \u00e7o\u011fu davran\u0131\u015f\u0131 ya\u015fayarak ve g\u00f6rerek \u00f6\u011frenir. Evde, okulda ve \u00e7evrede \u015fiddetin normalle\u015fmesi, toplumun gelece\u011fini de sessizce yaralar.<\/p>\n\n\n\n<p>Psikolojik nedenlerin yan\u0131nda biyolojik etkenler de sald\u0131rganl\u0131k \u00fczerinde etkili olabilir. Beyindeki baz\u0131 kimyasal dengesizlikler, stres hormonlar\u0131n\u0131n yo\u011funlu\u011fu, uyku bozukluklar\u0131 ve ba\u011f\u0131ml\u0131l\u0131klar ki\u015finin kontrol mekanizmas\u0131n\u0131 zay\u0131flatabilir. Ancak hi\u00e7bir biyolojik neden, \u015fiddeti hakl\u0131 g\u00f6stermez. As\u0131l \u00f6nemli olan, bireyin duygu d\u00fczenleme becerilerini kazanabilmesidir.<\/p>\n\n\n\n<p>Bug\u00fcn toplum olarak en \u00e7ok ihtiya\u00e7 duydu\u011fumuz \u015fey; daha fazla anlay\u0131\u015f, daha fazla ileti\u015fim ve ruh sa\u011fl\u0131\u011f\u0131na verilen de\u011ferdir. \u0130nsanlar\u0131n yaln\u0131zca beden sa\u011fl\u0131\u011f\u0131 de\u011fil, ruhsal y\u00fckleri de g\u00f6r\u00fclmelidir. \u00c7\u00fcnk\u00fc bast\u0131r\u0131lm\u0131\u015f ac\u0131lar bazen \u00f6fkeye, \u00f6fke ise geri d\u00f6n\u00fc\u015f\u00fc olmayan yaralara d\u00f6n\u00fc\u015febiliyor.<\/p>\n\n\n\n<p>\u015eiddetin olmad\u0131\u011f\u0131 bir toplum i\u00e7in \u00e7ocuklara sevgiyi, gen\u00e7lere sabr\u0131, b\u00fcy\u00fcklere ise empatiyi yeniden hat\u0131rlatmak zorunday\u0131z. \u00c7\u00fcnk\u00fc iyile\u015fen her insan, topluma umut olan bir \u0131\u015f\u0131k yakacakt\u0131r.<\/p>\n","protected":false},"excerpt":{"rendered":"<p>Hayatta bazen \u00f6yle sorunlarla kar\u015f\u0131la\u015f\u0131r\u0131z ki, tek ba\u015f\u0131m\u0131za \u00e7\u00f6zmekte zorlan\u0131r\u0131z. \u0130\u00e7imizde b\u00fcy\u00fcyen kayg\u0131lar, \u00fcz\u00fcnt\u00fcler ve duygusal y\u00fckler ya\u015fam\u0131m\u0131z\u0131 a\u011f\u0131rla\u015ft\u0131rabilir. B\u00f6yle zamanlarda bir psikologdan destek almak, insan\u0131n kendini daha iyi tan\u0131mas\u0131na ve sorunlar\u0131na sa\u011fl\u0131kl\u0131 \u00e7\u00f6z\u00fcmler bulmas\u0131na yard\u0131mc\u0131 olur. Ben de hayat\u0131mda, a\u015fmakta zorland\u0131\u011f\u0131m baz\u0131 d\u00f6nemlerde, psikologlardan destek alan biriyim. Do\u011fru y\u00f6nlendirmeler ve profesyonel destek sayesinde ki\u015fi, [&hellip;]<\/p>\n","protected":false},"author":13998,"featured_media":160116,"comment_status":"open","ping_status":"open","sticky":false,"template":"","format":"standard","meta":{"_yoast_wpseo_focuskw":"duygusal y\u00fckler","_yoast_wpseo_title":"","_yoast_wpseo_metadesc":"Hayatta bazen \u00f6yle sorunlarla kar\u015f\u0131la\u015f\u0131r\u0131z ki, \u00e7\u00f6zmekte zorlan\u0131r\u0131z. \u0130\u00e7imizde b\u00fcy\u00fcyen duygusal y\u00fckler ya\u015fam\u0131m\u0131z\u0131 a\u011f\u0131rla\u015ft\u0131rabilir.","_bbp_topic_count":0,"_bbp_reply_count":0,"_bbp_total_topic_count":0,"_bbp_total_reply_count":0,"_bbp_voice_count":0,"_bbp_anonymous_reply_count":0,"_bbp_topic_count_hidden":0,"_bbp_reply_count_hidden":0,"_bbp_forum_subforum_count":0,"footnotes":"","_yoast_wpseo_focuskw_text_input":""},"categories":[8889],"tags":[],"yoast_head":"<!-- This site is optimized with the Yoast SEO plugin v23.0 - https:\/\/yoast.com\/wordpress\/plugins\/seo\/ -->\n<title>\u00d6fkenin Ard\u0131ndaki Sessiz \u00c7\u0131\u011fl\u0131k - The Epoch Times TR<\/title>\n<meta name=\"description\" content=\"Hayatta bazen \u00f6yle sorunlarla kar\u015f\u0131la\u015f\u0131r\u0131z ki, \u00e7\u00f6zmekte zorlan\u0131r\u0131z. \u0130\u00e7imizde b\u00fcy\u00fcyen duygusal y\u00fckler ya\u015fam\u0131m\u0131z\u0131 a\u011f\u0131rla\u015ft\u0131rabilir.\" \/>\n<meta name=\"robots\" content=\"index, follow, max-snippet:-1, max-image-preview:large, max-video-preview:-1\" \/>\n<link rel=\"canonical\" href=\"https:\/\/epochtimestr.com\/index.php\/ofkenin-ardindaki-sessiz-ciglik\" \/>\n<meta property=\"og:locale\" content=\"tr_TR\" \/>\n<meta property=\"og:type\" content=\"article\" \/>\n<meta property=\"og:title\" content=\"\u00d6fkenin Ard\u0131ndaki Sessiz \u00c7\u0131\u011fl\u0131k - The Epoch Times TR\" \/>\n<meta property=\"og:description\" content=\"Hayatta bazen \u00f6yle sorunlarla kar\u015f\u0131la\u015f\u0131r\u0131z ki, \u00e7\u00f6zmekte zorlan\u0131r\u0131z. \u0130\u00e7imizde b\u00fcy\u00fcyen duygusal y\u00fckler ya\u015fam\u0131m\u0131z\u0131 a\u011f\u0131rla\u015ft\u0131rabilir.\" \/>\n<meta property=\"og:url\" content=\"https:\/\/epochtimestr.com\/index.php\/ofkenin-ardindaki-sessiz-ciglik\" \/>\n<meta property=\"og:site_name\" content=\"The Epoch Times TR\" \/>\n<meta property=\"article:publisher\" content=\"https:\/\/www.facebook.com\/theepochtimestr\" \/>\n<meta property=\"article:published_time\" content=\"2026-05-14T07:32:51+00:00\" \/>\n<meta property=\"article:modified_time\" content=\"2026-05-14T07:32:53+00:00\" \/>\n<meta property=\"og:image\" content=\"https:\/\/epochtimestr.com\/wp-content\/uploads\/2011y\/SERIFE-ESER-SM.png\" \/>\n\t<meta property=\"og:image:width\" content=\"1200\" \/>\n\t<meta property=\"og:image:height\" content=\"630\" \/>\n\t<meta property=\"og:image:type\" content=\"image\/png\" \/>\n<meta name=\"author\" content=\"\u015eerife Eser\" \/>\n<meta name=\"twitter:card\" content=\"summary_large_image\" \/>\n<meta name=\"twitter:creator\" content=\"@TheEpochTimesTR\" \/>\n<meta name=\"twitter:site\" content=\"@TheEpochTimesTR\" \/>\n<meta name=\"twitter:label1\" content=\"Yazan:\" \/>\n\t<meta name=\"twitter:data1\" content=\"\u015eerife Eser\" \/>\n\t<meta name=\"twitter:label2\" content=\"Tahmini okuma s\u00fcresi\" \/>\n\t<meta name=\"twitter:data2\" content=\"2 dakika\" \/>\n<script type=\"application\/ld+json\" class=\"yoast-schema-graph\">{\"@context\":\"https:\/\/schema.org\",\"@graph\":[{\"@type\":\"Article\",\"@id\":\"https:\/\/epochtimestr.com\/index.php\/ofkenin-ardindaki-sessiz-ciglik#article\",\"isPartOf\":{\"@id\":\"https:\/\/epochtimestr.com\/index.php\/ofkenin-ardindaki-sessiz-ciglik\"},\"author\":{\"name\":\"\u015eerife Eser\",\"@id\":\"https:\/\/epochtimestr.com\/#\/schema\/person\/82b65a1390e2b0717a679b57ed38d466\"},\"headline\":\"\u00d6fkenin Ard\u0131ndaki Sessiz \u00c7\u0131\u011fl\u0131k\",\"datePublished\":\"2026-05-14T07:32:51+00:00\",\"dateModified\":\"2026-05-14T07:32:53+00:00\",\"mainEntityOfPage\":{\"@id\":\"https:\/\/epochtimestr.com\/index.php\/ofkenin-ardindaki-sessiz-ciglik\"},\"wordCount\":409,\"commentCount\":0,\"publisher\":{\"@id\":\"https:\/\/epochtimestr.com\/#organization\"},\"image\":{\"@id\":\"https:\/\/epochtimestr.com\/index.php\/ofkenin-ardindaki-sessiz-ciglik#primaryimage\"},\"thumbnailUrl\":\"https:\/\/epochtimestr.com\/wp-content\/uploads\/2011y\/Serife-Eser-Profil-1.png\",\"articleSection\":[\"K\u00f6\u015fe Yaz\u0131lar\u0131 \u015eerife Eser\"],\"inLanguage\":\"tr\",\"potentialAction\":[{\"@type\":\"CommentAction\",\"name\":\"Comment\",\"target\":[\"https:\/\/epochtimestr.com\/index.php\/ofkenin-ardindaki-sessiz-ciglik#respond\"]}]},{\"@type\":\"WebPage\",\"@id\":\"https:\/\/epochtimestr.com\/index.php\/ofkenin-ardindaki-sessiz-ciglik\",\"url\":\"https:\/\/epochtimestr.com\/index.php\/ofkenin-ardindaki-sessiz-ciglik\",\"name\":\"\u00d6fkenin Ard\u0131ndaki Sessiz \u00c7\u0131\u011fl\u0131k - The Epoch Times TR\",\"isPartOf\":{\"@id\":\"https:\/\/epochtimestr.com\/#website\"},\"primaryImageOfPage\":{\"@id\":\"https:\/\/epochtimestr.com\/index.php\/ofkenin-ardindaki-sessiz-ciglik#primaryimage\"},\"image\":{\"@id\":\"https:\/\/epochtimestr.com\/index.php\/ofkenin-ardindaki-sessiz-ciglik#primaryimage\"},\"thumbnailUrl\":\"https:\/\/epochtimestr.com\/wp-content\/uploads\/2011y\/Serife-Eser-Profil-1.png\",\"datePublished\":\"2026-05-14T07:32:51+00:00\",\"dateModified\":\"2026-05-14T07:32:53+00:00\",\"description\":\"Hayatta bazen \u00f6yle sorunlarla kar\u015f\u0131la\u015f\u0131r\u0131z ki, \u00e7\u00f6zmekte zorlan\u0131r\u0131z. \u0130\u00e7imizde b\u00fcy\u00fcyen duygusal y\u00fckler ya\u015fam\u0131m\u0131z\u0131 a\u011f\u0131rla\u015ft\u0131rabilir.\",\"inLanguage\":\"tr\",\"potentialAction\":[{\"@type\":\"ReadAction\",\"target\":[\"https:\/\/epochtimestr.com\/index.php\/ofkenin-ardindaki-sessiz-ciglik\"]}]},{\"@type\":\"ImageObject\",\"inLanguage\":\"tr\",\"@id\":\"https:\/\/epochtimestr.com\/index.php\/ofkenin-ardindaki-sessiz-ciglik#primaryimage\",\"url\":\"https:\/\/epochtimestr.com\/wp-content\/uploads\/2011y\/Serife-Eser-Profil-1.png\",\"contentUrl\":\"https:\/\/epochtimestr.com\/wp-content\/uploads\/2011y\/Serife-Eser-Profil-1.png\",\"width\":600,\"height\":600},{\"@type\":\"WebSite\",\"@id\":\"https:\/\/epochtimestr.com\/#website\",\"url\":\"https:\/\/epochtimestr.com\/\",\"name\":\"The Epoch Times TR\",\"description\":\"De\u011fi\u015fen D\u00fcnyam\u0131za Taze Bir Bak\u0131\u015f\",\"publisher\":{\"@id\":\"https:\/\/epochtimestr.com\/#organization\"},\"potentialAction\":[{\"@type\":\"SearchAction\",\"target\":{\"@type\":\"EntryPoint\",\"urlTemplate\":\"https:\/\/epochtimestr.com\/?s={search_term_string}\"},\"query-input\":\"required name=search_term_string\"}],\"inLanguage\":\"tr\"},{\"@type\":\"Organization\",\"@id\":\"https:\/\/epochtimestr.com\/#organization\",\"name\":\"The EpochTimes T\u00fcrkiye\",\"url\":\"https:\/\/epochtimestr.com\/\",\"logo\":{\"@type\":\"ImageObject\",\"inLanguage\":\"tr\",\"@id\":\"https:\/\/epochtimestr.com\/#\/schema\/logo\/image\/\",\"url\":\"https:\/\/epochtimestr.com\/wp-content\/uploads\/2011y\/ET-Logo-YG.jpg\",\"contentUrl\":\"https:\/\/epochtimestr.com\/wp-content\/uploads\/2011y\/ET-Logo-YG.jpg\",\"width\":346,\"height\":29,\"caption\":\"The EpochTimes T\u00fcrkiye\"},\"image\":{\"@id\":\"https:\/\/epochtimestr.com\/#\/schema\/logo\/image\/\"},\"sameAs\":[\"https:\/\/www.facebook.com\/theepochtimestr\",\"https:\/\/x.com\/TheEpochTimesTR\",\"https:\/\/www.instagram.com\/epochtimestr\"]},{\"@type\":\"Person\",\"@id\":\"https:\/\/epochtimestr.com\/#\/schema\/person\/82b65a1390e2b0717a679b57ed38d466\",\"name\":\"\u015eerife Eser\",\"image\":{\"@type\":\"ImageObject\",\"inLanguage\":\"tr\",\"@id\":\"https:\/\/epochtimestr.com\/#\/schema\/person\/image\/\",\"url\":\"https:\/\/secure.gravatar.com\/avatar\/240b2d469e089f3ae0f677fcc7925228?s=96&d=mm&r=g\",\"contentUrl\":\"https:\/\/secure.gravatar.com\/avatar\/240b2d469e089f3ae0f677fcc7925228?s=96&d=mm&r=g\",\"caption\":\"\u015eerife Eser\"},\"url\":\"https:\/\/epochtimestr.com\/index.php\/author\/serife\"}]}<\/script>\n<!-- \/ Yoast SEO plugin. -->","yoast_head_json":{"title":"\u00d6fkenin Ard\u0131ndaki Sessiz \u00c7\u0131\u011fl\u0131k - The Epoch Times TR","description":"Hayatta bazen \u00f6yle sorunlarla kar\u015f\u0131la\u015f\u0131r\u0131z ki, \u00e7\u00f6zmekte zorlan\u0131r\u0131z. \u0130\u00e7imizde b\u00fcy\u00fcyen duygusal y\u00fckler ya\u015fam\u0131m\u0131z\u0131 a\u011f\u0131rla\u015ft\u0131rabilir.","robots":{"index":"index","follow":"follow","max-snippet":"max-snippet:-1","max-image-preview":"max-image-preview:large","max-video-preview":"max-video-preview:-1"},"canonical":"https:\/\/epochtimestr.com\/index.php\/ofkenin-ardindaki-sessiz-ciglik","og_locale":"tr_TR","og_type":"article","og_title":"\u00d6fkenin Ard\u0131ndaki Sessiz \u00c7\u0131\u011fl\u0131k - The Epoch Times TR","og_description":"Hayatta bazen \u00f6yle sorunlarla kar\u015f\u0131la\u015f\u0131r\u0131z ki, \u00e7\u00f6zmekte zorlan\u0131r\u0131z. \u0130\u00e7imizde b\u00fcy\u00fcyen duygusal y\u00fckler ya\u015fam\u0131m\u0131z\u0131 a\u011f\u0131rla\u015ft\u0131rabilir.","og_url":"https:\/\/epochtimestr.com\/index.php\/ofkenin-ardindaki-sessiz-ciglik","og_site_name":"The Epoch Times TR","article_publisher":"https:\/\/www.facebook.com\/theepochtimestr","article_published_time":"2026-05-14T07:32:51+00:00","article_modified_time":"2026-05-14T07:32:53+00:00","og_image":[{"width":1200,"height":630,"url":"https:\/\/epochtimestr.com\/wp-content\/uploads\/2011y\/SERIFE-ESER-SM.png","type":"image\/png"}],"author":"\u015eerife Eser","twitter_card":"summary_large_image","twitter_creator":"@TheEpochTimesTR","twitter_site":"@TheEpochTimesTR","twitter_misc":{"Yazan:":"\u015eerife Eser","Tahmini okuma s\u00fcresi":"2 dakika"},"schema":{"@context":"https:\/\/schema.org","@graph":[{"@type":"Article","@id":"https:\/\/epochtimestr.com\/index.php\/ofkenin-ardindaki-sessiz-ciglik#article","isPartOf":{"@id":"https:\/\/epochtimestr.com\/index.php\/ofkenin-ardindaki-sessiz-ciglik"},"author":{"name":"\u015eerife Eser","@id":"https:\/\/epochtimestr.com\/#\/schema\/person\/82b65a1390e2b0717a679b57ed38d466"},"headline":"\u00d6fkenin Ard\u0131ndaki Sessiz \u00c7\u0131\u011fl\u0131k","datePublished":"2026-05-14T07:32:51+00:00","dateModified":"2026-05-14T07:32:53+00:00","mainEntityOfPage":{"@id":"https:\/\/epochtimestr.com\/index.php\/ofkenin-ardindaki-sessiz-ciglik"},"wordCount":409,"commentCount":0,"publisher":{"@id":"https:\/\/epochtimestr.com\/#organization"},"image":{"@id":"https:\/\/epochtimestr.com\/index.php\/ofkenin-ardindaki-sessiz-ciglik#primaryimage"},"thumbnailUrl":"https:\/\/epochtimestr.com\/wp-content\/uploads\/2011y\/Serife-Eser-Profil-1.png","articleSection":["K\u00f6\u015fe Yaz\u0131lar\u0131 \u015eerife Eser"],"inLanguage":"tr","potentialAction":[{"@type":"CommentAction","name":"Comment","target":["https:\/\/epochtimestr.com\/index.php\/ofkenin-ardindaki-sessiz-ciglik#respond"]}]},{"@type":"WebPage","@id":"https:\/\/epochtimestr.com\/index.php\/ofkenin-ardindaki-sessiz-ciglik","url":"https:\/\/epochtimestr.com\/index.php\/ofkenin-ardindaki-sessiz-ciglik","name":"\u00d6fkenin Ard\u0131ndaki Sessiz \u00c7\u0131\u011fl\u0131k - The Epoch Times TR","isPartOf":{"@id":"https:\/\/epochtimestr.com\/#website"},"primaryImageOfPage":{"@id":"https:\/\/epochtimestr.com\/index.php\/ofkenin-ardindaki-sessiz-ciglik#primaryimage"},"image":{"@id":"https:\/\/epochtimestr.com\/index.php\/ofkenin-ardindaki-sessiz-ciglik#primaryimage"},"thumbnailUrl":"https:\/\/epochtimestr.com\/wp-content\/uploads\/2011y\/Serife-Eser-Profil-1.png","datePublished":"2026-05-14T07:32:51+00:00","dateModified":"2026-05-14T07:32:53+00:00","description":"Hayatta bazen \u00f6yle sorunlarla kar\u015f\u0131la\u015f\u0131r\u0131z ki, \u00e7\u00f6zmekte zorlan\u0131r\u0131z. \u0130\u00e7imizde b\u00fcy\u00fcyen duygusal y\u00fckler ya\u015fam\u0131m\u0131z\u0131 a\u011f\u0131rla\u015ft\u0131rabilir.","inLanguage":"tr","potentialAction":[{"@type":"ReadAction","target":["https:\/\/epochtimestr.com\/index.php\/ofkenin-ardindaki-sessiz-ciglik"]}]},{"@type":"ImageObject","inLanguage":"tr","@id":"https:\/\/epochtimestr.com\/index.php\/ofkenin-ardindaki-sessiz-ciglik#primaryimage","url":"https:\/\/epochtimestr.com\/wp-content\/uploads\/2011y\/Serife-Eser-Profil-1.png","contentUrl":"https:\/\/epochtimestr.com\/wp-content\/uploads\/2011y\/Serife-Eser-Profil-1.png","width":600,"height":600},{"@type":"WebSite","@id":"https:\/\/epochtimestr.com\/#website","url":"https:\/\/epochtimestr.com\/","name":"The Epoch Times TR","description":"De\u011fi\u015fen D\u00fcnyam\u0131za Taze Bir Bak\u0131\u015f","publisher":{"@id":"https:\/\/epochtimestr.com\/#organization"},"potentialAction":[{"@type":"SearchAction","target":{"@type":"EntryPoint","urlTemplate":"https:\/\/epochtimestr.com\/?s={search_term_string}"},"query-input":"required name=search_term_string"}],"inLanguage":"tr"},{"@type":"Organization","@id":"https:\/\/epochtimestr.com\/#organization","name":"The EpochTimes T\u00fcrkiye","url":"https:\/\/epochtimestr.com\/","logo":{"@type":"ImageObject","inLanguage":"tr","@id":"https:\/\/epochtimestr.com\/#\/schema\/logo\/image\/","url":"https:\/\/epochtimestr.com\/wp-content\/uploads\/2011y\/ET-Logo-YG.jpg","contentUrl":"https:\/\/epochtimestr.com\/wp-content\/uploads\/2011y\/ET-Logo-YG.jpg","width":346,"height":29,"caption":"The EpochTimes T\u00fcrkiye"},"image":{"@id":"https:\/\/epochtimestr.com\/#\/schema\/logo\/image\/"},"sameAs":["https:\/\/www.facebook.com\/theepochtimestr","https:\/\/x.com\/TheEpochTimesTR","https:\/\/www.instagram.com\/epochtimestr"]},{"@type":"Person","@id":"https:\/\/epochtimestr.com\/#\/schema\/person\/82b65a1390e2b0717a679b57ed38d466","name":"\u015eerife Eser","image":{"@type":"ImageObject","inLanguage":"tr","@id":"https:\/\/epochtimestr.com\/#\/schema\/person\/image\/","url":"https:\/\/secure.gravatar.com\/avatar\/240b2d469e089f3ae0f677fcc7925228?s=96&d=mm&r=g","contentUrl":"https:\/\/secure.gravatar.com\/avatar\/240b2d469e089f3ae0f677fcc7925228?s=96&d=mm&r=g","caption":"\u015eerife Eser"},"url":"https:\/\/epochtimestr.com\/index.php\/author\/serife"}]}},"_links":{"self":[{"href":"https:\/\/epochtimestr.com\/index.php\/wp-json\/wp\/v2\/posts\/167258"}],"collection":[{"href":"https:\/\/epochtimestr.com\/index.php\/wp-json\/wp\/v2\/posts"}],"about":[{"href":"https:\/\/epochtimestr.com\/index.php\/wp-json\/wp\/v2\/types\/post"}],"author":[{"embeddable":true,"href":"https:\/\/epochtimestr.com\/index.php\/wp-json\/wp\/v2\/users\/13998"}],"replies":[{"embeddable":true,"href":"https:\/\/epochtimestr.com\/index.php\/wp-json\/wp\/v2\/comments?post=167258"}],"version-history":[{"count":1,"href":"https:\/\/epochtimestr.com\/index.php\/wp-json\/wp\/v2\/posts\/167258\/revisions"}],"predecessor-version":[{"id":167259,"href":"https:\/\/epochtimestr.com\/index.php\/wp-json\/wp\/v2\/posts\/167258\/revisions\/167259"}],"wp:featuredmedia":[{"embeddable":true,"href":"https:\/\/epochtimestr.com\/index.php\/wp-json\/wp\/v2\/media\/160116"}],"wp:attachment":[{"href":"https:\/\/epochtimestr.com\/index.php\/wp-json\/wp\/v2\/media?parent=167258"}],"wp:term":[{"taxonomy":"category","embeddable":true,"href":"https:\/\/epochtimestr.com\/index.php\/wp-json\/wp\/v2\/categories?post=167258"},{"taxonomy":"post_tag","embeddable":true,"href":"https:\/\/epochtimestr.com\/index.php\/wp-json\/wp\/v2\/tags?post=167258"}],"curies":[{"name":"wp","href":"https:\/\/api.w.org\/{rel}","templated":true}]}}