{"id":167260,"date":"2026-05-14T17:39:20","date_gmt":"2026-05-14T14:39:20","guid":{"rendered":"https:\/\/epochtimestr.com\/?p=167260"},"modified":"2026-05-14T17:39:23","modified_gmt":"2026-05-14T14:39:23","slug":"trump-ile-xi-pekinde-gorusuyor","status":"publish","type":"post","link":"https:\/\/epochtimestr.com\/index.php\/trump-ile-xi-pekinde-gorusuyor","title":{"rendered":"Trump \u0130le Xi Pekin\u2019de G\u00f6r\u00fc\u015f\u00fcyor"},"content":{"rendered":"<div class=\"wp-block-image\">\n<figure class=\"aligncenter size-large is-resized\"><img loading=\"lazy\" decoding=\"async\" width=\"1800\" height=\"1200\" src=\"https:\/\/epochtimestr.com\/wp-content\/uploads\/2011y\/1000038746-1800x1200.jpg\" alt=\"ABD Ba\u015fkan\u0131 Donald Trump, \u00c7in Kom\u00fcnist Partisi Genel Sekreteri Xi Jinping\u2019i, 30 Ekim 2025 Per\u015fembe g\u00fcn\u00fc G\u00fcney Kore\u2019nin Busan kentindeki Gimhae Uluslararas\u0131 Havaliman\u0131 terminalinde yap\u0131lan ikili g\u00f6r\u00fc\u015fme \u00f6ncesi kar\u015f\u0131lad\u0131. (Resm\u00ee Beyaz Saray Foto\u011fraf\u0131: Daniel Torok)\" class=\"wp-image-167261\" style=\"width:840px;height:auto\" srcset=\"https:\/\/epochtimestr.com\/wp-content\/uploads\/2011y\/1000038746-1800x1200.jpg 1800w, https:\/\/epochtimestr.com\/wp-content\/uploads\/2011y\/1000038746-300x200.jpg 300w, https:\/\/epochtimestr.com\/wp-content\/uploads\/2011y\/1000038746-150x100.jpg 150w, https:\/\/epochtimestr.com\/wp-content\/uploads\/2011y\/1000038746-768x512.jpg 768w, https:\/\/epochtimestr.com\/wp-content\/uploads\/2011y\/1000038746-1536x1024.jpg 1536w, https:\/\/epochtimestr.com\/wp-content\/uploads\/2011y\/1000038746.jpg 1920w\" sizes=\"(max-width: 1800px) 100vw, 1800px\" \/><figcaption class=\"wp-element-caption\">ABD Ba\u015fkan\u0131 Donald Trump ve \u00c7in Kom\u00fcnist Partisi Genel Sekreteri Xi Jinping, ikili g\u00f6r\u00fc\u015fme \u00f6ncesinde Gimhae Uluslararas\u0131 Havaliman\u0131 terminalinde. 30 Ekim 2025, Busan, G\u00fcney Kore. (Resm\u00ee Beyaz Saray Foto\u011fraf\u0131: Daniel Torok)<\/figcaption><\/figure><\/div>\n\n\n<p>ABD Ba\u015fkan\u0131 Donald Trump ile \u00c7in Devlet Ba\u015fkan\u0131 Xi Jinping aras\u0131nda <a href=\"https:\/\/www.theepochtimes.com\/us\/trump-holds-high-stakes-meeting-with-xi-in-beijing-6025427\" target=\"_blank\" rel=\"noreferrer noopener\">14 May\u0131s 2026\u2019da<\/a> Pekin\u2019de iki g\u00fcnl\u00fck bir zirve ba\u015flad\u0131. Liderler, Tiananmen Meydan\u0131 yak\u0131nlar\u0131ndaki kar\u015f\u0131lama t\u00f6reninin ard\u0131ndan B\u00fcy\u00fck Halk Salonu\u2019nda ikili g\u00f6r\u00fc\u015fmeye ge\u00e7tiler. G\u00f6r\u00fc\u015fmelerin ana g\u00fcndem maddesi ticaret sava\u015f\u0131 olacak.<\/p>\n\n\n\n<p>Trump, a\u00e7\u0131l\u0131\u015f konu\u015fmas\u0131nda \u201cHarika bir gelecek bizi bekliyor\u201d dedi. Toplant\u0131da Trump\u2019\u0131n solunda D\u0131\u015fi\u015fleri Bakan\u0131 Marco Rubio, sa\u011f\u0131nda ABD\u2019nin \u00c7in B\u00fcy\u00fckel\u00e7isi David Perdue yer ald\u0131. Trump, \u201cD\u00fcnyan\u0131n en iyileri burada\u201d ifadeleri ile ABD i\u015f d\u00fcnyas\u0131 heyetini \u00f6vd\u00fc. Xi ise 2026\u2019n\u0131n <a href=\"https:\/\/epochtimestr.com\/index.php\/iran-savasi-cozumunde-cine-gereksinim-yok\" target=\"_blank\" rel=\"noreferrer noopener\">\u00c7in-ABD<\/a> ili\u015fkilerinde \u201cyeni bir d\u00f6nemin ba\u015flang\u0131c\u0131\u201d olmas\u0131n\u0131 umdu\u011funu s\u00f6yledi. A\u00e7\u0131l\u0131\u015f konu\u015fmalar\u0131n\u0131n ard\u0131ndan bas\u0131n mensuplar\u0131 salondan \u00e7\u0131kt\u0131.<\/p>\n\n\n\n<p>Ticaret sava\u015f\u0131n\u0131n son turu 2025 ba\u015f\u0131nda Trump\u2019\u0131n ek g\u00fcmr\u00fck vergilerini a\u00e7\u0131klamas\u0131yla ba\u015flad\u0131. \u00c7in&#8217;in de kar\u015f\u0131 \u00f6nlemler almas\u0131 \u00fczerine Nisan 2025\u2019te ABD vergileri y\u00fczde 145\u2019e ula\u015ft\u0131. Daha sonra iki \u00fclke ge\u00e7ici bir ate\u015fkes yapt\u0131. Daha sonra, Ekim 2025\u2019te Busan\u2019daki zirvede, ate\u015fkes bir y\u0131l daha uzat\u0131ld\u0131. Bu s\u00fcre\u00e7te \u00c7in, nadir toprak elementleri ve kritik minerallerin ihracat\u0131n\u0131 durdurmay\u0131 ge\u00e7ici olarak b\u0131rakt\u0131.<\/p>\n\n\n\n<p>Trump, Pekin\u2019e teknoloji ve tar\u0131m sekt\u00f6rlerinden ABD i\u015f d\u00fcnyas\u0131n\u0131n liderlerini g\u00f6t\u00fcrd\u00fc. ABD heyetinde Elon Musk, Jensen Huang, Tim Cook, Larry Fink ve Jane Fraser vard\u0131. Zirvede ABD, \u00c7in\u2019den savunma, enerji ve tar\u0131m alan\u0131nda yeni al\u0131mlar bekliyor.<\/p>\n\n\n\n<p>Ayr\u0131ca Tayvan ve insan haklar\u0131 konular\u0131 da g\u00f6r\u00fc\u015fmelerde g\u00fcndeme gelecek. Trump, \u0130ran ate\u015fkesi i\u00e7in \u201c\u015fu an hayatta kalma \u015fans\u0131 en d\u00fc\u015f\u00fck hasta gibi\u201d de\u011ferlendirmesi yapt\u0131.<\/p>\n","protected":false},"excerpt":{"rendered":"<p>ABD Ba\u015fkan\u0131 Donald Trump ile \u00c7in Devlet Ba\u015fkan\u0131 Xi Jinping aras\u0131nda 14 May\u0131s 2026\u2019da Pekin\u2019de iki g\u00fcnl\u00fck bir zirve ba\u015flad\u0131. Liderler, Tiananmen Meydan\u0131 yak\u0131nlar\u0131ndaki kar\u015f\u0131lama t\u00f6reninin ard\u0131ndan B\u00fcy\u00fck Halk Salonu\u2019nda ikili g\u00f6r\u00fc\u015fmeye ge\u00e7tiler. G\u00f6r\u00fc\u015fmelerin ana g\u00fcndem maddesi ticaret sava\u015f\u0131 olacak. Trump, a\u00e7\u0131l\u0131\u015f konu\u015fmas\u0131nda \u201cHarika bir gelecek bizi bekliyor\u201d dedi. Toplant\u0131da Trump\u2019\u0131n solunda D\u0131\u015fi\u015fleri Bakan\u0131 Marco [&hellip;]<\/p>\n","protected":false},"author":13996,"featured_media":167261,"comment_status":"open","ping_status":"open","sticky":false,"template":"","format":"standard","meta":{"_yoast_wpseo_focuskw":"Trump - Xi","_yoast_wpseo_title":"","_yoast_wpseo_metadesc":"ABD Ba\u015fkan\u0131 Donald Trump, \u00c7in Devlet Ba\u015fkan\u0131 Xi Jinping ile g\u00f6r\u00fc\u015f\u00fcyor. Zirve g\u00fcndeminde \u00fc\u00e7 ba\u015fl\u0131k \u00f6ne \u00e7\u0131k\u0131yor: Ticaret, Tayvan ve Orta Do\u011fu.","_bbp_topic_count":0,"_bbp_reply_count":0,"_bbp_total_topic_count":0,"_bbp_total_reply_count":0,"_bbp_voice_count":0,"_bbp_anonymous_reply_count":0,"_bbp_topic_count_hidden":0,"_bbp_reply_count_hidden":0,"_bbp_forum_subforum_count":0,"footnotes":"","_yoast_wpseo_focuskw_text_input":""},"categories":[5,1,8138],"tags":[10503,7925,11387,406,5764,4696],"yoast_head":"<!-- This site is optimized with the Yoast SEO plugin v23.0 - https:\/\/yoast.com\/wordpress\/plugins\/seo\/ -->\n<title>Trump \u0130le Xi Pekin\u2019de G\u00f6r\u00fc\u015f\u00fcyor - The Epoch Times TR<\/title>\n<meta name=\"description\" content=\"ABD Ba\u015fkan\u0131 Donald Trump, \u00c7in Devlet Ba\u015fkan\u0131 Xi Jinping ile g\u00f6r\u00fc\u015f\u00fcyor. Zirve g\u00fcndeminde \u00fc\u00e7 ba\u015fl\u0131k \u00f6ne \u00e7\u0131k\u0131yor: Ticaret, Tayvan ve Orta Do\u011fu.\" \/>\n<meta name=\"robots\" content=\"index, follow, max-snippet:-1, max-image-preview:large, max-video-preview:-1\" \/>\n<link rel=\"canonical\" href=\"https:\/\/epochtimestr.com\/index.php\/trump-ile-xi-pekinde-gorusuyor\" \/>\n<meta property=\"og:locale\" content=\"tr_TR\" \/>\n<meta property=\"og:type\" content=\"article\" \/>\n<meta property=\"og:title\" content=\"Trump \u0130le Xi Pekin\u2019de G\u00f6r\u00fc\u015f\u00fcyor - The Epoch Times TR\" \/>\n<meta property=\"og:description\" content=\"ABD Ba\u015fkan\u0131 Donald Trump, \u00c7in Devlet Ba\u015fkan\u0131 Xi Jinping ile g\u00f6r\u00fc\u015f\u00fcyor. Zirve g\u00fcndeminde \u00fc\u00e7 ba\u015fl\u0131k \u00f6ne \u00e7\u0131k\u0131yor: Ticaret, Tayvan ve Orta Do\u011fu.\" \/>\n<meta property=\"og:url\" content=\"https:\/\/epochtimestr.com\/index.php\/trump-ile-xi-pekinde-gorusuyor\" \/>\n<meta property=\"og:site_name\" content=\"The Epoch Times TR\" \/>\n<meta property=\"article:publisher\" content=\"https:\/\/www.facebook.com\/theepochtimestr\" \/>\n<meta property=\"article:published_time\" content=\"2026-05-14T14:39:20+00:00\" \/>\n<meta property=\"article:modified_time\" content=\"2026-05-14T14:39:23+00:00\" \/>\n<meta property=\"og:image\" content=\"https:\/\/epochtimestr.com\/wp-content\/uploads\/2011y\/1000038746.jpg\" \/>\n\t<meta property=\"og:image:width\" content=\"1920\" \/>\n\t<meta property=\"og:image:height\" content=\"1280\" \/>\n\t<meta property=\"og:image:type\" content=\"image\/jpeg\" \/>\n<meta name=\"author\" content=\"Leo Bajelan\" \/>\n<meta name=\"twitter:card\" content=\"summary_large_image\" \/>\n<meta name=\"twitter:creator\" content=\"@TheEpochTimesTR\" \/>\n<meta name=\"twitter:site\" content=\"@TheEpochTimesTR\" \/>\n<meta name=\"twitter:label1\" content=\"Yazan:\" \/>\n\t<meta name=\"twitter:data1\" content=\"Leo Bajelan\" \/>\n\t<meta name=\"twitter:label2\" content=\"Tahmini okuma s\u00fcresi\" \/>\n\t<meta name=\"twitter:data2\" content=\"2 dakika\" \/>\n<script type=\"application\/ld+json\" class=\"yoast-schema-graph\">{\"@context\":\"https:\/\/schema.org\",\"@graph\":[{\"@type\":\"Article\",\"@id\":\"https:\/\/epochtimestr.com\/index.php\/trump-ile-xi-pekinde-gorusuyor#article\",\"isPartOf\":{\"@id\":\"https:\/\/epochtimestr.com\/index.php\/trump-ile-xi-pekinde-gorusuyor\"},\"author\":{\"name\":\"Leo Bajelan\",\"@id\":\"https:\/\/epochtimestr.com\/#\/schema\/person\/5fef218711d76d8f232b0e1f1d7e4c0d\"},\"headline\":\"Trump \u0130le Xi Pekin\u2019de G\u00f6r\u00fc\u015f\u00fcyor\",\"datePublished\":\"2026-05-14T14:39:20+00:00\",\"dateModified\":\"2026-05-14T14:39:23+00:00\",\"mainEntityOfPage\":{\"@id\":\"https:\/\/epochtimestr.com\/index.php\/trump-ile-xi-pekinde-gorusuyor\"},\"wordCount\":348,\"commentCount\":0,\"publisher\":{\"@id\":\"https:\/\/epochtimestr.com\/#organization\"},\"image\":{\"@id\":\"https:\/\/epochtimestr.com\/index.php\/trump-ile-xi-pekinde-gorusuyor#primaryimage\"},\"thumbnailUrl\":\"https:\/\/epochtimestr.com\/wp-content\/uploads\/2011y\/1000038746.jpg\",\"keywords\":[\"ABD \u0130ran sava\u015f\u0131\",\"ABD-\u00c7in\",\"David Perdue\",\"pekin\",\"Trump\",\"xi jinping\"],\"articleSection\":[\"D\u00dcNYA\",\"G\u00dcNDEM\",\"MAN\u015eET\"],\"inLanguage\":\"tr\",\"potentialAction\":[{\"@type\":\"CommentAction\",\"name\":\"Comment\",\"target\":[\"https:\/\/epochtimestr.com\/index.php\/trump-ile-xi-pekinde-gorusuyor#respond\"]}]},{\"@type\":\"WebPage\",\"@id\":\"https:\/\/epochtimestr.com\/index.php\/trump-ile-xi-pekinde-gorusuyor\",\"url\":\"https:\/\/epochtimestr.com\/index.php\/trump-ile-xi-pekinde-gorusuyor\",\"name\":\"Trump \u0130le Xi Pekin\u2019de G\u00f6r\u00fc\u015f\u00fcyor - The Epoch Times TR\",\"isPartOf\":{\"@id\":\"https:\/\/epochtimestr.com\/#website\"},\"primaryImageOfPage\":{\"@id\":\"https:\/\/epochtimestr.com\/index.php\/trump-ile-xi-pekinde-gorusuyor#primaryimage\"},\"image\":{\"@id\":\"https:\/\/epochtimestr.com\/index.php\/trump-ile-xi-pekinde-gorusuyor#primaryimage\"},\"thumbnailUrl\":\"https:\/\/epochtimestr.com\/wp-content\/uploads\/2011y\/1000038746.jpg\",\"datePublished\":\"2026-05-14T14:39:20+00:00\",\"dateModified\":\"2026-05-14T14:39:23+00:00\",\"description\":\"ABD Ba\u015fkan\u0131 Donald Trump, \u00c7in Devlet Ba\u015fkan\u0131 Xi Jinping ile g\u00f6r\u00fc\u015f\u00fcyor. Zirve g\u00fcndeminde \u00fc\u00e7 ba\u015fl\u0131k \u00f6ne \u00e7\u0131k\u0131yor: Ticaret, Tayvan ve Orta Do\u011fu.\",\"inLanguage\":\"tr\",\"potentialAction\":[{\"@type\":\"ReadAction\",\"target\":[\"https:\/\/epochtimestr.com\/index.php\/trump-ile-xi-pekinde-gorusuyor\"]}]},{\"@type\":\"ImageObject\",\"inLanguage\":\"tr\",\"@id\":\"https:\/\/epochtimestr.com\/index.php\/trump-ile-xi-pekinde-gorusuyor#primaryimage\",\"url\":\"https:\/\/epochtimestr.com\/wp-content\/uploads\/2011y\/1000038746.jpg\",\"contentUrl\":\"https:\/\/epochtimestr.com\/wp-content\/uploads\/2011y\/1000038746.jpg\",\"width\":1920,\"height\":1280,\"caption\":\"President Donald Trump greets Chinese President Xi Jinping before a bilateral meeting at the Gimhae International Airport terminal, Thursday, October 30, 2025, in Busan, South Korea. (Official White House Photo by Daniel Torok)\"},{\"@type\":\"WebSite\",\"@id\":\"https:\/\/epochtimestr.com\/#website\",\"url\":\"https:\/\/epochtimestr.com\/\",\"name\":\"The Epoch Times TR\",\"description\":\"De\u011fi\u015fen D\u00fcnyam\u0131za Taze Bir Bak\u0131\u015f\",\"publisher\":{\"@id\":\"https:\/\/epochtimestr.com\/#organization\"},\"potentialAction\":[{\"@type\":\"SearchAction\",\"target\":{\"@type\":\"EntryPoint\",\"urlTemplate\":\"https:\/\/epochtimestr.com\/?s={search_term_string}\"},\"query-input\":\"required name=search_term_string\"}],\"inLanguage\":\"tr\"},{\"@type\":\"Organization\",\"@id\":\"https:\/\/epochtimestr.com\/#organization\",\"name\":\"The EpochTimes T\u00fcrkiye\",\"url\":\"https:\/\/epochtimestr.com\/\",\"logo\":{\"@type\":\"ImageObject\",\"inLanguage\":\"tr\",\"@id\":\"https:\/\/epochtimestr.com\/#\/schema\/logo\/image\/\",\"url\":\"https:\/\/epochtimestr.com\/wp-content\/uploads\/2011y\/ET-Logo-YG.jpg\",\"contentUrl\":\"https:\/\/epochtimestr.com\/wp-content\/uploads\/2011y\/ET-Logo-YG.jpg\",\"width\":346,\"height\":29,\"caption\":\"The EpochTimes T\u00fcrkiye\"},\"image\":{\"@id\":\"https:\/\/epochtimestr.com\/#\/schema\/logo\/image\/\"},\"sameAs\":[\"https:\/\/www.facebook.com\/theepochtimestr\",\"https:\/\/x.com\/TheEpochTimesTR\",\"https:\/\/www.instagram.com\/epochtimestr\"]},{\"@type\":\"Person\",\"@id\":\"https:\/\/epochtimestr.com\/#\/schema\/person\/5fef218711d76d8f232b0e1f1d7e4c0d\",\"name\":\"Leo Bajelan\",\"image\":{\"@type\":\"ImageObject\",\"inLanguage\":\"tr\",\"@id\":\"https:\/\/epochtimestr.com\/#\/schema\/person\/image\/\",\"url\":\"https:\/\/secure.gravatar.com\/avatar\/917669146f489549e548a2e9af272df5?s=96&d=mm&r=g\",\"contentUrl\":\"https:\/\/secure.gravatar.com\/avatar\/917669146f489549e548a2e9af272df5?s=96&d=mm&r=g\",\"caption\":\"Leo Bajelan\"},\"url\":\"https:\/\/epochtimestr.com\/index.php\/author\/leo\"}]}<\/script>\n<!-- \/ Yoast SEO plugin. -->","yoast_head_json":{"title":"Trump \u0130le Xi Pekin\u2019de G\u00f6r\u00fc\u015f\u00fcyor - The Epoch Times TR","description":"ABD Ba\u015fkan\u0131 Donald Trump, \u00c7in Devlet Ba\u015fkan\u0131 Xi Jinping ile g\u00f6r\u00fc\u015f\u00fcyor. Zirve g\u00fcndeminde \u00fc\u00e7 ba\u015fl\u0131k \u00f6ne \u00e7\u0131k\u0131yor: Ticaret, Tayvan ve Orta Do\u011fu.","robots":{"index":"index","follow":"follow","max-snippet":"max-snippet:-1","max-image-preview":"max-image-preview:large","max-video-preview":"max-video-preview:-1"},"canonical":"https:\/\/epochtimestr.com\/index.php\/trump-ile-xi-pekinde-gorusuyor","og_locale":"tr_TR","og_type":"article","og_title":"Trump \u0130le Xi Pekin\u2019de G\u00f6r\u00fc\u015f\u00fcyor - The Epoch Times TR","og_description":"ABD Ba\u015fkan\u0131 Donald Trump, \u00c7in Devlet Ba\u015fkan\u0131 Xi Jinping ile g\u00f6r\u00fc\u015f\u00fcyor. Zirve g\u00fcndeminde \u00fc\u00e7 ba\u015fl\u0131k \u00f6ne \u00e7\u0131k\u0131yor: Ticaret, Tayvan ve Orta Do\u011fu.","og_url":"https:\/\/epochtimestr.com\/index.php\/trump-ile-xi-pekinde-gorusuyor","og_site_name":"The Epoch Times TR","article_publisher":"https:\/\/www.facebook.com\/theepochtimestr","article_published_time":"2026-05-14T14:39:20+00:00","article_modified_time":"2026-05-14T14:39:23+00:00","og_image":[{"width":1920,"height":1280,"url":"https:\/\/epochtimestr.com\/wp-content\/uploads\/2011y\/1000038746.jpg","type":"image\/jpeg"}],"author":"Leo Bajelan","twitter_card":"summary_large_image","twitter_creator":"@TheEpochTimesTR","twitter_site":"@TheEpochTimesTR","twitter_misc":{"Yazan:":"Leo Bajelan","Tahmini okuma s\u00fcresi":"2 dakika"},"schema":{"@context":"https:\/\/schema.org","@graph":[{"@type":"Article","@id":"https:\/\/epochtimestr.com\/index.php\/trump-ile-xi-pekinde-gorusuyor#article","isPartOf":{"@id":"https:\/\/epochtimestr.com\/index.php\/trump-ile-xi-pekinde-gorusuyor"},"author":{"name":"Leo Bajelan","@id":"https:\/\/epochtimestr.com\/#\/schema\/person\/5fef218711d76d8f232b0e1f1d7e4c0d"},"headline":"Trump \u0130le Xi Pekin\u2019de G\u00f6r\u00fc\u015f\u00fcyor","datePublished":"2026-05-14T14:39:20+00:00","dateModified":"2026-05-14T14:39:23+00:00","mainEntityOfPage":{"@id":"https:\/\/epochtimestr.com\/index.php\/trump-ile-xi-pekinde-gorusuyor"},"wordCount":348,"commentCount":0,"publisher":{"@id":"https:\/\/epochtimestr.com\/#organization"},"image":{"@id":"https:\/\/epochtimestr.com\/index.php\/trump-ile-xi-pekinde-gorusuyor#primaryimage"},"thumbnailUrl":"https:\/\/epochtimestr.com\/wp-content\/uploads\/2011y\/1000038746.jpg","keywords":["ABD \u0130ran sava\u015f\u0131","ABD-\u00c7in","David Perdue","pekin","Trump","xi jinping"],"articleSection":["D\u00dcNYA","G\u00dcNDEM","MAN\u015eET"],"inLanguage":"tr","potentialAction":[{"@type":"CommentAction","name":"Comment","target":["https:\/\/epochtimestr.com\/index.php\/trump-ile-xi-pekinde-gorusuyor#respond"]}]},{"@type":"WebPage","@id":"https:\/\/epochtimestr.com\/index.php\/trump-ile-xi-pekinde-gorusuyor","url":"https:\/\/epochtimestr.com\/index.php\/trump-ile-xi-pekinde-gorusuyor","name":"Trump \u0130le Xi Pekin\u2019de G\u00f6r\u00fc\u015f\u00fcyor - The Epoch Times TR","isPartOf":{"@id":"https:\/\/epochtimestr.com\/#website"},"primaryImageOfPage":{"@id":"https:\/\/epochtimestr.com\/index.php\/trump-ile-xi-pekinde-gorusuyor#primaryimage"},"image":{"@id":"https:\/\/epochtimestr.com\/index.php\/trump-ile-xi-pekinde-gorusuyor#primaryimage"},"thumbnailUrl":"https:\/\/epochtimestr.com\/wp-content\/uploads\/2011y\/1000038746.jpg","datePublished":"2026-05-14T14:39:20+00:00","dateModified":"2026-05-14T14:39:23+00:00","description":"ABD Ba\u015fkan\u0131 Donald Trump, \u00c7in Devlet Ba\u015fkan\u0131 Xi Jinping ile g\u00f6r\u00fc\u015f\u00fcyor. Zirve g\u00fcndeminde \u00fc\u00e7 ba\u015fl\u0131k \u00f6ne \u00e7\u0131k\u0131yor: Ticaret, Tayvan ve Orta Do\u011fu.","inLanguage":"tr","potentialAction":[{"@type":"ReadAction","target":["https:\/\/epochtimestr.com\/index.php\/trump-ile-xi-pekinde-gorusuyor"]}]},{"@type":"ImageObject","inLanguage":"tr","@id":"https:\/\/epochtimestr.com\/index.php\/trump-ile-xi-pekinde-gorusuyor#primaryimage","url":"https:\/\/epochtimestr.com\/wp-content\/uploads\/2011y\/1000038746.jpg","contentUrl":"https:\/\/epochtimestr.com\/wp-content\/uploads\/2011y\/1000038746.jpg","width":1920,"height":1280,"caption":"President Donald Trump greets Chinese President Xi Jinping before a bilateral meeting at the Gimhae International Airport terminal, Thursday, October 30, 2025, in Busan, South Korea. (Official White House Photo by Daniel Torok)"},{"@type":"WebSite","@id":"https:\/\/epochtimestr.com\/#website","url":"https:\/\/epochtimestr.com\/","name":"The Epoch Times TR","description":"De\u011fi\u015fen D\u00fcnyam\u0131za Taze Bir Bak\u0131\u015f","publisher":{"@id":"https:\/\/epochtimestr.com\/#organization"},"potentialAction":[{"@type":"SearchAction","target":{"@type":"EntryPoint","urlTemplate":"https:\/\/epochtimestr.com\/?s={search_term_string}"},"query-input":"required name=search_term_string"}],"inLanguage":"tr"},{"@type":"Organization","@id":"https:\/\/epochtimestr.com\/#organization","name":"The EpochTimes T\u00fcrkiye","url":"https:\/\/epochtimestr.com\/","logo":{"@type":"ImageObject","inLanguage":"tr","@id":"https:\/\/epochtimestr.com\/#\/schema\/logo\/image\/","url":"https:\/\/epochtimestr.com\/wp-content\/uploads\/2011y\/ET-Logo-YG.jpg","contentUrl":"https:\/\/epochtimestr.com\/wp-content\/uploads\/2011y\/ET-Logo-YG.jpg","width":346,"height":29,"caption":"The EpochTimes T\u00fcrkiye"},"image":{"@id":"https:\/\/epochtimestr.com\/#\/schema\/logo\/image\/"},"sameAs":["https:\/\/www.facebook.com\/theepochtimestr","https:\/\/x.com\/TheEpochTimesTR","https:\/\/www.instagram.com\/epochtimestr"]},{"@type":"Person","@id":"https:\/\/epochtimestr.com\/#\/schema\/person\/5fef218711d76d8f232b0e1f1d7e4c0d","name":"Leo Bajelan","image":{"@type":"ImageObject","inLanguage":"tr","@id":"https:\/\/epochtimestr.com\/#\/schema\/person\/image\/","url":"https:\/\/secure.gravatar.com\/avatar\/917669146f489549e548a2e9af272df5?s=96&d=mm&r=g","contentUrl":"https:\/\/secure.gravatar.com\/avatar\/917669146f489549e548a2e9af272df5?s=96&d=mm&r=g","caption":"Leo Bajelan"},"url":"https:\/\/epochtimestr.com\/index.php\/author\/leo"}]}},"_links":{"self":[{"href":"https:\/\/epochtimestr.com\/index.php\/wp-json\/wp\/v2\/posts\/167260"}],"collection":[{"href":"https:\/\/epochtimestr.com\/index.php\/wp-json\/wp\/v2\/posts"}],"about":[{"href":"https:\/\/epochtimestr.com\/index.php\/wp-json\/wp\/v2\/types\/post"}],"author":[{"embeddable":true,"href":"https:\/\/epochtimestr.com\/index.php\/wp-json\/wp\/v2\/users\/13996"}],"replies":[{"embeddable":true,"href":"https:\/\/epochtimestr.com\/index.php\/wp-json\/wp\/v2\/comments?post=167260"}],"version-history":[{"count":2,"href":"https:\/\/epochtimestr.com\/index.php\/wp-json\/wp\/v2\/posts\/167260\/revisions"}],"predecessor-version":[{"id":167264,"href":"https:\/\/epochtimestr.com\/index.php\/wp-json\/wp\/v2\/posts\/167260\/revisions\/167264"}],"wp:featuredmedia":[{"embeddable":true,"href":"https:\/\/epochtimestr.com\/index.php\/wp-json\/wp\/v2\/media\/167261"}],"wp:attachment":[{"href":"https:\/\/epochtimestr.com\/index.php\/wp-json\/wp\/v2\/media?parent=167260"}],"wp:term":[{"taxonomy":"category","embeddable":true,"href":"https:\/\/epochtimestr.com\/index.php\/wp-json\/wp\/v2\/categories?post=167260"},{"taxonomy":"post_tag","embeddable":true,"href":"https:\/\/epochtimestr.com\/index.php\/wp-json\/wp\/v2\/tags?post=167260"}],"curies":[{"name":"wp","href":"https:\/\/api.w.org\/{rel}","templated":true}]}}