{"id":167265,"date":"2026-05-15T07:00:00","date_gmt":"2026-05-15T04:00:00","guid":{"rendered":"https:\/\/epochtimestr.com\/?p=167265"},"modified":"2026-05-14T17:47:23","modified_gmt":"2026-05-14T14:47:23","slug":"kirgiz-cadirlari-evsizlige-geleneksel-bir-cozum","status":"publish","type":"post","link":"https:\/\/epochtimestr.com\/index.php\/kirgiz-cadirlari-evsizlige-geleneksel-bir-cozum","title":{"rendered":"K\u0131rg\u0131z \u00c7ad\u0131rlar\u0131: Evsizli\u011fe Geleneksel Bir \u00c7\u00f6z\u00fcm"},"content":{"rendered":"\n<p>Evsizlik, modern \u015fehirlerin en yak\u0131c\u0131 yaralar\u0131ndan biri. Beton bloklar\u0131n aras\u0131nda, sokak k\u00f6\u015felerinde bar\u0131nmaya \u00e7al\u0131\u015fan binlerce insan var. \u00c7\u00f6z\u00fcm aray\u0131\u015flar\u0131 \u00e7o\u011fu zaman devasa projelere, pahal\u0131 binalara y\u00f6neliyor. Oysa bazen \u00e7are, ge\u00e7mi\u015fin bilgeli\u011finde gizlidir. \u0130\u015fte tam da burada K\u0131rg\u0131z \u00e7ad\u0131rlar\u0131 devreye giriyor.<\/p>\n\n\n\n<p><strong>Ge\u00e7mi\u015ften Gelen Dayan\u0131kl\u0131l\u0131k<\/strong><\/p>\n\n\n\n<p>K\u0131rg\u0131zlar\u0131n y\u00fczy\u0131llard\u0131r kulland\u0131\u011f\u0131 Boz \u00dcy, sadece bir bar\u0131nak de\u011fil; do\u011fayla uyumlu, h\u0131zl\u0131 kurulabilen ve dayan\u0131kl\u0131 bir ya\u015fam alan\u0131d\u0131r.<\/p>\n\n\n\n<ul>\n<li>Yar\u0131m saatte kurulabilir, kolayca ta\u015f\u0131nabilir.<\/li>\n\n\n\n<li>Yaz\u0131n serin, k\u0131\u015f\u0131n s\u0131cak tutar.<\/li>\n\n\n\n<li>Ya\u011fmur, kar ve r\u00fczg\u00e2ra kar\u015f\u0131 korunakl\u0131d\u0131r.<\/li>\n<\/ul>\n\n\n\n<p>Bu \u00f6zellikler, evsizler i\u00e7in ge\u00e7ici de\u011fil, onurlu bir bar\u0131nma \u00e7\u00f6z\u00fcm\u00fc sunar.<\/p>\n\n\n\n<p><strong>Toplumsal Bir \u00c7\u0131k\u0131\u015f Yolu<\/strong><\/p>\n\n\n\n<p>Evsizlik sadece bar\u0131nma de\u011fil, ayn\u0131 zamanda toplumsal d\u0131\u015flanma sorunudur. \u00c7ad\u0131rlar\u0131n dairesel yap\u0131s\u0131, bireyleri bir araya getirir, topluluk hissi yarat\u0131r. \u0130nsanlar yaln\u0131zl\u0131ktan kurtulup dayan\u0131\u015fma i\u00e7inde ya\u015famaya ba\u015flar.<\/p>\n\n\n\n<p><strong>Kal\u0131c\u0131 Bar\u0131nma \u0130\u00e7in Modern Dokunu\u015f<\/strong><\/p>\n\n\n\n<p>Elbette g\u00fcn\u00fcm\u00fcz \u015fehirlerinde \u00e7ad\u0131rlar\u0131n tek ba\u015f\u0131na \u00e7\u00f6z\u00fcm olmas\u0131 m\u00fcmk\u00fcn de\u011fil. Ancak:<\/p>\n\n\n\n<ul>\n<li>Elektrik ve su altyap\u0131s\u0131 eklenebilir.<\/li>\n\n\n\n<li>Biyolojik fosseptik sistemleri ile hijyen sa\u011flanabilir.<\/li>\n\n\n\n<li>G\u00fcne\u015f panelleriyle enerji \u00fcretilebilir.<\/li>\n\n\n\n<li>K\u00fc\u00e7\u00fck mahalleler halinde kurularak kal\u0131c\u0131 bar\u0131nma alanlar\u0131 olu\u015fturulabilir.<\/li>\n<\/ul>\n\n\n\n<p>K\u0131rg\u0131z \u00e7ad\u0131rlar\u0131, ge\u00e7mi\u015fin bilgeli\u011fini bug\u00fcn\u00fcn sorunlar\u0131na ta\u015f\u0131yan bir k\u00f6pr\u00fc. Evsizli\u011fe kar\u015f\u0131 sadece bir bar\u0131nak de\u011fil, insana yak\u0131\u015f\u0131r bir ya\u015fam alan\u0131 sunuyor. Betonun so\u011fuklu\u011funa kar\u015f\u0131 ke\u00e7e ve ah\u015fab\u0131n s\u0131cakl\u0131\u011f\u0131yla, insanlara yeniden \u201cyuva\u201d hissini hat\u0131rlat\u0131yor.<\/p>\n\n\n\n<p>Belki de \u00e7\u00f6z\u00fcm, g\u00f6kdelenlerin tepesinde de\u011fil; bozk\u0131r\u0131n ortas\u0131nda y\u00fczy\u0131llard\u0131r ayakta duran o m\u00fctevaz\u0131 \u00e7ad\u0131rlarda gizli.<\/p>\n","protected":false},"excerpt":{"rendered":"<p>Evsizlik, modern \u015fehirlerin en yak\u0131c\u0131 yaralar\u0131ndan biri. Beton bloklar\u0131n aras\u0131nda, sokak k\u00f6\u015felerinde bar\u0131nmaya \u00e7al\u0131\u015fan binlerce insan var. \u00c7\u00f6z\u00fcm aray\u0131\u015flar\u0131 \u00e7o\u011fu zaman devasa projelere, pahal\u0131 binalara y\u00f6neliyor. Oysa bazen \u00e7are, ge\u00e7mi\u015fin bilgeli\u011finde gizlidir. \u0130\u015fte tam da burada K\u0131rg\u0131z \u00e7ad\u0131rlar\u0131 devreye giriyor. Ge\u00e7mi\u015ften Gelen Dayan\u0131kl\u0131l\u0131k K\u0131rg\u0131zlar\u0131n y\u00fczy\u0131llard\u0131r kulland\u0131\u011f\u0131 Boz \u00dcy, sadece bir bar\u0131nak de\u011fil; do\u011fayla uyumlu, h\u0131zl\u0131 [&hellip;]<\/p>\n","protected":false},"author":14013,"featured_media":167144,"comment_status":"open","ping_status":"open","sticky":false,"template":"","format":"standard","meta":{"_yoast_wpseo_focuskw":"K\u0131rg\u0131z \u00e7ad\u0131rlar\u0131","_yoast_wpseo_title":"","_yoast_wpseo_metadesc":"Evsizlik, modern \u015fehirlerin en yak\u0131c\u0131 yaralar\u0131ndan biri. \u00c7are, ge\u00e7mi\u015fin bilgeli\u011finde gizli: K\u0131rg\u0131z \u00e7ad\u0131rlar\u0131.","_bbp_topic_count":0,"_bbp_reply_count":0,"_bbp_total_topic_count":0,"_bbp_total_reply_count":0,"_bbp_voice_count":0,"_bbp_anonymous_reply_count":0,"_bbp_topic_count_hidden":0,"_bbp_reply_count_hidden":0,"_bbp_forum_subforum_count":0,"footnotes":"","_yoast_wpseo_focuskw_text_input":""},"categories":[11361],"tags":[],"yoast_head":"<!-- This site is optimized with the Yoast SEO plugin v23.0 - https:\/\/yoast.com\/wordpress\/plugins\/seo\/ -->\n<title>K\u0131rg\u0131z \u00c7ad\u0131rlar\u0131: Evsizli\u011fe Geleneksel Bir \u00c7\u00f6z\u00fcm - The Epoch Times TR<\/title>\n<meta name=\"description\" content=\"Evsizlik, modern \u015fehirlerin en yak\u0131c\u0131 yaralar\u0131ndan biri. \u00c7are, ge\u00e7mi\u015fin bilgeli\u011finde gizli: K\u0131rg\u0131z \u00e7ad\u0131rlar\u0131.\" \/>\n<meta name=\"robots\" content=\"index, follow, max-snippet:-1, max-image-preview:large, max-video-preview:-1\" \/>\n<link rel=\"canonical\" href=\"https:\/\/epochtimestr.com\/index.php\/kirgiz-cadirlari-evsizlige-geleneksel-bir-cozum\" \/>\n<meta property=\"og:locale\" content=\"tr_TR\" \/>\n<meta property=\"og:type\" content=\"article\" \/>\n<meta property=\"og:title\" content=\"K\u0131rg\u0131z \u00c7ad\u0131rlar\u0131: Evsizli\u011fe Geleneksel Bir \u00c7\u00f6z\u00fcm - The Epoch Times TR\" \/>\n<meta property=\"og:description\" content=\"Evsizlik, modern \u015fehirlerin en yak\u0131c\u0131 yaralar\u0131ndan biri. \u00c7are, ge\u00e7mi\u015fin bilgeli\u011finde gizli: K\u0131rg\u0131z \u00e7ad\u0131rlar\u0131.\" \/>\n<meta property=\"og:url\" content=\"https:\/\/epochtimestr.com\/index.php\/kirgiz-cadirlari-evsizlige-geleneksel-bir-cozum\" \/>\n<meta property=\"og:site_name\" content=\"The Epoch Times TR\" \/>\n<meta property=\"article:publisher\" content=\"https:\/\/www.facebook.com\/theepochtimestr\" \/>\n<meta property=\"article:published_time\" content=\"2026-05-15T04:00:00+00:00\" \/>\n<meta property=\"article:modified_time\" content=\"2026-05-14T14:47:23+00:00\" \/>\n<meta property=\"og:image\" content=\"https:\/\/epochtimestr.com\/wp-content\/uploads\/2011y\/ali-kekliktepe-SM.jpeg\" \/>\n\t<meta property=\"og:image:width\" content=\"1200\" \/>\n\t<meta property=\"og:image:height\" content=\"630\" \/>\n\t<meta property=\"og:image:type\" content=\"image\/jpeg\" \/>\n<meta name=\"author\" content=\"Ali Kekliktepe\" \/>\n<meta name=\"twitter:card\" content=\"summary_large_image\" \/>\n<meta name=\"twitter:creator\" content=\"@TheEpochTimesTR\" \/>\n<meta name=\"twitter:site\" content=\"@TheEpochTimesTR\" \/>\n<meta name=\"twitter:label1\" content=\"Yazan:\" \/>\n\t<meta name=\"twitter:data1\" content=\"Ali Kekliktepe\" \/>\n\t<meta name=\"twitter:label2\" content=\"Tahmini okuma s\u00fcresi\" \/>\n\t<meta name=\"twitter:data2\" content=\"2 dakika\" \/>\n<script type=\"application\/ld+json\" class=\"yoast-schema-graph\">{\"@context\":\"https:\/\/schema.org\",\"@graph\":[{\"@type\":\"Article\",\"@id\":\"https:\/\/epochtimestr.com\/index.php\/kirgiz-cadirlari-evsizlige-geleneksel-bir-cozum#article\",\"isPartOf\":{\"@id\":\"https:\/\/epochtimestr.com\/index.php\/kirgiz-cadirlari-evsizlige-geleneksel-bir-cozum\"},\"author\":{\"name\":\"Ali Kekliktepe\",\"@id\":\"https:\/\/epochtimestr.com\/#\/schema\/person\/da94a416fed1aed029d0a47e85673b95\"},\"headline\":\"K\u0131rg\u0131z \u00c7ad\u0131rlar\u0131: Evsizli\u011fe Geleneksel Bir \u00c7\u00f6z\u00fcm\",\"datePublished\":\"2026-05-15T04:00:00+00:00\",\"dateModified\":\"2026-05-14T14:47:23+00:00\",\"mainEntityOfPage\":{\"@id\":\"https:\/\/epochtimestr.com\/index.php\/kirgiz-cadirlari-evsizlige-geleneksel-bir-cozum\"},\"wordCount\":335,\"commentCount\":0,\"publisher\":{\"@id\":\"https:\/\/epochtimestr.com\/#organization\"},\"image\":{\"@id\":\"https:\/\/epochtimestr.com\/index.php\/kirgiz-cadirlari-evsizlige-geleneksel-bir-cozum#primaryimage\"},\"thumbnailUrl\":\"https:\/\/epochtimestr.com\/wp-content\/uploads\/2011y\/Ali-Kekliktepe.jpg\",\"articleSection\":[\"K\u00f6\u015fe Yaz\u0131lar\u0131 Ali Kekliktepe\"],\"inLanguage\":\"tr\",\"potentialAction\":[{\"@type\":\"CommentAction\",\"name\":\"Comment\",\"target\":[\"https:\/\/epochtimestr.com\/index.php\/kirgiz-cadirlari-evsizlige-geleneksel-bir-cozum#respond\"]}]},{\"@type\":\"WebPage\",\"@id\":\"https:\/\/epochtimestr.com\/index.php\/kirgiz-cadirlari-evsizlige-geleneksel-bir-cozum\",\"url\":\"https:\/\/epochtimestr.com\/index.php\/kirgiz-cadirlari-evsizlige-geleneksel-bir-cozum\",\"name\":\"K\u0131rg\u0131z \u00c7ad\u0131rlar\u0131: Evsizli\u011fe Geleneksel Bir \u00c7\u00f6z\u00fcm - The Epoch Times TR\",\"isPartOf\":{\"@id\":\"https:\/\/epochtimestr.com\/#website\"},\"primaryImageOfPage\":{\"@id\":\"https:\/\/epochtimestr.com\/index.php\/kirgiz-cadirlari-evsizlige-geleneksel-bir-cozum#primaryimage\"},\"image\":{\"@id\":\"https:\/\/epochtimestr.com\/index.php\/kirgiz-cadirlari-evsizlige-geleneksel-bir-cozum#primaryimage\"},\"thumbnailUrl\":\"https:\/\/epochtimestr.com\/wp-content\/uploads\/2011y\/Ali-Kekliktepe.jpg\",\"datePublished\":\"2026-05-15T04:00:00+00:00\",\"dateModified\":\"2026-05-14T14:47:23+00:00\",\"description\":\"Evsizlik, modern \u015fehirlerin en yak\u0131c\u0131 yaralar\u0131ndan biri. \u00c7are, ge\u00e7mi\u015fin bilgeli\u011finde gizli: K\u0131rg\u0131z \u00e7ad\u0131rlar\u0131.\",\"inLanguage\":\"tr\",\"potentialAction\":[{\"@type\":\"ReadAction\",\"target\":[\"https:\/\/epochtimestr.com\/index.php\/kirgiz-cadirlari-evsizlige-geleneksel-bir-cozum\"]}]},{\"@type\":\"ImageObject\",\"inLanguage\":\"tr\",\"@id\":\"https:\/\/epochtimestr.com\/index.php\/kirgiz-cadirlari-evsizlige-geleneksel-bir-cozum#primaryimage\",\"url\":\"https:\/\/epochtimestr.com\/wp-content\/uploads\/2011y\/Ali-Kekliktepe.jpg\",\"contentUrl\":\"https:\/\/epochtimestr.com\/wp-content\/uploads\/2011y\/Ali-Kekliktepe.jpg\",\"width\":600,\"height\":600},{\"@type\":\"WebSite\",\"@id\":\"https:\/\/epochtimestr.com\/#website\",\"url\":\"https:\/\/epochtimestr.com\/\",\"name\":\"The Epoch Times TR\",\"description\":\"De\u011fi\u015fen D\u00fcnyam\u0131za Taze Bir Bak\u0131\u015f\",\"publisher\":{\"@id\":\"https:\/\/epochtimestr.com\/#organization\"},\"potentialAction\":[{\"@type\":\"SearchAction\",\"target\":{\"@type\":\"EntryPoint\",\"urlTemplate\":\"https:\/\/epochtimestr.com\/?s={search_term_string}\"},\"query-input\":\"required name=search_term_string\"}],\"inLanguage\":\"tr\"},{\"@type\":\"Organization\",\"@id\":\"https:\/\/epochtimestr.com\/#organization\",\"name\":\"The EpochTimes T\u00fcrkiye\",\"url\":\"https:\/\/epochtimestr.com\/\",\"logo\":{\"@type\":\"ImageObject\",\"inLanguage\":\"tr\",\"@id\":\"https:\/\/epochtimestr.com\/#\/schema\/logo\/image\/\",\"url\":\"https:\/\/epochtimestr.com\/wp-content\/uploads\/2011y\/ET-Logo-YG.jpg\",\"contentUrl\":\"https:\/\/epochtimestr.com\/wp-content\/uploads\/2011y\/ET-Logo-YG.jpg\",\"width\":346,\"height\":29,\"caption\":\"The EpochTimes T\u00fcrkiye\"},\"image\":{\"@id\":\"https:\/\/epochtimestr.com\/#\/schema\/logo\/image\/\"},\"sameAs\":[\"https:\/\/www.facebook.com\/theepochtimestr\",\"https:\/\/x.com\/TheEpochTimesTR\",\"https:\/\/www.instagram.com\/epochtimestr\"]},{\"@type\":\"Person\",\"@id\":\"https:\/\/epochtimestr.com\/#\/schema\/person\/da94a416fed1aed029d0a47e85673b95\",\"name\":\"Ali Kekliktepe\",\"image\":{\"@type\":\"ImageObject\",\"inLanguage\":\"tr\",\"@id\":\"https:\/\/epochtimestr.com\/#\/schema\/person\/image\/\",\"url\":\"https:\/\/secure.gravatar.com\/avatar\/6c965c3fc374c8f4af759baef4f38bcd?s=96&d=mm&r=g\",\"contentUrl\":\"https:\/\/secure.gravatar.com\/avatar\/6c965c3fc374c8f4af759baef4f38bcd?s=96&d=mm&r=g\",\"caption\":\"Ali Kekliktepe\"},\"description\":\"Ben Ali Kekliktepe; hayat\u0131n\u0131 \u00f6\u011frenmeye, \u00f6\u011fretmeye ve toplumsal fayda yaratmaya adam\u0131\u015f bir yazar ve profesyonelim. Kalemi sadece ka\u011f\u0131da dokunan bir ara\u00e7 de\u011fil, toplumun aksayan y\u00f6nlerine \u015fifa olan bir enstr\u00fcman olarak g\u00f6r\u00fcyorum.\",\"sameAs\":[\"https:\/\/alikekliktepemersin33.blogspot.com\/\"],\"url\":\"https:\/\/epochtimestr.com\/index.php\/author\/ali\"}]}<\/script>\n<!-- \/ Yoast SEO plugin. -->","yoast_head_json":{"title":"K\u0131rg\u0131z \u00c7ad\u0131rlar\u0131: Evsizli\u011fe Geleneksel Bir \u00c7\u00f6z\u00fcm - The Epoch Times TR","description":"Evsizlik, modern \u015fehirlerin en yak\u0131c\u0131 yaralar\u0131ndan biri. \u00c7are, ge\u00e7mi\u015fin bilgeli\u011finde gizli: K\u0131rg\u0131z \u00e7ad\u0131rlar\u0131.","robots":{"index":"index","follow":"follow","max-snippet":"max-snippet:-1","max-image-preview":"max-image-preview:large","max-video-preview":"max-video-preview:-1"},"canonical":"https:\/\/epochtimestr.com\/index.php\/kirgiz-cadirlari-evsizlige-geleneksel-bir-cozum","og_locale":"tr_TR","og_type":"article","og_title":"K\u0131rg\u0131z \u00c7ad\u0131rlar\u0131: Evsizli\u011fe Geleneksel Bir \u00c7\u00f6z\u00fcm - The Epoch Times TR","og_description":"Evsizlik, modern \u015fehirlerin en yak\u0131c\u0131 yaralar\u0131ndan biri. \u00c7are, ge\u00e7mi\u015fin bilgeli\u011finde gizli: K\u0131rg\u0131z \u00e7ad\u0131rlar\u0131.","og_url":"https:\/\/epochtimestr.com\/index.php\/kirgiz-cadirlari-evsizlige-geleneksel-bir-cozum","og_site_name":"The Epoch Times TR","article_publisher":"https:\/\/www.facebook.com\/theepochtimestr","article_published_time":"2026-05-15T04:00:00+00:00","article_modified_time":"2026-05-14T14:47:23+00:00","og_image":[{"width":1200,"height":630,"url":"https:\/\/epochtimestr.com\/wp-content\/uploads\/2011y\/ali-kekliktepe-SM.jpeg","type":"image\/jpeg"}],"author":"Ali Kekliktepe","twitter_card":"summary_large_image","twitter_creator":"@TheEpochTimesTR","twitter_site":"@TheEpochTimesTR","twitter_misc":{"Yazan:":"Ali Kekliktepe","Tahmini okuma s\u00fcresi":"2 dakika"},"schema":{"@context":"https:\/\/schema.org","@graph":[{"@type":"Article","@id":"https:\/\/epochtimestr.com\/index.php\/kirgiz-cadirlari-evsizlige-geleneksel-bir-cozum#article","isPartOf":{"@id":"https:\/\/epochtimestr.com\/index.php\/kirgiz-cadirlari-evsizlige-geleneksel-bir-cozum"},"author":{"name":"Ali Kekliktepe","@id":"https:\/\/epochtimestr.com\/#\/schema\/person\/da94a416fed1aed029d0a47e85673b95"},"headline":"K\u0131rg\u0131z \u00c7ad\u0131rlar\u0131: Evsizli\u011fe Geleneksel Bir \u00c7\u00f6z\u00fcm","datePublished":"2026-05-15T04:00:00+00:00","dateModified":"2026-05-14T14:47:23+00:00","mainEntityOfPage":{"@id":"https:\/\/epochtimestr.com\/index.php\/kirgiz-cadirlari-evsizlige-geleneksel-bir-cozum"},"wordCount":335,"commentCount":0,"publisher":{"@id":"https:\/\/epochtimestr.com\/#organization"},"image":{"@id":"https:\/\/epochtimestr.com\/index.php\/kirgiz-cadirlari-evsizlige-geleneksel-bir-cozum#primaryimage"},"thumbnailUrl":"https:\/\/epochtimestr.com\/wp-content\/uploads\/2011y\/Ali-Kekliktepe.jpg","articleSection":["K\u00f6\u015fe Yaz\u0131lar\u0131 Ali Kekliktepe"],"inLanguage":"tr","potentialAction":[{"@type":"CommentAction","name":"Comment","target":["https:\/\/epochtimestr.com\/index.php\/kirgiz-cadirlari-evsizlige-geleneksel-bir-cozum#respond"]}]},{"@type":"WebPage","@id":"https:\/\/epochtimestr.com\/index.php\/kirgiz-cadirlari-evsizlige-geleneksel-bir-cozum","url":"https:\/\/epochtimestr.com\/index.php\/kirgiz-cadirlari-evsizlige-geleneksel-bir-cozum","name":"K\u0131rg\u0131z \u00c7ad\u0131rlar\u0131: Evsizli\u011fe Geleneksel Bir \u00c7\u00f6z\u00fcm - The Epoch Times TR","isPartOf":{"@id":"https:\/\/epochtimestr.com\/#website"},"primaryImageOfPage":{"@id":"https:\/\/epochtimestr.com\/index.php\/kirgiz-cadirlari-evsizlige-geleneksel-bir-cozum#primaryimage"},"image":{"@id":"https:\/\/epochtimestr.com\/index.php\/kirgiz-cadirlari-evsizlige-geleneksel-bir-cozum#primaryimage"},"thumbnailUrl":"https:\/\/epochtimestr.com\/wp-content\/uploads\/2011y\/Ali-Kekliktepe.jpg","datePublished":"2026-05-15T04:00:00+00:00","dateModified":"2026-05-14T14:47:23+00:00","description":"Evsizlik, modern \u015fehirlerin en yak\u0131c\u0131 yaralar\u0131ndan biri. \u00c7are, ge\u00e7mi\u015fin bilgeli\u011finde gizli: K\u0131rg\u0131z \u00e7ad\u0131rlar\u0131.","inLanguage":"tr","potentialAction":[{"@type":"ReadAction","target":["https:\/\/epochtimestr.com\/index.php\/kirgiz-cadirlari-evsizlige-geleneksel-bir-cozum"]}]},{"@type":"ImageObject","inLanguage":"tr","@id":"https:\/\/epochtimestr.com\/index.php\/kirgiz-cadirlari-evsizlige-geleneksel-bir-cozum#primaryimage","url":"https:\/\/epochtimestr.com\/wp-content\/uploads\/2011y\/Ali-Kekliktepe.jpg","contentUrl":"https:\/\/epochtimestr.com\/wp-content\/uploads\/2011y\/Ali-Kekliktepe.jpg","width":600,"height":600},{"@type":"WebSite","@id":"https:\/\/epochtimestr.com\/#website","url":"https:\/\/epochtimestr.com\/","name":"The Epoch Times TR","description":"De\u011fi\u015fen D\u00fcnyam\u0131za Taze Bir Bak\u0131\u015f","publisher":{"@id":"https:\/\/epochtimestr.com\/#organization"},"potentialAction":[{"@type":"SearchAction","target":{"@type":"EntryPoint","urlTemplate":"https:\/\/epochtimestr.com\/?s={search_term_string}"},"query-input":"required name=search_term_string"}],"inLanguage":"tr"},{"@type":"Organization","@id":"https:\/\/epochtimestr.com\/#organization","name":"The EpochTimes T\u00fcrkiye","url":"https:\/\/epochtimestr.com\/","logo":{"@type":"ImageObject","inLanguage":"tr","@id":"https:\/\/epochtimestr.com\/#\/schema\/logo\/image\/","url":"https:\/\/epochtimestr.com\/wp-content\/uploads\/2011y\/ET-Logo-YG.jpg","contentUrl":"https:\/\/epochtimestr.com\/wp-content\/uploads\/2011y\/ET-Logo-YG.jpg","width":346,"height":29,"caption":"The EpochTimes T\u00fcrkiye"},"image":{"@id":"https:\/\/epochtimestr.com\/#\/schema\/logo\/image\/"},"sameAs":["https:\/\/www.facebook.com\/theepochtimestr","https:\/\/x.com\/TheEpochTimesTR","https:\/\/www.instagram.com\/epochtimestr"]},{"@type":"Person","@id":"https:\/\/epochtimestr.com\/#\/schema\/person\/da94a416fed1aed029d0a47e85673b95","name":"Ali Kekliktepe","image":{"@type":"ImageObject","inLanguage":"tr","@id":"https:\/\/epochtimestr.com\/#\/schema\/person\/image\/","url":"https:\/\/secure.gravatar.com\/avatar\/6c965c3fc374c8f4af759baef4f38bcd?s=96&d=mm&r=g","contentUrl":"https:\/\/secure.gravatar.com\/avatar\/6c965c3fc374c8f4af759baef4f38bcd?s=96&d=mm&r=g","caption":"Ali Kekliktepe"},"description":"Ben Ali Kekliktepe; hayat\u0131n\u0131 \u00f6\u011frenmeye, \u00f6\u011fretmeye ve toplumsal fayda yaratmaya adam\u0131\u015f bir yazar ve profesyonelim. Kalemi sadece ka\u011f\u0131da dokunan bir ara\u00e7 de\u011fil, toplumun aksayan y\u00f6nlerine \u015fifa olan bir enstr\u00fcman olarak g\u00f6r\u00fcyorum.","sameAs":["https:\/\/alikekliktepemersin33.blogspot.com\/"],"url":"https:\/\/epochtimestr.com\/index.php\/author\/ali"}]}},"_links":{"self":[{"href":"https:\/\/epochtimestr.com\/index.php\/wp-json\/wp\/v2\/posts\/167265"}],"collection":[{"href":"https:\/\/epochtimestr.com\/index.php\/wp-json\/wp\/v2\/posts"}],"about":[{"href":"https:\/\/epochtimestr.com\/index.php\/wp-json\/wp\/v2\/types\/post"}],"author":[{"embeddable":true,"href":"https:\/\/epochtimestr.com\/index.php\/wp-json\/wp\/v2\/users\/14013"}],"replies":[{"embeddable":true,"href":"https:\/\/epochtimestr.com\/index.php\/wp-json\/wp\/v2\/comments?post=167265"}],"version-history":[{"count":1,"href":"https:\/\/epochtimestr.com\/index.php\/wp-json\/wp\/v2\/posts\/167265\/revisions"}],"predecessor-version":[{"id":167266,"href":"https:\/\/epochtimestr.com\/index.php\/wp-json\/wp\/v2\/posts\/167265\/revisions\/167266"}],"wp:featuredmedia":[{"embeddable":true,"href":"https:\/\/epochtimestr.com\/index.php\/wp-json\/wp\/v2\/media\/167144"}],"wp:attachment":[{"href":"https:\/\/epochtimestr.com\/index.php\/wp-json\/wp\/v2\/media?parent=167265"}],"wp:term":[{"taxonomy":"category","embeddable":true,"href":"https:\/\/epochtimestr.com\/index.php\/wp-json\/wp\/v2\/categories?post=167265"},{"taxonomy":"post_tag","embeddable":true,"href":"https:\/\/epochtimestr.com\/index.php\/wp-json\/wp\/v2\/tags?post=167265"}],"curies":[{"name":"wp","href":"https:\/\/api.w.org\/{rel}","templated":true}]}}