{"id":167267,"date":"2026-05-15T08:00:00","date_gmt":"2026-05-15T05:00:00","guid":{"rendered":"https:\/\/epochtimestr.com\/?p=167267"},"modified":"2026-05-14T21:10:05","modified_gmt":"2026-05-14T18:10:05","slug":"datca-kavak-dibi-demokrasi-evi","status":"publish","type":"post","link":"https:\/\/epochtimestr.com\/index.php\/datca-kavak-dibi-demokrasi-evi","title":{"rendered":"Dat\u00e7a Kavak Dibi, Demokrasi Evi"},"content":{"rendered":"\n<p><strong>T\u00fcrkiye\u2019nin En K\u00fc\u00e7\u00fck Cezaevlerinden Biriydi<\/strong><\/p>\n\n\n\n<p>Demokrasi Evi, Dat\u00e7a\u2019n\u0131n tarihini yans\u0131tan \u00f6nemli bir yap\u0131d\u0131r. 1885 y\u0131l\u0131nda \u00f6zel m\u00fclk olarak in\u015fa edilen bu yap\u0131 1901 ile 2001 y\u0131llar\u0131 aras\u0131nda cezaevi olarak kullan\u0131lm\u0131\u015f. T\u00fcrkiye\u2019nin en k\u00fc\u00e7\u00fck yar\u0131 a\u00e7\u0131k cezaevi olarak tarihe ge\u00e7en Kavak Dibi, 2001 y\u0131l\u0131nda Dat\u00e7a\u2019da su\u00e7 oranlar\u0131n\u0131n d\u00fc\u015fmesiyle kapat\u0131ld\u0131 ve zamanla metruk bir alana d\u00f6n\u00fc\u015ft\u00fcr\u00fcld\u00fc.<\/p>\n\n\n\n<p>Kavak Dibi Demokrasi Evi, 2100 m<sup>2<\/sup>\u2019lik bir alana sahiptir ve d\u00f6rt etaptan olu\u015fmaktad\u0131r. D\u0131\u015f mek\u00e2nda 9 sergi panosu, mini \u00e7im amfisi, heykelt\u0131ra\u015flar Elbruz Denge ve Halil \u0130brahim Sever\u2019in yonttuklar\u0131 muhte\u015fem heykeller, 422 y\u0131ll\u0131k bir an\u0131t \u00e7\u0131nar, Dat\u00e7a\u2019n\u0131n farkl\u0131 k\u00f6ylerinden al\u0131nm\u0131\u015f ta\u015flar ile olu\u015fturulmu\u015f kaya bah\u00e7esi, tarihi \u00e7e\u015fmesi ve bir de b\u00fcfesi var. \u0130\u00e7 mek\u00e2nda, Ressam \u0130brahim \u00c7ift\u00e7io\u011flu Kitapl\u0131\u011f\u0131, oturma alan\u0131, g\u00f6rsel sergisi\u2026 Dat\u00e7a\u2019n\u0131n eskiye ait foto\u011fraflar\u0131, cezaevi tutanaklar\u0131.<\/p>\n\n\n\n<p>Demokrasi Evi a\u00e7\u0131ld\u0131\u011f\u0131 g\u00fcnden bu yana demokrasinin bir par\u00e7as\u0131 olan hak m\u00fccadelesinin yo\u011funla\u015ft\u0131\u011f\u0131 1 May\u0131s, 8 Mart gibi \u00f6zel tarihlerde Dat\u00e7al\u0131lar\u0131n \u00f6zel toplanma noktas\u0131 haline gelmi\u015f. Anmalar, kutlamalar ve sesleni\u015flerin dile geldi\u011fi ve y\u00fcr\u00fcy\u00fc\u015flerin ba\u015flad\u0131\u011f\u0131 bir nokta olmu\u015f.<\/p>\n\n\n\n<p>1980 Askeri darbesi sonras\u0131 B\u00fclent Ecevit cezas\u0131n\u0131 \u00e7ekmek istedi\u011fi Demokrasi Evine gelir. D\u00fc\u015f\u00fcncesi, burada sakince kalacak, e\u015fi Rah\u015fan Ecevit\u2019e hemen kar\u015f\u0131s\u0131ndan bir ev kiralayacak. B\u00fclent Ecevit ve e\u015fi Rah\u015fan Ecevit\u2019in sars\u0131lmaz ba\u011fl\u0131l\u0131\u011f\u0131n\u0131 biliyoruz&#8230; Onlar sadece bir kar\u0131 koca de\u011fil ortak bir idealin iki yar\u0131s\u0131yd\u0131lar. Biraz da Ankara\u2019n\u0131n o kasvetli havas\u0131ndan uzak olmak isterler.<\/p>\n\n\n\n<div class=\"wp-block-columns is-layout-flex wp-container-core-columns-is-layout-1 wp-block-columns-is-layout-flex\">\n<div class=\"wp-block-column is-layout-flow wp-block-column-is-layout-flow\"><div class=\"wp-block-image\">\n<figure class=\"aligncenter size-full\"><img loading=\"lazy\" decoding=\"async\" width=\"302\" height=\"392\" src=\"https:\/\/epochtimestr.com\/wp-content\/uploads\/2011y\/image-380.png\" alt=\"\" class=\"wp-image-167268\" srcset=\"https:\/\/epochtimestr.com\/wp-content\/uploads\/2011y\/image-380.png 302w, https:\/\/epochtimestr.com\/wp-content\/uploads\/2011y\/image-380-231x300.png 231w, https:\/\/epochtimestr.com\/wp-content\/uploads\/2011y\/image-380-116x150.png 116w\" sizes=\"(max-width: 302px) 100vw, 302px\" \/><figcaption class=\"wp-element-caption\">B\u00fclent Ecevit (Foto\u011fraf: herkesicinchp, X)<\/figcaption><\/figure><\/div><\/div>\n\n\n\n<div class=\"wp-block-column is-layout-flow wp-block-column-is-layout-flow\"><div class=\"wp-block-image\">\n<figure class=\"aligncenter size-full is-resized\"><img loading=\"lazy\" decoding=\"async\" width=\"544\" height=\"680\" src=\"https:\/\/epochtimestr.com\/wp-content\/uploads\/2011y\/signal-2026-05-14-204203.jpeg\" alt=\"\" class=\"wp-image-167269\" style=\"width:317px;height:auto\" srcset=\"https:\/\/epochtimestr.com\/wp-content\/uploads\/2011y\/signal-2026-05-14-204203.jpeg 544w, https:\/\/epochtimestr.com\/wp-content\/uploads\/2011y\/signal-2026-05-14-204203-240x300.jpeg 240w, https:\/\/epochtimestr.com\/wp-content\/uploads\/2011y\/signal-2026-05-14-204203-120x150.jpeg 120w\" sizes=\"(max-width: 544px) 100vw, 544px\" \/><figcaption class=\"wp-element-caption\">Rah\u015fan ve B\u00fclent Ecevit (Foto\u011fraf: ilhamiozcanaygn, X)<\/figcaption><\/figure><\/div><\/div>\n<\/div>\n\n\n\n<p>Emekli Sosyolog Prof.Dr. Enis Tataro\u011flu hocam\u0131z\u0131n, kitap okuma g\u00fcnlerinde, beni a\u011f\u0131rlamas\u0131 ve bu bilgilere ula\u015fmam\u0131 sa\u011flamas\u0131 \u00e7ok k\u0131ymetli.<\/p>\n\n\n\n<p>Gardiyan, Cafer G\u00f6cek\u2019in an\u0131lar\u0131ndan:<\/p>\n\n\n\n<p><em>Ecevit iki sivil korumayla geldi. Arabadan indiler, n\u00f6bet\u00e7i Jandarmaya sordu:<\/em><\/p>\n\n\n\n<p><em>\u201cCezaevinden bir yetkili ile g\u00f6r\u00fc\u015febilir miyim?\u201d dedi.<\/em><\/p>\n\n\n\n<p><em>Jandarma beni \u00e7a\u011f\u0131rd\u0131. Gittim yan\u0131na<\/em><\/p>\n\n\n\n<p><em>\u201cHo\u015f geldiniz\u201d dedim.<\/em><br \/><em>\u201cEvlad\u0131m,\u201d dedi \u201cburas\u0131 devletin mi kiral\u0131k m\u0131?\u201d<\/em><br \/><em>\u201cKiral\u0131k\u201d dedim.<\/em><br \/>&#8211; <em>Kafes ka\u00e7 ki\u015filik?<\/em><br \/>&#8211; <em>8<\/em><br \/><em>&#8211; \u015eu an ka\u00e7 ki\u015fi var?<\/em><br \/>&#8211; <em>5 ki\u015fi.<\/em><br \/>&#8211; <em>Beni buraya al\u0131r m\u0131s\u0131n\u0131z?<\/em><br \/>&#8211; <em>Hay\u0131r, ben alamam! Cumhuriyet Savc\u0131l\u0131\u011f\u0131na gideceksiniz. Dosyan\u0131z\u0131 buraya havale edecek. O zaman ben teslim al\u0131r\u0131m.<\/em><\/p>\n\n\n\n<p><em>Ondan sonra merkeze gitti. Ankara, cezaevinin elveri\u015fli olmad\u0131\u011f\u0131 \u015feklinde m\u00fcsaade etmedi. Ve Ulucanlar Cezaevinde kald\u0131. Birka\u00e7 y\u0131l \u00f6nce ziyarete gitti\u011fimde, yast\u0131\u011f\u0131na ranzas\u0131na dokundum, inan\u0131lmaz duygulu anlard\u0131. Sadece benim de\u011fil, ailemin ve t\u00fcm ziyaret\u00e7ilerin g\u00f6zlerinde o ac\u0131y\u0131 g\u00f6rd\u00fcm.<\/em><\/p>\n\n\n\n<div class=\"wp-block-columns is-layout-flex wp-container-core-columns-is-layout-2 wp-block-columns-is-layout-flex\">\n<div class=\"wp-block-column is-layout-flow wp-block-column-is-layout-flow\">\n<figure class=\"wp-block-image size-large is-resized\"><img loading=\"lazy\" decoding=\"async\" width=\"789\" height=\"1200\" src=\"https:\/\/epochtimestr.com\/wp-content\/uploads\/2011y\/signal-2026-05-14-201750-789x1200.jpeg\" alt=\"\" class=\"wp-image-167270\" style=\"width:366px;height:auto\" srcset=\"https:\/\/epochtimestr.com\/wp-content\/uploads\/2011y\/signal-2026-05-14-201750-789x1200.jpeg 789w, https:\/\/epochtimestr.com\/wp-content\/uploads\/2011y\/signal-2026-05-14-201750-197x300.jpeg 197w, https:\/\/epochtimestr.com\/wp-content\/uploads\/2011y\/signal-2026-05-14-201750-99x150.jpeg 99w, https:\/\/epochtimestr.com\/wp-content\/uploads\/2011y\/signal-2026-05-14-201750-768x1168.jpeg 768w, https:\/\/epochtimestr.com\/wp-content\/uploads\/2011y\/signal-2026-05-14-201750.jpeg 973w\" sizes=\"(max-width: 789px) 100vw, 789px\" \/><\/figure>\n<\/div>\n\n\n\n<div class=\"wp-block-column is-layout-flow wp-block-column-is-layout-flow\">\n<figure class=\"wp-block-image size-large is-resized\"><img loading=\"lazy\" decoding=\"async\" width=\"900\" height=\"1200\" src=\"https:\/\/epochtimestr.com\/wp-content\/uploads\/2011y\/signal-2026-05-14-201803-900x1200.jpeg\" alt=\"\" class=\"wp-image-167271\" style=\"width:418px;height:auto\" srcset=\"https:\/\/epochtimestr.com\/wp-content\/uploads\/2011y\/signal-2026-05-14-201803-900x1200.jpeg 900w, https:\/\/epochtimestr.com\/wp-content\/uploads\/2011y\/signal-2026-05-14-201803-225x300.jpeg 225w, https:\/\/epochtimestr.com\/wp-content\/uploads\/2011y\/signal-2026-05-14-201803-113x150.jpeg 113w, https:\/\/epochtimestr.com\/wp-content\/uploads\/2011y\/signal-2026-05-14-201803-768x1024.jpeg 768w, https:\/\/epochtimestr.com\/wp-content\/uploads\/2011y\/signal-2026-05-14-201803-1152x1536.jpeg 1152w, https:\/\/epochtimestr.com\/wp-content\/uploads\/2011y\/signal-2026-05-14-201803.jpeg 1200w\" sizes=\"(max-width: 900px) 100vw, 900px\" \/><\/figure>\n<\/div>\n<\/div>\n\n\n\n<p>Arkada\u015f\u0131m\u0131n daveti ile Dat\u00e7a\u2019ya, \u201cBolkarlar\u0131n Sessiz \u00c7\u0131\u011fl\u0131\u011f\u0131 &#8211; Anadolu Tarbaz A\u011f\u0131tlar\u0131\u201d kitab\u0131m\u0131n imza ve s\u00f6yle\u015fi g\u00fcn\u00fc i\u00e7in gittim. Belediye bizi, Kavak Dibi Demokrasi Evine y\u00f6nlendirdi. \u0130nan\u0131lmaz tat ald\u0131\u011f\u0131m bir imza ve s\u00f6yle\u015fi yapt\u0131k. Sosyal Belediyecilik burada \u00f6yle muazzam \u00e7al\u0131\u015fmakta ki, su\u00e7 oran\u0131n\u0131n d\u00fc\u015fmesi nedeniyle kapat\u0131lan bir cezaevi \u00f6yk\u00fcs\u00fc, beni \u00e7ok d\u00fc\u015f\u00fcnd\u00fcrd\u00fc. \u00dclkemin d\u00f6rt bir k\u00f6\u015fesinde bu i\u015fleyi\u015fin olmas\u0131 hayali, benim g\u00fcl\u00fcmsememi sa\u011flad\u0131. \u00d6zellikle son y\u0131llarda devasa cezaevlerinin in\u015fas\u0131 ve iki ki\u015filik ko\u011fu\u015flarda, sekiz on ki\u015fi olmas\u0131, ben d\u00fc\u015f\u00fcnd\u00fcrd\u00fc! Siz okurlar\u0131m ne d\u00fc\u015f\u00fcnd\u00fcn\u00fcz?<\/p>\n\n\n\n<p>Yaz\u0131m\u0131n sonunda \u015funlar\u0131 eklemek istiyorum: Yine son aylarda, \u00fclkemizde baz\u0131 olaylar, as\u0131ls\u0131z ve asl\u0131 olan baz\u0131 geli\u015fmeler oluyor. T\u00fcrk halk\u0131 \u00e7ok zeki; ger\u00e7ekler biliniyor. Tek yap\u0131lmayan hep birlikte \u00fclkenin bekas\u0131 i\u00e7in konu\u015fmak, itiraz etmek. Bu da gelece\u011fe karamsar bakmam\u0131za zemin haz\u0131rl\u0131yor. Gen\u00e7lik nereye gidiyor? Canlar\u0131m\u0131z, e\u011fitim alm\u0131\u015f evlatlar\u0131m\u0131z, d\u0131\u015far\u0131da ar\u0131yor \u00e7\u00f6z\u00fcm\u00fc veya ailesi ile birlikte bir belirsizli\u011fe do\u011fru gidiyorlar.<\/p>\n\n\n\n<p>K\u0131ymetli Ecevit\u2019in bu \u00f6yk\u00fcs\u00fcn\u00fcn ard\u0131ndan, \u00f6zellikle son y\u0131llarda s\u0131k\u00e7a kar\u015f\u0131la\u015ft\u0131\u011f\u0131m\u0131z s\u00f6z\u00fcn\u00fc b\u0131rakal\u0131m:<\/p>\n\n\n\n<p>\u201cNAMUSLU B\u0130R H\u0130K\u00c2YEN VARSA SEN\u0130 K\u0130MSE SATIN ALAMAZ!\u201d<\/p>\n","protected":false},"excerpt":{"rendered":"<p>T\u00fcrkiye\u2019nin En K\u00fc\u00e7\u00fck Cezaevlerinden Biriydi Demokrasi Evi, Dat\u00e7a\u2019n\u0131n tarihini yans\u0131tan \u00f6nemli bir yap\u0131d\u0131r. 1885 y\u0131l\u0131nda \u00f6zel m\u00fclk olarak in\u015fa edilen bu yap\u0131 1901 ile 2001 y\u0131llar\u0131 aras\u0131nda cezaevi olarak kullan\u0131lm\u0131\u015f. T\u00fcrkiye\u2019nin en k\u00fc\u00e7\u00fck yar\u0131 a\u00e7\u0131k cezaevi olarak tarihe ge\u00e7en Kavak Dibi, 2001 y\u0131l\u0131nda Dat\u00e7a\u2019da su\u00e7 oranlar\u0131n\u0131n d\u00fc\u015fmesiyle kapat\u0131ld\u0131 ve zamanla metruk bir alana d\u00f6n\u00fc\u015ft\u00fcr\u00fcld\u00fc. Kavak [&hellip;]<\/p>\n","protected":false},"author":14005,"featured_media":163897,"comment_status":"open","ping_status":"open","sticky":false,"template":"","format":"standard","meta":{"_yoast_wpseo_focuskw":"Demokrasi Evi","_yoast_wpseo_title":"","_yoast_wpseo_metadesc":"Dat\u00e7a Kavak Dibi Demokrasi Evi, 1885 y\u0131l\u0131nda \u00f6zel m\u00fclk olarak in\u015fa edilmi\u015f ve 1901 ile 2001 y\u0131llar\u0131 aras\u0131nda cezaevi olarak kullan\u0131lm\u0131\u015f.","_bbp_topic_count":0,"_bbp_reply_count":0,"_bbp_total_topic_count":0,"_bbp_total_reply_count":0,"_bbp_voice_count":0,"_bbp_anonymous_reply_count":0,"_bbp_topic_count_hidden":0,"_bbp_reply_count_hidden":0,"_bbp_forum_subforum_count":0,"footnotes":"","_yoast_wpseo_focuskw_text_input":""},"categories":[10057],"tags":[],"yoast_head":"<!-- This site is optimized with the Yoast SEO plugin v23.0 - https:\/\/yoast.com\/wordpress\/plugins\/seo\/ -->\n<title>Dat\u00e7a Kavak Dibi, Demokrasi Evi - The Epoch Times TR<\/title>\n<meta name=\"description\" content=\"Dat\u00e7a Kavak Dibi Demokrasi Evi, 1885 y\u0131l\u0131nda \u00f6zel m\u00fclk olarak in\u015fa edilmi\u015f ve 1901 ile 2001 y\u0131llar\u0131 aras\u0131nda cezaevi olarak kullan\u0131lm\u0131\u015f.\" \/>\n<meta name=\"robots\" content=\"index, follow, max-snippet:-1, max-image-preview:large, max-video-preview:-1\" \/>\n<link rel=\"canonical\" href=\"https:\/\/epochtimestr.com\/index.php\/datca-kavak-dibi-demokrasi-evi\" \/>\n<meta property=\"og:locale\" content=\"tr_TR\" \/>\n<meta property=\"og:type\" content=\"article\" \/>\n<meta property=\"og:title\" content=\"Dat\u00e7a Kavak Dibi, Demokrasi Evi - The Epoch Times TR\" \/>\n<meta property=\"og:description\" content=\"Dat\u00e7a Kavak Dibi Demokrasi Evi, 1885 y\u0131l\u0131nda \u00f6zel m\u00fclk olarak in\u015fa edilmi\u015f ve 1901 ile 2001 y\u0131llar\u0131 aras\u0131nda cezaevi olarak kullan\u0131lm\u0131\u015f.\" \/>\n<meta property=\"og:url\" content=\"https:\/\/epochtimestr.com\/index.php\/datca-kavak-dibi-demokrasi-evi\" \/>\n<meta property=\"og:site_name\" content=\"The Epoch Times TR\" \/>\n<meta property=\"article:publisher\" content=\"https:\/\/www.facebook.com\/theepochtimestr\" \/>\n<meta property=\"article:published_time\" content=\"2026-05-15T05:00:00+00:00\" \/>\n<meta property=\"article:modified_time\" content=\"2026-05-14T18:10:05+00:00\" \/>\n<meta property=\"og:image\" content=\"https:\/\/epochtimestr.com\/wp-content\/uploads\/2011y\/Aysel-Yetis-SM3.png\" \/>\n\t<meta property=\"og:image:width\" content=\"1200\" \/>\n\t<meta property=\"og:image:height\" content=\"630\" \/>\n\t<meta property=\"og:image:type\" content=\"image\/png\" \/>\n<meta name=\"author\" content=\"Aysel \u00d6zcan Yeti\u015f\" \/>\n<meta name=\"twitter:card\" content=\"summary_large_image\" \/>\n<meta name=\"twitter:creator\" content=\"@TheEpochTimesTR\" \/>\n<meta name=\"twitter:site\" content=\"@TheEpochTimesTR\" \/>\n<meta name=\"twitter:label1\" content=\"Yazan:\" \/>\n\t<meta name=\"twitter:data1\" content=\"Aysel \u00d6zcan Yeti\u015f\" \/>\n\t<meta name=\"twitter:label2\" content=\"Tahmini okuma s\u00fcresi\" \/>\n\t<meta name=\"twitter:data2\" content=\"5 dakika\" \/>\n<script type=\"application\/ld+json\" class=\"yoast-schema-graph\">{\"@context\":\"https:\/\/schema.org\",\"@graph\":[{\"@type\":\"Article\",\"@id\":\"https:\/\/epochtimestr.com\/index.php\/datca-kavak-dibi-demokrasi-evi#article\",\"isPartOf\":{\"@id\":\"https:\/\/epochtimestr.com\/index.php\/datca-kavak-dibi-demokrasi-evi\"},\"author\":{\"name\":\"Aysel \u00d6zcan Yeti\u015f\",\"@id\":\"https:\/\/epochtimestr.com\/#\/schema\/person\/8ac8c965e5072789ae94ce8df3878fad\"},\"headline\":\"Dat\u00e7a Kavak Dibi, Demokrasi Evi\",\"datePublished\":\"2026-05-15T05:00:00+00:00\",\"dateModified\":\"2026-05-14T18:10:05+00:00\",\"mainEntityOfPage\":{\"@id\":\"https:\/\/epochtimestr.com\/index.php\/datca-kavak-dibi-demokrasi-evi\"},\"wordCount\":757,\"commentCount\":0,\"publisher\":{\"@id\":\"https:\/\/epochtimestr.com\/#organization\"},\"image\":{\"@id\":\"https:\/\/epochtimestr.com\/index.php\/datca-kavak-dibi-demokrasi-evi#primaryimage\"},\"thumbnailUrl\":\"https:\/\/epochtimestr.com\/wp-content\/uploads\/2011y\/Aysel-Ozcan-Yetis.png\",\"articleSection\":[\"K\u00f6\u015fe Yaz\u0131lar\u0131 Aysel \u00d6zcan Yeti\u015f\"],\"inLanguage\":\"tr\",\"potentialAction\":[{\"@type\":\"CommentAction\",\"name\":\"Comment\",\"target\":[\"https:\/\/epochtimestr.com\/index.php\/datca-kavak-dibi-demokrasi-evi#respond\"]}]},{\"@type\":\"WebPage\",\"@id\":\"https:\/\/epochtimestr.com\/index.php\/datca-kavak-dibi-demokrasi-evi\",\"url\":\"https:\/\/epochtimestr.com\/index.php\/datca-kavak-dibi-demokrasi-evi\",\"name\":\"Dat\u00e7a Kavak Dibi, Demokrasi Evi - The Epoch Times TR\",\"isPartOf\":{\"@id\":\"https:\/\/epochtimestr.com\/#website\"},\"primaryImageOfPage\":{\"@id\":\"https:\/\/epochtimestr.com\/index.php\/datca-kavak-dibi-demokrasi-evi#primaryimage\"},\"image\":{\"@id\":\"https:\/\/epochtimestr.com\/index.php\/datca-kavak-dibi-demokrasi-evi#primaryimage\"},\"thumbnailUrl\":\"https:\/\/epochtimestr.com\/wp-content\/uploads\/2011y\/Aysel-Ozcan-Yetis.png\",\"datePublished\":\"2026-05-15T05:00:00+00:00\",\"dateModified\":\"2026-05-14T18:10:05+00:00\",\"description\":\"Dat\u00e7a Kavak Dibi Demokrasi Evi, 1885 y\u0131l\u0131nda \u00f6zel m\u00fclk olarak in\u015fa edilmi\u015f ve 1901 ile 2001 y\u0131llar\u0131 aras\u0131nda cezaevi olarak kullan\u0131lm\u0131\u015f.\",\"inLanguage\":\"tr\",\"potentialAction\":[{\"@type\":\"ReadAction\",\"target\":[\"https:\/\/epochtimestr.com\/index.php\/datca-kavak-dibi-demokrasi-evi\"]}]},{\"@type\":\"ImageObject\",\"inLanguage\":\"tr\",\"@id\":\"https:\/\/epochtimestr.com\/index.php\/datca-kavak-dibi-demokrasi-evi#primaryimage\",\"url\":\"https:\/\/epochtimestr.com\/wp-content\/uploads\/2011y\/Aysel-Ozcan-Yetis.png\",\"contentUrl\":\"https:\/\/epochtimestr.com\/wp-content\/uploads\/2011y\/Aysel-Ozcan-Yetis.png\",\"width\":750,\"height\":750},{\"@type\":\"WebSite\",\"@id\":\"https:\/\/epochtimestr.com\/#website\",\"url\":\"https:\/\/epochtimestr.com\/\",\"name\":\"The Epoch Times TR\",\"description\":\"De\u011fi\u015fen D\u00fcnyam\u0131za Taze Bir Bak\u0131\u015f\",\"publisher\":{\"@id\":\"https:\/\/epochtimestr.com\/#organization\"},\"potentialAction\":[{\"@type\":\"SearchAction\",\"target\":{\"@type\":\"EntryPoint\",\"urlTemplate\":\"https:\/\/epochtimestr.com\/?s={search_term_string}\"},\"query-input\":\"required name=search_term_string\"}],\"inLanguage\":\"tr\"},{\"@type\":\"Organization\",\"@id\":\"https:\/\/epochtimestr.com\/#organization\",\"name\":\"The EpochTimes T\u00fcrkiye\",\"url\":\"https:\/\/epochtimestr.com\/\",\"logo\":{\"@type\":\"ImageObject\",\"inLanguage\":\"tr\",\"@id\":\"https:\/\/epochtimestr.com\/#\/schema\/logo\/image\/\",\"url\":\"https:\/\/epochtimestr.com\/wp-content\/uploads\/2011y\/ET-Logo-YG.jpg\",\"contentUrl\":\"https:\/\/epochtimestr.com\/wp-content\/uploads\/2011y\/ET-Logo-YG.jpg\",\"width\":346,\"height\":29,\"caption\":\"The EpochTimes T\u00fcrkiye\"},\"image\":{\"@id\":\"https:\/\/epochtimestr.com\/#\/schema\/logo\/image\/\"},\"sameAs\":[\"https:\/\/www.facebook.com\/theepochtimestr\",\"https:\/\/x.com\/TheEpochTimesTR\",\"https:\/\/www.instagram.com\/epochtimestr\"]},{\"@type\":\"Person\",\"@id\":\"https:\/\/epochtimestr.com\/#\/schema\/person\/8ac8c965e5072789ae94ce8df3878fad\",\"name\":\"Aysel \u00d6zcan Yeti\u015f\",\"image\":{\"@type\":\"ImageObject\",\"inLanguage\":\"tr\",\"@id\":\"https:\/\/epochtimestr.com\/#\/schema\/person\/image\/\",\"url\":\"https:\/\/secure.gravatar.com\/avatar\/e05a79b1b2d145df9f842aa7f0e32ef2?s=96&d=mm&r=g\",\"contentUrl\":\"https:\/\/secure.gravatar.com\/avatar\/e05a79b1b2d145df9f842aa7f0e32ef2?s=96&d=mm&r=g\",\"caption\":\"Aysel \u00d6zcan Yeti\u015f\"},\"url\":\"https:\/\/epochtimestr.com\/index.php\/author\/aysel\"}]}<\/script>\n<!-- \/ Yoast SEO plugin. -->","yoast_head_json":{"title":"Dat\u00e7a Kavak Dibi, Demokrasi Evi - The Epoch Times TR","description":"Dat\u00e7a Kavak Dibi Demokrasi Evi, 1885 y\u0131l\u0131nda \u00f6zel m\u00fclk olarak in\u015fa edilmi\u015f ve 1901 ile 2001 y\u0131llar\u0131 aras\u0131nda cezaevi olarak kullan\u0131lm\u0131\u015f.","robots":{"index":"index","follow":"follow","max-snippet":"max-snippet:-1","max-image-preview":"max-image-preview:large","max-video-preview":"max-video-preview:-1"},"canonical":"https:\/\/epochtimestr.com\/index.php\/datca-kavak-dibi-demokrasi-evi","og_locale":"tr_TR","og_type":"article","og_title":"Dat\u00e7a Kavak Dibi, Demokrasi Evi - The Epoch Times TR","og_description":"Dat\u00e7a Kavak Dibi Demokrasi Evi, 1885 y\u0131l\u0131nda \u00f6zel m\u00fclk olarak in\u015fa edilmi\u015f ve 1901 ile 2001 y\u0131llar\u0131 aras\u0131nda cezaevi olarak kullan\u0131lm\u0131\u015f.","og_url":"https:\/\/epochtimestr.com\/index.php\/datca-kavak-dibi-demokrasi-evi","og_site_name":"The Epoch Times TR","article_publisher":"https:\/\/www.facebook.com\/theepochtimestr","article_published_time":"2026-05-15T05:00:00+00:00","article_modified_time":"2026-05-14T18:10:05+00:00","og_image":[{"width":1200,"height":630,"url":"https:\/\/epochtimestr.com\/wp-content\/uploads\/2011y\/Aysel-Yetis-SM3.png","type":"image\/png"}],"author":"Aysel \u00d6zcan Yeti\u015f","twitter_card":"summary_large_image","twitter_creator":"@TheEpochTimesTR","twitter_site":"@TheEpochTimesTR","twitter_misc":{"Yazan:":"Aysel \u00d6zcan Yeti\u015f","Tahmini okuma s\u00fcresi":"5 dakika"},"schema":{"@context":"https:\/\/schema.org","@graph":[{"@type":"Article","@id":"https:\/\/epochtimestr.com\/index.php\/datca-kavak-dibi-demokrasi-evi#article","isPartOf":{"@id":"https:\/\/epochtimestr.com\/index.php\/datca-kavak-dibi-demokrasi-evi"},"author":{"name":"Aysel \u00d6zcan Yeti\u015f","@id":"https:\/\/epochtimestr.com\/#\/schema\/person\/8ac8c965e5072789ae94ce8df3878fad"},"headline":"Dat\u00e7a Kavak Dibi, Demokrasi Evi","datePublished":"2026-05-15T05:00:00+00:00","dateModified":"2026-05-14T18:10:05+00:00","mainEntityOfPage":{"@id":"https:\/\/epochtimestr.com\/index.php\/datca-kavak-dibi-demokrasi-evi"},"wordCount":757,"commentCount":0,"publisher":{"@id":"https:\/\/epochtimestr.com\/#organization"},"image":{"@id":"https:\/\/epochtimestr.com\/index.php\/datca-kavak-dibi-demokrasi-evi#primaryimage"},"thumbnailUrl":"https:\/\/epochtimestr.com\/wp-content\/uploads\/2011y\/Aysel-Ozcan-Yetis.png","articleSection":["K\u00f6\u015fe Yaz\u0131lar\u0131 Aysel \u00d6zcan Yeti\u015f"],"inLanguage":"tr","potentialAction":[{"@type":"CommentAction","name":"Comment","target":["https:\/\/epochtimestr.com\/index.php\/datca-kavak-dibi-demokrasi-evi#respond"]}]},{"@type":"WebPage","@id":"https:\/\/epochtimestr.com\/index.php\/datca-kavak-dibi-demokrasi-evi","url":"https:\/\/epochtimestr.com\/index.php\/datca-kavak-dibi-demokrasi-evi","name":"Dat\u00e7a Kavak Dibi, Demokrasi Evi - The Epoch Times TR","isPartOf":{"@id":"https:\/\/epochtimestr.com\/#website"},"primaryImageOfPage":{"@id":"https:\/\/epochtimestr.com\/index.php\/datca-kavak-dibi-demokrasi-evi#primaryimage"},"image":{"@id":"https:\/\/epochtimestr.com\/index.php\/datca-kavak-dibi-demokrasi-evi#primaryimage"},"thumbnailUrl":"https:\/\/epochtimestr.com\/wp-content\/uploads\/2011y\/Aysel-Ozcan-Yetis.png","datePublished":"2026-05-15T05:00:00+00:00","dateModified":"2026-05-14T18:10:05+00:00","description":"Dat\u00e7a Kavak Dibi Demokrasi Evi, 1885 y\u0131l\u0131nda \u00f6zel m\u00fclk olarak in\u015fa edilmi\u015f ve 1901 ile 2001 y\u0131llar\u0131 aras\u0131nda cezaevi olarak kullan\u0131lm\u0131\u015f.","inLanguage":"tr","potentialAction":[{"@type":"ReadAction","target":["https:\/\/epochtimestr.com\/index.php\/datca-kavak-dibi-demokrasi-evi"]}]},{"@type":"ImageObject","inLanguage":"tr","@id":"https:\/\/epochtimestr.com\/index.php\/datca-kavak-dibi-demokrasi-evi#primaryimage","url":"https:\/\/epochtimestr.com\/wp-content\/uploads\/2011y\/Aysel-Ozcan-Yetis.png","contentUrl":"https:\/\/epochtimestr.com\/wp-content\/uploads\/2011y\/Aysel-Ozcan-Yetis.png","width":750,"height":750},{"@type":"WebSite","@id":"https:\/\/epochtimestr.com\/#website","url":"https:\/\/epochtimestr.com\/","name":"The Epoch Times TR","description":"De\u011fi\u015fen D\u00fcnyam\u0131za Taze Bir Bak\u0131\u015f","publisher":{"@id":"https:\/\/epochtimestr.com\/#organization"},"potentialAction":[{"@type":"SearchAction","target":{"@type":"EntryPoint","urlTemplate":"https:\/\/epochtimestr.com\/?s={search_term_string}"},"query-input":"required name=search_term_string"}],"inLanguage":"tr"},{"@type":"Organization","@id":"https:\/\/epochtimestr.com\/#organization","name":"The EpochTimes T\u00fcrkiye","url":"https:\/\/epochtimestr.com\/","logo":{"@type":"ImageObject","inLanguage":"tr","@id":"https:\/\/epochtimestr.com\/#\/schema\/logo\/image\/","url":"https:\/\/epochtimestr.com\/wp-content\/uploads\/2011y\/ET-Logo-YG.jpg","contentUrl":"https:\/\/epochtimestr.com\/wp-content\/uploads\/2011y\/ET-Logo-YG.jpg","width":346,"height":29,"caption":"The EpochTimes T\u00fcrkiye"},"image":{"@id":"https:\/\/epochtimestr.com\/#\/schema\/logo\/image\/"},"sameAs":["https:\/\/www.facebook.com\/theepochtimestr","https:\/\/x.com\/TheEpochTimesTR","https:\/\/www.instagram.com\/epochtimestr"]},{"@type":"Person","@id":"https:\/\/epochtimestr.com\/#\/schema\/person\/8ac8c965e5072789ae94ce8df3878fad","name":"Aysel \u00d6zcan Yeti\u015f","image":{"@type":"ImageObject","inLanguage":"tr","@id":"https:\/\/epochtimestr.com\/#\/schema\/person\/image\/","url":"https:\/\/secure.gravatar.com\/avatar\/e05a79b1b2d145df9f842aa7f0e32ef2?s=96&d=mm&r=g","contentUrl":"https:\/\/secure.gravatar.com\/avatar\/e05a79b1b2d145df9f842aa7f0e32ef2?s=96&d=mm&r=g","caption":"Aysel \u00d6zcan Yeti\u015f"},"url":"https:\/\/epochtimestr.com\/index.php\/author\/aysel"}]}},"_links":{"self":[{"href":"https:\/\/epochtimestr.com\/index.php\/wp-json\/wp\/v2\/posts\/167267"}],"collection":[{"href":"https:\/\/epochtimestr.com\/index.php\/wp-json\/wp\/v2\/posts"}],"about":[{"href":"https:\/\/epochtimestr.com\/index.php\/wp-json\/wp\/v2\/types\/post"}],"author":[{"embeddable":true,"href":"https:\/\/epochtimestr.com\/index.php\/wp-json\/wp\/v2\/users\/14005"}],"replies":[{"embeddable":true,"href":"https:\/\/epochtimestr.com\/index.php\/wp-json\/wp\/v2\/comments?post=167267"}],"version-history":[{"count":2,"href":"https:\/\/epochtimestr.com\/index.php\/wp-json\/wp\/v2\/posts\/167267\/revisions"}],"predecessor-version":[{"id":167275,"href":"https:\/\/epochtimestr.com\/index.php\/wp-json\/wp\/v2\/posts\/167267\/revisions\/167275"}],"wp:featuredmedia":[{"embeddable":true,"href":"https:\/\/epochtimestr.com\/index.php\/wp-json\/wp\/v2\/media\/163897"}],"wp:attachment":[{"href":"https:\/\/epochtimestr.com\/index.php\/wp-json\/wp\/v2\/media?parent=167267"}],"wp:term":[{"taxonomy":"category","embeddable":true,"href":"https:\/\/epochtimestr.com\/index.php\/wp-json\/wp\/v2\/categories?post=167267"},{"taxonomy":"post_tag","embeddable":true,"href":"https:\/\/epochtimestr.com\/index.php\/wp-json\/wp\/v2\/tags?post=167267"}],"curies":[{"name":"wp","href":"https:\/\/api.w.org\/{rel}","templated":true}]}}