{"id":167278,"date":"2026-05-15T11:22:22","date_gmt":"2026-05-15T08:22:22","guid":{"rendered":"https:\/\/epochtimestr.com\/?p=167278"},"modified":"2026-05-15T11:22:23","modified_gmt":"2026-05-15T08:22:23","slug":"biz-ciftciydik","status":"publish","type":"post","link":"https:\/\/epochtimestr.com\/index.php\/biz-ciftciydik","title":{"rendered":"Biz \u00c7ift\u00e7iydik"},"content":{"rendered":"\n<p>1984 y\u0131l\u0131ndan bu yana kutlanan 14 May\u0131s D\u00fcnya \u00c7ift\u00e7iler G\u00fcn\u00fc\u2019n\u00fc her y\u0131l umutla kar\u015f\u0131lamak isterdik. \u00c7\u00fcnk\u00fc bizler topra\u011f\u0131n insanlar\u0131yd\u0131k. Al\u0131n terini ekme\u011fe, eme\u011fi berekete d\u00f6n\u00fc\u015ft\u00fcren \u00e7ift\u00e7ilerdik. Ama bug\u00fcn ne yaz\u0131k ki i\u00e7imiz buruk, sesimiz sitem dolu\u2026 \u00c7\u00fcnk\u00fc \u00fclkemizde \u00e7ift\u00e7ilik ad\u0131m ad\u0131m bitirilmi\u015ftir.<\/p>\n\n\n\n<p>Biz k\u00f6y\u00fcm\u00fczde bahar aylar\u0131 gelip ge\u00e7erken, g\u00fcn do\u011fumunun k\u0131z\u0131ll\u0131\u011f\u0131yla uyan\u0131rd\u0131k. G\u00f6zlerimiz umutla topra\u011fa bakar, ellerimiz bereket i\u00e7in \u00e7al\u0131\u015f\u0131rd\u0131. Sabah\u0131n serinli\u011finde radyodan y\u00fckselen t\u00fcrk\u00fcleri dinler, topra\u011f\u0131n kokusuyla yeni bir g\u00fcne ba\u015flard\u0131k. Ellerimiz dua gibi g\u00f6\u011fe kalkar, tenimiz uzun \u00f6m\u00fcr isterdi. Gen\u00e7lerin y\u00fcz\u00fcnde sevda dolu g\u00fcl\u00fc\u015fler, ya\u015fl\u0131lar\u0131n g\u00f6zlerinde ise \u00fcretmenin huzuru olurdu. G\u00fcnler akar, yaz yakla\u015f\u0131rken tarlalarda umut b\u00fcy\u00fcrd\u00fc.<\/p>\n\n\n\n<p>Biz \u00e7ift\u00e7iler i\u00e7in toprak, yaln\u0131zca ge\u00e7im kayna\u011f\u0131 de\u011fildi; ya\u015fam\u0131n kendisiydi.<\/p>\n\n\n\n<p>Mustafa Kemal Atat\u00fcrk, \u00e7ift\u00e7iye verdi\u011fi de\u011feri y\u0131llar \u00f6nce \u00e7ok a\u00e7\u0131k s\u00f6zlerle anlatm\u0131\u015ft\u0131r. \u201cK\u00f6yl\u00fc milletin efendisidir.\u201d diyerek \u00fcreticiyi, milletin temel g\u00fcc\u00fc olarak g\u00f6rm\u00fc\u015ft\u00fcr. \u201cMill\u00ee ekonominin temeli tar\u0131md\u0131r.\u201d s\u00f6z\u00fcyle de bir \u00fclkenin ba\u011f\u0131ms\u0131zl\u0131\u011f\u0131n\u0131n \u00fcretimden ge\u00e7ti\u011fini vurgulam\u0131\u015ft\u0131r. Yine Atat\u00fcrk\u2019\u00fcn, \u201c\u00dclkemizin ger\u00e7ek sahibi ve efendisi, ger\u00e7ekten \u00fcretici olan k\u00f6yl\u00fcd\u00fcr.\u201d s\u00f6z\u00fc bug\u00fcn h\u00e2l\u00e2 yol g\u00f6sterici bir anlam ta\u015f\u0131maktad\u0131r.<\/p>\n\n\n\n<p>K\u00f6y odalar\u0131nda bir araya gelen insanlar, \u201cBiz eme\u011fimizle, t\u0131rnaklar\u0131m\u0131zla topra\u011f\u0131 i\u015fler; al\u0131n terimizle binbir \u00e7e\u015fit \u00e7i\u00e7ek a\u00e7t\u0131r\u0131r\u0131z.\u201d derdi. \u00c7\u00fcnk\u00fc \u00fcretmek kutsald\u0131. Bir bu\u011fday tanesinin, bir zeytin dal\u0131n\u0131n, bir domates fidesinin arkas\u0131nda b\u00fcy\u00fck bir emek vard\u0131.<\/p>\n\n\n\n<p>Ama bug\u00fcn ne yaz\u0131k ki o emek t\u00fckenme noktas\u0131na geldi.<\/p>\n\n\n\n<p>\u00c7ift\u00e7iler art\u0131k birer birer topra\u011f\u0131ndan elini \u00e7ekiyor; \u00fcretmekten vazge\u00e7mek zorunda kal\u0131yor. Y\u0131llard\u0131r uygulanan yanl\u0131\u015f tar\u0131m politikalar\u0131, \u00e7ift\u00e7iyi yaln\u0131z b\u0131rakm\u0131\u015ft\u0131r. Mazot fiyatlar\u0131, g\u00fcbre giderleri, tar\u0131m ila\u00e7lar\u0131n\u0131n maliyetleri katlanarak artm\u0131\u015ft\u0131r. Buna kar\u015f\u0131l\u0131k, verilen destekler yetersiz kalm\u0131\u015ft\u0131r. \u00c7ift\u00e7i bor\u00e7 alt\u0131nda ezilmi\u015f, \u00fcretim yapmak neredeyse imk\u00e2ns\u0131z h\u00e2le gelmi\u015ftir.<\/p>\n\n\n\n<p>Bir zamanlar kendi kendine yetebilen \u00fclkemiz, bug\u00fcn meyveden sebzeye, bu\u011fdaydan una kadar bir\u00e7ok \u00fcr\u00fcn\u00fc ithal eder duruma gelmi\u015ftir. Oysa binlerce d\u00f6n\u00fcm verimli tar\u0131m arazimiz var. Bereketli topraklar\u0131m\u0131z h\u00e2l\u00e2 duruyor. Eksik olan \u015fey, \u00fcreticinin yeniden desteklenmesi ve topra\u011fa k\u00fcst\u00fcr\u00fclmemesidir.<\/p>\n\n\n\n<p>Bug\u00fcn k\u00f6ylerde gen\u00e7ler art\u0131k \u00e7ift\u00e7i olmak istemiyor. \u00c7\u00fcnk\u00fc gelece\u011fini tarlada g\u00f6remiyor. Tarlalar bo\u015f kal\u0131yor, k\u00f6yler sessizle\u015fiyor. Oysa bir \u00fclkenin ger\u00e7ek g\u00fcc\u00fc; fabrikalar\u0131 kadar tarlalar\u0131yla, \u00fcretimiyle, k\u00f6yl\u00fcs\u00fcyle ayakta durur.<\/p>\n\n\n\n<p>D\u00fcnya \u00c7ift\u00e7iler G\u00fcn\u00fc\u2019n\u00fc kutlarken i\u00e7imizde buruk bir h\u00fcz\u00fcn ta\u015f\u0131yoruz. \u00c7\u00fcnk\u00fc biz sadece topra\u011f\u0131 de\u011fil, umutlar\u0131m\u0131z\u0131 da kaybediyoruz. Yine de inan\u0131yoruz ki \u00e7ift\u00e7iye hak etti\u011fi de\u011fer verilirse, \u00fcretim yeniden canlan\u0131r, k\u00f6yler yeniden \u015fenlenir ve bu bereketli topraklar yeniden kendi insan\u0131n\u0131 doyuracak g\u00fcce kavu\u015fur.<\/p>\n\n\n\n<p>\u00c7\u00fcnk\u00fc \u00fcretmezsek t\u00fckeniriz!<\/p>\n\n\n\n<p>Topra\u011fa sahip \u00e7\u0131kmak, gelece\u011fe sahip \u00e7\u0131kmakt\u0131r. \u00c7ift\u00e7i varsa hayat vard\u0131r, \u00fcretim vard\u0131r, ba\u011f\u0131ms\u0131zl\u0131k vard\u0131r.<\/p>\n","protected":false},"excerpt":{"rendered":"<p>1984 y\u0131l\u0131ndan bu yana kutlanan 14 May\u0131s D\u00fcnya \u00c7ift\u00e7iler G\u00fcn\u00fc\u2019n\u00fc her y\u0131l umutla kar\u015f\u0131lamak isterdik. \u00c7\u00fcnk\u00fc bizler topra\u011f\u0131n insanlar\u0131yd\u0131k. Al\u0131n terini ekme\u011fe, eme\u011fi berekete d\u00f6n\u00fc\u015ft\u00fcren \u00e7ift\u00e7ilerdik. Ama bug\u00fcn ne yaz\u0131k ki i\u00e7imiz buruk, sesimiz sitem dolu\u2026 \u00c7\u00fcnk\u00fc \u00fclkemizde \u00e7ift\u00e7ilik ad\u0131m ad\u0131m bitirilmi\u015ftir. Biz k\u00f6y\u00fcm\u00fczde bahar aylar\u0131 gelip ge\u00e7erken, g\u00fcn do\u011fumunun k\u0131z\u0131ll\u0131\u011f\u0131yla uyan\u0131rd\u0131k. G\u00f6zlerimiz umutla topra\u011fa [&hellip;]<\/p>\n","protected":false},"author":13998,"featured_media":160116,"comment_status":"open","ping_status":"open","sticky":false,"template":"","format":"standard","meta":{"_yoast_wpseo_focuskw":"\u00c7ift\u00e7i","_yoast_wpseo_title":"","_yoast_wpseo_metadesc":"1984 y\u0131l\u0131ndan bu yana kutlanan 14 May\u0131s D\u00fcnya \u00c7ift\u00e7iler G\u00fcn\u00fc\u2019n\u00fc her y\u0131l umutla kar\u015f\u0131lamak isterdik. \u00c7\u00fcnk\u00fc bizler topra\u011f\u0131n insanlar\u0131yd\u0131k.","_bbp_topic_count":0,"_bbp_reply_count":0,"_bbp_total_topic_count":0,"_bbp_total_reply_count":0,"_bbp_voice_count":0,"_bbp_anonymous_reply_count":0,"_bbp_topic_count_hidden":0,"_bbp_reply_count_hidden":0,"_bbp_forum_subforum_count":0,"footnotes":"","_yoast_wpseo_focuskw_text_input":""},"categories":[8889],"tags":[],"yoast_head":"<!-- This site is optimized with the Yoast SEO plugin v23.0 - https:\/\/yoast.com\/wordpress\/plugins\/seo\/ -->\n<title>Biz \u00c7ift\u00e7iydik - The Epoch Times TR<\/title>\n<meta name=\"description\" content=\"1984 y\u0131l\u0131ndan bu yana kutlanan 14 May\u0131s D\u00fcnya \u00c7ift\u00e7iler G\u00fcn\u00fc\u2019n\u00fc her y\u0131l umutla kar\u015f\u0131lamak isterdik. \u00c7\u00fcnk\u00fc bizler topra\u011f\u0131n insanlar\u0131yd\u0131k.\" \/>\n<meta name=\"robots\" content=\"index, follow, max-snippet:-1, max-image-preview:large, max-video-preview:-1\" \/>\n<link rel=\"canonical\" href=\"https:\/\/epochtimestr.com\/index.php\/biz-ciftciydik\" \/>\n<meta property=\"og:locale\" content=\"tr_TR\" \/>\n<meta property=\"og:type\" content=\"article\" \/>\n<meta property=\"og:title\" content=\"Biz \u00c7ift\u00e7iydik - The Epoch Times TR\" \/>\n<meta property=\"og:description\" content=\"1984 y\u0131l\u0131ndan bu yana kutlanan 14 May\u0131s D\u00fcnya \u00c7ift\u00e7iler G\u00fcn\u00fc\u2019n\u00fc her y\u0131l umutla kar\u015f\u0131lamak isterdik. \u00c7\u00fcnk\u00fc bizler topra\u011f\u0131n insanlar\u0131yd\u0131k.\" \/>\n<meta property=\"og:url\" content=\"https:\/\/epochtimestr.com\/index.php\/biz-ciftciydik\" \/>\n<meta property=\"og:site_name\" content=\"The Epoch Times TR\" \/>\n<meta property=\"article:publisher\" content=\"https:\/\/www.facebook.com\/theepochtimestr\" \/>\n<meta property=\"article:published_time\" content=\"2026-05-15T08:22:22+00:00\" \/>\n<meta property=\"article:modified_time\" content=\"2026-05-15T08:22:23+00:00\" \/>\n<meta property=\"og:image\" content=\"https:\/\/epochtimestr.com\/wp-content\/uploads\/2011y\/SERIFE-ESER-SM.png\" \/>\n\t<meta property=\"og:image:width\" content=\"1200\" \/>\n\t<meta property=\"og:image:height\" content=\"630\" \/>\n\t<meta property=\"og:image:type\" content=\"image\/png\" \/>\n<meta name=\"author\" content=\"\u015eerife Eser\" \/>\n<meta name=\"twitter:card\" content=\"summary_large_image\" \/>\n<meta name=\"twitter:creator\" content=\"@TheEpochTimesTR\" \/>\n<meta name=\"twitter:site\" content=\"@TheEpochTimesTR\" \/>\n<meta name=\"twitter:label1\" content=\"Yazan:\" \/>\n\t<meta name=\"twitter:data1\" content=\"\u015eerife Eser\" \/>\n\t<meta name=\"twitter:label2\" content=\"Tahmini okuma s\u00fcresi\" \/>\n\t<meta name=\"twitter:data2\" content=\"3 dakika\" \/>\n<script type=\"application\/ld+json\" class=\"yoast-schema-graph\">{\"@context\":\"https:\/\/schema.org\",\"@graph\":[{\"@type\":\"Article\",\"@id\":\"https:\/\/epochtimestr.com\/index.php\/biz-ciftciydik#article\",\"isPartOf\":{\"@id\":\"https:\/\/epochtimestr.com\/index.php\/biz-ciftciydik\"},\"author\":{\"name\":\"\u015eerife Eser\",\"@id\":\"https:\/\/epochtimestr.com\/#\/schema\/person\/82b65a1390e2b0717a679b57ed38d466\"},\"headline\":\"Biz \u00c7ift\u00e7iydik\",\"datePublished\":\"2026-05-15T08:22:22+00:00\",\"dateModified\":\"2026-05-15T08:22:23+00:00\",\"mainEntityOfPage\":{\"@id\":\"https:\/\/epochtimestr.com\/index.php\/biz-ciftciydik\"},\"wordCount\":604,\"commentCount\":1,\"publisher\":{\"@id\":\"https:\/\/epochtimestr.com\/#organization\"},\"image\":{\"@id\":\"https:\/\/epochtimestr.com\/index.php\/biz-ciftciydik#primaryimage\"},\"thumbnailUrl\":\"https:\/\/epochtimestr.com\/wp-content\/uploads\/2011y\/Serife-Eser-Profil-1.png\",\"articleSection\":[\"K\u00f6\u015fe Yaz\u0131lar\u0131 \u015eerife Eser\"],\"inLanguage\":\"tr\",\"potentialAction\":[{\"@type\":\"CommentAction\",\"name\":\"Comment\",\"target\":[\"https:\/\/epochtimestr.com\/index.php\/biz-ciftciydik#respond\"]}]},{\"@type\":\"WebPage\",\"@id\":\"https:\/\/epochtimestr.com\/index.php\/biz-ciftciydik\",\"url\":\"https:\/\/epochtimestr.com\/index.php\/biz-ciftciydik\",\"name\":\"Biz \u00c7ift\u00e7iydik - The Epoch Times TR\",\"isPartOf\":{\"@id\":\"https:\/\/epochtimestr.com\/#website\"},\"primaryImageOfPage\":{\"@id\":\"https:\/\/epochtimestr.com\/index.php\/biz-ciftciydik#primaryimage\"},\"image\":{\"@id\":\"https:\/\/epochtimestr.com\/index.php\/biz-ciftciydik#primaryimage\"},\"thumbnailUrl\":\"https:\/\/epochtimestr.com\/wp-content\/uploads\/2011y\/Serife-Eser-Profil-1.png\",\"datePublished\":\"2026-05-15T08:22:22+00:00\",\"dateModified\":\"2026-05-15T08:22:23+00:00\",\"description\":\"1984 y\u0131l\u0131ndan bu yana kutlanan 14 May\u0131s D\u00fcnya \u00c7ift\u00e7iler G\u00fcn\u00fc\u2019n\u00fc her y\u0131l umutla kar\u015f\u0131lamak isterdik. \u00c7\u00fcnk\u00fc bizler topra\u011f\u0131n insanlar\u0131yd\u0131k.\",\"inLanguage\":\"tr\",\"potentialAction\":[{\"@type\":\"ReadAction\",\"target\":[\"https:\/\/epochtimestr.com\/index.php\/biz-ciftciydik\"]}]},{\"@type\":\"ImageObject\",\"inLanguage\":\"tr\",\"@id\":\"https:\/\/epochtimestr.com\/index.php\/biz-ciftciydik#primaryimage\",\"url\":\"https:\/\/epochtimestr.com\/wp-content\/uploads\/2011y\/Serife-Eser-Profil-1.png\",\"contentUrl\":\"https:\/\/epochtimestr.com\/wp-content\/uploads\/2011y\/Serife-Eser-Profil-1.png\",\"width\":600,\"height\":600},{\"@type\":\"WebSite\",\"@id\":\"https:\/\/epochtimestr.com\/#website\",\"url\":\"https:\/\/epochtimestr.com\/\",\"name\":\"The Epoch Times TR\",\"description\":\"De\u011fi\u015fen D\u00fcnyam\u0131za Taze Bir Bak\u0131\u015f\",\"publisher\":{\"@id\":\"https:\/\/epochtimestr.com\/#organization\"},\"potentialAction\":[{\"@type\":\"SearchAction\",\"target\":{\"@type\":\"EntryPoint\",\"urlTemplate\":\"https:\/\/epochtimestr.com\/?s={search_term_string}\"},\"query-input\":\"required name=search_term_string\"}],\"inLanguage\":\"tr\"},{\"@type\":\"Organization\",\"@id\":\"https:\/\/epochtimestr.com\/#organization\",\"name\":\"The EpochTimes T\u00fcrkiye\",\"url\":\"https:\/\/epochtimestr.com\/\",\"logo\":{\"@type\":\"ImageObject\",\"inLanguage\":\"tr\",\"@id\":\"https:\/\/epochtimestr.com\/#\/schema\/logo\/image\/\",\"url\":\"https:\/\/epochtimestr.com\/wp-content\/uploads\/2011y\/ET-Logo-YG.jpg\",\"contentUrl\":\"https:\/\/epochtimestr.com\/wp-content\/uploads\/2011y\/ET-Logo-YG.jpg\",\"width\":346,\"height\":29,\"caption\":\"The EpochTimes T\u00fcrkiye\"},\"image\":{\"@id\":\"https:\/\/epochtimestr.com\/#\/schema\/logo\/image\/\"},\"sameAs\":[\"https:\/\/www.facebook.com\/theepochtimestr\",\"https:\/\/x.com\/TheEpochTimesTR\",\"https:\/\/www.instagram.com\/epochtimestr\"]},{\"@type\":\"Person\",\"@id\":\"https:\/\/epochtimestr.com\/#\/schema\/person\/82b65a1390e2b0717a679b57ed38d466\",\"name\":\"\u015eerife Eser\",\"image\":{\"@type\":\"ImageObject\",\"inLanguage\":\"tr\",\"@id\":\"https:\/\/epochtimestr.com\/#\/schema\/person\/image\/\",\"url\":\"https:\/\/secure.gravatar.com\/avatar\/240b2d469e089f3ae0f677fcc7925228?s=96&d=mm&r=g\",\"contentUrl\":\"https:\/\/secure.gravatar.com\/avatar\/240b2d469e089f3ae0f677fcc7925228?s=96&d=mm&r=g\",\"caption\":\"\u015eerife Eser\"},\"url\":\"https:\/\/epochtimestr.com\/index.php\/author\/serife\"}]}<\/script>\n<!-- \/ Yoast SEO plugin. -->","yoast_head_json":{"title":"Biz \u00c7ift\u00e7iydik - The Epoch Times TR","description":"1984 y\u0131l\u0131ndan bu yana kutlanan 14 May\u0131s D\u00fcnya \u00c7ift\u00e7iler G\u00fcn\u00fc\u2019n\u00fc her y\u0131l umutla kar\u015f\u0131lamak isterdik. \u00c7\u00fcnk\u00fc bizler topra\u011f\u0131n insanlar\u0131yd\u0131k.","robots":{"index":"index","follow":"follow","max-snippet":"max-snippet:-1","max-image-preview":"max-image-preview:large","max-video-preview":"max-video-preview:-1"},"canonical":"https:\/\/epochtimestr.com\/index.php\/biz-ciftciydik","og_locale":"tr_TR","og_type":"article","og_title":"Biz \u00c7ift\u00e7iydik - The Epoch Times TR","og_description":"1984 y\u0131l\u0131ndan bu yana kutlanan 14 May\u0131s D\u00fcnya \u00c7ift\u00e7iler G\u00fcn\u00fc\u2019n\u00fc her y\u0131l umutla kar\u015f\u0131lamak isterdik. \u00c7\u00fcnk\u00fc bizler topra\u011f\u0131n insanlar\u0131yd\u0131k.","og_url":"https:\/\/epochtimestr.com\/index.php\/biz-ciftciydik","og_site_name":"The Epoch Times TR","article_publisher":"https:\/\/www.facebook.com\/theepochtimestr","article_published_time":"2026-05-15T08:22:22+00:00","article_modified_time":"2026-05-15T08:22:23+00:00","og_image":[{"width":1200,"height":630,"url":"https:\/\/epochtimestr.com\/wp-content\/uploads\/2011y\/SERIFE-ESER-SM.png","type":"image\/png"}],"author":"\u015eerife Eser","twitter_card":"summary_large_image","twitter_creator":"@TheEpochTimesTR","twitter_site":"@TheEpochTimesTR","twitter_misc":{"Yazan:":"\u015eerife Eser","Tahmini okuma s\u00fcresi":"3 dakika"},"schema":{"@context":"https:\/\/schema.org","@graph":[{"@type":"Article","@id":"https:\/\/epochtimestr.com\/index.php\/biz-ciftciydik#article","isPartOf":{"@id":"https:\/\/epochtimestr.com\/index.php\/biz-ciftciydik"},"author":{"name":"\u015eerife Eser","@id":"https:\/\/epochtimestr.com\/#\/schema\/person\/82b65a1390e2b0717a679b57ed38d466"},"headline":"Biz \u00c7ift\u00e7iydik","datePublished":"2026-05-15T08:22:22+00:00","dateModified":"2026-05-15T08:22:23+00:00","mainEntityOfPage":{"@id":"https:\/\/epochtimestr.com\/index.php\/biz-ciftciydik"},"wordCount":604,"commentCount":1,"publisher":{"@id":"https:\/\/epochtimestr.com\/#organization"},"image":{"@id":"https:\/\/epochtimestr.com\/index.php\/biz-ciftciydik#primaryimage"},"thumbnailUrl":"https:\/\/epochtimestr.com\/wp-content\/uploads\/2011y\/Serife-Eser-Profil-1.png","articleSection":["K\u00f6\u015fe Yaz\u0131lar\u0131 \u015eerife Eser"],"inLanguage":"tr","potentialAction":[{"@type":"CommentAction","name":"Comment","target":["https:\/\/epochtimestr.com\/index.php\/biz-ciftciydik#respond"]}]},{"@type":"WebPage","@id":"https:\/\/epochtimestr.com\/index.php\/biz-ciftciydik","url":"https:\/\/epochtimestr.com\/index.php\/biz-ciftciydik","name":"Biz \u00c7ift\u00e7iydik - The Epoch Times TR","isPartOf":{"@id":"https:\/\/epochtimestr.com\/#website"},"primaryImageOfPage":{"@id":"https:\/\/epochtimestr.com\/index.php\/biz-ciftciydik#primaryimage"},"image":{"@id":"https:\/\/epochtimestr.com\/index.php\/biz-ciftciydik#primaryimage"},"thumbnailUrl":"https:\/\/epochtimestr.com\/wp-content\/uploads\/2011y\/Serife-Eser-Profil-1.png","datePublished":"2026-05-15T08:22:22+00:00","dateModified":"2026-05-15T08:22:23+00:00","description":"1984 y\u0131l\u0131ndan bu yana kutlanan 14 May\u0131s D\u00fcnya \u00c7ift\u00e7iler G\u00fcn\u00fc\u2019n\u00fc her y\u0131l umutla kar\u015f\u0131lamak isterdik. \u00c7\u00fcnk\u00fc bizler topra\u011f\u0131n insanlar\u0131yd\u0131k.","inLanguage":"tr","potentialAction":[{"@type":"ReadAction","target":["https:\/\/epochtimestr.com\/index.php\/biz-ciftciydik"]}]},{"@type":"ImageObject","inLanguage":"tr","@id":"https:\/\/epochtimestr.com\/index.php\/biz-ciftciydik#primaryimage","url":"https:\/\/epochtimestr.com\/wp-content\/uploads\/2011y\/Serife-Eser-Profil-1.png","contentUrl":"https:\/\/epochtimestr.com\/wp-content\/uploads\/2011y\/Serife-Eser-Profil-1.png","width":600,"height":600},{"@type":"WebSite","@id":"https:\/\/epochtimestr.com\/#website","url":"https:\/\/epochtimestr.com\/","name":"The Epoch Times TR","description":"De\u011fi\u015fen D\u00fcnyam\u0131za Taze Bir Bak\u0131\u015f","publisher":{"@id":"https:\/\/epochtimestr.com\/#organization"},"potentialAction":[{"@type":"SearchAction","target":{"@type":"EntryPoint","urlTemplate":"https:\/\/epochtimestr.com\/?s={search_term_string}"},"query-input":"required name=search_term_string"}],"inLanguage":"tr"},{"@type":"Organization","@id":"https:\/\/epochtimestr.com\/#organization","name":"The EpochTimes T\u00fcrkiye","url":"https:\/\/epochtimestr.com\/","logo":{"@type":"ImageObject","inLanguage":"tr","@id":"https:\/\/epochtimestr.com\/#\/schema\/logo\/image\/","url":"https:\/\/epochtimestr.com\/wp-content\/uploads\/2011y\/ET-Logo-YG.jpg","contentUrl":"https:\/\/epochtimestr.com\/wp-content\/uploads\/2011y\/ET-Logo-YG.jpg","width":346,"height":29,"caption":"The EpochTimes T\u00fcrkiye"},"image":{"@id":"https:\/\/epochtimestr.com\/#\/schema\/logo\/image\/"},"sameAs":["https:\/\/www.facebook.com\/theepochtimestr","https:\/\/x.com\/TheEpochTimesTR","https:\/\/www.instagram.com\/epochtimestr"]},{"@type":"Person","@id":"https:\/\/epochtimestr.com\/#\/schema\/person\/82b65a1390e2b0717a679b57ed38d466","name":"\u015eerife Eser","image":{"@type":"ImageObject","inLanguage":"tr","@id":"https:\/\/epochtimestr.com\/#\/schema\/person\/image\/","url":"https:\/\/secure.gravatar.com\/avatar\/240b2d469e089f3ae0f677fcc7925228?s=96&d=mm&r=g","contentUrl":"https:\/\/secure.gravatar.com\/avatar\/240b2d469e089f3ae0f677fcc7925228?s=96&d=mm&r=g","caption":"\u015eerife Eser"},"url":"https:\/\/epochtimestr.com\/index.php\/author\/serife"}]}},"_links":{"self":[{"href":"https:\/\/epochtimestr.com\/index.php\/wp-json\/wp\/v2\/posts\/167278"}],"collection":[{"href":"https:\/\/epochtimestr.com\/index.php\/wp-json\/wp\/v2\/posts"}],"about":[{"href":"https:\/\/epochtimestr.com\/index.php\/wp-json\/wp\/v2\/types\/post"}],"author":[{"embeddable":true,"href":"https:\/\/epochtimestr.com\/index.php\/wp-json\/wp\/v2\/users\/13998"}],"replies":[{"embeddable":true,"href":"https:\/\/epochtimestr.com\/index.php\/wp-json\/wp\/v2\/comments?post=167278"}],"version-history":[{"count":1,"href":"https:\/\/epochtimestr.com\/index.php\/wp-json\/wp\/v2\/posts\/167278\/revisions"}],"predecessor-version":[{"id":167279,"href":"https:\/\/epochtimestr.com\/index.php\/wp-json\/wp\/v2\/posts\/167278\/revisions\/167279"}],"wp:featuredmedia":[{"embeddable":true,"href":"https:\/\/epochtimestr.com\/index.php\/wp-json\/wp\/v2\/media\/160116"}],"wp:attachment":[{"href":"https:\/\/epochtimestr.com\/index.php\/wp-json\/wp\/v2\/media?parent=167278"}],"wp:term":[{"taxonomy":"category","embeddable":true,"href":"https:\/\/epochtimestr.com\/index.php\/wp-json\/wp\/v2\/categories?post=167278"},{"taxonomy":"post_tag","embeddable":true,"href":"https:\/\/epochtimestr.com\/index.php\/wp-json\/wp\/v2\/tags?post=167278"}],"curies":[{"name":"wp","href":"https:\/\/api.w.org\/{rel}","templated":true}]}}