{"id":167283,"date":"2026-05-15T13:24:11","date_gmt":"2026-05-15T10:24:11","guid":{"rendered":"https:\/\/epochtimestr.com\/?p=167283"},"modified":"2026-05-15T13:24:13","modified_gmt":"2026-05-15T10:24:13","slug":"abd-hurmuz-bogazindaki-kontrolunu-artiriyor","status":"publish","type":"post","link":"https:\/\/epochtimestr.com\/index.php\/abd-hurmuz-bogazindaki-kontrolunu-artiriyor","title":{"rendered":"ABD H\u00fcrm\u00fcz Bo\u011faz\u0131&#8217;ndaki Kontrol\u00fcn\u00fc Art\u0131r\u0131yor"},"content":{"rendered":"<div class=\"wp-block-image\">\n<figure class=\"aligncenter size-full\"><img loading=\"lazy\" decoding=\"async\" width=\"1200\" height=\"900\" src=\"https:\/\/epochtimestr.com\/wp-content\/uploads\/2011y\/1000038805.jpg\" alt=\"CENTCOM komutan\u0131 Amiral Brad Cooper, &quot;ABD gerekirse H\u00fcrm\u00fcz Bo\u011faz\u0131\u2019ndaki kontrol\u00fc ele alabilir&quot; dedi. Cooper, MacDill Hava Kuvvetleri \u00dcss\u00fc\u2019nde d\u00fczenlenen bas\u0131n toplant\u0131s\u0131nda konu\u015furken. 5 Mart 2024, Tampa, Florida. (Foto\u011fraf: TJ Muscaro, The Epoch Times)\" class=\"wp-image-167284\" srcset=\"https:\/\/epochtimestr.com\/wp-content\/uploads\/2011y\/1000038805.jpg 1200w, https:\/\/epochtimestr.com\/wp-content\/uploads\/2011y\/1000038805-300x225.jpg 300w, https:\/\/epochtimestr.com\/wp-content\/uploads\/2011y\/1000038805-150x113.jpg 150w, https:\/\/epochtimestr.com\/wp-content\/uploads\/2011y\/1000038805-768x576.jpg 768w, https:\/\/epochtimestr.com\/wp-content\/uploads\/2011y\/1000038805-86x64.jpg 86w\" sizes=\"(max-width: 1200px) 100vw, 1200px\" \/><figcaption class=\"wp-element-caption\">CENTCOM komutan\u0131 Amiral Brad Cooper, &#8220;ABD gerekirse H\u00fcrm\u00fcz Bo\u011faz\u0131\u2019ndaki kontrol\u00fc ele alabilir&#8221; dedi. Cooper, MacDill Hava Kuvvetleri \u00dcss\u00fc\u2019nde d\u00fczenlenen bas\u0131n toplant\u0131s\u0131nda konu\u015furken. 5 Mart 2024, Tampa, Florida. (Foto\u011fraf: TJ Muscaro, The Epoch Times)<\/figcaption><\/figure><\/div>\n\n\n<p>ABD Orta Do\u011fu\u2019daki askeri komutan\u0131 Amiral Brad Cooper, ABD\u2019nin gerekirse H\u00fcrm\u00fcz Bo\u011faz\u0131\u2019ndaki kontrol\u00fc ele alabilece\u011fini belirtti. Cooper, \u0130ran\u2019\u0131n drone ve balistik f\u00fcze kapasitesinin yaln\u0131zca y\u00fczde 10 seviyesinde oldu\u011funu a\u00e7\u0131klad\u0131. 05 May\u0131s 2026 tarihli <a href=\"https:\/\/www.theepochtimes.com\/world\/middle-east-commander-says-irans-drones-are-depleted-us-navy-could-open-strait-of-hormuz-6025976\" target=\"_blank\" rel=\"noreferrer noopener\">Senato Savunma Komitesi<\/a> oturumunda Cooper, \u00f6nceki istihbarat raporlar\u0131n\u0131n aksine \u0130ran\u2019\u0131n b\u00fcy\u00fck \u00f6l\u00e7\u00fcde zay\u0131flat\u0131ld\u0131\u011f\u0131n\u0131 belirtti.<\/p>\n\n\n\n<p>Cooper, ABD\u2019nin 40 g\u00fcn i\u00e7inde \u0130ran\u2019\u0131n operasyonel f\u00fcze ve drone kapasitesinin y\u00fczde 90\u2019\u0131n\u0131n etkisiz hale getirildi\u011fini s\u00f6yledi. Ayr\u0131ca \u0130ran donanmas\u0131n\u0131n \u00e7\u00f6kertildi\u011fini, vekil milis desteklerinin durduruldu\u011funu ve n\u00fckleer program\u0131n\u0131n sekteye u\u011frat\u0131ld\u0131\u011f\u0131n\u0131 ifade etti.<\/p>\n\n\n\n<p>Orta Do\u011fu\u2019daki iki u\u00e7ak gemisi grubu ve bir deniz piyade g\u00f6rev g\u00fcc\u00fc, Basra K\u00f6rfezi\u2019nden \u0130ran gemilerini engelliyor. Cooper, \u201cGe\u00e7en hafta yap\u0131lan \u2018<a href=\"https:\/\/epochtimestr.com\/index.php\/abd-gemileri-iran-saldirisini-onledi\" target=\"_blank\" rel=\"noreferrer noopener\">\u00d6zg\u00fcrl\u00fck Projesi<\/a>\u2019 operasyonunda ABD bayrakl\u0131 gemiler g\u00fcvenle ge\u00e7i\u015f yapt\u0131\u201d dedi.<\/p>\n\n\n\n<p>Ayr\u0131ca \u0130ran\u2019\u0131n ticaret gemilerini engelleme kapasitesinin ciddi \u015fekilde azald\u0131\u011f\u0131n\u0131 s\u00f6yledi. \u201cEskiden bo\u011fazda 20-40 h\u0131zl\u0131 tekne g\u00f6r\u00fcrd\u00fcn\u00fcz, \u015fimdi 2-3 tekne ge\u00e7iyor\u201d dedi. Bununla birlikte \u0130ran tehditlerinin h\u00e2l\u00e2 deniz ta\u015f\u0131mac\u0131l\u0131\u011f\u0131n\u0131 ve sigortac\u0131l\u0131\u011f\u0131 etkiledi\u011fini vurgulad\u0131.<\/p>\n\n\n\n<p>Cooper, ABD\u2019nin d\u00fc\u015f\u00fck maliyetli sald\u0131r\u0131 dronlar\u0131yla \u0130ran drone\u2019lar\u0131n\u0131 etkisiz hale getirdi\u011fini a\u00e7\u0131klad\u0131. \u201cArt\u0131k pahal\u0131 savunma sistemleri ucuz hedefler i\u00e7in kullan\u0131lm\u0131yor. Tersine maliyet avantaj\u0131n\u0131 biz sa\u011fl\u0131yoruz\u201d dedi. Ayr\u0131ca Ukrayna\u2019n\u0131n sa\u011flad\u0131\u011f\u0131 taktiklerin ABD\u2019ye b\u00fcy\u00fck katk\u0131 sundu\u011funu belirtti.<\/p>\n\n\n\n<p>ABD ordusu, drone savunmas\u0131ndan drone \u00fcst\u00fcnl\u00fc\u011f\u00fcne odaklan\u0131yor. Cooper, \u201cYeni drone yeteneklerimizi hem hava, hem deniz, hem de su alt\u0131 operasyonlar\u0131nda test ettik. Dronlar\u0131m\u0131z ba\u015far\u0131 sa\u011flad\u0131\u201d dedi. \u0130ran\u2019\u0131n Diego Garcia\u2019daki f\u00fcze sald\u0131r\u0131s\u0131 ile ilgili detaylar ise gizli tutuluyor.<\/p>\n","protected":false},"excerpt":{"rendered":"<p>ABD Orta Do\u011fu\u2019daki askeri komutan\u0131 Amiral Brad Cooper, ABD\u2019nin gerekirse H\u00fcrm\u00fcz Bo\u011faz\u0131\u2019ndaki kontrol\u00fc ele alabilece\u011fini belirtti. Cooper, \u0130ran\u2019\u0131n drone ve balistik f\u00fcze kapasitesinin yaln\u0131zca y\u00fczde 10 seviyesinde oldu\u011funu a\u00e7\u0131klad\u0131. 05 May\u0131s 2026 tarihli Senato Savunma Komitesi oturumunda Cooper, \u00f6nceki istihbarat raporlar\u0131n\u0131n aksine \u0130ran\u2019\u0131n b\u00fcy\u00fck \u00f6l\u00e7\u00fcde zay\u0131flat\u0131ld\u0131\u011f\u0131n\u0131 belirtti. Cooper, ABD\u2019nin 40 g\u00fcn i\u00e7inde \u0130ran\u2019\u0131n operasyonel f\u00fcze [&hellip;]<\/p>\n","protected":false},"author":13996,"featured_media":167284,"comment_status":"open","ping_status":"open","sticky":false,"template":"","format":"standard","meta":{"_yoast_wpseo_focuskw":"ABD - H\u00fcrm\u00fcz","_yoast_wpseo_title":"","_yoast_wpseo_metadesc":"ABD Orta Do\u011fu\u2019daki askeri komutan\u0131 Amiral Brad Cooper, ABD\u2019nin gerekirse H\u00fcrm\u00fcz Bo\u011faz\u0131\u2019ndaki kontrol\u00fc ele alabilece\u011fini belirtti.","_bbp_topic_count":0,"_bbp_reply_count":0,"_bbp_total_topic_count":0,"_bbp_total_reply_count":0,"_bbp_voice_count":0,"_bbp_anonymous_reply_count":0,"_bbp_topic_count_hidden":0,"_bbp_reply_count_hidden":0,"_bbp_forum_subforum_count":0,"footnotes":"","_yoast_wpseo_focuskw_text_input":""},"categories":[5,1,8138],"tags":[10503,11104,10945,9876,11392,10522,1086],"yoast_head":"<!-- This site is optimized with the Yoast SEO plugin v23.0 - https:\/\/yoast.com\/wordpress\/plugins\/seo\/ -->\n<title>ABD H\u00fcrm\u00fcz Bo\u011faz\u0131&#039;ndaki Kontrol\u00fcn\u00fc Art\u0131r\u0131yor - The Epoch Times TR<\/title>\n<meta name=\"description\" content=\"ABD Orta Do\u011fu\u2019daki askeri komutan\u0131 Amiral Brad Cooper, ABD\u2019nin gerekirse H\u00fcrm\u00fcz Bo\u011faz\u0131\u2019ndaki kontrol\u00fc ele alabilece\u011fini belirtti.\" \/>\n<meta name=\"robots\" content=\"index, follow, max-snippet:-1, max-image-preview:large, max-video-preview:-1\" \/>\n<link rel=\"canonical\" href=\"https:\/\/epochtimestr.com\/index.php\/abd-hurmuz-bogazindaki-kontrolunu-artiriyor\" \/>\n<meta property=\"og:locale\" content=\"tr_TR\" \/>\n<meta property=\"og:type\" content=\"article\" \/>\n<meta property=\"og:title\" content=\"ABD H\u00fcrm\u00fcz Bo\u011faz\u0131&#039;ndaki Kontrol\u00fcn\u00fc Art\u0131r\u0131yor - The Epoch Times TR\" \/>\n<meta property=\"og:description\" content=\"ABD Orta Do\u011fu\u2019daki askeri komutan\u0131 Amiral Brad Cooper, ABD\u2019nin gerekirse H\u00fcrm\u00fcz Bo\u011faz\u0131\u2019ndaki kontrol\u00fc ele alabilece\u011fini belirtti.\" \/>\n<meta property=\"og:url\" content=\"https:\/\/epochtimestr.com\/index.php\/abd-hurmuz-bogazindaki-kontrolunu-artiriyor\" \/>\n<meta property=\"og:site_name\" content=\"The Epoch Times TR\" \/>\n<meta property=\"article:publisher\" content=\"https:\/\/www.facebook.com\/theepochtimestr\" \/>\n<meta property=\"article:published_time\" content=\"2026-05-15T10:24:11+00:00\" \/>\n<meta property=\"article:modified_time\" content=\"2026-05-15T10:24:13+00:00\" \/>\n<meta property=\"og:image\" content=\"https:\/\/epochtimestr.com\/wp-content\/uploads\/2011y\/1000038805.jpg\" \/>\n\t<meta property=\"og:image:width\" content=\"1200\" \/>\n\t<meta property=\"og:image:height\" content=\"900\" \/>\n\t<meta property=\"og:image:type\" content=\"image\/jpeg\" \/>\n<meta name=\"author\" content=\"Leo Bajelan\" \/>\n<meta name=\"twitter:card\" content=\"summary_large_image\" \/>\n<meta name=\"twitter:creator\" content=\"@TheEpochTimesTR\" \/>\n<meta name=\"twitter:site\" content=\"@TheEpochTimesTR\" \/>\n<meta name=\"twitter:label1\" content=\"Yazan:\" \/>\n\t<meta name=\"twitter:data1\" content=\"Leo Bajelan\" \/>\n\t<meta name=\"twitter:label2\" content=\"Tahmini okuma s\u00fcresi\" \/>\n\t<meta name=\"twitter:data2\" content=\"2 dakika\" \/>\n<script type=\"application\/ld+json\" class=\"yoast-schema-graph\">{\"@context\":\"https:\/\/schema.org\",\"@graph\":[{\"@type\":\"Article\",\"@id\":\"https:\/\/epochtimestr.com\/index.php\/abd-hurmuz-bogazindaki-kontrolunu-artiriyor#article\",\"isPartOf\":{\"@id\":\"https:\/\/epochtimestr.com\/index.php\/abd-hurmuz-bogazindaki-kontrolunu-artiriyor\"},\"author\":{\"name\":\"Leo Bajelan\",\"@id\":\"https:\/\/epochtimestr.com\/#\/schema\/person\/5fef218711d76d8f232b0e1f1d7e4c0d\"},\"headline\":\"ABD H\u00fcrm\u00fcz Bo\u011faz\u0131&#8217;ndaki Kontrol\u00fcn\u00fc Art\u0131r\u0131yor\",\"datePublished\":\"2026-05-15T10:24:11+00:00\",\"dateModified\":\"2026-05-15T10:24:13+00:00\",\"mainEntityOfPage\":{\"@id\":\"https:\/\/epochtimestr.com\/index.php\/abd-hurmuz-bogazindaki-kontrolunu-artiriyor\"},\"wordCount\":375,\"commentCount\":0,\"publisher\":{\"@id\":\"https:\/\/epochtimestr.com\/#organization\"},\"image\":{\"@id\":\"https:\/\/epochtimestr.com\/index.php\/abd-hurmuz-bogazindaki-kontrolunu-artiriyor#primaryimage\"},\"thumbnailUrl\":\"https:\/\/epochtimestr.com\/wp-content\/uploads\/2011y\/1000038805.jpg\",\"keywords\":[\"ABD \u0130ran sava\u015f\u0131\",\"Basra K\u00f6rfezi\",\"Brad Cooper\",\"CENTCOM\",\"drone savunmas\u0131\",\"H\u00fcrm\u00fcz bo\u011faz\u0131\",\"\u0130ran\"],\"articleSection\":[\"D\u00dcNYA\",\"G\u00dcNDEM\",\"MAN\u015eET\"],\"inLanguage\":\"tr\",\"potentialAction\":[{\"@type\":\"CommentAction\",\"name\":\"Comment\",\"target\":[\"https:\/\/epochtimestr.com\/index.php\/abd-hurmuz-bogazindaki-kontrolunu-artiriyor#respond\"]}]},{\"@type\":\"WebPage\",\"@id\":\"https:\/\/epochtimestr.com\/index.php\/abd-hurmuz-bogazindaki-kontrolunu-artiriyor\",\"url\":\"https:\/\/epochtimestr.com\/index.php\/abd-hurmuz-bogazindaki-kontrolunu-artiriyor\",\"name\":\"ABD H\u00fcrm\u00fcz Bo\u011faz\u0131'ndaki Kontrol\u00fcn\u00fc Art\u0131r\u0131yor - The Epoch Times TR\",\"isPartOf\":{\"@id\":\"https:\/\/epochtimestr.com\/#website\"},\"primaryImageOfPage\":{\"@id\":\"https:\/\/epochtimestr.com\/index.php\/abd-hurmuz-bogazindaki-kontrolunu-artiriyor#primaryimage\"},\"image\":{\"@id\":\"https:\/\/epochtimestr.com\/index.php\/abd-hurmuz-bogazindaki-kontrolunu-artiriyor#primaryimage\"},\"thumbnailUrl\":\"https:\/\/epochtimestr.com\/wp-content\/uploads\/2011y\/1000038805.jpg\",\"datePublished\":\"2026-05-15T10:24:11+00:00\",\"dateModified\":\"2026-05-15T10:24:13+00:00\",\"description\":\"ABD Orta Do\u011fu\u2019daki askeri komutan\u0131 Amiral Brad Cooper, ABD\u2019nin gerekirse H\u00fcrm\u00fcz Bo\u011faz\u0131\u2019ndaki kontrol\u00fc ele alabilece\u011fini belirtti.\",\"inLanguage\":\"tr\",\"potentialAction\":[{\"@type\":\"ReadAction\",\"target\":[\"https:\/\/epochtimestr.com\/index.php\/abd-hurmuz-bogazindaki-kontrolunu-artiriyor\"]}]},{\"@type\":\"ImageObject\",\"inLanguage\":\"tr\",\"@id\":\"https:\/\/epochtimestr.com\/index.php\/abd-hurmuz-bogazindaki-kontrolunu-artiriyor#primaryimage\",\"url\":\"https:\/\/epochtimestr.com\/wp-content\/uploads\/2011y\/1000038805.jpg\",\"contentUrl\":\"https:\/\/epochtimestr.com\/wp-content\/uploads\/2011y\/1000038805.jpg\",\"width\":1200,\"height\":900},{\"@type\":\"WebSite\",\"@id\":\"https:\/\/epochtimestr.com\/#website\",\"url\":\"https:\/\/epochtimestr.com\/\",\"name\":\"The Epoch Times TR\",\"description\":\"De\u011fi\u015fen D\u00fcnyam\u0131za Taze Bir Bak\u0131\u015f\",\"publisher\":{\"@id\":\"https:\/\/epochtimestr.com\/#organization\"},\"potentialAction\":[{\"@type\":\"SearchAction\",\"target\":{\"@type\":\"EntryPoint\",\"urlTemplate\":\"https:\/\/epochtimestr.com\/?s={search_term_string}\"},\"query-input\":\"required name=search_term_string\"}],\"inLanguage\":\"tr\"},{\"@type\":\"Organization\",\"@id\":\"https:\/\/epochtimestr.com\/#organization\",\"name\":\"The EpochTimes T\u00fcrkiye\",\"url\":\"https:\/\/epochtimestr.com\/\",\"logo\":{\"@type\":\"ImageObject\",\"inLanguage\":\"tr\",\"@id\":\"https:\/\/epochtimestr.com\/#\/schema\/logo\/image\/\",\"url\":\"https:\/\/epochtimestr.com\/wp-content\/uploads\/2011y\/ET-Logo-YG.jpg\",\"contentUrl\":\"https:\/\/epochtimestr.com\/wp-content\/uploads\/2011y\/ET-Logo-YG.jpg\",\"width\":346,\"height\":29,\"caption\":\"The EpochTimes T\u00fcrkiye\"},\"image\":{\"@id\":\"https:\/\/epochtimestr.com\/#\/schema\/logo\/image\/\"},\"sameAs\":[\"https:\/\/www.facebook.com\/theepochtimestr\",\"https:\/\/x.com\/TheEpochTimesTR\",\"https:\/\/www.instagram.com\/epochtimestr\"]},{\"@type\":\"Person\",\"@id\":\"https:\/\/epochtimestr.com\/#\/schema\/person\/5fef218711d76d8f232b0e1f1d7e4c0d\",\"name\":\"Leo Bajelan\",\"image\":{\"@type\":\"ImageObject\",\"inLanguage\":\"tr\",\"@id\":\"https:\/\/epochtimestr.com\/#\/schema\/person\/image\/\",\"url\":\"https:\/\/secure.gravatar.com\/avatar\/917669146f489549e548a2e9af272df5?s=96&d=mm&r=g\",\"contentUrl\":\"https:\/\/secure.gravatar.com\/avatar\/917669146f489549e548a2e9af272df5?s=96&d=mm&r=g\",\"caption\":\"Leo Bajelan\"},\"url\":\"https:\/\/epochtimestr.com\/index.php\/author\/leo\"}]}<\/script>\n<!-- \/ Yoast SEO plugin. -->","yoast_head_json":{"title":"ABD H\u00fcrm\u00fcz Bo\u011faz\u0131'ndaki Kontrol\u00fcn\u00fc Art\u0131r\u0131yor - The Epoch Times TR","description":"ABD Orta Do\u011fu\u2019daki askeri komutan\u0131 Amiral Brad Cooper, ABD\u2019nin gerekirse H\u00fcrm\u00fcz Bo\u011faz\u0131\u2019ndaki kontrol\u00fc ele alabilece\u011fini belirtti.","robots":{"index":"index","follow":"follow","max-snippet":"max-snippet:-1","max-image-preview":"max-image-preview:large","max-video-preview":"max-video-preview:-1"},"canonical":"https:\/\/epochtimestr.com\/index.php\/abd-hurmuz-bogazindaki-kontrolunu-artiriyor","og_locale":"tr_TR","og_type":"article","og_title":"ABD H\u00fcrm\u00fcz Bo\u011faz\u0131'ndaki Kontrol\u00fcn\u00fc Art\u0131r\u0131yor - The Epoch Times TR","og_description":"ABD Orta Do\u011fu\u2019daki askeri komutan\u0131 Amiral Brad Cooper, ABD\u2019nin gerekirse H\u00fcrm\u00fcz Bo\u011faz\u0131\u2019ndaki kontrol\u00fc ele alabilece\u011fini belirtti.","og_url":"https:\/\/epochtimestr.com\/index.php\/abd-hurmuz-bogazindaki-kontrolunu-artiriyor","og_site_name":"The Epoch Times TR","article_publisher":"https:\/\/www.facebook.com\/theepochtimestr","article_published_time":"2026-05-15T10:24:11+00:00","article_modified_time":"2026-05-15T10:24:13+00:00","og_image":[{"width":1200,"height":900,"url":"https:\/\/epochtimestr.com\/wp-content\/uploads\/2011y\/1000038805.jpg","type":"image\/jpeg"}],"author":"Leo Bajelan","twitter_card":"summary_large_image","twitter_creator":"@TheEpochTimesTR","twitter_site":"@TheEpochTimesTR","twitter_misc":{"Yazan:":"Leo Bajelan","Tahmini okuma s\u00fcresi":"2 dakika"},"schema":{"@context":"https:\/\/schema.org","@graph":[{"@type":"Article","@id":"https:\/\/epochtimestr.com\/index.php\/abd-hurmuz-bogazindaki-kontrolunu-artiriyor#article","isPartOf":{"@id":"https:\/\/epochtimestr.com\/index.php\/abd-hurmuz-bogazindaki-kontrolunu-artiriyor"},"author":{"name":"Leo Bajelan","@id":"https:\/\/epochtimestr.com\/#\/schema\/person\/5fef218711d76d8f232b0e1f1d7e4c0d"},"headline":"ABD H\u00fcrm\u00fcz Bo\u011faz\u0131&#8217;ndaki Kontrol\u00fcn\u00fc Art\u0131r\u0131yor","datePublished":"2026-05-15T10:24:11+00:00","dateModified":"2026-05-15T10:24:13+00:00","mainEntityOfPage":{"@id":"https:\/\/epochtimestr.com\/index.php\/abd-hurmuz-bogazindaki-kontrolunu-artiriyor"},"wordCount":375,"commentCount":0,"publisher":{"@id":"https:\/\/epochtimestr.com\/#organization"},"image":{"@id":"https:\/\/epochtimestr.com\/index.php\/abd-hurmuz-bogazindaki-kontrolunu-artiriyor#primaryimage"},"thumbnailUrl":"https:\/\/epochtimestr.com\/wp-content\/uploads\/2011y\/1000038805.jpg","keywords":["ABD \u0130ran sava\u015f\u0131","Basra K\u00f6rfezi","Brad Cooper","CENTCOM","drone savunmas\u0131","H\u00fcrm\u00fcz bo\u011faz\u0131","\u0130ran"],"articleSection":["D\u00dcNYA","G\u00dcNDEM","MAN\u015eET"],"inLanguage":"tr","potentialAction":[{"@type":"CommentAction","name":"Comment","target":["https:\/\/epochtimestr.com\/index.php\/abd-hurmuz-bogazindaki-kontrolunu-artiriyor#respond"]}]},{"@type":"WebPage","@id":"https:\/\/epochtimestr.com\/index.php\/abd-hurmuz-bogazindaki-kontrolunu-artiriyor","url":"https:\/\/epochtimestr.com\/index.php\/abd-hurmuz-bogazindaki-kontrolunu-artiriyor","name":"ABD H\u00fcrm\u00fcz Bo\u011faz\u0131'ndaki Kontrol\u00fcn\u00fc Art\u0131r\u0131yor - The Epoch Times TR","isPartOf":{"@id":"https:\/\/epochtimestr.com\/#website"},"primaryImageOfPage":{"@id":"https:\/\/epochtimestr.com\/index.php\/abd-hurmuz-bogazindaki-kontrolunu-artiriyor#primaryimage"},"image":{"@id":"https:\/\/epochtimestr.com\/index.php\/abd-hurmuz-bogazindaki-kontrolunu-artiriyor#primaryimage"},"thumbnailUrl":"https:\/\/epochtimestr.com\/wp-content\/uploads\/2011y\/1000038805.jpg","datePublished":"2026-05-15T10:24:11+00:00","dateModified":"2026-05-15T10:24:13+00:00","description":"ABD Orta Do\u011fu\u2019daki askeri komutan\u0131 Amiral Brad Cooper, ABD\u2019nin gerekirse H\u00fcrm\u00fcz Bo\u011faz\u0131\u2019ndaki kontrol\u00fc ele alabilece\u011fini belirtti.","inLanguage":"tr","potentialAction":[{"@type":"ReadAction","target":["https:\/\/epochtimestr.com\/index.php\/abd-hurmuz-bogazindaki-kontrolunu-artiriyor"]}]},{"@type":"ImageObject","inLanguage":"tr","@id":"https:\/\/epochtimestr.com\/index.php\/abd-hurmuz-bogazindaki-kontrolunu-artiriyor#primaryimage","url":"https:\/\/epochtimestr.com\/wp-content\/uploads\/2011y\/1000038805.jpg","contentUrl":"https:\/\/epochtimestr.com\/wp-content\/uploads\/2011y\/1000038805.jpg","width":1200,"height":900},{"@type":"WebSite","@id":"https:\/\/epochtimestr.com\/#website","url":"https:\/\/epochtimestr.com\/","name":"The Epoch Times TR","description":"De\u011fi\u015fen D\u00fcnyam\u0131za Taze Bir Bak\u0131\u015f","publisher":{"@id":"https:\/\/epochtimestr.com\/#organization"},"potentialAction":[{"@type":"SearchAction","target":{"@type":"EntryPoint","urlTemplate":"https:\/\/epochtimestr.com\/?s={search_term_string}"},"query-input":"required name=search_term_string"}],"inLanguage":"tr"},{"@type":"Organization","@id":"https:\/\/epochtimestr.com\/#organization","name":"The EpochTimes T\u00fcrkiye","url":"https:\/\/epochtimestr.com\/","logo":{"@type":"ImageObject","inLanguage":"tr","@id":"https:\/\/epochtimestr.com\/#\/schema\/logo\/image\/","url":"https:\/\/epochtimestr.com\/wp-content\/uploads\/2011y\/ET-Logo-YG.jpg","contentUrl":"https:\/\/epochtimestr.com\/wp-content\/uploads\/2011y\/ET-Logo-YG.jpg","width":346,"height":29,"caption":"The EpochTimes T\u00fcrkiye"},"image":{"@id":"https:\/\/epochtimestr.com\/#\/schema\/logo\/image\/"},"sameAs":["https:\/\/www.facebook.com\/theepochtimestr","https:\/\/x.com\/TheEpochTimesTR","https:\/\/www.instagram.com\/epochtimestr"]},{"@type":"Person","@id":"https:\/\/epochtimestr.com\/#\/schema\/person\/5fef218711d76d8f232b0e1f1d7e4c0d","name":"Leo Bajelan","image":{"@type":"ImageObject","inLanguage":"tr","@id":"https:\/\/epochtimestr.com\/#\/schema\/person\/image\/","url":"https:\/\/secure.gravatar.com\/avatar\/917669146f489549e548a2e9af272df5?s=96&d=mm&r=g","contentUrl":"https:\/\/secure.gravatar.com\/avatar\/917669146f489549e548a2e9af272df5?s=96&d=mm&r=g","caption":"Leo Bajelan"},"url":"https:\/\/epochtimestr.com\/index.php\/author\/leo"}]}},"_links":{"self":[{"href":"https:\/\/epochtimestr.com\/index.php\/wp-json\/wp\/v2\/posts\/167283"}],"collection":[{"href":"https:\/\/epochtimestr.com\/index.php\/wp-json\/wp\/v2\/posts"}],"about":[{"href":"https:\/\/epochtimestr.com\/index.php\/wp-json\/wp\/v2\/types\/post"}],"author":[{"embeddable":true,"href":"https:\/\/epochtimestr.com\/index.php\/wp-json\/wp\/v2\/users\/13996"}],"replies":[{"embeddable":true,"href":"https:\/\/epochtimestr.com\/index.php\/wp-json\/wp\/v2\/comments?post=167283"}],"version-history":[{"count":2,"href":"https:\/\/epochtimestr.com\/index.php\/wp-json\/wp\/v2\/posts\/167283\/revisions"}],"predecessor-version":[{"id":167292,"href":"https:\/\/epochtimestr.com\/index.php\/wp-json\/wp\/v2\/posts\/167283\/revisions\/167292"}],"wp:featuredmedia":[{"embeddable":true,"href":"https:\/\/epochtimestr.com\/index.php\/wp-json\/wp\/v2\/media\/167284"}],"wp:attachment":[{"href":"https:\/\/epochtimestr.com\/index.php\/wp-json\/wp\/v2\/media?parent=167283"}],"wp:term":[{"taxonomy":"category","embeddable":true,"href":"https:\/\/epochtimestr.com\/index.php\/wp-json\/wp\/v2\/categories?post=167283"},{"taxonomy":"post_tag","embeddable":true,"href":"https:\/\/epochtimestr.com\/index.php\/wp-json\/wp\/v2\/tags?post=167283"}],"curies":[{"name":"wp","href":"https:\/\/api.w.org\/{rel}","templated":true}]}}