{"id":167298,"date":"2026-05-16T08:30:00","date_gmt":"2026-05-16T05:30:00","guid":{"rendered":"https:\/\/epochtimestr.com\/?p=167298"},"modified":"2026-05-15T23:15:41","modified_gmt":"2026-05-15T20:15:41","slug":"cavuslulu-politikaci","status":"publish","type":"post","link":"https:\/\/epochtimestr.com\/index.php\/cavuslulu-politikaci","title":{"rendered":"\u00c7avu\u015flulu Politikac\u0131"},"content":{"rendered":"\n<p><em>Bu yaz\u0131 ilk olarak 10 A\u011fustos 2017 tarihinde inovatifhaber.com\u2019da yay\u0131nlanm\u0131\u015ft\u0131r.<\/em><\/p>\n\n\n\n<p class=\"has-text-align-right\">\u201cBen kimsenin dedi\u011fine bakmam, kendi hedefime ko\u015far\u0131m\u201d A. \u00d6zt\u00fcrk<\/p>\n\n\n\n<p>Siyasetin duayenlerinden Abdurrahman \u00d6zt\u00fcrk\u2019\u00fcn konu\u011fuyuz. G\u00fcn\u00fcm\u00fcz\u00fc do\u011fru anlamak, ge\u00e7mi\u015fte ya\u015fananlardan ge\u00e7er. \u015eimdilerde emeklilik d\u00f6neminde olan \u00d6zt\u00fcrk, ayn\u0131 zamanda Mersin siyasetinin son elli y\u0131l\u0131n\u0131n canl\u0131 tan\u0131\u011f\u0131. Onun hayat\u0131, gen\u00e7lere \u00f6rnek say\u0131lacak bir\u00e7ok kilometre ta\u015flar\u0131 ile \u00f6r\u00fcl\u00fc. Azmin, \u00e7al\u0131\u015fkanl\u0131\u011f\u0131n, s\u00f6z\u00fcn\u00fc esirgememenin, memleketini sevmenin belirgin bi\u00e7imde \u015fekillendirdi\u011fi bir hayat e\u011frisi onunki.<\/p>\n\n\n\n<p>\u0130nsanlar\u0131n kaderleri, bir anlamda ya\u015fad\u0131klar\u0131 yerlerin kaderiyle \u00f6rt\u00fc\u015fen bir seyir izler. Ba\u015far\u0131 \u00f6yk\u00fcleri, \u015fehrin ba\u015far\u0131 \u00f6yk\u00fcs\u00fcne paralel ilerler. Mersin \u00e7ok h\u0131zl\u0131 b\u00fcy\u00fcd\u00fc. Bu b\u00fcy\u00fcme daha \u00e7ok niteliksiz g\u00f6\u00e7 ile olu\u015fan, pek hazmedilemeyen, kontrols\u00fcz bir b\u00fcy\u00fcmeydi. \u015eehir gibi insanlar da bundan bir \u015fekilde nasibini (!) ald\u0131.<\/p>\n\n\n\n<p>\u00c7avu\u015flu eskiden iki y\u00fcz hanelik, merkeze ba\u011fl\u0131 en b\u00fcy\u00fck k\u00f6yd\u00fc. G\u00fcn\u00fcm\u00fczde bu b\u00fcy\u00fck k\u00f6y ba\u011fr\u0131ndan on bir mahalle \u00e7\u0131kard\u0131. Elaz\u0131\u011f ve Ayd\u0131n\u2019dan gelenler taraf\u0131ndan kuruldu\u011fu s\u00f6ylenir. Eski devlet hastanesinin kuzeyi ile k\u00f6y aras\u0131ndaki b\u00fcy\u00fck bo\u015flukta, patl\u0131can tarlalar\u0131 vard\u0131. \u00dcz\u00fcm ve bademcilik k\u00f6y\u00fcn ana ge\u00e7im kayna\u011f\u0131yd\u0131. Mersin ile do\u011fru d\u00fcr\u00fcst yol ba\u011flant\u0131s\u0131 bile yoktu. Abdurrahman \u00d6zt\u00fcrk 1947 y\u0131l\u0131nda topraks\u0131z, fakir bir ailenin \u00e7ocu\u011fu olarak \u00c7avu\u015flu\u2019da d\u00fcnyaya geldi. Paras\u0131zl\u0131ktan, orta ikiden sonra devam edemedi. Askerden d\u00f6nd\u00fckten sonra siyasete ilgisi artt\u0131. 1970 y\u0131l\u0131nda Adalet Partisi gen\u00e7lik kollar\u0131na yaz\u0131ld\u0131. Kendini bildi bileli sa\u011fa meyilliydi. O g\u00fcnk\u00fc S\u00fcleyman Demirel r\u00fczg\u00e2r\u0131na o da kap\u0131ld\u0131. Delegelik, temsilcilik yapt\u0131.<\/p>\n\n\n\n<p>Ayr\u0131ca iyi futbol oynuyordu. \u201cPele\u201d lakab\u0131yla tan\u0131n\u0131rd\u0131. \u00c7avu\u015flu futbol tak\u0131m\u0131n\u0131 kurdu. Siyaseti futbola hi\u00e7 sokmad\u0131. Sadece tak\u0131m\u0131n ba\u015far\u0131s\u0131 vard\u0131 onun i\u00e7in. Mersin Halinde \u00e7al\u0131\u015ft\u0131. Sevilen biriydi, i\u015finde ba\u015far\u0131l\u0131yd\u0131. Nerdeyse \u00c7avu\u015flu y\u00f6resinin t\u00fcm mal\u0131, onun \u00e7al\u0131\u015ft\u0131\u011f\u0131 d\u00fckk\u00e2ndan ge\u00e7erdi. K\u0131\u015f\u0131n narenciye, yaz\u0131n \u00fcz\u00fcm i\u015fi yapt\u0131. Bu arada \u00c7avu\u015flu hatt\u0131nda ta\u015f\u0131mac\u0131l\u0131k i\u015fine girdi. K\u00f6ye evini yapt\u0131rd\u0131. Komisyonculuk, ta\u015f\u0131mac\u0131l\u0131k derken, Yo\u011furt Pazar\u0131nda iki y\u0131l yemcilik ile u\u011fra\u015ft\u0131.<\/p>\n\n\n\n<p>80 ihtilalinde Adalet Partisi kapand\u0131. 1983\u2019te Anavatan Partisi kuruldu. 1984 yerel se\u00e7imlerinde Okan Merzeci listesinden belediye meclis \u00fcyesi se\u00e7ildi. Okan Merzeci\u2019nin g\u00fcvenini kazand\u0131; adeta onun sa\u011f kolu gibi \u00e7al\u0131\u015ft\u0131. Hep beraberlerdi ve bu birliktelik ona \u201c\u00c7avu\u015flu Milletvekili\u201d denmesine yol a\u00e7t\u0131. Merzeci \u00e7al\u0131\u015fkan ve vizyoner bir belediye ba\u015fkan\u0131yd\u0131. Toplu ta\u015f\u0131maya bir d\u00fczen getirdi. Halk otob\u00fcslerini kurdu. Mersin\u2019in ilk toplu konut projelerini ba\u015flatt\u0131 (Akbelen &#8211; G\u00fcneykent). Kuzey Mersin\u2019de 35\u2019lik- 25\u2019lik yollar\u0131 projelendirdi. \u015eimdiki \u015eehir Hastanesinin yerini o istimlak etti. Anap\u2019taki siyaseti 1995 y\u0131l\u0131na kadar s\u00fcrd\u00fc. Milletvekili Ali Er ile dostluk kurdu. Onunla uzun y\u0131llar s\u00fcrecek yol arkada\u015fl\u0131\u011f\u0131 yapt\u0131.<\/p>\n\n\n\n<p>2001 y\u0131l\u0131nda Alt\u0131nda\u011f pasaj\u0131ndaki kendi b\u00fcrosunda, Ali Er ve di\u011fer arkada\u015flar\u0131yla Ak Parti Mersin te\u015fkilat\u0131n\u0131 kurdu. Ali Er ile birlikte Ak Parti\u2019nin ba\u015far\u0131s\u0131 i\u00e7in yo\u011fun emek verdi. Er\u2019i \u201chalk tabanl\u0131\u201d siyaseti a\u00e7\u0131s\u0131ndan ba\u015far\u0131l\u0131 buluyor. Adeta gitmedi\u011fi k\u00f6y, ayak basmad\u0131\u011f\u0131 kahvehane kalmad\u0131. O d\u00f6nemler halk Ak Partiye girmeye \u00e7ekiniyordu. Her an kapat\u0131laca\u011f\u0131 d\u00fc\u015f\u00fcn\u00fcl\u00fcyordu. Ama o y\u0131lmad\u0131, hep inand\u0131\u011f\u0131 i\u015finin arkas\u0131nda durdu. \u015eimdi insan \u201cnerden nereye\u201d demekten alam\u0131yor kendini.<\/p>\n\n\n\n<p>\u00d6zt\u00fcrk, son on be\u015f y\u0131l\u0131 cumhuriyet tarihinde yap\u0131lamayanlar\u0131n ger\u00e7ekle\u015fti\u011fi bir d\u00f6nem olarak g\u00f6r\u00fcyor. Mersin\u2019in talihsizli\u011fini de merkezi h\u00fck\u00fcmetle uyumlu belediye ba\u015fkanlar\u0131n\u0131n se\u00e7ilemeyi\u015fine ba\u011fl\u0131yor. \u201cK\u0131rk be\u015f y\u0131ld\u0131r siyasetin i\u00e7indeyim. Her siyaset\u00e7i san\u0131lan\u0131n aksine d\u00fcr\u00fcst olmak zorunda; \u00e7\u00fcnk\u00fc yalan\u0131 meydana \u00e7\u0131k\u0131nca pek dikkate al\u0131nmaz.\u201d diyor. Siyasetin yumu\u015fak karn\u0131n\u0131 ise verilen, verilmek zorunda kal\u0131nan \u201ctavizlerde\u201d g\u00f6r\u00fcyor. Verilen tavizler ilerlemenin \u00f6n\u00fcnde engel olu\u015fturuyor.<\/p>\n\n\n\n<p>Do\u011fdu\u011fu, sevdal\u0131s\u0131 Mersin i\u00e7in: \u201cKentimiz bu son elli y\u0131l\u0131 iyi de\u011ferlendiremedi. Nitelikli yat\u0131r\u0131mc\u0131y\u0131 \u00e7ekemedi. Fakir yata\u011f\u0131 oldu. Varo\u015flar kentsel d\u00f6n\u00fc\u015f\u00fcme girmeli, ye\u015fil alanlar \u00e7o\u011falmal\u0131, sosyal faaliyetlere ve tan\u0131t\u0131ma \u00f6nem verilmeli\u201d s\u00f6zleriyle noktal\u0131yoruz s\u00f6yle\u015fimizi.<\/p>\n","protected":false},"excerpt":{"rendered":"<p>Bu yaz\u0131 ilk olarak 10 A\u011fustos 2017 tarihinde inovatifhaber.com\u2019da yay\u0131nlanm\u0131\u015ft\u0131r. \u201cBen kimsenin dedi\u011fine bakmam, kendi hedefime ko\u015far\u0131m\u201d A. \u00d6zt\u00fcrk Siyasetin duayenlerinden Abdurrahman \u00d6zt\u00fcrk\u2019\u00fcn konu\u011fuyuz. G\u00fcn\u00fcm\u00fcz\u00fc do\u011fru anlamak, ge\u00e7mi\u015fte ya\u015fananlardan ge\u00e7er. \u015eimdilerde emeklilik d\u00f6neminde olan \u00d6zt\u00fcrk, ayn\u0131 zamanda Mersin siyasetinin son elli y\u0131l\u0131n\u0131n canl\u0131 tan\u0131\u011f\u0131. Onun hayat\u0131, gen\u00e7lere \u00f6rnek say\u0131lacak bir\u00e7ok kilometre ta\u015flar\u0131 ile \u00f6r\u00fcl\u00fc. Azmin, [&hellip;]<\/p>\n","protected":false},"author":14001,"featured_media":161038,"comment_status":"open","ping_status":"open","sticky":false,"template":"","format":"standard","meta":{"_yoast_wpseo_focuskw":"Abdurrahman \u00d6zt\u00fcrk","_yoast_wpseo_title":"","_yoast_wpseo_metadesc":"Siyasetin duayenlerinden Abdurrahman \u00d6zt\u00fcrk\u2019\u00fcn konu\u011fuyuz. G\u00fcn\u00fcm\u00fcz\u00fc do\u011fru anlamak, ge\u00e7mi\u015fte ya\u015fananlardan ge\u00e7er.","_bbp_topic_count":0,"_bbp_reply_count":0,"_bbp_total_topic_count":0,"_bbp_total_reply_count":0,"_bbp_voice_count":0,"_bbp_anonymous_reply_count":0,"_bbp_topic_count_hidden":0,"_bbp_reply_count_hidden":0,"_bbp_forum_subforum_count":0,"footnotes":"","_yoast_wpseo_focuskw_text_input":""},"categories":[9170],"tags":[],"yoast_head":"<!-- This site is optimized with the Yoast SEO plugin v23.0 - https:\/\/yoast.com\/wordpress\/plugins\/seo\/ -->\n<title>\u00c7avu\u015flulu Politikac\u0131 - The Epoch Times TR<\/title>\n<meta name=\"description\" content=\"Siyasetin duayenlerinden Abdurrahman \u00d6zt\u00fcrk\u2019\u00fcn konu\u011fuyuz. G\u00fcn\u00fcm\u00fcz\u00fc do\u011fru anlamak, ge\u00e7mi\u015fte ya\u015fananlardan ge\u00e7er.\" \/>\n<meta name=\"robots\" content=\"index, follow, max-snippet:-1, max-image-preview:large, max-video-preview:-1\" \/>\n<link rel=\"canonical\" href=\"https:\/\/epochtimestr.com\/index.php\/cavuslulu-politikaci\" \/>\n<meta property=\"og:locale\" content=\"tr_TR\" \/>\n<meta property=\"og:type\" content=\"article\" \/>\n<meta property=\"og:title\" content=\"\u00c7avu\u015flulu Politikac\u0131 - The Epoch Times TR\" \/>\n<meta property=\"og:description\" content=\"Siyasetin duayenlerinden Abdurrahman \u00d6zt\u00fcrk\u2019\u00fcn konu\u011fuyuz. G\u00fcn\u00fcm\u00fcz\u00fc do\u011fru anlamak, ge\u00e7mi\u015fte ya\u015fananlardan ge\u00e7er.\" \/>\n<meta property=\"og:url\" content=\"https:\/\/epochtimestr.com\/index.php\/cavuslulu-politikaci\" \/>\n<meta property=\"og:site_name\" content=\"The Epoch Times TR\" \/>\n<meta property=\"article:publisher\" content=\"https:\/\/www.facebook.com\/theepochtimestr\" \/>\n<meta property=\"article:published_time\" content=\"2026-05-16T05:30:00+00:00\" \/>\n<meta property=\"article:modified_time\" content=\"2026-05-15T20:15:41+00:00\" \/>\n<meta property=\"og:image\" content=\"https:\/\/epochtimestr.com\/wp-content\/uploads\/2011y\/bzct-ao.jpg\" \/>\n\t<meta property=\"og:image:width\" content=\"1200\" \/>\n\t<meta property=\"og:image:height\" content=\"630\" \/>\n\t<meta property=\"og:image:type\" content=\"image\/jpeg\" \/>\n<meta name=\"author\" content=\"Bekir Zorba\" \/>\n<meta name=\"twitter:card\" content=\"summary_large_image\" \/>\n<meta name=\"twitter:creator\" content=\"@TheEpochTimesTR\" \/>\n<meta name=\"twitter:site\" content=\"@TheEpochTimesTR\" \/>\n<meta name=\"twitter:label1\" content=\"Yazan:\" \/>\n\t<meta name=\"twitter:data1\" content=\"Bekir Zorba\" \/>\n\t<meta name=\"twitter:label2\" content=\"Tahmini okuma s\u00fcresi\" \/>\n\t<meta name=\"twitter:data2\" content=\"4 dakika\" \/>\n<script type=\"application\/ld+json\" class=\"yoast-schema-graph\">{\"@context\":\"https:\/\/schema.org\",\"@graph\":[{\"@type\":\"Article\",\"@id\":\"https:\/\/epochtimestr.com\/index.php\/cavuslulu-politikaci#article\",\"isPartOf\":{\"@id\":\"https:\/\/epochtimestr.com\/index.php\/cavuslulu-politikaci\"},\"author\":{\"name\":\"Bekir Zorba\",\"@id\":\"https:\/\/epochtimestr.com\/#\/schema\/person\/da1ad104599611965442ed3e7e9acb2b\"},\"headline\":\"\u00c7avu\u015flulu Politikac\u0131\",\"datePublished\":\"2026-05-16T05:30:00+00:00\",\"dateModified\":\"2026-05-15T20:15:41+00:00\",\"mainEntityOfPage\":{\"@id\":\"https:\/\/epochtimestr.com\/index.php\/cavuslulu-politikaci\"},\"wordCount\":798,\"commentCount\":0,\"publisher\":{\"@id\":\"https:\/\/epochtimestr.com\/#organization\"},\"image\":{\"@id\":\"https:\/\/epochtimestr.com\/index.php\/cavuslulu-politikaci#primaryimage\"},\"thumbnailUrl\":\"https:\/\/epochtimestr.com\/wp-content\/uploads\/2011y\/Bekir-Zorba.png\",\"articleSection\":[\"K\u00f6\u015fe Yaz\u0131lar\u0131 Bekir Zorba\"],\"inLanguage\":\"tr\",\"potentialAction\":[{\"@type\":\"CommentAction\",\"name\":\"Comment\",\"target\":[\"https:\/\/epochtimestr.com\/index.php\/cavuslulu-politikaci#respond\"]}]},{\"@type\":\"WebPage\",\"@id\":\"https:\/\/epochtimestr.com\/index.php\/cavuslulu-politikaci\",\"url\":\"https:\/\/epochtimestr.com\/index.php\/cavuslulu-politikaci\",\"name\":\"\u00c7avu\u015flulu Politikac\u0131 - The Epoch Times TR\",\"isPartOf\":{\"@id\":\"https:\/\/epochtimestr.com\/#website\"},\"primaryImageOfPage\":{\"@id\":\"https:\/\/epochtimestr.com\/index.php\/cavuslulu-politikaci#primaryimage\"},\"image\":{\"@id\":\"https:\/\/epochtimestr.com\/index.php\/cavuslulu-politikaci#primaryimage\"},\"thumbnailUrl\":\"https:\/\/epochtimestr.com\/wp-content\/uploads\/2011y\/Bekir-Zorba.png\",\"datePublished\":\"2026-05-16T05:30:00+00:00\",\"dateModified\":\"2026-05-15T20:15:41+00:00\",\"description\":\"Siyasetin duayenlerinden Abdurrahman \u00d6zt\u00fcrk\u2019\u00fcn konu\u011fuyuz. G\u00fcn\u00fcm\u00fcz\u00fc do\u011fru anlamak, ge\u00e7mi\u015fte ya\u015fananlardan ge\u00e7er.\",\"inLanguage\":\"tr\",\"potentialAction\":[{\"@type\":\"ReadAction\",\"target\":[\"https:\/\/epochtimestr.com\/index.php\/cavuslulu-politikaci\"]}]},{\"@type\":\"ImageObject\",\"inLanguage\":\"tr\",\"@id\":\"https:\/\/epochtimestr.com\/index.php\/cavuslulu-politikaci#primaryimage\",\"url\":\"https:\/\/epochtimestr.com\/wp-content\/uploads\/2011y\/Bekir-Zorba.png\",\"contentUrl\":\"https:\/\/epochtimestr.com\/wp-content\/uploads\/2011y\/Bekir-Zorba.png\",\"width\":600,\"height\":600},{\"@type\":\"WebSite\",\"@id\":\"https:\/\/epochtimestr.com\/#website\",\"url\":\"https:\/\/epochtimestr.com\/\",\"name\":\"The Epoch Times TR\",\"description\":\"De\u011fi\u015fen D\u00fcnyam\u0131za Taze Bir Bak\u0131\u015f\",\"publisher\":{\"@id\":\"https:\/\/epochtimestr.com\/#organization\"},\"potentialAction\":[{\"@type\":\"SearchAction\",\"target\":{\"@type\":\"EntryPoint\",\"urlTemplate\":\"https:\/\/epochtimestr.com\/?s={search_term_string}\"},\"query-input\":\"required name=search_term_string\"}],\"inLanguage\":\"tr\"},{\"@type\":\"Organization\",\"@id\":\"https:\/\/epochtimestr.com\/#organization\",\"name\":\"The EpochTimes T\u00fcrkiye\",\"url\":\"https:\/\/epochtimestr.com\/\",\"logo\":{\"@type\":\"ImageObject\",\"inLanguage\":\"tr\",\"@id\":\"https:\/\/epochtimestr.com\/#\/schema\/logo\/image\/\",\"url\":\"https:\/\/epochtimestr.com\/wp-content\/uploads\/2011y\/ET-Logo-YG.jpg\",\"contentUrl\":\"https:\/\/epochtimestr.com\/wp-content\/uploads\/2011y\/ET-Logo-YG.jpg\",\"width\":346,\"height\":29,\"caption\":\"The EpochTimes T\u00fcrkiye\"},\"image\":{\"@id\":\"https:\/\/epochtimestr.com\/#\/schema\/logo\/image\/\"},\"sameAs\":[\"https:\/\/www.facebook.com\/theepochtimestr\",\"https:\/\/x.com\/TheEpochTimesTR\",\"https:\/\/www.instagram.com\/epochtimestr\"]},{\"@type\":\"Person\",\"@id\":\"https:\/\/epochtimestr.com\/#\/schema\/person\/da1ad104599611965442ed3e7e9acb2b\",\"name\":\"Bekir Zorba\",\"image\":{\"@type\":\"ImageObject\",\"inLanguage\":\"tr\",\"@id\":\"https:\/\/epochtimestr.com\/#\/schema\/person\/image\/\",\"url\":\"https:\/\/secure.gravatar.com\/avatar\/eafd40d9b77b1fbf7c565a3d4916b79c?s=96&d=mm&r=g\",\"contentUrl\":\"https:\/\/secure.gravatar.com\/avatar\/eafd40d9b77b1fbf7c565a3d4916b79c?s=96&d=mm&r=g\",\"caption\":\"Bekir Zorba\"},\"url\":\"https:\/\/epochtimestr.com\/index.php\/author\/bekir\"}]}<\/script>\n<!-- \/ Yoast SEO plugin. -->","yoast_head_json":{"title":"\u00c7avu\u015flulu Politikac\u0131 - The Epoch Times TR","description":"Siyasetin duayenlerinden Abdurrahman \u00d6zt\u00fcrk\u2019\u00fcn konu\u011fuyuz. G\u00fcn\u00fcm\u00fcz\u00fc do\u011fru anlamak, ge\u00e7mi\u015fte ya\u015fananlardan ge\u00e7er.","robots":{"index":"index","follow":"follow","max-snippet":"max-snippet:-1","max-image-preview":"max-image-preview:large","max-video-preview":"max-video-preview:-1"},"canonical":"https:\/\/epochtimestr.com\/index.php\/cavuslulu-politikaci","og_locale":"tr_TR","og_type":"article","og_title":"\u00c7avu\u015flulu Politikac\u0131 - The Epoch Times TR","og_description":"Siyasetin duayenlerinden Abdurrahman \u00d6zt\u00fcrk\u2019\u00fcn konu\u011fuyuz. G\u00fcn\u00fcm\u00fcz\u00fc do\u011fru anlamak, ge\u00e7mi\u015fte ya\u015fananlardan ge\u00e7er.","og_url":"https:\/\/epochtimestr.com\/index.php\/cavuslulu-politikaci","og_site_name":"The Epoch Times TR","article_publisher":"https:\/\/www.facebook.com\/theepochtimestr","article_published_time":"2026-05-16T05:30:00+00:00","article_modified_time":"2026-05-15T20:15:41+00:00","og_image":[{"width":1200,"height":630,"url":"https:\/\/epochtimestr.com\/wp-content\/uploads\/2011y\/bzct-ao.jpg","type":"image\/jpeg"}],"author":"Bekir Zorba","twitter_card":"summary_large_image","twitter_creator":"@TheEpochTimesTR","twitter_site":"@TheEpochTimesTR","twitter_misc":{"Yazan:":"Bekir Zorba","Tahmini okuma s\u00fcresi":"4 dakika"},"schema":{"@context":"https:\/\/schema.org","@graph":[{"@type":"Article","@id":"https:\/\/epochtimestr.com\/index.php\/cavuslulu-politikaci#article","isPartOf":{"@id":"https:\/\/epochtimestr.com\/index.php\/cavuslulu-politikaci"},"author":{"name":"Bekir Zorba","@id":"https:\/\/epochtimestr.com\/#\/schema\/person\/da1ad104599611965442ed3e7e9acb2b"},"headline":"\u00c7avu\u015flulu Politikac\u0131","datePublished":"2026-05-16T05:30:00+00:00","dateModified":"2026-05-15T20:15:41+00:00","mainEntityOfPage":{"@id":"https:\/\/epochtimestr.com\/index.php\/cavuslulu-politikaci"},"wordCount":798,"commentCount":0,"publisher":{"@id":"https:\/\/epochtimestr.com\/#organization"},"image":{"@id":"https:\/\/epochtimestr.com\/index.php\/cavuslulu-politikaci#primaryimage"},"thumbnailUrl":"https:\/\/epochtimestr.com\/wp-content\/uploads\/2011y\/Bekir-Zorba.png","articleSection":["K\u00f6\u015fe Yaz\u0131lar\u0131 Bekir Zorba"],"inLanguage":"tr","potentialAction":[{"@type":"CommentAction","name":"Comment","target":["https:\/\/epochtimestr.com\/index.php\/cavuslulu-politikaci#respond"]}]},{"@type":"WebPage","@id":"https:\/\/epochtimestr.com\/index.php\/cavuslulu-politikaci","url":"https:\/\/epochtimestr.com\/index.php\/cavuslulu-politikaci","name":"\u00c7avu\u015flulu Politikac\u0131 - The Epoch Times TR","isPartOf":{"@id":"https:\/\/epochtimestr.com\/#website"},"primaryImageOfPage":{"@id":"https:\/\/epochtimestr.com\/index.php\/cavuslulu-politikaci#primaryimage"},"image":{"@id":"https:\/\/epochtimestr.com\/index.php\/cavuslulu-politikaci#primaryimage"},"thumbnailUrl":"https:\/\/epochtimestr.com\/wp-content\/uploads\/2011y\/Bekir-Zorba.png","datePublished":"2026-05-16T05:30:00+00:00","dateModified":"2026-05-15T20:15:41+00:00","description":"Siyasetin duayenlerinden Abdurrahman \u00d6zt\u00fcrk\u2019\u00fcn konu\u011fuyuz. G\u00fcn\u00fcm\u00fcz\u00fc do\u011fru anlamak, ge\u00e7mi\u015fte ya\u015fananlardan ge\u00e7er.","inLanguage":"tr","potentialAction":[{"@type":"ReadAction","target":["https:\/\/epochtimestr.com\/index.php\/cavuslulu-politikaci"]}]},{"@type":"ImageObject","inLanguage":"tr","@id":"https:\/\/epochtimestr.com\/index.php\/cavuslulu-politikaci#primaryimage","url":"https:\/\/epochtimestr.com\/wp-content\/uploads\/2011y\/Bekir-Zorba.png","contentUrl":"https:\/\/epochtimestr.com\/wp-content\/uploads\/2011y\/Bekir-Zorba.png","width":600,"height":600},{"@type":"WebSite","@id":"https:\/\/epochtimestr.com\/#website","url":"https:\/\/epochtimestr.com\/","name":"The Epoch Times TR","description":"De\u011fi\u015fen D\u00fcnyam\u0131za Taze Bir Bak\u0131\u015f","publisher":{"@id":"https:\/\/epochtimestr.com\/#organization"},"potentialAction":[{"@type":"SearchAction","target":{"@type":"EntryPoint","urlTemplate":"https:\/\/epochtimestr.com\/?s={search_term_string}"},"query-input":"required name=search_term_string"}],"inLanguage":"tr"},{"@type":"Organization","@id":"https:\/\/epochtimestr.com\/#organization","name":"The EpochTimes T\u00fcrkiye","url":"https:\/\/epochtimestr.com\/","logo":{"@type":"ImageObject","inLanguage":"tr","@id":"https:\/\/epochtimestr.com\/#\/schema\/logo\/image\/","url":"https:\/\/epochtimestr.com\/wp-content\/uploads\/2011y\/ET-Logo-YG.jpg","contentUrl":"https:\/\/epochtimestr.com\/wp-content\/uploads\/2011y\/ET-Logo-YG.jpg","width":346,"height":29,"caption":"The EpochTimes T\u00fcrkiye"},"image":{"@id":"https:\/\/epochtimestr.com\/#\/schema\/logo\/image\/"},"sameAs":["https:\/\/www.facebook.com\/theepochtimestr","https:\/\/x.com\/TheEpochTimesTR","https:\/\/www.instagram.com\/epochtimestr"]},{"@type":"Person","@id":"https:\/\/epochtimestr.com\/#\/schema\/person\/da1ad104599611965442ed3e7e9acb2b","name":"Bekir Zorba","image":{"@type":"ImageObject","inLanguage":"tr","@id":"https:\/\/epochtimestr.com\/#\/schema\/person\/image\/","url":"https:\/\/secure.gravatar.com\/avatar\/eafd40d9b77b1fbf7c565a3d4916b79c?s=96&d=mm&r=g","contentUrl":"https:\/\/secure.gravatar.com\/avatar\/eafd40d9b77b1fbf7c565a3d4916b79c?s=96&d=mm&r=g","caption":"Bekir Zorba"},"url":"https:\/\/epochtimestr.com\/index.php\/author\/bekir"}]}},"_links":{"self":[{"href":"https:\/\/epochtimestr.com\/index.php\/wp-json\/wp\/v2\/posts\/167298"}],"collection":[{"href":"https:\/\/epochtimestr.com\/index.php\/wp-json\/wp\/v2\/posts"}],"about":[{"href":"https:\/\/epochtimestr.com\/index.php\/wp-json\/wp\/v2\/types\/post"}],"author":[{"embeddable":true,"href":"https:\/\/epochtimestr.com\/index.php\/wp-json\/wp\/v2\/users\/14001"}],"replies":[{"embeddable":true,"href":"https:\/\/epochtimestr.com\/index.php\/wp-json\/wp\/v2\/comments?post=167298"}],"version-history":[{"count":1,"href":"https:\/\/epochtimestr.com\/index.php\/wp-json\/wp\/v2\/posts\/167298\/revisions"}],"predecessor-version":[{"id":167300,"href":"https:\/\/epochtimestr.com\/index.php\/wp-json\/wp\/v2\/posts\/167298\/revisions\/167300"}],"wp:featuredmedia":[{"embeddable":true,"href":"https:\/\/epochtimestr.com\/index.php\/wp-json\/wp\/v2\/media\/161038"}],"wp:attachment":[{"href":"https:\/\/epochtimestr.com\/index.php\/wp-json\/wp\/v2\/media?parent=167298"}],"wp:term":[{"taxonomy":"category","embeddable":true,"href":"https:\/\/epochtimestr.com\/index.php\/wp-json\/wp\/v2\/categories?post=167298"},{"taxonomy":"post_tag","embeddable":true,"href":"https:\/\/epochtimestr.com\/index.php\/wp-json\/wp\/v2\/tags?post=167298"}],"curies":[{"name":"wp","href":"https:\/\/api.w.org\/{rel}","templated":true}]}}