{"id":167304,"date":"2026-05-16T12:58:51","date_gmt":"2026-05-16T09:58:51","guid":{"rendered":"https:\/\/epochtimestr.com\/?p=167304"},"modified":"2026-05-16T12:58:54","modified_gmt":"2026-05-16T09:58:54","slug":"israil-ile-lubnan-arasindaki-ateskes-uzatiliyor","status":"publish","type":"post","link":"https:\/\/epochtimestr.com\/index.php\/israil-ile-lubnan-arasindaki-ateskes-uzatiliyor","title":{"rendered":"\u0130srail \u0130le L\u00fcbnan Aras\u0131ndaki Ate\u015fkes Uzat\u0131l\u0131yor"},"content":{"rendered":"<div class=\"wp-block-image\">\n<figure class=\"aligncenter size-full\"><img loading=\"lazy\" decoding=\"async\" width=\"1200\" height=\"800\" src=\"https:\/\/epochtimestr.com\/wp-content\/uploads\/2011y\/1000038825.jpg\" alt=\"\u0130srail L\u00fcbnan Ate\u015fkesi 45 g\u00fcn uzat\u0131ld\u0131, taraflar bar\u0131\u015f g\u00f6r\u00fc\u015fmelerini 2 Haziran\u2019da s\u00fcrd\u00fcrecek. 7 May\u0131s 2026\u2019da L\u00fcbnan\u2019\u0131n ba\u015fkenti Beyrut\u2019un g\u00fcney banliy\u00f6lerindeki Haret Hreik mahallesinde, \u00f6nceki g\u00fcn \u0130srail taraf\u0131ndan d\u00fczenlenen hava sald\u0131r\u0131s\u0131n\u0131n ard\u0131ndan ilk m\u00fcdahale ekipleri y\u0131k\u0131nt\u0131lar \u00fczerinde inceleme yapt\u0131. (Foto\u011fraf: AFP via Getty Images) Epoch Times arac\u0131yla)\" class=\"wp-image-167305\" srcset=\"https:\/\/epochtimestr.com\/wp-content\/uploads\/2011y\/1000038825.jpg 1200w, https:\/\/epochtimestr.com\/wp-content\/uploads\/2011y\/1000038825-300x200.jpg 300w, https:\/\/epochtimestr.com\/wp-content\/uploads\/2011y\/1000038825-150x100.jpg 150w, https:\/\/epochtimestr.com\/wp-content\/uploads\/2011y\/1000038825-768x512.jpg 768w\" sizes=\"(max-width: 1200px) 100vw, 1200px\" \/><figcaption class=\"wp-element-caption\">\u0130srail L\u00fcbnan ate\u015fkesi 45 g\u00fcn uzat\u0131ld\u0131, taraflar bar\u0131\u015f g\u00f6r\u00fc\u015fmelerini 2 Haziran\u2019da s\u00fcrd\u00fcrecek. 7 May\u0131s 2026\u2019da L\u00fcbnan\u2019\u0131n ba\u015fkenti Beyrut\u2019un g\u00fcney banliy\u00f6lerindeki Haret Hreik mahallesinde, \u00f6nceki g\u00fcn \u0130srail taraf\u0131ndan d\u00fczenlenen hava sald\u0131r\u0131s\u0131n\u0131n ard\u0131ndan ilk m\u00fcdahale ekipleri y\u0131k\u0131nt\u0131lar \u00fczerinde inceleme yapt\u0131. (Foto\u011fraf: AFP &#8211; Getty Images, The Epoch Times arac\u0131yla)<\/figcaption><\/figure><\/div>\n\n\n<p>ABD D\u0131\u015fi\u015fleri Bakanl\u0131\u011f\u0131, \u0130srail ile L\u00fcbnan aras\u0131ndaki ate\u015fkesin 45 g\u00fcn daha uzat\u0131ld\u0131\u011f\u0131n\u0131 a\u00e7\u0131klad\u0131. Ate\u015fkes, <a href=\"https:\/\/www.theepochtimes.com\/world\/israel-and-lebanon-extend-ceasefire-by-45-days-6026589\" target=\"_blank\" rel=\"noreferrer noopener\">16 Nisan\u2019da<\/a> ba\u015flam\u0131\u015ft\u0131. Yetkililer, iki \u00fclke aras\u0131nda Washington\u2019da yap\u0131lan iki g\u00fcnl\u00fck g\u00f6r\u00fc\u015fmelerin \u201cyap\u0131c\u0131\u201d ge\u00e7ti\u011fini bildirdi. G\u00f6r\u00fc\u015fmelerin ard\u0131ndan, bar\u0131\u015f m\u00fczakereleri 2 Haziran\u2019da yeniden ba\u015flayacak.<\/p>\n\n\n\n<p>ABD D\u0131\u015fi\u015fleri S\u00f6zc\u00fcs\u00fc Tommy Pigott, yapt\u0131\u011f\u0131 a\u00e7\u0131klamada \u201cBu g\u00f6r\u00fc\u015fmelerin, kal\u0131c\u0131 bar\u0131\u015f\u0131 ilerletmesini ve taraflar\u0131n egemenlik haklar\u0131n\u0131 tan\u0131mas\u0131n\u0131 umut ediyoruz\u201d dedi. S\u00f6zc\u00fc, ayr\u0131ca s\u0131n\u0131r g\u00fcvenli\u011finin sa\u011flanmas\u0131n\u0131n \u00f6ncelik oldu\u011funu vurgulad\u0131.<\/p>\n\n\n\n<p>\u0130srail\u2019in ABD b\u00fcy\u00fckel\u00e7isi Yechiel Leiter ise m\u00fczakerelerin \u201ca\u00e7\u0131k ve yap\u0131c\u0131\u201d ge\u00e7ti\u011fini belirtti. Leiter, s\u00fcrecin g\u00fcvenlik ekseninde ve siyasi eksende ilerleyece\u011fini ifade etti. \u201cS\u00fcrecin ini\u015f \u00e7\u0131k\u0131\u015flar\u0131 olabilir, ancak ba\u015far\u0131 potansiyeli y\u00fcksek\u201d dedi.<\/p>\n\n\n\n<p>Bu hafta yap\u0131lan g\u00f6r\u00fc\u015fmeler, \u0130srail\u2019in kuzey kom\u015fusuna y\u00f6nelik sald\u0131r\u0131lar\u0131n\u0131 art\u0131rmas\u0131n\u0131n ard\u0131ndan yap\u0131lan \u00fc\u00e7\u00fcnc\u00fc toplant\u0131 oldu. Mart ay\u0131 ba\u015f\u0131nda L\u00fcbnan \u0130srail\u2019e roket atm\u0131\u015ft\u0131. Ayr\u0131ca, \u0130srail\u2019in \u0130ran\u2019daki operasyonu sonras\u0131 iki \u00fclke aras\u0131ndaki gerilim daha da artm\u0131\u015ft\u0131. ABD ve \u0130srail\u2019in \u201c<a href=\"https:\/\/epochtimestr.com\/index.php\/trump-nukleer-silah-istemedigini-acikladi\">Destans\u0131 \u00d6fke Operasyonu<\/a>\u201dnda \u0130ran, \u00fcst d\u00fczey yetkililer de dahil \u00e7ok ciddi kay\u0131plar verdi.<\/p>\n\n\n\n<p>\u00d6te yandan L\u00fcbnan Sa\u011fl\u0131k Bakanl\u0131\u011f\u0131, \u0130srail\u2019in Tyre b\u00f6lgesinde d\u00fczenledi\u011fi sald\u0131r\u0131larda 37 ki\u015finin yaraland\u0131\u011f\u0131n\u0131 a\u00e7\u0131klad\u0131. Yaralananlar aras\u0131nda \u00fc\u00e7 \u00e7ocuk ve alt\u0131 sa\u011fl\u0131k \u00e7al\u0131\u015fan\u0131 da yer al\u0131yor.<\/p>\n\n\n\n<p>Bakanl\u0131k verilerine g\u00f6re, Mart ay\u0131ndan bu yana \u00e7at\u0131\u015fmalarda yakla\u015f\u0131k 3 bin ki\u015fi hayat\u0131n\u0131 kaybetti. Ayr\u0131ca yaral\u0131 say\u0131s\u0131 da 9 bin ki\u015fiyi a\u015ft\u0131. Bu durum, b\u00f6lgedeki insani krizin b\u00fcy\u00fckl\u00fc\u011f\u00fcn\u00fc ortaya koyuyor.<\/p>\n","protected":false},"excerpt":{"rendered":"<p>ABD D\u0131\u015fi\u015fleri Bakanl\u0131\u011f\u0131, \u0130srail ile L\u00fcbnan aras\u0131ndaki ate\u015fkesin 45 g\u00fcn daha uzat\u0131ld\u0131\u011f\u0131n\u0131 a\u00e7\u0131klad\u0131. Ate\u015fkes, 16 Nisan\u2019da ba\u015flam\u0131\u015ft\u0131. Yetkililer, iki \u00fclke aras\u0131nda Washington\u2019da yap\u0131lan iki g\u00fcnl\u00fck g\u00f6r\u00fc\u015fmelerin \u201cyap\u0131c\u0131\u201d ge\u00e7ti\u011fini bildirdi. G\u00f6r\u00fc\u015fmelerin ard\u0131ndan, bar\u0131\u015f m\u00fczakereleri 2 Haziran\u2019da yeniden ba\u015flayacak. ABD D\u0131\u015fi\u015fleri S\u00f6zc\u00fcs\u00fc Tommy Pigott, yapt\u0131\u011f\u0131 a\u00e7\u0131klamada \u201cBu g\u00f6r\u00fc\u015fmelerin, kal\u0131c\u0131 bar\u0131\u015f\u0131 ilerletmesini ve taraflar\u0131n egemenlik haklar\u0131n\u0131 tan\u0131mas\u0131n\u0131 umut [&hellip;]<\/p>\n","protected":false},"author":13996,"featured_media":167305,"comment_status":"open","ping_status":"open","sticky":false,"template":"","format":"standard","meta":{"_yoast_wpseo_focuskw":"\u0130srail - L\u00fcbnan","_yoast_wpseo_title":"","_yoast_wpseo_metadesc":"\u0130srail L\u00fcbnan Ate\u015fkesi 45 g\u00fcn uzat\u0131ld\u0131, taraflar bar\u0131\u015f g\u00f6r\u00fc\u015fmelerini 2 Haziran\u2019da s\u00fcrd\u00fcrecek. \u00c7at\u0131\u015fmalarda 3 bin ki\u015fi \u00f6ld\u00fc, 9 bin yaral\u0131 var.","_bbp_topic_count":0,"_bbp_reply_count":0,"_bbp_total_topic_count":0,"_bbp_total_reply_count":0,"_bbp_voice_count":0,"_bbp_anonymous_reply_count":0,"_bbp_topic_count_hidden":0,"_bbp_reply_count_hidden":0,"_bbp_forum_subforum_count":0,"footnotes":"","_yoast_wpseo_focuskw_text_input":""},"categories":[5,1,8138],"tags":[407,7643,11290,11393,5764],"yoast_head":"<!-- This site is optimized with the Yoast SEO plugin v23.0 - https:\/\/yoast.com\/wordpress\/plugins\/seo\/ -->\n<title>\u0130srail \u0130le L\u00fcbnan Aras\u0131ndaki Ate\u015fkes Uzat\u0131l\u0131yor - The Epoch Times TR<\/title>\n<meta name=\"description\" content=\"\u0130srail L\u00fcbnan Ate\u015fkesi 45 g\u00fcn uzat\u0131ld\u0131, taraflar bar\u0131\u015f g\u00f6r\u00fc\u015fmelerini 2 Haziran\u2019da s\u00fcrd\u00fcrecek. \u00c7at\u0131\u015fmalarda 3 bin ki\u015fi \u00f6ld\u00fc, 9 bin yaral\u0131 var.\" \/>\n<meta name=\"robots\" content=\"index, follow, max-snippet:-1, max-image-preview:large, max-video-preview:-1\" \/>\n<link rel=\"canonical\" href=\"https:\/\/epochtimestr.com\/index.php\/israil-ile-lubnan-arasindaki-ateskes-uzatiliyor\" \/>\n<meta property=\"og:locale\" content=\"tr_TR\" \/>\n<meta property=\"og:type\" content=\"article\" \/>\n<meta property=\"og:title\" content=\"\u0130srail \u0130le L\u00fcbnan Aras\u0131ndaki Ate\u015fkes Uzat\u0131l\u0131yor - The Epoch Times TR\" \/>\n<meta property=\"og:description\" content=\"\u0130srail L\u00fcbnan Ate\u015fkesi 45 g\u00fcn uzat\u0131ld\u0131, taraflar bar\u0131\u015f g\u00f6r\u00fc\u015fmelerini 2 Haziran\u2019da s\u00fcrd\u00fcrecek. \u00c7at\u0131\u015fmalarda 3 bin ki\u015fi \u00f6ld\u00fc, 9 bin yaral\u0131 var.\" \/>\n<meta property=\"og:url\" content=\"https:\/\/epochtimestr.com\/index.php\/israil-ile-lubnan-arasindaki-ateskes-uzatiliyor\" \/>\n<meta property=\"og:site_name\" content=\"The Epoch Times TR\" \/>\n<meta property=\"article:publisher\" content=\"https:\/\/www.facebook.com\/theepochtimestr\" \/>\n<meta property=\"article:published_time\" content=\"2026-05-16T09:58:51+00:00\" \/>\n<meta property=\"article:modified_time\" content=\"2026-05-16T09:58:54+00:00\" \/>\n<meta property=\"og:image\" content=\"https:\/\/epochtimestr.com\/wp-content\/uploads\/2011y\/1000038825.jpg\" \/>\n\t<meta property=\"og:image:width\" content=\"1200\" \/>\n\t<meta property=\"og:image:height\" content=\"800\" \/>\n\t<meta property=\"og:image:type\" content=\"image\/jpeg\" \/>\n<meta name=\"author\" content=\"Leo Bajelan\" \/>\n<meta name=\"twitter:card\" content=\"summary_large_image\" \/>\n<meta name=\"twitter:creator\" content=\"@TheEpochTimesTR\" \/>\n<meta name=\"twitter:site\" content=\"@TheEpochTimesTR\" \/>\n<meta name=\"twitter:label1\" content=\"Yazan:\" \/>\n\t<meta name=\"twitter:data1\" content=\"Leo Bajelan\" \/>\n\t<meta name=\"twitter:label2\" content=\"Tahmini okuma s\u00fcresi\" \/>\n\t<meta name=\"twitter:data2\" content=\"2 dakika\" \/>\n<script type=\"application\/ld+json\" class=\"yoast-schema-graph\">{\"@context\":\"https:\/\/schema.org\",\"@graph\":[{\"@type\":\"Article\",\"@id\":\"https:\/\/epochtimestr.com\/index.php\/israil-ile-lubnan-arasindaki-ateskes-uzatiliyor#article\",\"isPartOf\":{\"@id\":\"https:\/\/epochtimestr.com\/index.php\/israil-ile-lubnan-arasindaki-ateskes-uzatiliyor\"},\"author\":{\"name\":\"Leo Bajelan\",\"@id\":\"https:\/\/epochtimestr.com\/#\/schema\/person\/5fef218711d76d8f232b0e1f1d7e4c0d\"},\"headline\":\"\u0130srail \u0130le L\u00fcbnan Aras\u0131ndaki Ate\u015fkes Uzat\u0131l\u0131yor\",\"datePublished\":\"2026-05-16T09:58:51+00:00\",\"dateModified\":\"2026-05-16T09:58:54+00:00\",\"mainEntityOfPage\":{\"@id\":\"https:\/\/epochtimestr.com\/index.php\/israil-ile-lubnan-arasindaki-ateskes-uzatiliyor\"},\"wordCount\":405,\"commentCount\":0,\"publisher\":{\"@id\":\"https:\/\/epochtimestr.com\/#organization\"},\"image\":{\"@id\":\"https:\/\/epochtimestr.com\/index.php\/israil-ile-lubnan-arasindaki-ateskes-uzatiliyor#primaryimage\"},\"thumbnailUrl\":\"https:\/\/epochtimestr.com\/wp-content\/uploads\/2011y\/1000038825.jpg\",\"keywords\":[\"ABD\",\"Beyrut\",\"Epic Fury\",\"\u0130srail L\u00fcbnan Ate\u015fkes\",\"Trump\"],\"articleSection\":[\"D\u00dcNYA\",\"G\u00dcNDEM\",\"MAN\u015eET\"],\"inLanguage\":\"tr\",\"potentialAction\":[{\"@type\":\"CommentAction\",\"name\":\"Comment\",\"target\":[\"https:\/\/epochtimestr.com\/index.php\/israil-ile-lubnan-arasindaki-ateskes-uzatiliyor#respond\"]}]},{\"@type\":\"WebPage\",\"@id\":\"https:\/\/epochtimestr.com\/index.php\/israil-ile-lubnan-arasindaki-ateskes-uzatiliyor\",\"url\":\"https:\/\/epochtimestr.com\/index.php\/israil-ile-lubnan-arasindaki-ateskes-uzatiliyor\",\"name\":\"\u0130srail \u0130le L\u00fcbnan Aras\u0131ndaki Ate\u015fkes Uzat\u0131l\u0131yor - The Epoch Times TR\",\"isPartOf\":{\"@id\":\"https:\/\/epochtimestr.com\/#website\"},\"primaryImageOfPage\":{\"@id\":\"https:\/\/epochtimestr.com\/index.php\/israil-ile-lubnan-arasindaki-ateskes-uzatiliyor#primaryimage\"},\"image\":{\"@id\":\"https:\/\/epochtimestr.com\/index.php\/israil-ile-lubnan-arasindaki-ateskes-uzatiliyor#primaryimage\"},\"thumbnailUrl\":\"https:\/\/epochtimestr.com\/wp-content\/uploads\/2011y\/1000038825.jpg\",\"datePublished\":\"2026-05-16T09:58:51+00:00\",\"dateModified\":\"2026-05-16T09:58:54+00:00\",\"description\":\"\u0130srail L\u00fcbnan Ate\u015fkesi 45 g\u00fcn uzat\u0131ld\u0131, taraflar bar\u0131\u015f g\u00f6r\u00fc\u015fmelerini 2 Haziran\u2019da s\u00fcrd\u00fcrecek. \u00c7at\u0131\u015fmalarda 3 bin ki\u015fi \u00f6ld\u00fc, 9 bin yaral\u0131 var.\",\"inLanguage\":\"tr\",\"potentialAction\":[{\"@type\":\"ReadAction\",\"target\":[\"https:\/\/epochtimestr.com\/index.php\/israil-ile-lubnan-arasindaki-ateskes-uzatiliyor\"]}]},{\"@type\":\"ImageObject\",\"inLanguage\":\"tr\",\"@id\":\"https:\/\/epochtimestr.com\/index.php\/israil-ile-lubnan-arasindaki-ateskes-uzatiliyor#primaryimage\",\"url\":\"https:\/\/epochtimestr.com\/wp-content\/uploads\/2011y\/1000038825.jpg\",\"contentUrl\":\"https:\/\/epochtimestr.com\/wp-content\/uploads\/2011y\/1000038825.jpg\",\"width\":1200,\"height\":800},{\"@type\":\"WebSite\",\"@id\":\"https:\/\/epochtimestr.com\/#website\",\"url\":\"https:\/\/epochtimestr.com\/\",\"name\":\"The Epoch Times TR\",\"description\":\"De\u011fi\u015fen D\u00fcnyam\u0131za Taze Bir Bak\u0131\u015f\",\"publisher\":{\"@id\":\"https:\/\/epochtimestr.com\/#organization\"},\"potentialAction\":[{\"@type\":\"SearchAction\",\"target\":{\"@type\":\"EntryPoint\",\"urlTemplate\":\"https:\/\/epochtimestr.com\/?s={search_term_string}\"},\"query-input\":\"required name=search_term_string\"}],\"inLanguage\":\"tr\"},{\"@type\":\"Organization\",\"@id\":\"https:\/\/epochtimestr.com\/#organization\",\"name\":\"The EpochTimes T\u00fcrkiye\",\"url\":\"https:\/\/epochtimestr.com\/\",\"logo\":{\"@type\":\"ImageObject\",\"inLanguage\":\"tr\",\"@id\":\"https:\/\/epochtimestr.com\/#\/schema\/logo\/image\/\",\"url\":\"https:\/\/epochtimestr.com\/wp-content\/uploads\/2011y\/ET-Logo-YG.jpg\",\"contentUrl\":\"https:\/\/epochtimestr.com\/wp-content\/uploads\/2011y\/ET-Logo-YG.jpg\",\"width\":346,\"height\":29,\"caption\":\"The EpochTimes T\u00fcrkiye\"},\"image\":{\"@id\":\"https:\/\/epochtimestr.com\/#\/schema\/logo\/image\/\"},\"sameAs\":[\"https:\/\/www.facebook.com\/theepochtimestr\",\"https:\/\/x.com\/TheEpochTimesTR\",\"https:\/\/www.instagram.com\/epochtimestr\"]},{\"@type\":\"Person\",\"@id\":\"https:\/\/epochtimestr.com\/#\/schema\/person\/5fef218711d76d8f232b0e1f1d7e4c0d\",\"name\":\"Leo Bajelan\",\"image\":{\"@type\":\"ImageObject\",\"inLanguage\":\"tr\",\"@id\":\"https:\/\/epochtimestr.com\/#\/schema\/person\/image\/\",\"url\":\"https:\/\/secure.gravatar.com\/avatar\/917669146f489549e548a2e9af272df5?s=96&d=mm&r=g\",\"contentUrl\":\"https:\/\/secure.gravatar.com\/avatar\/917669146f489549e548a2e9af272df5?s=96&d=mm&r=g\",\"caption\":\"Leo Bajelan\"},\"url\":\"https:\/\/epochtimestr.com\/index.php\/author\/leo\"}]}<\/script>\n<!-- \/ Yoast SEO plugin. -->","yoast_head_json":{"title":"\u0130srail \u0130le L\u00fcbnan Aras\u0131ndaki Ate\u015fkes Uzat\u0131l\u0131yor - The Epoch Times TR","description":"\u0130srail L\u00fcbnan Ate\u015fkesi 45 g\u00fcn uzat\u0131ld\u0131, taraflar bar\u0131\u015f g\u00f6r\u00fc\u015fmelerini 2 Haziran\u2019da s\u00fcrd\u00fcrecek. \u00c7at\u0131\u015fmalarda 3 bin ki\u015fi \u00f6ld\u00fc, 9 bin yaral\u0131 var.","robots":{"index":"index","follow":"follow","max-snippet":"max-snippet:-1","max-image-preview":"max-image-preview:large","max-video-preview":"max-video-preview:-1"},"canonical":"https:\/\/epochtimestr.com\/index.php\/israil-ile-lubnan-arasindaki-ateskes-uzatiliyor","og_locale":"tr_TR","og_type":"article","og_title":"\u0130srail \u0130le L\u00fcbnan Aras\u0131ndaki Ate\u015fkes Uzat\u0131l\u0131yor - The Epoch Times TR","og_description":"\u0130srail L\u00fcbnan Ate\u015fkesi 45 g\u00fcn uzat\u0131ld\u0131, taraflar bar\u0131\u015f g\u00f6r\u00fc\u015fmelerini 2 Haziran\u2019da s\u00fcrd\u00fcrecek. \u00c7at\u0131\u015fmalarda 3 bin ki\u015fi \u00f6ld\u00fc, 9 bin yaral\u0131 var.","og_url":"https:\/\/epochtimestr.com\/index.php\/israil-ile-lubnan-arasindaki-ateskes-uzatiliyor","og_site_name":"The Epoch Times TR","article_publisher":"https:\/\/www.facebook.com\/theepochtimestr","article_published_time":"2026-05-16T09:58:51+00:00","article_modified_time":"2026-05-16T09:58:54+00:00","og_image":[{"width":1200,"height":800,"url":"https:\/\/epochtimestr.com\/wp-content\/uploads\/2011y\/1000038825.jpg","type":"image\/jpeg"}],"author":"Leo Bajelan","twitter_card":"summary_large_image","twitter_creator":"@TheEpochTimesTR","twitter_site":"@TheEpochTimesTR","twitter_misc":{"Yazan:":"Leo Bajelan","Tahmini okuma s\u00fcresi":"2 dakika"},"schema":{"@context":"https:\/\/schema.org","@graph":[{"@type":"Article","@id":"https:\/\/epochtimestr.com\/index.php\/israil-ile-lubnan-arasindaki-ateskes-uzatiliyor#article","isPartOf":{"@id":"https:\/\/epochtimestr.com\/index.php\/israil-ile-lubnan-arasindaki-ateskes-uzatiliyor"},"author":{"name":"Leo Bajelan","@id":"https:\/\/epochtimestr.com\/#\/schema\/person\/5fef218711d76d8f232b0e1f1d7e4c0d"},"headline":"\u0130srail \u0130le L\u00fcbnan Aras\u0131ndaki Ate\u015fkes Uzat\u0131l\u0131yor","datePublished":"2026-05-16T09:58:51+00:00","dateModified":"2026-05-16T09:58:54+00:00","mainEntityOfPage":{"@id":"https:\/\/epochtimestr.com\/index.php\/israil-ile-lubnan-arasindaki-ateskes-uzatiliyor"},"wordCount":405,"commentCount":0,"publisher":{"@id":"https:\/\/epochtimestr.com\/#organization"},"image":{"@id":"https:\/\/epochtimestr.com\/index.php\/israil-ile-lubnan-arasindaki-ateskes-uzatiliyor#primaryimage"},"thumbnailUrl":"https:\/\/epochtimestr.com\/wp-content\/uploads\/2011y\/1000038825.jpg","keywords":["ABD","Beyrut","Epic Fury","\u0130srail L\u00fcbnan Ate\u015fkes","Trump"],"articleSection":["D\u00dcNYA","G\u00dcNDEM","MAN\u015eET"],"inLanguage":"tr","potentialAction":[{"@type":"CommentAction","name":"Comment","target":["https:\/\/epochtimestr.com\/index.php\/israil-ile-lubnan-arasindaki-ateskes-uzatiliyor#respond"]}]},{"@type":"WebPage","@id":"https:\/\/epochtimestr.com\/index.php\/israil-ile-lubnan-arasindaki-ateskes-uzatiliyor","url":"https:\/\/epochtimestr.com\/index.php\/israil-ile-lubnan-arasindaki-ateskes-uzatiliyor","name":"\u0130srail \u0130le L\u00fcbnan Aras\u0131ndaki Ate\u015fkes Uzat\u0131l\u0131yor - The Epoch Times TR","isPartOf":{"@id":"https:\/\/epochtimestr.com\/#website"},"primaryImageOfPage":{"@id":"https:\/\/epochtimestr.com\/index.php\/israil-ile-lubnan-arasindaki-ateskes-uzatiliyor#primaryimage"},"image":{"@id":"https:\/\/epochtimestr.com\/index.php\/israil-ile-lubnan-arasindaki-ateskes-uzatiliyor#primaryimage"},"thumbnailUrl":"https:\/\/epochtimestr.com\/wp-content\/uploads\/2011y\/1000038825.jpg","datePublished":"2026-05-16T09:58:51+00:00","dateModified":"2026-05-16T09:58:54+00:00","description":"\u0130srail L\u00fcbnan Ate\u015fkesi 45 g\u00fcn uzat\u0131ld\u0131, taraflar bar\u0131\u015f g\u00f6r\u00fc\u015fmelerini 2 Haziran\u2019da s\u00fcrd\u00fcrecek. \u00c7at\u0131\u015fmalarda 3 bin ki\u015fi \u00f6ld\u00fc, 9 bin yaral\u0131 var.","inLanguage":"tr","potentialAction":[{"@type":"ReadAction","target":["https:\/\/epochtimestr.com\/index.php\/israil-ile-lubnan-arasindaki-ateskes-uzatiliyor"]}]},{"@type":"ImageObject","inLanguage":"tr","@id":"https:\/\/epochtimestr.com\/index.php\/israil-ile-lubnan-arasindaki-ateskes-uzatiliyor#primaryimage","url":"https:\/\/epochtimestr.com\/wp-content\/uploads\/2011y\/1000038825.jpg","contentUrl":"https:\/\/epochtimestr.com\/wp-content\/uploads\/2011y\/1000038825.jpg","width":1200,"height":800},{"@type":"WebSite","@id":"https:\/\/epochtimestr.com\/#website","url":"https:\/\/epochtimestr.com\/","name":"The Epoch Times TR","description":"De\u011fi\u015fen D\u00fcnyam\u0131za Taze Bir Bak\u0131\u015f","publisher":{"@id":"https:\/\/epochtimestr.com\/#organization"},"potentialAction":[{"@type":"SearchAction","target":{"@type":"EntryPoint","urlTemplate":"https:\/\/epochtimestr.com\/?s={search_term_string}"},"query-input":"required name=search_term_string"}],"inLanguage":"tr"},{"@type":"Organization","@id":"https:\/\/epochtimestr.com\/#organization","name":"The EpochTimes T\u00fcrkiye","url":"https:\/\/epochtimestr.com\/","logo":{"@type":"ImageObject","inLanguage":"tr","@id":"https:\/\/epochtimestr.com\/#\/schema\/logo\/image\/","url":"https:\/\/epochtimestr.com\/wp-content\/uploads\/2011y\/ET-Logo-YG.jpg","contentUrl":"https:\/\/epochtimestr.com\/wp-content\/uploads\/2011y\/ET-Logo-YG.jpg","width":346,"height":29,"caption":"The EpochTimes T\u00fcrkiye"},"image":{"@id":"https:\/\/epochtimestr.com\/#\/schema\/logo\/image\/"},"sameAs":["https:\/\/www.facebook.com\/theepochtimestr","https:\/\/x.com\/TheEpochTimesTR","https:\/\/www.instagram.com\/epochtimestr"]},{"@type":"Person","@id":"https:\/\/epochtimestr.com\/#\/schema\/person\/5fef218711d76d8f232b0e1f1d7e4c0d","name":"Leo Bajelan","image":{"@type":"ImageObject","inLanguage":"tr","@id":"https:\/\/epochtimestr.com\/#\/schema\/person\/image\/","url":"https:\/\/secure.gravatar.com\/avatar\/917669146f489549e548a2e9af272df5?s=96&d=mm&r=g","contentUrl":"https:\/\/secure.gravatar.com\/avatar\/917669146f489549e548a2e9af272df5?s=96&d=mm&r=g","caption":"Leo Bajelan"},"url":"https:\/\/epochtimestr.com\/index.php\/author\/leo"}]}},"_links":{"self":[{"href":"https:\/\/epochtimestr.com\/index.php\/wp-json\/wp\/v2\/posts\/167304"}],"collection":[{"href":"https:\/\/epochtimestr.com\/index.php\/wp-json\/wp\/v2\/posts"}],"about":[{"href":"https:\/\/epochtimestr.com\/index.php\/wp-json\/wp\/v2\/types\/post"}],"author":[{"embeddable":true,"href":"https:\/\/epochtimestr.com\/index.php\/wp-json\/wp\/v2\/users\/13996"}],"replies":[{"embeddable":true,"href":"https:\/\/epochtimestr.com\/index.php\/wp-json\/wp\/v2\/comments?post=167304"}],"version-history":[{"count":2,"href":"https:\/\/epochtimestr.com\/index.php\/wp-json\/wp\/v2\/posts\/167304\/revisions"}],"predecessor-version":[{"id":167315,"href":"https:\/\/epochtimestr.com\/index.php\/wp-json\/wp\/v2\/posts\/167304\/revisions\/167315"}],"wp:featuredmedia":[{"embeddable":true,"href":"https:\/\/epochtimestr.com\/index.php\/wp-json\/wp\/v2\/media\/167305"}],"wp:attachment":[{"href":"https:\/\/epochtimestr.com\/index.php\/wp-json\/wp\/v2\/media?parent=167304"}],"wp:term":[{"taxonomy":"category","embeddable":true,"href":"https:\/\/epochtimestr.com\/index.php\/wp-json\/wp\/v2\/categories?post=167304"},{"taxonomy":"post_tag","embeddable":true,"href":"https:\/\/epochtimestr.com\/index.php\/wp-json\/wp\/v2\/tags?post=167304"}],"curies":[{"name":"wp","href":"https:\/\/api.w.org\/{rel}","templated":true}]}}