{"id":167316,"date":"2026-05-17T08:00:00","date_gmt":"2026-05-17T05:00:00","guid":{"rendered":"https:\/\/epochtimestr.com\/?p=167316"},"modified":"2026-05-16T22:45:21","modified_gmt":"2026-05-16T19:45:21","slug":"murekkep-lekeli-defter","status":"publish","type":"post","link":"https:\/\/epochtimestr.com\/index.php\/murekkep-lekeli-defter","title":{"rendered":"M\u00fcrekkep Lekeli Defter"},"content":{"rendered":"\n<p class=\"has-text-align-center\">I<br \/>EYLEMS\u0130Z<\/p>\n\n\n\n<p>O \u015fimdi gider, gitmenin ona en yak\u0131\u015fan haliyle&#8230; Onun fiili gitmektir, ben kalakal\u0131r\u0131m. Ben, duru\u015flar\u0131n -son duru\u015flar\u0131n-, bak\u0131\u015flar\u0131n -son bak\u0131\u015flar\u0131n- foto\u011fraf\u0131n\u0131 \u00e7eker, bir \u00f6mr\u00fcn can al\u0131c\u0131 bir ayr\u0131nt\u0131s\u0131n\u0131 c\u0131mb\u0131zla \u00e7eker, b\u00fcy\u00fct\u00fcr, b\u00fcy\u00fct\u00fcr, b\u00fcy\u00fct\u00fcr\u00fcm.<\/p>\n\n\n\n<p>Ben \u00f6yle kalakalmalar\u0131n adam\u0131y\u0131md\u0131r; benim fiilim kalmakt\u0131r, kalakalmakt\u0131r, bakakalmakt\u0131r.<\/p>\n\n\n\n<p>Ben b\u00f6ylesine \u00e7alakalem kal\u0131r\u0131m, o \u00f6ylesine harc\u0131\u00e2lem gider.<\/p>\n\n\n\n<p>\u2026<\/p>\n\n\n\n<p>O \u015fimdi gider&#8230; Ben kald\u0131\u011f\u0131m gibi kalamam.<\/p>\n\n\n\n<p>Benim kal\u0131\u015f\u0131m, onun gidi\u015fiyle ba\u015fka bir anlama b\u00fcr\u00fcn\u00fcr. Ben art\u0131k onun gidi\u015finin sonras\u0131nda kalan adam\u0131m. Adam gibi kal\u0131r\u0131m ama. Bana en yak\u0131\u015fan halimle kal\u0131r\u0131m.<\/p>\n\n\n\n<p>Hi\u00e7bir \u015fey kald\u0131\u011f\u0131 gibi kalmaz. Hi\u00e7bir \u015fey gitti\u011fi gibi gitmez.<\/p>\n\n\n\n<p class=\"has-text-align-center\">II<br \/>GURBET<\/p>\n\n\n\n<p>Bir gurbet, bir \u015fehre ancak bu kadar yak\u0131\u015fabilir.<\/p>\n\n\n\n<p>Hayat\u0131m\u0131n i\u00e7inde d\u00f6n\u00fc\u015fs\u00fcz bir yol gibi akan, asfalt karas\u0131 g\u00f6zlerin.<\/p>\n\n\n\n<p>Seni hangi c\u00fcmleye eklesem \/ hangi c\u00fcmleyi sana ili\u015ftirsem, sen hep o c\u00fcmlenin yerlisi oluyorsun. Benim y\u00fcre\u011fimse i\u015fgal alt\u0131nda bir vatan. Senin asfalt\u0131ndan \u00f6nce orada yemye\u015fil \u00e7ay\u0131rlar vard\u0131.<\/p>\n\n\n\n<p>Ellerim ellerinde, beyaz bir masa \u00f6rt\u00fcs\u00fcndeki leke gibi duruyordu, bundand\u0131r belki ayr\u0131l\u0131\u011f\u0131m\u0131z. Ama leke olmadan masa \u00f6rt\u00fcs\u00fc de bir anlamla b\u00fct\u00fcnle\u015fmiyordu. Ayk\u0131r\u0131yd\u0131k, bundand\u0131 belli ki birbirimize ihtiyac\u0131m\u0131z. Benim lekem senin beyazl\u0131\u011f\u0131n\u0131 ortaya koyuyordu, senin beyazl\u0131\u011f\u0131n a\u011fart\u0131yordu lekemi. Ben beyaz bir leke olamazd\u0131m sen yoksan.<\/p>\n\n\n\n<p>Biz gece ve y\u0131ld\u0131zlar gibiydik.<\/p>\n\n\n\n<p>\u201cY\u0131ld\u0131zlar karanl\u0131kta parlar.\u201d<\/p>\n\n\n\n<p>\u2018G\u00fcn do\u011funca nereye gider y\u0131ld\u0131zlar?\u2019 Yery\u00fcz\u00fcn\u00fcn en eski sorusudur bu. \u00d6mr\u00fcm\u00fcn ikindisinde g\u00f6ky\u00fcz\u00fcne bak\u0131yor ve bu soruya verecek kar\u015f\u0131l\u0131k bulam\u0131yorum.<\/p>\n\n\n\n<p>Seni hangi \u015fehirde bulsam, gurbet orada ba\u015fl\u0131yor\u2026<\/p>\n\n\n\n<p class=\"has-text-align-center\">III<br \/>YA\u011eMUR<\/p>\n\n\n\n<p>Ak\u015fam\u0131n geceye d\u00f6nen y\u00fcz\u00fc&#8230; Y\u00fcz\u00fcme d\u00f6ne d\u00f6ne inen ya\u011fmur.<\/p>\n\n\n\n<p>Ya\u011fmurlar ya\u011fmasayd\u0131 bu kenti sevmeyecektim belki. Ya\u011fmurlar y\u0131kamasayd\u0131 i\u00e7imi, nicedir aynalarda bulan\u0131kla\u015fan belle\u011fimi, belle\u011fimin solgun foto\u011fraflar\u0131n\u0131 bu denli berrak bulmayacakt\u0131m kar\u015f\u0131mda.<\/p>\n\n\n\n<p>Bile\u011fime \u00e7evirdi\u011fim usturay\u0131 k\u0131rmayacakt\u0131m belki.<\/p>\n\n\n\n<p>R\u00fczg\u00e2r\u0131n s\u0131rt\u0131nda gezinen k\u00f6m\u00fcr kokular\u0131, derin bir sarho\u015fluktan artakalan geceyi kovan bir kahve gibi ay\u0131kt\u0131rmayacakt\u0131 beni.<\/p>\n\n\n\n<p>Ben ki aynada her sabah annemle y\u00fcz y\u00fcze. Ne kadar da benziyorum anneme g\u00fcnden g\u00fcne&#8230;<\/p>\n\n\n\n<p>Y\u0131llar \u00f6nce o bak\u0131r le\u011fende kendi \u00e7ocuklu\u011funu mu y\u0131kamaktayd\u0131 bilmeden? Ellerinin k\u0131na kokusu vard\u0131; ellerimde \u015fimdi t\u00fct\u00fcn kokusu.<\/p>\n\n\n\n<p>Bir halk t\u00fcrk\u00fcs\u00fcd\u00fcr annem, sabahlar\u0131 kalbimi tarar. Aynalar\u0131n bu\u011fusunu g\u00f6zleriyle aralar.<\/p>\n\n\n\n<p>Ve ayr\u0131 \u015fehirlerde \u00fcst\u00fcm\u00fcze biriken bu ya\u011fmur, aram\u0131zda esneyen bir kap\u0131d\u0131r.<\/p>\n\n\n\n<p>Ben hep gurbet \u015fehirlerinde g\u00fcn bitiminin bir t\u0131ls\u0131m\u0131 oldu\u011funa inan\u0131r\u0131m. Ak\u015fam aya s\u0131rmalar giydirerek sunar geceyi. Geceler beni hep kendi y\u00fcz\u00fcme \u00e7evirir. Orada hayat\u0131n iki ucu vard\u0131r: ya\u015famak ve \u00f6lmek. Ya\u015fam ve \u00f6l\u00fcm aras\u0131nda sarka\u00e7lanan kalbimi ak\u015fam\u0131n t\u0131ls\u0131m\u0131 \u00f6l\u00fcme diren\u00e7li k\u0131lar&#8230; Ve ak\u015fam\u0131n t\u0131ls\u0131m\u0131yla \u00f6l\u00fcme tahamm\u00fcl edebilirim.<\/p>\n\n\n\n<p>Ve ben \u015fimdi, \u015fu anda, \u015fu ya\u011fmur ya\u011fmasa belki kendi ya\u011fmurumu tan\u0131mlayabilirim&#8230;<\/p>\n","protected":false},"excerpt":{"rendered":"<p>IEYLEMS\u0130Z O \u015fimdi gider, gitmenin ona en yak\u0131\u015fan haliyle&#8230; Onun fiili gitmektir, ben kalakal\u0131r\u0131m. Ben, duru\u015flar\u0131n -son duru\u015flar\u0131n-, bak\u0131\u015flar\u0131n -son bak\u0131\u015flar\u0131n- foto\u011fraf\u0131n\u0131 \u00e7eker, bir \u00f6mr\u00fcn can al\u0131c\u0131 bir ayr\u0131nt\u0131s\u0131n\u0131 c\u0131mb\u0131zla \u00e7eker, b\u00fcy\u00fct\u00fcr, b\u00fcy\u00fct\u00fcr, b\u00fcy\u00fct\u00fcr\u00fcm. Ben \u00f6yle kalakalmalar\u0131n adam\u0131y\u0131md\u0131r; benim fiilim kalmakt\u0131r, kalakalmakt\u0131r, bakakalmakt\u0131r. Ben b\u00f6ylesine \u00e7alakalem kal\u0131r\u0131m, o \u00f6ylesine harc\u0131\u00e2lem gider. \u2026 O \u015fimdi gider&#8230; [&hellip;]<\/p>\n","protected":false},"author":14002,"featured_media":161248,"comment_status":"open","ping_status":"open","sticky":false,"template":"","format":"standard","meta":{"_yoast_wpseo_focuskw":"M\u00fcrekkep Lekeli Defter","_yoast_wpseo_title":"","_yoast_wpseo_metadesc":"Ben hep gurbet \u015fehirlerinde g\u00fcn bitiminin bir t\u0131ls\u0131m\u0131 oldu\u011funa inan\u0131r\u0131m. Ak\u015fam aya s\u0131rmalar giydirerek sunar geceyi.","_bbp_topic_count":0,"_bbp_reply_count":0,"_bbp_total_topic_count":0,"_bbp_total_reply_count":0,"_bbp_voice_count":0,"_bbp_anonymous_reply_count":0,"_bbp_topic_count_hidden":0,"_bbp_reply_count_hidden":0,"_bbp_forum_subforum_count":0,"footnotes":"","_yoast_wpseo_focuskw_text_input":""},"categories":[9240],"tags":[],"yoast_head":"<!-- This site is optimized with the Yoast SEO plugin v23.0 - https:\/\/yoast.com\/wordpress\/plugins\/seo\/ -->\n<title>M\u00fcrekkep Lekeli Defter - The Epoch Times TR<\/title>\n<meta name=\"description\" content=\"Ben hep gurbet \u015fehirlerinde g\u00fcn bitiminin bir t\u0131ls\u0131m\u0131 oldu\u011funa inan\u0131r\u0131m. Ak\u015fam aya s\u0131rmalar giydirerek sunar geceyi.\" \/>\n<meta name=\"robots\" content=\"index, follow, max-snippet:-1, max-image-preview:large, max-video-preview:-1\" \/>\n<link rel=\"canonical\" href=\"https:\/\/epochtimestr.com\/index.php\/murekkep-lekeli-defter\" \/>\n<meta property=\"og:locale\" content=\"tr_TR\" \/>\n<meta property=\"og:type\" content=\"article\" \/>\n<meta property=\"og:title\" content=\"M\u00fcrekkep Lekeli Defter - The Epoch Times TR\" \/>\n<meta property=\"og:description\" content=\"Ben hep gurbet \u015fehirlerinde g\u00fcn bitiminin bir t\u0131ls\u0131m\u0131 oldu\u011funa inan\u0131r\u0131m. Ak\u015fam aya s\u0131rmalar giydirerek sunar geceyi.\" \/>\n<meta property=\"og:url\" content=\"https:\/\/epochtimestr.com\/index.php\/murekkep-lekeli-defter\" \/>\n<meta property=\"og:site_name\" content=\"The Epoch Times TR\" \/>\n<meta property=\"article:publisher\" content=\"https:\/\/www.facebook.com\/theepochtimestr\" \/>\n<meta property=\"article:published_time\" content=\"2026-05-17T05:00:00+00:00\" \/>\n<meta property=\"article:modified_time\" content=\"2026-05-16T19:45:21+00:00\" \/>\n<meta property=\"og:image\" content=\"https:\/\/epochtimestr.com\/wp-content\/uploads\/2011y\/Omer-Karayilan-SM-2.jpg\" \/>\n\t<meta property=\"og:image:width\" content=\"1200\" \/>\n\t<meta property=\"og:image:height\" content=\"630\" \/>\n\t<meta property=\"og:image:type\" content=\"image\/jpeg\" \/>\n<meta name=\"author\" content=\"\u00d6mer Karay\u0131lan\" \/>\n<meta name=\"twitter:card\" content=\"summary_large_image\" \/>\n<meta name=\"twitter:creator\" content=\"@TheEpochTimesTR\" \/>\n<meta name=\"twitter:site\" content=\"@TheEpochTimesTR\" \/>\n<meta name=\"twitter:label1\" content=\"Yazan:\" \/>\n\t<meta name=\"twitter:data1\" content=\"\u00d6mer Karay\u0131lan\" \/>\n\t<meta name=\"twitter:label2\" content=\"Tahmini okuma s\u00fcresi\" \/>\n\t<meta name=\"twitter:data2\" content=\"3 dakika\" \/>\n<script type=\"application\/ld+json\" class=\"yoast-schema-graph\">{\"@context\":\"https:\/\/schema.org\",\"@graph\":[{\"@type\":\"Article\",\"@id\":\"https:\/\/epochtimestr.com\/index.php\/murekkep-lekeli-defter#article\",\"isPartOf\":{\"@id\":\"https:\/\/epochtimestr.com\/index.php\/murekkep-lekeli-defter\"},\"author\":{\"name\":\"\u00d6mer Karay\u0131lan\",\"@id\":\"https:\/\/epochtimestr.com\/#\/schema\/person\/ee101079be4d8fb9fb88cca6784e219b\"},\"headline\":\"M\u00fcrekkep Lekeli Defter\",\"datePublished\":\"2026-05-17T05:00:00+00:00\",\"dateModified\":\"2026-05-16T19:45:21+00:00\",\"mainEntityOfPage\":{\"@id\":\"https:\/\/epochtimestr.com\/index.php\/murekkep-lekeli-defter\"},\"wordCount\":607,\"commentCount\":0,\"publisher\":{\"@id\":\"https:\/\/epochtimestr.com\/#organization\"},\"image\":{\"@id\":\"https:\/\/epochtimestr.com\/index.php\/murekkep-lekeli-defter#primaryimage\"},\"thumbnailUrl\":\"https:\/\/epochtimestr.com\/wp-content\/uploads\/2011y\/Karayilan-Profil.png\",\"articleSection\":[\"K\u00f6\u015fe Yaz\u0131lar\u0131 \u00d6mer Karay\u0131lan\"],\"inLanguage\":\"tr\",\"potentialAction\":[{\"@type\":\"CommentAction\",\"name\":\"Comment\",\"target\":[\"https:\/\/epochtimestr.com\/index.php\/murekkep-lekeli-defter#respond\"]}]},{\"@type\":\"WebPage\",\"@id\":\"https:\/\/epochtimestr.com\/index.php\/murekkep-lekeli-defter\",\"url\":\"https:\/\/epochtimestr.com\/index.php\/murekkep-lekeli-defter\",\"name\":\"M\u00fcrekkep Lekeli Defter - The Epoch Times TR\",\"isPartOf\":{\"@id\":\"https:\/\/epochtimestr.com\/#website\"},\"primaryImageOfPage\":{\"@id\":\"https:\/\/epochtimestr.com\/index.php\/murekkep-lekeli-defter#primaryimage\"},\"image\":{\"@id\":\"https:\/\/epochtimestr.com\/index.php\/murekkep-lekeli-defter#primaryimage\"},\"thumbnailUrl\":\"https:\/\/epochtimestr.com\/wp-content\/uploads\/2011y\/Karayilan-Profil.png\",\"datePublished\":\"2026-05-17T05:00:00+00:00\",\"dateModified\":\"2026-05-16T19:45:21+00:00\",\"description\":\"Ben hep gurbet \u015fehirlerinde g\u00fcn bitiminin bir t\u0131ls\u0131m\u0131 oldu\u011funa inan\u0131r\u0131m. Ak\u015fam aya s\u0131rmalar giydirerek sunar geceyi.\",\"inLanguage\":\"tr\",\"potentialAction\":[{\"@type\":\"ReadAction\",\"target\":[\"https:\/\/epochtimestr.com\/index.php\/murekkep-lekeli-defter\"]}]},{\"@type\":\"ImageObject\",\"inLanguage\":\"tr\",\"@id\":\"https:\/\/epochtimestr.com\/index.php\/murekkep-lekeli-defter#primaryimage\",\"url\":\"https:\/\/epochtimestr.com\/wp-content\/uploads\/2011y\/Karayilan-Profil.png\",\"contentUrl\":\"https:\/\/epochtimestr.com\/wp-content\/uploads\/2011y\/Karayilan-Profil.png\",\"width\":600,\"height\":600},{\"@type\":\"WebSite\",\"@id\":\"https:\/\/epochtimestr.com\/#website\",\"url\":\"https:\/\/epochtimestr.com\/\",\"name\":\"The Epoch Times TR\",\"description\":\"De\u011fi\u015fen D\u00fcnyam\u0131za Taze Bir Bak\u0131\u015f\",\"publisher\":{\"@id\":\"https:\/\/epochtimestr.com\/#organization\"},\"potentialAction\":[{\"@type\":\"SearchAction\",\"target\":{\"@type\":\"EntryPoint\",\"urlTemplate\":\"https:\/\/epochtimestr.com\/?s={search_term_string}\"},\"query-input\":\"required name=search_term_string\"}],\"inLanguage\":\"tr\"},{\"@type\":\"Organization\",\"@id\":\"https:\/\/epochtimestr.com\/#organization\",\"name\":\"The EpochTimes T\u00fcrkiye\",\"url\":\"https:\/\/epochtimestr.com\/\",\"logo\":{\"@type\":\"ImageObject\",\"inLanguage\":\"tr\",\"@id\":\"https:\/\/epochtimestr.com\/#\/schema\/logo\/image\/\",\"url\":\"https:\/\/epochtimestr.com\/wp-content\/uploads\/2011y\/ET-Logo-YG.jpg\",\"contentUrl\":\"https:\/\/epochtimestr.com\/wp-content\/uploads\/2011y\/ET-Logo-YG.jpg\",\"width\":346,\"height\":29,\"caption\":\"The EpochTimes T\u00fcrkiye\"},\"image\":{\"@id\":\"https:\/\/epochtimestr.com\/#\/schema\/logo\/image\/\"},\"sameAs\":[\"https:\/\/www.facebook.com\/theepochtimestr\",\"https:\/\/x.com\/TheEpochTimesTR\",\"https:\/\/www.instagram.com\/epochtimestr\"]},{\"@type\":\"Person\",\"@id\":\"https:\/\/epochtimestr.com\/#\/schema\/person\/ee101079be4d8fb9fb88cca6784e219b\",\"name\":\"\u00d6mer Karay\u0131lan\",\"image\":{\"@type\":\"ImageObject\",\"inLanguage\":\"tr\",\"@id\":\"https:\/\/epochtimestr.com\/#\/schema\/person\/image\/\",\"url\":\"https:\/\/secure.gravatar.com\/avatar\/23a8932f0189c3fe4c0e2731cb5eb5dd?s=96&d=mm&r=g\",\"contentUrl\":\"https:\/\/secure.gravatar.com\/avatar\/23a8932f0189c3fe4c0e2731cb5eb5dd?s=96&d=mm&r=g\",\"caption\":\"\u00d6mer Karay\u0131lan\"},\"url\":\"https:\/\/epochtimestr.com\/index.php\/author\/omer\"}]}<\/script>\n<!-- \/ Yoast SEO plugin. -->","yoast_head_json":{"title":"M\u00fcrekkep Lekeli Defter - The Epoch Times TR","description":"Ben hep gurbet \u015fehirlerinde g\u00fcn bitiminin bir t\u0131ls\u0131m\u0131 oldu\u011funa inan\u0131r\u0131m. Ak\u015fam aya s\u0131rmalar giydirerek sunar geceyi.","robots":{"index":"index","follow":"follow","max-snippet":"max-snippet:-1","max-image-preview":"max-image-preview:large","max-video-preview":"max-video-preview:-1"},"canonical":"https:\/\/epochtimestr.com\/index.php\/murekkep-lekeli-defter","og_locale":"tr_TR","og_type":"article","og_title":"M\u00fcrekkep Lekeli Defter - The Epoch Times TR","og_description":"Ben hep gurbet \u015fehirlerinde g\u00fcn bitiminin bir t\u0131ls\u0131m\u0131 oldu\u011funa inan\u0131r\u0131m. Ak\u015fam aya s\u0131rmalar giydirerek sunar geceyi.","og_url":"https:\/\/epochtimestr.com\/index.php\/murekkep-lekeli-defter","og_site_name":"The Epoch Times TR","article_publisher":"https:\/\/www.facebook.com\/theepochtimestr","article_published_time":"2026-05-17T05:00:00+00:00","article_modified_time":"2026-05-16T19:45:21+00:00","og_image":[{"width":1200,"height":630,"url":"https:\/\/epochtimestr.com\/wp-content\/uploads\/2011y\/Omer-Karayilan-SM-2.jpg","type":"image\/jpeg"}],"author":"\u00d6mer Karay\u0131lan","twitter_card":"summary_large_image","twitter_creator":"@TheEpochTimesTR","twitter_site":"@TheEpochTimesTR","twitter_misc":{"Yazan:":"\u00d6mer Karay\u0131lan","Tahmini okuma s\u00fcresi":"3 dakika"},"schema":{"@context":"https:\/\/schema.org","@graph":[{"@type":"Article","@id":"https:\/\/epochtimestr.com\/index.php\/murekkep-lekeli-defter#article","isPartOf":{"@id":"https:\/\/epochtimestr.com\/index.php\/murekkep-lekeli-defter"},"author":{"name":"\u00d6mer Karay\u0131lan","@id":"https:\/\/epochtimestr.com\/#\/schema\/person\/ee101079be4d8fb9fb88cca6784e219b"},"headline":"M\u00fcrekkep Lekeli Defter","datePublished":"2026-05-17T05:00:00+00:00","dateModified":"2026-05-16T19:45:21+00:00","mainEntityOfPage":{"@id":"https:\/\/epochtimestr.com\/index.php\/murekkep-lekeli-defter"},"wordCount":607,"commentCount":0,"publisher":{"@id":"https:\/\/epochtimestr.com\/#organization"},"image":{"@id":"https:\/\/epochtimestr.com\/index.php\/murekkep-lekeli-defter#primaryimage"},"thumbnailUrl":"https:\/\/epochtimestr.com\/wp-content\/uploads\/2011y\/Karayilan-Profil.png","articleSection":["K\u00f6\u015fe Yaz\u0131lar\u0131 \u00d6mer Karay\u0131lan"],"inLanguage":"tr","potentialAction":[{"@type":"CommentAction","name":"Comment","target":["https:\/\/epochtimestr.com\/index.php\/murekkep-lekeli-defter#respond"]}]},{"@type":"WebPage","@id":"https:\/\/epochtimestr.com\/index.php\/murekkep-lekeli-defter","url":"https:\/\/epochtimestr.com\/index.php\/murekkep-lekeli-defter","name":"M\u00fcrekkep Lekeli Defter - The Epoch Times TR","isPartOf":{"@id":"https:\/\/epochtimestr.com\/#website"},"primaryImageOfPage":{"@id":"https:\/\/epochtimestr.com\/index.php\/murekkep-lekeli-defter#primaryimage"},"image":{"@id":"https:\/\/epochtimestr.com\/index.php\/murekkep-lekeli-defter#primaryimage"},"thumbnailUrl":"https:\/\/epochtimestr.com\/wp-content\/uploads\/2011y\/Karayilan-Profil.png","datePublished":"2026-05-17T05:00:00+00:00","dateModified":"2026-05-16T19:45:21+00:00","description":"Ben hep gurbet \u015fehirlerinde g\u00fcn bitiminin bir t\u0131ls\u0131m\u0131 oldu\u011funa inan\u0131r\u0131m. Ak\u015fam aya s\u0131rmalar giydirerek sunar geceyi.","inLanguage":"tr","potentialAction":[{"@type":"ReadAction","target":["https:\/\/epochtimestr.com\/index.php\/murekkep-lekeli-defter"]}]},{"@type":"ImageObject","inLanguage":"tr","@id":"https:\/\/epochtimestr.com\/index.php\/murekkep-lekeli-defter#primaryimage","url":"https:\/\/epochtimestr.com\/wp-content\/uploads\/2011y\/Karayilan-Profil.png","contentUrl":"https:\/\/epochtimestr.com\/wp-content\/uploads\/2011y\/Karayilan-Profil.png","width":600,"height":600},{"@type":"WebSite","@id":"https:\/\/epochtimestr.com\/#website","url":"https:\/\/epochtimestr.com\/","name":"The Epoch Times TR","description":"De\u011fi\u015fen D\u00fcnyam\u0131za Taze Bir Bak\u0131\u015f","publisher":{"@id":"https:\/\/epochtimestr.com\/#organization"},"potentialAction":[{"@type":"SearchAction","target":{"@type":"EntryPoint","urlTemplate":"https:\/\/epochtimestr.com\/?s={search_term_string}"},"query-input":"required name=search_term_string"}],"inLanguage":"tr"},{"@type":"Organization","@id":"https:\/\/epochtimestr.com\/#organization","name":"The EpochTimes T\u00fcrkiye","url":"https:\/\/epochtimestr.com\/","logo":{"@type":"ImageObject","inLanguage":"tr","@id":"https:\/\/epochtimestr.com\/#\/schema\/logo\/image\/","url":"https:\/\/epochtimestr.com\/wp-content\/uploads\/2011y\/ET-Logo-YG.jpg","contentUrl":"https:\/\/epochtimestr.com\/wp-content\/uploads\/2011y\/ET-Logo-YG.jpg","width":346,"height":29,"caption":"The EpochTimes T\u00fcrkiye"},"image":{"@id":"https:\/\/epochtimestr.com\/#\/schema\/logo\/image\/"},"sameAs":["https:\/\/www.facebook.com\/theepochtimestr","https:\/\/x.com\/TheEpochTimesTR","https:\/\/www.instagram.com\/epochtimestr"]},{"@type":"Person","@id":"https:\/\/epochtimestr.com\/#\/schema\/person\/ee101079be4d8fb9fb88cca6784e219b","name":"\u00d6mer Karay\u0131lan","image":{"@type":"ImageObject","inLanguage":"tr","@id":"https:\/\/epochtimestr.com\/#\/schema\/person\/image\/","url":"https:\/\/secure.gravatar.com\/avatar\/23a8932f0189c3fe4c0e2731cb5eb5dd?s=96&d=mm&r=g","contentUrl":"https:\/\/secure.gravatar.com\/avatar\/23a8932f0189c3fe4c0e2731cb5eb5dd?s=96&d=mm&r=g","caption":"\u00d6mer Karay\u0131lan"},"url":"https:\/\/epochtimestr.com\/index.php\/author\/omer"}]}},"_links":{"self":[{"href":"https:\/\/epochtimestr.com\/index.php\/wp-json\/wp\/v2\/posts\/167316"}],"collection":[{"href":"https:\/\/epochtimestr.com\/index.php\/wp-json\/wp\/v2\/posts"}],"about":[{"href":"https:\/\/epochtimestr.com\/index.php\/wp-json\/wp\/v2\/types\/post"}],"author":[{"embeddable":true,"href":"https:\/\/epochtimestr.com\/index.php\/wp-json\/wp\/v2\/users\/14002"}],"replies":[{"embeddable":true,"href":"https:\/\/epochtimestr.com\/index.php\/wp-json\/wp\/v2\/comments?post=167316"}],"version-history":[{"count":1,"href":"https:\/\/epochtimestr.com\/index.php\/wp-json\/wp\/v2\/posts\/167316\/revisions"}],"predecessor-version":[{"id":167317,"href":"https:\/\/epochtimestr.com\/index.php\/wp-json\/wp\/v2\/posts\/167316\/revisions\/167317"}],"wp:featuredmedia":[{"embeddable":true,"href":"https:\/\/epochtimestr.com\/index.php\/wp-json\/wp\/v2\/media\/161248"}],"wp:attachment":[{"href":"https:\/\/epochtimestr.com\/index.php\/wp-json\/wp\/v2\/media?parent=167316"}],"wp:term":[{"taxonomy":"category","embeddable":true,"href":"https:\/\/epochtimestr.com\/index.php\/wp-json\/wp\/v2\/categories?post=167316"},{"taxonomy":"post_tag","embeddable":true,"href":"https:\/\/epochtimestr.com\/index.php\/wp-json\/wp\/v2\/tags?post=167316"}],"curies":[{"name":"wp","href":"https:\/\/api.w.org\/{rel}","templated":true}]}}