{"id":167318,"date":"2026-05-17T07:00:00","date_gmt":"2026-05-17T04:00:00","guid":{"rendered":"https:\/\/epochtimestr.com\/?p=167318"},"modified":"2026-05-16T23:29:48","modified_gmt":"2026-05-16T20:29:48","slug":"gorunmez-prangalar-madde-bagimliligi","status":"publish","type":"post","link":"https:\/\/epochtimestr.com\/index.php\/gorunmez-prangalar-madde-bagimliligi","title":{"rendered":"G\u00f6r\u00fcnmez Prangalar: Madde Ba\u011f\u0131ml\u0131l\u0131\u011f\u0131"},"content":{"rendered":"\n<p>Sokakta yan\u0131ndan ge\u00e7ip gitti\u011fimiz, bazen kafam\u0131z\u0131 \u00e7evirdi\u011fimiz, bazen de i\u00e7ten i\u00e7e ac\u0131yarak bakt\u0131\u011f\u0131m\u0131z o hayatlar\u2026 Madde ba\u011f\u0131ml\u0131l\u0131\u011f\u0131n\u0131 \u00e7o\u011funlukla \u201cBa\u015fkalar\u0131n\u0131n ba\u015f\u0131na gelen uzak bir felaket\u201d ya da \u201cKi\u015fisel bir iradesizlik\u201d olarak g\u00f6rme e\u011filimindeyiz. Oysa ger\u00e7e\u011fin so\u011fuk y\u00fcz\u00fc bize \u00e7ok ba\u015fka bir \u015fey s\u00f6yl\u00fcyor: ba\u011f\u0131ml\u0131l\u0131k, bir su\u00e7 veya basit bir tercih de\u011fil, modern d\u00fcnyan\u0131n ve toplumsal yaln\u0131zl\u0131\u011f\u0131n ortas\u0131nda patlayan kronik bir hastal\u0131kt\u0131r.<\/p>\n\n\n\n<p>Peki, bir insan nas\u0131l olur da kendi sonunu haz\u0131rlayan bir maddeye teslim olur?<\/p>\n\n\n\n<p><strong>\u0130rade De\u011fil, Bir \u00c7\u0131\u011fl\u0131k<\/strong><\/p>\n\n\n\n<p>Toplum olarak en b\u00fcy\u00fck yan\u0131lg\u0131m\u0131z, ba\u011f\u0131ml\u0131l\u0131\u011f\u0131 bir \u201cahlak veya irade sorunu\u201d olarak kodlamak. Oysa kimse bir sabah uyan\u0131p \u201cBug\u00fcn hayat\u0131m\u0131 mahvetmeye ba\u015flayaca\u011f\u0131m\u201d demez. Ba\u011f\u0131ml\u0131l\u0131\u011f\u0131n arkas\u0131nda genellikle g\u00f6r\u00fclmeyen derin yaralar vard\u0131r:<\/p>\n\n\n\n<ul>\n<li>Aidiyet aray\u0131\u015f\u0131: \u00d6zellikle gen\u00e7 ya\u015flarda bir gruba d\u00e2hil olma arzusu.<\/li>\n\n\n\n<li>G\u00f6r\u00fcnmez ac\u0131lar: Travmalar, aile i\u00e7i \u015fiddet, gelece\u011fe dair derin bir umutsuzluk ve anksiyete.<\/li>\n\n\n\n<li>Yapay bir ka\u00e7\u0131\u015f: Hayat\u0131n ger\u00e7ekleriyle ba\u015f edemeyen zihnin, bulabildi\u011fi en kestirme ac\u0131 kesiciye s\u0131\u011f\u0131nmas\u0131.<\/li>\n<\/ul>\n\n\n\n<p>Yani asl\u0131nda o kimyasal maddeler, ki\u015finin i\u00e7indeki bo\u015flu\u011fu doldurmak i\u00e7in att\u0131\u011f\u0131 sessiz bir \u00e7\u0131\u011fl\u0131kt\u0131r. Ancak trajedi tam da burada ba\u015flar: Ac\u0131y\u0131 dindirmek i\u00e7in se\u00e7ilen ila\u00e7, zamanla ac\u0131n\u0131n ta kendisi haline gelir. Birey, kendi \u00f6zg\u00fcrl\u00fc\u011f\u00fcn\u00fc kendi elleriyle g\u00f6r\u00fcnmez prangalara teslim eder.<\/p>\n\n\n\n<p><strong>Su\u00e7lamak Kolay, Ya \u0130yile\u015ftirmek?<\/strong><\/p>\n\n\n\n<p>Bir ba\u011f\u0131ml\u0131y\u0131 d\u0131\u015flamak, yarg\u0131lamak ve ona \u201ciradesiz\u201d damgas\u0131 vurmak i\u015fin en kolay k\u0131sm\u0131d\u0131r. Zor olan, o insan\u0131 d\u00fc\u015ft\u00fc\u011f\u00fc kuyudan \u00e7ekip \u00e7\u0131karacak b\u00fct\u00fcnc\u00fcl bir sistem kurabilmektir.<\/p>\n\n\n\n<p>\u201cBir zincir, en zay\u0131f halkas\u0131 kadar g\u00fc\u00e7l\u00fcd\u00fcr.\u201d Toplumun huzuru ve sa\u011fl\u0131\u011f\u0131 da en savunmas\u0131z, en k\u0131r\u0131lgan bireylerinin durumuyla \u00f6l\u00e7\u00fcl\u00fcr.<\/p>\n\n\n\n<p>Madde ba\u011f\u0131ml\u0131l\u0131\u011f\u0131yla m\u00fccadele, sadece emniyet g\u00fc\u00e7lerinin ya da hastanelerin (AMATEM vb.) s\u0131rt\u0131na y\u00fcklenecek bir y\u00fck de\u011fildir. Bu m\u00fccadele; ailede ba\u015flar, okulda \u015fekillenir, sokakta ve medyada devam eder.<\/p>\n\n\n\n<p>Aileler, \u00e7ocuklar\u0131yla yarg\u0131lamadan, dinlemeyi bilerek ileti\u015fim kurmal\u0131.<\/p>\n\n\n\n<p>Okullar, sadece akademik ba\u015far\u0131ya de\u011fil, gen\u00e7lerin duygusal dayan\u0131kl\u0131l\u0131\u011f\u0131na da odaklanmal\u0131.<\/p>\n\n\n\n<p>Bizler, yani toplum; tedavi olmu\u015f, temiz bir sayfa a\u00e7mak isteyen bireylere s\u0131rt\u0131m\u0131z\u0131 d\u00f6nmek yerine onlara istihdam ve sosyal alan a\u00e7arak \u201cSeni kabul ediyoruz\u201d diyebilmeliyiz.<\/p>\n\n\n\n<p><strong>Gelece\u011fi Kurtarmak<\/strong><\/p>\n\n\n\n<p>Uyu\u015fturucu ve uyar\u0131c\u0131 maddeler sadece bir ku\u015fa\u011f\u0131 zehirlemiyor; bir \u00fclkenin gelece\u011fini, eme\u011fini ve umudunu \u00e7al\u0131yor. Bu g\u00f6r\u00fcnmez prangalar\u0131 k\u0131rman\u0131n yolu, ba\u011f\u0131ml\u0131 bireyleri d\u00fc\u015fmanla\u015ft\u0131rmaktan de\u011fil onlar\u0131 bu batakl\u0131\u011fa iten nedenleri kurutmaktan ve onlara el uzatmaktan ge\u00e7iyor.<\/p>\n\n\n\n<p>Unutmayal\u0131m; sevgi, ilgi ve samimi bir aidiyet hissi, d\u00fcnyadaki hi\u00e7bir kimyasal\u0131n taklit edemeyece\u011fi en g\u00fc\u00e7l\u00fc panzehirdir. Bug\u00fcn g\u00f6rmezden geldi\u011fimiz her gen\u00e7, yar\u0131n toplumun kalbinde a\u00e7\u0131lacak yeni bir yaran\u0131n habercisidir. G\u00f6zlerimizi kapatarak sadece kendimizi kand\u0131r\u0131r\u0131z. \u015eimdi g\u00f6zlerimizi a\u00e7ma ve el uzatma vaktidir.<\/p>\n","protected":false},"excerpt":{"rendered":"<p>Sokakta yan\u0131ndan ge\u00e7ip gitti\u011fimiz, bazen kafam\u0131z\u0131 \u00e7evirdi\u011fimiz, bazen de i\u00e7ten i\u00e7e ac\u0131yarak bakt\u0131\u011f\u0131m\u0131z o hayatlar\u2026 Madde ba\u011f\u0131ml\u0131l\u0131\u011f\u0131n\u0131 \u00e7o\u011funlukla \u201cBa\u015fkalar\u0131n\u0131n ba\u015f\u0131na gelen uzak bir felaket\u201d ya da \u201cKi\u015fisel bir iradesizlik\u201d olarak g\u00f6rme e\u011filimindeyiz. Oysa ger\u00e7e\u011fin so\u011fuk y\u00fcz\u00fc bize \u00e7ok ba\u015fka bir \u015fey s\u00f6yl\u00fcyor: ba\u011f\u0131ml\u0131l\u0131k, bir su\u00e7 veya basit bir tercih de\u011fil, modern d\u00fcnyan\u0131n ve toplumsal yaln\u0131zl\u0131\u011f\u0131n [&hellip;]<\/p>\n","protected":false},"author":14013,"featured_media":167144,"comment_status":"open","ping_status":"open","sticky":false,"template":"","format":"standard","meta":{"_yoast_wpseo_focuskw":"Madde ba\u011f\u0131ml\u0131l\u0131\u011f\u0131","_yoast_wpseo_title":"","_yoast_wpseo_metadesc":"Madde ba\u011f\u0131ml\u0131l\u0131\u011f\u0131n\u0131 \u00e7o\u011funlukla \u201cBa\u015fkalar\u0131n\u0131n ba\u015f\u0131na gelen uzak bir felaket\u201d ya da \u201cKi\u015fisel bir iradesizlik\u201d olarak g\u00f6rme e\u011filimindeyiz.","_bbp_topic_count":0,"_bbp_reply_count":0,"_bbp_total_topic_count":0,"_bbp_total_reply_count":0,"_bbp_voice_count":0,"_bbp_anonymous_reply_count":0,"_bbp_topic_count_hidden":0,"_bbp_reply_count_hidden":0,"_bbp_forum_subforum_count":0,"footnotes":"","_yoast_wpseo_focuskw_text_input":""},"categories":[11361],"tags":[],"yoast_head":"<!-- This site is optimized with the Yoast SEO plugin v23.0 - https:\/\/yoast.com\/wordpress\/plugins\/seo\/ -->\n<title>G\u00f6r\u00fcnmez Prangalar: Madde Ba\u011f\u0131ml\u0131l\u0131\u011f\u0131 - The Epoch Times TR<\/title>\n<meta name=\"description\" content=\"Madde ba\u011f\u0131ml\u0131l\u0131\u011f\u0131n\u0131 \u00e7o\u011funlukla \u201cBa\u015fkalar\u0131n\u0131n ba\u015f\u0131na gelen uzak bir felaket\u201d ya da \u201cKi\u015fisel bir iradesizlik\u201d olarak g\u00f6rme e\u011filimindeyiz.\" \/>\n<meta name=\"robots\" content=\"index, follow, max-snippet:-1, max-image-preview:large, max-video-preview:-1\" \/>\n<link rel=\"canonical\" href=\"https:\/\/epochtimestr.com\/index.php\/gorunmez-prangalar-madde-bagimliligi\" \/>\n<meta property=\"og:locale\" content=\"tr_TR\" \/>\n<meta property=\"og:type\" content=\"article\" \/>\n<meta property=\"og:title\" content=\"G\u00f6r\u00fcnmez Prangalar: Madde Ba\u011f\u0131ml\u0131l\u0131\u011f\u0131 - The Epoch Times TR\" \/>\n<meta property=\"og:description\" content=\"Madde ba\u011f\u0131ml\u0131l\u0131\u011f\u0131n\u0131 \u00e7o\u011funlukla \u201cBa\u015fkalar\u0131n\u0131n ba\u015f\u0131na gelen uzak bir felaket\u201d ya da \u201cKi\u015fisel bir iradesizlik\u201d olarak g\u00f6rme e\u011filimindeyiz.\" \/>\n<meta property=\"og:url\" content=\"https:\/\/epochtimestr.com\/index.php\/gorunmez-prangalar-madde-bagimliligi\" \/>\n<meta property=\"og:site_name\" content=\"The Epoch Times TR\" \/>\n<meta property=\"article:publisher\" content=\"https:\/\/www.facebook.com\/theepochtimestr\" \/>\n<meta property=\"article:published_time\" content=\"2026-05-17T04:00:00+00:00\" \/>\n<meta property=\"article:modified_time\" content=\"2026-05-16T20:29:48+00:00\" \/>\n<meta property=\"og:image\" content=\"https:\/\/epochtimestr.com\/wp-content\/uploads\/2011y\/ali-kekliktepe-SM.jpeg\" \/>\n\t<meta property=\"og:image:width\" content=\"1200\" \/>\n\t<meta property=\"og:image:height\" content=\"630\" \/>\n\t<meta property=\"og:image:type\" content=\"image\/jpeg\" \/>\n<meta name=\"author\" content=\"Ali Kekliktepe\" \/>\n<meta name=\"twitter:card\" content=\"summary_large_image\" \/>\n<meta name=\"twitter:creator\" content=\"@TheEpochTimesTR\" \/>\n<meta name=\"twitter:site\" content=\"@TheEpochTimesTR\" \/>\n<meta name=\"twitter:label1\" content=\"Yazan:\" \/>\n\t<meta name=\"twitter:data1\" content=\"Ali Kekliktepe\" \/>\n\t<meta name=\"twitter:label2\" content=\"Tahmini okuma s\u00fcresi\" \/>\n\t<meta name=\"twitter:data2\" content=\"3 dakika\" \/>\n<script type=\"application\/ld+json\" class=\"yoast-schema-graph\">{\"@context\":\"https:\/\/schema.org\",\"@graph\":[{\"@type\":\"Article\",\"@id\":\"https:\/\/epochtimestr.com\/index.php\/gorunmez-prangalar-madde-bagimliligi#article\",\"isPartOf\":{\"@id\":\"https:\/\/epochtimestr.com\/index.php\/gorunmez-prangalar-madde-bagimliligi\"},\"author\":{\"name\":\"Ali Kekliktepe\",\"@id\":\"https:\/\/epochtimestr.com\/#\/schema\/person\/da94a416fed1aed029d0a47e85673b95\"},\"headline\":\"G\u00f6r\u00fcnmez Prangalar: Madde Ba\u011f\u0131ml\u0131l\u0131\u011f\u0131\",\"datePublished\":\"2026-05-17T04:00:00+00:00\",\"dateModified\":\"2026-05-16T20:29:48+00:00\",\"mainEntityOfPage\":{\"@id\":\"https:\/\/epochtimestr.com\/index.php\/gorunmez-prangalar-madde-bagimliligi\"},\"wordCount\":565,\"commentCount\":0,\"publisher\":{\"@id\":\"https:\/\/epochtimestr.com\/#organization\"},\"image\":{\"@id\":\"https:\/\/epochtimestr.com\/index.php\/gorunmez-prangalar-madde-bagimliligi#primaryimage\"},\"thumbnailUrl\":\"https:\/\/epochtimestr.com\/wp-content\/uploads\/2011y\/Ali-Kekliktepe.jpg\",\"articleSection\":[\"K\u00f6\u015fe Yaz\u0131lar\u0131 Ali Kekliktepe\"],\"inLanguage\":\"tr\",\"potentialAction\":[{\"@type\":\"CommentAction\",\"name\":\"Comment\",\"target\":[\"https:\/\/epochtimestr.com\/index.php\/gorunmez-prangalar-madde-bagimliligi#respond\"]}]},{\"@type\":\"WebPage\",\"@id\":\"https:\/\/epochtimestr.com\/index.php\/gorunmez-prangalar-madde-bagimliligi\",\"url\":\"https:\/\/epochtimestr.com\/index.php\/gorunmez-prangalar-madde-bagimliligi\",\"name\":\"G\u00f6r\u00fcnmez Prangalar: Madde Ba\u011f\u0131ml\u0131l\u0131\u011f\u0131 - The Epoch Times TR\",\"isPartOf\":{\"@id\":\"https:\/\/epochtimestr.com\/#website\"},\"primaryImageOfPage\":{\"@id\":\"https:\/\/epochtimestr.com\/index.php\/gorunmez-prangalar-madde-bagimliligi#primaryimage\"},\"image\":{\"@id\":\"https:\/\/epochtimestr.com\/index.php\/gorunmez-prangalar-madde-bagimliligi#primaryimage\"},\"thumbnailUrl\":\"https:\/\/epochtimestr.com\/wp-content\/uploads\/2011y\/Ali-Kekliktepe.jpg\",\"datePublished\":\"2026-05-17T04:00:00+00:00\",\"dateModified\":\"2026-05-16T20:29:48+00:00\",\"description\":\"Madde ba\u011f\u0131ml\u0131l\u0131\u011f\u0131n\u0131 \u00e7o\u011funlukla \u201cBa\u015fkalar\u0131n\u0131n ba\u015f\u0131na gelen uzak bir felaket\u201d ya da \u201cKi\u015fisel bir iradesizlik\u201d olarak g\u00f6rme e\u011filimindeyiz.\",\"inLanguage\":\"tr\",\"potentialAction\":[{\"@type\":\"ReadAction\",\"target\":[\"https:\/\/epochtimestr.com\/index.php\/gorunmez-prangalar-madde-bagimliligi\"]}]},{\"@type\":\"ImageObject\",\"inLanguage\":\"tr\",\"@id\":\"https:\/\/epochtimestr.com\/index.php\/gorunmez-prangalar-madde-bagimliligi#primaryimage\",\"url\":\"https:\/\/epochtimestr.com\/wp-content\/uploads\/2011y\/Ali-Kekliktepe.jpg\",\"contentUrl\":\"https:\/\/epochtimestr.com\/wp-content\/uploads\/2011y\/Ali-Kekliktepe.jpg\",\"width\":600,\"height\":600},{\"@type\":\"WebSite\",\"@id\":\"https:\/\/epochtimestr.com\/#website\",\"url\":\"https:\/\/epochtimestr.com\/\",\"name\":\"The Epoch Times TR\",\"description\":\"De\u011fi\u015fen D\u00fcnyam\u0131za Taze Bir Bak\u0131\u015f\",\"publisher\":{\"@id\":\"https:\/\/epochtimestr.com\/#organization\"},\"potentialAction\":[{\"@type\":\"SearchAction\",\"target\":{\"@type\":\"EntryPoint\",\"urlTemplate\":\"https:\/\/epochtimestr.com\/?s={search_term_string}\"},\"query-input\":\"required name=search_term_string\"}],\"inLanguage\":\"tr\"},{\"@type\":\"Organization\",\"@id\":\"https:\/\/epochtimestr.com\/#organization\",\"name\":\"The EpochTimes T\u00fcrkiye\",\"url\":\"https:\/\/epochtimestr.com\/\",\"logo\":{\"@type\":\"ImageObject\",\"inLanguage\":\"tr\",\"@id\":\"https:\/\/epochtimestr.com\/#\/schema\/logo\/image\/\",\"url\":\"https:\/\/epochtimestr.com\/wp-content\/uploads\/2011y\/ET-Logo-YG.jpg\",\"contentUrl\":\"https:\/\/epochtimestr.com\/wp-content\/uploads\/2011y\/ET-Logo-YG.jpg\",\"width\":346,\"height\":29,\"caption\":\"The EpochTimes T\u00fcrkiye\"},\"image\":{\"@id\":\"https:\/\/epochtimestr.com\/#\/schema\/logo\/image\/\"},\"sameAs\":[\"https:\/\/www.facebook.com\/theepochtimestr\",\"https:\/\/x.com\/TheEpochTimesTR\",\"https:\/\/www.instagram.com\/epochtimestr\"]},{\"@type\":\"Person\",\"@id\":\"https:\/\/epochtimestr.com\/#\/schema\/person\/da94a416fed1aed029d0a47e85673b95\",\"name\":\"Ali Kekliktepe\",\"image\":{\"@type\":\"ImageObject\",\"inLanguage\":\"tr\",\"@id\":\"https:\/\/epochtimestr.com\/#\/schema\/person\/image\/\",\"url\":\"https:\/\/secure.gravatar.com\/avatar\/6c965c3fc374c8f4af759baef4f38bcd?s=96&d=mm&r=g\",\"contentUrl\":\"https:\/\/secure.gravatar.com\/avatar\/6c965c3fc374c8f4af759baef4f38bcd?s=96&d=mm&r=g\",\"caption\":\"Ali Kekliktepe\"},\"description\":\"Ben Ali Kekliktepe; hayat\u0131n\u0131 \u00f6\u011frenmeye, \u00f6\u011fretmeye ve toplumsal fayda yaratmaya adam\u0131\u015f bir yazar ve profesyonelim. Kalemi sadece ka\u011f\u0131da dokunan bir ara\u00e7 de\u011fil, toplumun aksayan y\u00f6nlerine \u015fifa olan bir enstr\u00fcman olarak g\u00f6r\u00fcyorum.\",\"sameAs\":[\"https:\/\/alikekliktepemersin33.blogspot.com\/\"],\"url\":\"https:\/\/epochtimestr.com\/index.php\/author\/ali\"}]}<\/script>\n<!-- \/ Yoast SEO plugin. -->","yoast_head_json":{"title":"G\u00f6r\u00fcnmez Prangalar: Madde Ba\u011f\u0131ml\u0131l\u0131\u011f\u0131 - The Epoch Times TR","description":"Madde ba\u011f\u0131ml\u0131l\u0131\u011f\u0131n\u0131 \u00e7o\u011funlukla \u201cBa\u015fkalar\u0131n\u0131n ba\u015f\u0131na gelen uzak bir felaket\u201d ya da \u201cKi\u015fisel bir iradesizlik\u201d olarak g\u00f6rme e\u011filimindeyiz.","robots":{"index":"index","follow":"follow","max-snippet":"max-snippet:-1","max-image-preview":"max-image-preview:large","max-video-preview":"max-video-preview:-1"},"canonical":"https:\/\/epochtimestr.com\/index.php\/gorunmez-prangalar-madde-bagimliligi","og_locale":"tr_TR","og_type":"article","og_title":"G\u00f6r\u00fcnmez Prangalar: Madde Ba\u011f\u0131ml\u0131l\u0131\u011f\u0131 - The Epoch Times TR","og_description":"Madde ba\u011f\u0131ml\u0131l\u0131\u011f\u0131n\u0131 \u00e7o\u011funlukla \u201cBa\u015fkalar\u0131n\u0131n ba\u015f\u0131na gelen uzak bir felaket\u201d ya da \u201cKi\u015fisel bir iradesizlik\u201d olarak g\u00f6rme e\u011filimindeyiz.","og_url":"https:\/\/epochtimestr.com\/index.php\/gorunmez-prangalar-madde-bagimliligi","og_site_name":"The Epoch Times TR","article_publisher":"https:\/\/www.facebook.com\/theepochtimestr","article_published_time":"2026-05-17T04:00:00+00:00","article_modified_time":"2026-05-16T20:29:48+00:00","og_image":[{"width":1200,"height":630,"url":"https:\/\/epochtimestr.com\/wp-content\/uploads\/2011y\/ali-kekliktepe-SM.jpeg","type":"image\/jpeg"}],"author":"Ali Kekliktepe","twitter_card":"summary_large_image","twitter_creator":"@TheEpochTimesTR","twitter_site":"@TheEpochTimesTR","twitter_misc":{"Yazan:":"Ali Kekliktepe","Tahmini okuma s\u00fcresi":"3 dakika"},"schema":{"@context":"https:\/\/schema.org","@graph":[{"@type":"Article","@id":"https:\/\/epochtimestr.com\/index.php\/gorunmez-prangalar-madde-bagimliligi#article","isPartOf":{"@id":"https:\/\/epochtimestr.com\/index.php\/gorunmez-prangalar-madde-bagimliligi"},"author":{"name":"Ali Kekliktepe","@id":"https:\/\/epochtimestr.com\/#\/schema\/person\/da94a416fed1aed029d0a47e85673b95"},"headline":"G\u00f6r\u00fcnmez Prangalar: Madde Ba\u011f\u0131ml\u0131l\u0131\u011f\u0131","datePublished":"2026-05-17T04:00:00+00:00","dateModified":"2026-05-16T20:29:48+00:00","mainEntityOfPage":{"@id":"https:\/\/epochtimestr.com\/index.php\/gorunmez-prangalar-madde-bagimliligi"},"wordCount":565,"commentCount":0,"publisher":{"@id":"https:\/\/epochtimestr.com\/#organization"},"image":{"@id":"https:\/\/epochtimestr.com\/index.php\/gorunmez-prangalar-madde-bagimliligi#primaryimage"},"thumbnailUrl":"https:\/\/epochtimestr.com\/wp-content\/uploads\/2011y\/Ali-Kekliktepe.jpg","articleSection":["K\u00f6\u015fe Yaz\u0131lar\u0131 Ali Kekliktepe"],"inLanguage":"tr","potentialAction":[{"@type":"CommentAction","name":"Comment","target":["https:\/\/epochtimestr.com\/index.php\/gorunmez-prangalar-madde-bagimliligi#respond"]}]},{"@type":"WebPage","@id":"https:\/\/epochtimestr.com\/index.php\/gorunmez-prangalar-madde-bagimliligi","url":"https:\/\/epochtimestr.com\/index.php\/gorunmez-prangalar-madde-bagimliligi","name":"G\u00f6r\u00fcnmez Prangalar: Madde Ba\u011f\u0131ml\u0131l\u0131\u011f\u0131 - The Epoch Times TR","isPartOf":{"@id":"https:\/\/epochtimestr.com\/#website"},"primaryImageOfPage":{"@id":"https:\/\/epochtimestr.com\/index.php\/gorunmez-prangalar-madde-bagimliligi#primaryimage"},"image":{"@id":"https:\/\/epochtimestr.com\/index.php\/gorunmez-prangalar-madde-bagimliligi#primaryimage"},"thumbnailUrl":"https:\/\/epochtimestr.com\/wp-content\/uploads\/2011y\/Ali-Kekliktepe.jpg","datePublished":"2026-05-17T04:00:00+00:00","dateModified":"2026-05-16T20:29:48+00:00","description":"Madde ba\u011f\u0131ml\u0131l\u0131\u011f\u0131n\u0131 \u00e7o\u011funlukla \u201cBa\u015fkalar\u0131n\u0131n ba\u015f\u0131na gelen uzak bir felaket\u201d ya da \u201cKi\u015fisel bir iradesizlik\u201d olarak g\u00f6rme e\u011filimindeyiz.","inLanguage":"tr","potentialAction":[{"@type":"ReadAction","target":["https:\/\/epochtimestr.com\/index.php\/gorunmez-prangalar-madde-bagimliligi"]}]},{"@type":"ImageObject","inLanguage":"tr","@id":"https:\/\/epochtimestr.com\/index.php\/gorunmez-prangalar-madde-bagimliligi#primaryimage","url":"https:\/\/epochtimestr.com\/wp-content\/uploads\/2011y\/Ali-Kekliktepe.jpg","contentUrl":"https:\/\/epochtimestr.com\/wp-content\/uploads\/2011y\/Ali-Kekliktepe.jpg","width":600,"height":600},{"@type":"WebSite","@id":"https:\/\/epochtimestr.com\/#website","url":"https:\/\/epochtimestr.com\/","name":"The Epoch Times TR","description":"De\u011fi\u015fen D\u00fcnyam\u0131za Taze Bir Bak\u0131\u015f","publisher":{"@id":"https:\/\/epochtimestr.com\/#organization"},"potentialAction":[{"@type":"SearchAction","target":{"@type":"EntryPoint","urlTemplate":"https:\/\/epochtimestr.com\/?s={search_term_string}"},"query-input":"required name=search_term_string"}],"inLanguage":"tr"},{"@type":"Organization","@id":"https:\/\/epochtimestr.com\/#organization","name":"The EpochTimes T\u00fcrkiye","url":"https:\/\/epochtimestr.com\/","logo":{"@type":"ImageObject","inLanguage":"tr","@id":"https:\/\/epochtimestr.com\/#\/schema\/logo\/image\/","url":"https:\/\/epochtimestr.com\/wp-content\/uploads\/2011y\/ET-Logo-YG.jpg","contentUrl":"https:\/\/epochtimestr.com\/wp-content\/uploads\/2011y\/ET-Logo-YG.jpg","width":346,"height":29,"caption":"The EpochTimes T\u00fcrkiye"},"image":{"@id":"https:\/\/epochtimestr.com\/#\/schema\/logo\/image\/"},"sameAs":["https:\/\/www.facebook.com\/theepochtimestr","https:\/\/x.com\/TheEpochTimesTR","https:\/\/www.instagram.com\/epochtimestr"]},{"@type":"Person","@id":"https:\/\/epochtimestr.com\/#\/schema\/person\/da94a416fed1aed029d0a47e85673b95","name":"Ali Kekliktepe","image":{"@type":"ImageObject","inLanguage":"tr","@id":"https:\/\/epochtimestr.com\/#\/schema\/person\/image\/","url":"https:\/\/secure.gravatar.com\/avatar\/6c965c3fc374c8f4af759baef4f38bcd?s=96&d=mm&r=g","contentUrl":"https:\/\/secure.gravatar.com\/avatar\/6c965c3fc374c8f4af759baef4f38bcd?s=96&d=mm&r=g","caption":"Ali Kekliktepe"},"description":"Ben Ali Kekliktepe; hayat\u0131n\u0131 \u00f6\u011frenmeye, \u00f6\u011fretmeye ve toplumsal fayda yaratmaya adam\u0131\u015f bir yazar ve profesyonelim. Kalemi sadece ka\u011f\u0131da dokunan bir ara\u00e7 de\u011fil, toplumun aksayan y\u00f6nlerine \u015fifa olan bir enstr\u00fcman olarak g\u00f6r\u00fcyorum.","sameAs":["https:\/\/alikekliktepemersin33.blogspot.com\/"],"url":"https:\/\/epochtimestr.com\/index.php\/author\/ali"}]}},"_links":{"self":[{"href":"https:\/\/epochtimestr.com\/index.php\/wp-json\/wp\/v2\/posts\/167318"}],"collection":[{"href":"https:\/\/epochtimestr.com\/index.php\/wp-json\/wp\/v2\/posts"}],"about":[{"href":"https:\/\/epochtimestr.com\/index.php\/wp-json\/wp\/v2\/types\/post"}],"author":[{"embeddable":true,"href":"https:\/\/epochtimestr.com\/index.php\/wp-json\/wp\/v2\/users\/14013"}],"replies":[{"embeddable":true,"href":"https:\/\/epochtimestr.com\/index.php\/wp-json\/wp\/v2\/comments?post=167318"}],"version-history":[{"count":1,"href":"https:\/\/epochtimestr.com\/index.php\/wp-json\/wp\/v2\/posts\/167318\/revisions"}],"predecessor-version":[{"id":167319,"href":"https:\/\/epochtimestr.com\/index.php\/wp-json\/wp\/v2\/posts\/167318\/revisions\/167319"}],"wp:featuredmedia":[{"embeddable":true,"href":"https:\/\/epochtimestr.com\/index.php\/wp-json\/wp\/v2\/media\/167144"}],"wp:attachment":[{"href":"https:\/\/epochtimestr.com\/index.php\/wp-json\/wp\/v2\/media?parent=167318"}],"wp:term":[{"taxonomy":"category","embeddable":true,"href":"https:\/\/epochtimestr.com\/index.php\/wp-json\/wp\/v2\/categories?post=167318"},{"taxonomy":"post_tag","embeddable":true,"href":"https:\/\/epochtimestr.com\/index.php\/wp-json\/wp\/v2\/tags?post=167318"}],"curies":[{"name":"wp","href":"https:\/\/api.w.org\/{rel}","templated":true}]}}