{"id":167335,"date":"2026-05-18T15:24:01","date_gmt":"2026-05-18T12:24:01","guid":{"rendered":"https:\/\/epochtimestr.com\/?p=167335"},"modified":"2026-05-18T15:24:03","modified_gmt":"2026-05-18T12:24:03","slug":"kolombiyali-is-insani-alex-saab-abdye-iade-edildi","status":"publish","type":"post","link":"https:\/\/epochtimestr.com\/index.php\/kolombiyali-is-insani-alex-saab-abdye-iade-edildi","title":{"rendered":"Kolombiyal\u0131 \u0130\u015f \u0130nsan\u0131 Alex Saab ABD\u2019ye \u0130ade Edildi"},"content":{"rendered":"<div class=\"wp-block-image\">\n<figure class=\"aligncenter size-large\"><img loading=\"lazy\" decoding=\"async\" width=\"1801\" height=\"1200\" src=\"https:\/\/epochtimestr.com\/wp-content\/uploads\/2011y\/1000038920-1801x1200.jpg\" alt=\"\" class=\"wp-image-167336\" srcset=\"https:\/\/epochtimestr.com\/wp-content\/uploads\/2011y\/1000038920-1801x1200.jpg 1801w, https:\/\/epochtimestr.com\/wp-content\/uploads\/2011y\/1000038920-300x200.jpg 300w, https:\/\/epochtimestr.com\/wp-content\/uploads\/2011y\/1000038920-150x100.jpg 150w, https:\/\/epochtimestr.com\/wp-content\/uploads\/2011y\/1000038920-768x512.jpg 768w, https:\/\/epochtimestr.com\/wp-content\/uploads\/2011y\/1000038920-1536x1023.jpg 1536w, https:\/\/epochtimestr.com\/wp-content\/uploads\/2011y\/1000038920.jpg 1920w\" sizes=\"(max-width: 1801px) 100vw, 1801px\" \/><figcaption class=\"wp-element-caption\">Alex Saab e\u015fi Camilla Fabri ile. 2003. (Foto\u011fraf: Wikimedia)<\/figcaption><\/figure><\/div>\n\n\n<p>Venez\u00fcella eski lideri Nicol\u00e1s Maduro\u2019nun yak\u0131n i\u015f orta\u011f\u0131 Kolombiyal\u0131 i\u015f insan\u0131 Alex Saab, 16 May\u0131s 2026 tarihinde ABD\u2019ye iade edildi. <a href=\"https:\/\/www.theepochtimes.com\/us\/maduro-ally-alex-saab-extradited-to-us-from-venezuela-6026970\" target=\"_blank\" rel=\"noreferrer noopener\">Venezuela<\/a> G\u00f6\u00e7 ve Yabanc\u0131lar \u0130daresi, bu i\u015flemi do\u011frulad\u0131.<\/p>\n\n\n\n<p>Venezuela y\u00f6netimi, Saab\u2019\u0131n ABD\u2019de \u00e7e\u015fitli su\u00e7lara kar\u0131\u015ft\u0131\u011f\u0131 gerek\u00e7esiyle iade edildi\u011fini a\u00e7\u0131klad\u0131. Saab, Maduro taraf\u0131ndan Ekim 2024\u2019te \u00dcretim ve Sanayi Bakan\u0131 olmu\u015f, ancak Ocak ay\u0131nda Delcy Rodr\u00edguez onu g\u00f6revden alm\u0131\u015ft\u0131.<\/p>\n\n\n\n<p>Biden y\u00f6netimi 2023\u2019te Venezuela\u2019da tutuklu bulunan Amerikal\u0131lar kar\u015f\u0131l\u0131\u011f\u0131nda Saab&#8217;\u0131 serbest b\u0131rakm\u0131\u015ft\u0131. ABD Ba\u015fkan\u0131 Joe Biden, 15 Aral\u0131k 2023 tarihinde Saab\u2019a 30 tutuklu kar\u015f\u0131l\u0131\u011f\u0131nda serbestlik tan\u0131m\u0131\u015ft\u0131.<\/p>\n\n\n\n<p>ABD yetkilileri, Saab\u2019\u0131n ve Kolombiyal\u0131 i\u015f orta\u011f\u0131 Alvaro Pulido Vargas\u2019\u0131n, Venezuela h\u00fck\u00fcmetiyle ba\u011flant\u0131l\u0131 doland\u0131r\u0131c\u0131l\u0131k ve kara para aklama su\u00e7lamalar\u0131yla 2019\u2019da su\u00e7land\u0131\u011f\u0131n\u0131 belirtti. \u0130ddialara g\u00f6re ikili, \u00f6zellikle d\u00fc\u015f\u00fck gelirli konut projeleri i\u00e7in al\u0131nan h\u00fck\u00fcmet s\u00f6zle\u015fmesini k\u00f6t\u00fcye kullanm\u0131\u015ft\u0131.<\/p>\n\n\n\n<p>Saab ve Vargas\u2019\u0131n sahte ithalat belgeleriyle teslim edilmeyen \u00fcr\u00fcnler \u00fczerinden ABD dolar\u0131na eri\u015fim sa\u011flad\u0131. Ard\u0131ndan yakla\u015f\u0131k 350 milyon dolar\u0131 yurt d\u0131\u015f\u0131ndaki hesaplara aktard\u0131.<\/p>\n\n\n\n<p>Ayr\u0131ca Cabo Verde, Haziran 2020\u2019de Saab&#8217;\u0131 tutuklam\u0131\u015f, uzun s\u00fcren hukuki s\u00fcre\u00e7 sonras\u0131 ABD\u2019ye iade etmi\u015fti. O d\u00f6nemde Senat\u00f6r Marco Rubio, Saab\u2019\u0131 Maduro rejiminin \u201cpara sorumlusu\u201d olarak tan\u0131mlam\u0131\u015ft\u0131. Rubio, Saab\u2019\u0131n Maduro\u2019nun yolsuzluk ve kara para aklama operasyonunun ba\u015f mimar\u0131 oldu\u011funu a\u00e7\u0131klam\u0131\u015ft\u0131.<\/p>\n\n\n\n<p><strong>ABD-Venezuela<\/strong> <strong>\u0130li\u015fkilerinde Geli\u015fmeler<\/strong><\/p>\n\n\n\n<p>Maduro, halen federal d\u00fczeyde uyu\u015fturucu ve ter\u00f6r ba\u011flant\u0131l\u0131 su\u00e7lamalarla yarg\u0131lanmay\u0131 bekliyor. Nisan ay\u0131nda ABD, Venezuela&#8217;n\u0131n yasal masraflar\u0131 \u00f6demesi i\u00e7in yapt\u0131r\u0131mlar\u0131 hafifletti. B\u00f6ylece, Maduro h\u00fck\u00fcmetinin uluslararas\u0131 hukuk \u00e7er\u00e7evesinde \u00f6deme yapabilmesine olanak sa\u011flad\u0131.<\/p>\n\n\n\n<p>Saab\u2019\u0131n iadesi, <a href=\"https:\/\/epochtimestr.com\/index.php\/american-airlines-venezuela-ucuslarina-donuyor\" target=\"_blank\" rel=\"noreferrer noopener\">ABD ile Venezuela<\/a> aras\u0131ndaki ili\u015fkilerde dikkatle izlenen bir ad\u0131m oldu. Bu s\u00fcre\u00e7 ayr\u0131ca, Venezuela\u2019daki siyasi ve hukuki durumun uluslararas\u0131 boyutunu yeniden g\u00fcndeme getirdi.<\/p>\n","protected":false},"excerpt":{"rendered":"<p>Venez\u00fcella eski lideri Nicol\u00e1s Maduro\u2019nun yak\u0131n i\u015f orta\u011f\u0131 Kolombiyal\u0131 i\u015f insan\u0131 Alex Saab, 16 May\u0131s 2026 tarihinde ABD\u2019ye iade edildi. Venezuela G\u00f6\u00e7 ve Yabanc\u0131lar \u0130daresi, bu i\u015flemi do\u011frulad\u0131. Venezuela y\u00f6netimi, Saab\u2019\u0131n ABD\u2019de \u00e7e\u015fitli su\u00e7lara kar\u0131\u015ft\u0131\u011f\u0131 gerek\u00e7esiyle iade edildi\u011fini a\u00e7\u0131klad\u0131. Saab, Maduro taraf\u0131ndan Ekim 2024\u2019te \u00dcretim ve Sanayi Bakan\u0131 olmu\u015f, ancak Ocak ay\u0131nda Delcy Rodr\u00edguez onu [&hellip;]<\/p>\n","protected":false},"author":13996,"featured_media":167336,"comment_status":"open","ping_status":"open","sticky":false,"template":"","format":"standard","meta":{"_yoast_wpseo_focuskw":"Alex Saab","_yoast_wpseo_title":"","_yoast_wpseo_metadesc":"Venezuela eski lideri Nicol\u00e1s Maduro\u2019nun yak\u0131n i\u015f orta\u011f\u0131 Kolombiyal\u0131 i\u015f insan\u0131 Alex Saab, 16 May\u0131s 2026 tarihinde ABD\u2019ye iade edildi.","_bbp_topic_count":0,"_bbp_reply_count":0,"_bbp_total_topic_count":0,"_bbp_total_reply_count":0,"_bbp_voice_count":0,"_bbp_anonymous_reply_count":0,"_bbp_topic_count_hidden":0,"_bbp_reply_count_hidden":0,"_bbp_forum_subforum_count":0,"footnotes":"","_yoast_wpseo_focuskw_text_input":""},"categories":[5,1,8138],"tags":[9996,11401,9273,8598,5764],"yoast_head":"<!-- This site is optimized with the Yoast SEO plugin v23.0 - https:\/\/yoast.com\/wordpress\/plugins\/seo\/ -->\n<title>Kolombiyal\u0131 \u0130\u015f \u0130nsan\u0131 Alex Saab ABD\u2019ye \u0130ade Edildi - The Epoch Times TR<\/title>\n<meta name=\"description\" content=\"Venezuela eski lideri Nicol\u00e1s Maduro\u2019nun yak\u0131n i\u015f orta\u011f\u0131 Kolombiyal\u0131 i\u015f insan\u0131 Alex Saab, 16 May\u0131s 2026 tarihinde ABD\u2019ye iade edildi.\" \/>\n<meta name=\"robots\" content=\"index, follow, max-snippet:-1, max-image-preview:large, max-video-preview:-1\" \/>\n<link rel=\"canonical\" href=\"https:\/\/epochtimestr.com\/index.php\/kolombiyali-is-insani-alex-saab-abdye-iade-edildi\" \/>\n<meta property=\"og:locale\" content=\"tr_TR\" \/>\n<meta property=\"og:type\" content=\"article\" \/>\n<meta property=\"og:title\" content=\"Kolombiyal\u0131 \u0130\u015f \u0130nsan\u0131 Alex Saab ABD\u2019ye \u0130ade Edildi - The Epoch Times TR\" \/>\n<meta property=\"og:description\" content=\"Venezuela eski lideri Nicol\u00e1s Maduro\u2019nun yak\u0131n i\u015f orta\u011f\u0131 Kolombiyal\u0131 i\u015f insan\u0131 Alex Saab, 16 May\u0131s 2026 tarihinde ABD\u2019ye iade edildi.\" \/>\n<meta property=\"og:url\" content=\"https:\/\/epochtimestr.com\/index.php\/kolombiyali-is-insani-alex-saab-abdye-iade-edildi\" \/>\n<meta property=\"og:site_name\" content=\"The Epoch Times TR\" \/>\n<meta property=\"article:publisher\" content=\"https:\/\/www.facebook.com\/theepochtimestr\" \/>\n<meta property=\"article:published_time\" content=\"2026-05-18T12:24:01+00:00\" \/>\n<meta property=\"article:modified_time\" content=\"2026-05-18T12:24:03+00:00\" \/>\n<meta property=\"og:image\" content=\"https:\/\/epochtimestr.com\/wp-content\/uploads\/2011y\/1000038920.jpg\" \/>\n\t<meta property=\"og:image:width\" content=\"1920\" \/>\n\t<meta property=\"og:image:height\" content=\"1279\" \/>\n\t<meta property=\"og:image:type\" content=\"image\/jpeg\" \/>\n<meta name=\"author\" content=\"Leo Bajelan\" \/>\n<meta name=\"twitter:card\" content=\"summary_large_image\" \/>\n<meta name=\"twitter:creator\" content=\"@TheEpochTimesTR\" \/>\n<meta name=\"twitter:site\" content=\"@TheEpochTimesTR\" \/>\n<meta name=\"twitter:label1\" content=\"Yazan:\" \/>\n\t<meta name=\"twitter:data1\" content=\"Leo Bajelan\" \/>\n\t<meta name=\"twitter:label2\" content=\"Tahmini okuma s\u00fcresi\" \/>\n\t<meta name=\"twitter:data2\" content=\"2 dakika\" \/>\n<script type=\"application\/ld+json\" class=\"yoast-schema-graph\">{\"@context\":\"https:\/\/schema.org\",\"@graph\":[{\"@type\":\"Article\",\"@id\":\"https:\/\/epochtimestr.com\/index.php\/kolombiyali-is-insani-alex-saab-abdye-iade-edildi#article\",\"isPartOf\":{\"@id\":\"https:\/\/epochtimestr.com\/index.php\/kolombiyali-is-insani-alex-saab-abdye-iade-edildi\"},\"author\":{\"name\":\"Leo Bajelan\",\"@id\":\"https:\/\/epochtimestr.com\/#\/schema\/person\/5fef218711d76d8f232b0e1f1d7e4c0d\"},\"headline\":\"Kolombiyal\u0131 \u0130\u015f \u0130nsan\u0131 Alex Saab ABD\u2019ye \u0130ade Edildi\",\"datePublished\":\"2026-05-18T12:24:01+00:00\",\"dateModified\":\"2026-05-18T12:24:03+00:00\",\"mainEntityOfPage\":{\"@id\":\"https:\/\/epochtimestr.com\/index.php\/kolombiyali-is-insani-alex-saab-abdye-iade-edildi\"},\"wordCount\":363,\"commentCount\":0,\"publisher\":{\"@id\":\"https:\/\/epochtimestr.com\/#organization\"},\"image\":{\"@id\":\"https:\/\/epochtimestr.com\/index.php\/kolombiyali-is-insani-alex-saab-abdye-iade-edildi#primaryimage\"},\"thumbnailUrl\":\"https:\/\/epochtimestr.com\/wp-content\/uploads\/2011y\/1000038920.jpg\",\"keywords\":[\"ABD-Venezuela ili\u015fkileri\",\"Alex Saab\",\"Maduro\",\"Marco Rubio\",\"Trump\"],\"articleSection\":[\"D\u00dcNYA\",\"G\u00dcNDEM\",\"MAN\u015eET\"],\"inLanguage\":\"tr\",\"potentialAction\":[{\"@type\":\"CommentAction\",\"name\":\"Comment\",\"target\":[\"https:\/\/epochtimestr.com\/index.php\/kolombiyali-is-insani-alex-saab-abdye-iade-edildi#respond\"]}]},{\"@type\":\"WebPage\",\"@id\":\"https:\/\/epochtimestr.com\/index.php\/kolombiyali-is-insani-alex-saab-abdye-iade-edildi\",\"url\":\"https:\/\/epochtimestr.com\/index.php\/kolombiyali-is-insani-alex-saab-abdye-iade-edildi\",\"name\":\"Kolombiyal\u0131 \u0130\u015f \u0130nsan\u0131 Alex Saab ABD\u2019ye \u0130ade Edildi - The Epoch Times TR\",\"isPartOf\":{\"@id\":\"https:\/\/epochtimestr.com\/#website\"},\"primaryImageOfPage\":{\"@id\":\"https:\/\/epochtimestr.com\/index.php\/kolombiyali-is-insani-alex-saab-abdye-iade-edildi#primaryimage\"},\"image\":{\"@id\":\"https:\/\/epochtimestr.com\/index.php\/kolombiyali-is-insani-alex-saab-abdye-iade-edildi#primaryimage\"},\"thumbnailUrl\":\"https:\/\/epochtimestr.com\/wp-content\/uploads\/2011y\/1000038920.jpg\",\"datePublished\":\"2026-05-18T12:24:01+00:00\",\"dateModified\":\"2026-05-18T12:24:03+00:00\",\"description\":\"Venezuela eski lideri Nicol\u00e1s Maduro\u2019nun yak\u0131n i\u015f orta\u011f\u0131 Kolombiyal\u0131 i\u015f insan\u0131 Alex Saab, 16 May\u0131s 2026 tarihinde ABD\u2019ye iade edildi.\",\"inLanguage\":\"tr\",\"potentialAction\":[{\"@type\":\"ReadAction\",\"target\":[\"https:\/\/epochtimestr.com\/index.php\/kolombiyali-is-insani-alex-saab-abdye-iade-edildi\"]}]},{\"@type\":\"ImageObject\",\"inLanguage\":\"tr\",\"@id\":\"https:\/\/epochtimestr.com\/index.php\/kolombiyali-is-insani-alex-saab-abdye-iade-edildi#primaryimage\",\"url\":\"https:\/\/epochtimestr.com\/wp-content\/uploads\/2011y\/1000038920.jpg\",\"contentUrl\":\"https:\/\/epochtimestr.com\/wp-content\/uploads\/2011y\/1000038920.jpg\",\"width\":1920,\"height\":1279},{\"@type\":\"WebSite\",\"@id\":\"https:\/\/epochtimestr.com\/#website\",\"url\":\"https:\/\/epochtimestr.com\/\",\"name\":\"The Epoch Times TR\",\"description\":\"De\u011fi\u015fen D\u00fcnyam\u0131za Taze Bir Bak\u0131\u015f\",\"publisher\":{\"@id\":\"https:\/\/epochtimestr.com\/#organization\"},\"potentialAction\":[{\"@type\":\"SearchAction\",\"target\":{\"@type\":\"EntryPoint\",\"urlTemplate\":\"https:\/\/epochtimestr.com\/?s={search_term_string}\"},\"query-input\":\"required name=search_term_string\"}],\"inLanguage\":\"tr\"},{\"@type\":\"Organization\",\"@id\":\"https:\/\/epochtimestr.com\/#organization\",\"name\":\"The EpochTimes T\u00fcrkiye\",\"url\":\"https:\/\/epochtimestr.com\/\",\"logo\":{\"@type\":\"ImageObject\",\"inLanguage\":\"tr\",\"@id\":\"https:\/\/epochtimestr.com\/#\/schema\/logo\/image\/\",\"url\":\"https:\/\/epochtimestr.com\/wp-content\/uploads\/2011y\/ET-Logo-YG.jpg\",\"contentUrl\":\"https:\/\/epochtimestr.com\/wp-content\/uploads\/2011y\/ET-Logo-YG.jpg\",\"width\":346,\"height\":29,\"caption\":\"The EpochTimes T\u00fcrkiye\"},\"image\":{\"@id\":\"https:\/\/epochtimestr.com\/#\/schema\/logo\/image\/\"},\"sameAs\":[\"https:\/\/www.facebook.com\/theepochtimestr\",\"https:\/\/x.com\/TheEpochTimesTR\",\"https:\/\/www.instagram.com\/epochtimestr\"]},{\"@type\":\"Person\",\"@id\":\"https:\/\/epochtimestr.com\/#\/schema\/person\/5fef218711d76d8f232b0e1f1d7e4c0d\",\"name\":\"Leo Bajelan\",\"image\":{\"@type\":\"ImageObject\",\"inLanguage\":\"tr\",\"@id\":\"https:\/\/epochtimestr.com\/#\/schema\/person\/image\/\",\"url\":\"https:\/\/secure.gravatar.com\/avatar\/917669146f489549e548a2e9af272df5?s=96&d=mm&r=g\",\"contentUrl\":\"https:\/\/secure.gravatar.com\/avatar\/917669146f489549e548a2e9af272df5?s=96&d=mm&r=g\",\"caption\":\"Leo Bajelan\"},\"url\":\"https:\/\/epochtimestr.com\/index.php\/author\/leo\"}]}<\/script>\n<!-- \/ Yoast SEO plugin. -->","yoast_head_json":{"title":"Kolombiyal\u0131 \u0130\u015f \u0130nsan\u0131 Alex Saab ABD\u2019ye \u0130ade Edildi - The Epoch Times TR","description":"Venezuela eski lideri Nicol\u00e1s Maduro\u2019nun yak\u0131n i\u015f orta\u011f\u0131 Kolombiyal\u0131 i\u015f insan\u0131 Alex Saab, 16 May\u0131s 2026 tarihinde ABD\u2019ye iade edildi.","robots":{"index":"index","follow":"follow","max-snippet":"max-snippet:-1","max-image-preview":"max-image-preview:large","max-video-preview":"max-video-preview:-1"},"canonical":"https:\/\/epochtimestr.com\/index.php\/kolombiyali-is-insani-alex-saab-abdye-iade-edildi","og_locale":"tr_TR","og_type":"article","og_title":"Kolombiyal\u0131 \u0130\u015f \u0130nsan\u0131 Alex Saab ABD\u2019ye \u0130ade Edildi - The Epoch Times TR","og_description":"Venezuela eski lideri Nicol\u00e1s Maduro\u2019nun yak\u0131n i\u015f orta\u011f\u0131 Kolombiyal\u0131 i\u015f insan\u0131 Alex Saab, 16 May\u0131s 2026 tarihinde ABD\u2019ye iade edildi.","og_url":"https:\/\/epochtimestr.com\/index.php\/kolombiyali-is-insani-alex-saab-abdye-iade-edildi","og_site_name":"The Epoch Times TR","article_publisher":"https:\/\/www.facebook.com\/theepochtimestr","article_published_time":"2026-05-18T12:24:01+00:00","article_modified_time":"2026-05-18T12:24:03+00:00","og_image":[{"width":1920,"height":1279,"url":"https:\/\/epochtimestr.com\/wp-content\/uploads\/2011y\/1000038920.jpg","type":"image\/jpeg"}],"author":"Leo Bajelan","twitter_card":"summary_large_image","twitter_creator":"@TheEpochTimesTR","twitter_site":"@TheEpochTimesTR","twitter_misc":{"Yazan:":"Leo Bajelan","Tahmini okuma s\u00fcresi":"2 dakika"},"schema":{"@context":"https:\/\/schema.org","@graph":[{"@type":"Article","@id":"https:\/\/epochtimestr.com\/index.php\/kolombiyali-is-insani-alex-saab-abdye-iade-edildi#article","isPartOf":{"@id":"https:\/\/epochtimestr.com\/index.php\/kolombiyali-is-insani-alex-saab-abdye-iade-edildi"},"author":{"name":"Leo Bajelan","@id":"https:\/\/epochtimestr.com\/#\/schema\/person\/5fef218711d76d8f232b0e1f1d7e4c0d"},"headline":"Kolombiyal\u0131 \u0130\u015f \u0130nsan\u0131 Alex Saab ABD\u2019ye \u0130ade Edildi","datePublished":"2026-05-18T12:24:01+00:00","dateModified":"2026-05-18T12:24:03+00:00","mainEntityOfPage":{"@id":"https:\/\/epochtimestr.com\/index.php\/kolombiyali-is-insani-alex-saab-abdye-iade-edildi"},"wordCount":363,"commentCount":0,"publisher":{"@id":"https:\/\/epochtimestr.com\/#organization"},"image":{"@id":"https:\/\/epochtimestr.com\/index.php\/kolombiyali-is-insani-alex-saab-abdye-iade-edildi#primaryimage"},"thumbnailUrl":"https:\/\/epochtimestr.com\/wp-content\/uploads\/2011y\/1000038920.jpg","keywords":["ABD-Venezuela ili\u015fkileri","Alex Saab","Maduro","Marco Rubio","Trump"],"articleSection":["D\u00dcNYA","G\u00dcNDEM","MAN\u015eET"],"inLanguage":"tr","potentialAction":[{"@type":"CommentAction","name":"Comment","target":["https:\/\/epochtimestr.com\/index.php\/kolombiyali-is-insani-alex-saab-abdye-iade-edildi#respond"]}]},{"@type":"WebPage","@id":"https:\/\/epochtimestr.com\/index.php\/kolombiyali-is-insani-alex-saab-abdye-iade-edildi","url":"https:\/\/epochtimestr.com\/index.php\/kolombiyali-is-insani-alex-saab-abdye-iade-edildi","name":"Kolombiyal\u0131 \u0130\u015f \u0130nsan\u0131 Alex Saab ABD\u2019ye \u0130ade Edildi - The Epoch Times TR","isPartOf":{"@id":"https:\/\/epochtimestr.com\/#website"},"primaryImageOfPage":{"@id":"https:\/\/epochtimestr.com\/index.php\/kolombiyali-is-insani-alex-saab-abdye-iade-edildi#primaryimage"},"image":{"@id":"https:\/\/epochtimestr.com\/index.php\/kolombiyali-is-insani-alex-saab-abdye-iade-edildi#primaryimage"},"thumbnailUrl":"https:\/\/epochtimestr.com\/wp-content\/uploads\/2011y\/1000038920.jpg","datePublished":"2026-05-18T12:24:01+00:00","dateModified":"2026-05-18T12:24:03+00:00","description":"Venezuela eski lideri Nicol\u00e1s Maduro\u2019nun yak\u0131n i\u015f orta\u011f\u0131 Kolombiyal\u0131 i\u015f insan\u0131 Alex Saab, 16 May\u0131s 2026 tarihinde ABD\u2019ye iade edildi.","inLanguage":"tr","potentialAction":[{"@type":"ReadAction","target":["https:\/\/epochtimestr.com\/index.php\/kolombiyali-is-insani-alex-saab-abdye-iade-edildi"]}]},{"@type":"ImageObject","inLanguage":"tr","@id":"https:\/\/epochtimestr.com\/index.php\/kolombiyali-is-insani-alex-saab-abdye-iade-edildi#primaryimage","url":"https:\/\/epochtimestr.com\/wp-content\/uploads\/2011y\/1000038920.jpg","contentUrl":"https:\/\/epochtimestr.com\/wp-content\/uploads\/2011y\/1000038920.jpg","width":1920,"height":1279},{"@type":"WebSite","@id":"https:\/\/epochtimestr.com\/#website","url":"https:\/\/epochtimestr.com\/","name":"The Epoch Times TR","description":"De\u011fi\u015fen D\u00fcnyam\u0131za Taze Bir Bak\u0131\u015f","publisher":{"@id":"https:\/\/epochtimestr.com\/#organization"},"potentialAction":[{"@type":"SearchAction","target":{"@type":"EntryPoint","urlTemplate":"https:\/\/epochtimestr.com\/?s={search_term_string}"},"query-input":"required name=search_term_string"}],"inLanguage":"tr"},{"@type":"Organization","@id":"https:\/\/epochtimestr.com\/#organization","name":"The EpochTimes T\u00fcrkiye","url":"https:\/\/epochtimestr.com\/","logo":{"@type":"ImageObject","inLanguage":"tr","@id":"https:\/\/epochtimestr.com\/#\/schema\/logo\/image\/","url":"https:\/\/epochtimestr.com\/wp-content\/uploads\/2011y\/ET-Logo-YG.jpg","contentUrl":"https:\/\/epochtimestr.com\/wp-content\/uploads\/2011y\/ET-Logo-YG.jpg","width":346,"height":29,"caption":"The EpochTimes T\u00fcrkiye"},"image":{"@id":"https:\/\/epochtimestr.com\/#\/schema\/logo\/image\/"},"sameAs":["https:\/\/www.facebook.com\/theepochtimestr","https:\/\/x.com\/TheEpochTimesTR","https:\/\/www.instagram.com\/epochtimestr"]},{"@type":"Person","@id":"https:\/\/epochtimestr.com\/#\/schema\/person\/5fef218711d76d8f232b0e1f1d7e4c0d","name":"Leo Bajelan","image":{"@type":"ImageObject","inLanguage":"tr","@id":"https:\/\/epochtimestr.com\/#\/schema\/person\/image\/","url":"https:\/\/secure.gravatar.com\/avatar\/917669146f489549e548a2e9af272df5?s=96&d=mm&r=g","contentUrl":"https:\/\/secure.gravatar.com\/avatar\/917669146f489549e548a2e9af272df5?s=96&d=mm&r=g","caption":"Leo Bajelan"},"url":"https:\/\/epochtimestr.com\/index.php\/author\/leo"}]}},"_links":{"self":[{"href":"https:\/\/epochtimestr.com\/index.php\/wp-json\/wp\/v2\/posts\/167335"}],"collection":[{"href":"https:\/\/epochtimestr.com\/index.php\/wp-json\/wp\/v2\/posts"}],"about":[{"href":"https:\/\/epochtimestr.com\/index.php\/wp-json\/wp\/v2\/types\/post"}],"author":[{"embeddable":true,"href":"https:\/\/epochtimestr.com\/index.php\/wp-json\/wp\/v2\/users\/13996"}],"replies":[{"embeddable":true,"href":"https:\/\/epochtimestr.com\/index.php\/wp-json\/wp\/v2\/comments?post=167335"}],"version-history":[{"count":2,"href":"https:\/\/epochtimestr.com\/index.php\/wp-json\/wp\/v2\/posts\/167335\/revisions"}],"predecessor-version":[{"id":167347,"href":"https:\/\/epochtimestr.com\/index.php\/wp-json\/wp\/v2\/posts\/167335\/revisions\/167347"}],"wp:featuredmedia":[{"embeddable":true,"href":"https:\/\/epochtimestr.com\/index.php\/wp-json\/wp\/v2\/media\/167336"}],"wp:attachment":[{"href":"https:\/\/epochtimestr.com\/index.php\/wp-json\/wp\/v2\/media?parent=167335"}],"wp:term":[{"taxonomy":"category","embeddable":true,"href":"https:\/\/epochtimestr.com\/index.php\/wp-json\/wp\/v2\/categories?post=167335"},{"taxonomy":"post_tag","embeddable":true,"href":"https:\/\/epochtimestr.com\/index.php\/wp-json\/wp\/v2\/tags?post=167335"}],"curies":[{"name":"wp","href":"https:\/\/api.w.org\/{rel}","templated":true}]}}