{"id":167352,"date":"2026-05-19T08:30:00","date_gmt":"2026-05-19T05:30:00","guid":{"rendered":"https:\/\/epochtimestr.com\/?p=167352"},"modified":"2026-05-19T10:00:47","modified_gmt":"2026-05-19T07:00:47","slug":"balik-hafizasi-mi-dediniz","status":"publish","type":"post","link":"https:\/\/epochtimestr.com\/index.php\/balik-hafizasi-mi-dediniz","title":{"rendered":"Bal\u0131k Haf\u0131zas\u0131 m\u0131 Dediniz"},"content":{"rendered":"\n<p class=\"has-text-align-right\">\u201cSistemin d\u00f6nmedi\u011fi yerde m\u0131z\u0131k\u00e7\u0131l\u0131k olur\u201d<\/p>\n\n\n\n<p>\u0130nsan\u0131n \u00e7ok\u00e7a tarifi vard\u0131r. Bir tanesi de \u2018unutkan varl\u0131k\u2019 denmesidir insana. Bal\u0131k haf\u0131zal\u0131 s\u00f6z\u00fc mecaz olarak bu nedenle \u00e7\u0131km\u0131\u015ft\u0131r. Bal\u0131klar zay\u0131f haf\u0131zal\u0131d\u0131r. \u0130nsan, unutmaya meyillidir. Unutmak ister. Unutmak insan i\u00e7in yararl\u0131d\u0131r bir bak\u0131ma. Asl\u0131nda insan kolay unutmaz. Unutmak istedi\u011fi i\u00e7in unutur. Ya da \u00f6yle i\u015fine gelir.<\/p>\n\n\n\n<p>Unutmak olmasayd\u0131, her \u015fey taptaze kalsayd\u0131 e\u011fer, tarih tekerr\u00fcr eder miydi? Hi\u00e7bir \u015feyden ders al\u0131nmadan yola devam edebilir miydi insanl\u0131k? Almanya\u2019n\u0131n 2035 y\u0131l\u0131na de\u011fin Avrupa\u2019n\u0131n en g\u00fc\u00e7l\u00fc ordusunu kurma iste\u011fi yoksa nas\u0131l a\u00e7\u0131klan\u0131r?<\/p>\n\n\n\n<p>Almanya\u2019n\u0131n yeniden silahlanmas\u0131 ve asker\u00ee g\u00fcce d\u00f6n\u00fc\u015fmesi, 1. D\u00fcnya Sava\u015f\u0131 \u00f6ncesi \u015fartlar\u0131na d\u00f6nmek anlam\u0131na gelir. Sadece Almanya m\u0131? D\u00fcnya d\u00f6nd\u00fc dola\u015ft\u0131 yine y\u00fczy\u0131l \u00f6nceki konumuna yakla\u015ft\u0131. Benzer ko\u015fullar olu\u015fmaya ba\u015flad\u0131.<\/p>\n\n\n\n<p>NATO da\u011f\u0131l\u0131yor. NATO\u2019nun da\u011f\u0131lmas\u0131 demek, Avrupa Birli\u011fi\u2019nin de da\u011f\u0131lmas\u0131 anlam\u0131na gelir. Bu, \u2018herkes kendi ba\u015f\u0131n\u0131n \u00e7aresine baks\u0131n!\u2019 anlam\u0131 ta\u015f\u0131r. O h\u00e2lde nedir? Yine kampla\u015fma, yine \u00e7at\u0131\u015fma, yine sava\u015f&#8230; Demek ki insan unutuyor. Unutmak istiyor ve tekrar ba\u015fa d\u00f6n\u00fcyor. D\u00fcnya b\u00f6yle bir yer i\u015fte.<\/p>\n\n\n\n<p>G\u00fc\u00e7ler dengesi bak\u0131m\u0131ndan da benzer durumlar s\u00f6z konusu. Do\u011fu\u2019nun y\u0131ld\u0131z\u0131 parlamaya ba\u015flad\u0131. \u00dc\u00e7 as\u0131rl\u0131k Bat\u0131 h\u00e2kimiyeti ini\u015fe ge\u00e7erken Do\u011fu, \u00c7in liderli\u011finde yeniden do\u011fuyor. Tarihin tekerr\u00fcr etmesi insan\u0131n unuttu\u011fundan m\u0131 yoksa unutmad\u0131\u011f\u0131ndan m\u0131 kaynakl\u0131? Bu soru epey tart\u0131\u015fma konusu olabilir. Bence insan unutmuyor. Unutmu\u015f gibi yap\u0131yor. G\u00fcc\u00fc eline ge\u00e7irene dek bekliyor; unutmu\u015f taklidi yap\u0131yor.<\/p>\n\n\n\n<p>Uluslarda kolektif haf\u0131zadan s\u00f6z edilir. G\u00fcn gelir o haf\u0131za yeniden belleklere yerle\u015fir ve adeta r\u00f6van\u015fist bir tav\u0131r tak\u0131n\u0131r. \u00c7inlilerin hem T\u00fcrkler hem Ruslar ve Japonlar ile hem de Bat\u0131 D\u00fcnyas\u0131 ile hesab\u0131 a\u00e7\u0131kt\u0131r, kapanmam\u0131\u015ft\u0131r. \u00c7in\u2019deki sessiz ve derinden ilerleyi\u015f, militarist y\u00f6n\u00fcn\u00fc a\u00e7\u0131\u011fa \u00e7\u0131kartmama, \u2018k\u00f6pr\u00fcy\u00fc ge\u00e7ene kadar ay\u0131ya day\u0131 deme\u2019 politikas\u0131d\u0131r. \u00c7in istedi\u011fi g\u00fcc\u00fc eline ge\u00e7irdi\u011finde en az Bat\u0131 kadar zalim ve s\u00f6m\u00fcrgeci olacakt\u0131r. Hatta Bat\u0131\u2019y\u0131 aratacak \u2018\u00f6zellikler\u2019 ku\u015fanacakt\u0131r.<\/p>\n\n\n\n<p>T\u00fcrkiye\u2019nin hali de benzerdir. T\u00fcrkiye de ilk f\u0131rsatta imparatorluk g\u00fcnlerine d\u00f6nmek isteyecektir &#8211; ki bunun sinyalleri \u015fimdiden gelmeye ba\u015flad\u0131. Ge\u00e7enlerde bir \u0130srail gazetesi, \u201cEge\u2019den K\u0131z\u0131ldeniz\u2019e yeni T\u00fcrkiye doktrini\u201d adl\u0131 bir makale yay\u0131nlad\u0131. T\u00fcrkiye savunma hatt\u0131n\u0131, Suriye-Irak hatt\u0131ndan, K\u0131z\u0131ldeniz-Somali hatt\u0131na \u00e7ekti.<\/p>\n\n\n\n<p>T\u00fcm bu \u00f6rnekler ve daha fazlas\u0131n\u0131n anlam\u0131, insanlar\u0131n ve uluslar\u0131n haf\u0131zas\u0131n\u0131n hi\u00e7 de san\u0131ld\u0131\u011f\u0131 gibi unutkanl\u0131k i\u00e7ermedi\u011fidir. \u0130\u015fte o y\u00fczden tarih s\u00fcrekli tekerr\u00fcr etmektedir. Tarihin tekerr\u00fcr etmesine hi\u00e7 \u015fa\u015fmamak laz\u0131md\u0131r.<\/p>\n\n\n\n<p>D\u00fcnyan\u0131n tarihine bakt\u0131\u011f\u0131m\u0131zda k\u00f6kl\u00fc devletlerin kolay kolay y\u0131k\u0131lmad\u0131klar\u0131, pes etmedikleri g\u00f6r\u00fcl\u00fcyor. \u0130ni\u015fler &#8211; \u00e7\u0131k\u0131\u015flar olmakla beraber, k\u00f6kl\u00fc devletler, uluslar, adeta k\u00fcllerinden yeniden do\u011fuyor. Hemencecik tarihin sayfalar\u0131na g\u00f6m\u00fclemiyor. T\u00fcrkler, Almanlar, \u00c7inliler, Persler, Araplar, Ruslar s\u00fcrekli yine, yeniden d\u00fcnya sahnesine \u00e7\u0131k\u0131yor.<\/p>\n","protected":false},"excerpt":{"rendered":"<p>\u201cSistemin d\u00f6nmedi\u011fi yerde m\u0131z\u0131k\u00e7\u0131l\u0131k olur\u201d \u0130nsan\u0131n \u00e7ok\u00e7a tarifi vard\u0131r. Bir tanesi de \u2018unutkan varl\u0131k\u2019 denmesidir insana. Bal\u0131k haf\u0131zal\u0131 s\u00f6z\u00fc mecaz olarak bu nedenle \u00e7\u0131km\u0131\u015ft\u0131r. Bal\u0131klar zay\u0131f haf\u0131zal\u0131d\u0131r. \u0130nsan, unutmaya meyillidir. Unutmak ister. Unutmak insan i\u00e7in yararl\u0131d\u0131r bir bak\u0131ma. Asl\u0131nda insan kolay unutmaz. Unutmak istedi\u011fi i\u00e7in unutur. Ya da \u00f6yle i\u015fine gelir. Unutmak olmasayd\u0131, her \u015fey [&hellip;]<\/p>\n","protected":false},"author":14001,"featured_media":161038,"comment_status":"open","ping_status":"open","sticky":false,"template":"","format":"standard","meta":{"_yoast_wpseo_focuskw":"bal\u0131k haf\u0131zas\u0131","_yoast_wpseo_title":"","_yoast_wpseo_metadesc":"\u0130nsan\u0131n \u00e7ok\u00e7a tarifi vard\u0131r. Bir tanesi de \u2018unutkan varl\u0131k\u2019 denmesidir insana. Bal\u0131k haf\u0131zal\u0131 s\u00f6z\u00fc mecaz olarak bu nedenle \u00e7\u0131km\u0131\u015ft\u0131r.","_bbp_topic_count":0,"_bbp_reply_count":0,"_bbp_total_topic_count":0,"_bbp_total_reply_count":0,"_bbp_voice_count":0,"_bbp_anonymous_reply_count":0,"_bbp_topic_count_hidden":0,"_bbp_reply_count_hidden":0,"_bbp_forum_subforum_count":0,"footnotes":"","_yoast_wpseo_focuskw_text_input":""},"categories":[9170],"tags":[],"yoast_head":"<!-- This site is optimized with the Yoast SEO plugin v23.0 - https:\/\/yoast.com\/wordpress\/plugins\/seo\/ -->\n<title>Bal\u0131k Haf\u0131zas\u0131 m\u0131 Dediniz - The Epoch Times TR<\/title>\n<meta name=\"description\" content=\"\u0130nsan\u0131n \u00e7ok\u00e7a tarifi vard\u0131r. Bir tanesi de \u2018unutkan varl\u0131k\u2019 denmesidir insana. Bal\u0131k haf\u0131zal\u0131 s\u00f6z\u00fc mecaz olarak bu nedenle \u00e7\u0131km\u0131\u015ft\u0131r.\" \/>\n<meta name=\"robots\" content=\"index, follow, max-snippet:-1, max-image-preview:large, max-video-preview:-1\" \/>\n<link rel=\"canonical\" href=\"https:\/\/epochtimestr.com\/index.php\/balik-hafizasi-mi-dediniz\" \/>\n<meta property=\"og:locale\" content=\"tr_TR\" \/>\n<meta property=\"og:type\" content=\"article\" \/>\n<meta property=\"og:title\" content=\"Bal\u0131k Haf\u0131zas\u0131 m\u0131 Dediniz - The Epoch Times TR\" \/>\n<meta property=\"og:description\" content=\"\u0130nsan\u0131n \u00e7ok\u00e7a tarifi vard\u0131r. Bir tanesi de \u2018unutkan varl\u0131k\u2019 denmesidir insana. Bal\u0131k haf\u0131zal\u0131 s\u00f6z\u00fc mecaz olarak bu nedenle \u00e7\u0131km\u0131\u015ft\u0131r.\" \/>\n<meta property=\"og:url\" content=\"https:\/\/epochtimestr.com\/index.php\/balik-hafizasi-mi-dediniz\" \/>\n<meta property=\"og:site_name\" content=\"The Epoch Times TR\" \/>\n<meta property=\"article:publisher\" content=\"https:\/\/www.facebook.com\/theepochtimestr\" \/>\n<meta property=\"article:published_time\" content=\"2026-05-19T05:30:00+00:00\" \/>\n<meta property=\"article:modified_time\" content=\"2026-05-19T07:00:47+00:00\" \/>\n<meta property=\"og:image\" content=\"https:\/\/epochtimestr.com\/wp-content\/uploads\/2011y\/BEKIR-ZORBA-SM-2.png\" \/>\n\t<meta property=\"og:image:width\" content=\"1200\" \/>\n\t<meta property=\"og:image:height\" content=\"630\" \/>\n\t<meta property=\"og:image:type\" content=\"image\/png\" \/>\n<meta name=\"author\" content=\"Bekir Zorba\" \/>\n<meta name=\"twitter:card\" content=\"summary_large_image\" \/>\n<meta name=\"twitter:creator\" content=\"@TheEpochTimesTR\" \/>\n<meta name=\"twitter:site\" content=\"@TheEpochTimesTR\" \/>\n<meta name=\"twitter:label1\" content=\"Yazan:\" \/>\n\t<meta name=\"twitter:data1\" content=\"Bekir Zorba\" \/>\n\t<meta name=\"twitter:label2\" content=\"Tahmini okuma s\u00fcresi\" \/>\n\t<meta name=\"twitter:data2\" content=\"3 dakika\" \/>\n<script type=\"application\/ld+json\" class=\"yoast-schema-graph\">{\"@context\":\"https:\/\/schema.org\",\"@graph\":[{\"@type\":\"Article\",\"@id\":\"https:\/\/epochtimestr.com\/index.php\/balik-hafizasi-mi-dediniz#article\",\"isPartOf\":{\"@id\":\"https:\/\/epochtimestr.com\/index.php\/balik-hafizasi-mi-dediniz\"},\"author\":{\"name\":\"Bekir Zorba\",\"@id\":\"https:\/\/epochtimestr.com\/#\/schema\/person\/da1ad104599611965442ed3e7e9acb2b\"},\"headline\":\"Bal\u0131k Haf\u0131zas\u0131 m\u0131 Dediniz\",\"datePublished\":\"2026-05-19T05:30:00+00:00\",\"dateModified\":\"2026-05-19T07:00:47+00:00\",\"mainEntityOfPage\":{\"@id\":\"https:\/\/epochtimestr.com\/index.php\/balik-hafizasi-mi-dediniz\"},\"wordCount\":598,\"commentCount\":0,\"publisher\":{\"@id\":\"https:\/\/epochtimestr.com\/#organization\"},\"image\":{\"@id\":\"https:\/\/epochtimestr.com\/index.php\/balik-hafizasi-mi-dediniz#primaryimage\"},\"thumbnailUrl\":\"https:\/\/epochtimestr.com\/wp-content\/uploads\/2011y\/Bekir-Zorba.png\",\"articleSection\":[\"K\u00f6\u015fe Yaz\u0131lar\u0131 Bekir Zorba\"],\"inLanguage\":\"tr\",\"potentialAction\":[{\"@type\":\"CommentAction\",\"name\":\"Comment\",\"target\":[\"https:\/\/epochtimestr.com\/index.php\/balik-hafizasi-mi-dediniz#respond\"]}]},{\"@type\":\"WebPage\",\"@id\":\"https:\/\/epochtimestr.com\/index.php\/balik-hafizasi-mi-dediniz\",\"url\":\"https:\/\/epochtimestr.com\/index.php\/balik-hafizasi-mi-dediniz\",\"name\":\"Bal\u0131k Haf\u0131zas\u0131 m\u0131 Dediniz - The Epoch Times TR\",\"isPartOf\":{\"@id\":\"https:\/\/epochtimestr.com\/#website\"},\"primaryImageOfPage\":{\"@id\":\"https:\/\/epochtimestr.com\/index.php\/balik-hafizasi-mi-dediniz#primaryimage\"},\"image\":{\"@id\":\"https:\/\/epochtimestr.com\/index.php\/balik-hafizasi-mi-dediniz#primaryimage\"},\"thumbnailUrl\":\"https:\/\/epochtimestr.com\/wp-content\/uploads\/2011y\/Bekir-Zorba.png\",\"datePublished\":\"2026-05-19T05:30:00+00:00\",\"dateModified\":\"2026-05-19T07:00:47+00:00\",\"description\":\"\u0130nsan\u0131n \u00e7ok\u00e7a tarifi vard\u0131r. Bir tanesi de \u2018unutkan varl\u0131k\u2019 denmesidir insana. Bal\u0131k haf\u0131zal\u0131 s\u00f6z\u00fc mecaz olarak bu nedenle \u00e7\u0131km\u0131\u015ft\u0131r.\",\"inLanguage\":\"tr\",\"potentialAction\":[{\"@type\":\"ReadAction\",\"target\":[\"https:\/\/epochtimestr.com\/index.php\/balik-hafizasi-mi-dediniz\"]}]},{\"@type\":\"ImageObject\",\"inLanguage\":\"tr\",\"@id\":\"https:\/\/epochtimestr.com\/index.php\/balik-hafizasi-mi-dediniz#primaryimage\",\"url\":\"https:\/\/epochtimestr.com\/wp-content\/uploads\/2011y\/Bekir-Zorba.png\",\"contentUrl\":\"https:\/\/epochtimestr.com\/wp-content\/uploads\/2011y\/Bekir-Zorba.png\",\"width\":600,\"height\":600},{\"@type\":\"WebSite\",\"@id\":\"https:\/\/epochtimestr.com\/#website\",\"url\":\"https:\/\/epochtimestr.com\/\",\"name\":\"The Epoch Times TR\",\"description\":\"De\u011fi\u015fen D\u00fcnyam\u0131za Taze Bir Bak\u0131\u015f\",\"publisher\":{\"@id\":\"https:\/\/epochtimestr.com\/#organization\"},\"potentialAction\":[{\"@type\":\"SearchAction\",\"target\":{\"@type\":\"EntryPoint\",\"urlTemplate\":\"https:\/\/epochtimestr.com\/?s={search_term_string}\"},\"query-input\":\"required name=search_term_string\"}],\"inLanguage\":\"tr\"},{\"@type\":\"Organization\",\"@id\":\"https:\/\/epochtimestr.com\/#organization\",\"name\":\"The EpochTimes T\u00fcrkiye\",\"url\":\"https:\/\/epochtimestr.com\/\",\"logo\":{\"@type\":\"ImageObject\",\"inLanguage\":\"tr\",\"@id\":\"https:\/\/epochtimestr.com\/#\/schema\/logo\/image\/\",\"url\":\"https:\/\/epochtimestr.com\/wp-content\/uploads\/2011y\/ET-Logo-YG.jpg\",\"contentUrl\":\"https:\/\/epochtimestr.com\/wp-content\/uploads\/2011y\/ET-Logo-YG.jpg\",\"width\":346,\"height\":29,\"caption\":\"The EpochTimes T\u00fcrkiye\"},\"image\":{\"@id\":\"https:\/\/epochtimestr.com\/#\/schema\/logo\/image\/\"},\"sameAs\":[\"https:\/\/www.facebook.com\/theepochtimestr\",\"https:\/\/x.com\/TheEpochTimesTR\",\"https:\/\/www.instagram.com\/epochtimestr\"]},{\"@type\":\"Person\",\"@id\":\"https:\/\/epochtimestr.com\/#\/schema\/person\/da1ad104599611965442ed3e7e9acb2b\",\"name\":\"Bekir Zorba\",\"image\":{\"@type\":\"ImageObject\",\"inLanguage\":\"tr\",\"@id\":\"https:\/\/epochtimestr.com\/#\/schema\/person\/image\/\",\"url\":\"https:\/\/secure.gravatar.com\/avatar\/eafd40d9b77b1fbf7c565a3d4916b79c?s=96&d=mm&r=g\",\"contentUrl\":\"https:\/\/secure.gravatar.com\/avatar\/eafd40d9b77b1fbf7c565a3d4916b79c?s=96&d=mm&r=g\",\"caption\":\"Bekir Zorba\"},\"url\":\"https:\/\/epochtimestr.com\/index.php\/author\/bekir\"}]}<\/script>\n<!-- \/ Yoast SEO plugin. -->","yoast_head_json":{"title":"Bal\u0131k Haf\u0131zas\u0131 m\u0131 Dediniz - The Epoch Times TR","description":"\u0130nsan\u0131n \u00e7ok\u00e7a tarifi vard\u0131r. Bir tanesi de \u2018unutkan varl\u0131k\u2019 denmesidir insana. Bal\u0131k haf\u0131zal\u0131 s\u00f6z\u00fc mecaz olarak bu nedenle \u00e7\u0131km\u0131\u015ft\u0131r.","robots":{"index":"index","follow":"follow","max-snippet":"max-snippet:-1","max-image-preview":"max-image-preview:large","max-video-preview":"max-video-preview:-1"},"canonical":"https:\/\/epochtimestr.com\/index.php\/balik-hafizasi-mi-dediniz","og_locale":"tr_TR","og_type":"article","og_title":"Bal\u0131k Haf\u0131zas\u0131 m\u0131 Dediniz - The Epoch Times TR","og_description":"\u0130nsan\u0131n \u00e7ok\u00e7a tarifi vard\u0131r. Bir tanesi de \u2018unutkan varl\u0131k\u2019 denmesidir insana. Bal\u0131k haf\u0131zal\u0131 s\u00f6z\u00fc mecaz olarak bu nedenle \u00e7\u0131km\u0131\u015ft\u0131r.","og_url":"https:\/\/epochtimestr.com\/index.php\/balik-hafizasi-mi-dediniz","og_site_name":"The Epoch Times TR","article_publisher":"https:\/\/www.facebook.com\/theepochtimestr","article_published_time":"2026-05-19T05:30:00+00:00","article_modified_time":"2026-05-19T07:00:47+00:00","og_image":[{"width":1200,"height":630,"url":"https:\/\/epochtimestr.com\/wp-content\/uploads\/2011y\/BEKIR-ZORBA-SM-2.png","type":"image\/png"}],"author":"Bekir Zorba","twitter_card":"summary_large_image","twitter_creator":"@TheEpochTimesTR","twitter_site":"@TheEpochTimesTR","twitter_misc":{"Yazan:":"Bekir Zorba","Tahmini okuma s\u00fcresi":"3 dakika"},"schema":{"@context":"https:\/\/schema.org","@graph":[{"@type":"Article","@id":"https:\/\/epochtimestr.com\/index.php\/balik-hafizasi-mi-dediniz#article","isPartOf":{"@id":"https:\/\/epochtimestr.com\/index.php\/balik-hafizasi-mi-dediniz"},"author":{"name":"Bekir Zorba","@id":"https:\/\/epochtimestr.com\/#\/schema\/person\/da1ad104599611965442ed3e7e9acb2b"},"headline":"Bal\u0131k Haf\u0131zas\u0131 m\u0131 Dediniz","datePublished":"2026-05-19T05:30:00+00:00","dateModified":"2026-05-19T07:00:47+00:00","mainEntityOfPage":{"@id":"https:\/\/epochtimestr.com\/index.php\/balik-hafizasi-mi-dediniz"},"wordCount":598,"commentCount":0,"publisher":{"@id":"https:\/\/epochtimestr.com\/#organization"},"image":{"@id":"https:\/\/epochtimestr.com\/index.php\/balik-hafizasi-mi-dediniz#primaryimage"},"thumbnailUrl":"https:\/\/epochtimestr.com\/wp-content\/uploads\/2011y\/Bekir-Zorba.png","articleSection":["K\u00f6\u015fe Yaz\u0131lar\u0131 Bekir Zorba"],"inLanguage":"tr","potentialAction":[{"@type":"CommentAction","name":"Comment","target":["https:\/\/epochtimestr.com\/index.php\/balik-hafizasi-mi-dediniz#respond"]}]},{"@type":"WebPage","@id":"https:\/\/epochtimestr.com\/index.php\/balik-hafizasi-mi-dediniz","url":"https:\/\/epochtimestr.com\/index.php\/balik-hafizasi-mi-dediniz","name":"Bal\u0131k Haf\u0131zas\u0131 m\u0131 Dediniz - The Epoch Times TR","isPartOf":{"@id":"https:\/\/epochtimestr.com\/#website"},"primaryImageOfPage":{"@id":"https:\/\/epochtimestr.com\/index.php\/balik-hafizasi-mi-dediniz#primaryimage"},"image":{"@id":"https:\/\/epochtimestr.com\/index.php\/balik-hafizasi-mi-dediniz#primaryimage"},"thumbnailUrl":"https:\/\/epochtimestr.com\/wp-content\/uploads\/2011y\/Bekir-Zorba.png","datePublished":"2026-05-19T05:30:00+00:00","dateModified":"2026-05-19T07:00:47+00:00","description":"\u0130nsan\u0131n \u00e7ok\u00e7a tarifi vard\u0131r. Bir tanesi de \u2018unutkan varl\u0131k\u2019 denmesidir insana. Bal\u0131k haf\u0131zal\u0131 s\u00f6z\u00fc mecaz olarak bu nedenle \u00e7\u0131km\u0131\u015ft\u0131r.","inLanguage":"tr","potentialAction":[{"@type":"ReadAction","target":["https:\/\/epochtimestr.com\/index.php\/balik-hafizasi-mi-dediniz"]}]},{"@type":"ImageObject","inLanguage":"tr","@id":"https:\/\/epochtimestr.com\/index.php\/balik-hafizasi-mi-dediniz#primaryimage","url":"https:\/\/epochtimestr.com\/wp-content\/uploads\/2011y\/Bekir-Zorba.png","contentUrl":"https:\/\/epochtimestr.com\/wp-content\/uploads\/2011y\/Bekir-Zorba.png","width":600,"height":600},{"@type":"WebSite","@id":"https:\/\/epochtimestr.com\/#website","url":"https:\/\/epochtimestr.com\/","name":"The Epoch Times TR","description":"De\u011fi\u015fen D\u00fcnyam\u0131za Taze Bir Bak\u0131\u015f","publisher":{"@id":"https:\/\/epochtimestr.com\/#organization"},"potentialAction":[{"@type":"SearchAction","target":{"@type":"EntryPoint","urlTemplate":"https:\/\/epochtimestr.com\/?s={search_term_string}"},"query-input":"required name=search_term_string"}],"inLanguage":"tr"},{"@type":"Organization","@id":"https:\/\/epochtimestr.com\/#organization","name":"The EpochTimes T\u00fcrkiye","url":"https:\/\/epochtimestr.com\/","logo":{"@type":"ImageObject","inLanguage":"tr","@id":"https:\/\/epochtimestr.com\/#\/schema\/logo\/image\/","url":"https:\/\/epochtimestr.com\/wp-content\/uploads\/2011y\/ET-Logo-YG.jpg","contentUrl":"https:\/\/epochtimestr.com\/wp-content\/uploads\/2011y\/ET-Logo-YG.jpg","width":346,"height":29,"caption":"The EpochTimes T\u00fcrkiye"},"image":{"@id":"https:\/\/epochtimestr.com\/#\/schema\/logo\/image\/"},"sameAs":["https:\/\/www.facebook.com\/theepochtimestr","https:\/\/x.com\/TheEpochTimesTR","https:\/\/www.instagram.com\/epochtimestr"]},{"@type":"Person","@id":"https:\/\/epochtimestr.com\/#\/schema\/person\/da1ad104599611965442ed3e7e9acb2b","name":"Bekir Zorba","image":{"@type":"ImageObject","inLanguage":"tr","@id":"https:\/\/epochtimestr.com\/#\/schema\/person\/image\/","url":"https:\/\/secure.gravatar.com\/avatar\/eafd40d9b77b1fbf7c565a3d4916b79c?s=96&d=mm&r=g","contentUrl":"https:\/\/secure.gravatar.com\/avatar\/eafd40d9b77b1fbf7c565a3d4916b79c?s=96&d=mm&r=g","caption":"Bekir Zorba"},"url":"https:\/\/epochtimestr.com\/index.php\/author\/bekir"}]}},"_links":{"self":[{"href":"https:\/\/epochtimestr.com\/index.php\/wp-json\/wp\/v2\/posts\/167352"}],"collection":[{"href":"https:\/\/epochtimestr.com\/index.php\/wp-json\/wp\/v2\/posts"}],"about":[{"href":"https:\/\/epochtimestr.com\/index.php\/wp-json\/wp\/v2\/types\/post"}],"author":[{"embeddable":true,"href":"https:\/\/epochtimestr.com\/index.php\/wp-json\/wp\/v2\/users\/14001"}],"replies":[{"embeddable":true,"href":"https:\/\/epochtimestr.com\/index.php\/wp-json\/wp\/v2\/comments?post=167352"}],"version-history":[{"count":2,"href":"https:\/\/epochtimestr.com\/index.php\/wp-json\/wp\/v2\/posts\/167352\/revisions"}],"predecessor-version":[{"id":167356,"href":"https:\/\/epochtimestr.com\/index.php\/wp-json\/wp\/v2\/posts\/167352\/revisions\/167356"}],"wp:featuredmedia":[{"embeddable":true,"href":"https:\/\/epochtimestr.com\/index.php\/wp-json\/wp\/v2\/media\/161038"}],"wp:attachment":[{"href":"https:\/\/epochtimestr.com\/index.php\/wp-json\/wp\/v2\/media?parent=167352"}],"wp:term":[{"taxonomy":"category","embeddable":true,"href":"https:\/\/epochtimestr.com\/index.php\/wp-json\/wp\/v2\/categories?post=167352"},{"taxonomy":"post_tag","embeddable":true,"href":"https:\/\/epochtimestr.com\/index.php\/wp-json\/wp\/v2\/tags?post=167352"}],"curies":[{"name":"wp","href":"https:\/\/api.w.org\/{rel}","templated":true}]}}