{"id":167362,"date":"2026-05-19T11:10:00","date_gmt":"2026-05-19T08:10:00","guid":{"rendered":"https:\/\/epochtimestr.com\/?p=167362"},"modified":"2026-05-19T11:35:41","modified_gmt":"2026-05-19T08:35:41","slug":"mersin-istisare-kulubunden-cukurova-metropolu-vurgusu","status":"publish","type":"post","link":"https:\/\/epochtimestr.com\/index.php\/mersin-istisare-kulubunden-cukurova-metropolu-vurgusu","title":{"rendered":"Mersin \u0130sti\u015fare Kul\u00fcb\u00fc\u2019nden \u201c\u00c7ukurova Metropol\u00fc\u201d Vurgusu:"},"content":{"rendered":"<div class=\"wp-block-image\">\n<figure class=\"aligncenter size-full\"><img loading=\"lazy\" decoding=\"async\" width=\"1600\" height=\"1200\" src=\"https:\/\/epochtimestr.com\/wp-content\/uploads\/2011y\/WhatsApp-Image-2026-05-17-at-15.03.22.jpeg\" alt=\"Mersin \u0130sti\u015fare Kul\u00fcb\u00fc'n\u00fcn d\u00fczenledi\u011fi May\u0131s ay\u0131 toplant\u0131s\u0131nda \u201c\u00c7ukurova Metropol\u00fc\u201d vizyonu ele al\u0131nd\u0131.\" class=\"wp-image-167364\" srcset=\"https:\/\/epochtimestr.com\/wp-content\/uploads\/2011y\/WhatsApp-Image-2026-05-17-at-15.03.22.jpeg 1600w, https:\/\/epochtimestr.com\/wp-content\/uploads\/2011y\/WhatsApp-Image-2026-05-17-at-15.03.22-300x225.jpeg 300w, https:\/\/epochtimestr.com\/wp-content\/uploads\/2011y\/WhatsApp-Image-2026-05-17-at-15.03.22-150x113.jpeg 150w, https:\/\/epochtimestr.com\/wp-content\/uploads\/2011y\/WhatsApp-Image-2026-05-17-at-15.03.22-768x576.jpeg 768w, https:\/\/epochtimestr.com\/wp-content\/uploads\/2011y\/WhatsApp-Image-2026-05-17-at-15.03.22-1536x1152.jpeg 1536w, https:\/\/epochtimestr.com\/wp-content\/uploads\/2011y\/WhatsApp-Image-2026-05-17-at-15.03.22-86x64.jpeg 86w\" sizes=\"(max-width: 1600px) 100vw, 1600px\" \/><figcaption class=\"wp-element-caption\">Mersin \u0130sti\u015fare Kul\u00fcb\u00fc&#8217;n\u00fcn d\u00fczenledi\u011fi May\u0131s ay\u0131 toplant\u0131s\u0131nda \u201c\u00c7ukurova Metropol\u00fc\u201d vizyonu ele al\u0131nd\u0131.<\/figcaption><\/figure><\/div>\n\n\n<p>Mersin \u0130sti\u015fare Kul\u00fcb\u00fc&#8217;n\u00fcn d\u00fczenledi\u011fi May\u0131s ay\u0131 toplant\u0131s\u0131nda, Mersin ve Adana ekseninde \u015fekillenecek \u201c\u00c7ukurova Metropol\u00fc\u201d vizyonu, b\u00f6lgesel kalk\u0131nma, savunma sanayi, lojistik, liman yat\u0131r\u0131mlar\u0131 ve stratejik planlama ba\u015fl\u0131klar\u0131yla ele al\u0131nd\u0131. Toplant\u0131da konu\u015fan isimler, Do\u011fu Akdeniz\u2019in T\u00fcrkiye\u2019nin yeni kalk\u0131nma merkezi olabilece\u011fine dikkat \u00e7ekti. Toplant\u0131ya konu\u015fmac\u0131 olarak \u00c7ukurova Kalk\u0131nma Ajans\u0131 Genel Sekreteri Ahmet R\u0131fat Duran, Mersin Ekonomi Platformu Ba\u015fkan\u0131 Hakan Kayac\u0131 ile gazeteci ve yazar Refik Mehmet Ulu\u011f T\u00fcrkkan kat\u0131ld\u0131.<\/p>\n\n\n\n<p><a href=\"https:\/\/epochtimestr.com\/index.php\/mersin-istisare-kulubu-universite-sanayi-is-birligini-masaya-yatirdi\" target=\"_blank\" rel=\"noreferrer noopener\">Mersin \u0130sti\u015fare Kul\u00fcb\u00fc <\/a>Ba\u015fkan\u0131 Ferudun G\u00fcnd\u00fcz, d\u00fcnyan\u0131n farkl\u0131 b\u00f6lgelerinde kentlerin g\u00fc\u00e7 birli\u011fiyle ekonomik s\u0131\u00e7rama ger\u00e7ekle\u015ftirdi\u011fini belirterek, Mersin ile Adana\u2019n\u0131n birlikte hareket etmesi halinde b\u00fcy\u00fck bir sinerji do\u011faca\u011f\u0131n\u0131 s\u00f6yledi. G\u00fcnd\u00fcz, \u201c\u00c7ukurova metropol\u00fcn\u00fcn canlanmas\u0131 laz\u0131m. Yat\u0131r\u0131mlar\u0131n bu tarafa y\u00f6nlendirilmesi gerekiyor. B\u00f6lgesel kalk\u0131nma art\u0131k zorunluluk h\u00e2line geldi\u201d dedi.<\/p>\n\n\n<div class=\"wp-block-image\">\n<figure class=\"aligncenter size-full is-resized\"><img loading=\"lazy\" decoding=\"async\" width=\"1600\" height=\"1200\" src=\"https:\/\/epochtimestr.com\/wp-content\/uploads\/2011y\/WhatsApp-Image-2026-05-17-at-15.03.21.jpeg\" alt=\"\" class=\"wp-image-167365\" style=\"width:840px;height:auto\" srcset=\"https:\/\/epochtimestr.com\/wp-content\/uploads\/2011y\/WhatsApp-Image-2026-05-17-at-15.03.21.jpeg 1600w, https:\/\/epochtimestr.com\/wp-content\/uploads\/2011y\/WhatsApp-Image-2026-05-17-at-15.03.21-300x225.jpeg 300w, https:\/\/epochtimestr.com\/wp-content\/uploads\/2011y\/WhatsApp-Image-2026-05-17-at-15.03.21-150x113.jpeg 150w, https:\/\/epochtimestr.com\/wp-content\/uploads\/2011y\/WhatsApp-Image-2026-05-17-at-15.03.21-768x576.jpeg 768w, https:\/\/epochtimestr.com\/wp-content\/uploads\/2011y\/WhatsApp-Image-2026-05-17-at-15.03.21-1536x1152.jpeg 1536w, https:\/\/epochtimestr.com\/wp-content\/uploads\/2011y\/WhatsApp-Image-2026-05-17-at-15.03.21-86x64.jpeg 86w\" sizes=\"(max-width: 1600px) 100vw, 1600px\" \/><figcaption class=\"wp-element-caption\">Mersin \u0130sti\u015fare Kul\u00fcb\u00fc Ba\u015fkan\u0131 Ferudun G\u00fcnd\u00fcz (Foto\u011fraf: Hikmet Durgun)<\/figcaption><\/figure><\/div>\n\n\n<h3 class=\"wp-block-heading\">\u201cDar Kent\u00e7ilik Yerine Ortak Ak\u0131l\u201d<\/h3>\n\n\n\n<p>Konu\u015fmas\u0131nda liman, havaalan\u0131 ve fuar yat\u0131r\u0131mlar\u0131 \u00fczerinden \u00f6rnekler veren G\u00fcnd\u00fcz, kentler aras\u0131nda rekabet yerine i\u015f birli\u011fi k\u00fclt\u00fcr\u00fcn\u00fcn geli\u015ftirilmesi gerekti\u011fini ifade etti. Ana konteyner liman\u0131, fuarc\u0131l\u0131k ve lojistik gibi stratejik alanlarda bilimsel planlaman\u0131n \u00f6nemine vurgu yapan G\u00fcnd\u00fcz, \u201cKaynaklar\u0131 do\u011fru kullanmak i\u00e7in bilimsel verileri esas almak gerekiyor\u201d diye konu\u015ftu.<\/p>\n\n\n<div class=\"wp-block-image\">\n<figure class=\"aligncenter size-full is-resized\"><img loading=\"lazy\" decoding=\"async\" width=\"1600\" height=\"1200\" src=\"https:\/\/epochtimestr.com\/wp-content\/uploads\/2011y\/WhatsApp-Image-2026-05-17-at-15.03.19.jpeg\" alt=\"\" class=\"wp-image-167366\" style=\"width:840px;height:auto\" srcset=\"https:\/\/epochtimestr.com\/wp-content\/uploads\/2011y\/WhatsApp-Image-2026-05-17-at-15.03.19.jpeg 1600w, https:\/\/epochtimestr.com\/wp-content\/uploads\/2011y\/WhatsApp-Image-2026-05-17-at-15.03.19-300x225.jpeg 300w, https:\/\/epochtimestr.com\/wp-content\/uploads\/2011y\/WhatsApp-Image-2026-05-17-at-15.03.19-150x113.jpeg 150w, https:\/\/epochtimestr.com\/wp-content\/uploads\/2011y\/WhatsApp-Image-2026-05-17-at-15.03.19-768x576.jpeg 768w, https:\/\/epochtimestr.com\/wp-content\/uploads\/2011y\/WhatsApp-Image-2026-05-17-at-15.03.19-1536x1152.jpeg 1536w, https:\/\/epochtimestr.com\/wp-content\/uploads\/2011y\/WhatsApp-Image-2026-05-17-at-15.03.19-86x64.jpeg 86w\" sizes=\"(max-width: 1600px) 100vw, 1600px\" \/><figcaption class=\"wp-element-caption\">Mersin \u0130sti\u015fare Kul\u00fcb\u00fc Ba\u015fkan\u0131 Ferudun G\u00fcnd\u00fcz, \u00c7ukurova Kalk\u0131nma Ajans\u0131 Genel Sekreteri Ahmet R\u0131fat Duran&#8217;a sertifikas\u0131n\u0131 takdim ederken. (Foto\u011fraf: Hikmet Durgun)<\/figcaption><\/figure><\/div>\n\n\n<h3 class=\"wp-block-heading\">\u00c7ukurova Kalk\u0131nma Ajans\u0131: \u201cMersin ve Adana T\u00fcrkiye\u2019nin Alternatif \u00dcretim \u00dcss\u00fc\u201d<\/h3>\n\n\n\n<p>Toplant\u0131n\u0131n konu\u015fmac\u0131lar\u0131ndan \u00c7ukurova Kalk\u0131nma Ajans\u0131 Genel Sekreteri Ahmet R\u0131fat Duran ise b\u00f6lgesel planlama \u00e7al\u0131\u015fmalar\u0131na ili\u015fkin kapsaml\u0131 bilgiler verdi. Duran, Marmara B\u00f6lgesi\u2019nde ya\u015fanan yo\u011funluk ve deprem riskine kar\u015f\u0131 Adana-Mersin hatt\u0131n\u0131n T\u00fcrkiye i\u00e7in stratejik bir alternatif oldu\u011funu belirtti.<\/p>\n\n\n\n<p>\u00c7ukurova Kalk\u0131nma Ajans\u0131\u2019n\u0131n y\u00fcr\u00fctt\u00fc\u011f\u00fc b\u00f6lge planlar\u0131, organize sanayi b\u00f6lgelerinin demiryolu ba\u011flant\u0131lar\u0131, liman projeleri ve mavi ekonomi \u00e7al\u0131\u015fmalar\u0131 hakk\u0131nda bilgi veren Duran, \u201cAdana ve Mersin\u2019i teknik olarak art\u0131k bir kent b\u00f6lge olarak de\u011ferlendiriyoruz\u201d ifadelerini kulland\u0131.<\/p>\n\n\n\n<p>Duran ayr\u0131ca, yeni te\u015fvik sistemiyle birlikte y\u00fcksek katma de\u011ferli ve stratejik sekt\u00f6rlerin desteklenece\u011fini belirterek, \u201c2026 y\u0131l\u0131nda proje ba\u015f\u0131na 301 milyon liraya kadar hibe verilecek yeni bir destek modeli uygulan\u0131yor\u201d dedi.<\/p>\n\n\n<div class=\"wp-block-image\">\n<figure class=\"aligncenter size-large is-resized\"><img loading=\"lazy\" decoding=\"async\" width=\"1600\" height=\"1200\" src=\"https:\/\/epochtimestr.com\/wp-content\/uploads\/2011y\/WhatsApp-Image-2026-05-17-at-15.03.40-1600x1200.jpeg\" alt=\"\" class=\"wp-image-167367\" style=\"width:840px;height:auto\" srcset=\"https:\/\/epochtimestr.com\/wp-content\/uploads\/2011y\/WhatsApp-Image-2026-05-17-at-15.03.40-1600x1200.jpeg 1600w, https:\/\/epochtimestr.com\/wp-content\/uploads\/2011y\/WhatsApp-Image-2026-05-17-at-15.03.40-300x225.jpeg 300w, https:\/\/epochtimestr.com\/wp-content\/uploads\/2011y\/WhatsApp-Image-2026-05-17-at-15.03.40-150x113.jpeg 150w, https:\/\/epochtimestr.com\/wp-content\/uploads\/2011y\/WhatsApp-Image-2026-05-17-at-15.03.40-768x576.jpeg 768w, https:\/\/epochtimestr.com\/wp-content\/uploads\/2011y\/WhatsApp-Image-2026-05-17-at-15.03.40-1536x1152.jpeg 1536w, https:\/\/epochtimestr.com\/wp-content\/uploads\/2011y\/WhatsApp-Image-2026-05-17-at-15.03.40-2048x1536.jpeg 2048w, https:\/\/epochtimestr.com\/wp-content\/uploads\/2011y\/WhatsApp-Image-2026-05-17-at-15.03.40-86x64.jpeg 86w\" sizes=\"(max-width: 1600px) 100vw, 1600px\" \/><figcaption class=\"wp-element-caption\">Mersin Ekonomi Platformu Ba\u015fkan\u0131 Hakan Kayac\u0131. (Foto\u011fraf: Hikmet Durgun)<\/figcaption><\/figure><\/div>\n\n\n<h3 class=\"wp-block-heading\">Savunma Sanayi ve Lojistikte Yeni D\u00f6nem<\/h3>\n\n\n\n<p>Mersin Ekonomi Platformu Ba\u015fkan\u0131 Hakan Kayac\u0131 ise konu\u015fmas\u0131nda b\u00f6lgesel kalk\u0131nman\u0131n yaln\u0131zca \u015fehir \u00f6l\u00e7e\u011finde de\u011fil, b\u00f6lgesel g\u00fc\u00e7 birlikleriyle m\u00fcmk\u00fcn olaca\u011f\u0131n\u0131 s\u00f6yledi. Kayac\u0131, Mersin\u2019in lojistik, liman, havaalan\u0131 ve ula\u015f\u0131m altyap\u0131s\u0131yla \u00f6n\u00fcm\u00fczdeki y\u0131llarda T\u00fcrkiye\u2019nin en stratejik \u015fehirlerinden biri h\u00e2line gelece\u011fini ifade etti.<\/p>\n\n\n\n<p>Savunma sanayinin b\u00f6lge i\u00e7in \u00f6nemli bir f\u0131rsat alan\u0131 oldu\u011funu vurgulayan Kayac\u0131, Do\u011fu Akdeniz Savunma Sanayi K\u00fcmelenmesi Derne\u011fi \u00e7at\u0131s\u0131 alt\u0131nda b\u00f6lgesel bir \u00fcretim a\u011f\u0131 olu\u015fturduklar\u0131n\u0131 s\u00f6yledi. \u0130stanbul\u2019daki SAHA Expo Fuar\u0131\u2019nda Mersin\u2019in \u00f6nemli bir g\u00f6r\u00fcn\u00fcrl\u00fck elde etti\u011fini belirten Kayac\u0131, \u201cSavunma sanayi art\u0131k gelece\u011fin en stratejik sekt\u00f6rlerinden biri. Bu b\u00f6lgenin \u00f6zel te\u015fviklerle desteklenmesi gerekiyor\u201d dedi.<\/p>\n\n\n\n<h3 class=\"wp-block-heading\">\u201cMersin\u2019in Yol Haritas\u0131 Haz\u0131r\u201d<\/h3>\n\n\n\n<p>Kayac\u0131 ayr\u0131ca Mersin Ekonomi Zirvesi kapsam\u0131nda haz\u0131rlanan \u00e7al\u0131\u015ftay raporlar\u0131n\u0131n kentin gelece\u011fi a\u00e7\u0131s\u0131ndan \u00f6nemli bir yol haritas\u0131 olu\u015fturdu\u011funu belirtti. Mersin\u2019in turizm, tar\u0131m, lojistik ve savunma sanayinde b\u00fcy\u00fck potansiyel ta\u015f\u0131d\u0131\u011f\u0131n\u0131 kaydeden Kayac\u0131, \u201cMersin art\u0131k kabu\u011funu k\u0131r\u0131yor. Birlikte hareket edersek gelece\u011fin cazibe merkezlerinden biri olabiliriz\u201d ifadelerini kulland\u0131.<\/p>\n\n\n<div class=\"wp-block-image\">\n<figure class=\"aligncenter size-full\"><img loading=\"lazy\" decoding=\"async\" width=\"1600\" height=\"1200\" src=\"https:\/\/epochtimestr.com\/wp-content\/uploads\/2011y\/WhatsApp-Image-2026-05-17-at-15.03.19-1.jpeg\" alt=\"\" class=\"wp-image-167368\" srcset=\"https:\/\/epochtimestr.com\/wp-content\/uploads\/2011y\/WhatsApp-Image-2026-05-17-at-15.03.19-1.jpeg 1600w, https:\/\/epochtimestr.com\/wp-content\/uploads\/2011y\/WhatsApp-Image-2026-05-17-at-15.03.19-1-300x225.jpeg 300w, https:\/\/epochtimestr.com\/wp-content\/uploads\/2011y\/WhatsApp-Image-2026-05-17-at-15.03.19-1-150x113.jpeg 150w, https:\/\/epochtimestr.com\/wp-content\/uploads\/2011y\/WhatsApp-Image-2026-05-17-at-15.03.19-1-768x576.jpeg 768w, https:\/\/epochtimestr.com\/wp-content\/uploads\/2011y\/WhatsApp-Image-2026-05-17-at-15.03.19-1-1536x1152.jpeg 1536w, https:\/\/epochtimestr.com\/wp-content\/uploads\/2011y\/WhatsApp-Image-2026-05-17-at-15.03.19-1-86x64.jpeg 86w\" sizes=\"(max-width: 1600px) 100vw, 1600px\" \/><figcaption class=\"wp-element-caption\">Gazeteci ve yazar Refik Mehmet Ulu\u011f T\u00fcrkkan. (Foto\u011fraf: Hikmet Durgun)<\/figcaption><\/figure><\/div>\n\n\n<h3 class=\"wp-block-heading\">Mehmet Ulu\u011f T\u00fcrkkan\u2019dan \u201cOrtak Vizyon\u201d Mesaj\u0131<\/h3>\n\n\n\n<p>Gazeteci ve yazar Refik Mehmet Ulu\u011f T\u00fcrkkan ise konu\u015fmas\u0131nda T\u00fcrkiye\u2019de kalk\u0131nma ajanslar\u0131 fikrinin y\u0131llar \u00f6nce Mersin\u2019de tart\u0131\u015f\u0131lmaya ba\u015fland\u0131\u011f\u0131n\u0131 anlatt\u0131. Kentlerin art\u0131k yaln\u0131z ba\u015f\u0131na de\u011fil, b\u00f6lgesel a\u011flarla rekabet etti\u011fini ifade eden T\u00fcrkkan, ortak vizyon ve s\u00fcrd\u00fcr\u00fclebilir planlaman\u0131n \u00f6nemine dikkat \u00e7ekti.<\/p>\n\n\n\n<p>Toplant\u0131da, Do\u011fu Akdeniz\u2019in lojistikten savunma sanayine, liman yat\u0131r\u0131mlar\u0131ndan mavi ekonomiye kadar geni\u015f bir alanda T\u00fcrkiye\u2019nin yeni b\u00fcy\u00fcme ekseni olabilece\u011fi y\u00f6n\u00fcnde g\u00fc\u00e7l\u00fc mesajlar verildi.<\/p>\n\n\n<div class=\"wp-block-image\">\n<figure class=\"aligncenter size-full\"><img loading=\"lazy\" decoding=\"async\" width=\"1600\" height=\"1200\" src=\"https:\/\/epochtimestr.com\/wp-content\/uploads\/2011y\/WhatsApp-Image-2026-05-17-at-15.03.21-1.jpeg\" alt=\"\" class=\"wp-image-167370\" srcset=\"https:\/\/epochtimestr.com\/wp-content\/uploads\/2011y\/WhatsApp-Image-2026-05-17-at-15.03.21-1.jpeg 1600w, https:\/\/epochtimestr.com\/wp-content\/uploads\/2011y\/WhatsApp-Image-2026-05-17-at-15.03.21-1-300x225.jpeg 300w, https:\/\/epochtimestr.com\/wp-content\/uploads\/2011y\/WhatsApp-Image-2026-05-17-at-15.03.21-1-150x113.jpeg 150w, https:\/\/epochtimestr.com\/wp-content\/uploads\/2011y\/WhatsApp-Image-2026-05-17-at-15.03.21-1-768x576.jpeg 768w, https:\/\/epochtimestr.com\/wp-content\/uploads\/2011y\/WhatsApp-Image-2026-05-17-at-15.03.21-1-1536x1152.jpeg 1536w, https:\/\/epochtimestr.com\/wp-content\/uploads\/2011y\/WhatsApp-Image-2026-05-17-at-15.03.21-1-86x64.jpeg 86w\" sizes=\"(max-width: 1600px) 100vw, 1600px\" \/><\/figure><\/div>","protected":false},"excerpt":{"rendered":"<p>Mersin \u0130sti\u015fare Kul\u00fcb\u00fc&#8217;n\u00fcn d\u00fczenledi\u011fi May\u0131s ay\u0131 toplant\u0131s\u0131nda, Mersin ve Adana ekseninde \u015fekillenecek \u201c\u00c7ukurova Metropol\u00fc\u201d vizyonu, b\u00f6lgesel kalk\u0131nma, savunma sanayi, lojistik, liman yat\u0131r\u0131mlar\u0131 ve stratejik planlama ba\u015fl\u0131klar\u0131yla ele al\u0131nd\u0131. Toplant\u0131da konu\u015fan isimler, Do\u011fu Akdeniz\u2019in T\u00fcrkiye\u2019nin yeni kalk\u0131nma merkezi olabilece\u011fine dikkat \u00e7ekti. Toplant\u0131ya konu\u015fmac\u0131 olarak \u00c7ukurova Kalk\u0131nma Ajans\u0131 Genel Sekreteri Ahmet R\u0131fat Duran, Mersin Ekonomi Platformu Ba\u015fkan\u0131 [&hellip;]<\/p>\n","protected":false},"author":12791,"featured_media":167364,"comment_status":"open","ping_status":"open","sticky":false,"template":"","format":"standard","meta":{"_yoast_wpseo_focuskw":"Mersin \u0130sti\u015fare","_yoast_wpseo_title":"","_yoast_wpseo_metadesc":"Mersin \u0130sti\u015fare Kul\u00fcb\u00fc'n\u00fcn d\u00fczenledi\u011fi May\u0131s ay\u0131 toplant\u0131s\u0131nda, Mersin ve Adana ekseninde \u201c\u00c7ukurova Metropol\u00fc\u201d vizyonunu ele ald\u0131.","_bbp_topic_count":0,"_bbp_reply_count":0,"_bbp_total_topic_count":0,"_bbp_total_reply_count":0,"_bbp_voice_count":0,"_bbp_anonymous_reply_count":0,"_bbp_topic_count_hidden":0,"_bbp_reply_count_hidden":0,"_bbp_forum_subforum_count":0,"footnotes":"","_yoast_wpseo_focuskw_text_input":""},"categories":[8225],"tags":[],"yoast_head":"<!-- This site is optimized with the Yoast SEO plugin v23.0 - https:\/\/yoast.com\/wordpress\/plugins\/seo\/ -->\n<title>Mersin \u0130sti\u015fare Kul\u00fcb\u00fc\u2019nden \u201c\u00c7ukurova Metropol\u00fc\u201d Vurgusu: - The Epoch Times TR<\/title>\n<meta name=\"description\" content=\"Mersin \u0130sti\u015fare Kul\u00fcb\u00fc&#039;n\u00fcn d\u00fczenledi\u011fi May\u0131s ay\u0131 toplant\u0131s\u0131nda, Mersin ve Adana ekseninde \u201c\u00c7ukurova Metropol\u00fc\u201d vizyonunu ele ald\u0131.\" \/>\n<meta name=\"robots\" content=\"index, follow, max-snippet:-1, max-image-preview:large, max-video-preview:-1\" \/>\n<link rel=\"canonical\" href=\"https:\/\/epochtimestr.com\/index.php\/mersin-istisare-kulubunden-cukurova-metropolu-vurgusu\" \/>\n<meta property=\"og:locale\" content=\"tr_TR\" \/>\n<meta property=\"og:type\" content=\"article\" \/>\n<meta property=\"og:title\" content=\"Mersin \u0130sti\u015fare Kul\u00fcb\u00fc\u2019nden \u201c\u00c7ukurova Metropol\u00fc\u201d Vurgusu: - The Epoch Times TR\" \/>\n<meta property=\"og:description\" content=\"Mersin \u0130sti\u015fare Kul\u00fcb\u00fc&#039;n\u00fcn d\u00fczenledi\u011fi May\u0131s ay\u0131 toplant\u0131s\u0131nda, Mersin ve Adana ekseninde \u201c\u00c7ukurova Metropol\u00fc\u201d vizyonunu ele ald\u0131.\" \/>\n<meta property=\"og:url\" content=\"https:\/\/epochtimestr.com\/index.php\/mersin-istisare-kulubunden-cukurova-metropolu-vurgusu\" \/>\n<meta property=\"og:site_name\" content=\"The Epoch Times TR\" \/>\n<meta property=\"article:publisher\" content=\"https:\/\/www.facebook.com\/theepochtimestr\" \/>\n<meta property=\"article:published_time\" content=\"2026-05-19T08:10:00+00:00\" \/>\n<meta property=\"article:modified_time\" content=\"2026-05-19T08:35:41+00:00\" \/>\n<meta property=\"og:image\" content=\"https:\/\/epochtimestr.com\/wp-content\/uploads\/2011y\/WhatsApp-Image-2026-05-17-at-15.03.22.jpeg\" \/>\n\t<meta property=\"og:image:width\" content=\"1600\" \/>\n\t<meta property=\"og:image:height\" content=\"1200\" \/>\n\t<meta property=\"og:image:type\" content=\"image\/jpeg\" \/>\n<meta name=\"author\" content=\"Haber Merkezi\" \/>\n<meta name=\"twitter:card\" content=\"summary_large_image\" \/>\n<meta name=\"twitter:creator\" content=\"@TheEpochTimesTR\" \/>\n<meta name=\"twitter:site\" content=\"@TheEpochTimesTR\" \/>\n<meta name=\"twitter:label1\" content=\"Yazan:\" \/>\n\t<meta name=\"twitter:data1\" content=\"Haber Merkezi\" \/>\n\t<meta name=\"twitter:label2\" content=\"Tahmini okuma s\u00fcresi\" \/>\n\t<meta name=\"twitter:data2\" content=\"5 dakika\" \/>\n<script type=\"application\/ld+json\" class=\"yoast-schema-graph\">{\"@context\":\"https:\/\/schema.org\",\"@graph\":[{\"@type\":\"Article\",\"@id\":\"https:\/\/epochtimestr.com\/index.php\/mersin-istisare-kulubunden-cukurova-metropolu-vurgusu#article\",\"isPartOf\":{\"@id\":\"https:\/\/epochtimestr.com\/index.php\/mersin-istisare-kulubunden-cukurova-metropolu-vurgusu\"},\"author\":{\"name\":\"Haber Merkezi\",\"@id\":\"https:\/\/epochtimestr.com\/#\/schema\/person\/3dc5c3adeb9f43923c5aa85889172fdd\"},\"headline\":\"Mersin \u0130sti\u015fare Kul\u00fcb\u00fc\u2019nden \u201c\u00c7ukurova Metropol\u00fc\u201d Vurgusu:\",\"datePublished\":\"2026-05-19T08:10:00+00:00\",\"dateModified\":\"2026-05-19T08:35:41+00:00\",\"mainEntityOfPage\":{\"@id\":\"https:\/\/epochtimestr.com\/index.php\/mersin-istisare-kulubunden-cukurova-metropolu-vurgusu\"},\"wordCount\":835,\"commentCount\":0,\"publisher\":{\"@id\":\"https:\/\/epochtimestr.com\/#organization\"},\"image\":{\"@id\":\"https:\/\/epochtimestr.com\/index.php\/mersin-istisare-kulubunden-cukurova-metropolu-vurgusu#primaryimage\"},\"thumbnailUrl\":\"https:\/\/epochtimestr.com\/wp-content\/uploads\/2011y\/WhatsApp-Image-2026-05-17-at-15.03.22.jpeg\",\"articleSection\":[\"Ekonomi\"],\"inLanguage\":\"tr\",\"potentialAction\":[{\"@type\":\"CommentAction\",\"name\":\"Comment\",\"target\":[\"https:\/\/epochtimestr.com\/index.php\/mersin-istisare-kulubunden-cukurova-metropolu-vurgusu#respond\"]}]},{\"@type\":\"WebPage\",\"@id\":\"https:\/\/epochtimestr.com\/index.php\/mersin-istisare-kulubunden-cukurova-metropolu-vurgusu\",\"url\":\"https:\/\/epochtimestr.com\/index.php\/mersin-istisare-kulubunden-cukurova-metropolu-vurgusu\",\"name\":\"Mersin \u0130sti\u015fare Kul\u00fcb\u00fc\u2019nden \u201c\u00c7ukurova Metropol\u00fc\u201d Vurgusu: - The Epoch Times TR\",\"isPartOf\":{\"@id\":\"https:\/\/epochtimestr.com\/#website\"},\"primaryImageOfPage\":{\"@id\":\"https:\/\/epochtimestr.com\/index.php\/mersin-istisare-kulubunden-cukurova-metropolu-vurgusu#primaryimage\"},\"image\":{\"@id\":\"https:\/\/epochtimestr.com\/index.php\/mersin-istisare-kulubunden-cukurova-metropolu-vurgusu#primaryimage\"},\"thumbnailUrl\":\"https:\/\/epochtimestr.com\/wp-content\/uploads\/2011y\/WhatsApp-Image-2026-05-17-at-15.03.22.jpeg\",\"datePublished\":\"2026-05-19T08:10:00+00:00\",\"dateModified\":\"2026-05-19T08:35:41+00:00\",\"description\":\"Mersin \u0130sti\u015fare Kul\u00fcb\u00fc'n\u00fcn d\u00fczenledi\u011fi May\u0131s ay\u0131 toplant\u0131s\u0131nda, Mersin ve Adana ekseninde \u201c\u00c7ukurova Metropol\u00fc\u201d vizyonunu ele ald\u0131.\",\"inLanguage\":\"tr\",\"potentialAction\":[{\"@type\":\"ReadAction\",\"target\":[\"https:\/\/epochtimestr.com\/index.php\/mersin-istisare-kulubunden-cukurova-metropolu-vurgusu\"]}]},{\"@type\":\"ImageObject\",\"inLanguage\":\"tr\",\"@id\":\"https:\/\/epochtimestr.com\/index.php\/mersin-istisare-kulubunden-cukurova-metropolu-vurgusu#primaryimage\",\"url\":\"https:\/\/epochtimestr.com\/wp-content\/uploads\/2011y\/WhatsApp-Image-2026-05-17-at-15.03.22.jpeg\",\"contentUrl\":\"https:\/\/epochtimestr.com\/wp-content\/uploads\/2011y\/WhatsApp-Image-2026-05-17-at-15.03.22.jpeg\",\"width\":1600,\"height\":1200},{\"@type\":\"WebSite\",\"@id\":\"https:\/\/epochtimestr.com\/#website\",\"url\":\"https:\/\/epochtimestr.com\/\",\"name\":\"The Epoch Times TR\",\"description\":\"De\u011fi\u015fen D\u00fcnyam\u0131za Taze Bir Bak\u0131\u015f\",\"publisher\":{\"@id\":\"https:\/\/epochtimestr.com\/#organization\"},\"potentialAction\":[{\"@type\":\"SearchAction\",\"target\":{\"@type\":\"EntryPoint\",\"urlTemplate\":\"https:\/\/epochtimestr.com\/?s={search_term_string}\"},\"query-input\":\"required name=search_term_string\"}],\"inLanguage\":\"tr\"},{\"@type\":\"Organization\",\"@id\":\"https:\/\/epochtimestr.com\/#organization\",\"name\":\"The EpochTimes T\u00fcrkiye\",\"url\":\"https:\/\/epochtimestr.com\/\",\"logo\":{\"@type\":\"ImageObject\",\"inLanguage\":\"tr\",\"@id\":\"https:\/\/epochtimestr.com\/#\/schema\/logo\/image\/\",\"url\":\"https:\/\/epochtimestr.com\/wp-content\/uploads\/2011y\/ET-Logo-YG.jpg\",\"contentUrl\":\"https:\/\/epochtimestr.com\/wp-content\/uploads\/2011y\/ET-Logo-YG.jpg\",\"width\":346,\"height\":29,\"caption\":\"The EpochTimes T\u00fcrkiye\"},\"image\":{\"@id\":\"https:\/\/epochtimestr.com\/#\/schema\/logo\/image\/\"},\"sameAs\":[\"https:\/\/www.facebook.com\/theepochtimestr\",\"https:\/\/x.com\/TheEpochTimesTR\",\"https:\/\/www.instagram.com\/epochtimestr\"]},{\"@type\":\"Person\",\"@id\":\"https:\/\/epochtimestr.com\/#\/schema\/person\/3dc5c3adeb9f43923c5aa85889172fdd\",\"name\":\"Haber Merkezi\",\"image\":{\"@type\":\"ImageObject\",\"inLanguage\":\"tr\",\"@id\":\"https:\/\/epochtimestr.com\/#\/schema\/person\/image\/\",\"url\":\"https:\/\/secure.gravatar.com\/avatar\/d73f772ba5a74f28601361e17c2f93e6?s=96&d=mm&r=g\",\"contentUrl\":\"https:\/\/secure.gravatar.com\/avatar\/d73f772ba5a74f28601361e17c2f93e6?s=96&d=mm&r=g\",\"caption\":\"Haber Merkezi\"},\"url\":\"https:\/\/epochtimestr.com\/index.php\/author\/sendag\"}]}<\/script>\n<!-- \/ Yoast SEO plugin. -->","yoast_head_json":{"title":"Mersin \u0130sti\u015fare Kul\u00fcb\u00fc\u2019nden \u201c\u00c7ukurova Metropol\u00fc\u201d Vurgusu: - The Epoch Times TR","description":"Mersin \u0130sti\u015fare Kul\u00fcb\u00fc'n\u00fcn d\u00fczenledi\u011fi May\u0131s ay\u0131 toplant\u0131s\u0131nda, Mersin ve Adana ekseninde \u201c\u00c7ukurova Metropol\u00fc\u201d vizyonunu ele ald\u0131.","robots":{"index":"index","follow":"follow","max-snippet":"max-snippet:-1","max-image-preview":"max-image-preview:large","max-video-preview":"max-video-preview:-1"},"canonical":"https:\/\/epochtimestr.com\/index.php\/mersin-istisare-kulubunden-cukurova-metropolu-vurgusu","og_locale":"tr_TR","og_type":"article","og_title":"Mersin \u0130sti\u015fare Kul\u00fcb\u00fc\u2019nden \u201c\u00c7ukurova Metropol\u00fc\u201d Vurgusu: - The Epoch Times TR","og_description":"Mersin \u0130sti\u015fare Kul\u00fcb\u00fc'n\u00fcn d\u00fczenledi\u011fi May\u0131s ay\u0131 toplant\u0131s\u0131nda, Mersin ve Adana ekseninde \u201c\u00c7ukurova Metropol\u00fc\u201d vizyonunu ele ald\u0131.","og_url":"https:\/\/epochtimestr.com\/index.php\/mersin-istisare-kulubunden-cukurova-metropolu-vurgusu","og_site_name":"The Epoch Times TR","article_publisher":"https:\/\/www.facebook.com\/theepochtimestr","article_published_time":"2026-05-19T08:10:00+00:00","article_modified_time":"2026-05-19T08:35:41+00:00","og_image":[{"width":1600,"height":1200,"url":"https:\/\/epochtimestr.com\/wp-content\/uploads\/2011y\/WhatsApp-Image-2026-05-17-at-15.03.22.jpeg","type":"image\/jpeg"}],"author":"Haber Merkezi","twitter_card":"summary_large_image","twitter_creator":"@TheEpochTimesTR","twitter_site":"@TheEpochTimesTR","twitter_misc":{"Yazan:":"Haber Merkezi","Tahmini okuma s\u00fcresi":"5 dakika"},"schema":{"@context":"https:\/\/schema.org","@graph":[{"@type":"Article","@id":"https:\/\/epochtimestr.com\/index.php\/mersin-istisare-kulubunden-cukurova-metropolu-vurgusu#article","isPartOf":{"@id":"https:\/\/epochtimestr.com\/index.php\/mersin-istisare-kulubunden-cukurova-metropolu-vurgusu"},"author":{"name":"Haber Merkezi","@id":"https:\/\/epochtimestr.com\/#\/schema\/person\/3dc5c3adeb9f43923c5aa85889172fdd"},"headline":"Mersin \u0130sti\u015fare Kul\u00fcb\u00fc\u2019nden \u201c\u00c7ukurova Metropol\u00fc\u201d Vurgusu:","datePublished":"2026-05-19T08:10:00+00:00","dateModified":"2026-05-19T08:35:41+00:00","mainEntityOfPage":{"@id":"https:\/\/epochtimestr.com\/index.php\/mersin-istisare-kulubunden-cukurova-metropolu-vurgusu"},"wordCount":835,"commentCount":0,"publisher":{"@id":"https:\/\/epochtimestr.com\/#organization"},"image":{"@id":"https:\/\/epochtimestr.com\/index.php\/mersin-istisare-kulubunden-cukurova-metropolu-vurgusu#primaryimage"},"thumbnailUrl":"https:\/\/epochtimestr.com\/wp-content\/uploads\/2011y\/WhatsApp-Image-2026-05-17-at-15.03.22.jpeg","articleSection":["Ekonomi"],"inLanguage":"tr","potentialAction":[{"@type":"CommentAction","name":"Comment","target":["https:\/\/epochtimestr.com\/index.php\/mersin-istisare-kulubunden-cukurova-metropolu-vurgusu#respond"]}]},{"@type":"WebPage","@id":"https:\/\/epochtimestr.com\/index.php\/mersin-istisare-kulubunden-cukurova-metropolu-vurgusu","url":"https:\/\/epochtimestr.com\/index.php\/mersin-istisare-kulubunden-cukurova-metropolu-vurgusu","name":"Mersin \u0130sti\u015fare Kul\u00fcb\u00fc\u2019nden \u201c\u00c7ukurova Metropol\u00fc\u201d Vurgusu: - The Epoch Times TR","isPartOf":{"@id":"https:\/\/epochtimestr.com\/#website"},"primaryImageOfPage":{"@id":"https:\/\/epochtimestr.com\/index.php\/mersin-istisare-kulubunden-cukurova-metropolu-vurgusu#primaryimage"},"image":{"@id":"https:\/\/epochtimestr.com\/index.php\/mersin-istisare-kulubunden-cukurova-metropolu-vurgusu#primaryimage"},"thumbnailUrl":"https:\/\/epochtimestr.com\/wp-content\/uploads\/2011y\/WhatsApp-Image-2026-05-17-at-15.03.22.jpeg","datePublished":"2026-05-19T08:10:00+00:00","dateModified":"2026-05-19T08:35:41+00:00","description":"Mersin \u0130sti\u015fare Kul\u00fcb\u00fc'n\u00fcn d\u00fczenledi\u011fi May\u0131s ay\u0131 toplant\u0131s\u0131nda, Mersin ve Adana ekseninde \u201c\u00c7ukurova Metropol\u00fc\u201d vizyonunu ele ald\u0131.","inLanguage":"tr","potentialAction":[{"@type":"ReadAction","target":["https:\/\/epochtimestr.com\/index.php\/mersin-istisare-kulubunden-cukurova-metropolu-vurgusu"]}]},{"@type":"ImageObject","inLanguage":"tr","@id":"https:\/\/epochtimestr.com\/index.php\/mersin-istisare-kulubunden-cukurova-metropolu-vurgusu#primaryimage","url":"https:\/\/epochtimestr.com\/wp-content\/uploads\/2011y\/WhatsApp-Image-2026-05-17-at-15.03.22.jpeg","contentUrl":"https:\/\/epochtimestr.com\/wp-content\/uploads\/2011y\/WhatsApp-Image-2026-05-17-at-15.03.22.jpeg","width":1600,"height":1200},{"@type":"WebSite","@id":"https:\/\/epochtimestr.com\/#website","url":"https:\/\/epochtimestr.com\/","name":"The Epoch Times TR","description":"De\u011fi\u015fen D\u00fcnyam\u0131za Taze Bir Bak\u0131\u015f","publisher":{"@id":"https:\/\/epochtimestr.com\/#organization"},"potentialAction":[{"@type":"SearchAction","target":{"@type":"EntryPoint","urlTemplate":"https:\/\/epochtimestr.com\/?s={search_term_string}"},"query-input":"required name=search_term_string"}],"inLanguage":"tr"},{"@type":"Organization","@id":"https:\/\/epochtimestr.com\/#organization","name":"The EpochTimes T\u00fcrkiye","url":"https:\/\/epochtimestr.com\/","logo":{"@type":"ImageObject","inLanguage":"tr","@id":"https:\/\/epochtimestr.com\/#\/schema\/logo\/image\/","url":"https:\/\/epochtimestr.com\/wp-content\/uploads\/2011y\/ET-Logo-YG.jpg","contentUrl":"https:\/\/epochtimestr.com\/wp-content\/uploads\/2011y\/ET-Logo-YG.jpg","width":346,"height":29,"caption":"The EpochTimes T\u00fcrkiye"},"image":{"@id":"https:\/\/epochtimestr.com\/#\/schema\/logo\/image\/"},"sameAs":["https:\/\/www.facebook.com\/theepochtimestr","https:\/\/x.com\/TheEpochTimesTR","https:\/\/www.instagram.com\/epochtimestr"]},{"@type":"Person","@id":"https:\/\/epochtimestr.com\/#\/schema\/person\/3dc5c3adeb9f43923c5aa85889172fdd","name":"Haber Merkezi","image":{"@type":"ImageObject","inLanguage":"tr","@id":"https:\/\/epochtimestr.com\/#\/schema\/person\/image\/","url":"https:\/\/secure.gravatar.com\/avatar\/d73f772ba5a74f28601361e17c2f93e6?s=96&d=mm&r=g","contentUrl":"https:\/\/secure.gravatar.com\/avatar\/d73f772ba5a74f28601361e17c2f93e6?s=96&d=mm&r=g","caption":"Haber Merkezi"},"url":"https:\/\/epochtimestr.com\/index.php\/author\/sendag"}]}},"_links":{"self":[{"href":"https:\/\/epochtimestr.com\/index.php\/wp-json\/wp\/v2\/posts\/167362"}],"collection":[{"href":"https:\/\/epochtimestr.com\/index.php\/wp-json\/wp\/v2\/posts"}],"about":[{"href":"https:\/\/epochtimestr.com\/index.php\/wp-json\/wp\/v2\/types\/post"}],"author":[{"embeddable":true,"href":"https:\/\/epochtimestr.com\/index.php\/wp-json\/wp\/v2\/users\/12791"}],"replies":[{"embeddable":true,"href":"https:\/\/epochtimestr.com\/index.php\/wp-json\/wp\/v2\/comments?post=167362"}],"version-history":[{"count":2,"href":"https:\/\/epochtimestr.com\/index.php\/wp-json\/wp\/v2\/posts\/167362\/revisions"}],"predecessor-version":[{"id":167380,"href":"https:\/\/epochtimestr.com\/index.php\/wp-json\/wp\/v2\/posts\/167362\/revisions\/167380"}],"wp:featuredmedia":[{"embeddable":true,"href":"https:\/\/epochtimestr.com\/index.php\/wp-json\/wp\/v2\/media\/167364"}],"wp:attachment":[{"href":"https:\/\/epochtimestr.com\/index.php\/wp-json\/wp\/v2\/media?parent=167362"}],"wp:term":[{"taxonomy":"category","embeddable":true,"href":"https:\/\/epochtimestr.com\/index.php\/wp-json\/wp\/v2\/categories?post=167362"},{"taxonomy":"post_tag","embeddable":true,"href":"https:\/\/epochtimestr.com\/index.php\/wp-json\/wp\/v2\/tags?post=167362"}],"curies":[{"name":"wp","href":"https:\/\/api.w.org\/{rel}","templated":true}]}}