{"id":167363,"date":"2026-05-19T13:12:20","date_gmt":"2026-05-19T10:12:20","guid":{"rendered":"https:\/\/epochtimestr.com\/?p=167363"},"modified":"2026-05-19T13:12:24","modified_gmt":"2026-05-19T10:12:24","slug":"israil-teroristlere-olum-cezasi-uygulamaya-basladi","status":"publish","type":"post","link":"https:\/\/epochtimestr.com\/index.php\/israil-teroristlere-olum-cezasi-uygulamaya-basladi","title":{"rendered":"\u0130srail Ter\u00f6ristlere \u00d6l\u00fcm Cezas\u0131 Uygulamaya Ba\u015flad\u0131"},"content":{"rendered":"<div class=\"wp-block-image\">\n<figure class=\"aligncenter size-full\"><img loading=\"lazy\" decoding=\"async\" width=\"1200\" height=\"787\" src=\"https:\/\/epochtimestr.com\/wp-content\/uploads\/2011y\/1000038973.jpg\" alt=\"\u0130srail, Bat\u0131 \u015eeria\u2019daki ter\u00f6r sald\u0131r\u0131lar\u0131nda su\u00e7lu Filistinlilere \u00f6l\u00fcm cezas\u0131 uygulamaya ba\u015flad\u0131. Yeni yasa ve \u00f6zel mahkeme detaylar\u0131.   18 Kas\u0131m 2025\u2019te \u0130srail, A\u015fkelon\u2019da \u0130srail bayra\u011f\u0131 dalgalan\u0131yor. (Foto\u011fraf: John Fredricks\/The Epoch Times)\" class=\"wp-image-167369\" srcset=\"https:\/\/epochtimestr.com\/wp-content\/uploads\/2011y\/1000038973.jpg 1200w, https:\/\/epochtimestr.com\/wp-content\/uploads\/2011y\/1000038973-300x197.jpg 300w, https:\/\/epochtimestr.com\/wp-content\/uploads\/2011y\/1000038973-150x98.jpg 150w, https:\/\/epochtimestr.com\/wp-content\/uploads\/2011y\/1000038973-768x504.jpg 768w\" sizes=\"(max-width: 1200px) 100vw, 1200px\" \/><figcaption class=\"wp-element-caption\">\u0130srail, Bat\u0131 \u015eeria\u2019daki ter\u00f6r sald\u0131r\u0131lar\u0131nda su\u00e7lu Filistinlilere \u00f6l\u00fcm cezas\u0131 uygulamaya ba\u015flad\u0131. 18 Kas\u0131m 2025\u2019te \u0130srail, A\u015fkelon\u2019da dalgalanan \u0130srail bayra\u011f\u0131. (Foto\u011fraf: John Fredricks, The Epoch Times)<\/figcaption><\/figure><\/div>\n\n\n<p>\u0130srail, Bat\u0131 \u015eeria\u2019dan gelen ve \u00f6l\u00fcme yol a\u00e7an ter\u00f6r sald\u0131r\u0131lar\u0131nda su\u00e7lu bulunan Filistinlilere \u00f6l\u00fcm cezas\u0131 uygulanmas\u0131n\u0131 \u00f6ng\u00f6ren yasay\u0131 y\u00fcr\u00fcrl\u00fc\u011fe koydu. Karar, \u0130srail Savunma Kuvvetleri (IDF) Merkez Komutan\u0131 T\u00fcmgeneral Avi Bluth\u2019un <a href=\"https:\/\/www.theepochtimes.com\/world\/israeli-death-penalty-for-terrorists-law-is-signed-into-effect-6027227\" target=\"_blank\" rel=\"noreferrer noopener\">17 May\u0131s 2026\u2019da<\/a> imzalad\u0131\u011f\u0131 askeri emirle resmiyet kazand\u0131.<\/p>\n\n\n\n<p>Yeni emir, ter\u00f6r sald\u0131r\u0131s\u0131 sonucu \u00f6l\u00fcmle sonu\u00e7lanan davalarda, askeri mahkemelerin \u00f6l\u00fcm cezas\u0131n\u0131 uygulamas\u0131n\u0131 zorunlu k\u0131l\u0131yor. Ancak mahkeme, yaln\u0131zca \u00f6zel durumlarda \u00f6m\u00fcr boyu hapis cezas\u0131na h\u00fckmedebiliyor. Bu yasa, Mart ay\u0131nda \u0130srail Parlamentosu Knesset\u2019te 62\u2019ye 48 oyla kabul edilmi\u015fti.<\/p>\n\n\n\n<p>Savunma Bakan\u0131 Israel Katz, Bluth\u2019un onay\u0131n\u0131 talep etti ve T\u00fcmgeneral bu iste\u011fi kabul etti. Bakanlar Katz ve Ulusal G\u00fcvenlik Bakan\u0131 Itmar Ben Gvir, karar\u0131 \u201cter\u00f6r kar\u015f\u0131s\u0131nda kararl\u0131 ad\u0131m\u201d olarak nitelendirdi. A\u00e7\u0131klamada, \u201cYahudilere y\u00f6nelik \u00f6ld\u00fcr\u00fcc\u00fc ter\u00f6rizm yolunu se\u00e7enler art\u0131k cezadan ka\u00e7amayacak\u201d ifadeleri yer ald\u0131.<\/p>\n\n\n\n<p>Otzma Yehudit partisinden Ben Gvir, karar\u0131n partisinin se\u00e7im vaadini yerine getirdi\u011fini belirtti. \u201cEkim 2023 katliam\u0131ndan sonra \u0130srail politikay\u0131 de\u011fi\u015ftirdi. Ter\u00f6r kar\u015f\u0131s\u0131nda kararl\u0131 hareket ediyoruz\u201d dedi.<\/p>\n\n\n\n<p>\u00d6te yandan, Arap az\u0131nl\u0131k haklar\u0131 savunucusu Adalah ve baz\u0131 Knesset \u00fcyeleri yasan\u0131n iptali i\u00e7in \u0130srail Y\u00fcksek Mahkemesi\u2019ne ba\u015fvurdu. Mahkeme, devletin 24 May\u0131s\u2019a kadar yan\u0131t vermesini istedi.<\/p>\n\n\n\n<p><strong>\u00d6zel Mahkeme ve Canl\u0131 Yay\u0131nlanan Duru\u015fmalar<\/strong><\/p>\n\n\n\n<p>May\u0131s ay\u0131nda kabul edilen ayr\u0131 bir yasa \u00f6zel bir mahkeme kuruyor. Bu mahkemeninEkim 2023 sald\u0131r\u0131lar\u0131nda su\u00e7lu bulunan Filistinlilere \u00f6l\u00fcm cezas\u0131 verme yetkisi olacak. Ayr\u0131ca duru\u015fmalar Kud\u00fcs\u2019te canl\u0131 yay\u0131nlanacak ve temyizleri ayr\u0131, \u00f6zel bir mahkeme taraf\u0131ndan de\u011ferlendirilecek. Adalah, yasan\u0131n san\u0131klara temel adil yarg\u0131lanma haklar\u0131 tan\u0131mad\u0131\u011f\u0131n\u0131 belirtti.<\/p>\n\n\n\n<p>Yeni yasaya g\u00f6re, \u00f6l\u00fcmle cezaland\u0131r\u0131lan ki\u015filerin idam edilme s\u00fcresi karar kesinle\u015ftikten sonra 90 g\u00fcn olacak.<\/p>\n","protected":false},"excerpt":{"rendered":"<p>\u0130srail, Bat\u0131 \u015eeria\u2019dan gelen ve \u00f6l\u00fcme yol a\u00e7an ter\u00f6r sald\u0131r\u0131lar\u0131nda su\u00e7lu bulunan Filistinlilere \u00f6l\u00fcm cezas\u0131 uygulanmas\u0131n\u0131 \u00f6ng\u00f6ren yasay\u0131 y\u00fcr\u00fcrl\u00fc\u011fe koydu. Karar, \u0130srail Savunma Kuvvetleri (IDF) Merkez Komutan\u0131 T\u00fcmgeneral Avi Bluth\u2019un 17 May\u0131s 2026\u2019da imzalad\u0131\u011f\u0131 askeri emirle resmiyet kazand\u0131. Yeni emir, ter\u00f6r sald\u0131r\u0131s\u0131 sonucu \u00f6l\u00fcmle sonu\u00e7lanan davalarda, askeri mahkemelerin \u00f6l\u00fcm cezas\u0131n\u0131 uygulamas\u0131n\u0131 zorunlu k\u0131l\u0131yor. Ancak mahkeme, [&hellip;]<\/p>\n","protected":false},"author":13996,"featured_media":167369,"comment_status":"open","ping_status":"open","sticky":false,"template":"","format":"standard","meta":{"_yoast_wpseo_focuskw":"\u0130srail - \u00f6l\u00fcm cezas\u0131","_yoast_wpseo_title":"","_yoast_wpseo_metadesc":"\u0130srail, Bat\u0131 \u015eeria\u2019dan gelen ve \u00f6l\u00fcme yol a\u00e7an ter\u00f6r sald\u0131r\u0131lar\u0131nda su\u00e7lu bulunan Filistinlilere \u00f6l\u00fcm cezas\u0131 \u00f6ng\u00f6ren yasay\u0131 y\u00fcr\u00fcrl\u00fc\u011fe koydu.","_bbp_topic_count":0,"_bbp_reply_count":0,"_bbp_total_topic_count":0,"_bbp_total_reply_count":0,"_bbp_voice_count":0,"_bbp_anonymous_reply_count":0,"_bbp_topic_count_hidden":0,"_bbp_reply_count_hidden":0,"_bbp_forum_subforum_count":0,"footnotes":"","_yoast_wpseo_focuskw_text_input":""},"categories":[5,1,8138],"tags":[11409,9191,11405,11411,11410,11412],"yoast_head":"<!-- This site is optimized with the Yoast SEO plugin v23.0 - https:\/\/yoast.com\/wordpress\/plugins\/seo\/ -->\n<title>\u0130srail Ter\u00f6ristlere \u00d6l\u00fcm Cezas\u0131 Uygulamaya Ba\u015flad\u0131 - The Epoch Times TR<\/title>\n<meta name=\"description\" content=\"\u0130srail, Bat\u0131 \u015eeria\u2019dan gelen ve \u00f6l\u00fcme yol a\u00e7an ter\u00f6r sald\u0131r\u0131lar\u0131nda su\u00e7lu bulunan Filistinlilere \u00f6l\u00fcm cezas\u0131 \u00f6ng\u00f6ren yasay\u0131 y\u00fcr\u00fcrl\u00fc\u011fe koydu.\" \/>\n<meta name=\"robots\" content=\"index, follow, max-snippet:-1, max-image-preview:large, max-video-preview:-1\" \/>\n<link rel=\"canonical\" href=\"https:\/\/epochtimestr.com\/index.php\/israil-teroristlere-olum-cezasi-uygulamaya-basladi\" \/>\n<meta property=\"og:locale\" content=\"tr_TR\" \/>\n<meta property=\"og:type\" content=\"article\" \/>\n<meta property=\"og:title\" content=\"\u0130srail Ter\u00f6ristlere \u00d6l\u00fcm Cezas\u0131 Uygulamaya Ba\u015flad\u0131 - The Epoch Times TR\" \/>\n<meta property=\"og:description\" content=\"\u0130srail, Bat\u0131 \u015eeria\u2019dan gelen ve \u00f6l\u00fcme yol a\u00e7an ter\u00f6r sald\u0131r\u0131lar\u0131nda su\u00e7lu bulunan Filistinlilere \u00f6l\u00fcm cezas\u0131 \u00f6ng\u00f6ren yasay\u0131 y\u00fcr\u00fcrl\u00fc\u011fe koydu.\" \/>\n<meta property=\"og:url\" content=\"https:\/\/epochtimestr.com\/index.php\/israil-teroristlere-olum-cezasi-uygulamaya-basladi\" \/>\n<meta property=\"og:site_name\" content=\"The Epoch Times TR\" \/>\n<meta property=\"article:publisher\" content=\"https:\/\/www.facebook.com\/theepochtimestr\" \/>\n<meta property=\"article:published_time\" content=\"2026-05-19T10:12:20+00:00\" \/>\n<meta property=\"article:modified_time\" content=\"2026-05-19T10:12:24+00:00\" \/>\n<meta property=\"og:image\" content=\"https:\/\/epochtimestr.com\/wp-content\/uploads\/2011y\/1000038973.jpg\" \/>\n\t<meta property=\"og:image:width\" content=\"1200\" \/>\n\t<meta property=\"og:image:height\" content=\"787\" \/>\n\t<meta property=\"og:image:type\" content=\"image\/jpeg\" \/>\n<meta name=\"author\" content=\"Leo Bajelan\" \/>\n<meta name=\"twitter:card\" content=\"summary_large_image\" \/>\n<meta name=\"twitter:creator\" content=\"@TheEpochTimesTR\" \/>\n<meta name=\"twitter:site\" content=\"@TheEpochTimesTR\" \/>\n<meta name=\"twitter:label1\" content=\"Yazan:\" \/>\n\t<meta name=\"twitter:data1\" content=\"Leo Bajelan\" \/>\n\t<meta name=\"twitter:label2\" content=\"Tahmini okuma s\u00fcresi\" \/>\n\t<meta name=\"twitter:data2\" content=\"2 dakika\" \/>\n<script type=\"application\/ld+json\" class=\"yoast-schema-graph\">{\"@context\":\"https:\/\/schema.org\",\"@graph\":[{\"@type\":\"Article\",\"@id\":\"https:\/\/epochtimestr.com\/index.php\/israil-teroristlere-olum-cezasi-uygulamaya-basladi#article\",\"isPartOf\":{\"@id\":\"https:\/\/epochtimestr.com\/index.php\/israil-teroristlere-olum-cezasi-uygulamaya-basladi\"},\"author\":{\"name\":\"Leo Bajelan\",\"@id\":\"https:\/\/epochtimestr.com\/#\/schema\/person\/5fef218711d76d8f232b0e1f1d7e4c0d\"},\"headline\":\"\u0130srail Ter\u00f6ristlere \u00d6l\u00fcm Cezas\u0131 Uygulamaya Ba\u015flad\u0131\",\"datePublished\":\"2026-05-19T10:12:20+00:00\",\"dateModified\":\"2026-05-19T10:12:24+00:00\",\"mainEntityOfPage\":{\"@id\":\"https:\/\/epochtimestr.com\/index.php\/israil-teroristlere-olum-cezasi-uygulamaya-basladi\"},\"wordCount\":373,\"commentCount\":0,\"publisher\":{\"@id\":\"https:\/\/epochtimestr.com\/#organization\"},\"image\":{\"@id\":\"https:\/\/epochtimestr.com\/index.php\/israil-teroristlere-olum-cezasi-uygulamaya-basladi#primaryimage\"},\"thumbnailUrl\":\"https:\/\/epochtimestr.com\/wp-content\/uploads\/2011y\/1000038973.jpg\",\"keywords\":[\"Filistinliler\",\"IDF\",\"\u0130srail \u00f6l\u00fcm cezas\u0131\",\"\u0130srail Parlamentosu\",\"ter\u00f6r sald\u0131r\u0131lar\u0131\",\"Yahudiler\"],\"articleSection\":[\"D\u00dcNYA\",\"G\u00dcNDEM\",\"MAN\u015eET\"],\"inLanguage\":\"tr\",\"potentialAction\":[{\"@type\":\"CommentAction\",\"name\":\"Comment\",\"target\":[\"https:\/\/epochtimestr.com\/index.php\/israil-teroristlere-olum-cezasi-uygulamaya-basladi#respond\"]}]},{\"@type\":\"WebPage\",\"@id\":\"https:\/\/epochtimestr.com\/index.php\/israil-teroristlere-olum-cezasi-uygulamaya-basladi\",\"url\":\"https:\/\/epochtimestr.com\/index.php\/israil-teroristlere-olum-cezasi-uygulamaya-basladi\",\"name\":\"\u0130srail Ter\u00f6ristlere \u00d6l\u00fcm Cezas\u0131 Uygulamaya Ba\u015flad\u0131 - The Epoch Times TR\",\"isPartOf\":{\"@id\":\"https:\/\/epochtimestr.com\/#website\"},\"primaryImageOfPage\":{\"@id\":\"https:\/\/epochtimestr.com\/index.php\/israil-teroristlere-olum-cezasi-uygulamaya-basladi#primaryimage\"},\"image\":{\"@id\":\"https:\/\/epochtimestr.com\/index.php\/israil-teroristlere-olum-cezasi-uygulamaya-basladi#primaryimage\"},\"thumbnailUrl\":\"https:\/\/epochtimestr.com\/wp-content\/uploads\/2011y\/1000038973.jpg\",\"datePublished\":\"2026-05-19T10:12:20+00:00\",\"dateModified\":\"2026-05-19T10:12:24+00:00\",\"description\":\"\u0130srail, Bat\u0131 \u015eeria\u2019dan gelen ve \u00f6l\u00fcme yol a\u00e7an ter\u00f6r sald\u0131r\u0131lar\u0131nda su\u00e7lu bulunan Filistinlilere \u00f6l\u00fcm cezas\u0131 \u00f6ng\u00f6ren yasay\u0131 y\u00fcr\u00fcrl\u00fc\u011fe koydu.\",\"inLanguage\":\"tr\",\"potentialAction\":[{\"@type\":\"ReadAction\",\"target\":[\"https:\/\/epochtimestr.com\/index.php\/israil-teroristlere-olum-cezasi-uygulamaya-basladi\"]}]},{\"@type\":\"ImageObject\",\"inLanguage\":\"tr\",\"@id\":\"https:\/\/epochtimestr.com\/index.php\/israil-teroristlere-olum-cezasi-uygulamaya-basladi#primaryimage\",\"url\":\"https:\/\/epochtimestr.com\/wp-content\/uploads\/2011y\/1000038973.jpg\",\"contentUrl\":\"https:\/\/epochtimestr.com\/wp-content\/uploads\/2011y\/1000038973.jpg\",\"width\":1200,\"height\":787},{\"@type\":\"WebSite\",\"@id\":\"https:\/\/epochtimestr.com\/#website\",\"url\":\"https:\/\/epochtimestr.com\/\",\"name\":\"The Epoch Times TR\",\"description\":\"De\u011fi\u015fen D\u00fcnyam\u0131za Taze Bir Bak\u0131\u015f\",\"publisher\":{\"@id\":\"https:\/\/epochtimestr.com\/#organization\"},\"potentialAction\":[{\"@type\":\"SearchAction\",\"target\":{\"@type\":\"EntryPoint\",\"urlTemplate\":\"https:\/\/epochtimestr.com\/?s={search_term_string}\"},\"query-input\":\"required name=search_term_string\"}],\"inLanguage\":\"tr\"},{\"@type\":\"Organization\",\"@id\":\"https:\/\/epochtimestr.com\/#organization\",\"name\":\"The EpochTimes T\u00fcrkiye\",\"url\":\"https:\/\/epochtimestr.com\/\",\"logo\":{\"@type\":\"ImageObject\",\"inLanguage\":\"tr\",\"@id\":\"https:\/\/epochtimestr.com\/#\/schema\/logo\/image\/\",\"url\":\"https:\/\/epochtimestr.com\/wp-content\/uploads\/2011y\/ET-Logo-YG.jpg\",\"contentUrl\":\"https:\/\/epochtimestr.com\/wp-content\/uploads\/2011y\/ET-Logo-YG.jpg\",\"width\":346,\"height\":29,\"caption\":\"The EpochTimes T\u00fcrkiye\"},\"image\":{\"@id\":\"https:\/\/epochtimestr.com\/#\/schema\/logo\/image\/\"},\"sameAs\":[\"https:\/\/www.facebook.com\/theepochtimestr\",\"https:\/\/x.com\/TheEpochTimesTR\",\"https:\/\/www.instagram.com\/epochtimestr\"]},{\"@type\":\"Person\",\"@id\":\"https:\/\/epochtimestr.com\/#\/schema\/person\/5fef218711d76d8f232b0e1f1d7e4c0d\",\"name\":\"Leo Bajelan\",\"image\":{\"@type\":\"ImageObject\",\"inLanguage\":\"tr\",\"@id\":\"https:\/\/epochtimestr.com\/#\/schema\/person\/image\/\",\"url\":\"https:\/\/secure.gravatar.com\/avatar\/917669146f489549e548a2e9af272df5?s=96&d=mm&r=g\",\"contentUrl\":\"https:\/\/secure.gravatar.com\/avatar\/917669146f489549e548a2e9af272df5?s=96&d=mm&r=g\",\"caption\":\"Leo Bajelan\"},\"url\":\"https:\/\/epochtimestr.com\/index.php\/author\/leo\"}]}<\/script>\n<!-- \/ Yoast SEO plugin. -->","yoast_head_json":{"title":"\u0130srail Ter\u00f6ristlere \u00d6l\u00fcm Cezas\u0131 Uygulamaya Ba\u015flad\u0131 - The Epoch Times TR","description":"\u0130srail, Bat\u0131 \u015eeria\u2019dan gelen ve \u00f6l\u00fcme yol a\u00e7an ter\u00f6r sald\u0131r\u0131lar\u0131nda su\u00e7lu bulunan Filistinlilere \u00f6l\u00fcm cezas\u0131 \u00f6ng\u00f6ren yasay\u0131 y\u00fcr\u00fcrl\u00fc\u011fe koydu.","robots":{"index":"index","follow":"follow","max-snippet":"max-snippet:-1","max-image-preview":"max-image-preview:large","max-video-preview":"max-video-preview:-1"},"canonical":"https:\/\/epochtimestr.com\/index.php\/israil-teroristlere-olum-cezasi-uygulamaya-basladi","og_locale":"tr_TR","og_type":"article","og_title":"\u0130srail Ter\u00f6ristlere \u00d6l\u00fcm Cezas\u0131 Uygulamaya Ba\u015flad\u0131 - The Epoch Times TR","og_description":"\u0130srail, Bat\u0131 \u015eeria\u2019dan gelen ve \u00f6l\u00fcme yol a\u00e7an ter\u00f6r sald\u0131r\u0131lar\u0131nda su\u00e7lu bulunan Filistinlilere \u00f6l\u00fcm cezas\u0131 \u00f6ng\u00f6ren yasay\u0131 y\u00fcr\u00fcrl\u00fc\u011fe koydu.","og_url":"https:\/\/epochtimestr.com\/index.php\/israil-teroristlere-olum-cezasi-uygulamaya-basladi","og_site_name":"The Epoch Times TR","article_publisher":"https:\/\/www.facebook.com\/theepochtimestr","article_published_time":"2026-05-19T10:12:20+00:00","article_modified_time":"2026-05-19T10:12:24+00:00","og_image":[{"width":1200,"height":787,"url":"https:\/\/epochtimestr.com\/wp-content\/uploads\/2011y\/1000038973.jpg","type":"image\/jpeg"}],"author":"Leo Bajelan","twitter_card":"summary_large_image","twitter_creator":"@TheEpochTimesTR","twitter_site":"@TheEpochTimesTR","twitter_misc":{"Yazan:":"Leo Bajelan","Tahmini okuma s\u00fcresi":"2 dakika"},"schema":{"@context":"https:\/\/schema.org","@graph":[{"@type":"Article","@id":"https:\/\/epochtimestr.com\/index.php\/israil-teroristlere-olum-cezasi-uygulamaya-basladi#article","isPartOf":{"@id":"https:\/\/epochtimestr.com\/index.php\/israil-teroristlere-olum-cezasi-uygulamaya-basladi"},"author":{"name":"Leo Bajelan","@id":"https:\/\/epochtimestr.com\/#\/schema\/person\/5fef218711d76d8f232b0e1f1d7e4c0d"},"headline":"\u0130srail Ter\u00f6ristlere \u00d6l\u00fcm Cezas\u0131 Uygulamaya Ba\u015flad\u0131","datePublished":"2026-05-19T10:12:20+00:00","dateModified":"2026-05-19T10:12:24+00:00","mainEntityOfPage":{"@id":"https:\/\/epochtimestr.com\/index.php\/israil-teroristlere-olum-cezasi-uygulamaya-basladi"},"wordCount":373,"commentCount":0,"publisher":{"@id":"https:\/\/epochtimestr.com\/#organization"},"image":{"@id":"https:\/\/epochtimestr.com\/index.php\/israil-teroristlere-olum-cezasi-uygulamaya-basladi#primaryimage"},"thumbnailUrl":"https:\/\/epochtimestr.com\/wp-content\/uploads\/2011y\/1000038973.jpg","keywords":["Filistinliler","IDF","\u0130srail \u00f6l\u00fcm cezas\u0131","\u0130srail Parlamentosu","ter\u00f6r sald\u0131r\u0131lar\u0131","Yahudiler"],"articleSection":["D\u00dcNYA","G\u00dcNDEM","MAN\u015eET"],"inLanguage":"tr","potentialAction":[{"@type":"CommentAction","name":"Comment","target":["https:\/\/epochtimestr.com\/index.php\/israil-teroristlere-olum-cezasi-uygulamaya-basladi#respond"]}]},{"@type":"WebPage","@id":"https:\/\/epochtimestr.com\/index.php\/israil-teroristlere-olum-cezasi-uygulamaya-basladi","url":"https:\/\/epochtimestr.com\/index.php\/israil-teroristlere-olum-cezasi-uygulamaya-basladi","name":"\u0130srail Ter\u00f6ristlere \u00d6l\u00fcm Cezas\u0131 Uygulamaya Ba\u015flad\u0131 - The Epoch Times TR","isPartOf":{"@id":"https:\/\/epochtimestr.com\/#website"},"primaryImageOfPage":{"@id":"https:\/\/epochtimestr.com\/index.php\/israil-teroristlere-olum-cezasi-uygulamaya-basladi#primaryimage"},"image":{"@id":"https:\/\/epochtimestr.com\/index.php\/israil-teroristlere-olum-cezasi-uygulamaya-basladi#primaryimage"},"thumbnailUrl":"https:\/\/epochtimestr.com\/wp-content\/uploads\/2011y\/1000038973.jpg","datePublished":"2026-05-19T10:12:20+00:00","dateModified":"2026-05-19T10:12:24+00:00","description":"\u0130srail, Bat\u0131 \u015eeria\u2019dan gelen ve \u00f6l\u00fcme yol a\u00e7an ter\u00f6r sald\u0131r\u0131lar\u0131nda su\u00e7lu bulunan Filistinlilere \u00f6l\u00fcm cezas\u0131 \u00f6ng\u00f6ren yasay\u0131 y\u00fcr\u00fcrl\u00fc\u011fe koydu.","inLanguage":"tr","potentialAction":[{"@type":"ReadAction","target":["https:\/\/epochtimestr.com\/index.php\/israil-teroristlere-olum-cezasi-uygulamaya-basladi"]}]},{"@type":"ImageObject","inLanguage":"tr","@id":"https:\/\/epochtimestr.com\/index.php\/israil-teroristlere-olum-cezasi-uygulamaya-basladi#primaryimage","url":"https:\/\/epochtimestr.com\/wp-content\/uploads\/2011y\/1000038973.jpg","contentUrl":"https:\/\/epochtimestr.com\/wp-content\/uploads\/2011y\/1000038973.jpg","width":1200,"height":787},{"@type":"WebSite","@id":"https:\/\/epochtimestr.com\/#website","url":"https:\/\/epochtimestr.com\/","name":"The Epoch Times TR","description":"De\u011fi\u015fen D\u00fcnyam\u0131za Taze Bir Bak\u0131\u015f","publisher":{"@id":"https:\/\/epochtimestr.com\/#organization"},"potentialAction":[{"@type":"SearchAction","target":{"@type":"EntryPoint","urlTemplate":"https:\/\/epochtimestr.com\/?s={search_term_string}"},"query-input":"required name=search_term_string"}],"inLanguage":"tr"},{"@type":"Organization","@id":"https:\/\/epochtimestr.com\/#organization","name":"The EpochTimes T\u00fcrkiye","url":"https:\/\/epochtimestr.com\/","logo":{"@type":"ImageObject","inLanguage":"tr","@id":"https:\/\/epochtimestr.com\/#\/schema\/logo\/image\/","url":"https:\/\/epochtimestr.com\/wp-content\/uploads\/2011y\/ET-Logo-YG.jpg","contentUrl":"https:\/\/epochtimestr.com\/wp-content\/uploads\/2011y\/ET-Logo-YG.jpg","width":346,"height":29,"caption":"The EpochTimes T\u00fcrkiye"},"image":{"@id":"https:\/\/epochtimestr.com\/#\/schema\/logo\/image\/"},"sameAs":["https:\/\/www.facebook.com\/theepochtimestr","https:\/\/x.com\/TheEpochTimesTR","https:\/\/www.instagram.com\/epochtimestr"]},{"@type":"Person","@id":"https:\/\/epochtimestr.com\/#\/schema\/person\/5fef218711d76d8f232b0e1f1d7e4c0d","name":"Leo Bajelan","image":{"@type":"ImageObject","inLanguage":"tr","@id":"https:\/\/epochtimestr.com\/#\/schema\/person\/image\/","url":"https:\/\/secure.gravatar.com\/avatar\/917669146f489549e548a2e9af272df5?s=96&d=mm&r=g","contentUrl":"https:\/\/secure.gravatar.com\/avatar\/917669146f489549e548a2e9af272df5?s=96&d=mm&r=g","caption":"Leo Bajelan"},"url":"https:\/\/epochtimestr.com\/index.php\/author\/leo"}]}},"_links":{"self":[{"href":"https:\/\/epochtimestr.com\/index.php\/wp-json\/wp\/v2\/posts\/167363"}],"collection":[{"href":"https:\/\/epochtimestr.com\/index.php\/wp-json\/wp\/v2\/posts"}],"about":[{"href":"https:\/\/epochtimestr.com\/index.php\/wp-json\/wp\/v2\/types\/post"}],"author":[{"embeddable":true,"href":"https:\/\/epochtimestr.com\/index.php\/wp-json\/wp\/v2\/users\/13996"}],"replies":[{"embeddable":true,"href":"https:\/\/epochtimestr.com\/index.php\/wp-json\/wp\/v2\/comments?post=167363"}],"version-history":[{"count":2,"href":"https:\/\/epochtimestr.com\/index.php\/wp-json\/wp\/v2\/posts\/167363\/revisions"}],"predecessor-version":[{"id":167382,"href":"https:\/\/epochtimestr.com\/index.php\/wp-json\/wp\/v2\/posts\/167363\/revisions\/167382"}],"wp:featuredmedia":[{"embeddable":true,"href":"https:\/\/epochtimestr.com\/index.php\/wp-json\/wp\/v2\/media\/167369"}],"wp:attachment":[{"href":"https:\/\/epochtimestr.com\/index.php\/wp-json\/wp\/v2\/media?parent=167363"}],"wp:term":[{"taxonomy":"category","embeddable":true,"href":"https:\/\/epochtimestr.com\/index.php\/wp-json\/wp\/v2\/categories?post=167363"},{"taxonomy":"post_tag","embeddable":true,"href":"https:\/\/epochtimestr.com\/index.php\/wp-json\/wp\/v2\/tags?post=167363"}],"curies":[{"name":"wp","href":"https:\/\/api.w.org\/{rel}","templated":true}]}}