{"id":167374,"date":"2026-05-19T13:35:44","date_gmt":"2026-05-19T10:35:44","guid":{"rendered":"https:\/\/epochtimestr.com\/?p=167374"},"modified":"2026-05-19T13:35:48","modified_gmt":"2026-05-19T10:35:48","slug":"shakira-vergi-suclamasindan-aklandi","status":"publish","type":"post","link":"https:\/\/epochtimestr.com\/index.php\/shakira-vergi-suclamasindan-aklandi","title":{"rendered":"Shakira Vergi Su\u00e7lamas\u0131ndan Akland\u0131"},"content":{"rendered":"<div class=\"wp-block-image\">\n<figure class=\"aligncenter size-full\"><img loading=\"lazy\" decoding=\"async\" width=\"1200\" height=\"744\" src=\"https:\/\/epochtimestr.com\/wp-content\/uploads\/2011y\/1000038974.webp\" alt=\"Shakira vergi su\u00e7lamalar\u0131ndan akland\u0131, mahkeme \u0130spanya\u2019ya 70 milyon dolar iade emri verdi. Shakira, Copacabana Plaj\u0131\u2019nda a\u00e7\u0131k hava konseri verirken. 2 May\u0131s 2026, Rio de Janeiro, Brezilya. (Foto\u011fraf: Ricardo Moraes, Reuters, The Epoch Times arac\u0131l\u0131\u011f\u0131yla)\" class=\"wp-image-167375\" srcset=\"https:\/\/epochtimestr.com\/wp-content\/uploads\/2011y\/1000038974.webp 1200w, https:\/\/epochtimestr.com\/wp-content\/uploads\/2011y\/1000038974-300x186.webp 300w, https:\/\/epochtimestr.com\/wp-content\/uploads\/2011y\/1000038974-150x93.webp 150w, https:\/\/epochtimestr.com\/wp-content\/uploads\/2011y\/1000038974-768x476.webp 768w\" sizes=\"(max-width: 1200px) 100vw, 1200px\" \/><figcaption class=\"wp-element-caption\">Shakira vergi su\u00e7lamalar\u0131ndan akland\u0131, mahkeme \u0130spanya\u2019ya 70 milyon dolar iade emri verdi. Shakira, Copacabana Plaj\u0131\u2019nda a\u00e7\u0131k hava konseri verirken. 2 May\u0131s 2026, Rio de Janeiro, Brezilya. (Foto\u011fraf: Ricardo Moraes, Reuters, The Epoch Times arac\u0131l\u0131\u011f\u0131yla)<\/figcaption><\/figure><\/div>\n\n\n<p>\u0130spanya Y\u00fcksek Mahkemesi, Kolombiyal\u0131 \u015fark\u0131c\u0131 Shakira\u2019y\u0131 vergi su\u00e7lamalar\u0131ndan aklad\u0131. Mahkeme, 2021\u2019de \u0130spanyol vergi dairesi taraf\u0131ndan kesilen 55 milyon euro cezay\u0131 iptal etti.<\/p>\n\n\n\n<p>Shakira\u2019n\u0131n avukat\u0131 Jose Luis Prada, mahkemenin karar\u0131n\u0131n sekiz y\u0131ll\u0131k s\u00fcrenin ard\u0131ndan geldi\u011fini a\u00e7\u0131klad\u0131.<br \/>Avukat, karar\u0131n idari uygulamalardaki eksiklikleri ortaya koydu\u011funu belirtti.<\/p>\n\n\n\n<p>Mahkeme, Shakira\u2019n\u0131n 2011 y\u0131l\u0131nda \u0130spanya\u2019da 183 g\u00fcnden fazla bulunarak vergi mukimli\u011finin kan\u0131tlanamad\u0131\u011f\u0131n\u0131 vurgulad\u0131. Bu nedenle, 2011 y\u0131l\u0131na ili\u015fkin cezalar hukuka ayk\u0131r\u0131 bulundu.<\/p>\n\n\n\n<p><a href=\"https:\/\/www.theepochtimes.com\/entertainment\/shakira-acquitted-of-tax-fraud-court-orders-spain-to-hand-back-70-million-6027701\">Vergi dairesi<\/a>, \u015fark\u0131c\u0131n\u0131n eski futbolcu Gerard Pique ile ili\u015fkisi ve Akdeniz\u2019deki faaliyetleri nedeniyle \u0130spanya\u2019ya ba\u011fl\u0131 oldu\u011funu iddia etmi\u015fti. Y\u00fcksek Mahkeme, cezalar\u0131n Shakira\u2019n\u0131n o y\u0131l \u0130spanya\u2019da vergi mukimli\u011fine dayanarak verildi\u011fini, ancak bunun kan\u0131tlanmad\u0131\u011f\u0131n\u0131 belirtti.<\/p>\n\n\n\n<p>Mahkeme, faiz dahil yakla\u015f\u0131k 60 milyon euro tutar\u0131ndaki \u00f6demenin Shakira\u2019ya iade edilmesine h\u00fckmetti.<br \/>Vergi dairesi, temyiz hakk\u0131n\u0131 kullanaca\u011f\u0131n\u0131 ve \u00f6demenin nihai karara kadar yap\u0131lmayaca\u011f\u0131n\u0131 a\u00e7\u0131klad\u0131.<\/p>\n\n\n\n<p>Shakira karar sonras\u0131 yapt\u0131\u011f\u0131 a\u00e7\u0131klamada, bu durumun s\u0131radan vatanda\u015flar i\u00e7in emsal olmas\u0131n\u0131 umdu\u011funu s\u00f6yledi. \u015eark\u0131c\u0131, sistemin masumiyet yerine su\u00e7luluk \u00fczerine kuruldu\u011funu ve bunun mali ve duygusal y\u0131k\u0131ma yol a\u00e7t\u0131\u011f\u0131n\u0131 belirtti.<\/p>\n\n\n\n<p>\u00d6te yandan Shakira, 2012-2014 y\u0131llar\u0131 aras\u0131nda \u00f6denmeyen 14,5 milyon euro vergi nedeniyle 2023\u2019te Barcelona\u2019da ayr\u0131 bir anla\u015fma yapm\u0131\u015ft\u0131. Anla\u015fma gere\u011fi, \u015fark\u0131c\u0131 su\u00e7lamalar\u0131 kabul etmi\u015f ve bor\u00e7lar\u0131n yar\u0131s\u0131, 7,3 milyon euro cezay\u0131 onaylam\u0131\u015ft\u0131.<\/p>\n\n\n\n<p>Dolay\u0131s\u0131yla, 2011 y\u0131l\u0131na ili\u015fkin cezalar ortadan kalkarken, sonraki y\u0131llara ait anla\u015fmalar ve cezalar devam ediyor. Mahkeme karar\u0131, Shakira\u2019n\u0131n mali ge\u00e7mi\u015fi ve \u0130spanyol vergi sisteminde benzer davalar a\u00e7\u0131s\u0131ndan \u00f6nemli bir emsal olu\u015fturuyor.<\/p>\n","protected":false},"excerpt":{"rendered":"<p>\u0130spanya Y\u00fcksek Mahkemesi, Kolombiyal\u0131 \u015fark\u0131c\u0131 Shakira\u2019y\u0131 vergi su\u00e7lamalar\u0131ndan aklad\u0131. Mahkeme, 2021\u2019de \u0130spanyol vergi dairesi taraf\u0131ndan kesilen 55 milyon euro cezay\u0131 iptal etti. Shakira\u2019n\u0131n avukat\u0131 Jose Luis Prada, mahkemenin karar\u0131n\u0131n sekiz y\u0131ll\u0131k s\u00fcrenin ard\u0131ndan geldi\u011fini a\u00e7\u0131klad\u0131.Avukat, karar\u0131n idari uygulamalardaki eksiklikleri ortaya koydu\u011funu belirtti. Mahkeme, Shakira\u2019n\u0131n 2011 y\u0131l\u0131nda \u0130spanya\u2019da 183 g\u00fcnden fazla bulunarak vergi mukimli\u011finin kan\u0131tlanamad\u0131\u011f\u0131n\u0131 vurgulad\u0131. [&hellip;]<\/p>\n","protected":false},"author":13996,"featured_media":167375,"comment_status":"open","ping_status":"open","sticky":false,"template":"","format":"standard","meta":{"_yoast_wpseo_focuskw":"Shakira - vergi","_yoast_wpseo_title":"","_yoast_wpseo_metadesc":"Shakira, \u0130spanya Y\u00fcksek Mahkemesi karar\u0131yla 2011 vergi cezas\u0131ndan akland\u0131 ve yakla\u015f\u0131k 70 milyon euro iade alacak.","_bbp_topic_count":0,"_bbp_reply_count":0,"_bbp_total_topic_count":0,"_bbp_total_reply_count":0,"_bbp_voice_count":0,"_bbp_anonymous_reply_count":0,"_bbp_topic_count_hidden":0,"_bbp_reply_count_hidden":0,"_bbp_forum_subforum_count":0,"footnotes":"","_yoast_wpseo_focuskw_text_input":""},"categories":[5,1,8138],"tags":[11407,363,11408,11413,11406,11415,11414],"yoast_head":"<!-- This site is optimized with the Yoast SEO plugin v23.0 - https:\/\/yoast.com\/wordpress\/plugins\/seo\/ -->\n<title>Shakira Vergi Su\u00e7lamas\u0131ndan Akland\u0131 - The Epoch Times TR<\/title>\n<meta name=\"description\" content=\"Shakira, \u0130spanya Y\u00fcksek Mahkemesi karar\u0131yla 2011 vergi cezas\u0131ndan akland\u0131 ve yakla\u015f\u0131k 70 milyon euro iade alacak.\" \/>\n<meta name=\"robots\" content=\"index, follow, max-snippet:-1, max-image-preview:large, max-video-preview:-1\" \/>\n<link rel=\"canonical\" href=\"https:\/\/epochtimestr.com\/index.php\/shakira-vergi-suclamasindan-aklandi\" \/>\n<meta property=\"og:locale\" content=\"tr_TR\" \/>\n<meta property=\"og:type\" content=\"article\" \/>\n<meta property=\"og:title\" content=\"Shakira Vergi Su\u00e7lamas\u0131ndan Akland\u0131 - The Epoch Times TR\" \/>\n<meta property=\"og:description\" content=\"Shakira, \u0130spanya Y\u00fcksek Mahkemesi karar\u0131yla 2011 vergi cezas\u0131ndan akland\u0131 ve yakla\u015f\u0131k 70 milyon euro iade alacak.\" \/>\n<meta property=\"og:url\" content=\"https:\/\/epochtimestr.com\/index.php\/shakira-vergi-suclamasindan-aklandi\" \/>\n<meta property=\"og:site_name\" content=\"The Epoch Times TR\" \/>\n<meta property=\"article:publisher\" content=\"https:\/\/www.facebook.com\/theepochtimestr\" \/>\n<meta property=\"article:published_time\" content=\"2026-05-19T10:35:44+00:00\" \/>\n<meta property=\"article:modified_time\" content=\"2026-05-19T10:35:48+00:00\" \/>\n<meta property=\"og:image\" content=\"https:\/\/epochtimestr.com\/wp-content\/uploads\/2011y\/1000038974.webp\" \/>\n\t<meta property=\"og:image:width\" content=\"1200\" \/>\n\t<meta property=\"og:image:height\" content=\"744\" \/>\n\t<meta property=\"og:image:type\" content=\"image\/webp\" \/>\n<meta name=\"author\" content=\"Leo Bajelan\" \/>\n<meta name=\"twitter:card\" content=\"summary_large_image\" \/>\n<meta name=\"twitter:creator\" content=\"@TheEpochTimesTR\" \/>\n<meta name=\"twitter:site\" content=\"@TheEpochTimesTR\" \/>\n<meta name=\"twitter:label1\" content=\"Yazan:\" \/>\n\t<meta name=\"twitter:data1\" content=\"Leo Bajelan\" \/>\n\t<meta name=\"twitter:label2\" content=\"Tahmini okuma s\u00fcresi\" \/>\n\t<meta name=\"twitter:data2\" content=\"2 dakika\" \/>\n<script type=\"application\/ld+json\" class=\"yoast-schema-graph\">{\"@context\":\"https:\/\/schema.org\",\"@graph\":[{\"@type\":\"Article\",\"@id\":\"https:\/\/epochtimestr.com\/index.php\/shakira-vergi-suclamasindan-aklandi#article\",\"isPartOf\":{\"@id\":\"https:\/\/epochtimestr.com\/index.php\/shakira-vergi-suclamasindan-aklandi\"},\"author\":{\"name\":\"Leo Bajelan\",\"@id\":\"https:\/\/epochtimestr.com\/#\/schema\/person\/5fef218711d76d8f232b0e1f1d7e4c0d\"},\"headline\":\"Shakira Vergi Su\u00e7lamas\u0131ndan Akland\u0131\",\"datePublished\":\"2026-05-19T10:35:44+00:00\",\"dateModified\":\"2026-05-19T10:35:48+00:00\",\"mainEntityOfPage\":{\"@id\":\"https:\/\/epochtimestr.com\/index.php\/shakira-vergi-suclamasindan-aklandi\"},\"wordCount\":354,\"commentCount\":0,\"publisher\":{\"@id\":\"https:\/\/epochtimestr.com\/#organization\"},\"image\":{\"@id\":\"https:\/\/epochtimestr.com\/index.php\/shakira-vergi-suclamasindan-aklandi#primaryimage\"},\"thumbnailUrl\":\"https:\/\/epochtimestr.com\/wp-content\/uploads\/2011y\/1000038974.webp\",\"keywords\":[\"Gerard Pique\",\"\u0130spanya\",\"\u0130spanya Y\u00fcksek Mahkemesi\",\"Shakira\",\"Shakira vergi cezas\u0131\",\"vergi borcu\",\"vergi cezas\u0131\"],\"articleSection\":[\"D\u00dcNYA\",\"G\u00dcNDEM\",\"MAN\u015eET\"],\"inLanguage\":\"tr\",\"potentialAction\":[{\"@type\":\"CommentAction\",\"name\":\"Comment\",\"target\":[\"https:\/\/epochtimestr.com\/index.php\/shakira-vergi-suclamasindan-aklandi#respond\"]}]},{\"@type\":\"WebPage\",\"@id\":\"https:\/\/epochtimestr.com\/index.php\/shakira-vergi-suclamasindan-aklandi\",\"url\":\"https:\/\/epochtimestr.com\/index.php\/shakira-vergi-suclamasindan-aklandi\",\"name\":\"Shakira Vergi Su\u00e7lamas\u0131ndan Akland\u0131 - The Epoch Times TR\",\"isPartOf\":{\"@id\":\"https:\/\/epochtimestr.com\/#website\"},\"primaryImageOfPage\":{\"@id\":\"https:\/\/epochtimestr.com\/index.php\/shakira-vergi-suclamasindan-aklandi#primaryimage\"},\"image\":{\"@id\":\"https:\/\/epochtimestr.com\/index.php\/shakira-vergi-suclamasindan-aklandi#primaryimage\"},\"thumbnailUrl\":\"https:\/\/epochtimestr.com\/wp-content\/uploads\/2011y\/1000038974.webp\",\"datePublished\":\"2026-05-19T10:35:44+00:00\",\"dateModified\":\"2026-05-19T10:35:48+00:00\",\"description\":\"Shakira, \u0130spanya Y\u00fcksek Mahkemesi karar\u0131yla 2011 vergi cezas\u0131ndan akland\u0131 ve yakla\u015f\u0131k 70 milyon euro iade alacak.\",\"inLanguage\":\"tr\",\"potentialAction\":[{\"@type\":\"ReadAction\",\"target\":[\"https:\/\/epochtimestr.com\/index.php\/shakira-vergi-suclamasindan-aklandi\"]}]},{\"@type\":\"ImageObject\",\"inLanguage\":\"tr\",\"@id\":\"https:\/\/epochtimestr.com\/index.php\/shakira-vergi-suclamasindan-aklandi#primaryimage\",\"url\":\"https:\/\/epochtimestr.com\/wp-content\/uploads\/2011y\/1000038974.webp\",\"contentUrl\":\"https:\/\/epochtimestr.com\/wp-content\/uploads\/2011y\/1000038974.webp\",\"width\":1200,\"height\":744},{\"@type\":\"WebSite\",\"@id\":\"https:\/\/epochtimestr.com\/#website\",\"url\":\"https:\/\/epochtimestr.com\/\",\"name\":\"The Epoch Times TR\",\"description\":\"De\u011fi\u015fen D\u00fcnyam\u0131za Taze Bir Bak\u0131\u015f\",\"publisher\":{\"@id\":\"https:\/\/epochtimestr.com\/#organization\"},\"potentialAction\":[{\"@type\":\"SearchAction\",\"target\":{\"@type\":\"EntryPoint\",\"urlTemplate\":\"https:\/\/epochtimestr.com\/?s={search_term_string}\"},\"query-input\":\"required name=search_term_string\"}],\"inLanguage\":\"tr\"},{\"@type\":\"Organization\",\"@id\":\"https:\/\/epochtimestr.com\/#organization\",\"name\":\"The EpochTimes T\u00fcrkiye\",\"url\":\"https:\/\/epochtimestr.com\/\",\"logo\":{\"@type\":\"ImageObject\",\"inLanguage\":\"tr\",\"@id\":\"https:\/\/epochtimestr.com\/#\/schema\/logo\/image\/\",\"url\":\"https:\/\/epochtimestr.com\/wp-content\/uploads\/2011y\/ET-Logo-YG.jpg\",\"contentUrl\":\"https:\/\/epochtimestr.com\/wp-content\/uploads\/2011y\/ET-Logo-YG.jpg\",\"width\":346,\"height\":29,\"caption\":\"The EpochTimes T\u00fcrkiye\"},\"image\":{\"@id\":\"https:\/\/epochtimestr.com\/#\/schema\/logo\/image\/\"},\"sameAs\":[\"https:\/\/www.facebook.com\/theepochtimestr\",\"https:\/\/x.com\/TheEpochTimesTR\",\"https:\/\/www.instagram.com\/epochtimestr\"]},{\"@type\":\"Person\",\"@id\":\"https:\/\/epochtimestr.com\/#\/schema\/person\/5fef218711d76d8f232b0e1f1d7e4c0d\",\"name\":\"Leo Bajelan\",\"image\":{\"@type\":\"ImageObject\",\"inLanguage\":\"tr\",\"@id\":\"https:\/\/epochtimestr.com\/#\/schema\/person\/image\/\",\"url\":\"https:\/\/secure.gravatar.com\/avatar\/917669146f489549e548a2e9af272df5?s=96&d=mm&r=g\",\"contentUrl\":\"https:\/\/secure.gravatar.com\/avatar\/917669146f489549e548a2e9af272df5?s=96&d=mm&r=g\",\"caption\":\"Leo Bajelan\"},\"url\":\"https:\/\/epochtimestr.com\/index.php\/author\/leo\"}]}<\/script>\n<!-- \/ Yoast SEO plugin. -->","yoast_head_json":{"title":"Shakira Vergi Su\u00e7lamas\u0131ndan Akland\u0131 - The Epoch Times TR","description":"Shakira, \u0130spanya Y\u00fcksek Mahkemesi karar\u0131yla 2011 vergi cezas\u0131ndan akland\u0131 ve yakla\u015f\u0131k 70 milyon euro iade alacak.","robots":{"index":"index","follow":"follow","max-snippet":"max-snippet:-1","max-image-preview":"max-image-preview:large","max-video-preview":"max-video-preview:-1"},"canonical":"https:\/\/epochtimestr.com\/index.php\/shakira-vergi-suclamasindan-aklandi","og_locale":"tr_TR","og_type":"article","og_title":"Shakira Vergi Su\u00e7lamas\u0131ndan Akland\u0131 - The Epoch Times TR","og_description":"Shakira, \u0130spanya Y\u00fcksek Mahkemesi karar\u0131yla 2011 vergi cezas\u0131ndan akland\u0131 ve yakla\u015f\u0131k 70 milyon euro iade alacak.","og_url":"https:\/\/epochtimestr.com\/index.php\/shakira-vergi-suclamasindan-aklandi","og_site_name":"The Epoch Times TR","article_publisher":"https:\/\/www.facebook.com\/theepochtimestr","article_published_time":"2026-05-19T10:35:44+00:00","article_modified_time":"2026-05-19T10:35:48+00:00","og_image":[{"width":1200,"height":744,"url":"https:\/\/epochtimestr.com\/wp-content\/uploads\/2011y\/1000038974.webp","type":"image\/webp"}],"author":"Leo Bajelan","twitter_card":"summary_large_image","twitter_creator":"@TheEpochTimesTR","twitter_site":"@TheEpochTimesTR","twitter_misc":{"Yazan:":"Leo Bajelan","Tahmini okuma s\u00fcresi":"2 dakika"},"schema":{"@context":"https:\/\/schema.org","@graph":[{"@type":"Article","@id":"https:\/\/epochtimestr.com\/index.php\/shakira-vergi-suclamasindan-aklandi#article","isPartOf":{"@id":"https:\/\/epochtimestr.com\/index.php\/shakira-vergi-suclamasindan-aklandi"},"author":{"name":"Leo Bajelan","@id":"https:\/\/epochtimestr.com\/#\/schema\/person\/5fef218711d76d8f232b0e1f1d7e4c0d"},"headline":"Shakira Vergi Su\u00e7lamas\u0131ndan Akland\u0131","datePublished":"2026-05-19T10:35:44+00:00","dateModified":"2026-05-19T10:35:48+00:00","mainEntityOfPage":{"@id":"https:\/\/epochtimestr.com\/index.php\/shakira-vergi-suclamasindan-aklandi"},"wordCount":354,"commentCount":0,"publisher":{"@id":"https:\/\/epochtimestr.com\/#organization"},"image":{"@id":"https:\/\/epochtimestr.com\/index.php\/shakira-vergi-suclamasindan-aklandi#primaryimage"},"thumbnailUrl":"https:\/\/epochtimestr.com\/wp-content\/uploads\/2011y\/1000038974.webp","keywords":["Gerard Pique","\u0130spanya","\u0130spanya Y\u00fcksek Mahkemesi","Shakira","Shakira vergi cezas\u0131","vergi borcu","vergi cezas\u0131"],"articleSection":["D\u00dcNYA","G\u00dcNDEM","MAN\u015eET"],"inLanguage":"tr","potentialAction":[{"@type":"CommentAction","name":"Comment","target":["https:\/\/epochtimestr.com\/index.php\/shakira-vergi-suclamasindan-aklandi#respond"]}]},{"@type":"WebPage","@id":"https:\/\/epochtimestr.com\/index.php\/shakira-vergi-suclamasindan-aklandi","url":"https:\/\/epochtimestr.com\/index.php\/shakira-vergi-suclamasindan-aklandi","name":"Shakira Vergi Su\u00e7lamas\u0131ndan Akland\u0131 - The Epoch Times TR","isPartOf":{"@id":"https:\/\/epochtimestr.com\/#website"},"primaryImageOfPage":{"@id":"https:\/\/epochtimestr.com\/index.php\/shakira-vergi-suclamasindan-aklandi#primaryimage"},"image":{"@id":"https:\/\/epochtimestr.com\/index.php\/shakira-vergi-suclamasindan-aklandi#primaryimage"},"thumbnailUrl":"https:\/\/epochtimestr.com\/wp-content\/uploads\/2011y\/1000038974.webp","datePublished":"2026-05-19T10:35:44+00:00","dateModified":"2026-05-19T10:35:48+00:00","description":"Shakira, \u0130spanya Y\u00fcksek Mahkemesi karar\u0131yla 2011 vergi cezas\u0131ndan akland\u0131 ve yakla\u015f\u0131k 70 milyon euro iade alacak.","inLanguage":"tr","potentialAction":[{"@type":"ReadAction","target":["https:\/\/epochtimestr.com\/index.php\/shakira-vergi-suclamasindan-aklandi"]}]},{"@type":"ImageObject","inLanguage":"tr","@id":"https:\/\/epochtimestr.com\/index.php\/shakira-vergi-suclamasindan-aklandi#primaryimage","url":"https:\/\/epochtimestr.com\/wp-content\/uploads\/2011y\/1000038974.webp","contentUrl":"https:\/\/epochtimestr.com\/wp-content\/uploads\/2011y\/1000038974.webp","width":1200,"height":744},{"@type":"WebSite","@id":"https:\/\/epochtimestr.com\/#website","url":"https:\/\/epochtimestr.com\/","name":"The Epoch Times TR","description":"De\u011fi\u015fen D\u00fcnyam\u0131za Taze Bir Bak\u0131\u015f","publisher":{"@id":"https:\/\/epochtimestr.com\/#organization"},"potentialAction":[{"@type":"SearchAction","target":{"@type":"EntryPoint","urlTemplate":"https:\/\/epochtimestr.com\/?s={search_term_string}"},"query-input":"required name=search_term_string"}],"inLanguage":"tr"},{"@type":"Organization","@id":"https:\/\/epochtimestr.com\/#organization","name":"The EpochTimes T\u00fcrkiye","url":"https:\/\/epochtimestr.com\/","logo":{"@type":"ImageObject","inLanguage":"tr","@id":"https:\/\/epochtimestr.com\/#\/schema\/logo\/image\/","url":"https:\/\/epochtimestr.com\/wp-content\/uploads\/2011y\/ET-Logo-YG.jpg","contentUrl":"https:\/\/epochtimestr.com\/wp-content\/uploads\/2011y\/ET-Logo-YG.jpg","width":346,"height":29,"caption":"The EpochTimes T\u00fcrkiye"},"image":{"@id":"https:\/\/epochtimestr.com\/#\/schema\/logo\/image\/"},"sameAs":["https:\/\/www.facebook.com\/theepochtimestr","https:\/\/x.com\/TheEpochTimesTR","https:\/\/www.instagram.com\/epochtimestr"]},{"@type":"Person","@id":"https:\/\/epochtimestr.com\/#\/schema\/person\/5fef218711d76d8f232b0e1f1d7e4c0d","name":"Leo Bajelan","image":{"@type":"ImageObject","inLanguage":"tr","@id":"https:\/\/epochtimestr.com\/#\/schema\/person\/image\/","url":"https:\/\/secure.gravatar.com\/avatar\/917669146f489549e548a2e9af272df5?s=96&d=mm&r=g","contentUrl":"https:\/\/secure.gravatar.com\/avatar\/917669146f489549e548a2e9af272df5?s=96&d=mm&r=g","caption":"Leo Bajelan"},"url":"https:\/\/epochtimestr.com\/index.php\/author\/leo"}]}},"_links":{"self":[{"href":"https:\/\/epochtimestr.com\/index.php\/wp-json\/wp\/v2\/posts\/167374"}],"collection":[{"href":"https:\/\/epochtimestr.com\/index.php\/wp-json\/wp\/v2\/posts"}],"about":[{"href":"https:\/\/epochtimestr.com\/index.php\/wp-json\/wp\/v2\/types\/post"}],"author":[{"embeddable":true,"href":"https:\/\/epochtimestr.com\/index.php\/wp-json\/wp\/v2\/users\/13996"}],"replies":[{"embeddable":true,"href":"https:\/\/epochtimestr.com\/index.php\/wp-json\/wp\/v2\/comments?post=167374"}],"version-history":[{"count":3,"href":"https:\/\/epochtimestr.com\/index.php\/wp-json\/wp\/v2\/posts\/167374\/revisions"}],"predecessor-version":[{"id":167384,"href":"https:\/\/epochtimestr.com\/index.php\/wp-json\/wp\/v2\/posts\/167374\/revisions\/167384"}],"wp:featuredmedia":[{"embeddable":true,"href":"https:\/\/epochtimestr.com\/index.php\/wp-json\/wp\/v2\/media\/167375"}],"wp:attachment":[{"href":"https:\/\/epochtimestr.com\/index.php\/wp-json\/wp\/v2\/media?parent=167374"}],"wp:term":[{"taxonomy":"category","embeddable":true,"href":"https:\/\/epochtimestr.com\/index.php\/wp-json\/wp\/v2\/categories?post=167374"},{"taxonomy":"post_tag","embeddable":true,"href":"https:\/\/epochtimestr.com\/index.php\/wp-json\/wp\/v2\/tags?post=167374"}],"curies":[{"name":"wp","href":"https:\/\/api.w.org\/{rel}","templated":true}]}}