{"id":167385,"date":"2026-05-19T22:07:17","date_gmt":"2026-05-19T19:07:17","guid":{"rendered":"https:\/\/epochtimestr.com\/?p=167385"},"modified":"2026-05-19T22:07:20","modified_gmt":"2026-05-19T19:07:20","slug":"atam-19-mayis-1919da-samsunda","status":"publish","type":"post","link":"https:\/\/epochtimestr.com\/index.php\/atam-19-mayis-1919da-samsunda","title":{"rendered":"Atam 19 May\u0131s 1919\u2019da Samsun\u2019da"},"content":{"rendered":"<div class=\"wp-block-image\">\n<figure class=\"aligncenter size-full\"><img loading=\"lazy\" decoding=\"async\" width=\"552\" height=\"615\" src=\"https:\/\/epochtimestr.com\/wp-content\/uploads\/2011y\/image-391.png\" alt=\"Mustafa Kemal Atat\u00fcrk \u0130zmir'den ayr\u0131l\u0131\u015f\u0131nda, Basmane Tren \u0130stasyonu'nda. (9 Temmuz 1926) (Foto\u011fraf: Wikimedia)\" class=\"wp-image-167389\" srcset=\"https:\/\/epochtimestr.com\/wp-content\/uploads\/2011y\/image-391.png 552w, https:\/\/epochtimestr.com\/wp-content\/uploads\/2011y\/image-391-269x300.png 269w, https:\/\/epochtimestr.com\/wp-content\/uploads\/2011y\/image-391-135x150.png 135w\" sizes=\"(max-width: 552px) 100vw, 552px\" \/><figcaption class=\"wp-element-caption\">Mustafa Kemal Atat\u00fcrk \u0130zmir&#8217;den ayr\u0131l\u0131\u015f\u0131nda, Basmane Tren \u0130stasyonu&#8217;nda. (9 Temmuz 1926)<\/figcaption><\/figure><\/div>\n\n\n<p>\u00dclkesini i\u00e7inde bulundu\u011fu karanl\u0131ktan \u00e7\u0131karmak isteyen, \u201cMilletin ba\u011f\u0131ms\u0131zl\u0131\u011f\u0131n\u0131 yine milletin azmi ve kararl\u0131l\u0131\u011f\u0131n\u0131n kurtaraca\u011f\u0131na\u201d inanan Mustafa Kemal ATAT\u00dcRK, Samsun\u2019a \u00e7\u0131k\u0131\u015f\u0131yla t\u00fcm \u00fclkeyi ayd\u0131nlatacak bir hareketi ba\u015flatm\u0131\u015f ve kurtulu\u015f me\u015falesini yakm\u0131\u015ft\u0131r.<\/p>\n\n\n\n<p>Atat\u00fcrk bir konu\u015fmas\u0131nda \u201cBen 19 May\u0131s\u2019ta do\u011fdum\u201d demi\u015ftir.<\/p>\n\n\n\n<p>Atat\u00fcrk\u2019\u00fcn ba\u011f\u0131ms\u0131zl\u0131k \u0131\u015f\u0131\u011f\u0131n\u0131 yakt\u0131\u011f\u0131 19 May\u0131s\u2019\u0131 do\u011fum g\u00fcn\u00fc olarak kabul etmesi, 19 May\u0131s\u2019\u0131n tarihimizdeki yerini ve \u00f6nemini g\u00f6stermektedir. \u00c7\u00fcnk\u00fc 19 May\u0131s 1919 \u00fclkenin ayd\u0131nl\u0131k gelece\u011fi i\u00e7in at\u0131lan ilk ad\u0131md\u0131r.<\/p>\n\n\n\n<p>Do\u011fum g\u00fcn\u00fcn kutlu olsun Mustafa Kemal Atat\u00fcrk!<\/p>\n\n\n\n<h3 class=\"wp-block-heading\"><strong>19 May\u0131s 1919\u2019da Samsunda Atam <\/strong><strong><\/strong><\/h3>\n\n\n\n<p>Band\u0131rma Vapuruyla \u00e7\u0131kt\u0131n Samsun\u2019a,<br \/>Me\u015faleleri orada yakt\u0131n halk\u0131nla Atam<br \/>Kurtulu\u015f i\u00e7in ilk ad\u0131m\u0131 birlikte att\u0131n<br \/>19 May\u0131s 1919\u2019da Samsun\u2019da Atam<\/p>\n\n\n\n<p><\/p>\n\n\n\n<p>Oradan yolculu\u011fun Sivas, Erzurum,<br \/>Amasya\u2019da kongresi, bitsin bu zul\u00fcm.<br \/>Ald\u0131\u011f\u0131n kararla : \u201cHaydi milletim!\u201d<br \/>\u201c\u0130lk Hedefiniz Akdeniz\u2019dir \u0130leri!\u201d Hayk\u0131rd\u0131n Atam.<\/p>\n\n\n\n<p><\/p>\n\n\n\n<p>19 May\u0131s\u2019ta h\u00fcrriyet i\u00e7in askerdik,<br \/>Bu kutsal kararlarla yurda ant i\u00e7tik.<br \/>\u201cYa istiklal, ya \u00f6l\u00fcm!\u201d diye y\u00fcr\u00fcd\u00fck,<br \/>\u00d6zg\u00fcrl\u00fc\u011fe ba\u015f koyup \u00e7\u0131km\u0131\u015ft\u0131n Atam.<\/p>\n\n\n\n<p><\/p>\n\n\n\n<p>\u015eim\u015fekler \u00e7akt\u0131rarak y\u00fcr\u00fcd\u00fcn Atam,<br \/>Y\u00fczlerce \u015fehit \u015fimdi orada yatan.<br \/>Kahraman milletinle kurtuldu vatan,<br \/>Ayd\u0131nlatt\u0131n d\u00f6rt yan\u0131 sab\u0131rla Atam.<\/p>\n\n\n\n<p><\/p>\n\n\n\n<p>Ey T\u00fcrk gen\u00e7li\u011fi! Sana emanet vatan,<br \/>D\u00fc\u015fmana kar\u015f\u0131 durup meydan okuyan,<br \/>G\u00f6\u011fs\u00fcnde ta\u015f\u0131d\u0131\u011f\u0131n \u015fanl\u0131, asil kan,<br \/>Kahraman askerinle gazisin Atam.<\/p>\n\n\n\n<p><\/p>\n\n\n\n<p>Bu aziz milletinle yurdu kurtard\u0131n<br \/>\u00dclkeyi devrimlerle bezedin Atam.<br \/>G\u00f6nl\u00fcnde Cumhuriyet sevdas\u0131 yatan,<br \/>Yedi d\u00fcvele kar\u015f\u0131 sava\u015ft\u0131n Atam.<\/p>\n\n\n\n<p><\/p>\n\n\n\n<p>Tarihe silinmez destan yazd\u0131rd\u0131n,<br \/>Cumhuriyet, onurun, \u015ferefin, \u015fan\u0131n.<br \/>Gen\u00e7li\u011fe emanettir cennet vatan\u0131n,<br \/>Biz yolunda y\u00fcr\u00fcr\u00fcz, sana s\u00f6z Atam!<br \/>Biz yolunda y\u00fcr\u00fcr\u00fcz, sana s\u00f6z Atam!<\/p>\n","protected":false},"excerpt":{"rendered":"<p>\u00dclkesini i\u00e7inde bulundu\u011fu karanl\u0131ktan \u00e7\u0131karmak isteyen, \u201cMilletin ba\u011f\u0131ms\u0131zl\u0131\u011f\u0131n\u0131 yine milletin azmi ve kararl\u0131l\u0131\u011f\u0131n\u0131n kurtaraca\u011f\u0131na\u201d inanan Mustafa Kemal ATAT\u00dcRK, Samsun\u2019a \u00e7\u0131k\u0131\u015f\u0131yla t\u00fcm \u00fclkeyi ayd\u0131nlatacak bir hareketi ba\u015flatm\u0131\u015f ve kurtulu\u015f me\u015falesini yakm\u0131\u015ft\u0131r. Atat\u00fcrk bir konu\u015fmas\u0131nda \u201cBen 19 May\u0131s\u2019ta do\u011fdum\u201d demi\u015ftir. Atat\u00fcrk\u2019\u00fcn ba\u011f\u0131ms\u0131zl\u0131k \u0131\u015f\u0131\u011f\u0131n\u0131 yakt\u0131\u011f\u0131 19 May\u0131s\u2019\u0131 do\u011fum g\u00fcn\u00fc olarak kabul etmesi, 19 May\u0131s\u2019\u0131n tarihimizdeki yerini ve \u00f6nemini [&hellip;]<\/p>\n","protected":false},"author":13998,"featured_media":160116,"comment_status":"open","ping_status":"open","sticky":false,"template":"","format":"standard","meta":{"_yoast_wpseo_focuskw":"19 May\u0131s","_yoast_wpseo_title":"","_yoast_wpseo_metadesc":"ATAT\u00dcRK\u2019\u00fcn ba\u011f\u0131ms\u0131zl\u0131k \u0131\u015f\u0131\u011f\u0131n\u0131 yakt\u0131\u011f\u0131 19 May\u0131s\u2019\u0131 do\u011fum g\u00fcn\u00fc olarak kabul etmesi, 19 May\u0131s\u2019\u0131n tarihimizdeki yerini ve \u00f6nemini g\u00f6stermektedir.","_bbp_topic_count":0,"_bbp_reply_count":0,"_bbp_total_topic_count":0,"_bbp_total_reply_count":0,"_bbp_voice_count":0,"_bbp_anonymous_reply_count":0,"_bbp_topic_count_hidden":0,"_bbp_reply_count_hidden":0,"_bbp_forum_subforum_count":0,"footnotes":"","_yoast_wpseo_focuskw_text_input":""},"categories":[8889],"tags":[],"yoast_head":"<!-- This site is optimized with the Yoast SEO plugin v23.0 - https:\/\/yoast.com\/wordpress\/plugins\/seo\/ -->\n<title>Atam 19 May\u0131s 1919\u2019da Samsun\u2019da - The Epoch Times TR<\/title>\n<meta name=\"description\" content=\"ATAT\u00dcRK\u2019\u00fcn ba\u011f\u0131ms\u0131zl\u0131k \u0131\u015f\u0131\u011f\u0131n\u0131 yakt\u0131\u011f\u0131 19 May\u0131s\u2019\u0131 do\u011fum g\u00fcn\u00fc olarak kabul etmesi, 19 May\u0131s\u2019\u0131n tarihimizdeki yerini ve \u00f6nemini g\u00f6stermektedir.\" \/>\n<meta name=\"robots\" content=\"index, follow, max-snippet:-1, max-image-preview:large, max-video-preview:-1\" \/>\n<link rel=\"canonical\" href=\"https:\/\/epochtimestr.com\/index.php\/atam-19-mayis-1919da-samsunda\" \/>\n<meta property=\"og:locale\" content=\"tr_TR\" \/>\n<meta property=\"og:type\" content=\"article\" \/>\n<meta property=\"og:title\" content=\"Atam 19 May\u0131s 1919\u2019da Samsun\u2019da - The Epoch Times TR\" \/>\n<meta property=\"og:description\" content=\"ATAT\u00dcRK\u2019\u00fcn ba\u011f\u0131ms\u0131zl\u0131k \u0131\u015f\u0131\u011f\u0131n\u0131 yakt\u0131\u011f\u0131 19 May\u0131s\u2019\u0131 do\u011fum g\u00fcn\u00fc olarak kabul etmesi, 19 May\u0131s\u2019\u0131n tarihimizdeki yerini ve \u00f6nemini g\u00f6stermektedir.\" \/>\n<meta property=\"og:url\" content=\"https:\/\/epochtimestr.com\/index.php\/atam-19-mayis-1919da-samsunda\" \/>\n<meta property=\"og:site_name\" content=\"The Epoch Times TR\" \/>\n<meta property=\"article:publisher\" content=\"https:\/\/www.facebook.com\/theepochtimestr\" \/>\n<meta property=\"article:published_time\" content=\"2026-05-19T19:07:17+00:00\" \/>\n<meta property=\"article:modified_time\" content=\"2026-05-19T19:07:20+00:00\" \/>\n<meta property=\"og:image\" content=\"https:\/\/epochtimestr.com\/wp-content\/uploads\/2011y\/SERIFE-ESER-SM.png\" \/>\n\t<meta property=\"og:image:width\" content=\"1200\" \/>\n\t<meta property=\"og:image:height\" content=\"630\" \/>\n\t<meta property=\"og:image:type\" content=\"image\/png\" \/>\n<meta name=\"author\" content=\"\u015eerife Eser\" \/>\n<meta name=\"twitter:card\" content=\"summary_large_image\" \/>\n<meta name=\"twitter:creator\" content=\"@TheEpochTimesTR\" \/>\n<meta name=\"twitter:site\" content=\"@TheEpochTimesTR\" \/>\n<meta name=\"twitter:label1\" content=\"Yazan:\" \/>\n\t<meta name=\"twitter:data1\" content=\"\u015eerife Eser\" \/>\n\t<meta name=\"twitter:label2\" content=\"Tahmini okuma s\u00fcresi\" \/>\n\t<meta name=\"twitter:data2\" content=\"2 dakika\" \/>\n<script type=\"application\/ld+json\" class=\"yoast-schema-graph\">{\"@context\":\"https:\/\/schema.org\",\"@graph\":[{\"@type\":\"Article\",\"@id\":\"https:\/\/epochtimestr.com\/index.php\/atam-19-mayis-1919da-samsunda#article\",\"isPartOf\":{\"@id\":\"https:\/\/epochtimestr.com\/index.php\/atam-19-mayis-1919da-samsunda\"},\"author\":{\"name\":\"\u015eerife Eser\",\"@id\":\"https:\/\/epochtimestr.com\/#\/schema\/person\/82b65a1390e2b0717a679b57ed38d466\"},\"headline\":\"Atam 19 May\u0131s 1919\u2019da Samsun\u2019da\",\"datePublished\":\"2026-05-19T19:07:17+00:00\",\"dateModified\":\"2026-05-19T19:07:20+00:00\",\"mainEntityOfPage\":{\"@id\":\"https:\/\/epochtimestr.com\/index.php\/atam-19-mayis-1919da-samsunda\"},\"wordCount\":348,\"commentCount\":0,\"publisher\":{\"@id\":\"https:\/\/epochtimestr.com\/#organization\"},\"image\":{\"@id\":\"https:\/\/epochtimestr.com\/index.php\/atam-19-mayis-1919da-samsunda#primaryimage\"},\"thumbnailUrl\":\"https:\/\/epochtimestr.com\/wp-content\/uploads\/2011y\/Serife-Eser-Profil-1.png\",\"articleSection\":[\"K\u00f6\u015fe Yaz\u0131lar\u0131 \u015eerife Eser\"],\"inLanguage\":\"tr\",\"potentialAction\":[{\"@type\":\"CommentAction\",\"name\":\"Comment\",\"target\":[\"https:\/\/epochtimestr.com\/index.php\/atam-19-mayis-1919da-samsunda#respond\"]}]},{\"@type\":\"WebPage\",\"@id\":\"https:\/\/epochtimestr.com\/index.php\/atam-19-mayis-1919da-samsunda\",\"url\":\"https:\/\/epochtimestr.com\/index.php\/atam-19-mayis-1919da-samsunda\",\"name\":\"Atam 19 May\u0131s 1919\u2019da Samsun\u2019da - The Epoch Times TR\",\"isPartOf\":{\"@id\":\"https:\/\/epochtimestr.com\/#website\"},\"primaryImageOfPage\":{\"@id\":\"https:\/\/epochtimestr.com\/index.php\/atam-19-mayis-1919da-samsunda#primaryimage\"},\"image\":{\"@id\":\"https:\/\/epochtimestr.com\/index.php\/atam-19-mayis-1919da-samsunda#primaryimage\"},\"thumbnailUrl\":\"https:\/\/epochtimestr.com\/wp-content\/uploads\/2011y\/Serife-Eser-Profil-1.png\",\"datePublished\":\"2026-05-19T19:07:17+00:00\",\"dateModified\":\"2026-05-19T19:07:20+00:00\",\"description\":\"ATAT\u00dcRK\u2019\u00fcn ba\u011f\u0131ms\u0131zl\u0131k \u0131\u015f\u0131\u011f\u0131n\u0131 yakt\u0131\u011f\u0131 19 May\u0131s\u2019\u0131 do\u011fum g\u00fcn\u00fc olarak kabul etmesi, 19 May\u0131s\u2019\u0131n tarihimizdeki yerini ve \u00f6nemini g\u00f6stermektedir.\",\"inLanguage\":\"tr\",\"potentialAction\":[{\"@type\":\"ReadAction\",\"target\":[\"https:\/\/epochtimestr.com\/index.php\/atam-19-mayis-1919da-samsunda\"]}]},{\"@type\":\"ImageObject\",\"inLanguage\":\"tr\",\"@id\":\"https:\/\/epochtimestr.com\/index.php\/atam-19-mayis-1919da-samsunda#primaryimage\",\"url\":\"https:\/\/epochtimestr.com\/wp-content\/uploads\/2011y\/Serife-Eser-Profil-1.png\",\"contentUrl\":\"https:\/\/epochtimestr.com\/wp-content\/uploads\/2011y\/Serife-Eser-Profil-1.png\",\"width\":600,\"height\":600},{\"@type\":\"WebSite\",\"@id\":\"https:\/\/epochtimestr.com\/#website\",\"url\":\"https:\/\/epochtimestr.com\/\",\"name\":\"The Epoch Times TR\",\"description\":\"De\u011fi\u015fen D\u00fcnyam\u0131za Taze Bir Bak\u0131\u015f\",\"publisher\":{\"@id\":\"https:\/\/epochtimestr.com\/#organization\"},\"potentialAction\":[{\"@type\":\"SearchAction\",\"target\":{\"@type\":\"EntryPoint\",\"urlTemplate\":\"https:\/\/epochtimestr.com\/?s={search_term_string}\"},\"query-input\":\"required name=search_term_string\"}],\"inLanguage\":\"tr\"},{\"@type\":\"Organization\",\"@id\":\"https:\/\/epochtimestr.com\/#organization\",\"name\":\"The EpochTimes T\u00fcrkiye\",\"url\":\"https:\/\/epochtimestr.com\/\",\"logo\":{\"@type\":\"ImageObject\",\"inLanguage\":\"tr\",\"@id\":\"https:\/\/epochtimestr.com\/#\/schema\/logo\/image\/\",\"url\":\"https:\/\/epochtimestr.com\/wp-content\/uploads\/2011y\/ET-Logo-YG.jpg\",\"contentUrl\":\"https:\/\/epochtimestr.com\/wp-content\/uploads\/2011y\/ET-Logo-YG.jpg\",\"width\":346,\"height\":29,\"caption\":\"The EpochTimes T\u00fcrkiye\"},\"image\":{\"@id\":\"https:\/\/epochtimestr.com\/#\/schema\/logo\/image\/\"},\"sameAs\":[\"https:\/\/www.facebook.com\/theepochtimestr\",\"https:\/\/x.com\/TheEpochTimesTR\",\"https:\/\/www.instagram.com\/epochtimestr\"]},{\"@type\":\"Person\",\"@id\":\"https:\/\/epochtimestr.com\/#\/schema\/person\/82b65a1390e2b0717a679b57ed38d466\",\"name\":\"\u015eerife Eser\",\"image\":{\"@type\":\"ImageObject\",\"inLanguage\":\"tr\",\"@id\":\"https:\/\/epochtimestr.com\/#\/schema\/person\/image\/\",\"url\":\"https:\/\/secure.gravatar.com\/avatar\/240b2d469e089f3ae0f677fcc7925228?s=96&d=mm&r=g\",\"contentUrl\":\"https:\/\/secure.gravatar.com\/avatar\/240b2d469e089f3ae0f677fcc7925228?s=96&d=mm&r=g\",\"caption\":\"\u015eerife Eser\"},\"url\":\"https:\/\/epochtimestr.com\/index.php\/author\/serife\"}]}<\/script>\n<!-- \/ Yoast SEO plugin. -->","yoast_head_json":{"title":"Atam 19 May\u0131s 1919\u2019da Samsun\u2019da - The Epoch Times TR","description":"ATAT\u00dcRK\u2019\u00fcn ba\u011f\u0131ms\u0131zl\u0131k \u0131\u015f\u0131\u011f\u0131n\u0131 yakt\u0131\u011f\u0131 19 May\u0131s\u2019\u0131 do\u011fum g\u00fcn\u00fc olarak kabul etmesi, 19 May\u0131s\u2019\u0131n tarihimizdeki yerini ve \u00f6nemini g\u00f6stermektedir.","robots":{"index":"index","follow":"follow","max-snippet":"max-snippet:-1","max-image-preview":"max-image-preview:large","max-video-preview":"max-video-preview:-1"},"canonical":"https:\/\/epochtimestr.com\/index.php\/atam-19-mayis-1919da-samsunda","og_locale":"tr_TR","og_type":"article","og_title":"Atam 19 May\u0131s 1919\u2019da Samsun\u2019da - The Epoch Times TR","og_description":"ATAT\u00dcRK\u2019\u00fcn ba\u011f\u0131ms\u0131zl\u0131k \u0131\u015f\u0131\u011f\u0131n\u0131 yakt\u0131\u011f\u0131 19 May\u0131s\u2019\u0131 do\u011fum g\u00fcn\u00fc olarak kabul etmesi, 19 May\u0131s\u2019\u0131n tarihimizdeki yerini ve \u00f6nemini g\u00f6stermektedir.","og_url":"https:\/\/epochtimestr.com\/index.php\/atam-19-mayis-1919da-samsunda","og_site_name":"The Epoch Times TR","article_publisher":"https:\/\/www.facebook.com\/theepochtimestr","article_published_time":"2026-05-19T19:07:17+00:00","article_modified_time":"2026-05-19T19:07:20+00:00","og_image":[{"width":1200,"height":630,"url":"https:\/\/epochtimestr.com\/wp-content\/uploads\/2011y\/SERIFE-ESER-SM.png","type":"image\/png"}],"author":"\u015eerife Eser","twitter_card":"summary_large_image","twitter_creator":"@TheEpochTimesTR","twitter_site":"@TheEpochTimesTR","twitter_misc":{"Yazan:":"\u015eerife Eser","Tahmini okuma s\u00fcresi":"2 dakika"},"schema":{"@context":"https:\/\/schema.org","@graph":[{"@type":"Article","@id":"https:\/\/epochtimestr.com\/index.php\/atam-19-mayis-1919da-samsunda#article","isPartOf":{"@id":"https:\/\/epochtimestr.com\/index.php\/atam-19-mayis-1919da-samsunda"},"author":{"name":"\u015eerife Eser","@id":"https:\/\/epochtimestr.com\/#\/schema\/person\/82b65a1390e2b0717a679b57ed38d466"},"headline":"Atam 19 May\u0131s 1919\u2019da Samsun\u2019da","datePublished":"2026-05-19T19:07:17+00:00","dateModified":"2026-05-19T19:07:20+00:00","mainEntityOfPage":{"@id":"https:\/\/epochtimestr.com\/index.php\/atam-19-mayis-1919da-samsunda"},"wordCount":348,"commentCount":0,"publisher":{"@id":"https:\/\/epochtimestr.com\/#organization"},"image":{"@id":"https:\/\/epochtimestr.com\/index.php\/atam-19-mayis-1919da-samsunda#primaryimage"},"thumbnailUrl":"https:\/\/epochtimestr.com\/wp-content\/uploads\/2011y\/Serife-Eser-Profil-1.png","articleSection":["K\u00f6\u015fe Yaz\u0131lar\u0131 \u015eerife Eser"],"inLanguage":"tr","potentialAction":[{"@type":"CommentAction","name":"Comment","target":["https:\/\/epochtimestr.com\/index.php\/atam-19-mayis-1919da-samsunda#respond"]}]},{"@type":"WebPage","@id":"https:\/\/epochtimestr.com\/index.php\/atam-19-mayis-1919da-samsunda","url":"https:\/\/epochtimestr.com\/index.php\/atam-19-mayis-1919da-samsunda","name":"Atam 19 May\u0131s 1919\u2019da Samsun\u2019da - The Epoch Times TR","isPartOf":{"@id":"https:\/\/epochtimestr.com\/#website"},"primaryImageOfPage":{"@id":"https:\/\/epochtimestr.com\/index.php\/atam-19-mayis-1919da-samsunda#primaryimage"},"image":{"@id":"https:\/\/epochtimestr.com\/index.php\/atam-19-mayis-1919da-samsunda#primaryimage"},"thumbnailUrl":"https:\/\/epochtimestr.com\/wp-content\/uploads\/2011y\/Serife-Eser-Profil-1.png","datePublished":"2026-05-19T19:07:17+00:00","dateModified":"2026-05-19T19:07:20+00:00","description":"ATAT\u00dcRK\u2019\u00fcn ba\u011f\u0131ms\u0131zl\u0131k \u0131\u015f\u0131\u011f\u0131n\u0131 yakt\u0131\u011f\u0131 19 May\u0131s\u2019\u0131 do\u011fum g\u00fcn\u00fc olarak kabul etmesi, 19 May\u0131s\u2019\u0131n tarihimizdeki yerini ve \u00f6nemini g\u00f6stermektedir.","inLanguage":"tr","potentialAction":[{"@type":"ReadAction","target":["https:\/\/epochtimestr.com\/index.php\/atam-19-mayis-1919da-samsunda"]}]},{"@type":"ImageObject","inLanguage":"tr","@id":"https:\/\/epochtimestr.com\/index.php\/atam-19-mayis-1919da-samsunda#primaryimage","url":"https:\/\/epochtimestr.com\/wp-content\/uploads\/2011y\/Serife-Eser-Profil-1.png","contentUrl":"https:\/\/epochtimestr.com\/wp-content\/uploads\/2011y\/Serife-Eser-Profil-1.png","width":600,"height":600},{"@type":"WebSite","@id":"https:\/\/epochtimestr.com\/#website","url":"https:\/\/epochtimestr.com\/","name":"The Epoch Times TR","description":"De\u011fi\u015fen D\u00fcnyam\u0131za Taze Bir Bak\u0131\u015f","publisher":{"@id":"https:\/\/epochtimestr.com\/#organization"},"potentialAction":[{"@type":"SearchAction","target":{"@type":"EntryPoint","urlTemplate":"https:\/\/epochtimestr.com\/?s={search_term_string}"},"query-input":"required name=search_term_string"}],"inLanguage":"tr"},{"@type":"Organization","@id":"https:\/\/epochtimestr.com\/#organization","name":"The EpochTimes T\u00fcrkiye","url":"https:\/\/epochtimestr.com\/","logo":{"@type":"ImageObject","inLanguage":"tr","@id":"https:\/\/epochtimestr.com\/#\/schema\/logo\/image\/","url":"https:\/\/epochtimestr.com\/wp-content\/uploads\/2011y\/ET-Logo-YG.jpg","contentUrl":"https:\/\/epochtimestr.com\/wp-content\/uploads\/2011y\/ET-Logo-YG.jpg","width":346,"height":29,"caption":"The EpochTimes T\u00fcrkiye"},"image":{"@id":"https:\/\/epochtimestr.com\/#\/schema\/logo\/image\/"},"sameAs":["https:\/\/www.facebook.com\/theepochtimestr","https:\/\/x.com\/TheEpochTimesTR","https:\/\/www.instagram.com\/epochtimestr"]},{"@type":"Person","@id":"https:\/\/epochtimestr.com\/#\/schema\/person\/82b65a1390e2b0717a679b57ed38d466","name":"\u015eerife Eser","image":{"@type":"ImageObject","inLanguage":"tr","@id":"https:\/\/epochtimestr.com\/#\/schema\/person\/image\/","url":"https:\/\/secure.gravatar.com\/avatar\/240b2d469e089f3ae0f677fcc7925228?s=96&d=mm&r=g","contentUrl":"https:\/\/secure.gravatar.com\/avatar\/240b2d469e089f3ae0f677fcc7925228?s=96&d=mm&r=g","caption":"\u015eerife Eser"},"url":"https:\/\/epochtimestr.com\/index.php\/author\/serife"}]}},"_links":{"self":[{"href":"https:\/\/epochtimestr.com\/index.php\/wp-json\/wp\/v2\/posts\/167385"}],"collection":[{"href":"https:\/\/epochtimestr.com\/index.php\/wp-json\/wp\/v2\/posts"}],"about":[{"href":"https:\/\/epochtimestr.com\/index.php\/wp-json\/wp\/v2\/types\/post"}],"author":[{"embeddable":true,"href":"https:\/\/epochtimestr.com\/index.php\/wp-json\/wp\/v2\/users\/13998"}],"replies":[{"embeddable":true,"href":"https:\/\/epochtimestr.com\/index.php\/wp-json\/wp\/v2\/comments?post=167385"}],"version-history":[{"count":4,"href":"https:\/\/epochtimestr.com\/index.php\/wp-json\/wp\/v2\/posts\/167385\/revisions"}],"predecessor-version":[{"id":167394,"href":"https:\/\/epochtimestr.com\/index.php\/wp-json\/wp\/v2\/posts\/167385\/revisions\/167394"}],"wp:featuredmedia":[{"embeddable":true,"href":"https:\/\/epochtimestr.com\/index.php\/wp-json\/wp\/v2\/media\/160116"}],"wp:attachment":[{"href":"https:\/\/epochtimestr.com\/index.php\/wp-json\/wp\/v2\/media?parent=167385"}],"wp:term":[{"taxonomy":"category","embeddable":true,"href":"https:\/\/epochtimestr.com\/index.php\/wp-json\/wp\/v2\/categories?post=167385"},{"taxonomy":"post_tag","embeddable":true,"href":"https:\/\/epochtimestr.com\/index.php\/wp-json\/wp\/v2\/tags?post=167385"}],"curies":[{"name":"wp","href":"https:\/\/api.w.org\/{rel}","templated":true}]}}