{"id":167395,"date":"2026-05-20T07:00:00","date_gmt":"2026-05-20T04:00:00","guid":{"rendered":"https:\/\/epochtimestr.com\/?p=167395"},"modified":"2026-05-19T22:21:04","modified_gmt":"2026-05-19T19:21:04","slug":"tohumu-ekilen-ofke-dusmanlik-asilamak","status":"publish","type":"post","link":"https:\/\/epochtimestr.com\/index.php\/tohumu-ekilen-ofke-dusmanlik-asilamak","title":{"rendered":"Tohumu Ekilen \u00d6fke: D\u00fc\u015fmanl\u0131k A\u015f\u0131lamak"},"content":{"rendered":"\n<p>Son y\u0131llarda d\u00fcnyay\u0131 ve i\u00e7inde ya\u015fad\u0131\u011f\u0131m\u0131z toplumu g\u00f6zlemlerken fark etti\u011finiz en belirgin duygu nedir diye sorsalar, san\u0131r\u0131m \u00e7o\u011fumuz ayn\u0131 cevab\u0131 veririz: \u00f6fke. Ancak bu \u00f6fke, haks\u0131zl\u0131\u011fa kar\u015f\u0131 duyulan cinsten anl\u0131k ve hakl\u0131 bir tepki de\u011fil. Bu planl\u0131, programl\u0131 ve sistematik bir \u015fekilde ruhlar\u0131m\u0131za zerk edilen bir zehir: d\u00fc\u015fmanl\u0131k a\u015f\u0131lamak.<\/p>\n\n\n\n<p>D\u00fc\u015fmanl\u0131k, do\u011fu\u015ftan gelen bir refleks de\u011fildir; sonradan \u00f6\u011frenilen, beslenen ve b\u00fcy\u00fct\u00fclen bir kurgudur. \u0130nsan \u00e7ocukken d\u00fcnyay\u0131 \u201cbiz ve onlar\u201d diye ay\u0131rmay\u0131 bilmez. Ta ki birileri gelip s\u0131n\u0131rlar\u0131 \u00e7izene, \u201c\u00f6teki\u201d olan\u0131n tehlikeli oldu\u011funu f\u0131s\u0131ldayana kadar. Bug\u00fcn medya man\u015fetlerinden, sosyal medya algoritmalar\u0131ndan ve siyaset dilinden \u00fczerimize adeta bir d\u00fc\u015fmanl\u0131k sa\u011fana\u011f\u0131 ya\u011f\u0131yor.<\/p>\n\n\n\n<p><strong>Kusursuz D\u00fc\u015fman Yaratma Sanat\u0131<\/strong><\/p>\n\n\n\n<p>Bir topluma d\u00fc\u015fmanl\u0131k a\u015f\u0131lamak, san\u0131ld\u0131\u011f\u0131 kadar zor de\u011fildir. Bunun belli a\u015famalar\u0131 vard\u0131r ve ne yaz\u0131k ki tarih bu senaryonun trajik \u00f6rnekleriyle doludur:<\/p>\n\n\n\n<ul>\n<li>Korku K\u00fclt\u00fcr\u00fc Olu\u015fturmak: \u0130nsanlara s\u00fcrekli bir \u015feyleri kaybetmek \u00fczere olduklar\u0131 (g\u00fcvenlik, kimlik, refah) hissettirilir. Korkan insan, rasyonel d\u00fc\u015f\u00fcnmeyi b\u0131rak\u0131r.<\/li>\n\n\n\n<li>\u201c\u00d6teki\u201dni Canavarla\u015ft\u0131rmak: Kar\u015f\u0131 taraftaki insanlar birey olmaktan \u00e7\u0131kar\u0131l\u0131r, homojen bir \u201ck\u00f6t\u00fcl\u00fck oda\u011f\u0131\u201d gibi g\u00f6sterilir.<\/li>\n\n\n\n<li>Empatiyi Kurutmak: Kar\u015f\u0131 mahallede ya\u015fanan bir ac\u0131ya sevinir hale gelindi\u011finde, d\u00fc\u015fmanl\u0131k a\u015f\u0131s\u0131 tutmu\u015f demektir.<\/li>\n<\/ul>\n\n\n\n<p>\u201cBir toplumun gelece\u011fini yok etmek istiyorsan\u0131z, oraya tankla t\u00fcfekle girmenize gerek yoktur. \u0130nsanlar\u0131n birbirinin y\u00fcz\u00fcne nefretle bakmas\u0131n\u0131 sa\u011flaman\u0131z k\u00e2fidir.\u201d<\/p>\n\n\n\n<p><strong>Dijital Mahalleler ve Yank\u0131 Odalar\u0131<\/strong><\/p>\n\n\n\n<p>Eskiden d\u00fc\u015fmanl\u0131k a\u015f\u0131lamak i\u00e7in meydanlarda nutuk atmak gerekirdi, \u015fimdi ise sadece bir t\u0131k yetiyor. Sosyal medya algoritmalar\u0131, bizi bizim gibi d\u00fc\u015f\u00fcnenlerin aras\u0131na hapsedip, kar\u015f\u0131 tarafa dair sadece en u\u00e7, en k\u0131\u015fk\u0131rt\u0131c\u0131 \u00f6rnekleri \u00f6n\u00fcm\u00fcze koyuyor. Sonu\u00e7 mu? Kendi yank\u0131 odalar\u0131m\u0131zda birbirimizi nefretle bileyen, gri tonlar\u0131 kaybetmi\u015f, sadece siyah ve beyazdan ibaret bir toplum.<\/p>\n\n\n\n<p>Birbirimize d\u00fc\u015fman kesildi\u011fimizde, as\u0131l \u00e7\u00f6z\u00fclmesi gereken ortak sorunlar\u0131m\u0131z\u0131 (ekonomiyi, adaleti, e\u011fitimi, \u00e7evre krizlerini) konu\u015famaz hale geliyoruz. \u00c7\u00fcnk\u00fc d\u00fc\u015fmanl\u0131k, ger\u00e7ek sorunlar\u0131n \u00fczerini \u00f6rten en kullan\u0131\u015fl\u0131 perdedir.<\/p>\n\n\n\n<p><strong>Panzehir Biziz<\/strong><\/p>\n\n\n\n<p>Peki, bu a\u015f\u0131y\u0131 reddetmek m\u00fcmk\u00fcn m\u00fc? Elbette. D\u00fc\u015fmanl\u0131k a\u015f\u0131layanlara kar\u015f\u0131 verilecek en b\u00fcy\u00fck m\u00fccadele, inatla sa\u011fduyuyu ve empatiyi savunmakt\u0131r. Bir arg\u00fcman\u0131 dinlerken \u201cKim s\u00f6yl\u00fcyor?\u201d diye de\u011fil, \u201cNe s\u00f6yl\u00fcyor?\u201d diye bakabildi\u011fimiz g\u00fcn, bu oyunu bozaca\u011f\u0131z.<\/p>\n\n\n\n<p>Man\u015fetlerin, tweetlerin ve siyasi s\u00f6ylemlerin bizi birbirimize k\u0131rd\u0131rmas\u0131na izin vermemek bir vatanda\u015fl\u0131k, daha da \u00f6nemlisi bir insanl\u0131k g\u00f6revidir. Unutmayal\u0131m: nefret tohumlar\u0131 ekenler g\u00fcn\u00fc geldi\u011finde hasad\u0131 tek ba\u015flar\u0131na toplamazlar; o yang\u0131nda hepimiz yanar\u0131z. O y\u00fczden bug\u00fcn, nefret dilini de\u011fil, anlama ve bir arada ya\u015fama dilini se\u00e7me g\u00fcn\u00fcd\u00fcr.<\/p>\n","protected":false},"excerpt":{"rendered":"<p>Son y\u0131llarda d\u00fcnyay\u0131 ve i\u00e7inde ya\u015fad\u0131\u011f\u0131m\u0131z toplumu g\u00f6zlemlerken fark etti\u011finiz en belirgin duygu nedir diye sorsalar, san\u0131r\u0131m \u00e7o\u011fumuz ayn\u0131 cevab\u0131 veririz: \u00f6fke. Ancak bu \u00f6fke, haks\u0131zl\u0131\u011fa kar\u015f\u0131 duyulan cinsten anl\u0131k ve hakl\u0131 bir tepki de\u011fil. Bu planl\u0131, programl\u0131 ve sistematik bir \u015fekilde ruhlar\u0131m\u0131za zerk edilen bir zehir: d\u00fc\u015fmanl\u0131k a\u015f\u0131lamak. D\u00fc\u015fmanl\u0131k, do\u011fu\u015ftan gelen bir refleks de\u011fildir; [&hellip;]<\/p>\n","protected":false},"author":14013,"featured_media":167144,"comment_status":"open","ping_status":"open","sticky":false,"template":"","format":"standard","meta":{"_yoast_wpseo_focuskw":"\u00d6fke","_yoast_wpseo_title":"","_yoast_wpseo_metadesc":"D\u00fcnyay\u0131 ve i\u00e7inde ya\u015fad\u0131\u011f\u0131m\u0131z toplumu g\u00f6zlemlerken fark etti\u011finiz en belirgin duygu nedir deseler, \u00e7o\u011fumuz ayn\u0131 cevab\u0131 veririz: \u00f6fke.","_bbp_topic_count":0,"_bbp_reply_count":0,"_bbp_total_topic_count":0,"_bbp_total_reply_count":0,"_bbp_voice_count":0,"_bbp_anonymous_reply_count":0,"_bbp_topic_count_hidden":0,"_bbp_reply_count_hidden":0,"_bbp_forum_subforum_count":0,"footnotes":"","_yoast_wpseo_focuskw_text_input":""},"categories":[11361],"tags":[],"yoast_head":"<!-- This site is optimized with the Yoast SEO plugin v23.0 - https:\/\/yoast.com\/wordpress\/plugins\/seo\/ -->\n<title>Tohumu Ekilen \u00d6fke: D\u00fc\u015fmanl\u0131k A\u015f\u0131lamak - The Epoch Times TR<\/title>\n<meta name=\"description\" content=\"D\u00fcnyay\u0131 ve i\u00e7inde ya\u015fad\u0131\u011f\u0131m\u0131z toplumu g\u00f6zlemlerken fark etti\u011finiz en belirgin duygu nedir deseler, \u00e7o\u011fumuz ayn\u0131 cevab\u0131 veririz: \u00f6fke.\" \/>\n<meta name=\"robots\" content=\"index, follow, max-snippet:-1, max-image-preview:large, max-video-preview:-1\" \/>\n<link rel=\"canonical\" href=\"https:\/\/epochtimestr.com\/index.php\/tohumu-ekilen-ofke-dusmanlik-asilamak\" \/>\n<meta property=\"og:locale\" content=\"tr_TR\" \/>\n<meta property=\"og:type\" content=\"article\" \/>\n<meta property=\"og:title\" content=\"Tohumu Ekilen \u00d6fke: D\u00fc\u015fmanl\u0131k A\u015f\u0131lamak - The Epoch Times TR\" \/>\n<meta property=\"og:description\" content=\"D\u00fcnyay\u0131 ve i\u00e7inde ya\u015fad\u0131\u011f\u0131m\u0131z toplumu g\u00f6zlemlerken fark etti\u011finiz en belirgin duygu nedir deseler, \u00e7o\u011fumuz ayn\u0131 cevab\u0131 veririz: \u00f6fke.\" \/>\n<meta property=\"og:url\" content=\"https:\/\/epochtimestr.com\/index.php\/tohumu-ekilen-ofke-dusmanlik-asilamak\" \/>\n<meta property=\"og:site_name\" content=\"The Epoch Times TR\" \/>\n<meta property=\"article:publisher\" content=\"https:\/\/www.facebook.com\/theepochtimestr\" \/>\n<meta property=\"article:published_time\" content=\"2026-05-20T04:00:00+00:00\" \/>\n<meta property=\"article:modified_time\" content=\"2026-05-19T19:21:04+00:00\" \/>\n<meta property=\"og:image\" content=\"https:\/\/epochtimestr.com\/wp-content\/uploads\/2011y\/ali-kekliktepe-SM.jpeg\" \/>\n\t<meta property=\"og:image:width\" content=\"1200\" \/>\n\t<meta property=\"og:image:height\" content=\"630\" \/>\n\t<meta property=\"og:image:type\" content=\"image\/jpeg\" \/>\n<meta name=\"author\" content=\"Ali Kekliktepe\" \/>\n<meta name=\"twitter:card\" content=\"summary_large_image\" \/>\n<meta name=\"twitter:creator\" content=\"@TheEpochTimesTR\" \/>\n<meta name=\"twitter:site\" content=\"@TheEpochTimesTR\" \/>\n<meta name=\"twitter:label1\" content=\"Yazan:\" \/>\n\t<meta name=\"twitter:data1\" content=\"Ali Kekliktepe\" \/>\n\t<meta name=\"twitter:label2\" content=\"Tahmini okuma s\u00fcresi\" \/>\n\t<meta name=\"twitter:data2\" content=\"3 dakika\" \/>\n<script type=\"application\/ld+json\" class=\"yoast-schema-graph\">{\"@context\":\"https:\/\/schema.org\",\"@graph\":[{\"@type\":\"Article\",\"@id\":\"https:\/\/epochtimestr.com\/index.php\/tohumu-ekilen-ofke-dusmanlik-asilamak#article\",\"isPartOf\":{\"@id\":\"https:\/\/epochtimestr.com\/index.php\/tohumu-ekilen-ofke-dusmanlik-asilamak\"},\"author\":{\"name\":\"Ali Kekliktepe\",\"@id\":\"https:\/\/epochtimestr.com\/#\/schema\/person\/da94a416fed1aed029d0a47e85673b95\"},\"headline\":\"Tohumu Ekilen \u00d6fke: D\u00fc\u015fmanl\u0131k A\u015f\u0131lamak\",\"datePublished\":\"2026-05-20T04:00:00+00:00\",\"dateModified\":\"2026-05-19T19:21:04+00:00\",\"mainEntityOfPage\":{\"@id\":\"https:\/\/epochtimestr.com\/index.php\/tohumu-ekilen-ofke-dusmanlik-asilamak\"},\"wordCount\":518,\"commentCount\":0,\"publisher\":{\"@id\":\"https:\/\/epochtimestr.com\/#organization\"},\"image\":{\"@id\":\"https:\/\/epochtimestr.com\/index.php\/tohumu-ekilen-ofke-dusmanlik-asilamak#primaryimage\"},\"thumbnailUrl\":\"https:\/\/epochtimestr.com\/wp-content\/uploads\/2011y\/Ali-Kekliktepe.jpg\",\"articleSection\":[\"K\u00f6\u015fe Yaz\u0131lar\u0131 Ali Kekliktepe\"],\"inLanguage\":\"tr\",\"potentialAction\":[{\"@type\":\"CommentAction\",\"name\":\"Comment\",\"target\":[\"https:\/\/epochtimestr.com\/index.php\/tohumu-ekilen-ofke-dusmanlik-asilamak#respond\"]}]},{\"@type\":\"WebPage\",\"@id\":\"https:\/\/epochtimestr.com\/index.php\/tohumu-ekilen-ofke-dusmanlik-asilamak\",\"url\":\"https:\/\/epochtimestr.com\/index.php\/tohumu-ekilen-ofke-dusmanlik-asilamak\",\"name\":\"Tohumu Ekilen \u00d6fke: D\u00fc\u015fmanl\u0131k A\u015f\u0131lamak - The Epoch Times TR\",\"isPartOf\":{\"@id\":\"https:\/\/epochtimestr.com\/#website\"},\"primaryImageOfPage\":{\"@id\":\"https:\/\/epochtimestr.com\/index.php\/tohumu-ekilen-ofke-dusmanlik-asilamak#primaryimage\"},\"image\":{\"@id\":\"https:\/\/epochtimestr.com\/index.php\/tohumu-ekilen-ofke-dusmanlik-asilamak#primaryimage\"},\"thumbnailUrl\":\"https:\/\/epochtimestr.com\/wp-content\/uploads\/2011y\/Ali-Kekliktepe.jpg\",\"datePublished\":\"2026-05-20T04:00:00+00:00\",\"dateModified\":\"2026-05-19T19:21:04+00:00\",\"description\":\"D\u00fcnyay\u0131 ve i\u00e7inde ya\u015fad\u0131\u011f\u0131m\u0131z toplumu g\u00f6zlemlerken fark etti\u011finiz en belirgin duygu nedir deseler, \u00e7o\u011fumuz ayn\u0131 cevab\u0131 veririz: \u00f6fke.\",\"inLanguage\":\"tr\",\"potentialAction\":[{\"@type\":\"ReadAction\",\"target\":[\"https:\/\/epochtimestr.com\/index.php\/tohumu-ekilen-ofke-dusmanlik-asilamak\"]}]},{\"@type\":\"ImageObject\",\"inLanguage\":\"tr\",\"@id\":\"https:\/\/epochtimestr.com\/index.php\/tohumu-ekilen-ofke-dusmanlik-asilamak#primaryimage\",\"url\":\"https:\/\/epochtimestr.com\/wp-content\/uploads\/2011y\/Ali-Kekliktepe.jpg\",\"contentUrl\":\"https:\/\/epochtimestr.com\/wp-content\/uploads\/2011y\/Ali-Kekliktepe.jpg\",\"width\":600,\"height\":600},{\"@type\":\"WebSite\",\"@id\":\"https:\/\/epochtimestr.com\/#website\",\"url\":\"https:\/\/epochtimestr.com\/\",\"name\":\"The Epoch Times TR\",\"description\":\"De\u011fi\u015fen D\u00fcnyam\u0131za Taze Bir Bak\u0131\u015f\",\"publisher\":{\"@id\":\"https:\/\/epochtimestr.com\/#organization\"},\"potentialAction\":[{\"@type\":\"SearchAction\",\"target\":{\"@type\":\"EntryPoint\",\"urlTemplate\":\"https:\/\/epochtimestr.com\/?s={search_term_string}\"},\"query-input\":\"required name=search_term_string\"}],\"inLanguage\":\"tr\"},{\"@type\":\"Organization\",\"@id\":\"https:\/\/epochtimestr.com\/#organization\",\"name\":\"The EpochTimes T\u00fcrkiye\",\"url\":\"https:\/\/epochtimestr.com\/\",\"logo\":{\"@type\":\"ImageObject\",\"inLanguage\":\"tr\",\"@id\":\"https:\/\/epochtimestr.com\/#\/schema\/logo\/image\/\",\"url\":\"https:\/\/epochtimestr.com\/wp-content\/uploads\/2011y\/ET-Logo-YG.jpg\",\"contentUrl\":\"https:\/\/epochtimestr.com\/wp-content\/uploads\/2011y\/ET-Logo-YG.jpg\",\"width\":346,\"height\":29,\"caption\":\"The EpochTimes T\u00fcrkiye\"},\"image\":{\"@id\":\"https:\/\/epochtimestr.com\/#\/schema\/logo\/image\/\"},\"sameAs\":[\"https:\/\/www.facebook.com\/theepochtimestr\",\"https:\/\/x.com\/TheEpochTimesTR\",\"https:\/\/www.instagram.com\/epochtimestr\"]},{\"@type\":\"Person\",\"@id\":\"https:\/\/epochtimestr.com\/#\/schema\/person\/da94a416fed1aed029d0a47e85673b95\",\"name\":\"Ali Kekliktepe\",\"image\":{\"@type\":\"ImageObject\",\"inLanguage\":\"tr\",\"@id\":\"https:\/\/epochtimestr.com\/#\/schema\/person\/image\/\",\"url\":\"https:\/\/secure.gravatar.com\/avatar\/6c965c3fc374c8f4af759baef4f38bcd?s=96&d=mm&r=g\",\"contentUrl\":\"https:\/\/secure.gravatar.com\/avatar\/6c965c3fc374c8f4af759baef4f38bcd?s=96&d=mm&r=g\",\"caption\":\"Ali Kekliktepe\"},\"description\":\"Ben Ali Kekliktepe; hayat\u0131n\u0131 \u00f6\u011frenmeye, \u00f6\u011fretmeye ve toplumsal fayda yaratmaya adam\u0131\u015f bir yazar ve profesyonelim. Kalemi sadece ka\u011f\u0131da dokunan bir ara\u00e7 de\u011fil, toplumun aksayan y\u00f6nlerine \u015fifa olan bir enstr\u00fcman olarak g\u00f6r\u00fcyorum.\",\"sameAs\":[\"https:\/\/alikekliktepemersin33.blogspot.com\/\"],\"url\":\"https:\/\/epochtimestr.com\/index.php\/author\/ali\"}]}<\/script>\n<!-- \/ Yoast SEO plugin. -->","yoast_head_json":{"title":"Tohumu Ekilen \u00d6fke: D\u00fc\u015fmanl\u0131k A\u015f\u0131lamak - The Epoch Times TR","description":"D\u00fcnyay\u0131 ve i\u00e7inde ya\u015fad\u0131\u011f\u0131m\u0131z toplumu g\u00f6zlemlerken fark etti\u011finiz en belirgin duygu nedir deseler, \u00e7o\u011fumuz ayn\u0131 cevab\u0131 veririz: \u00f6fke.","robots":{"index":"index","follow":"follow","max-snippet":"max-snippet:-1","max-image-preview":"max-image-preview:large","max-video-preview":"max-video-preview:-1"},"canonical":"https:\/\/epochtimestr.com\/index.php\/tohumu-ekilen-ofke-dusmanlik-asilamak","og_locale":"tr_TR","og_type":"article","og_title":"Tohumu Ekilen \u00d6fke: D\u00fc\u015fmanl\u0131k A\u015f\u0131lamak - The Epoch Times TR","og_description":"D\u00fcnyay\u0131 ve i\u00e7inde ya\u015fad\u0131\u011f\u0131m\u0131z toplumu g\u00f6zlemlerken fark etti\u011finiz en belirgin duygu nedir deseler, \u00e7o\u011fumuz ayn\u0131 cevab\u0131 veririz: \u00f6fke.","og_url":"https:\/\/epochtimestr.com\/index.php\/tohumu-ekilen-ofke-dusmanlik-asilamak","og_site_name":"The Epoch Times TR","article_publisher":"https:\/\/www.facebook.com\/theepochtimestr","article_published_time":"2026-05-20T04:00:00+00:00","article_modified_time":"2026-05-19T19:21:04+00:00","og_image":[{"width":1200,"height":630,"url":"https:\/\/epochtimestr.com\/wp-content\/uploads\/2011y\/ali-kekliktepe-SM.jpeg","type":"image\/jpeg"}],"author":"Ali Kekliktepe","twitter_card":"summary_large_image","twitter_creator":"@TheEpochTimesTR","twitter_site":"@TheEpochTimesTR","twitter_misc":{"Yazan:":"Ali Kekliktepe","Tahmini okuma s\u00fcresi":"3 dakika"},"schema":{"@context":"https:\/\/schema.org","@graph":[{"@type":"Article","@id":"https:\/\/epochtimestr.com\/index.php\/tohumu-ekilen-ofke-dusmanlik-asilamak#article","isPartOf":{"@id":"https:\/\/epochtimestr.com\/index.php\/tohumu-ekilen-ofke-dusmanlik-asilamak"},"author":{"name":"Ali Kekliktepe","@id":"https:\/\/epochtimestr.com\/#\/schema\/person\/da94a416fed1aed029d0a47e85673b95"},"headline":"Tohumu Ekilen \u00d6fke: D\u00fc\u015fmanl\u0131k A\u015f\u0131lamak","datePublished":"2026-05-20T04:00:00+00:00","dateModified":"2026-05-19T19:21:04+00:00","mainEntityOfPage":{"@id":"https:\/\/epochtimestr.com\/index.php\/tohumu-ekilen-ofke-dusmanlik-asilamak"},"wordCount":518,"commentCount":0,"publisher":{"@id":"https:\/\/epochtimestr.com\/#organization"},"image":{"@id":"https:\/\/epochtimestr.com\/index.php\/tohumu-ekilen-ofke-dusmanlik-asilamak#primaryimage"},"thumbnailUrl":"https:\/\/epochtimestr.com\/wp-content\/uploads\/2011y\/Ali-Kekliktepe.jpg","articleSection":["K\u00f6\u015fe Yaz\u0131lar\u0131 Ali Kekliktepe"],"inLanguage":"tr","potentialAction":[{"@type":"CommentAction","name":"Comment","target":["https:\/\/epochtimestr.com\/index.php\/tohumu-ekilen-ofke-dusmanlik-asilamak#respond"]}]},{"@type":"WebPage","@id":"https:\/\/epochtimestr.com\/index.php\/tohumu-ekilen-ofke-dusmanlik-asilamak","url":"https:\/\/epochtimestr.com\/index.php\/tohumu-ekilen-ofke-dusmanlik-asilamak","name":"Tohumu Ekilen \u00d6fke: D\u00fc\u015fmanl\u0131k A\u015f\u0131lamak - The Epoch Times TR","isPartOf":{"@id":"https:\/\/epochtimestr.com\/#website"},"primaryImageOfPage":{"@id":"https:\/\/epochtimestr.com\/index.php\/tohumu-ekilen-ofke-dusmanlik-asilamak#primaryimage"},"image":{"@id":"https:\/\/epochtimestr.com\/index.php\/tohumu-ekilen-ofke-dusmanlik-asilamak#primaryimage"},"thumbnailUrl":"https:\/\/epochtimestr.com\/wp-content\/uploads\/2011y\/Ali-Kekliktepe.jpg","datePublished":"2026-05-20T04:00:00+00:00","dateModified":"2026-05-19T19:21:04+00:00","description":"D\u00fcnyay\u0131 ve i\u00e7inde ya\u015fad\u0131\u011f\u0131m\u0131z toplumu g\u00f6zlemlerken fark etti\u011finiz en belirgin duygu nedir deseler, \u00e7o\u011fumuz ayn\u0131 cevab\u0131 veririz: \u00f6fke.","inLanguage":"tr","potentialAction":[{"@type":"ReadAction","target":["https:\/\/epochtimestr.com\/index.php\/tohumu-ekilen-ofke-dusmanlik-asilamak"]}]},{"@type":"ImageObject","inLanguage":"tr","@id":"https:\/\/epochtimestr.com\/index.php\/tohumu-ekilen-ofke-dusmanlik-asilamak#primaryimage","url":"https:\/\/epochtimestr.com\/wp-content\/uploads\/2011y\/Ali-Kekliktepe.jpg","contentUrl":"https:\/\/epochtimestr.com\/wp-content\/uploads\/2011y\/Ali-Kekliktepe.jpg","width":600,"height":600},{"@type":"WebSite","@id":"https:\/\/epochtimestr.com\/#website","url":"https:\/\/epochtimestr.com\/","name":"The Epoch Times TR","description":"De\u011fi\u015fen D\u00fcnyam\u0131za Taze Bir Bak\u0131\u015f","publisher":{"@id":"https:\/\/epochtimestr.com\/#organization"},"potentialAction":[{"@type":"SearchAction","target":{"@type":"EntryPoint","urlTemplate":"https:\/\/epochtimestr.com\/?s={search_term_string}"},"query-input":"required name=search_term_string"}],"inLanguage":"tr"},{"@type":"Organization","@id":"https:\/\/epochtimestr.com\/#organization","name":"The EpochTimes T\u00fcrkiye","url":"https:\/\/epochtimestr.com\/","logo":{"@type":"ImageObject","inLanguage":"tr","@id":"https:\/\/epochtimestr.com\/#\/schema\/logo\/image\/","url":"https:\/\/epochtimestr.com\/wp-content\/uploads\/2011y\/ET-Logo-YG.jpg","contentUrl":"https:\/\/epochtimestr.com\/wp-content\/uploads\/2011y\/ET-Logo-YG.jpg","width":346,"height":29,"caption":"The EpochTimes T\u00fcrkiye"},"image":{"@id":"https:\/\/epochtimestr.com\/#\/schema\/logo\/image\/"},"sameAs":["https:\/\/www.facebook.com\/theepochtimestr","https:\/\/x.com\/TheEpochTimesTR","https:\/\/www.instagram.com\/epochtimestr"]},{"@type":"Person","@id":"https:\/\/epochtimestr.com\/#\/schema\/person\/da94a416fed1aed029d0a47e85673b95","name":"Ali Kekliktepe","image":{"@type":"ImageObject","inLanguage":"tr","@id":"https:\/\/epochtimestr.com\/#\/schema\/person\/image\/","url":"https:\/\/secure.gravatar.com\/avatar\/6c965c3fc374c8f4af759baef4f38bcd?s=96&d=mm&r=g","contentUrl":"https:\/\/secure.gravatar.com\/avatar\/6c965c3fc374c8f4af759baef4f38bcd?s=96&d=mm&r=g","caption":"Ali Kekliktepe"},"description":"Ben Ali Kekliktepe; hayat\u0131n\u0131 \u00f6\u011frenmeye, \u00f6\u011fretmeye ve toplumsal fayda yaratmaya adam\u0131\u015f bir yazar ve profesyonelim. Kalemi sadece ka\u011f\u0131da dokunan bir ara\u00e7 de\u011fil, toplumun aksayan y\u00f6nlerine \u015fifa olan bir enstr\u00fcman olarak g\u00f6r\u00fcyorum.","sameAs":["https:\/\/alikekliktepemersin33.blogspot.com\/"],"url":"https:\/\/epochtimestr.com\/index.php\/author\/ali"}]}},"_links":{"self":[{"href":"https:\/\/epochtimestr.com\/index.php\/wp-json\/wp\/v2\/posts\/167395"}],"collection":[{"href":"https:\/\/epochtimestr.com\/index.php\/wp-json\/wp\/v2\/posts"}],"about":[{"href":"https:\/\/epochtimestr.com\/index.php\/wp-json\/wp\/v2\/types\/post"}],"author":[{"embeddable":true,"href":"https:\/\/epochtimestr.com\/index.php\/wp-json\/wp\/v2\/users\/14013"}],"replies":[{"embeddable":true,"href":"https:\/\/epochtimestr.com\/index.php\/wp-json\/wp\/v2\/comments?post=167395"}],"version-history":[{"count":1,"href":"https:\/\/epochtimestr.com\/index.php\/wp-json\/wp\/v2\/posts\/167395\/revisions"}],"predecessor-version":[{"id":167396,"href":"https:\/\/epochtimestr.com\/index.php\/wp-json\/wp\/v2\/posts\/167395\/revisions\/167396"}],"wp:featuredmedia":[{"embeddable":true,"href":"https:\/\/epochtimestr.com\/index.php\/wp-json\/wp\/v2\/media\/167144"}],"wp:attachment":[{"href":"https:\/\/epochtimestr.com\/index.php\/wp-json\/wp\/v2\/media?parent=167395"}],"wp:term":[{"taxonomy":"category","embeddable":true,"href":"https:\/\/epochtimestr.com\/index.php\/wp-json\/wp\/v2\/categories?post=167395"},{"taxonomy":"post_tag","embeddable":true,"href":"https:\/\/epochtimestr.com\/index.php\/wp-json\/wp\/v2\/tags?post=167395"}],"curies":[{"name":"wp","href":"https:\/\/api.w.org\/{rel}","templated":true}]}}