{"id":167400,"date":"2026-05-20T15:02:27","date_gmt":"2026-05-20T12:02:27","guid":{"rendered":"https:\/\/epochtimestr.com\/?p=167400"},"modified":"2026-05-20T15:02:29","modified_gmt":"2026-05-20T12:02:29","slug":"abd-avrupa-kitasindaki-asker-sayisini-azaltiyor","status":"publish","type":"post","link":"https:\/\/epochtimestr.com\/index.php\/abd-avrupa-kitasindaki-asker-sayisini-azaltiyor","title":{"rendered":"ABD Avrupa K\u0131tas\u0131ndaki Asker Say\u0131s\u0131n\u0131 Azalt\u0131yor"},"content":{"rendered":"<div class=\"wp-block-image\">\n<figure class=\"aligncenter size-full\"><img loading=\"lazy\" decoding=\"async\" width=\"1200\" height=\"800\" src=\"https:\/\/epochtimestr.com\/wp-content\/uploads\/2011y\/1000039001.jpg\" alt=\"ABD asker say\u0131s\u0131n\u0131 azaltma kararlar\u0131 kapsam\u0131nda Almanya ve Polonya\u2019daki birlikler yeniden d\u00fczenleniyor. Br\u00fcksel\u2019deki NATO kararg\u00e2h\u0131nda 12 Eyl\u00fcl 2025\u2019te NATO \u00fcyesi \u00fclkelerin bayraklar\u0131 dalgalan\u0131yor. (Foto\u011fraf: Simon Wohlfahrt\/AFP via Getty Images)\" class=\"wp-image-167401\" srcset=\"https:\/\/epochtimestr.com\/wp-content\/uploads\/2011y\/1000039001.jpg 1200w, https:\/\/epochtimestr.com\/wp-content\/uploads\/2011y\/1000039001-300x200.jpg 300w, https:\/\/epochtimestr.com\/wp-content\/uploads\/2011y\/1000039001-150x100.jpg 150w, https:\/\/epochtimestr.com\/wp-content\/uploads\/2011y\/1000039001-768x512.jpg 768w\" sizes=\"(max-width: 1200px) 100vw, 1200px\" \/><figcaption class=\"wp-element-caption\">ABD, asker say\u0131s\u0131n\u0131 azaltma kararlar\u0131 kapsam\u0131nda Almanya ve Polonya\u2019daki birliklerini yeniden d\u00fczenliyor. 12 Eyl\u00fcl 2025\u2019te Br\u00fcksel\u2019deki NATO kararg\u00e2h\u0131nda, NATO \u00fcyesi \u00fclkelerin bayraklar\u0131. (Foto\u011fraf: Simon Wohlfahrt, AFP &#8211; Getty Images, The Epoch Times)<\/figcaption><\/figure><\/div>\n\n\n<p>NATO\u2019nun en \u00fcst d\u00fczey asker\u00ee yetkilisi, Avrupa\u2019daki ABD asker say\u0131s\u0131n\u0131n \u00f6n\u00fcm\u00fczdeki d\u00f6nemde azalaca\u011f\u0131n\u0131 a\u00e7\u0131klad\u0131. <a href=\"https:\/\/www.theepochtimes.com\/world\/nato-commander-says-further-us-troop-reductions-expected-in-europe-6028720\" target=\"_blank\" rel=\"noreferrer noopener\">ABD Hava Kuvvetleri <\/a>Generali Alexus Grynkewich, 19 May\u0131s\u2019ta d\u00fczenlenen bas\u0131n toplant\u0131s\u0131nda, Avrupa\u2019daki g\u00fcvenlik sorumlulu\u011funun giderek daha fazla yerel g\u00fc\u00e7lere kayd\u0131r\u0131ld\u0131\u011f\u0131n\u0131 s\u00f6yledi. Grynkewich ayr\u0131ca, \u201cAvrupa \u00fclkeleri g\u00fc\u00e7lendik\u00e7e ABD, yaln\u0131zca kritik yetenekleri sa\u011flayacak \u015fekilde varl\u0131\u011f\u0131n\u0131 azaltabilir\u201d dedi.<\/p>\n\n\n\n<p>Genelkurmay Ba\u015fkan\u0131, NATO \u00fcyesi \u00fclkelerin savunma bakanlar\u0131n\u0131n ABD asker seviyelerindeki de\u011fi\u015fikliklere haz\u0131rl\u0131kl\u0131 olmalar\u0131 gerekti\u011fini belirtti. \u201cZaman \u00e7izelgesi farkl\u0131 yeteneklere g\u00f6re de\u011fi\u015fecek. \u00c7\u00fcnk\u00fc \u00fclkeler savunma harcamalar\u0131n\u0131 ve hedeflerini yerine getirdik\u00e7e s\u00fcre\u00e7 ilerleyecek\u201d dedi.<\/p>\n\n\n\n<p>ABD Ba\u015fkan\u0131 Donald Trump d\u00f6neminde, ABD y\u00f6netimi Avrupa savunma y\u00fck\u00fcn\u00fc m\u00fcttefiklere kayd\u0131rmay\u0131 hedeflemi\u015fti. Bu kapsamda ABD askerlerinin \u00e7ekilmesi ve NATO\u2019nun toplam savunma harcamalar\u0131n\u0131n art\u0131r\u0131lmas\u0131 g\u00fcndeme gelmi\u015fti. Trump, NATO \u00fclkelerinden savunma harcamalar\u0131n\u0131 gayri safi yurti\u00e7i has\u0131lan\u0131n (GSYH) y\u00fczde 2\u2019sinden y\u00fczde 5\u2019ine y\u00fckseltme s\u00f6z\u00fc alm\u0131\u015ft\u0131.<\/p>\n\n\n\n<p><strong>ABD Almanya ve Polonya\u2019daki Asker Say\u0131s\u0131n\u0131 Azalt\u0131yor<\/strong><\/p>\n\n\n\n<p>Pentagon, <a href=\"https:\/\/epochtimestr.com\/index.php\/abdnin-almanyadan-asker-cekmesi-stratejik-bir-adim\" target=\"_blank\" rel=\"noreferrer noopener\">1 May\u0131s\u2019ta Almanya\u2019daki<\/a> 5 bin ABD askerinin geri \u00e7ekilece\u011fini duyurdu. Ayr\u0131ca \u00e7ekilme s\u00fcreci 6-12 ay s\u00fcrecek. Almanya \u015eans\u00f6lyesi Friedrich Merz, ABD\u2019nin \u0130ran liderli\u011fi kar\u015f\u0131s\u0131nda \u201ck\u00fc\u00e7\u00fcmsendi\u011fini\u201d a\u00e7\u0131klam\u0131\u015ft\u0131.<\/p>\n\n\n\n<p>Trump, a\u00e7\u0131klaman\u0131n ard\u0131ndan Almanya\u2019daki asker say\u0131s\u0131n\u0131 daha fazla azaltmay\u0131 planlad\u0131\u011f\u0131n\u0131 s\u00f6yledi. Bununla birlikte Ba\u015fkan Yard\u0131mc\u0131s\u0131 JD Vance, ABD&#8217;nin Polonya\u2019daki 4 bin asker rotasyonunu erteledi\u011fini ve bunun bir ceza ama\u00e7l\u0131 olmad\u0131\u011f\u0131n\u0131 belirtti.<\/p>\n\n\n\n<p>Vance ayr\u0131ca, \u201cABD askerlerini Avrupa\u2019dan tamamen \u00e7ekmiyoruz. Kaynaklar\u0131 g\u00fcvenli\u011fi maksimize edecek \u015fekilde kayd\u0131r\u0131yoruz\u201d dedi. Bu ad\u0131mlar, ABD\u2019nin Avrupa\u2019daki varl\u0131\u011f\u0131n\u0131 tamamen sonland\u0131rmad\u0131\u011f\u0131n\u0131 g\u00f6steriyor.<\/p>\n","protected":false},"excerpt":{"rendered":"<p>NATO\u2019nun en \u00fcst d\u00fczey asker\u00ee yetkilisi, Avrupa\u2019daki ABD asker say\u0131s\u0131n\u0131n \u00f6n\u00fcm\u00fczdeki d\u00f6nemde azalaca\u011f\u0131n\u0131 a\u00e7\u0131klad\u0131. ABD Hava Kuvvetleri Generali Alexus Grynkewich, 19 May\u0131s\u2019ta d\u00fczenlenen bas\u0131n toplant\u0131s\u0131nda, Avrupa\u2019daki g\u00fcvenlik sorumlulu\u011funun giderek daha fazla yerel g\u00fc\u00e7lere kayd\u0131r\u0131ld\u0131\u011f\u0131n\u0131 s\u00f6yledi. Grynkewich ayr\u0131ca, \u201cAvrupa \u00fclkeleri g\u00fc\u00e7lendik\u00e7e ABD, yaln\u0131zca kritik yetenekleri sa\u011flayacak \u015fekilde varl\u0131\u011f\u0131n\u0131 azaltabilir\u201d dedi. Genelkurmay Ba\u015fkan\u0131, NATO \u00fcyesi \u00fclkelerin savunma [&hellip;]<\/p>\n","protected":false},"author":13996,"featured_media":167401,"comment_status":"open","ping_status":"open","sticky":false,"template":"","format":"standard","meta":{"_yoast_wpseo_focuskw":"ABD - asker","_yoast_wpseo_title":"","_yoast_wpseo_metadesc":"NATO\u2019nun en \u00fcst d\u00fczey asker\u00ee yetkilisi, Avrupa\u2019daki ABD asker say\u0131s\u0131n\u0131n \u00f6n\u00fcm\u00fczdeki d\u00f6nemde azalaca\u011f\u0131n\u0131 a\u00e7\u0131klad\u0131.","_bbp_topic_count":0,"_bbp_reply_count":0,"_bbp_total_topic_count":0,"_bbp_total_reply_count":0,"_bbp_voice_count":0,"_bbp_anonymous_reply_count":0,"_bbp_topic_count_hidden":0,"_bbp_reply_count_hidden":0,"_bbp_forum_subforum_count":0,"footnotes":"","_yoast_wpseo_focuskw_text_input":""},"categories":[5,1,8138],"tags":[10766,11421,11422,285,11420,11424,9331,2467],"yoast_head":"<!-- This site is optimized with the Yoast SEO plugin v23.0 - https:\/\/yoast.com\/wordpress\/plugins\/seo\/ -->\n<title>ABD Avrupa K\u0131tas\u0131ndaki Asker Say\u0131s\u0131n\u0131 Azalt\u0131yor - The Epoch Times TR<\/title>\n<meta name=\"description\" content=\"NATO\u2019nun en \u00fcst d\u00fczey asker\u00ee yetkilisi, Avrupa\u2019daki ABD asker say\u0131s\u0131n\u0131n \u00f6n\u00fcm\u00fczdeki d\u00f6nemde azalaca\u011f\u0131n\u0131 a\u00e7\u0131klad\u0131.\" \/>\n<meta name=\"robots\" content=\"index, follow, max-snippet:-1, max-image-preview:large, max-video-preview:-1\" \/>\n<link rel=\"canonical\" href=\"https:\/\/epochtimestr.com\/index.php\/abd-avrupa-kitasindaki-asker-sayisini-azaltiyor\" \/>\n<meta property=\"og:locale\" content=\"tr_TR\" \/>\n<meta property=\"og:type\" content=\"article\" \/>\n<meta property=\"og:title\" content=\"ABD Avrupa K\u0131tas\u0131ndaki Asker Say\u0131s\u0131n\u0131 Azalt\u0131yor - The Epoch Times TR\" \/>\n<meta property=\"og:description\" content=\"NATO\u2019nun en \u00fcst d\u00fczey asker\u00ee yetkilisi, Avrupa\u2019daki ABD asker say\u0131s\u0131n\u0131n \u00f6n\u00fcm\u00fczdeki d\u00f6nemde azalaca\u011f\u0131n\u0131 a\u00e7\u0131klad\u0131.\" \/>\n<meta property=\"og:url\" content=\"https:\/\/epochtimestr.com\/index.php\/abd-avrupa-kitasindaki-asker-sayisini-azaltiyor\" \/>\n<meta property=\"og:site_name\" content=\"The Epoch Times TR\" \/>\n<meta property=\"article:publisher\" content=\"https:\/\/www.facebook.com\/theepochtimestr\" \/>\n<meta property=\"article:published_time\" content=\"2026-05-20T12:02:27+00:00\" \/>\n<meta property=\"article:modified_time\" content=\"2026-05-20T12:02:29+00:00\" \/>\n<meta property=\"og:image\" content=\"https:\/\/epochtimestr.com\/wp-content\/uploads\/2011y\/1000039001.jpg\" \/>\n\t<meta property=\"og:image:width\" content=\"1200\" \/>\n\t<meta property=\"og:image:height\" content=\"800\" \/>\n\t<meta property=\"og:image:type\" content=\"image\/jpeg\" \/>\n<meta name=\"author\" content=\"Leo Bajelan\" \/>\n<meta name=\"twitter:card\" content=\"summary_large_image\" \/>\n<meta name=\"twitter:creator\" content=\"@TheEpochTimesTR\" \/>\n<meta name=\"twitter:site\" content=\"@TheEpochTimesTR\" \/>\n<meta name=\"twitter:label1\" content=\"Yazan:\" \/>\n\t<meta name=\"twitter:data1\" content=\"Leo Bajelan\" \/>\n\t<meta name=\"twitter:label2\" content=\"Tahmini okuma s\u00fcresi\" \/>\n\t<meta name=\"twitter:data2\" content=\"2 dakika\" \/>\n<script type=\"application\/ld+json\" class=\"yoast-schema-graph\">{\"@context\":\"https:\/\/schema.org\",\"@graph\":[{\"@type\":\"Article\",\"@id\":\"https:\/\/epochtimestr.com\/index.php\/abd-avrupa-kitasindaki-asker-sayisini-azaltiyor#article\",\"isPartOf\":{\"@id\":\"https:\/\/epochtimestr.com\/index.php\/abd-avrupa-kitasindaki-asker-sayisini-azaltiyor\"},\"author\":{\"name\":\"Leo Bajelan\",\"@id\":\"https:\/\/epochtimestr.com\/#\/schema\/person\/5fef218711d76d8f232b0e1f1d7e4c0d\"},\"headline\":\"ABD Avrupa K\u0131tas\u0131ndaki Asker Say\u0131s\u0131n\u0131 Azalt\u0131yor\",\"datePublished\":\"2026-05-20T12:02:27+00:00\",\"dateModified\":\"2026-05-20T12:02:29+00:00\",\"mainEntityOfPage\":{\"@id\":\"https:\/\/epochtimestr.com\/index.php\/abd-avrupa-kitasindaki-asker-sayisini-azaltiyor\"},\"wordCount\":377,\"commentCount\":0,\"publisher\":{\"@id\":\"https:\/\/epochtimestr.com\/#organization\"},\"image\":{\"@id\":\"https:\/\/epochtimestr.com\/index.php\/abd-avrupa-kitasindaki-asker-sayisini-azaltiyor#primaryimage\"},\"thumbnailUrl\":\"https:\/\/epochtimestr.com\/wp-content\/uploads\/2011y\/1000039001.jpg\",\"keywords\":[\"ABD askerleri\",\"ABD-Almanya\",\"Alexus Grynkewich\",\"Avrupa\",\"Avrupa ABD askeri\",\"GSYH\",\"JD Vance\",\"Polonya\"],\"articleSection\":[\"D\u00dcNYA\",\"G\u00dcNDEM\",\"MAN\u015eET\"],\"inLanguage\":\"tr\",\"potentialAction\":[{\"@type\":\"CommentAction\",\"name\":\"Comment\",\"target\":[\"https:\/\/epochtimestr.com\/index.php\/abd-avrupa-kitasindaki-asker-sayisini-azaltiyor#respond\"]}]},{\"@type\":\"WebPage\",\"@id\":\"https:\/\/epochtimestr.com\/index.php\/abd-avrupa-kitasindaki-asker-sayisini-azaltiyor\",\"url\":\"https:\/\/epochtimestr.com\/index.php\/abd-avrupa-kitasindaki-asker-sayisini-azaltiyor\",\"name\":\"ABD Avrupa K\u0131tas\u0131ndaki Asker Say\u0131s\u0131n\u0131 Azalt\u0131yor - The Epoch Times TR\",\"isPartOf\":{\"@id\":\"https:\/\/epochtimestr.com\/#website\"},\"primaryImageOfPage\":{\"@id\":\"https:\/\/epochtimestr.com\/index.php\/abd-avrupa-kitasindaki-asker-sayisini-azaltiyor#primaryimage\"},\"image\":{\"@id\":\"https:\/\/epochtimestr.com\/index.php\/abd-avrupa-kitasindaki-asker-sayisini-azaltiyor#primaryimage\"},\"thumbnailUrl\":\"https:\/\/epochtimestr.com\/wp-content\/uploads\/2011y\/1000039001.jpg\",\"datePublished\":\"2026-05-20T12:02:27+00:00\",\"dateModified\":\"2026-05-20T12:02:29+00:00\",\"description\":\"NATO\u2019nun en \u00fcst d\u00fczey asker\u00ee yetkilisi, Avrupa\u2019daki ABD asker say\u0131s\u0131n\u0131n \u00f6n\u00fcm\u00fczdeki d\u00f6nemde azalaca\u011f\u0131n\u0131 a\u00e7\u0131klad\u0131.\",\"inLanguage\":\"tr\",\"potentialAction\":[{\"@type\":\"ReadAction\",\"target\":[\"https:\/\/epochtimestr.com\/index.php\/abd-avrupa-kitasindaki-asker-sayisini-azaltiyor\"]}]},{\"@type\":\"ImageObject\",\"inLanguage\":\"tr\",\"@id\":\"https:\/\/epochtimestr.com\/index.php\/abd-avrupa-kitasindaki-asker-sayisini-azaltiyor#primaryimage\",\"url\":\"https:\/\/epochtimestr.com\/wp-content\/uploads\/2011y\/1000039001.jpg\",\"contentUrl\":\"https:\/\/epochtimestr.com\/wp-content\/uploads\/2011y\/1000039001.jpg\",\"width\":1200,\"height\":800},{\"@type\":\"WebSite\",\"@id\":\"https:\/\/epochtimestr.com\/#website\",\"url\":\"https:\/\/epochtimestr.com\/\",\"name\":\"The Epoch Times TR\",\"description\":\"De\u011fi\u015fen D\u00fcnyam\u0131za Taze Bir Bak\u0131\u015f\",\"publisher\":{\"@id\":\"https:\/\/epochtimestr.com\/#organization\"},\"potentialAction\":[{\"@type\":\"SearchAction\",\"target\":{\"@type\":\"EntryPoint\",\"urlTemplate\":\"https:\/\/epochtimestr.com\/?s={search_term_string}\"},\"query-input\":\"required name=search_term_string\"}],\"inLanguage\":\"tr\"},{\"@type\":\"Organization\",\"@id\":\"https:\/\/epochtimestr.com\/#organization\",\"name\":\"The EpochTimes T\u00fcrkiye\",\"url\":\"https:\/\/epochtimestr.com\/\",\"logo\":{\"@type\":\"ImageObject\",\"inLanguage\":\"tr\",\"@id\":\"https:\/\/epochtimestr.com\/#\/schema\/logo\/image\/\",\"url\":\"https:\/\/epochtimestr.com\/wp-content\/uploads\/2011y\/ET-Logo-YG.jpg\",\"contentUrl\":\"https:\/\/epochtimestr.com\/wp-content\/uploads\/2011y\/ET-Logo-YG.jpg\",\"width\":346,\"height\":29,\"caption\":\"The EpochTimes T\u00fcrkiye\"},\"image\":{\"@id\":\"https:\/\/epochtimestr.com\/#\/schema\/logo\/image\/\"},\"sameAs\":[\"https:\/\/www.facebook.com\/theepochtimestr\",\"https:\/\/x.com\/TheEpochTimesTR\",\"https:\/\/www.instagram.com\/epochtimestr\"]},{\"@type\":\"Person\",\"@id\":\"https:\/\/epochtimestr.com\/#\/schema\/person\/5fef218711d76d8f232b0e1f1d7e4c0d\",\"name\":\"Leo Bajelan\",\"image\":{\"@type\":\"ImageObject\",\"inLanguage\":\"tr\",\"@id\":\"https:\/\/epochtimestr.com\/#\/schema\/person\/image\/\",\"url\":\"https:\/\/secure.gravatar.com\/avatar\/917669146f489549e548a2e9af272df5?s=96&d=mm&r=g\",\"contentUrl\":\"https:\/\/secure.gravatar.com\/avatar\/917669146f489549e548a2e9af272df5?s=96&d=mm&r=g\",\"caption\":\"Leo Bajelan\"},\"url\":\"https:\/\/epochtimestr.com\/index.php\/author\/leo\"}]}<\/script>\n<!-- \/ Yoast SEO plugin. -->","yoast_head_json":{"title":"ABD Avrupa K\u0131tas\u0131ndaki Asker Say\u0131s\u0131n\u0131 Azalt\u0131yor - The Epoch Times TR","description":"NATO\u2019nun en \u00fcst d\u00fczey asker\u00ee yetkilisi, Avrupa\u2019daki ABD asker say\u0131s\u0131n\u0131n \u00f6n\u00fcm\u00fczdeki d\u00f6nemde azalaca\u011f\u0131n\u0131 a\u00e7\u0131klad\u0131.","robots":{"index":"index","follow":"follow","max-snippet":"max-snippet:-1","max-image-preview":"max-image-preview:large","max-video-preview":"max-video-preview:-1"},"canonical":"https:\/\/epochtimestr.com\/index.php\/abd-avrupa-kitasindaki-asker-sayisini-azaltiyor","og_locale":"tr_TR","og_type":"article","og_title":"ABD Avrupa K\u0131tas\u0131ndaki Asker Say\u0131s\u0131n\u0131 Azalt\u0131yor - The Epoch Times TR","og_description":"NATO\u2019nun en \u00fcst d\u00fczey asker\u00ee yetkilisi, Avrupa\u2019daki ABD asker say\u0131s\u0131n\u0131n \u00f6n\u00fcm\u00fczdeki d\u00f6nemde azalaca\u011f\u0131n\u0131 a\u00e7\u0131klad\u0131.","og_url":"https:\/\/epochtimestr.com\/index.php\/abd-avrupa-kitasindaki-asker-sayisini-azaltiyor","og_site_name":"The Epoch Times TR","article_publisher":"https:\/\/www.facebook.com\/theepochtimestr","article_published_time":"2026-05-20T12:02:27+00:00","article_modified_time":"2026-05-20T12:02:29+00:00","og_image":[{"width":1200,"height":800,"url":"https:\/\/epochtimestr.com\/wp-content\/uploads\/2011y\/1000039001.jpg","type":"image\/jpeg"}],"author":"Leo Bajelan","twitter_card":"summary_large_image","twitter_creator":"@TheEpochTimesTR","twitter_site":"@TheEpochTimesTR","twitter_misc":{"Yazan:":"Leo Bajelan","Tahmini okuma s\u00fcresi":"2 dakika"},"schema":{"@context":"https:\/\/schema.org","@graph":[{"@type":"Article","@id":"https:\/\/epochtimestr.com\/index.php\/abd-avrupa-kitasindaki-asker-sayisini-azaltiyor#article","isPartOf":{"@id":"https:\/\/epochtimestr.com\/index.php\/abd-avrupa-kitasindaki-asker-sayisini-azaltiyor"},"author":{"name":"Leo Bajelan","@id":"https:\/\/epochtimestr.com\/#\/schema\/person\/5fef218711d76d8f232b0e1f1d7e4c0d"},"headline":"ABD Avrupa K\u0131tas\u0131ndaki Asker Say\u0131s\u0131n\u0131 Azalt\u0131yor","datePublished":"2026-05-20T12:02:27+00:00","dateModified":"2026-05-20T12:02:29+00:00","mainEntityOfPage":{"@id":"https:\/\/epochtimestr.com\/index.php\/abd-avrupa-kitasindaki-asker-sayisini-azaltiyor"},"wordCount":377,"commentCount":0,"publisher":{"@id":"https:\/\/epochtimestr.com\/#organization"},"image":{"@id":"https:\/\/epochtimestr.com\/index.php\/abd-avrupa-kitasindaki-asker-sayisini-azaltiyor#primaryimage"},"thumbnailUrl":"https:\/\/epochtimestr.com\/wp-content\/uploads\/2011y\/1000039001.jpg","keywords":["ABD askerleri","ABD-Almanya","Alexus Grynkewich","Avrupa","Avrupa ABD askeri","GSYH","JD Vance","Polonya"],"articleSection":["D\u00dcNYA","G\u00dcNDEM","MAN\u015eET"],"inLanguage":"tr","potentialAction":[{"@type":"CommentAction","name":"Comment","target":["https:\/\/epochtimestr.com\/index.php\/abd-avrupa-kitasindaki-asker-sayisini-azaltiyor#respond"]}]},{"@type":"WebPage","@id":"https:\/\/epochtimestr.com\/index.php\/abd-avrupa-kitasindaki-asker-sayisini-azaltiyor","url":"https:\/\/epochtimestr.com\/index.php\/abd-avrupa-kitasindaki-asker-sayisini-azaltiyor","name":"ABD Avrupa K\u0131tas\u0131ndaki Asker Say\u0131s\u0131n\u0131 Azalt\u0131yor - The Epoch Times TR","isPartOf":{"@id":"https:\/\/epochtimestr.com\/#website"},"primaryImageOfPage":{"@id":"https:\/\/epochtimestr.com\/index.php\/abd-avrupa-kitasindaki-asker-sayisini-azaltiyor#primaryimage"},"image":{"@id":"https:\/\/epochtimestr.com\/index.php\/abd-avrupa-kitasindaki-asker-sayisini-azaltiyor#primaryimage"},"thumbnailUrl":"https:\/\/epochtimestr.com\/wp-content\/uploads\/2011y\/1000039001.jpg","datePublished":"2026-05-20T12:02:27+00:00","dateModified":"2026-05-20T12:02:29+00:00","description":"NATO\u2019nun en \u00fcst d\u00fczey asker\u00ee yetkilisi, Avrupa\u2019daki ABD asker say\u0131s\u0131n\u0131n \u00f6n\u00fcm\u00fczdeki d\u00f6nemde azalaca\u011f\u0131n\u0131 a\u00e7\u0131klad\u0131.","inLanguage":"tr","potentialAction":[{"@type":"ReadAction","target":["https:\/\/epochtimestr.com\/index.php\/abd-avrupa-kitasindaki-asker-sayisini-azaltiyor"]}]},{"@type":"ImageObject","inLanguage":"tr","@id":"https:\/\/epochtimestr.com\/index.php\/abd-avrupa-kitasindaki-asker-sayisini-azaltiyor#primaryimage","url":"https:\/\/epochtimestr.com\/wp-content\/uploads\/2011y\/1000039001.jpg","contentUrl":"https:\/\/epochtimestr.com\/wp-content\/uploads\/2011y\/1000039001.jpg","width":1200,"height":800},{"@type":"WebSite","@id":"https:\/\/epochtimestr.com\/#website","url":"https:\/\/epochtimestr.com\/","name":"The Epoch Times TR","description":"De\u011fi\u015fen D\u00fcnyam\u0131za Taze Bir Bak\u0131\u015f","publisher":{"@id":"https:\/\/epochtimestr.com\/#organization"},"potentialAction":[{"@type":"SearchAction","target":{"@type":"EntryPoint","urlTemplate":"https:\/\/epochtimestr.com\/?s={search_term_string}"},"query-input":"required name=search_term_string"}],"inLanguage":"tr"},{"@type":"Organization","@id":"https:\/\/epochtimestr.com\/#organization","name":"The EpochTimes T\u00fcrkiye","url":"https:\/\/epochtimestr.com\/","logo":{"@type":"ImageObject","inLanguage":"tr","@id":"https:\/\/epochtimestr.com\/#\/schema\/logo\/image\/","url":"https:\/\/epochtimestr.com\/wp-content\/uploads\/2011y\/ET-Logo-YG.jpg","contentUrl":"https:\/\/epochtimestr.com\/wp-content\/uploads\/2011y\/ET-Logo-YG.jpg","width":346,"height":29,"caption":"The EpochTimes T\u00fcrkiye"},"image":{"@id":"https:\/\/epochtimestr.com\/#\/schema\/logo\/image\/"},"sameAs":["https:\/\/www.facebook.com\/theepochtimestr","https:\/\/x.com\/TheEpochTimesTR","https:\/\/www.instagram.com\/epochtimestr"]},{"@type":"Person","@id":"https:\/\/epochtimestr.com\/#\/schema\/person\/5fef218711d76d8f232b0e1f1d7e4c0d","name":"Leo Bajelan","image":{"@type":"ImageObject","inLanguage":"tr","@id":"https:\/\/epochtimestr.com\/#\/schema\/person\/image\/","url":"https:\/\/secure.gravatar.com\/avatar\/917669146f489549e548a2e9af272df5?s=96&d=mm&r=g","contentUrl":"https:\/\/secure.gravatar.com\/avatar\/917669146f489549e548a2e9af272df5?s=96&d=mm&r=g","caption":"Leo Bajelan"},"url":"https:\/\/epochtimestr.com\/index.php\/author\/leo"}]}},"_links":{"self":[{"href":"https:\/\/epochtimestr.com\/index.php\/wp-json\/wp\/v2\/posts\/167400"}],"collection":[{"href":"https:\/\/epochtimestr.com\/index.php\/wp-json\/wp\/v2\/posts"}],"about":[{"href":"https:\/\/epochtimestr.com\/index.php\/wp-json\/wp\/v2\/types\/post"}],"author":[{"embeddable":true,"href":"https:\/\/epochtimestr.com\/index.php\/wp-json\/wp\/v2\/users\/13996"}],"replies":[{"embeddable":true,"href":"https:\/\/epochtimestr.com\/index.php\/wp-json\/wp\/v2\/comments?post=167400"}],"version-history":[{"count":2,"href":"https:\/\/epochtimestr.com\/index.php\/wp-json\/wp\/v2\/posts\/167400\/revisions"}],"predecessor-version":[{"id":167406,"href":"https:\/\/epochtimestr.com\/index.php\/wp-json\/wp\/v2\/posts\/167400\/revisions\/167406"}],"wp:featuredmedia":[{"embeddable":true,"href":"https:\/\/epochtimestr.com\/index.php\/wp-json\/wp\/v2\/media\/167401"}],"wp:attachment":[{"href":"https:\/\/epochtimestr.com\/index.php\/wp-json\/wp\/v2\/media?parent=167400"}],"wp:term":[{"taxonomy":"category","embeddable":true,"href":"https:\/\/epochtimestr.com\/index.php\/wp-json\/wp\/v2\/categories?post=167400"},{"taxonomy":"post_tag","embeddable":true,"href":"https:\/\/epochtimestr.com\/index.php\/wp-json\/wp\/v2\/tags?post=167400"}],"curies":[{"name":"wp","href":"https:\/\/api.w.org\/{rel}","templated":true}]}}