{"id":167407,"date":"2026-05-21T08:30:00","date_gmt":"2026-05-21T05:30:00","guid":{"rendered":"https:\/\/epochtimestr.com\/?p=167407"},"modified":"2026-05-20T22:16:03","modified_gmt":"2026-05-20T19:16:03","slug":"herkesin-kendi-dogrulari-vardir","status":"publish","type":"post","link":"https:\/\/epochtimestr.com\/index.php\/herkesin-kendi-dogrulari-vardir","title":{"rendered":"Herkesin Kendi Do\u011frular\u0131 Vard\u0131r"},"content":{"rendered":"\n<p class=\"has-text-align-right\">\u201cKan\u0131t\u0131n yoklu\u011fu, yoklu\u011fun kan\u0131t\u0131 de\u011fildir\u201d<\/p>\n\n\n\n<p>Sosyal bilimlerde tek do\u011fru yoktur. Siyaset, psikoloji, hukuk, ekonomi, tarih, toplumsal ili\u015fkiler gibi belli ba\u015fl\u0131 konular, sosyal bilimler alan\u0131na girer. Sayd\u0131\u011f\u0131m\u0131z t\u00fcm ba\u015fl\u0131klar, farkl\u0131 insanlar taraf\u0131ndan farkl\u0131 farkl\u0131 alg\u0131lan\u0131r, bilinir. Zira herkes farkl\u0131 kapasitedir ve farkl\u0131 imk\u00e2nlarla yeti\u015fir. Ald\u0131\u011f\u0131 e\u011fitim, \u00e7evresi, ekonomik &#8211; k\u00fclt\u00fcrel ortamlar\u0131 ayr\u0131d\u0131r. Bunlar ve de daha ba\u015fka ko\u015fullar, insan karakterine, d\u00fc\u015f\u00fcncesine etki eder ve onu bi\u00e7imlendirir.<\/p>\n\n\n\n<p>\u0130nsan\u0131 ikna etmeye \u00e7al\u0131\u015fmak, yap\u0131lacak en imk\u00e2ns\u0131z \u015feylerden biridir. Ancak kendi kendine kanaat getirirse, ikna olur. Niyeti ikna olmak de\u011filse, bo\u015funa u\u011fra\u015fmamak gerekir. Hele hele kar\u015f\u0131t g\u00f6r\u00fc\u015fl\u00fc biri, onu ikna edemez; daha da bilenmesini sa\u011flar.<\/p>\n\n\n\n<p>Duayen gazeteciye 72. do\u011fum g\u00fcn\u00fcnde soruldu: \u201cTecr\u00fcbeye inan\u0131r m\u0131s\u0131n\u0131z?\u201d \u201cHay\u0131r\u201d dedi ya\u015fl\u0131 kurt. \u201c\u0130nanmam. Tecr\u00fcbe sadece bir ayak ba\u011f\u0131d\u0131r\u201d. Devamla: \u201cGen\u00e7lere bir \u00f6nermeniz var m\u0131?\u201d diye soruldu. Tan\u0131nm\u0131\u015f ki\u015fi yine \u201cHay\u0131r\u201d dedi. \u201cHi\u00e7 kimseye, hi\u00e7bir \u00f6nermem yoktur\u201d.<\/p>\n\n\n\n<p>Duayen, \u00fcnl\u00fc gazeteci Fransa\u2019da sosyoloji okudu. Y\u0131llar boyu b\u00fcy\u00fck bir gazetenin genel yay\u0131n y\u00f6netmenli\u011fini yapt\u0131. Onun bu tespitleri beni olduk\u00e7a etkiledi ve de tatmin etti. Ama durun, durun! Bu, sadece benim kendi d\u00fc\u015f\u00fcncem ve do\u011frum. Misal, bir ba\u015fkas\u0131 da \u00e7\u0131kar der ki: \u201cGazeteci onca sene bo\u015funa ya\u015fam\u0131\u015f. Hi\u00e7 b\u00f6yle konu\u015fulur mu? Gen\u00e7lere bir \u015feyler s\u00f6ylese idi bari\u201d.<\/p>\n\n\n\n<p>Fil hik\u00e2yesi de me\u015fhurdur hani. G\u00f6z\u00fc ba\u011fl\u0131 insanlardan tuttuklar\u0131 \u015feyi tarif etmeleri istenmi\u015f. O \u015fey bir fil imi\u015f. G\u00f6zleri ba\u011fl\u0131 olan herkes tuttu\u011fu yeri tarif etmi\u015f. Fili b\u00fct\u00fcn\u00fcyle bilen \u00e7\u0131kmam\u0131\u015f.<\/p>\n\n\n\n<p>Hayatta da \u00f6yledir. \u0130lla g\u00f6z\u00fcn\u00fcz\u00fcn fiziksel olarak ba\u011fl\u0131 olmas\u0131 da gerekmiyor. \u00c7o\u011fu insan bakan k\u00f6rd\u00fcr. \u0130stediklerini g\u00f6r\u00fcr genellikle. \u0130stemediklerini asla g\u00f6rmez. O mutludur kendi d\u00fcnyas\u0131nda. \u0130nsanlar\u0131n b\u00fcy\u00fck k\u0131sm\u0131 kendi kozalar\u0131 i\u00e7inde ya\u015farlar. Konfor alan\u0131ndan \u00e7\u0131kmak istemezler. Bilgilenmek, genellikle rahats\u0131z eder; huzur ka\u00e7\u0131r\u0131r.<\/p>\n\n\n\n<p>Ho\u015f, tek yanl\u0131 eserlerden bilgilenmek de i\u015fe yaramaz. \u00d6nemli olan mukayeseli bilgilenmektir. 7\/24 Halk TV izleyenin, G\u00f6zc\u00fc Gazetesi okuyan\u0131n vay h\u00e2line! 7\/24 Ahaber kanal\u0131 izleyenin, T\u00fcrkiye Gazetesi okuyan\u0131n vay h\u00e2line! Ger\u00e7i t\u00fcm medya bir yerlere ba\u011fl\u0131; o da ayr\u0131 bir konudur.<\/p>\n\n\n\n<p>\u00dclke iki as\u0131rd\u0131r a\u011f\u0131r kampla\u015fma alt\u0131ndad\u0131r. 1826 Yeni\u00e7eri oca\u011f\u0131n\u0131n kapat\u0131lmas\u0131ndan bu tarafa al\u0131r\u0131m ben meseleyi. D\u00f6nemin padi\u015fah\u0131 II. Mahmud b\u00fcy\u00fck yenilik\u00e7i ak\u0131m ba\u015flatt\u0131 o tarihte. Bug\u00fcn 2026, tam iki as\u0131rd\u0131r \u00e7alkant\u0131l\u0131 ve \u00fczerinde asla uzla\u015f\u0131 bulunmayan bir s\u00fcre\u00e7tir gidiyor&#8230;<\/p>\n\n\n\n<p>Ben bunu gelenek\u00e7i-yenilik\u00e7iler ile modernist-gericiler aras\u0131nda ge\u00e7en bir m\u00fccadele alan\u0131 olarak g\u00f6r\u00fcr\u00fcm. Yani nedir? \u2018Japonya modeli\u2019 diyorum ben buna. Geleneklere ba\u011fl\u0131 kalarak yenilik\u00e7i olmak. Bir de \u015fu var tabii: G\u00f6r\u00fcn\u00fcrde moderndir ama \u00fcretimde, \u00e7al\u0131\u015fmada gericidir. Buna en iyi \u00f6rnek de Yunanistan\u2019d\u0131r. Veya T\u00fcrkiye\u2019nin ge\u00e7irdi\u011fi k\u00f6hne d\u00f6nemdir ki bu, 1938-2002 y\u0131llar\u0131 aras\u0131n\u0131 kapsar. Modernlik nedir? Bizde bunun ad\u0131 Bat\u0131 tarz\u0131 ya\u015famd\u0131r. Daha \u00e7ok uyu\u015fuk siesta hayat tarz\u0131. Yiyeyim, i\u00e7eyim, gezeyim, tozay\u0131m anlay\u0131\u015f\u0131d\u0131r. \u0130\u015f tarlay\u0131 s\u00fcrmeye, ine\u011fi sa\u011fmaya, fabrikada \u00e7al\u0131\u015fmaya gelince hemen tornistan yapmakt\u0131r. Ama durun, durun! Bu sadece benim kendi d\u00fc\u015f\u00fcncem ve do\u011frum. No panik! Kimseyi ikna etmeye asla \u00e7al\u0131\u015fmam.<\/p>\n\n\n\n<p>Demem o ki hayat zor zanaat be usta! Bunu bir de insanlarla tak\u0131\u015farak a\u011f\u0131rla\u015ft\u0131rmay\u0131n! Herkes bildi\u011fi ve anlad\u0131\u011f\u0131 kadar\u0131yla&#8230;<\/p>\n","protected":false},"excerpt":{"rendered":"<p>\u201cKan\u0131t\u0131n yoklu\u011fu, yoklu\u011fun kan\u0131t\u0131 de\u011fildir\u201d Sosyal bilimlerde tek do\u011fru yoktur. Siyaset, psikoloji, hukuk, ekonomi, tarih, toplumsal ili\u015fkiler gibi belli ba\u015fl\u0131 konular, sosyal bilimler alan\u0131na girer. Sayd\u0131\u011f\u0131m\u0131z t\u00fcm ba\u015fl\u0131klar, farkl\u0131 insanlar taraf\u0131ndan farkl\u0131 farkl\u0131 alg\u0131lan\u0131r, bilinir. Zira herkes farkl\u0131 kapasitedir ve farkl\u0131 imk\u00e2nlarla yeti\u015fir. Ald\u0131\u011f\u0131 e\u011fitim, \u00e7evresi, ekonomik &#8211; k\u00fclt\u00fcrel ortamlar\u0131 ayr\u0131d\u0131r. Bunlar ve de daha [&hellip;]<\/p>\n","protected":false},"author":14001,"featured_media":161038,"comment_status":"open","ping_status":"open","sticky":false,"template":"","format":"standard","meta":{"_yoast_wpseo_focuskw":"do\u011frular","_yoast_wpseo_title":"","_yoast_wpseo_metadesc":"Herkes farkl\u0131 kapasitedir ve farkl\u0131 imk\u00e2nlarla yeti\u015fir. Ald\u0131\u011f\u0131 e\u011fitim, \u00e7evresi, ekonomik - k\u00fclt\u00fcrel ortamlar\u0131 ayr\u0131d\u0131r.","_bbp_topic_count":0,"_bbp_reply_count":0,"_bbp_total_topic_count":0,"_bbp_total_reply_count":0,"_bbp_voice_count":0,"_bbp_anonymous_reply_count":0,"_bbp_topic_count_hidden":0,"_bbp_reply_count_hidden":0,"_bbp_forum_subforum_count":0,"footnotes":"","_yoast_wpseo_focuskw_text_input":""},"categories":[9170],"tags":[],"yoast_head":"<!-- This site is optimized with the Yoast SEO plugin v23.0 - https:\/\/yoast.com\/wordpress\/plugins\/seo\/ -->\n<title>Herkesin Kendi Do\u011frular\u0131 Vard\u0131r - The Epoch Times TR<\/title>\n<meta name=\"description\" content=\"Herkes farkl\u0131 kapasitedir ve farkl\u0131 imk\u00e2nlarla yeti\u015fir. Ald\u0131\u011f\u0131 e\u011fitim, \u00e7evresi, ekonomik - k\u00fclt\u00fcrel ortamlar\u0131 ayr\u0131d\u0131r.\" \/>\n<meta name=\"robots\" content=\"index, follow, max-snippet:-1, max-image-preview:large, max-video-preview:-1\" \/>\n<link rel=\"canonical\" href=\"https:\/\/epochtimestr.com\/index.php\/herkesin-kendi-dogrulari-vardir\" \/>\n<meta property=\"og:locale\" content=\"tr_TR\" \/>\n<meta property=\"og:type\" content=\"article\" \/>\n<meta property=\"og:title\" content=\"Herkesin Kendi Do\u011frular\u0131 Vard\u0131r - The Epoch Times TR\" \/>\n<meta property=\"og:description\" content=\"Herkes farkl\u0131 kapasitedir ve farkl\u0131 imk\u00e2nlarla yeti\u015fir. Ald\u0131\u011f\u0131 e\u011fitim, \u00e7evresi, ekonomik - k\u00fclt\u00fcrel ortamlar\u0131 ayr\u0131d\u0131r.\" \/>\n<meta property=\"og:url\" content=\"https:\/\/epochtimestr.com\/index.php\/herkesin-kendi-dogrulari-vardir\" \/>\n<meta property=\"og:site_name\" content=\"The Epoch Times TR\" \/>\n<meta property=\"article:publisher\" content=\"https:\/\/www.facebook.com\/theepochtimestr\" \/>\n<meta property=\"article:published_time\" content=\"2026-05-21T05:30:00+00:00\" \/>\n<meta property=\"article:modified_time\" content=\"2026-05-20T19:16:03+00:00\" \/>\n<meta property=\"og:image\" content=\"https:\/\/epochtimestr.com\/wp-content\/uploads\/2011y\/BEKIR-ZORBA-SM-2.png\" \/>\n\t<meta property=\"og:image:width\" content=\"1200\" \/>\n\t<meta property=\"og:image:height\" content=\"630\" \/>\n\t<meta property=\"og:image:type\" content=\"image\/png\" \/>\n<meta name=\"author\" content=\"Bekir Zorba\" \/>\n<meta name=\"twitter:card\" content=\"summary_large_image\" \/>\n<meta name=\"twitter:creator\" content=\"@TheEpochTimesTR\" \/>\n<meta name=\"twitter:site\" content=\"@TheEpochTimesTR\" \/>\n<meta name=\"twitter:label1\" content=\"Yazan:\" \/>\n\t<meta name=\"twitter:data1\" content=\"Bekir Zorba\" \/>\n\t<meta name=\"twitter:label2\" content=\"Tahmini okuma s\u00fcresi\" \/>\n\t<meta name=\"twitter:data2\" content=\"3 dakika\" \/>\n<script type=\"application\/ld+json\" class=\"yoast-schema-graph\">{\"@context\":\"https:\/\/schema.org\",\"@graph\":[{\"@type\":\"Article\",\"@id\":\"https:\/\/epochtimestr.com\/index.php\/herkesin-kendi-dogrulari-vardir#article\",\"isPartOf\":{\"@id\":\"https:\/\/epochtimestr.com\/index.php\/herkesin-kendi-dogrulari-vardir\"},\"author\":{\"name\":\"Bekir Zorba\",\"@id\":\"https:\/\/epochtimestr.com\/#\/schema\/person\/da1ad104599611965442ed3e7e9acb2b\"},\"headline\":\"Herkesin Kendi Do\u011frular\u0131 Vard\u0131r\",\"datePublished\":\"2026-05-21T05:30:00+00:00\",\"dateModified\":\"2026-05-20T19:16:03+00:00\",\"mainEntityOfPage\":{\"@id\":\"https:\/\/epochtimestr.com\/index.php\/herkesin-kendi-dogrulari-vardir\"},\"wordCount\":655,\"commentCount\":0,\"publisher\":{\"@id\":\"https:\/\/epochtimestr.com\/#organization\"},\"image\":{\"@id\":\"https:\/\/epochtimestr.com\/index.php\/herkesin-kendi-dogrulari-vardir#primaryimage\"},\"thumbnailUrl\":\"https:\/\/epochtimestr.com\/wp-content\/uploads\/2011y\/Bekir-Zorba.png\",\"articleSection\":[\"K\u00f6\u015fe Yaz\u0131lar\u0131 Bekir Zorba\"],\"inLanguage\":\"tr\",\"potentialAction\":[{\"@type\":\"CommentAction\",\"name\":\"Comment\",\"target\":[\"https:\/\/epochtimestr.com\/index.php\/herkesin-kendi-dogrulari-vardir#respond\"]}]},{\"@type\":\"WebPage\",\"@id\":\"https:\/\/epochtimestr.com\/index.php\/herkesin-kendi-dogrulari-vardir\",\"url\":\"https:\/\/epochtimestr.com\/index.php\/herkesin-kendi-dogrulari-vardir\",\"name\":\"Herkesin Kendi Do\u011frular\u0131 Vard\u0131r - The Epoch Times TR\",\"isPartOf\":{\"@id\":\"https:\/\/epochtimestr.com\/#website\"},\"primaryImageOfPage\":{\"@id\":\"https:\/\/epochtimestr.com\/index.php\/herkesin-kendi-dogrulari-vardir#primaryimage\"},\"image\":{\"@id\":\"https:\/\/epochtimestr.com\/index.php\/herkesin-kendi-dogrulari-vardir#primaryimage\"},\"thumbnailUrl\":\"https:\/\/epochtimestr.com\/wp-content\/uploads\/2011y\/Bekir-Zorba.png\",\"datePublished\":\"2026-05-21T05:30:00+00:00\",\"dateModified\":\"2026-05-20T19:16:03+00:00\",\"description\":\"Herkes farkl\u0131 kapasitedir ve farkl\u0131 imk\u00e2nlarla yeti\u015fir. Ald\u0131\u011f\u0131 e\u011fitim, \u00e7evresi, ekonomik - k\u00fclt\u00fcrel ortamlar\u0131 ayr\u0131d\u0131r.\",\"inLanguage\":\"tr\",\"potentialAction\":[{\"@type\":\"ReadAction\",\"target\":[\"https:\/\/epochtimestr.com\/index.php\/herkesin-kendi-dogrulari-vardir\"]}]},{\"@type\":\"ImageObject\",\"inLanguage\":\"tr\",\"@id\":\"https:\/\/epochtimestr.com\/index.php\/herkesin-kendi-dogrulari-vardir#primaryimage\",\"url\":\"https:\/\/epochtimestr.com\/wp-content\/uploads\/2011y\/Bekir-Zorba.png\",\"contentUrl\":\"https:\/\/epochtimestr.com\/wp-content\/uploads\/2011y\/Bekir-Zorba.png\",\"width\":600,\"height\":600},{\"@type\":\"WebSite\",\"@id\":\"https:\/\/epochtimestr.com\/#website\",\"url\":\"https:\/\/epochtimestr.com\/\",\"name\":\"The Epoch Times TR\",\"description\":\"De\u011fi\u015fen D\u00fcnyam\u0131za Taze Bir Bak\u0131\u015f\",\"publisher\":{\"@id\":\"https:\/\/epochtimestr.com\/#organization\"},\"potentialAction\":[{\"@type\":\"SearchAction\",\"target\":{\"@type\":\"EntryPoint\",\"urlTemplate\":\"https:\/\/epochtimestr.com\/?s={search_term_string}\"},\"query-input\":\"required name=search_term_string\"}],\"inLanguage\":\"tr\"},{\"@type\":\"Organization\",\"@id\":\"https:\/\/epochtimestr.com\/#organization\",\"name\":\"The EpochTimes T\u00fcrkiye\",\"url\":\"https:\/\/epochtimestr.com\/\",\"logo\":{\"@type\":\"ImageObject\",\"inLanguage\":\"tr\",\"@id\":\"https:\/\/epochtimestr.com\/#\/schema\/logo\/image\/\",\"url\":\"https:\/\/epochtimestr.com\/wp-content\/uploads\/2011y\/ET-Logo-YG.jpg\",\"contentUrl\":\"https:\/\/epochtimestr.com\/wp-content\/uploads\/2011y\/ET-Logo-YG.jpg\",\"width\":346,\"height\":29,\"caption\":\"The EpochTimes T\u00fcrkiye\"},\"image\":{\"@id\":\"https:\/\/epochtimestr.com\/#\/schema\/logo\/image\/\"},\"sameAs\":[\"https:\/\/www.facebook.com\/theepochtimestr\",\"https:\/\/x.com\/TheEpochTimesTR\",\"https:\/\/www.instagram.com\/epochtimestr\"]},{\"@type\":\"Person\",\"@id\":\"https:\/\/epochtimestr.com\/#\/schema\/person\/da1ad104599611965442ed3e7e9acb2b\",\"name\":\"Bekir Zorba\",\"image\":{\"@type\":\"ImageObject\",\"inLanguage\":\"tr\",\"@id\":\"https:\/\/epochtimestr.com\/#\/schema\/person\/image\/\",\"url\":\"https:\/\/secure.gravatar.com\/avatar\/eafd40d9b77b1fbf7c565a3d4916b79c?s=96&d=mm&r=g\",\"contentUrl\":\"https:\/\/secure.gravatar.com\/avatar\/eafd40d9b77b1fbf7c565a3d4916b79c?s=96&d=mm&r=g\",\"caption\":\"Bekir Zorba\"},\"url\":\"https:\/\/epochtimestr.com\/index.php\/author\/bekir\"}]}<\/script>\n<!-- \/ Yoast SEO plugin. -->","yoast_head_json":{"title":"Herkesin Kendi Do\u011frular\u0131 Vard\u0131r - The Epoch Times TR","description":"Herkes farkl\u0131 kapasitedir ve farkl\u0131 imk\u00e2nlarla yeti\u015fir. Ald\u0131\u011f\u0131 e\u011fitim, \u00e7evresi, ekonomik - k\u00fclt\u00fcrel ortamlar\u0131 ayr\u0131d\u0131r.","robots":{"index":"index","follow":"follow","max-snippet":"max-snippet:-1","max-image-preview":"max-image-preview:large","max-video-preview":"max-video-preview:-1"},"canonical":"https:\/\/epochtimestr.com\/index.php\/herkesin-kendi-dogrulari-vardir","og_locale":"tr_TR","og_type":"article","og_title":"Herkesin Kendi Do\u011frular\u0131 Vard\u0131r - The Epoch Times TR","og_description":"Herkes farkl\u0131 kapasitedir ve farkl\u0131 imk\u00e2nlarla yeti\u015fir. Ald\u0131\u011f\u0131 e\u011fitim, \u00e7evresi, ekonomik - k\u00fclt\u00fcrel ortamlar\u0131 ayr\u0131d\u0131r.","og_url":"https:\/\/epochtimestr.com\/index.php\/herkesin-kendi-dogrulari-vardir","og_site_name":"The Epoch Times TR","article_publisher":"https:\/\/www.facebook.com\/theepochtimestr","article_published_time":"2026-05-21T05:30:00+00:00","article_modified_time":"2026-05-20T19:16:03+00:00","og_image":[{"width":1200,"height":630,"url":"https:\/\/epochtimestr.com\/wp-content\/uploads\/2011y\/BEKIR-ZORBA-SM-2.png","type":"image\/png"}],"author":"Bekir Zorba","twitter_card":"summary_large_image","twitter_creator":"@TheEpochTimesTR","twitter_site":"@TheEpochTimesTR","twitter_misc":{"Yazan:":"Bekir Zorba","Tahmini okuma s\u00fcresi":"3 dakika"},"schema":{"@context":"https:\/\/schema.org","@graph":[{"@type":"Article","@id":"https:\/\/epochtimestr.com\/index.php\/herkesin-kendi-dogrulari-vardir#article","isPartOf":{"@id":"https:\/\/epochtimestr.com\/index.php\/herkesin-kendi-dogrulari-vardir"},"author":{"name":"Bekir Zorba","@id":"https:\/\/epochtimestr.com\/#\/schema\/person\/da1ad104599611965442ed3e7e9acb2b"},"headline":"Herkesin Kendi Do\u011frular\u0131 Vard\u0131r","datePublished":"2026-05-21T05:30:00+00:00","dateModified":"2026-05-20T19:16:03+00:00","mainEntityOfPage":{"@id":"https:\/\/epochtimestr.com\/index.php\/herkesin-kendi-dogrulari-vardir"},"wordCount":655,"commentCount":0,"publisher":{"@id":"https:\/\/epochtimestr.com\/#organization"},"image":{"@id":"https:\/\/epochtimestr.com\/index.php\/herkesin-kendi-dogrulari-vardir#primaryimage"},"thumbnailUrl":"https:\/\/epochtimestr.com\/wp-content\/uploads\/2011y\/Bekir-Zorba.png","articleSection":["K\u00f6\u015fe Yaz\u0131lar\u0131 Bekir Zorba"],"inLanguage":"tr","potentialAction":[{"@type":"CommentAction","name":"Comment","target":["https:\/\/epochtimestr.com\/index.php\/herkesin-kendi-dogrulari-vardir#respond"]}]},{"@type":"WebPage","@id":"https:\/\/epochtimestr.com\/index.php\/herkesin-kendi-dogrulari-vardir","url":"https:\/\/epochtimestr.com\/index.php\/herkesin-kendi-dogrulari-vardir","name":"Herkesin Kendi Do\u011frular\u0131 Vard\u0131r - The Epoch Times TR","isPartOf":{"@id":"https:\/\/epochtimestr.com\/#website"},"primaryImageOfPage":{"@id":"https:\/\/epochtimestr.com\/index.php\/herkesin-kendi-dogrulari-vardir#primaryimage"},"image":{"@id":"https:\/\/epochtimestr.com\/index.php\/herkesin-kendi-dogrulari-vardir#primaryimage"},"thumbnailUrl":"https:\/\/epochtimestr.com\/wp-content\/uploads\/2011y\/Bekir-Zorba.png","datePublished":"2026-05-21T05:30:00+00:00","dateModified":"2026-05-20T19:16:03+00:00","description":"Herkes farkl\u0131 kapasitedir ve farkl\u0131 imk\u00e2nlarla yeti\u015fir. Ald\u0131\u011f\u0131 e\u011fitim, \u00e7evresi, ekonomik - k\u00fclt\u00fcrel ortamlar\u0131 ayr\u0131d\u0131r.","inLanguage":"tr","potentialAction":[{"@type":"ReadAction","target":["https:\/\/epochtimestr.com\/index.php\/herkesin-kendi-dogrulari-vardir"]}]},{"@type":"ImageObject","inLanguage":"tr","@id":"https:\/\/epochtimestr.com\/index.php\/herkesin-kendi-dogrulari-vardir#primaryimage","url":"https:\/\/epochtimestr.com\/wp-content\/uploads\/2011y\/Bekir-Zorba.png","contentUrl":"https:\/\/epochtimestr.com\/wp-content\/uploads\/2011y\/Bekir-Zorba.png","width":600,"height":600},{"@type":"WebSite","@id":"https:\/\/epochtimestr.com\/#website","url":"https:\/\/epochtimestr.com\/","name":"The Epoch Times TR","description":"De\u011fi\u015fen D\u00fcnyam\u0131za Taze Bir Bak\u0131\u015f","publisher":{"@id":"https:\/\/epochtimestr.com\/#organization"},"potentialAction":[{"@type":"SearchAction","target":{"@type":"EntryPoint","urlTemplate":"https:\/\/epochtimestr.com\/?s={search_term_string}"},"query-input":"required name=search_term_string"}],"inLanguage":"tr"},{"@type":"Organization","@id":"https:\/\/epochtimestr.com\/#organization","name":"The EpochTimes T\u00fcrkiye","url":"https:\/\/epochtimestr.com\/","logo":{"@type":"ImageObject","inLanguage":"tr","@id":"https:\/\/epochtimestr.com\/#\/schema\/logo\/image\/","url":"https:\/\/epochtimestr.com\/wp-content\/uploads\/2011y\/ET-Logo-YG.jpg","contentUrl":"https:\/\/epochtimestr.com\/wp-content\/uploads\/2011y\/ET-Logo-YG.jpg","width":346,"height":29,"caption":"The EpochTimes T\u00fcrkiye"},"image":{"@id":"https:\/\/epochtimestr.com\/#\/schema\/logo\/image\/"},"sameAs":["https:\/\/www.facebook.com\/theepochtimestr","https:\/\/x.com\/TheEpochTimesTR","https:\/\/www.instagram.com\/epochtimestr"]},{"@type":"Person","@id":"https:\/\/epochtimestr.com\/#\/schema\/person\/da1ad104599611965442ed3e7e9acb2b","name":"Bekir Zorba","image":{"@type":"ImageObject","inLanguage":"tr","@id":"https:\/\/epochtimestr.com\/#\/schema\/person\/image\/","url":"https:\/\/secure.gravatar.com\/avatar\/eafd40d9b77b1fbf7c565a3d4916b79c?s=96&d=mm&r=g","contentUrl":"https:\/\/secure.gravatar.com\/avatar\/eafd40d9b77b1fbf7c565a3d4916b79c?s=96&d=mm&r=g","caption":"Bekir Zorba"},"url":"https:\/\/epochtimestr.com\/index.php\/author\/bekir"}]}},"_links":{"self":[{"href":"https:\/\/epochtimestr.com\/index.php\/wp-json\/wp\/v2\/posts\/167407"}],"collection":[{"href":"https:\/\/epochtimestr.com\/index.php\/wp-json\/wp\/v2\/posts"}],"about":[{"href":"https:\/\/epochtimestr.com\/index.php\/wp-json\/wp\/v2\/types\/post"}],"author":[{"embeddable":true,"href":"https:\/\/epochtimestr.com\/index.php\/wp-json\/wp\/v2\/users\/14001"}],"replies":[{"embeddable":true,"href":"https:\/\/epochtimestr.com\/index.php\/wp-json\/wp\/v2\/comments?post=167407"}],"version-history":[{"count":1,"href":"https:\/\/epochtimestr.com\/index.php\/wp-json\/wp\/v2\/posts\/167407\/revisions"}],"predecessor-version":[{"id":167408,"href":"https:\/\/epochtimestr.com\/index.php\/wp-json\/wp\/v2\/posts\/167407\/revisions\/167408"}],"wp:featuredmedia":[{"embeddable":true,"href":"https:\/\/epochtimestr.com\/index.php\/wp-json\/wp\/v2\/media\/161038"}],"wp:attachment":[{"href":"https:\/\/epochtimestr.com\/index.php\/wp-json\/wp\/v2\/media?parent=167407"}],"wp:term":[{"taxonomy":"category","embeddable":true,"href":"https:\/\/epochtimestr.com\/index.php\/wp-json\/wp\/v2\/categories?post=167407"},{"taxonomy":"post_tag","embeddable":true,"href":"https:\/\/epochtimestr.com\/index.php\/wp-json\/wp\/v2\/tags?post=167407"}],"curies":[{"name":"wp","href":"https:\/\/api.w.org\/{rel}","templated":true}]}}