{"id":167432,"date":"2026-05-22T14:08:43","date_gmt":"2026-05-22T11:08:43","guid":{"rendered":"https:\/\/epochtimestr.com\/?p=167432"},"modified":"2026-05-22T20:12:31","modified_gmt":"2026-05-22T17:12:31","slug":"abd-temsilciler-meclisi-iran-oylamasini-erteledi","status":"publish","type":"post","link":"https:\/\/epochtimestr.com\/index.php\/abd-temsilciler-meclisi-iran-oylamasini-erteledi","title":{"rendered":"ABD Temsilciler Meclisi \u0130ran Oylamas\u0131n\u0131 Erteledi"},"content":{"rendered":"<div class=\"wp-block-image\">\n<figure class=\"aligncenter size-full\"><img loading=\"lazy\" decoding=\"async\" width=\"1200\" height=\"800\" src=\"https:\/\/epochtimestr.com\/wp-content\/uploads\/2011y\/image-392.png\" alt=\"ABD Temsilciler Meclisindeki Cumhuriyet\u00e7iler, \u0130ran sava\u015f yetkisi tasar\u0131s\u0131n\u0131n oylamas\u0131n\u0131 geri \u00e7ekti. Gambiya bayrakl\u0131 tanker gemisi Bilin, 2 May\u0131s 2026'da g\u00fcney \u0130ran'daki Bandar Abbas a\u00e7\u0131klar\u0131nda H\u00fcrm\u00fcz Bo\u011faz\u0131'nda. (Foto\u011fraf: Amirhossein KhorgooeI, ISNA, AFP - Getty Images, The Epoch Times arac\u0131l\u0131\u011f\u0131yla)\" class=\"wp-image-167440\" srcset=\"https:\/\/epochtimestr.com\/wp-content\/uploads\/2011y\/image-392.png 1200w, https:\/\/epochtimestr.com\/wp-content\/uploads\/2011y\/image-392-300x200.png 300w, https:\/\/epochtimestr.com\/wp-content\/uploads\/2011y\/image-392-150x100.png 150w, https:\/\/epochtimestr.com\/wp-content\/uploads\/2011y\/image-392-768x512.png 768w\" sizes=\"(max-width: 1200px) 100vw, 1200px\" \/><figcaption class=\"wp-element-caption\">ABD Temsilciler Meclisindeki Cumhuriyet\u00e7iler, \u0130ran sava\u015f yetkisi tasar\u0131s\u0131n\u0131n oylamas\u0131n\u0131 geri \u00e7ekti. Gambiya bayrakl\u0131 tanker gemisi Bilin, 2 May\u0131s 2026&#8217;da g\u00fcney \u0130ran&#8217;daki Bandar Abbas a\u00e7\u0131klar\u0131nda H\u00fcrm\u00fcz Bo\u011faz\u0131&#8217;nda. (Foto\u011fraf: Amirhossein KhorgooeI, ISNA, AFP &#8211; Getty Images, The Epoch Times arac\u0131l\u0131\u011f\u0131yla)<\/figcaption><\/figure><\/div>\n\n\n<p>ABD Temsilciler Meclisindeki Cumhuriyet\u00e7iler, Ba\u015fkan Donald Trump\u2019\u0131n \u0130ran operasyonlar\u0131n\u0131 s\u0131n\u0131rlamay\u0131 hedefleyen \u0130ran sava\u015f yetkisi tasar\u0131s\u0131n\u0131 geri \u00e7ekti. <\/p>\n\n\n\n<p>Geli\u015fmeyi <a href=\"https:\/\/www.theepochtimes.com\/world\/house-republicans-pull-scheduled-vote-on-iran-war-powers-resolution-6034453\" target=\"_blank\" rel=\"noreferrer noopener\">Demokrat Temsilciler Meclisi<\/a> Az\u0131nl\u0131k Grup Ba\u015fkanvekili Katherine Clark duyurdu. Clark, \u00fcyelerine g\u00f6nderdi\u011fi mesajda oylaman\u0131n iptal edildi\u011fini bildirdi. Ancak karar \u00f6ncesinde ba\u015fka bir oylama, uzun s\u00fcre a\u00e7\u0131k kald\u0131. Bu nedenle oylama, planlanandan yakla\u015f\u0131k bir saat sonra kapand\u0131. Kongrede bu durum, destek sorunu ya\u015fand\u0131\u011f\u0131n\u0131 g\u00f6steriyor.<\/p>\n\n\n\n<p><a href=\"https:\/\/epochtimestr.com\/index.php\/abd-senatosu-iran-operasyonunu-sorguluyor\" target=\"_blank\" rel=\"noreferrer noopener\">Senato<\/a> daha \u00f6nce benzer bir tasar\u0131y\u0131 50\u2019ye kar\u015f\u0131 47 oyla kabul etmi\u015fti. Cumhuriyet\u00e7i Senat\u00f6r Bill Cassidy de destek veren isimler aras\u0131nda yer ald\u0131. Buna kar\u015f\u0131l\u0131k Temsilciler Meclisi\u2019nde ge\u00e7en hafta yap\u0131lan oylama e\u015fitlikle sonu\u00e7land\u0131. Oylamada 212\u2019ye kar\u015f\u0131 212 oy g\u00f6steren bir tablo olu\u015ftu. D\u00f6rt Cumhuriyet\u00e7i ve iki Demokrat \u00fcyeyse oy kullanmad\u0131.<\/p>\n\n\n\n<p>Tasar\u0131, ba\u015fkana askeri operasyonlar i\u00e7in s\u00fcre s\u0131n\u0131r\u0131 getiren, 1973 tarihli Sava\u015f Yetkileri Yasas\u0131\u2019na dayan\u0131yor.  Kongre onay\u0131 al\u0131nmazsa, askerlerin 60 g\u00fcn i\u00e7inde \u00e7ekilmesi gerekiyor. Ba\u015fkan, g\u00fcvenli \u00e7ekilme i\u00e7in s\u00fcreyi 30 g\u00fcn uzatabiliyor.<\/p>\n\n\n\n<p>Ancak bir\u00e7ok ABD ba\u015fkan\u0131, yasay\u0131 anayasaya ayk\u0131r\u0131 g\u00f6rmesine ra\u011fmen raporlama h\u00fck\u00fcmlerine \u00e7o\u011funlukla uydu.<\/p>\n\n\n\n<h2 class=\"wp-block-heading\">\u0130ran gerilimi s\u00fcr\u00fcyor<\/h2>\n\n\n\n<p>ABD g\u00fc\u00e7lerinin 28 \u015eubat 2026\u2019da \u0130ran\u2019a ba\u015flatt\u0131\u011f\u0131 operasyon, 07 Nisan 2026\u2019da ilan edilen ate\u015fkesle sona erdi. Trump&#8217;\u0131n \u00e7at\u0131\u015fmalar\u0131n sona erdi\u011fini Kongre\u2019ye bildirmesine ra\u011fmen taraflar daha sonra yeniden kar\u015f\u0131 kar\u015f\u0131ya geldi. ABD ve \u0130ran g\u00fc\u00e7leri son haftalarda yeniden \u00e7at\u0131\u015ft\u0131. Ayr\u0131ca Washington y\u00f6netimi yeni operasyon haz\u0131rl\u0131\u011f\u0131 yap\u0131yor.<\/p>\n\n\n\n<p>Trump, \u0130ran operasyonlar\u0131n\u0131n \u0130ran\u2019\u0131n n\u00fckleer silah geli\u015ftirmesini engellemeyi ama\u00e7layan, \u00f6nleyici m\u00fcdahale oldu\u011funu iddia ediyor. Buna kar\u015f\u0131l\u0131k \u0130ran y\u00f6netimi uranyum zenginle\u015ftirme hakk\u0131n\u0131 savunuyor. ABD, Avrupa ve \u0130srail yetkilileri ise \u0130ran\u2019\u0131n n\u00fckleer potansiyelinin silah seviyesine yakla\u015ft\u0131\u011f\u0131n\u0131 belirtiyor.<\/p>\n\n\n\n<p>Ayr\u0131ca ABD Ba\u015fkan Yard\u0131mc\u0131s\u0131 JD Vance da \u0130ran\u2019\u0131n n\u00fckleer silah geli\u015ftirmemesi gerekti\u011fini s\u00f6yledi.<\/p>\n","protected":false},"excerpt":{"rendered":"<p>ABD Temsilciler Meclisindeki Cumhuriyet\u00e7iler, Ba\u015fkan Donald Trump\u2019\u0131n \u0130ran operasyonlar\u0131n\u0131 s\u0131n\u0131rlamay\u0131 hedefleyen \u0130ran sava\u015f yetkisi tasar\u0131s\u0131n\u0131 geri \u00e7ekti. Geli\u015fmeyi Demokrat Temsilciler Meclisi Az\u0131nl\u0131k Grup Ba\u015fkanvekili Katherine Clark duyurdu. Clark, \u00fcyelerine g\u00f6nderdi\u011fi mesajda oylaman\u0131n iptal edildi\u011fini bildirdi. Ancak karar \u00f6ncesinde ba\u015fka bir oylama, uzun s\u00fcre a\u00e7\u0131k kald\u0131. Bu nedenle oylama, planlanandan yakla\u015f\u0131k bir saat sonra kapand\u0131. Kongrede [&hellip;]<\/p>\n","protected":false},"author":13996,"featured_media":167440,"comment_status":"open","ping_status":"open","sticky":false,"template":"","format":"standard","meta":{"_yoast_wpseo_focuskw":"ABD Temsilciler","_yoast_wpseo_title":"","_yoast_wpseo_metadesc":"ABD Temsilciler Meclisindeki Cumhuriyet\u00e7iler, Trump\u2019\u0131n \u0130ran operasyonlar\u0131n\u0131 s\u0131n\u0131rlamay\u0131 hedefleyen \u0130ran sava\u015f yetkisi tasar\u0131s\u0131n\u0131 geri \u00e7ekti.","_bbp_topic_count":0,"_bbp_reply_count":0,"_bbp_total_topic_count":0,"_bbp_total_reply_count":0,"_bbp_voice_count":0,"_bbp_anonymous_reply_count":0,"_bbp_topic_count_hidden":0,"_bbp_reply_count_hidden":0,"_bbp_forum_subforum_count":0,"footnotes":"","_yoast_wpseo_focuskw_text_input":""},"categories":[5,1,8138],"tags":[10503,6773,1663,10961,9331,9641,11425,5764,11437],"yoast_head":"<!-- This site is optimized with the Yoast SEO plugin v23.0 - https:\/\/yoast.com\/wordpress\/plugins\/seo\/ -->\n<title>ABD Temsilciler Meclisi \u0130ran Oylamas\u0131n\u0131 Erteledi - The Epoch Times TR<\/title>\n<meta name=\"description\" content=\"ABD Temsilciler Meclisindeki Cumhuriyet\u00e7iler, Trump\u2019\u0131n \u0130ran operasyonlar\u0131n\u0131 s\u0131n\u0131rlamay\u0131 hedefleyen \u0130ran sava\u015f yetkisi tasar\u0131s\u0131n\u0131 geri \u00e7ekti.\" \/>\n<meta name=\"robots\" content=\"index, follow, max-snippet:-1, max-image-preview:large, max-video-preview:-1\" \/>\n<link rel=\"canonical\" href=\"https:\/\/epochtimestr.com\/index.php\/abd-temsilciler-meclisi-iran-oylamasini-erteledi\" \/>\n<meta property=\"og:locale\" content=\"tr_TR\" \/>\n<meta property=\"og:type\" content=\"article\" \/>\n<meta property=\"og:title\" content=\"ABD Temsilciler Meclisi \u0130ran Oylamas\u0131n\u0131 Erteledi - The Epoch Times TR\" \/>\n<meta property=\"og:description\" content=\"ABD Temsilciler Meclisindeki Cumhuriyet\u00e7iler, Trump\u2019\u0131n \u0130ran operasyonlar\u0131n\u0131 s\u0131n\u0131rlamay\u0131 hedefleyen \u0130ran sava\u015f yetkisi tasar\u0131s\u0131n\u0131 geri \u00e7ekti.\" \/>\n<meta property=\"og:url\" content=\"https:\/\/epochtimestr.com\/index.php\/abd-temsilciler-meclisi-iran-oylamasini-erteledi\" \/>\n<meta property=\"og:site_name\" content=\"The Epoch Times TR\" \/>\n<meta property=\"article:publisher\" content=\"https:\/\/www.facebook.com\/theepochtimestr\" \/>\n<meta property=\"article:published_time\" content=\"2026-05-22T11:08:43+00:00\" \/>\n<meta property=\"article:modified_time\" content=\"2026-05-22T17:12:31+00:00\" \/>\n<meta property=\"og:image\" content=\"https:\/\/epochtimestr.com\/wp-content\/uploads\/2011y\/image-392.png\" \/>\n\t<meta property=\"og:image:width\" content=\"1200\" \/>\n\t<meta property=\"og:image:height\" content=\"800\" \/>\n\t<meta property=\"og:image:type\" content=\"image\/png\" \/>\n<meta name=\"author\" content=\"Leo Bajelan\" \/>\n<meta name=\"twitter:card\" content=\"summary_large_image\" \/>\n<meta name=\"twitter:creator\" content=\"@TheEpochTimesTR\" \/>\n<meta name=\"twitter:site\" content=\"@TheEpochTimesTR\" \/>\n<meta name=\"twitter:label1\" content=\"Yazan:\" \/>\n\t<meta name=\"twitter:data1\" content=\"Leo Bajelan\" \/>\n\t<meta name=\"twitter:label2\" content=\"Tahmini okuma s\u00fcresi\" \/>\n\t<meta name=\"twitter:data2\" content=\"3 dakika\" \/>\n<script type=\"application\/ld+json\" class=\"yoast-schema-graph\">{\"@context\":\"https:\/\/schema.org\",\"@graph\":[{\"@type\":\"Article\",\"@id\":\"https:\/\/epochtimestr.com\/index.php\/abd-temsilciler-meclisi-iran-oylamasini-erteledi#article\",\"isPartOf\":{\"@id\":\"https:\/\/epochtimestr.com\/index.php\/abd-temsilciler-meclisi-iran-oylamasini-erteledi\"},\"author\":{\"name\":\"Leo Bajelan\",\"@id\":\"https:\/\/epochtimestr.com\/#\/schema\/person\/5fef218711d76d8f232b0e1f1d7e4c0d\"},\"headline\":\"ABD Temsilciler Meclisi \u0130ran Oylamas\u0131n\u0131 Erteledi\",\"datePublished\":\"2026-05-22T11:08:43+00:00\",\"dateModified\":\"2026-05-22T17:12:31+00:00\",\"mainEntityOfPage\":{\"@id\":\"https:\/\/epochtimestr.com\/index.php\/abd-temsilciler-meclisi-iran-oylamasini-erteledi\"},\"wordCount\":411,\"commentCount\":0,\"publisher\":{\"@id\":\"https:\/\/epochtimestr.com\/#organization\"},\"image\":{\"@id\":\"https:\/\/epochtimestr.com\/index.php\/abd-temsilciler-meclisi-iran-oylamasini-erteledi#primaryimage\"},\"thumbnailUrl\":\"https:\/\/epochtimestr.com\/wp-content\/uploads\/2011y\/image-392.png\",\"keywords\":[\"ABD \u0130ran sava\u015f\u0131\",\"ABD Temsilciler Meclisi\",\"Ate\u015fkes\",\"\u0130ran Operasyonlar\u0131\",\"JD Vance\",\"N\u00fckleer silah\",\"Sava\u015f Yetkileri yasas\u0131\",\"Trump\",\"yeni operasyon\"],\"articleSection\":[\"D\u00dcNYA\",\"G\u00dcNDEM\",\"MAN\u015eET\"],\"inLanguage\":\"tr\",\"potentialAction\":[{\"@type\":\"CommentAction\",\"name\":\"Comment\",\"target\":[\"https:\/\/epochtimestr.com\/index.php\/abd-temsilciler-meclisi-iran-oylamasini-erteledi#respond\"]}]},{\"@type\":\"WebPage\",\"@id\":\"https:\/\/epochtimestr.com\/index.php\/abd-temsilciler-meclisi-iran-oylamasini-erteledi\",\"url\":\"https:\/\/epochtimestr.com\/index.php\/abd-temsilciler-meclisi-iran-oylamasini-erteledi\",\"name\":\"ABD Temsilciler Meclisi \u0130ran Oylamas\u0131n\u0131 Erteledi - The Epoch Times TR\",\"isPartOf\":{\"@id\":\"https:\/\/epochtimestr.com\/#website\"},\"primaryImageOfPage\":{\"@id\":\"https:\/\/epochtimestr.com\/index.php\/abd-temsilciler-meclisi-iran-oylamasini-erteledi#primaryimage\"},\"image\":{\"@id\":\"https:\/\/epochtimestr.com\/index.php\/abd-temsilciler-meclisi-iran-oylamasini-erteledi#primaryimage\"},\"thumbnailUrl\":\"https:\/\/epochtimestr.com\/wp-content\/uploads\/2011y\/image-392.png\",\"datePublished\":\"2026-05-22T11:08:43+00:00\",\"dateModified\":\"2026-05-22T17:12:31+00:00\",\"description\":\"ABD Temsilciler Meclisindeki Cumhuriyet\u00e7iler, Trump\u2019\u0131n \u0130ran operasyonlar\u0131n\u0131 s\u0131n\u0131rlamay\u0131 hedefleyen \u0130ran sava\u015f yetkisi tasar\u0131s\u0131n\u0131 geri \u00e7ekti.\",\"inLanguage\":\"tr\",\"potentialAction\":[{\"@type\":\"ReadAction\",\"target\":[\"https:\/\/epochtimestr.com\/index.php\/abd-temsilciler-meclisi-iran-oylamasini-erteledi\"]}]},{\"@type\":\"ImageObject\",\"inLanguage\":\"tr\",\"@id\":\"https:\/\/epochtimestr.com\/index.php\/abd-temsilciler-meclisi-iran-oylamasini-erteledi#primaryimage\",\"url\":\"https:\/\/epochtimestr.com\/wp-content\/uploads\/2011y\/image-392.png\",\"contentUrl\":\"https:\/\/epochtimestr.com\/wp-content\/uploads\/2011y\/image-392.png\",\"width\":1200,\"height\":800},{\"@type\":\"WebSite\",\"@id\":\"https:\/\/epochtimestr.com\/#website\",\"url\":\"https:\/\/epochtimestr.com\/\",\"name\":\"The Epoch Times TR\",\"description\":\"De\u011fi\u015fen D\u00fcnyam\u0131za Taze Bir Bak\u0131\u015f\",\"publisher\":{\"@id\":\"https:\/\/epochtimestr.com\/#organization\"},\"potentialAction\":[{\"@type\":\"SearchAction\",\"target\":{\"@type\":\"EntryPoint\",\"urlTemplate\":\"https:\/\/epochtimestr.com\/?s={search_term_string}\"},\"query-input\":\"required name=search_term_string\"}],\"inLanguage\":\"tr\"},{\"@type\":\"Organization\",\"@id\":\"https:\/\/epochtimestr.com\/#organization\",\"name\":\"The EpochTimes T\u00fcrkiye\",\"url\":\"https:\/\/epochtimestr.com\/\",\"logo\":{\"@type\":\"ImageObject\",\"inLanguage\":\"tr\",\"@id\":\"https:\/\/epochtimestr.com\/#\/schema\/logo\/image\/\",\"url\":\"https:\/\/epochtimestr.com\/wp-content\/uploads\/2011y\/ET-Logo-YG.jpg\",\"contentUrl\":\"https:\/\/epochtimestr.com\/wp-content\/uploads\/2011y\/ET-Logo-YG.jpg\",\"width\":346,\"height\":29,\"caption\":\"The EpochTimes T\u00fcrkiye\"},\"image\":{\"@id\":\"https:\/\/epochtimestr.com\/#\/schema\/logo\/image\/\"},\"sameAs\":[\"https:\/\/www.facebook.com\/theepochtimestr\",\"https:\/\/x.com\/TheEpochTimesTR\",\"https:\/\/www.instagram.com\/epochtimestr\"]},{\"@type\":\"Person\",\"@id\":\"https:\/\/epochtimestr.com\/#\/schema\/person\/5fef218711d76d8f232b0e1f1d7e4c0d\",\"name\":\"Leo Bajelan\",\"image\":{\"@type\":\"ImageObject\",\"inLanguage\":\"tr\",\"@id\":\"https:\/\/epochtimestr.com\/#\/schema\/person\/image\/\",\"url\":\"https:\/\/secure.gravatar.com\/avatar\/917669146f489549e548a2e9af272df5?s=96&d=mm&r=g\",\"contentUrl\":\"https:\/\/secure.gravatar.com\/avatar\/917669146f489549e548a2e9af272df5?s=96&d=mm&r=g\",\"caption\":\"Leo Bajelan\"},\"url\":\"https:\/\/epochtimestr.com\/index.php\/author\/leo\"}]}<\/script>\n<!-- \/ Yoast SEO plugin. -->","yoast_head_json":{"title":"ABD Temsilciler Meclisi \u0130ran Oylamas\u0131n\u0131 Erteledi - The Epoch Times TR","description":"ABD Temsilciler Meclisindeki Cumhuriyet\u00e7iler, Trump\u2019\u0131n \u0130ran operasyonlar\u0131n\u0131 s\u0131n\u0131rlamay\u0131 hedefleyen \u0130ran sava\u015f yetkisi tasar\u0131s\u0131n\u0131 geri \u00e7ekti.","robots":{"index":"index","follow":"follow","max-snippet":"max-snippet:-1","max-image-preview":"max-image-preview:large","max-video-preview":"max-video-preview:-1"},"canonical":"https:\/\/epochtimestr.com\/index.php\/abd-temsilciler-meclisi-iran-oylamasini-erteledi","og_locale":"tr_TR","og_type":"article","og_title":"ABD Temsilciler Meclisi \u0130ran Oylamas\u0131n\u0131 Erteledi - The Epoch Times TR","og_description":"ABD Temsilciler Meclisindeki Cumhuriyet\u00e7iler, Trump\u2019\u0131n \u0130ran operasyonlar\u0131n\u0131 s\u0131n\u0131rlamay\u0131 hedefleyen \u0130ran sava\u015f yetkisi tasar\u0131s\u0131n\u0131 geri \u00e7ekti.","og_url":"https:\/\/epochtimestr.com\/index.php\/abd-temsilciler-meclisi-iran-oylamasini-erteledi","og_site_name":"The Epoch Times TR","article_publisher":"https:\/\/www.facebook.com\/theepochtimestr","article_published_time":"2026-05-22T11:08:43+00:00","article_modified_time":"2026-05-22T17:12:31+00:00","og_image":[{"width":1200,"height":800,"url":"https:\/\/epochtimestr.com\/wp-content\/uploads\/2011y\/image-392.png","type":"image\/png"}],"author":"Leo Bajelan","twitter_card":"summary_large_image","twitter_creator":"@TheEpochTimesTR","twitter_site":"@TheEpochTimesTR","twitter_misc":{"Yazan:":"Leo Bajelan","Tahmini okuma s\u00fcresi":"3 dakika"},"schema":{"@context":"https:\/\/schema.org","@graph":[{"@type":"Article","@id":"https:\/\/epochtimestr.com\/index.php\/abd-temsilciler-meclisi-iran-oylamasini-erteledi#article","isPartOf":{"@id":"https:\/\/epochtimestr.com\/index.php\/abd-temsilciler-meclisi-iran-oylamasini-erteledi"},"author":{"name":"Leo Bajelan","@id":"https:\/\/epochtimestr.com\/#\/schema\/person\/5fef218711d76d8f232b0e1f1d7e4c0d"},"headline":"ABD Temsilciler Meclisi \u0130ran Oylamas\u0131n\u0131 Erteledi","datePublished":"2026-05-22T11:08:43+00:00","dateModified":"2026-05-22T17:12:31+00:00","mainEntityOfPage":{"@id":"https:\/\/epochtimestr.com\/index.php\/abd-temsilciler-meclisi-iran-oylamasini-erteledi"},"wordCount":411,"commentCount":0,"publisher":{"@id":"https:\/\/epochtimestr.com\/#organization"},"image":{"@id":"https:\/\/epochtimestr.com\/index.php\/abd-temsilciler-meclisi-iran-oylamasini-erteledi#primaryimage"},"thumbnailUrl":"https:\/\/epochtimestr.com\/wp-content\/uploads\/2011y\/image-392.png","keywords":["ABD \u0130ran sava\u015f\u0131","ABD Temsilciler Meclisi","Ate\u015fkes","\u0130ran Operasyonlar\u0131","JD Vance","N\u00fckleer silah","Sava\u015f Yetkileri yasas\u0131","Trump","yeni operasyon"],"articleSection":["D\u00dcNYA","G\u00dcNDEM","MAN\u015eET"],"inLanguage":"tr","potentialAction":[{"@type":"CommentAction","name":"Comment","target":["https:\/\/epochtimestr.com\/index.php\/abd-temsilciler-meclisi-iran-oylamasini-erteledi#respond"]}]},{"@type":"WebPage","@id":"https:\/\/epochtimestr.com\/index.php\/abd-temsilciler-meclisi-iran-oylamasini-erteledi","url":"https:\/\/epochtimestr.com\/index.php\/abd-temsilciler-meclisi-iran-oylamasini-erteledi","name":"ABD Temsilciler Meclisi \u0130ran Oylamas\u0131n\u0131 Erteledi - The Epoch Times TR","isPartOf":{"@id":"https:\/\/epochtimestr.com\/#website"},"primaryImageOfPage":{"@id":"https:\/\/epochtimestr.com\/index.php\/abd-temsilciler-meclisi-iran-oylamasini-erteledi#primaryimage"},"image":{"@id":"https:\/\/epochtimestr.com\/index.php\/abd-temsilciler-meclisi-iran-oylamasini-erteledi#primaryimage"},"thumbnailUrl":"https:\/\/epochtimestr.com\/wp-content\/uploads\/2011y\/image-392.png","datePublished":"2026-05-22T11:08:43+00:00","dateModified":"2026-05-22T17:12:31+00:00","description":"ABD Temsilciler Meclisindeki Cumhuriyet\u00e7iler, Trump\u2019\u0131n \u0130ran operasyonlar\u0131n\u0131 s\u0131n\u0131rlamay\u0131 hedefleyen \u0130ran sava\u015f yetkisi tasar\u0131s\u0131n\u0131 geri \u00e7ekti.","inLanguage":"tr","potentialAction":[{"@type":"ReadAction","target":["https:\/\/epochtimestr.com\/index.php\/abd-temsilciler-meclisi-iran-oylamasini-erteledi"]}]},{"@type":"ImageObject","inLanguage":"tr","@id":"https:\/\/epochtimestr.com\/index.php\/abd-temsilciler-meclisi-iran-oylamasini-erteledi#primaryimage","url":"https:\/\/epochtimestr.com\/wp-content\/uploads\/2011y\/image-392.png","contentUrl":"https:\/\/epochtimestr.com\/wp-content\/uploads\/2011y\/image-392.png","width":1200,"height":800},{"@type":"WebSite","@id":"https:\/\/epochtimestr.com\/#website","url":"https:\/\/epochtimestr.com\/","name":"The Epoch Times TR","description":"De\u011fi\u015fen D\u00fcnyam\u0131za Taze Bir Bak\u0131\u015f","publisher":{"@id":"https:\/\/epochtimestr.com\/#organization"},"potentialAction":[{"@type":"SearchAction","target":{"@type":"EntryPoint","urlTemplate":"https:\/\/epochtimestr.com\/?s={search_term_string}"},"query-input":"required name=search_term_string"}],"inLanguage":"tr"},{"@type":"Organization","@id":"https:\/\/epochtimestr.com\/#organization","name":"The EpochTimes T\u00fcrkiye","url":"https:\/\/epochtimestr.com\/","logo":{"@type":"ImageObject","inLanguage":"tr","@id":"https:\/\/epochtimestr.com\/#\/schema\/logo\/image\/","url":"https:\/\/epochtimestr.com\/wp-content\/uploads\/2011y\/ET-Logo-YG.jpg","contentUrl":"https:\/\/epochtimestr.com\/wp-content\/uploads\/2011y\/ET-Logo-YG.jpg","width":346,"height":29,"caption":"The EpochTimes T\u00fcrkiye"},"image":{"@id":"https:\/\/epochtimestr.com\/#\/schema\/logo\/image\/"},"sameAs":["https:\/\/www.facebook.com\/theepochtimestr","https:\/\/x.com\/TheEpochTimesTR","https:\/\/www.instagram.com\/epochtimestr"]},{"@type":"Person","@id":"https:\/\/epochtimestr.com\/#\/schema\/person\/5fef218711d76d8f232b0e1f1d7e4c0d","name":"Leo Bajelan","image":{"@type":"ImageObject","inLanguage":"tr","@id":"https:\/\/epochtimestr.com\/#\/schema\/person\/image\/","url":"https:\/\/secure.gravatar.com\/avatar\/917669146f489549e548a2e9af272df5?s=96&d=mm&r=g","contentUrl":"https:\/\/secure.gravatar.com\/avatar\/917669146f489549e548a2e9af272df5?s=96&d=mm&r=g","caption":"Leo Bajelan"},"url":"https:\/\/epochtimestr.com\/index.php\/author\/leo"}]}},"_links":{"self":[{"href":"https:\/\/epochtimestr.com\/index.php\/wp-json\/wp\/v2\/posts\/167432"}],"collection":[{"href":"https:\/\/epochtimestr.com\/index.php\/wp-json\/wp\/v2\/posts"}],"about":[{"href":"https:\/\/epochtimestr.com\/index.php\/wp-json\/wp\/v2\/types\/post"}],"author":[{"embeddable":true,"href":"https:\/\/epochtimestr.com\/index.php\/wp-json\/wp\/v2\/users\/13996"}],"replies":[{"embeddable":true,"href":"https:\/\/epochtimestr.com\/index.php\/wp-json\/wp\/v2\/comments?post=167432"}],"version-history":[{"count":3,"href":"https:\/\/epochtimestr.com\/index.php\/wp-json\/wp\/v2\/posts\/167432\/revisions"}],"predecessor-version":[{"id":167441,"href":"https:\/\/epochtimestr.com\/index.php\/wp-json\/wp\/v2\/posts\/167432\/revisions\/167441"}],"wp:featuredmedia":[{"embeddable":true,"href":"https:\/\/epochtimestr.com\/index.php\/wp-json\/wp\/v2\/media\/167440"}],"wp:attachment":[{"href":"https:\/\/epochtimestr.com\/index.php\/wp-json\/wp\/v2\/media?parent=167432"}],"wp:term":[{"taxonomy":"category","embeddable":true,"href":"https:\/\/epochtimestr.com\/index.php\/wp-json\/wp\/v2\/categories?post=167432"},{"taxonomy":"post_tag","embeddable":true,"href":"https:\/\/epochtimestr.com\/index.php\/wp-json\/wp\/v2\/tags?post=167432"}],"curies":[{"name":"wp","href":"https:\/\/api.w.org\/{rel}","templated":true}]}}