{"id":167444,"date":"2026-05-23T08:00:00","date_gmt":"2026-05-23T05:00:00","guid":{"rendered":"https:\/\/epochtimestr.com\/?p=167444"},"modified":"2026-05-23T08:36:55","modified_gmt":"2026-05-23T05:36:55","slug":"turk-mitolojisindeki-umay-ana-ulu-ay-ana-hz-havva-mi","status":"publish","type":"post","link":"https:\/\/epochtimestr.com\/index.php\/turk-mitolojisindeki-umay-ana-ulu-ay-ana-hz-havva-mi","title":{"rendered":"T\u00fcrk Mitolojisindeki Umay Ana (Ulu Ay Ana) Hz. Havva m\u0131?"},"content":{"rendered":"\n<p>K\u00fct\u00fcphanelerimizdeki el yazmalar\u0131n\u0131 ara\u015ft\u0131ran Prof. Dr. Necati Demir, T\u00fcrklerin bilinen ilk kitab\u0131 olan \u201cULU HAN ATA B\u0130T\u0130\u011e\u0130\u201dni tarihimize kazand\u0131rd\u0131. MS. 580 y\u0131l\u0131nda T\u00fcrk\u00e7eden Fars\u00e7aya \u00e7evrilmi\u015f oldu\u011fu tespit edilen bu kitap, T\u00fcrk tarihinin \u201cOrhun Yaz\u0131tlar\u0131\u201dyla MS. 700\u2019lerde ba\u015flamad\u0131\u011f\u0131n\u0131, MS. 580 y\u0131l\u0131ndan \u00e7ok \u00f6nce T\u00fcrklerin kitap yazd\u0131\u011f\u0131n\u0131 ortaya koyuyor.<\/p>\n\n\n<div class=\"wp-block-image\">\n<figure class=\"aligncenter size-full\"><img loading=\"lazy\" decoding=\"async\" width=\"294\" height=\"226\" src=\"https:\/\/epochtimestr.com\/wp-content\/uploads\/2011y\/image-394.png\" alt=\"\" class=\"wp-image-167447\" srcset=\"https:\/\/epochtimestr.com\/wp-content\/uploads\/2011y\/image-394.png 294w, https:\/\/epochtimestr.com\/wp-content\/uploads\/2011y\/image-394-150x115.png 150w\" sizes=\"(max-width: 294px) 100vw, 294px\" \/><\/figure><\/div>\n\n\n<p>T\u00fcrklerin ilk atas\u0131 <strong>Ulu Ay Ata<\/strong> ve <strong>Ulu Ay Ana<\/strong>\u2019dan bahseden bu kitab\u0131n Hz. \u00c2dem ve Hz. Havva\u2019y\u0131 anlatt\u0131\u011f\u0131 net olarak g\u00f6r\u00fclmektedir. (<em>Kitap hakk\u0131ndaki ayr\u0131nt\u0131l\u0131 bilgileri <a href=\"https:\/\/www.youtube.com\/watch?v=1QDkvRYRrSQ\">linkteki<\/a> videodan izleyebilirsiniz.<\/em>)<\/p>\n\n\n\n<p>Ulu Han Ata kitab\u0131nda anlat\u0131lanlara g\u00f6re; Kara Da\u011f isimli da\u011fdaki ma\u011faran\u0131n taban\u0131nda insan \u015fekline benzer bir oyuk (kal\u0131p) var. Bu oyu\u011fa ya\u011fmur sular\u0131n\u0131n ta\u015f\u0131d\u0131\u011f\u0131 \u00e7amur doluyor. Havalar \u0131s\u0131nmaya ba\u015flay\u0131p yerdeki \u00e7ukura (kal\u0131ba) dolan \u00e7amur kuruduktan sonra canlan\u0131yor ve T\u00fcrklerin ilk atas\u0131 ULU AY ATA ortaya \u00e7\u0131k\u0131yor. Sonraki zamanlarda yine ayn\u0131 olaylar oluyor ve bu defa da ayn\u0131 kal\u0131ptan (oyuktan) T\u00fcrklerin ilk anas\u0131 ULU AY ANA olu\u015fuyor.<\/p>\n\n\n\n<p><strong>UMAY ANA, \u201cUlu Ay Ana\u201d MI?<\/strong><\/p>\n\n\n\n<p>Ulu Han Ata biti\u011finde (kitab\u0131nda) bahsi ge\u00e7en Ulu Ay Ana ismi, T\u00fcrk mitolojisindeki \u201cUmay Ana\u201dy\u0131 \u00e7a\u011fr\u0131\u015ft\u0131r\u0131yor ve \u015fu soru akl\u0131m\u0131za geliyor: Ulu Ay Ana ismi zamanla \u201cU-m-ay-ana\u201dya d\u00f6n\u00fc\u015fm\u00fc\u015f olabilir mi?<\/p>\n\n\n\n<p>Dil bilim konusunda yeterli alt yap\u0131ya sahip de\u011filim ama y\u00f6resel dilimizde baz\u0131 isim ve deyimleri kolay s\u00f6ylemek istedi\u011fimizde k\u0131saltmalar yapt\u0131\u011f\u0131m\u0131z\u0131 biliyorum. <strong>Umayana<\/strong> ismi de s\u00f6ylem kolayl\u0131\u011f\u0131 olu\u015fmas\u0131 a\u00e7\u0131s\u0131ndan; ULU kelimesi \u201cU\u201d, aradaki \u201cm\u201d harfi ba\u011fla\u00e7 olarak kullan\u0131l\u0131p \u201cana\u201d kelimesiyle birle\u015ftirilmi\u015f ve ULU AY ANA \u015feklinden UMAYANA \u015fekline d\u00f6n\u00fc\u015fm\u00fc\u015f olabilir diye d\u00fc\u015f\u00fcn\u00fcyorum.<\/p>\n\n\n\n<p>Umay Ana ve Ulu Ay Ana aras\u0131ndaki isim benzerli\u011fi haricinde, her iki karakterin \u00f6zelliklerinde de benzerliklere rastl\u0131yoruz.<\/p>\n\n\n\n<p>\u201cYollar Delisi\u201d ad\u0131yla tan\u0131d\u0131\u011f\u0131m\u0131z belgesel yap\u0131mc\u0131s\u0131 gezginimiz Mehmet G\u00fcltekin, Altaylar b\u00f6lgesinde yapt\u0131\u011f\u0131 ara\u015ft\u0131rmalarda Umay Ana kutsal alan\u0131nda, insan \u015feklinde bir kaya oyu\u011funa ya\u011fmur sular\u0131yla \u00e7amur doldu\u011funu ve \u00e7ocu\u011fu olmayan kad\u0131nlar\u0131n buraya gelerek \u00e7amur dolan insan kal\u0131b\u0131n\u0131n i\u00e7erisine oturup \u00e7ocuklar\u0131n\u0131n olmas\u0131n\u0131 dilediklerini s\u00f6yl\u00fcyor.<\/p>\n\n\n<div class=\"wp-block-image\">\n<figure class=\"aligncenter size-full\"><img loading=\"lazy\" decoding=\"async\" width=\"544\" height=\"306\" src=\"https:\/\/epochtimestr.com\/wp-content\/uploads\/2011y\/image-393.png\" alt=\"\" class=\"wp-image-167446\" srcset=\"https:\/\/epochtimestr.com\/wp-content\/uploads\/2011y\/image-393.png 544w, https:\/\/epochtimestr.com\/wp-content\/uploads\/2011y\/image-393-300x169.png 300w, https:\/\/epochtimestr.com\/wp-content\/uploads\/2011y\/image-393-150x84.png 150w\" sizes=\"(max-width: 544px) 100vw, 544px\" \/><\/figure><\/div>\n\n\n<p>Mehmet G\u00fcltekin\u2019in g\u00f6r\u00fcnt\u00fcledi\u011fi Umay Ana kutsal alan\u0131ndaki insan \u015feklindeki oyukta, ba\u015f, g\u00f6vde ve ayaklar g\u00f6r\u00fclmekte\u2026 (<em>\u0130nsan kal\u0131b\u0131 \u015feklindeki kaya oyu\u011fu hakk\u0131ndaki ayr\u0131nt\u0131l\u0131 bilgileri <a href=\"https:\/\/www.youtube.com\/watch?v=RX6WXx371G8\">linkteki<\/a> videodan izleyebilirsiniz. Foto\u011fraftaki g\u00f6r\u00fcnt\u00fc, videonun sonlar\u0131na do\u011fru olan b\u00f6l\u00fcmde yer almaktad\u0131r.<\/em>)<\/p>\n\n\n\n<p>Umay Ana ve Ulu Ay Ana karakterleri ile ili\u015fkilendirilen insan \u015feklindeki kaya oyu\u011fu (kal\u0131b\u0131) efsanesi, bu iki karakterin ayn\u0131 ki\u015fi (yani Hz. Havva) olabilece\u011fi konusunda ipu\u00e7lar\u0131 veriyor gibi\u2026<\/p>\n","protected":false},"excerpt":{"rendered":"<p>K\u00fct\u00fcphanelerimizdeki el yazmalar\u0131n\u0131 ara\u015ft\u0131ran Prof. Dr. Necati Demir, T\u00fcrklerin bilinen ilk kitab\u0131 olan \u201cULU HAN ATA B\u0130T\u0130\u011e\u0130\u201dni tarihimize kazand\u0131rd\u0131. MS. 580 y\u0131l\u0131nda T\u00fcrk\u00e7eden Fars\u00e7aya \u00e7evrilmi\u015f oldu\u011fu tespit edilen bu kitap, T\u00fcrk tarihinin \u201cOrhun Yaz\u0131tlar\u0131\u201dyla MS. 700\u2019lerde ba\u015flamad\u0131\u011f\u0131n\u0131, MS. 580 y\u0131l\u0131ndan \u00e7ok \u00f6nce T\u00fcrklerin kitap yazd\u0131\u011f\u0131n\u0131 ortaya koyuyor. T\u00fcrklerin ilk atas\u0131 Ulu Ay Ata ve Ulu [&hellip;]<\/p>\n","protected":false},"author":14003,"featured_media":161908,"comment_status":"open","ping_status":"open","sticky":false,"template":"","format":"standard","meta":{"_yoast_wpseo_focuskw":"ULU HAN ATA","_yoast_wpseo_title":"","_yoast_wpseo_metadesc":"K\u00fct\u00fcphanelerdeki el yazmalar\u0131n\u0131 ara\u015ft\u0131ran Prof. Dr. Necati Demir, T\u00fcrklerin bilinen ilk kitab\u0131 \u201cULU HAN ATA B\u0130T\u0130\u011e\u0130\u201dni tarihimize kazand\u0131rd\u0131.","_bbp_topic_count":0,"_bbp_reply_count":0,"_bbp_total_topic_count":0,"_bbp_total_reply_count":0,"_bbp_voice_count":0,"_bbp_anonymous_reply_count":0,"_bbp_topic_count_hidden":0,"_bbp_reply_count_hidden":0,"_bbp_forum_subforum_count":0,"footnotes":"","_yoast_wpseo_focuskw_text_input":""},"categories":[9371],"tags":[],"yoast_head":"<!-- This site is optimized with the Yoast SEO plugin v23.0 - https:\/\/yoast.com\/wordpress\/plugins\/seo\/ -->\n<title>T\u00fcrk Mitolojisindeki Umay Ana (Ulu Ay Ana) Hz. Havva m\u0131? - The Epoch Times TR<\/title>\n<meta name=\"description\" content=\"K\u00fct\u00fcphanelerdeki el yazmalar\u0131n\u0131 ara\u015ft\u0131ran Prof. Dr. Necati Demir, T\u00fcrklerin bilinen ilk kitab\u0131 \u201cULU HAN ATA B\u0130T\u0130\u011e\u0130\u201dni tarihimize kazand\u0131rd\u0131.\" \/>\n<meta name=\"robots\" content=\"index, follow, max-snippet:-1, max-image-preview:large, max-video-preview:-1\" \/>\n<link rel=\"canonical\" href=\"https:\/\/epochtimestr.com\/index.php\/turk-mitolojisindeki-umay-ana-ulu-ay-ana-hz-havva-mi\" \/>\n<meta property=\"og:locale\" content=\"tr_TR\" \/>\n<meta property=\"og:type\" content=\"article\" \/>\n<meta property=\"og:title\" content=\"T\u00fcrk Mitolojisindeki Umay Ana (Ulu Ay Ana) Hz. Havva m\u0131? - The Epoch Times TR\" \/>\n<meta property=\"og:description\" content=\"K\u00fct\u00fcphanelerdeki el yazmalar\u0131n\u0131 ara\u015ft\u0131ran Prof. Dr. Necati Demir, T\u00fcrklerin bilinen ilk kitab\u0131 \u201cULU HAN ATA B\u0130T\u0130\u011e\u0130\u201dni tarihimize kazand\u0131rd\u0131.\" \/>\n<meta property=\"og:url\" content=\"https:\/\/epochtimestr.com\/index.php\/turk-mitolojisindeki-umay-ana-ulu-ay-ana-hz-havva-mi\" \/>\n<meta property=\"og:site_name\" content=\"The Epoch Times TR\" \/>\n<meta property=\"article:publisher\" content=\"https:\/\/www.facebook.com\/theepochtimestr\" \/>\n<meta property=\"article:published_time\" content=\"2026-05-23T05:00:00+00:00\" \/>\n<meta property=\"article:modified_time\" content=\"2026-05-23T05:36:55+00:00\" \/>\n<meta property=\"og:image\" content=\"https:\/\/epochtimestr.com\/wp-content\/uploads\/2011y\/Veli-Metin-Turkoglu-SM-1.png\" \/>\n\t<meta property=\"og:image:width\" content=\"1200\" \/>\n\t<meta property=\"og:image:height\" content=\"630\" \/>\n\t<meta property=\"og:image:type\" content=\"image\/png\" \/>\n<meta name=\"author\" content=\"Veli Metin T\u00fcrko\u011flu\" \/>\n<meta name=\"twitter:card\" content=\"summary_large_image\" \/>\n<meta name=\"twitter:creator\" content=\"@TheEpochTimesTR\" \/>\n<meta name=\"twitter:site\" content=\"@TheEpochTimesTR\" \/>\n<meta name=\"twitter:label1\" content=\"Yazan:\" \/>\n\t<meta name=\"twitter:data1\" content=\"Veli Metin T\u00fcrko\u011flu\" \/>\n\t<meta name=\"twitter:label2\" content=\"Tahmini okuma s\u00fcresi\" \/>\n\t<meta name=\"twitter:data2\" content=\"3 dakika\" \/>\n<script type=\"application\/ld+json\" class=\"yoast-schema-graph\">{\"@context\":\"https:\/\/schema.org\",\"@graph\":[{\"@type\":\"Article\",\"@id\":\"https:\/\/epochtimestr.com\/index.php\/turk-mitolojisindeki-umay-ana-ulu-ay-ana-hz-havva-mi#article\",\"isPartOf\":{\"@id\":\"https:\/\/epochtimestr.com\/index.php\/turk-mitolojisindeki-umay-ana-ulu-ay-ana-hz-havva-mi\"},\"author\":{\"name\":\"Veli Metin T\u00fcrko\u011flu\",\"@id\":\"https:\/\/epochtimestr.com\/#\/schema\/person\/74a9e968fef78a1984723e785d6e0f4c\"},\"headline\":\"T\u00fcrk Mitolojisindeki Umay Ana (Ulu Ay Ana) Hz. Havva m\u0131?\",\"datePublished\":\"2026-05-23T05:00:00+00:00\",\"dateModified\":\"2026-05-23T05:36:55+00:00\",\"mainEntityOfPage\":{\"@id\":\"https:\/\/epochtimestr.com\/index.php\/turk-mitolojisindeki-umay-ana-ulu-ay-ana-hz-havva-mi\"},\"wordCount\":509,\"commentCount\":0,\"publisher\":{\"@id\":\"https:\/\/epochtimestr.com\/#organization\"},\"image\":{\"@id\":\"https:\/\/epochtimestr.com\/index.php\/turk-mitolojisindeki-umay-ana-ulu-ay-ana-hz-havva-mi#primaryimage\"},\"thumbnailUrl\":\"https:\/\/epochtimestr.com\/wp-content\/uploads\/2011y\/Veli-Metin-Turkoglu-Profil-1.png\",\"articleSection\":[\"K\u00f6\u015fe Yaz\u0131lar\u0131 Veli Metin T\u00fcrko\u011flu\"],\"inLanguage\":\"tr\",\"potentialAction\":[{\"@type\":\"CommentAction\",\"name\":\"Comment\",\"target\":[\"https:\/\/epochtimestr.com\/index.php\/turk-mitolojisindeki-umay-ana-ulu-ay-ana-hz-havva-mi#respond\"]}]},{\"@type\":\"WebPage\",\"@id\":\"https:\/\/epochtimestr.com\/index.php\/turk-mitolojisindeki-umay-ana-ulu-ay-ana-hz-havva-mi\",\"url\":\"https:\/\/epochtimestr.com\/index.php\/turk-mitolojisindeki-umay-ana-ulu-ay-ana-hz-havva-mi\",\"name\":\"T\u00fcrk Mitolojisindeki Umay Ana (Ulu Ay Ana) Hz. Havva m\u0131? - The Epoch Times TR\",\"isPartOf\":{\"@id\":\"https:\/\/epochtimestr.com\/#website\"},\"primaryImageOfPage\":{\"@id\":\"https:\/\/epochtimestr.com\/index.php\/turk-mitolojisindeki-umay-ana-ulu-ay-ana-hz-havva-mi#primaryimage\"},\"image\":{\"@id\":\"https:\/\/epochtimestr.com\/index.php\/turk-mitolojisindeki-umay-ana-ulu-ay-ana-hz-havva-mi#primaryimage\"},\"thumbnailUrl\":\"https:\/\/epochtimestr.com\/wp-content\/uploads\/2011y\/Veli-Metin-Turkoglu-Profil-1.png\",\"datePublished\":\"2026-05-23T05:00:00+00:00\",\"dateModified\":\"2026-05-23T05:36:55+00:00\",\"description\":\"K\u00fct\u00fcphanelerdeki el yazmalar\u0131n\u0131 ara\u015ft\u0131ran Prof. Dr. Necati Demir, T\u00fcrklerin bilinen ilk kitab\u0131 \u201cULU HAN ATA B\u0130T\u0130\u011e\u0130\u201dni tarihimize kazand\u0131rd\u0131.\",\"inLanguage\":\"tr\",\"potentialAction\":[{\"@type\":\"ReadAction\",\"target\":[\"https:\/\/epochtimestr.com\/index.php\/turk-mitolojisindeki-umay-ana-ulu-ay-ana-hz-havva-mi\"]}]},{\"@type\":\"ImageObject\",\"inLanguage\":\"tr\",\"@id\":\"https:\/\/epochtimestr.com\/index.php\/turk-mitolojisindeki-umay-ana-ulu-ay-ana-hz-havva-mi#primaryimage\",\"url\":\"https:\/\/epochtimestr.com\/wp-content\/uploads\/2011y\/Veli-Metin-Turkoglu-Profil-1.png\",\"contentUrl\":\"https:\/\/epochtimestr.com\/wp-content\/uploads\/2011y\/Veli-Metin-Turkoglu-Profil-1.png\",\"width\":600,\"height\":600},{\"@type\":\"WebSite\",\"@id\":\"https:\/\/epochtimestr.com\/#website\",\"url\":\"https:\/\/epochtimestr.com\/\",\"name\":\"The Epoch Times TR\",\"description\":\"De\u011fi\u015fen D\u00fcnyam\u0131za Taze Bir Bak\u0131\u015f\",\"publisher\":{\"@id\":\"https:\/\/epochtimestr.com\/#organization\"},\"potentialAction\":[{\"@type\":\"SearchAction\",\"target\":{\"@type\":\"EntryPoint\",\"urlTemplate\":\"https:\/\/epochtimestr.com\/?s={search_term_string}\"},\"query-input\":\"required name=search_term_string\"}],\"inLanguage\":\"tr\"},{\"@type\":\"Organization\",\"@id\":\"https:\/\/epochtimestr.com\/#organization\",\"name\":\"The EpochTimes T\u00fcrkiye\",\"url\":\"https:\/\/epochtimestr.com\/\",\"logo\":{\"@type\":\"ImageObject\",\"inLanguage\":\"tr\",\"@id\":\"https:\/\/epochtimestr.com\/#\/schema\/logo\/image\/\",\"url\":\"https:\/\/epochtimestr.com\/wp-content\/uploads\/2011y\/ET-Logo-YG.jpg\",\"contentUrl\":\"https:\/\/epochtimestr.com\/wp-content\/uploads\/2011y\/ET-Logo-YG.jpg\",\"width\":346,\"height\":29,\"caption\":\"The EpochTimes T\u00fcrkiye\"},\"image\":{\"@id\":\"https:\/\/epochtimestr.com\/#\/schema\/logo\/image\/\"},\"sameAs\":[\"https:\/\/www.facebook.com\/theepochtimestr\",\"https:\/\/x.com\/TheEpochTimesTR\",\"https:\/\/www.instagram.com\/epochtimestr\"]},{\"@type\":\"Person\",\"@id\":\"https:\/\/epochtimestr.com\/#\/schema\/person\/74a9e968fef78a1984723e785d6e0f4c\",\"name\":\"Veli Metin T\u00fcrko\u011flu\",\"image\":{\"@type\":\"ImageObject\",\"inLanguage\":\"tr\",\"@id\":\"https:\/\/epochtimestr.com\/#\/schema\/person\/image\/\",\"url\":\"https:\/\/secure.gravatar.com\/avatar\/0781fb6bea7d39f55694f0304dda00df?s=96&d=mm&r=g\",\"contentUrl\":\"https:\/\/secure.gravatar.com\/avatar\/0781fb6bea7d39f55694f0304dda00df?s=96&d=mm&r=g\",\"caption\":\"Veli Metin T\u00fcrko\u011flu\"},\"url\":\"https:\/\/epochtimestr.com\/index.php\/author\/metin\"}]}<\/script>\n<!-- \/ Yoast SEO plugin. -->","yoast_head_json":{"title":"T\u00fcrk Mitolojisindeki Umay Ana (Ulu Ay Ana) Hz. Havva m\u0131? - The Epoch Times TR","description":"K\u00fct\u00fcphanelerdeki el yazmalar\u0131n\u0131 ara\u015ft\u0131ran Prof. Dr. Necati Demir, T\u00fcrklerin bilinen ilk kitab\u0131 \u201cULU HAN ATA B\u0130T\u0130\u011e\u0130\u201dni tarihimize kazand\u0131rd\u0131.","robots":{"index":"index","follow":"follow","max-snippet":"max-snippet:-1","max-image-preview":"max-image-preview:large","max-video-preview":"max-video-preview:-1"},"canonical":"https:\/\/epochtimestr.com\/index.php\/turk-mitolojisindeki-umay-ana-ulu-ay-ana-hz-havva-mi","og_locale":"tr_TR","og_type":"article","og_title":"T\u00fcrk Mitolojisindeki Umay Ana (Ulu Ay Ana) Hz. Havva m\u0131? - The Epoch Times TR","og_description":"K\u00fct\u00fcphanelerdeki el yazmalar\u0131n\u0131 ara\u015ft\u0131ran Prof. Dr. Necati Demir, T\u00fcrklerin bilinen ilk kitab\u0131 \u201cULU HAN ATA B\u0130T\u0130\u011e\u0130\u201dni tarihimize kazand\u0131rd\u0131.","og_url":"https:\/\/epochtimestr.com\/index.php\/turk-mitolojisindeki-umay-ana-ulu-ay-ana-hz-havva-mi","og_site_name":"The Epoch Times TR","article_publisher":"https:\/\/www.facebook.com\/theepochtimestr","article_published_time":"2026-05-23T05:00:00+00:00","article_modified_time":"2026-05-23T05:36:55+00:00","og_image":[{"width":1200,"height":630,"url":"https:\/\/epochtimestr.com\/wp-content\/uploads\/2011y\/Veli-Metin-Turkoglu-SM-1.png","type":"image\/png"}],"author":"Veli Metin T\u00fcrko\u011flu","twitter_card":"summary_large_image","twitter_creator":"@TheEpochTimesTR","twitter_site":"@TheEpochTimesTR","twitter_misc":{"Yazan:":"Veli Metin T\u00fcrko\u011flu","Tahmini okuma s\u00fcresi":"3 dakika"},"schema":{"@context":"https:\/\/schema.org","@graph":[{"@type":"Article","@id":"https:\/\/epochtimestr.com\/index.php\/turk-mitolojisindeki-umay-ana-ulu-ay-ana-hz-havva-mi#article","isPartOf":{"@id":"https:\/\/epochtimestr.com\/index.php\/turk-mitolojisindeki-umay-ana-ulu-ay-ana-hz-havva-mi"},"author":{"name":"Veli Metin T\u00fcrko\u011flu","@id":"https:\/\/epochtimestr.com\/#\/schema\/person\/74a9e968fef78a1984723e785d6e0f4c"},"headline":"T\u00fcrk Mitolojisindeki Umay Ana (Ulu Ay Ana) Hz. Havva m\u0131?","datePublished":"2026-05-23T05:00:00+00:00","dateModified":"2026-05-23T05:36:55+00:00","mainEntityOfPage":{"@id":"https:\/\/epochtimestr.com\/index.php\/turk-mitolojisindeki-umay-ana-ulu-ay-ana-hz-havva-mi"},"wordCount":509,"commentCount":0,"publisher":{"@id":"https:\/\/epochtimestr.com\/#organization"},"image":{"@id":"https:\/\/epochtimestr.com\/index.php\/turk-mitolojisindeki-umay-ana-ulu-ay-ana-hz-havva-mi#primaryimage"},"thumbnailUrl":"https:\/\/epochtimestr.com\/wp-content\/uploads\/2011y\/Veli-Metin-Turkoglu-Profil-1.png","articleSection":["K\u00f6\u015fe Yaz\u0131lar\u0131 Veli Metin T\u00fcrko\u011flu"],"inLanguage":"tr","potentialAction":[{"@type":"CommentAction","name":"Comment","target":["https:\/\/epochtimestr.com\/index.php\/turk-mitolojisindeki-umay-ana-ulu-ay-ana-hz-havva-mi#respond"]}]},{"@type":"WebPage","@id":"https:\/\/epochtimestr.com\/index.php\/turk-mitolojisindeki-umay-ana-ulu-ay-ana-hz-havva-mi","url":"https:\/\/epochtimestr.com\/index.php\/turk-mitolojisindeki-umay-ana-ulu-ay-ana-hz-havva-mi","name":"T\u00fcrk Mitolojisindeki Umay Ana (Ulu Ay Ana) Hz. Havva m\u0131? - The Epoch Times TR","isPartOf":{"@id":"https:\/\/epochtimestr.com\/#website"},"primaryImageOfPage":{"@id":"https:\/\/epochtimestr.com\/index.php\/turk-mitolojisindeki-umay-ana-ulu-ay-ana-hz-havva-mi#primaryimage"},"image":{"@id":"https:\/\/epochtimestr.com\/index.php\/turk-mitolojisindeki-umay-ana-ulu-ay-ana-hz-havva-mi#primaryimage"},"thumbnailUrl":"https:\/\/epochtimestr.com\/wp-content\/uploads\/2011y\/Veli-Metin-Turkoglu-Profil-1.png","datePublished":"2026-05-23T05:00:00+00:00","dateModified":"2026-05-23T05:36:55+00:00","description":"K\u00fct\u00fcphanelerdeki el yazmalar\u0131n\u0131 ara\u015ft\u0131ran Prof. Dr. Necati Demir, T\u00fcrklerin bilinen ilk kitab\u0131 \u201cULU HAN ATA B\u0130T\u0130\u011e\u0130\u201dni tarihimize kazand\u0131rd\u0131.","inLanguage":"tr","potentialAction":[{"@type":"ReadAction","target":["https:\/\/epochtimestr.com\/index.php\/turk-mitolojisindeki-umay-ana-ulu-ay-ana-hz-havva-mi"]}]},{"@type":"ImageObject","inLanguage":"tr","@id":"https:\/\/epochtimestr.com\/index.php\/turk-mitolojisindeki-umay-ana-ulu-ay-ana-hz-havva-mi#primaryimage","url":"https:\/\/epochtimestr.com\/wp-content\/uploads\/2011y\/Veli-Metin-Turkoglu-Profil-1.png","contentUrl":"https:\/\/epochtimestr.com\/wp-content\/uploads\/2011y\/Veli-Metin-Turkoglu-Profil-1.png","width":600,"height":600},{"@type":"WebSite","@id":"https:\/\/epochtimestr.com\/#website","url":"https:\/\/epochtimestr.com\/","name":"The Epoch Times TR","description":"De\u011fi\u015fen D\u00fcnyam\u0131za Taze Bir Bak\u0131\u015f","publisher":{"@id":"https:\/\/epochtimestr.com\/#organization"},"potentialAction":[{"@type":"SearchAction","target":{"@type":"EntryPoint","urlTemplate":"https:\/\/epochtimestr.com\/?s={search_term_string}"},"query-input":"required name=search_term_string"}],"inLanguage":"tr"},{"@type":"Organization","@id":"https:\/\/epochtimestr.com\/#organization","name":"The EpochTimes T\u00fcrkiye","url":"https:\/\/epochtimestr.com\/","logo":{"@type":"ImageObject","inLanguage":"tr","@id":"https:\/\/epochtimestr.com\/#\/schema\/logo\/image\/","url":"https:\/\/epochtimestr.com\/wp-content\/uploads\/2011y\/ET-Logo-YG.jpg","contentUrl":"https:\/\/epochtimestr.com\/wp-content\/uploads\/2011y\/ET-Logo-YG.jpg","width":346,"height":29,"caption":"The EpochTimes T\u00fcrkiye"},"image":{"@id":"https:\/\/epochtimestr.com\/#\/schema\/logo\/image\/"},"sameAs":["https:\/\/www.facebook.com\/theepochtimestr","https:\/\/x.com\/TheEpochTimesTR","https:\/\/www.instagram.com\/epochtimestr"]},{"@type":"Person","@id":"https:\/\/epochtimestr.com\/#\/schema\/person\/74a9e968fef78a1984723e785d6e0f4c","name":"Veli Metin T\u00fcrko\u011flu","image":{"@type":"ImageObject","inLanguage":"tr","@id":"https:\/\/epochtimestr.com\/#\/schema\/person\/image\/","url":"https:\/\/secure.gravatar.com\/avatar\/0781fb6bea7d39f55694f0304dda00df?s=96&d=mm&r=g","contentUrl":"https:\/\/secure.gravatar.com\/avatar\/0781fb6bea7d39f55694f0304dda00df?s=96&d=mm&r=g","caption":"Veli Metin T\u00fcrko\u011flu"},"url":"https:\/\/epochtimestr.com\/index.php\/author\/metin"}]}},"_links":{"self":[{"href":"https:\/\/epochtimestr.com\/index.php\/wp-json\/wp\/v2\/posts\/167444"}],"collection":[{"href":"https:\/\/epochtimestr.com\/index.php\/wp-json\/wp\/v2\/posts"}],"about":[{"href":"https:\/\/epochtimestr.com\/index.php\/wp-json\/wp\/v2\/types\/post"}],"author":[{"embeddable":true,"href":"https:\/\/epochtimestr.com\/index.php\/wp-json\/wp\/v2\/users\/14003"}],"replies":[{"embeddable":true,"href":"https:\/\/epochtimestr.com\/index.php\/wp-json\/wp\/v2\/comments?post=167444"}],"version-history":[{"count":2,"href":"https:\/\/epochtimestr.com\/index.php\/wp-json\/wp\/v2\/posts\/167444\/revisions"}],"predecessor-version":[{"id":167452,"href":"https:\/\/epochtimestr.com\/index.php\/wp-json\/wp\/v2\/posts\/167444\/revisions\/167452"}],"wp:featuredmedia":[{"embeddable":true,"href":"https:\/\/epochtimestr.com\/index.php\/wp-json\/wp\/v2\/media\/161908"}],"wp:attachment":[{"href":"https:\/\/epochtimestr.com\/index.php\/wp-json\/wp\/v2\/media?parent=167444"}],"wp:term":[{"taxonomy":"category","embeddable":true,"href":"https:\/\/epochtimestr.com\/index.php\/wp-json\/wp\/v2\/categories?post=167444"},{"taxonomy":"post_tag","embeddable":true,"href":"https:\/\/epochtimestr.com\/index.php\/wp-json\/wp\/v2\/tags?post=167444"}],"curies":[{"name":"wp","href":"https:\/\/api.w.org\/{rel}","templated":true}]}}