{"id":167454,"date":"2026-05-23T12:11:26","date_gmt":"2026-05-23T09:11:26","guid":{"rendered":"https:\/\/epochtimestr.com\/?p=167454"},"modified":"2026-05-23T12:11:33","modified_gmt":"2026-05-23T09:11:33","slug":"abd-gronlandin-baskenti-nuukta-yeni-konsolosluk-acti","status":"publish","type":"post","link":"https:\/\/epochtimestr.com\/index.php\/abd-gronlandin-baskenti-nuukta-yeni-konsolosluk-acti","title":{"rendered":"ABD Gr\u00f6nland\u2019\u0131n Ba\u015fkenti Nuuk\u2019ta Yeni Konsolosluk A\u00e7t\u0131"},"content":{"rendered":"<div class=\"wp-block-image\">\n<figure class=\"aligncenter size-full\"><img loading=\"lazy\" decoding=\"async\" width=\"1200\" height=\"800\" src=\"https:\/\/epochtimestr.com\/wp-content\/uploads\/2011y\/1000039181.webp\" alt=\"ABD, Gr\u00f6nland\u2019\u0131n ba\u015fkenti Nuuk\u2019ta yeni konsolosluk a\u00e7t\u0131. 05 \u015eubat 2026\u2019da \u00e7ekilen foto\u011frafta, Gr\u00f6nland\u2019\u0131n ba\u015fkenti Nuuk\u2019taki Imaneq b\u00f6lgesinde bulunan yeni ABD konsoloslu\u011fu g\u00f6r\u00fcl\u00fcyor. (Foto\u011fraf: Christian Klindt Soelbeck\/Ritzau Scanpix\/AFP\/epoch times arac\u0131yla)\" class=\"wp-image-167455\" srcset=\"https:\/\/epochtimestr.com\/wp-content\/uploads\/2011y\/1000039181.webp 1200w, https:\/\/epochtimestr.com\/wp-content\/uploads\/2011y\/1000039181-300x200.webp 300w, https:\/\/epochtimestr.com\/wp-content\/uploads\/2011y\/1000039181-150x100.webp 150w, https:\/\/epochtimestr.com\/wp-content\/uploads\/2011y\/1000039181-768x512.webp 768w\" sizes=\"(max-width: 1200px) 100vw, 1200px\" \/><figcaption class=\"wp-element-caption\">Gr\u00f6nland\u2019\u0131n ba\u015fkenti Nuuk\u2019taki Imaneq b\u00f6lgesinde, yeni ABD konsolosluk binas\u0131. 05 \u015eubat 2026. (Foto\u011fraf: Christian Klindt Soelbeck, Ritzau Scanpix, AFP, The Epoch Times arac\u0131l\u0131\u011f\u0131yla)<\/figcaption><\/figure><\/div>\n\n\n<p>ABD, 21 May\u0131s 2026\u2019da Gr\u00f6nland\u2019\u0131n ba\u015fkenti Nuuk\u2019ta, daha b\u00fcy\u00fck diplomatik merkez olarak hizmet verecek, yeni konsolosluk a\u00e7t\u0131. Ancak a\u00e7\u0131l\u0131\u015f t\u00f6reninde ABD\u2019nin b\u00f6lgedeki hedeflerine tepki g\u00f6steren  g\u00f6steriler ve protestolar dikkat \u00e7ekti. Baz\u0131 protestocular, \u201cGr\u00f6nland, Gr\u00f6nlandl\u0131lara aittir\u201d yaz\u0131l\u0131 pankartlar ta\u015f\u0131d\u0131. Bununla birlikte yerel y\u00f6neticiler a\u00e7\u0131l\u0131\u015fa kat\u0131lmad\u0131.<\/p>\n\n\n\n<p>\u00d6zellikle Gr\u00f6nland Ba\u015fbakan\u0131 <a href=\"https:\/\/www.theepochtimes.com\/world\/opening-of-expanded-us-diplomatic-hub-in-greenland-6036575\" target=\"_blank\" rel=\"noreferrer noopener\">Jens-Frederik Nielsen<\/a> daveti kabul etmeyerek, Sermitsiaq gazetesine kat\u0131lmayaca\u011f\u0131n\u0131 s\u00f6yledi. \u00d6te yandan bir\u00e7ok siyaset\u00e7i de t\u00f6rene mesafeli yakla\u015ft\u0131.<\/p>\n\n\n\n<p>ABD\u2019nin Danimarka B\u00fcy\u00fckel\u00e7isi Kenneth Howery a\u00e7\u0131l\u0131\u015fa kat\u0131larak ABD\u2019nin Gr\u00f6nland ile ili\u015fkileri geli\u015ftirmek istedi\u011fini s\u00f6yledi. Howery 1 May\u0131s\u2019ta X hesab\u0131ndan yapt\u0131\u011f\u0131 a\u00e7\u0131klamada ayr\u0131ca ekonomik ve bilimsel i\u015f birli\u011fini vurgulad\u0131. Bununla birlikte Trump y\u00f6netiminin Gr\u00f6nland a\u00e7\u0131klamalar\u0131 tart\u0131\u015fma yaratt\u0131.<\/p>\n\n\n\n<p>Beyaz Saray, Ocak 2025\u2019te Gr\u00f6nland se\u00e7eneklerini de\u011ferlendirdi\u011fini duyurmu\u015ftu. <a href=\"https:\/\/epochtimestr.com\/index.php\/macron-trumpin-gronland-talebini-sorguladi\" target=\"_blank\" rel=\"noreferrer noopener\">Trump<\/a>, ba\u015flang\u0131\u00e7ta askeri se\u00e7ene\u011fi d\u0131\u015flamad\u0131, ancak daha sonra askeri g\u00fc\u00e7 kullan\u0131lmayaca\u011f\u0131n\u0131 a\u00e7\u0131klad\u0131. Danimarka y\u00f6netimi ise Gr\u00f6nland\u2019\u0131n sat\u0131l\u0131k olmad\u0131\u011f\u0131n\u0131 bildirdi.<\/p>\n\n\n\n<p>Trump\u2019\u0131n Gr\u00f6nland \u00f6zel temsilcisi Jeff Landry de Nuuk\u2019a geldi. Landry, ziyaret s\u0131ras\u0131nda Gr\u00f6nlandl\u0131larla g\u00f6r\u00fc\u015ferek b\u00f6lgedeki beklentileri dinlediklerini s\u00f6yledi. Naleraq Partisi lideri Pele Broberg, ABD ile temaslar\u0131n Danimarka olmadan y\u00fcr\u00fct\u00fclmesini istedi ve do\u011frudan g\u00f6r\u00fc\u015fme \u00e7a\u011fr\u0131s\u0131 yapt\u0131. <\/p>\n\n\n\n<p>Ocak 2025 anketi ba\u011f\u0131ms\u0131zl\u0131k deste\u011finin y\u00fczde 56 oldu\u011funu g\u00f6stermi\u015fti. Kat\u0131l\u0131mc\u0131lar\u0131n yaln\u0131zca y\u00fczde 6\u2019s\u0131 ABD\u2019ye kat\u0131lmay\u0131 destekledi. Buna kar\u015f\u0131n Washington y\u00f6netimi askeri varl\u0131\u011f\u0131n\u0131 art\u0131rmay\u0131 planl\u0131yor ve Pituffik Uzay \u00dcss\u00fc\u2019n\u00fc savunma sistemine dahil etmek istiyor.<\/p>\n\n\n\n<p><strong>Gr\u00f6nland Tart\u0131\u015fmalar\u0131 S\u00fcr\u00fcyor<\/strong><\/p>\n\n\n\n<p>Landry, ABD\u2019nin b\u00f6lgeyi uzun s\u00fcre ihmal etti\u011fini, ancak Trump\u2019\u0131n Gr\u00f6nland\u2019\u0131 yeniden g\u00fcndeme ta\u015f\u0131d\u0131\u011f\u0131n\u0131 s\u00f6yledi. Kujalleq Belediye Ba\u015fkan\u0131 Malene Vahl Rasmussen ise ABD a\u00e7\u0131klamalar\u0131n\u0131 kabul edilemez olarak de\u011ferlendirerek tepki g\u00f6sterdi. Son olarak Landry, Gr\u00f6nland\u2019\u0131n gelece\u011fine yaln\u0131zca halk\u0131n karar verece\u011fini s\u00f6yledi.<\/p>\n","protected":false},"excerpt":{"rendered":"<p>ABD, 21 May\u0131s 2026\u2019da Gr\u00f6nland\u2019\u0131n ba\u015fkenti Nuuk\u2019ta, daha b\u00fcy\u00fck diplomatik merkez olarak hizmet verecek, yeni konsolosluk a\u00e7t\u0131. Ancak a\u00e7\u0131l\u0131\u015f t\u00f6reninde ABD\u2019nin b\u00f6lgedeki hedeflerine tepki g\u00f6steren g\u00f6steriler ve protestolar dikkat \u00e7ekti. Baz\u0131 protestocular, \u201cGr\u00f6nland, Gr\u00f6nlandl\u0131lara aittir\u201d yaz\u0131l\u0131 pankartlar ta\u015f\u0131d\u0131. Bununla birlikte yerel y\u00f6neticiler a\u00e7\u0131l\u0131\u015fa kat\u0131lmad\u0131. \u00d6zellikle Gr\u00f6nland Ba\u015fbakan\u0131 Jens-Frederik Nielsen daveti kabul etmeyerek, Sermitsiaq gazetesine kat\u0131lmayaca\u011f\u0131n\u0131 [&hellip;]<\/p>\n","protected":false},"author":13996,"featured_media":167455,"comment_status":"open","ping_status":"open","sticky":false,"template":"","format":"standard","meta":{"_yoast_wpseo_focuskw":"ABD - konsolosluk","_yoast_wpseo_title":"","_yoast_wpseo_metadesc":"ABD, 21 May\u0131s 2026\u2019da Gr\u00f6nland\u2019\u0131n ba\u015fkenti Nuuk\u2019ta daha b\u00fcy\u00fck diplomatik merkez olarak hizmet verecek yeni konsolosluk a\u00e7t\u0131.","_bbp_topic_count":0,"_bbp_reply_count":0,"_bbp_total_topic_count":0,"_bbp_total_reply_count":0,"_bbp_voice_count":0,"_bbp_anonymous_reply_count":0,"_bbp_topic_count_hidden":0,"_bbp_reply_count_hidden":0,"_bbp_forum_subforum_count":0,"footnotes":"","_yoast_wpseo_focuskw_text_input":""},"categories":[5,1,8138],"tags":[407,1266,10218,10219,11439,11442,11443,5764],"yoast_head":"<!-- This site is optimized with the Yoast SEO plugin v23.0 - https:\/\/yoast.com\/wordpress\/plugins\/seo\/ -->\n<title>ABD Gr\u00f6nland\u2019\u0131n Ba\u015fkenti Nuuk\u2019ta Yeni Konsolosluk A\u00e7t\u0131 - The Epoch Times TR<\/title>\n<meta name=\"description\" content=\"ABD, 21 May\u0131s 2026\u2019da Gr\u00f6nland\u2019\u0131n ba\u015fkenti Nuuk\u2019ta daha b\u00fcy\u00fck diplomatik merkez olarak hizmet verecek yeni konsolosluk a\u00e7t\u0131.\" \/>\n<meta name=\"robots\" content=\"index, follow, max-snippet:-1, max-image-preview:large, max-video-preview:-1\" \/>\n<link rel=\"canonical\" href=\"https:\/\/epochtimestr.com\/index.php\/abd-gronlandin-baskenti-nuukta-yeni-konsolosluk-acti\" \/>\n<meta property=\"og:locale\" content=\"tr_TR\" \/>\n<meta property=\"og:type\" content=\"article\" \/>\n<meta property=\"og:title\" content=\"ABD Gr\u00f6nland\u2019\u0131n Ba\u015fkenti Nuuk\u2019ta Yeni Konsolosluk A\u00e7t\u0131 - The Epoch Times TR\" \/>\n<meta property=\"og:description\" content=\"ABD, 21 May\u0131s 2026\u2019da Gr\u00f6nland\u2019\u0131n ba\u015fkenti Nuuk\u2019ta daha b\u00fcy\u00fck diplomatik merkez olarak hizmet verecek yeni konsolosluk a\u00e7t\u0131.\" \/>\n<meta property=\"og:url\" content=\"https:\/\/epochtimestr.com\/index.php\/abd-gronlandin-baskenti-nuukta-yeni-konsolosluk-acti\" \/>\n<meta property=\"og:site_name\" content=\"The Epoch Times TR\" \/>\n<meta property=\"article:publisher\" content=\"https:\/\/www.facebook.com\/theepochtimestr\" \/>\n<meta property=\"article:published_time\" content=\"2026-05-23T09:11:26+00:00\" \/>\n<meta property=\"article:modified_time\" content=\"2026-05-23T09:11:33+00:00\" \/>\n<meta property=\"og:image\" content=\"https:\/\/epochtimestr.com\/wp-content\/uploads\/2011y\/1000039181.webp\" \/>\n\t<meta property=\"og:image:width\" content=\"1200\" \/>\n\t<meta property=\"og:image:height\" content=\"800\" \/>\n\t<meta property=\"og:image:type\" content=\"image\/webp\" \/>\n<meta name=\"author\" content=\"Leo Bajelan\" \/>\n<meta name=\"twitter:card\" content=\"summary_large_image\" \/>\n<meta name=\"twitter:creator\" content=\"@TheEpochTimesTR\" \/>\n<meta name=\"twitter:site\" content=\"@TheEpochTimesTR\" \/>\n<meta name=\"twitter:label1\" content=\"Yazan:\" \/>\n\t<meta name=\"twitter:data1\" content=\"Leo Bajelan\" \/>\n\t<meta name=\"twitter:label2\" content=\"Tahmini okuma s\u00fcresi\" \/>\n\t<meta name=\"twitter:data2\" content=\"2 dakika\" \/>\n<script type=\"application\/ld+json\" class=\"yoast-schema-graph\">{\"@context\":\"https:\/\/schema.org\",\"@graph\":[{\"@type\":\"Article\",\"@id\":\"https:\/\/epochtimestr.com\/index.php\/abd-gronlandin-baskenti-nuukta-yeni-konsolosluk-acti#article\",\"isPartOf\":{\"@id\":\"https:\/\/epochtimestr.com\/index.php\/abd-gronlandin-baskenti-nuukta-yeni-konsolosluk-acti\"},\"author\":{\"name\":\"Leo Bajelan\",\"@id\":\"https:\/\/epochtimestr.com\/#\/schema\/person\/5fef218711d76d8f232b0e1f1d7e4c0d\"},\"headline\":\"ABD Gr\u00f6nland\u2019\u0131n Ba\u015fkenti Nuuk\u2019ta Yeni Konsolosluk A\u00e7t\u0131\",\"datePublished\":\"2026-05-23T09:11:26+00:00\",\"dateModified\":\"2026-05-23T09:11:33+00:00\",\"mainEntityOfPage\":{\"@id\":\"https:\/\/epochtimestr.com\/index.php\/abd-gronlandin-baskenti-nuukta-yeni-konsolosluk-acti\"},\"wordCount\":416,\"commentCount\":0,\"publisher\":{\"@id\":\"https:\/\/epochtimestr.com\/#organization\"},\"image\":{\"@id\":\"https:\/\/epochtimestr.com\/index.php\/abd-gronlandin-baskenti-nuukta-yeni-konsolosluk-acti#primaryimage\"},\"thumbnailUrl\":\"https:\/\/epochtimestr.com\/wp-content\/uploads\/2011y\/1000039181.webp\",\"keywords\":[\"ABD\",\"Gr\u00f6nland\",\"Jeff Landry\",\"Jens-Frederik Nielsen\",\"Kenneth Howery\",\"konsolosluk\",\"Pele Broberg\",\"Trump\"],\"articleSection\":[\"D\u00dcNYA\",\"G\u00dcNDEM\",\"MAN\u015eET\"],\"inLanguage\":\"tr\",\"potentialAction\":[{\"@type\":\"CommentAction\",\"name\":\"Comment\",\"target\":[\"https:\/\/epochtimestr.com\/index.php\/abd-gronlandin-baskenti-nuukta-yeni-konsolosluk-acti#respond\"]}]},{\"@type\":\"WebPage\",\"@id\":\"https:\/\/epochtimestr.com\/index.php\/abd-gronlandin-baskenti-nuukta-yeni-konsolosluk-acti\",\"url\":\"https:\/\/epochtimestr.com\/index.php\/abd-gronlandin-baskenti-nuukta-yeni-konsolosluk-acti\",\"name\":\"ABD Gr\u00f6nland\u2019\u0131n Ba\u015fkenti Nuuk\u2019ta Yeni Konsolosluk A\u00e7t\u0131 - The Epoch Times TR\",\"isPartOf\":{\"@id\":\"https:\/\/epochtimestr.com\/#website\"},\"primaryImageOfPage\":{\"@id\":\"https:\/\/epochtimestr.com\/index.php\/abd-gronlandin-baskenti-nuukta-yeni-konsolosluk-acti#primaryimage\"},\"image\":{\"@id\":\"https:\/\/epochtimestr.com\/index.php\/abd-gronlandin-baskenti-nuukta-yeni-konsolosluk-acti#primaryimage\"},\"thumbnailUrl\":\"https:\/\/epochtimestr.com\/wp-content\/uploads\/2011y\/1000039181.webp\",\"datePublished\":\"2026-05-23T09:11:26+00:00\",\"dateModified\":\"2026-05-23T09:11:33+00:00\",\"description\":\"ABD, 21 May\u0131s 2026\u2019da Gr\u00f6nland\u2019\u0131n ba\u015fkenti Nuuk\u2019ta daha b\u00fcy\u00fck diplomatik merkez olarak hizmet verecek yeni konsolosluk a\u00e7t\u0131.\",\"inLanguage\":\"tr\",\"potentialAction\":[{\"@type\":\"ReadAction\",\"target\":[\"https:\/\/epochtimestr.com\/index.php\/abd-gronlandin-baskenti-nuukta-yeni-konsolosluk-acti\"]}]},{\"@type\":\"ImageObject\",\"inLanguage\":\"tr\",\"@id\":\"https:\/\/epochtimestr.com\/index.php\/abd-gronlandin-baskenti-nuukta-yeni-konsolosluk-acti#primaryimage\",\"url\":\"https:\/\/epochtimestr.com\/wp-content\/uploads\/2011y\/1000039181.webp\",\"contentUrl\":\"https:\/\/epochtimestr.com\/wp-content\/uploads\/2011y\/1000039181.webp\",\"width\":1200,\"height\":800},{\"@type\":\"WebSite\",\"@id\":\"https:\/\/epochtimestr.com\/#website\",\"url\":\"https:\/\/epochtimestr.com\/\",\"name\":\"The Epoch Times TR\",\"description\":\"De\u011fi\u015fen D\u00fcnyam\u0131za Taze Bir Bak\u0131\u015f\",\"publisher\":{\"@id\":\"https:\/\/epochtimestr.com\/#organization\"},\"potentialAction\":[{\"@type\":\"SearchAction\",\"target\":{\"@type\":\"EntryPoint\",\"urlTemplate\":\"https:\/\/epochtimestr.com\/?s={search_term_string}\"},\"query-input\":\"required name=search_term_string\"}],\"inLanguage\":\"tr\"},{\"@type\":\"Organization\",\"@id\":\"https:\/\/epochtimestr.com\/#organization\",\"name\":\"The EpochTimes T\u00fcrkiye\",\"url\":\"https:\/\/epochtimestr.com\/\",\"logo\":{\"@type\":\"ImageObject\",\"inLanguage\":\"tr\",\"@id\":\"https:\/\/epochtimestr.com\/#\/schema\/logo\/image\/\",\"url\":\"https:\/\/epochtimestr.com\/wp-content\/uploads\/2011y\/ET-Logo-YG.jpg\",\"contentUrl\":\"https:\/\/epochtimestr.com\/wp-content\/uploads\/2011y\/ET-Logo-YG.jpg\",\"width\":346,\"height\":29,\"caption\":\"The EpochTimes T\u00fcrkiye\"},\"image\":{\"@id\":\"https:\/\/epochtimestr.com\/#\/schema\/logo\/image\/\"},\"sameAs\":[\"https:\/\/www.facebook.com\/theepochtimestr\",\"https:\/\/x.com\/TheEpochTimesTR\",\"https:\/\/www.instagram.com\/epochtimestr\"]},{\"@type\":\"Person\",\"@id\":\"https:\/\/epochtimestr.com\/#\/schema\/person\/5fef218711d76d8f232b0e1f1d7e4c0d\",\"name\":\"Leo Bajelan\",\"image\":{\"@type\":\"ImageObject\",\"inLanguage\":\"tr\",\"@id\":\"https:\/\/epochtimestr.com\/#\/schema\/person\/image\/\",\"url\":\"https:\/\/secure.gravatar.com\/avatar\/917669146f489549e548a2e9af272df5?s=96&d=mm&r=g\",\"contentUrl\":\"https:\/\/secure.gravatar.com\/avatar\/917669146f489549e548a2e9af272df5?s=96&d=mm&r=g\",\"caption\":\"Leo Bajelan\"},\"url\":\"https:\/\/epochtimestr.com\/index.php\/author\/leo\"}]}<\/script>\n<!-- \/ Yoast SEO plugin. -->","yoast_head_json":{"title":"ABD Gr\u00f6nland\u2019\u0131n Ba\u015fkenti Nuuk\u2019ta Yeni Konsolosluk A\u00e7t\u0131 - The Epoch Times TR","description":"ABD, 21 May\u0131s 2026\u2019da Gr\u00f6nland\u2019\u0131n ba\u015fkenti Nuuk\u2019ta daha b\u00fcy\u00fck diplomatik merkez olarak hizmet verecek yeni konsolosluk a\u00e7t\u0131.","robots":{"index":"index","follow":"follow","max-snippet":"max-snippet:-1","max-image-preview":"max-image-preview:large","max-video-preview":"max-video-preview:-1"},"canonical":"https:\/\/epochtimestr.com\/index.php\/abd-gronlandin-baskenti-nuukta-yeni-konsolosluk-acti","og_locale":"tr_TR","og_type":"article","og_title":"ABD Gr\u00f6nland\u2019\u0131n Ba\u015fkenti Nuuk\u2019ta Yeni Konsolosluk A\u00e7t\u0131 - The Epoch Times TR","og_description":"ABD, 21 May\u0131s 2026\u2019da Gr\u00f6nland\u2019\u0131n ba\u015fkenti Nuuk\u2019ta daha b\u00fcy\u00fck diplomatik merkez olarak hizmet verecek yeni konsolosluk a\u00e7t\u0131.","og_url":"https:\/\/epochtimestr.com\/index.php\/abd-gronlandin-baskenti-nuukta-yeni-konsolosluk-acti","og_site_name":"The Epoch Times TR","article_publisher":"https:\/\/www.facebook.com\/theepochtimestr","article_published_time":"2026-05-23T09:11:26+00:00","article_modified_time":"2026-05-23T09:11:33+00:00","og_image":[{"width":1200,"height":800,"url":"https:\/\/epochtimestr.com\/wp-content\/uploads\/2011y\/1000039181.webp","type":"image\/webp"}],"author":"Leo Bajelan","twitter_card":"summary_large_image","twitter_creator":"@TheEpochTimesTR","twitter_site":"@TheEpochTimesTR","twitter_misc":{"Yazan:":"Leo Bajelan","Tahmini okuma s\u00fcresi":"2 dakika"},"schema":{"@context":"https:\/\/schema.org","@graph":[{"@type":"Article","@id":"https:\/\/epochtimestr.com\/index.php\/abd-gronlandin-baskenti-nuukta-yeni-konsolosluk-acti#article","isPartOf":{"@id":"https:\/\/epochtimestr.com\/index.php\/abd-gronlandin-baskenti-nuukta-yeni-konsolosluk-acti"},"author":{"name":"Leo Bajelan","@id":"https:\/\/epochtimestr.com\/#\/schema\/person\/5fef218711d76d8f232b0e1f1d7e4c0d"},"headline":"ABD Gr\u00f6nland\u2019\u0131n Ba\u015fkenti Nuuk\u2019ta Yeni Konsolosluk A\u00e7t\u0131","datePublished":"2026-05-23T09:11:26+00:00","dateModified":"2026-05-23T09:11:33+00:00","mainEntityOfPage":{"@id":"https:\/\/epochtimestr.com\/index.php\/abd-gronlandin-baskenti-nuukta-yeni-konsolosluk-acti"},"wordCount":416,"commentCount":0,"publisher":{"@id":"https:\/\/epochtimestr.com\/#organization"},"image":{"@id":"https:\/\/epochtimestr.com\/index.php\/abd-gronlandin-baskenti-nuukta-yeni-konsolosluk-acti#primaryimage"},"thumbnailUrl":"https:\/\/epochtimestr.com\/wp-content\/uploads\/2011y\/1000039181.webp","keywords":["ABD","Gr\u00f6nland","Jeff Landry","Jens-Frederik Nielsen","Kenneth Howery","konsolosluk","Pele Broberg","Trump"],"articleSection":["D\u00dcNYA","G\u00dcNDEM","MAN\u015eET"],"inLanguage":"tr","potentialAction":[{"@type":"CommentAction","name":"Comment","target":["https:\/\/epochtimestr.com\/index.php\/abd-gronlandin-baskenti-nuukta-yeni-konsolosluk-acti#respond"]}]},{"@type":"WebPage","@id":"https:\/\/epochtimestr.com\/index.php\/abd-gronlandin-baskenti-nuukta-yeni-konsolosluk-acti","url":"https:\/\/epochtimestr.com\/index.php\/abd-gronlandin-baskenti-nuukta-yeni-konsolosluk-acti","name":"ABD Gr\u00f6nland\u2019\u0131n Ba\u015fkenti Nuuk\u2019ta Yeni Konsolosluk A\u00e7t\u0131 - The Epoch Times TR","isPartOf":{"@id":"https:\/\/epochtimestr.com\/#website"},"primaryImageOfPage":{"@id":"https:\/\/epochtimestr.com\/index.php\/abd-gronlandin-baskenti-nuukta-yeni-konsolosluk-acti#primaryimage"},"image":{"@id":"https:\/\/epochtimestr.com\/index.php\/abd-gronlandin-baskenti-nuukta-yeni-konsolosluk-acti#primaryimage"},"thumbnailUrl":"https:\/\/epochtimestr.com\/wp-content\/uploads\/2011y\/1000039181.webp","datePublished":"2026-05-23T09:11:26+00:00","dateModified":"2026-05-23T09:11:33+00:00","description":"ABD, 21 May\u0131s 2026\u2019da Gr\u00f6nland\u2019\u0131n ba\u015fkenti Nuuk\u2019ta daha b\u00fcy\u00fck diplomatik merkez olarak hizmet verecek yeni konsolosluk a\u00e7t\u0131.","inLanguage":"tr","potentialAction":[{"@type":"ReadAction","target":["https:\/\/epochtimestr.com\/index.php\/abd-gronlandin-baskenti-nuukta-yeni-konsolosluk-acti"]}]},{"@type":"ImageObject","inLanguage":"tr","@id":"https:\/\/epochtimestr.com\/index.php\/abd-gronlandin-baskenti-nuukta-yeni-konsolosluk-acti#primaryimage","url":"https:\/\/epochtimestr.com\/wp-content\/uploads\/2011y\/1000039181.webp","contentUrl":"https:\/\/epochtimestr.com\/wp-content\/uploads\/2011y\/1000039181.webp","width":1200,"height":800},{"@type":"WebSite","@id":"https:\/\/epochtimestr.com\/#website","url":"https:\/\/epochtimestr.com\/","name":"The Epoch Times TR","description":"De\u011fi\u015fen D\u00fcnyam\u0131za Taze Bir Bak\u0131\u015f","publisher":{"@id":"https:\/\/epochtimestr.com\/#organization"},"potentialAction":[{"@type":"SearchAction","target":{"@type":"EntryPoint","urlTemplate":"https:\/\/epochtimestr.com\/?s={search_term_string}"},"query-input":"required name=search_term_string"}],"inLanguage":"tr"},{"@type":"Organization","@id":"https:\/\/epochtimestr.com\/#organization","name":"The EpochTimes T\u00fcrkiye","url":"https:\/\/epochtimestr.com\/","logo":{"@type":"ImageObject","inLanguage":"tr","@id":"https:\/\/epochtimestr.com\/#\/schema\/logo\/image\/","url":"https:\/\/epochtimestr.com\/wp-content\/uploads\/2011y\/ET-Logo-YG.jpg","contentUrl":"https:\/\/epochtimestr.com\/wp-content\/uploads\/2011y\/ET-Logo-YG.jpg","width":346,"height":29,"caption":"The EpochTimes T\u00fcrkiye"},"image":{"@id":"https:\/\/epochtimestr.com\/#\/schema\/logo\/image\/"},"sameAs":["https:\/\/www.facebook.com\/theepochtimestr","https:\/\/x.com\/TheEpochTimesTR","https:\/\/www.instagram.com\/epochtimestr"]},{"@type":"Person","@id":"https:\/\/epochtimestr.com\/#\/schema\/person\/5fef218711d76d8f232b0e1f1d7e4c0d","name":"Leo Bajelan","image":{"@type":"ImageObject","inLanguage":"tr","@id":"https:\/\/epochtimestr.com\/#\/schema\/person\/image\/","url":"https:\/\/secure.gravatar.com\/avatar\/917669146f489549e548a2e9af272df5?s=96&d=mm&r=g","contentUrl":"https:\/\/secure.gravatar.com\/avatar\/917669146f489549e548a2e9af272df5?s=96&d=mm&r=g","caption":"Leo Bajelan"},"url":"https:\/\/epochtimestr.com\/index.php\/author\/leo"}]}},"_links":{"self":[{"href":"https:\/\/epochtimestr.com\/index.php\/wp-json\/wp\/v2\/posts\/167454"}],"collection":[{"href":"https:\/\/epochtimestr.com\/index.php\/wp-json\/wp\/v2\/posts"}],"about":[{"href":"https:\/\/epochtimestr.com\/index.php\/wp-json\/wp\/v2\/types\/post"}],"author":[{"embeddable":true,"href":"https:\/\/epochtimestr.com\/index.php\/wp-json\/wp\/v2\/users\/13996"}],"replies":[{"embeddable":true,"href":"https:\/\/epochtimestr.com\/index.php\/wp-json\/wp\/v2\/comments?post=167454"}],"version-history":[{"count":2,"href":"https:\/\/epochtimestr.com\/index.php\/wp-json\/wp\/v2\/posts\/167454\/revisions"}],"predecessor-version":[{"id":167464,"href":"https:\/\/epochtimestr.com\/index.php\/wp-json\/wp\/v2\/posts\/167454\/revisions\/167464"}],"wp:featuredmedia":[{"embeddable":true,"href":"https:\/\/epochtimestr.com\/index.php\/wp-json\/wp\/v2\/media\/167455"}],"wp:attachment":[{"href":"https:\/\/epochtimestr.com\/index.php\/wp-json\/wp\/v2\/media?parent=167454"}],"wp:term":[{"taxonomy":"category","embeddable":true,"href":"https:\/\/epochtimestr.com\/index.php\/wp-json\/wp\/v2\/categories?post=167454"},{"taxonomy":"post_tag","embeddable":true,"href":"https:\/\/epochtimestr.com\/index.php\/wp-json\/wp\/v2\/tags?post=167454"}],"curies":[{"name":"wp","href":"https:\/\/api.w.org\/{rel}","templated":true}]}}