{"id":167458,"date":"2026-05-23T13:14:01","date_gmt":"2026-05-23T10:14:01","guid":{"rendered":"https:\/\/epochtimestr.com\/?p=167458"},"modified":"2026-05-23T13:14:12","modified_gmt":"2026-05-23T10:14:12","slug":"petrol-fiyatlari-yukseldikce-elektrikli-arac-talebi-artiyor","status":"publish","type":"post","link":"https:\/\/epochtimestr.com\/index.php\/petrol-fiyatlari-yukseldikce-elektrikli-arac-talebi-artiyor","title":{"rendered":"Petrol Fiyatlar\u0131 Y\u00fckseldik\u00e7e Elektrikli Ara\u00e7 Talebi Art\u0131yor"},"content":{"rendered":"<div class=\"wp-block-image\">\n<figure class=\"aligncenter size-large\"><img loading=\"lazy\" decoding=\"async\" width=\"1804\" height=\"1200\" src=\"https:\/\/epochtimestr.com\/wp-content\/uploads\/2011y\/1000039182-1804x1200.jpg\" alt=\"Elektrikli Ara\u00e7 sat\u0131\u015flar\u0131 Avrupa\u2019da h\u0131zland\u0131. Petrol fiyatlar\u0131ndaki art\u0131\u015f sonras\u0131 talep y\u00fckseldi, \u00fcreticiler b\u00fcy\u00fcme a\u00e7\u0131klad\u0131. G\u00fcnd\u00fcz saatlerinde bir \u015farj istasyonunda, \u015farj kablosuna ba\u011fl\u0131 elektrikli otomobil. (Foto\u011fraf: Wikimedia)\" class=\"wp-image-167459\" srcset=\"https:\/\/epochtimestr.com\/wp-content\/uploads\/2011y\/1000039182-1804x1200.jpg 1804w, https:\/\/epochtimestr.com\/wp-content\/uploads\/2011y\/1000039182-300x200.jpg 300w, https:\/\/epochtimestr.com\/wp-content\/uploads\/2011y\/1000039182-150x100.jpg 150w, https:\/\/epochtimestr.com\/wp-content\/uploads\/2011y\/1000039182-768x511.jpg 768w, https:\/\/epochtimestr.com\/wp-content\/uploads\/2011y\/1000039182-1536x1022.jpg 1536w, https:\/\/epochtimestr.com\/wp-content\/uploads\/2011y\/1000039182.jpg 1920w\" sizes=\"(max-width: 1804px) 100vw, 1804px\" \/><figcaption class=\"wp-element-caption\">Elektrikli Ara\u00e7 sat\u0131\u015flar\u0131 Avrupa\u2019da h\u0131zland\u0131. Petrol fiyatlar\u0131ndaki art\u0131\u015f sonras\u0131 talep y\u00fckseldi, \u00fcreticiler b\u00fcy\u00fcme a\u00e7\u0131klad\u0131. \u015earj istasyonunda, \u015farj kablosuna ba\u011fl\u0131 bir elektrikli otomobil. (Foto\u011fraf: Wikimedia)<\/figcaption><\/figure><\/div>\n\n\n<p>Avrupa\u2019da elektrikli ara\u00e7 sat\u0131\u015flar\u0131, petrol fiyatlar\u0131ndaki y\u00fckseli\u015fin etkisiyle h\u0131z kazand\u0131. Reuters\u2019a konu\u015fan sekt\u00f6r temsilcileri, \u00f6zellikle akaryak\u0131t maliyetlerine duyarl\u0131 \u00fclkelerde talebin belirgin \u015fekilde artt\u0131\u011f\u0131n\u0131 bildirdi.<\/p>\n\n\n\n<p>Ara\u015ft\u0131rma \u015firketi New Automotive ile sekt\u00f6r kurulu\u015fu <a href=\"https:\/\/www.theepochtimes.com\/business\/demand-for-electric-vehicles-surges-in-europe-as-oil-price-rises-6030314\" target=\"_blank\" rel=\"noreferrer noopener\">E-Mobility Europe<\/a> taraf\u0131ndan payla\u015f\u0131lan verilere g\u00f6re, Avrupa\u2019da Nisan 2026\u2019da 201 bin 986 elektrikli ara\u00e7 sat\u0131ld\u0131. Ge\u00e7en y\u0131l ayn\u0131 d\u00f6nemde bu rakam 150 bin 624 seviyesindeydi. B\u00f6ylece sat\u0131\u015flar y\u0131ll\u0131k bazda y\u00fczde 34 artt\u0131. Ayr\u0131ca y\u0131l\u0131n ilk d\u00f6rt ay\u0131nda toplam sat\u0131\u015f 2025\u2019in ayn\u0131 d\u00f6nemine g\u00f6re y\u00fczde 31 y\u00fckselerek 741 bin 480 adede ula\u015ft\u0131. <\/p>\n\n\n\n<p>\u0130ngiltere merkezli Octopus Electric Vehicles \u015firketinin CEO\u2019su Gurjeet Grewal, art\u0131\u015f\u0131n ge\u00e7ici olmad\u0131\u011f\u0131n\u0131 s\u00f6yledi. Grewal, \u015firketin yeni elektrikli ara\u00e7 talebinde y\u00fczde 95 b\u00fcy\u00fcme g\u00f6rd\u00fc\u011f\u00fcn\u00fc a\u00e7\u0131klad\u0131. Ayr\u0131ca ikinci el elektrikli ara\u00e7 taleplerinin de y\u00fczde 160 artt\u0131\u011f\u0131n\u0131 belirtti.<\/p>\n\n\n\n<p>Veriler, Avrupa Birli\u011fi ve EFTA \u00fclkelerindeki sat\u0131\u015flar\u0131n b\u00fcy\u00fck b\u00f6l\u00fcm\u00fcn\u00fc kapsayan 16 pazar\u0131 i\u00e7eriyor. Danimarka ve Hollanda gibi elektrikli ara\u00e7 kullan\u0131m\u0131n\u0131n yayg\u0131n oldu\u011fu \u00fclkelerde b\u00fcy\u00fcme s\u00fcr\u00fcyor. Ayn\u0131 zamanda \u0130talya gibi d\u00fc\u015f\u00fck penetrasyona sahip pazarlarda da art\u0131\u015f ger\u00e7ekle\u015fti.<\/p>\n\n\n\n<p>Volvo Cars Ticari Operasyonlar Direkt\u00f6r\u00fc Erik Severinson, sipari\u015flerde \u00f6zellikle petrol fiyatlar\u0131na hassas \u00fclkelerde y\u00fckseli\u015f ya\u015fand\u0131\u011f\u0131n\u0131 s\u00f6yledi. Severinson, k\u00fc\u00e7\u00fck SUV modeli EX30\u2019un yo\u011fun ilgi g\u00f6rd\u00fc\u011f\u00fcn\u00fc ifade etti. Bununla birlikte G\u00fcney Avrupa \u00fclkelerinde de elektrikli ara\u00e7lara y\u00f6nelik talebin artt\u0131\u011f\u0131n\u0131 belirtti.<\/p>\n\n\n\n<h3 class=\"wp-block-heading\">Petrol Fiyatlar\u0131 Talebi Etkiledi<\/h3>\n\n\n\n<p>Renault da \u0130ngiltere pazar\u0131ndaki elektrikli ara\u00e7 sat\u0131\u015flar\u0131n\u0131n h\u0131zland\u0131\u011f\u0131n\u0131 a\u00e7\u0131klad\u0131. \u015eirket, Nisan ay\u0131nda \u0130ngiltere\u2019deki kay\u0131tlar\u0131n\u0131n y\u00fczde 50\u2019sinin elektrikli modellerden olu\u015ftu\u011funu bildirdi. Ayr\u0131ca markan\u0131n internet sitesindeki elektrikli ara\u00e7 aramalar\u0131n\u0131n, \u0130ran krizi sonras\u0131 y\u00fczde 48 y\u00fckseldi\u011fi kaydedildi.<\/p>\n\n\n\n<p>\u00d6te yandan Avrupa\u2019daki otomobil \u00fcreticileri son y\u0131llarda elektrikli ara\u00e7 yat\u0131r\u0131mlar\u0131n\u0131 art\u0131rd\u0131. Avrupa Birli\u011fi  2035 hedeflerini revize ederek, yeni ara\u00e7 sat\u0131\u015flar\u0131n\u0131n y\u00fczde 90\u2019\u0131n\u0131n s\u0131f\u0131r emisyonlu olmas\u0131n\u0131 \u015fart ko\u015ftu.<\/p>\n\n\n\n<p>Volkswagen ve Stellantis gibi \u00fcreticiler b\u00fcy\u00fck yat\u0131r\u0131mlar yaparken, son d\u00f6nemde milyarlarca dolarl\u0131k de\u011fer kayb\u0131 a\u00e7\u0131klad\u0131. Bunlara ek olarak \u00c7inli \u00fcreticiler Avrupa pazar\u0131nda b\u00fcy\u00fcmeyi s\u00fcrd\u00fcrd\u00fc. BYD, May\u0131s 2025\u2019te Avrupa sat\u0131\u015flar\u0131nda Tesla\u2019y\u0131 geride b\u0131rakt\u0131.<\/p>\n\n\n\n<p><a href=\"https:\/\/epochtimestr.com\/index.php\/abdde-petrol-fiyatlari-100-dolarin-altina-geriledi\" target=\"_blank\" rel=\"noreferrer noopener\">Petrol fiyatlar\u0131<\/a> ise 28 \u015eubat sonras\u0131 y\u00fckseli\u015fe ge\u00e7ti. ABD ve \u0130srail\u2019in \u0130ran\u2019a y\u00f6nelik sald\u0131r\u0131lar\u0131 ile H\u00fcrm\u00fcz Bo\u011faz\u0131\u2019ndaki ticaret k\u0131s\u0131tlamalar\u0131, enerji piyasalar\u0131n\u0131 do\u011frudan etkiledi.<\/p>\n","protected":false},"excerpt":{"rendered":"<p>Avrupa\u2019da elektrikli ara\u00e7 sat\u0131\u015flar\u0131, petrol fiyatlar\u0131ndaki y\u00fckseli\u015fin etkisiyle h\u0131z kazand\u0131. Reuters\u2019a konu\u015fan sekt\u00f6r temsilcileri, \u00f6zellikle akaryak\u0131t maliyetlerine duyarl\u0131 \u00fclkelerde talebin belirgin \u015fekilde artt\u0131\u011f\u0131n\u0131 bildirdi. Ara\u015ft\u0131rma \u015firketi New Automotive ile sekt\u00f6r kurulu\u015fu E-Mobility Europe taraf\u0131ndan payla\u015f\u0131lan verilere g\u00f6re, Avrupa\u2019da Nisan 2026\u2019da 201 bin 986 elektrikli ara\u00e7 sat\u0131ld\u0131. Ge\u00e7en y\u0131l ayn\u0131 d\u00f6nemde bu rakam 150 bin 624 [&hellip;]<\/p>\n","protected":false},"author":13996,"featured_media":167459,"comment_status":"open","ping_status":"open","sticky":false,"template":"","format":"standard","meta":{"_yoast_wpseo_focuskw":"Petrol - Elektrikli Ara\u00e7","_yoast_wpseo_title":"","_yoast_wpseo_metadesc":"Petrol fiyatlar\u0131ndaki art\u0131\u015f sonras\u0131 elektrikli ara\u00e7 sat\u0131\u015flar\u0131 Avrupa\u2019da h\u0131zland\u0131. \u00dcreticiler b\u00fcy\u00fcme a\u00e7\u0131klad\u0131.","_bbp_topic_count":0,"_bbp_reply_count":0,"_bbp_total_topic_count":0,"_bbp_total_reply_count":0,"_bbp_voice_count":0,"_bbp_anonymous_reply_count":0,"_bbp_topic_count_hidden":0,"_bbp_reply_count_hidden":0,"_bbp_forum_subforum_count":0,"footnotes":"","_yoast_wpseo_focuskw_text_input":""},"categories":[5,1,8138],"tags":[1652,10503,9388,11450,8398,11449,11448,4682,11446,11447,8772,1453,11445],"yoast_head":"<!-- This site is optimized with the Yoast SEO plugin v23.0 - https:\/\/yoast.com\/wordpress\/plugins\/seo\/ -->\n<title>Petrol Fiyatlar\u0131 Y\u00fckseldik\u00e7e Elektrikli Ara\u00e7 Talebi Art\u0131yor - The Epoch Times TR<\/title>\n<meta name=\"description\" content=\"Petrol fiyatlar\u0131ndaki art\u0131\u015f sonras\u0131 elektrikli ara\u00e7 sat\u0131\u015flar\u0131 Avrupa\u2019da h\u0131zland\u0131. \u00dcreticiler b\u00fcy\u00fcme a\u00e7\u0131klad\u0131.\" \/>\n<meta name=\"robots\" content=\"index, follow, max-snippet:-1, max-image-preview:large, max-video-preview:-1\" \/>\n<link rel=\"canonical\" href=\"https:\/\/epochtimestr.com\/index.php\/petrol-fiyatlari-yukseldikce-elektrikli-arac-talebi-artiyor\" \/>\n<meta property=\"og:locale\" content=\"tr_TR\" \/>\n<meta property=\"og:type\" content=\"article\" \/>\n<meta property=\"og:title\" content=\"Petrol Fiyatlar\u0131 Y\u00fckseldik\u00e7e Elektrikli Ara\u00e7 Talebi Art\u0131yor - The Epoch Times TR\" \/>\n<meta property=\"og:description\" content=\"Petrol fiyatlar\u0131ndaki art\u0131\u015f sonras\u0131 elektrikli ara\u00e7 sat\u0131\u015flar\u0131 Avrupa\u2019da h\u0131zland\u0131. \u00dcreticiler b\u00fcy\u00fcme a\u00e7\u0131klad\u0131.\" \/>\n<meta property=\"og:url\" content=\"https:\/\/epochtimestr.com\/index.php\/petrol-fiyatlari-yukseldikce-elektrikli-arac-talebi-artiyor\" \/>\n<meta property=\"og:site_name\" content=\"The Epoch Times TR\" \/>\n<meta property=\"article:publisher\" content=\"https:\/\/www.facebook.com\/theepochtimestr\" \/>\n<meta property=\"article:published_time\" content=\"2026-05-23T10:14:01+00:00\" \/>\n<meta property=\"article:modified_time\" content=\"2026-05-23T10:14:12+00:00\" \/>\n<meta property=\"og:image\" content=\"https:\/\/epochtimestr.com\/wp-content\/uploads\/2011y\/1000039182.jpg\" \/>\n\t<meta property=\"og:image:width\" content=\"1920\" \/>\n\t<meta property=\"og:image:height\" content=\"1277\" \/>\n\t<meta property=\"og:image:type\" content=\"image\/jpeg\" \/>\n<meta name=\"author\" content=\"Leo Bajelan\" \/>\n<meta name=\"twitter:card\" content=\"summary_large_image\" \/>\n<meta name=\"twitter:creator\" content=\"@TheEpochTimesTR\" \/>\n<meta name=\"twitter:site\" content=\"@TheEpochTimesTR\" \/>\n<meta name=\"twitter:label1\" content=\"Yazan:\" \/>\n\t<meta name=\"twitter:data1\" content=\"Leo Bajelan\" \/>\n\t<meta name=\"twitter:label2\" content=\"Tahmini okuma s\u00fcresi\" \/>\n\t<meta name=\"twitter:data2\" content=\"3 dakika\" \/>\n<script type=\"application\/ld+json\" class=\"yoast-schema-graph\">{\"@context\":\"https:\/\/schema.org\",\"@graph\":[{\"@type\":\"Article\",\"@id\":\"https:\/\/epochtimestr.com\/index.php\/petrol-fiyatlari-yukseldikce-elektrikli-arac-talebi-artiyor#article\",\"isPartOf\":{\"@id\":\"https:\/\/epochtimestr.com\/index.php\/petrol-fiyatlari-yukseldikce-elektrikli-arac-talebi-artiyor\"},\"author\":{\"name\":\"Leo Bajelan\",\"@id\":\"https:\/\/epochtimestr.com\/#\/schema\/person\/5fef218711d76d8f232b0e1f1d7e4c0d\"},\"headline\":\"Petrol Fiyatlar\u0131 Y\u00fckseldik\u00e7e Elektrikli Ara\u00e7 Talebi Art\u0131yor\",\"datePublished\":\"2026-05-23T10:14:01+00:00\",\"dateModified\":\"2026-05-23T10:14:12+00:00\",\"mainEntityOfPage\":{\"@id\":\"https:\/\/epochtimestr.com\/index.php\/petrol-fiyatlari-yukseldikce-elektrikli-arac-talebi-artiyor\"},\"wordCount\":502,\"commentCount\":0,\"publisher\":{\"@id\":\"https:\/\/epochtimestr.com\/#organization\"},\"image\":{\"@id\":\"https:\/\/epochtimestr.com\/index.php\/petrol-fiyatlari-yukseldikce-elektrikli-arac-talebi-artiyor#primaryimage\"},\"thumbnailUrl\":\"https:\/\/epochtimestr.com\/wp-content\/uploads\/2011y\/1000039182.jpg\",\"keywords\":[\"AB\",\"ABD \u0130ran sava\u015f\u0131\",\"BYD\",\"E-Mobility Europe\",\"Elektrikli Ara\u00e7\",\"New Automotive\",\"Octopus Electric Vehicles\",\"petrol fiyatlar\u0131\",\"Renault\",\"Stellantis\",\"Tesla\",\"Volkswagen\",\"Volvo\"],\"articleSection\":[\"D\u00dcNYA\",\"G\u00dcNDEM\",\"MAN\u015eET\"],\"inLanguage\":\"tr\",\"potentialAction\":[{\"@type\":\"CommentAction\",\"name\":\"Comment\",\"target\":[\"https:\/\/epochtimestr.com\/index.php\/petrol-fiyatlari-yukseldikce-elektrikli-arac-talebi-artiyor#respond\"]}]},{\"@type\":\"WebPage\",\"@id\":\"https:\/\/epochtimestr.com\/index.php\/petrol-fiyatlari-yukseldikce-elektrikli-arac-talebi-artiyor\",\"url\":\"https:\/\/epochtimestr.com\/index.php\/petrol-fiyatlari-yukseldikce-elektrikli-arac-talebi-artiyor\",\"name\":\"Petrol Fiyatlar\u0131 Y\u00fckseldik\u00e7e Elektrikli Ara\u00e7 Talebi Art\u0131yor - The Epoch Times TR\",\"isPartOf\":{\"@id\":\"https:\/\/epochtimestr.com\/#website\"},\"primaryImageOfPage\":{\"@id\":\"https:\/\/epochtimestr.com\/index.php\/petrol-fiyatlari-yukseldikce-elektrikli-arac-talebi-artiyor#primaryimage\"},\"image\":{\"@id\":\"https:\/\/epochtimestr.com\/index.php\/petrol-fiyatlari-yukseldikce-elektrikli-arac-talebi-artiyor#primaryimage\"},\"thumbnailUrl\":\"https:\/\/epochtimestr.com\/wp-content\/uploads\/2011y\/1000039182.jpg\",\"datePublished\":\"2026-05-23T10:14:01+00:00\",\"dateModified\":\"2026-05-23T10:14:12+00:00\",\"description\":\"Petrol fiyatlar\u0131ndaki art\u0131\u015f sonras\u0131 elektrikli ara\u00e7 sat\u0131\u015flar\u0131 Avrupa\u2019da h\u0131zland\u0131. \u00dcreticiler b\u00fcy\u00fcme a\u00e7\u0131klad\u0131.\",\"inLanguage\":\"tr\",\"potentialAction\":[{\"@type\":\"ReadAction\",\"target\":[\"https:\/\/epochtimestr.com\/index.php\/petrol-fiyatlari-yukseldikce-elektrikli-arac-talebi-artiyor\"]}]},{\"@type\":\"ImageObject\",\"inLanguage\":\"tr\",\"@id\":\"https:\/\/epochtimestr.com\/index.php\/petrol-fiyatlari-yukseldikce-elektrikli-arac-talebi-artiyor#primaryimage\",\"url\":\"https:\/\/epochtimestr.com\/wp-content\/uploads\/2011y\/1000039182.jpg\",\"contentUrl\":\"https:\/\/epochtimestr.com\/wp-content\/uploads\/2011y\/1000039182.jpg\",\"width\":1920,\"height\":1277,\"caption\":\"A blue electric car is at a charging station with the charging cable plugged into its port. The setting is urban and the time is daytime.\"},{\"@type\":\"WebSite\",\"@id\":\"https:\/\/epochtimestr.com\/#website\",\"url\":\"https:\/\/epochtimestr.com\/\",\"name\":\"The Epoch Times TR\",\"description\":\"De\u011fi\u015fen D\u00fcnyam\u0131za Taze Bir Bak\u0131\u015f\",\"publisher\":{\"@id\":\"https:\/\/epochtimestr.com\/#organization\"},\"potentialAction\":[{\"@type\":\"SearchAction\",\"target\":{\"@type\":\"EntryPoint\",\"urlTemplate\":\"https:\/\/epochtimestr.com\/?s={search_term_string}\"},\"query-input\":\"required name=search_term_string\"}],\"inLanguage\":\"tr\"},{\"@type\":\"Organization\",\"@id\":\"https:\/\/epochtimestr.com\/#organization\",\"name\":\"The EpochTimes T\u00fcrkiye\",\"url\":\"https:\/\/epochtimestr.com\/\",\"logo\":{\"@type\":\"ImageObject\",\"inLanguage\":\"tr\",\"@id\":\"https:\/\/epochtimestr.com\/#\/schema\/logo\/image\/\",\"url\":\"https:\/\/epochtimestr.com\/wp-content\/uploads\/2011y\/ET-Logo-YG.jpg\",\"contentUrl\":\"https:\/\/epochtimestr.com\/wp-content\/uploads\/2011y\/ET-Logo-YG.jpg\",\"width\":346,\"height\":29,\"caption\":\"The EpochTimes T\u00fcrkiye\"},\"image\":{\"@id\":\"https:\/\/epochtimestr.com\/#\/schema\/logo\/image\/\"},\"sameAs\":[\"https:\/\/www.facebook.com\/theepochtimestr\",\"https:\/\/x.com\/TheEpochTimesTR\",\"https:\/\/www.instagram.com\/epochtimestr\"]},{\"@type\":\"Person\",\"@id\":\"https:\/\/epochtimestr.com\/#\/schema\/person\/5fef218711d76d8f232b0e1f1d7e4c0d\",\"name\":\"Leo Bajelan\",\"image\":{\"@type\":\"ImageObject\",\"inLanguage\":\"tr\",\"@id\":\"https:\/\/epochtimestr.com\/#\/schema\/person\/image\/\",\"url\":\"https:\/\/secure.gravatar.com\/avatar\/917669146f489549e548a2e9af272df5?s=96&d=mm&r=g\",\"contentUrl\":\"https:\/\/secure.gravatar.com\/avatar\/917669146f489549e548a2e9af272df5?s=96&d=mm&r=g\",\"caption\":\"Leo Bajelan\"},\"url\":\"https:\/\/epochtimestr.com\/index.php\/author\/leo\"}]}<\/script>\n<!-- \/ Yoast SEO plugin. -->","yoast_head_json":{"title":"Petrol Fiyatlar\u0131 Y\u00fckseldik\u00e7e Elektrikli Ara\u00e7 Talebi Art\u0131yor - The Epoch Times TR","description":"Petrol fiyatlar\u0131ndaki art\u0131\u015f sonras\u0131 elektrikli ara\u00e7 sat\u0131\u015flar\u0131 Avrupa\u2019da h\u0131zland\u0131. \u00dcreticiler b\u00fcy\u00fcme a\u00e7\u0131klad\u0131.","robots":{"index":"index","follow":"follow","max-snippet":"max-snippet:-1","max-image-preview":"max-image-preview:large","max-video-preview":"max-video-preview:-1"},"canonical":"https:\/\/epochtimestr.com\/index.php\/petrol-fiyatlari-yukseldikce-elektrikli-arac-talebi-artiyor","og_locale":"tr_TR","og_type":"article","og_title":"Petrol Fiyatlar\u0131 Y\u00fckseldik\u00e7e Elektrikli Ara\u00e7 Talebi Art\u0131yor - The Epoch Times TR","og_description":"Petrol fiyatlar\u0131ndaki art\u0131\u015f sonras\u0131 elektrikli ara\u00e7 sat\u0131\u015flar\u0131 Avrupa\u2019da h\u0131zland\u0131. \u00dcreticiler b\u00fcy\u00fcme a\u00e7\u0131klad\u0131.","og_url":"https:\/\/epochtimestr.com\/index.php\/petrol-fiyatlari-yukseldikce-elektrikli-arac-talebi-artiyor","og_site_name":"The Epoch Times TR","article_publisher":"https:\/\/www.facebook.com\/theepochtimestr","article_published_time":"2026-05-23T10:14:01+00:00","article_modified_time":"2026-05-23T10:14:12+00:00","og_image":[{"width":1920,"height":1277,"url":"https:\/\/epochtimestr.com\/wp-content\/uploads\/2011y\/1000039182.jpg","type":"image\/jpeg"}],"author":"Leo Bajelan","twitter_card":"summary_large_image","twitter_creator":"@TheEpochTimesTR","twitter_site":"@TheEpochTimesTR","twitter_misc":{"Yazan:":"Leo Bajelan","Tahmini okuma s\u00fcresi":"3 dakika"},"schema":{"@context":"https:\/\/schema.org","@graph":[{"@type":"Article","@id":"https:\/\/epochtimestr.com\/index.php\/petrol-fiyatlari-yukseldikce-elektrikli-arac-talebi-artiyor#article","isPartOf":{"@id":"https:\/\/epochtimestr.com\/index.php\/petrol-fiyatlari-yukseldikce-elektrikli-arac-talebi-artiyor"},"author":{"name":"Leo Bajelan","@id":"https:\/\/epochtimestr.com\/#\/schema\/person\/5fef218711d76d8f232b0e1f1d7e4c0d"},"headline":"Petrol Fiyatlar\u0131 Y\u00fckseldik\u00e7e Elektrikli Ara\u00e7 Talebi Art\u0131yor","datePublished":"2026-05-23T10:14:01+00:00","dateModified":"2026-05-23T10:14:12+00:00","mainEntityOfPage":{"@id":"https:\/\/epochtimestr.com\/index.php\/petrol-fiyatlari-yukseldikce-elektrikli-arac-talebi-artiyor"},"wordCount":502,"commentCount":0,"publisher":{"@id":"https:\/\/epochtimestr.com\/#organization"},"image":{"@id":"https:\/\/epochtimestr.com\/index.php\/petrol-fiyatlari-yukseldikce-elektrikli-arac-talebi-artiyor#primaryimage"},"thumbnailUrl":"https:\/\/epochtimestr.com\/wp-content\/uploads\/2011y\/1000039182.jpg","keywords":["AB","ABD \u0130ran sava\u015f\u0131","BYD","E-Mobility Europe","Elektrikli Ara\u00e7","New Automotive","Octopus Electric Vehicles","petrol fiyatlar\u0131","Renault","Stellantis","Tesla","Volkswagen","Volvo"],"articleSection":["D\u00dcNYA","G\u00dcNDEM","MAN\u015eET"],"inLanguage":"tr","potentialAction":[{"@type":"CommentAction","name":"Comment","target":["https:\/\/epochtimestr.com\/index.php\/petrol-fiyatlari-yukseldikce-elektrikli-arac-talebi-artiyor#respond"]}]},{"@type":"WebPage","@id":"https:\/\/epochtimestr.com\/index.php\/petrol-fiyatlari-yukseldikce-elektrikli-arac-talebi-artiyor","url":"https:\/\/epochtimestr.com\/index.php\/petrol-fiyatlari-yukseldikce-elektrikli-arac-talebi-artiyor","name":"Petrol Fiyatlar\u0131 Y\u00fckseldik\u00e7e Elektrikli Ara\u00e7 Talebi Art\u0131yor - The Epoch Times TR","isPartOf":{"@id":"https:\/\/epochtimestr.com\/#website"},"primaryImageOfPage":{"@id":"https:\/\/epochtimestr.com\/index.php\/petrol-fiyatlari-yukseldikce-elektrikli-arac-talebi-artiyor#primaryimage"},"image":{"@id":"https:\/\/epochtimestr.com\/index.php\/petrol-fiyatlari-yukseldikce-elektrikli-arac-talebi-artiyor#primaryimage"},"thumbnailUrl":"https:\/\/epochtimestr.com\/wp-content\/uploads\/2011y\/1000039182.jpg","datePublished":"2026-05-23T10:14:01+00:00","dateModified":"2026-05-23T10:14:12+00:00","description":"Petrol fiyatlar\u0131ndaki art\u0131\u015f sonras\u0131 elektrikli ara\u00e7 sat\u0131\u015flar\u0131 Avrupa\u2019da h\u0131zland\u0131. \u00dcreticiler b\u00fcy\u00fcme a\u00e7\u0131klad\u0131.","inLanguage":"tr","potentialAction":[{"@type":"ReadAction","target":["https:\/\/epochtimestr.com\/index.php\/petrol-fiyatlari-yukseldikce-elektrikli-arac-talebi-artiyor"]}]},{"@type":"ImageObject","inLanguage":"tr","@id":"https:\/\/epochtimestr.com\/index.php\/petrol-fiyatlari-yukseldikce-elektrikli-arac-talebi-artiyor#primaryimage","url":"https:\/\/epochtimestr.com\/wp-content\/uploads\/2011y\/1000039182.jpg","contentUrl":"https:\/\/epochtimestr.com\/wp-content\/uploads\/2011y\/1000039182.jpg","width":1920,"height":1277,"caption":"A blue electric car is at a charging station with the charging cable plugged into its port. The setting is urban and the time is daytime."},{"@type":"WebSite","@id":"https:\/\/epochtimestr.com\/#website","url":"https:\/\/epochtimestr.com\/","name":"The Epoch Times TR","description":"De\u011fi\u015fen D\u00fcnyam\u0131za Taze Bir Bak\u0131\u015f","publisher":{"@id":"https:\/\/epochtimestr.com\/#organization"},"potentialAction":[{"@type":"SearchAction","target":{"@type":"EntryPoint","urlTemplate":"https:\/\/epochtimestr.com\/?s={search_term_string}"},"query-input":"required name=search_term_string"}],"inLanguage":"tr"},{"@type":"Organization","@id":"https:\/\/epochtimestr.com\/#organization","name":"The EpochTimes T\u00fcrkiye","url":"https:\/\/epochtimestr.com\/","logo":{"@type":"ImageObject","inLanguage":"tr","@id":"https:\/\/epochtimestr.com\/#\/schema\/logo\/image\/","url":"https:\/\/epochtimestr.com\/wp-content\/uploads\/2011y\/ET-Logo-YG.jpg","contentUrl":"https:\/\/epochtimestr.com\/wp-content\/uploads\/2011y\/ET-Logo-YG.jpg","width":346,"height":29,"caption":"The EpochTimes T\u00fcrkiye"},"image":{"@id":"https:\/\/epochtimestr.com\/#\/schema\/logo\/image\/"},"sameAs":["https:\/\/www.facebook.com\/theepochtimestr","https:\/\/x.com\/TheEpochTimesTR","https:\/\/www.instagram.com\/epochtimestr"]},{"@type":"Person","@id":"https:\/\/epochtimestr.com\/#\/schema\/person\/5fef218711d76d8f232b0e1f1d7e4c0d","name":"Leo Bajelan","image":{"@type":"ImageObject","inLanguage":"tr","@id":"https:\/\/epochtimestr.com\/#\/schema\/person\/image\/","url":"https:\/\/secure.gravatar.com\/avatar\/917669146f489549e548a2e9af272df5?s=96&d=mm&r=g","contentUrl":"https:\/\/secure.gravatar.com\/avatar\/917669146f489549e548a2e9af272df5?s=96&d=mm&r=g","caption":"Leo Bajelan"},"url":"https:\/\/epochtimestr.com\/index.php\/author\/leo"}]}},"_links":{"self":[{"href":"https:\/\/epochtimestr.com\/index.php\/wp-json\/wp\/v2\/posts\/167458"}],"collection":[{"href":"https:\/\/epochtimestr.com\/index.php\/wp-json\/wp\/v2\/posts"}],"about":[{"href":"https:\/\/epochtimestr.com\/index.php\/wp-json\/wp\/v2\/types\/post"}],"author":[{"embeddable":true,"href":"https:\/\/epochtimestr.com\/index.php\/wp-json\/wp\/v2\/users\/13996"}],"replies":[{"embeddable":true,"href":"https:\/\/epochtimestr.com\/index.php\/wp-json\/wp\/v2\/comments?post=167458"}],"version-history":[{"count":2,"href":"https:\/\/epochtimestr.com\/index.php\/wp-json\/wp\/v2\/posts\/167458\/revisions"}],"predecessor-version":[{"id":167469,"href":"https:\/\/epochtimestr.com\/index.php\/wp-json\/wp\/v2\/posts\/167458\/revisions\/167469"}],"wp:featuredmedia":[{"embeddable":true,"href":"https:\/\/epochtimestr.com\/index.php\/wp-json\/wp\/v2\/media\/167459"}],"wp:attachment":[{"href":"https:\/\/epochtimestr.com\/index.php\/wp-json\/wp\/v2\/media?parent=167458"}],"wp:term":[{"taxonomy":"category","embeddable":true,"href":"https:\/\/epochtimestr.com\/index.php\/wp-json\/wp\/v2\/categories?post=167458"},{"taxonomy":"post_tag","embeddable":true,"href":"https:\/\/epochtimestr.com\/index.php\/wp-json\/wp\/v2\/tags?post=167458"}],"curies":[{"name":"wp","href":"https:\/\/api.w.org\/{rel}","templated":true}]}}